{"id":9307,"date":"2025-09-08T12:50:40","date_gmt":"2025-09-08T10:50:40","guid":{"rendered":"https:\/\/nordnesrepublikken.no\/index.php\/2025\/09\/08\/hva-sier-den-forelopige-rapporten\/"},"modified":"2025-09-08T12:50:41","modified_gmt":"2025-09-08T10:50:41","slug":"hva-sier-den-forelopige-rapporten","status":"publish","type":"post","link":"https:\/\/nordnesrepublikken.no\/index.php\/2025\/09\/08\/hva-sier-den-forelopige-rapporten\/","title":{"rendered":"Hva sier den forel\u00f8pige rapporten"},"content":{"rendered":"<div>\n<div class=\"cp_wrapper cp_wrapper--fw mb-30 mb-20@tablet\">\n<figure class=\"mm\"><picture class=\"img\" style=\"padding-top:56.25%\"><source  media=\"(min-width: 1024px)\"><source  media=\"(min-width: 768px)\"><\/source><\/source><\/picture><\/figure>\n<\/p><\/div>\n<p>Ulykken til <strong>Funicular<\/strong> Av <strong>Gloria i Lisboa<\/strong> Det var for\u00e5rsaket av sammenbruddet av en st\u00e5lkabel: den forel\u00f8pige rapporten publisert av <strong>Gpiaaf<\/strong>Nasjonalkontoret for forebygging og unders\u00f8kelser om luft- og jernbaneulykker. Etter dette bruddet ville sikkerhetssystemet automatisk avbrutt den elektriske str\u00f8mmen og betjent bremsene, men prosedyren var ikke nok til \u00e5 unng\u00e5 avsporing av<strong>Elevador da Gl\u00f3ria<\/strong>som fant sted etter omtrent <strong>50 sekunder fra avgangen<\/strong> og en hastighet p\u00e5 <strong>60 km\/t<\/strong>.<\/p>\n<p>Hypotesen om \u00e5 bryte en kabel hadde allerede dukket opp umiddelbart etter ulykken, noe som for\u00e5rsaket d\u00f8den av <strong>16 personer <\/strong>(hvorav 11 utenlandske turister) og over 20 skadde. Rapporten <strong>Avklarer ikke alt<\/strong> \u00c5rsakene til denne pausen, med tanke p\u00e5 at vedlikeholdet hadde blitt utf\u00f8rt regelmessig: Imidlertid er det spesifisert hvordan i deres n\u00e5v\u00e6rende konfigurasjon <strong>bremsesystem<\/strong> n\u00f8dsituasjon hadde ingen <strong>tilstrekkelig evne<\/strong> \u00c5 stoppe i bevegelseshyttene uten at massene deres er balansert gjensidig av tilkoblingskabelen. Av denne grunn er aktiveringen av den pneumatiske bremsen og h\u00e5ndbremsen <strong>det hadde ikke v\u00e6rt nok<\/strong> For \u00e5 blokkere nedoverbakke.<\/p>\n<h2>Dynamikken i ulykken rekonstruert i den forel\u00f8pige rapporten<\/h2>\n<p>I henhold til gjenoppbyggingen av hendelsene som er gitt i den forel\u00f8pige rapporten, har de to hyttene i Funicular startet sin tur til <strong>Omtrent 18:03<\/strong>etter de normale koordineringsprosedyrene mellom de respektive bremsene. Etter \u00e5 ha reist rett under <strong>Seks meter<\/strong>De to hyttene mistet plutselig balansestyrken som ble gitt av kabelen som koblet dem sammen.<\/p>\n<p>P\u00e5 det tidspunktet vendte Cabin nummer 2 plutselig marsjen, og stoppet omtrent 10 meter foran &laquo;p\u00e5 grunn av sin delvise utflukt utenfor slutten av sporet&raquo;. Hytte nummer 1 forble imidlertid p\u00e5 toppen av <strong>Cal\u00e7ada da Gl\u00f3ria<\/strong>fortsatte sin nedstigning, <strong>\u00f8ker hastigheten<\/strong>. Bremsingen av hytta \u00e5pnet umiddelbart den pneumatiske bremsen og h\u00e5ndbremsen for \u00e5 pr\u00f8ve \u00e5 arrestere bevegelsen, men denne n\u00f8dprosedyren var ikke et positivt resultat, med hytta den har <strong>fortsatte \u00e5 akselerere<\/strong> langs skr\u00e5ningen.<\/p>\n<p>Cirka 170 meter etter starten av reisen og mindre enn 50 sekunder fra starten av, blir kj\u00f8ret\u00f8yet avsporet p\u00e5 grunn av hastigheten, og velter til venstre i retning av reise E <strong>dunke<\/strong> sideveis mot veggen i en bygning, og krasjer deretter frontalt mot en lysstang med en estimert hastighet p\u00e5 <strong>60 km\/t.<\/strong><\/p>\n<div class=\"cp_wrapper cp_wrapper--fw mb-50\">\n<figure class=\"mm\"><picture class=\"img\" style=\"padding-top:79.300699300699%\"><source  media=\"(min-width: 1024px)\"><source  media=\"(min-width: 768px)\"><img decoding=\"async\" loading=\"lazy\" src=\"https:\/\/nordnesrepublikken.no\/wp-content\/uploads\/2025\/09\/Hva-sier-den-forelopige-rapporten.jpg\" alt=\"Rapport-incident-Funicular-Lisbona\" width=\"715\" height=\"567\"><\/source><\/source><\/picture><\/figure>\n<\/p><\/div>\n<h2>Fordi kabelen som forente de to vagonene i Funicular ble \u00f8delagt<\/h2>\n<p>Mens den bekreftet nedbrytningen av kabelen som \u00e5rsak til avsporingen, har den forel\u00f8pige rapporten enn\u00e5 ikke avklart \u00e5rsakene til denne pausen. Der <strong>periodisk vedlikehold<\/strong>Faktisk hadde blitt holdt regelmessig: samme morgen av ulykken hadde det blitt utf\u00f8rt en programmert visuell inspeksjon, som ikke hadde oppdaget anomalier i kablene eller bremsesystemene til kj\u00f8ret\u00f8yene.<\/p>\n<p>Der <strong>Estimert varigheten av kabelen,<\/strong> Dessuten er det av <strong>600 dager<\/strong>: Den siste erstatningen hadde blitt gjort <strong>337 dager f\u00f8r<\/strong> Av ulykken og f\u00f8lgelig manglet ytterligere 263 dager til neste. Som ogs\u00e5 bekreftet av de forel\u00f8pige unders\u00f8kelsene, denne typen kabel (sammensatt av <strong>36 st\u00e5lledninger<\/strong> med en fiberkjerne, med en total diameter p\u00e5 32 mm og en omtrentlig bruddbelastning p\u00e5 omtrent 68 tonn) hadde blitt brukt til \u00e5 fungere i funksjonen under <strong>siste seks \u00e5r<\/strong>.<\/p>\n<p>De f\u00f8rste unders\u00f8kelsene bekreftet ogs\u00e5 aktiveringen av den pneumatiske bremsen og manualen til nummer 1 -hytta: Likevel ble det bemerket at i den n\u00e5v\u00e6rende konfigurasjonen, \u00abi<strong> bremser har ikke nok kapasitet<\/strong> \u00c5 stoppe hyttene i bevegelse <strong>uten<\/strong> at massene deres er gjensidig balansert av <strong>Tilkoblingskabel<\/strong>\u00bb. Av denne grunn kan det hende at n\u00f8dbremsesystemet ikke har fungert tilstrekkelig.<\/p>\n<div class=\"cp_wrapper cp_wrapper--fw mb-50\">\n<figure class=\"mm\"><picture class=\"img\" style=\"padding-top:39.325842696629%\"><source  media=\"(min-width: 1024px)\"><source  media=\"(min-width: 768px)\"><img decoding=\"async\" loading=\"lazy\" src=\"https:\/\/nordnesrepublikken.no\/wp-content\/uploads\/2025\/09\/1757328640_882_Hva-sier-den-forelopige-rapporten.jpg\" alt=\"Rapport-funicular-cavo\" width=\"623\" height=\"245\" class=\"js-seedtag-img\"><\/source><\/source><\/picture><\/figure>\n<\/p><\/div>\n<p>For bedre \u00e5 forst\u00e5 \u00e5rsakene bak pausen, vil det derfor v\u00e6re n\u00f8dvendig \u00e5 vente p\u00e5 den andre forel\u00f8pige rapporten, som vil bli publisert i l\u00f8pet av de neste 45 dagene, mens myndighetene i l\u00f8pet av et \u00e5r fra ulykken m\u00e5 utstede den endelige sluttrapporten. I mellomtiden har en intern etterforskning ogs\u00e5 blitt \u00e5pnet for offentlig transportselskap <strong>Carris<\/strong>som administrerer transport i Portugal.<\/p>\n<\/p><\/div>\n","protected":false},"excerpt":{"rendered":"<p>Ulykken til Funicular Av Gloria i Lisboa Det var for\u00e5rsaket av sammenbruddet av en st\u00e5lkabel:<\/p>\n","protected":false},"author":1,"featured_media":9308,"comment_status":"closed","ping_status":"open","sticky":false,"template":"","format":"standard","meta":{"footnotes":""},"categories":[104],"tags":[74,6107,144,2787,752],"class_list":["post-9307","post","type-post","status-publish","format-standard","has-post-thumbnail","hentry","category-samfunn","tag-den","tag-forelopige","tag-hva","tag-rapporten","tag-sier","generate-columns","tablet-grid-50","mobile-grid-100","grid-parent","grid-33","resize-featured-image"],"yoast_head":"<!-- This site is optimized with the Yoast SEO plugin v24.4 - https:\/\/yoast.com\/wordpress\/plugins\/seo\/ -->\n<title>Hva sier den forel\u00f8pige rapporten - Nordnesrepublikken<\/title>\n<meta name=\"robots\" content=\"index, follow, max-snippet:-1, max-image-preview:large, max-video-preview:-1\" \/>\n<link rel=\"canonical\" href=\"https:\/\/nordnesrepublikken.no\/index.php\/2025\/09\/08\/hva-sier-den-forelopige-rapporten\/\" \/>\n<meta property=\"og:locale\" content=\"nb_NO\" \/>\n<meta property=\"og:type\" content=\"article\" \/>\n<meta property=\"og:title\" content=\"Hva sier den forel\u00f8pige rapporten - Nordnesrepublikken\" \/>\n<meta property=\"og:description\" content=\"Ulykken til Funicular Av Gloria i Lisboa Det var for\u00e5rsaket av sammenbruddet av en st\u00e5lkabel:\" \/>\n<meta property=\"og:url\" content=\"https:\/\/nordnesrepublikken.no\/index.php\/2025\/09\/08\/hva-sier-den-forelopige-rapporten\/\" \/>\n<meta property=\"og:site_name\" content=\"Nordnesrepublikken\" \/>\n<meta property=\"article:published_time\" content=\"2025-09-08T10:50:40+00:00\" \/>\n<meta property=\"article:modified_time\" content=\"2025-09-08T10:50:41+00:00\" \/>\n<meta property=\"og:image\" content=\"https:\/\/nordnesrepublikken.no\/wp-content\/uploads\/2025\/09\/1757328640_Hva-sier-den-forelopige-rapporten.jpeg\" \/>\n\t<meta property=\"og:image:width\" content=\"1083\" \/>\n\t<meta property=\"og:image:height\" content=\"867\" \/>\n\t<meta property=\"og:image:type\" content=\"image\/jpeg\" \/>\n<meta name=\"author\" content=\"Ole Andersen\" \/>\n<meta name=\"twitter:card\" content=\"summary_large_image\" \/>\n<meta name=\"twitter:label1\" content=\"Skrevet av\" \/>\n\t<meta name=\"twitter:data1\" content=\"Ole Andersen\" \/>\n\t<meta name=\"twitter:label2\" content=\"Ansl. lesetid\" \/>\n\t<meta name=\"twitter:data2\" content=\"3 minutter\" \/>\n<script type=\"application\/ld+json\" class=\"yoast-schema-graph\">{\"@context\":\"https:\/\/schema.org\",\"@graph\":[{\"@type\":\"Article\",\"@id\":\"https:\/\/nordnesrepublikken.no\/index.php\/2025\/09\/08\/hva-sier-den-forelopige-rapporten\/#article\",\"isPartOf\":{\"@id\":\"https:\/\/nordnesrepublikken.no\/index.php\/2025\/09\/08\/hva-sier-den-forelopige-rapporten\/\"},\"author\":{\"name\":\"Ole Andersen\",\"@id\":\"https:\/\/nordnesrepublikken.no\/#\/schema\/person\/2e7e81935bab77882fffb79296240ff1\"},\"headline\":\"Hva sier den forel\u00f8pige rapporten\",\"datePublished\":\"2025-09-08T10:50:40+00:00\",\"dateModified\":\"2025-09-08T10:50:41+00:00\",\"mainEntityOfPage\":{\"@id\":\"https:\/\/nordnesrepublikken.no\/index.php\/2025\/09\/08\/hva-sier-den-forelopige-rapporten\/\"},\"wordCount\":622,\"publisher\":{\"@id\":\"https:\/\/nordnesrepublikken.no\/#organization\"},\"image\":{\"@id\":\"https:\/\/nordnesrepublikken.no\/index.php\/2025\/09\/08\/hva-sier-den-forelopige-rapporten\/#primaryimage\"},\"thumbnailUrl\":\"https:\/\/nordnesrepublikken.no\/wp-content\/uploads\/2025\/09\/1757328640_Hva-sier-den-forelopige-rapporten.jpeg\",\"keywords\":[\"den\",\"forel\u00f8pige\",\"Hva\",\"rapporten\",\"sier\"],\"articleSection\":[\"Samfunn\"],\"inLanguage\":\"nb-NO\"},{\"@type\":\"WebPage\",\"@id\":\"https:\/\/nordnesrepublikken.no\/index.php\/2025\/09\/08\/hva-sier-den-forelopige-rapporten\/\",\"url\":\"https:\/\/nordnesrepublikken.no\/index.php\/2025\/09\/08\/hva-sier-den-forelopige-rapporten\/\",\"name\":\"Hva sier den forel\u00f8pige rapporten - Nordnesrepublikken\",\"isPartOf\":{\"@id\":\"https:\/\/nordnesrepublikken.no\/#website\"},\"primaryImageOfPage\":{\"@id\":\"https:\/\/nordnesrepublikken.no\/index.php\/2025\/09\/08\/hva-sier-den-forelopige-rapporten\/#primaryimage\"},\"image\":{\"@id\":\"https:\/\/nordnesrepublikken.no\/index.php\/2025\/09\/08\/hva-sier-den-forelopige-rapporten\/#primaryimage\"},\"thumbnailUrl\":\"https:\/\/nordnesrepublikken.no\/wp-content\/uploads\/2025\/09\/1757328640_Hva-sier-den-forelopige-rapporten.jpeg\",\"datePublished\":\"2025-09-08T10:50:40+00:00\",\"dateModified\":\"2025-09-08T10:50:41+00:00\",\"breadcrumb\":{\"@id\":\"https:\/\/nordnesrepublikken.no\/index.php\/2025\/09\/08\/hva-sier-den-forelopige-rapporten\/#breadcrumb\"},\"inLanguage\":\"nb-NO\",\"potentialAction\":[{\"@type\":\"ReadAction\",\"target\":[\"https:\/\/nordnesrepublikken.no\/index.php\/2025\/09\/08\/hva-sier-den-forelopige-rapporten\/\"]}]},{\"@type\":\"ImageObject\",\"inLanguage\":\"nb-NO\",\"@id\":\"https:\/\/nordnesrepublikken.no\/index.php\/2025\/09\/08\/hva-sier-den-forelopige-rapporten\/#primaryimage\",\"url\":\"https:\/\/nordnesrepublikken.no\/wp-content\/uploads\/2025\/09\/1757328640_Hva-sier-den-forelopige-rapporten.jpeg\",\"contentUrl\":\"https:\/\/nordnesrepublikken.no\/wp-content\/uploads\/2025\/09\/1757328640_Hva-sier-den-forelopige-rapporten.jpeg\",\"width\":1083,\"height\":867,\"caption\":\"ncidente-funicolare-lisbona\"},{\"@type\":\"BreadcrumbList\",\"@id\":\"https:\/\/nordnesrepublikken.no\/index.php\/2025\/09\/08\/hva-sier-den-forelopige-rapporten\/#breadcrumb\",\"itemListElement\":[{\"@type\":\"ListItem\",\"position\":1,\"name\":\"Home\",\"item\":\"https:\/\/nordnesrepublikken.no\/\"},{\"@type\":\"ListItem\",\"position\":2,\"name\":\"Hva sier den forel\u00f8pige rapporten\"}]},{\"@type\":\"WebSite\",\"@id\":\"https:\/\/nordnesrepublikken.no\/#website\",\"url\":\"https:\/\/nordnesrepublikken.no\/\",\"name\":\"Nordnesrepublikken\",\"description\":\"Stemmer og Visjoner fra Republikkens Hjerte\",\"publisher\":{\"@id\":\"https:\/\/nordnesrepublikken.no\/#organization\"},\"potentialAction\":[{\"@type\":\"SearchAction\",\"target\":{\"@type\":\"EntryPoint\",\"urlTemplate\":\"https:\/\/nordnesrepublikken.no\/?s={search_term_string}\"},\"query-input\":{\"@type\":\"PropertyValueSpecification\",\"valueRequired\":true,\"valueName\":\"search_term_string\"}}],\"inLanguage\":\"nb-NO\"},{\"@type\":\"Organization\",\"@id\":\"https:\/\/nordnesrepublikken.no\/#organization\",\"name\":\"Nordnesrepublikken\",\"url\":\"https:\/\/nordnesrepublikken.no\/\",\"logo\":{\"@type\":\"ImageObject\",\"inLanguage\":\"nb-NO\",\"@id\":\"https:\/\/nordnesrepublikken.no\/#\/schema\/logo\/image\/\",\"url\":\"https:\/\/nordnesrepublikken.no\/wp-content\/uploads\/2025\/02\/cropped-nordnesrepublikken-2.png\",\"contentUrl\":\"https:\/\/nordnesrepublikken.no\/wp-content\/uploads\/2025\/02\/cropped-nordnesrepublikken-2.png\",\"width\":1248,\"height\":362,\"caption\":\"Nordnesrepublikken\"},\"image\":{\"@id\":\"https:\/\/nordnesrepublikken.no\/#\/schema\/logo\/image\/\"}},{\"@type\":\"Person\",\"@id\":\"https:\/\/nordnesrepublikken.no\/#\/schema\/person\/2e7e81935bab77882fffb79296240ff1\",\"name\":\"Ole Andersen\",\"image\":{\"@type\":\"ImageObject\",\"inLanguage\":\"nb-NO\",\"@id\":\"https:\/\/nordnesrepublikken.no\/#\/schema\/person\/image\/\",\"url\":\"https:\/\/nordnesrepublikken.no\/wp-content\/uploads\/2025\/02\/nordnesrepublikken-2-2-150x150.jpg\",\"contentUrl\":\"https:\/\/nordnesrepublikken.no\/wp-content\/uploads\/2025\/02\/nordnesrepublikken-2-2-150x150.jpg\",\"caption\":\"Ole Andersen\"},\"description\":\"Ettersom jeg vokste opp i Oslo, har jeg alltid v\u00e6rt fascinert av ordenes kraft og deres evne til \u00e5 skape endringer. Etter \u00e5 ha fullf\u00f8rt min utdannelse i kommunikasjon ved Universitetet i Bergen, fikk jeg muligheten til \u00e5 jobbe innen ulike medier, der jeg har s\u00f8kt \u00e5 belyse viktige samfunnssp\u00f8rsm\u00e5l. I dag, som redakt\u00f8r for Nordnesrepublikken, pr\u00f8ver jeg \u00e5 forene min kj\u00e6rlighet for journalistikk med min lidenskap for innovasjon og eventyr.\",\"sameAs\":[\"https:\/\/nordnesrepublikken.no\/\"]}]}<\/script>\n<!-- \/ Yoast SEO plugin. -->","yoast_head_json":{"title":"Hva sier den forel\u00f8pige rapporten - Nordnesrepublikken","robots":{"index":"index","follow":"follow","max-snippet":"max-snippet:-1","max-image-preview":"max-image-preview:large","max-video-preview":"max-video-preview:-1"},"canonical":"https:\/\/nordnesrepublikken.no\/index.php\/2025\/09\/08\/hva-sier-den-forelopige-rapporten\/","og_locale":"nb_NO","og_type":"article","og_title":"Hva sier den forel\u00f8pige rapporten - Nordnesrepublikken","og_description":"Ulykken til Funicular Av Gloria i Lisboa Det var for\u00e5rsaket av sammenbruddet av en st\u00e5lkabel:","og_url":"https:\/\/nordnesrepublikken.no\/index.php\/2025\/09\/08\/hva-sier-den-forelopige-rapporten\/","og_site_name":"Nordnesrepublikken","article_published_time":"2025-09-08T10:50:40+00:00","article_modified_time":"2025-09-08T10:50:41+00:00","og_image":[{"width":1083,"height":867,"url":"https:\/\/nordnesrepublikken.no\/wp-content\/uploads\/2025\/09\/1757328640_Hva-sier-den-forelopige-rapporten.jpeg","type":"image\/jpeg"}],"author":"Ole Andersen","twitter_card":"summary_large_image","twitter_misc":{"Skrevet av":"Ole Andersen","Ansl. lesetid":"3 minutter"},"schema":{"@context":"https:\/\/schema.org","@graph":[{"@type":"Article","@id":"https:\/\/nordnesrepublikken.no\/index.php\/2025\/09\/08\/hva-sier-den-forelopige-rapporten\/#article","isPartOf":{"@id":"https:\/\/nordnesrepublikken.no\/index.php\/2025\/09\/08\/hva-sier-den-forelopige-rapporten\/"},"author":{"name":"Ole Andersen","@id":"https:\/\/nordnesrepublikken.no\/#\/schema\/person\/2e7e81935bab77882fffb79296240ff1"},"headline":"Hva sier den forel\u00f8pige rapporten","datePublished":"2025-09-08T10:50:40+00:00","dateModified":"2025-09-08T10:50:41+00:00","mainEntityOfPage":{"@id":"https:\/\/nordnesrepublikken.no\/index.php\/2025\/09\/08\/hva-sier-den-forelopige-rapporten\/"},"wordCount":622,"publisher":{"@id":"https:\/\/nordnesrepublikken.no\/#organization"},"image":{"@id":"https:\/\/nordnesrepublikken.no\/index.php\/2025\/09\/08\/hva-sier-den-forelopige-rapporten\/#primaryimage"},"thumbnailUrl":"https:\/\/nordnesrepublikken.no\/wp-content\/uploads\/2025\/09\/1757328640_Hva-sier-den-forelopige-rapporten.jpeg","keywords":["den","forel\u00f8pige","Hva","rapporten","sier"],"articleSection":["Samfunn"],"inLanguage":"nb-NO"},{"@type":"WebPage","@id":"https:\/\/nordnesrepublikken.no\/index.php\/2025\/09\/08\/hva-sier-den-forelopige-rapporten\/","url":"https:\/\/nordnesrepublikken.no\/index.php\/2025\/09\/08\/hva-sier-den-forelopige-rapporten\/","name":"Hva sier den forel\u00f8pige rapporten - Nordnesrepublikken","isPartOf":{"@id":"https:\/\/nordnesrepublikken.no\/#website"},"primaryImageOfPage":{"@id":"https:\/\/nordnesrepublikken.no\/index.php\/2025\/09\/08\/hva-sier-den-forelopige-rapporten\/#primaryimage"},"image":{"@id":"https:\/\/nordnesrepublikken.no\/index.php\/2025\/09\/08\/hva-sier-den-forelopige-rapporten\/#primaryimage"},"thumbnailUrl":"https:\/\/nordnesrepublikken.no\/wp-content\/uploads\/2025\/09\/1757328640_Hva-sier-den-forelopige-rapporten.jpeg","datePublished":"2025-09-08T10:50:40+00:00","dateModified":"2025-09-08T10:50:41+00:00","breadcrumb":{"@id":"https:\/\/nordnesrepublikken.no\/index.php\/2025\/09\/08\/hva-sier-den-forelopige-rapporten\/#breadcrumb"},"inLanguage":"nb-NO","potentialAction":[{"@type":"ReadAction","target":["https:\/\/nordnesrepublikken.no\/index.php\/2025\/09\/08\/hva-sier-den-forelopige-rapporten\/"]}]},{"@type":"ImageObject","inLanguage":"nb-NO","@id":"https:\/\/nordnesrepublikken.no\/index.php\/2025\/09\/08\/hva-sier-den-forelopige-rapporten\/#primaryimage","url":"https:\/\/nordnesrepublikken.no\/wp-content\/uploads\/2025\/09\/1757328640_Hva-sier-den-forelopige-rapporten.jpeg","contentUrl":"https:\/\/nordnesrepublikken.no\/wp-content\/uploads\/2025\/09\/1757328640_Hva-sier-den-forelopige-rapporten.jpeg","width":1083,"height":867,"caption":"ncidente-funicolare-lisbona"},{"@type":"BreadcrumbList","@id":"https:\/\/nordnesrepublikken.no\/index.php\/2025\/09\/08\/hva-sier-den-forelopige-rapporten\/#breadcrumb","itemListElement":[{"@type":"ListItem","position":1,"name":"Home","item":"https:\/\/nordnesrepublikken.no\/"},{"@type":"ListItem","position":2,"name":"Hva sier den forel\u00f8pige rapporten"}]},{"@type":"WebSite","@id":"https:\/\/nordnesrepublikken.no\/#website","url":"https:\/\/nordnesrepublikken.no\/","name":"Nordnesrepublikken","description":"Stemmer og Visjoner fra Republikkens Hjerte","publisher":{"@id":"https:\/\/nordnesrepublikken.no\/#organization"},"potentialAction":[{"@type":"SearchAction","target":{"@type":"EntryPoint","urlTemplate":"https:\/\/nordnesrepublikken.no\/?s={search_term_string}"},"query-input":{"@type":"PropertyValueSpecification","valueRequired":true,"valueName":"search_term_string"}}],"inLanguage":"nb-NO"},{"@type":"Organization","@id":"https:\/\/nordnesrepublikken.no\/#organization","name":"Nordnesrepublikken","url":"https:\/\/nordnesrepublikken.no\/","logo":{"@type":"ImageObject","inLanguage":"nb-NO","@id":"https:\/\/nordnesrepublikken.no\/#\/schema\/logo\/image\/","url":"https:\/\/nordnesrepublikken.no\/wp-content\/uploads\/2025\/02\/cropped-nordnesrepublikken-2.png","contentUrl":"https:\/\/nordnesrepublikken.no\/wp-content\/uploads\/2025\/02\/cropped-nordnesrepublikken-2.png","width":1248,"height":362,"caption":"Nordnesrepublikken"},"image":{"@id":"https:\/\/nordnesrepublikken.no\/#\/schema\/logo\/image\/"}},{"@type":"Person","@id":"https:\/\/nordnesrepublikken.no\/#\/schema\/person\/2e7e81935bab77882fffb79296240ff1","name":"Ole Andersen","image":{"@type":"ImageObject","inLanguage":"nb-NO","@id":"https:\/\/nordnesrepublikken.no\/#\/schema\/person\/image\/","url":"https:\/\/nordnesrepublikken.no\/wp-content\/uploads\/2025\/02\/nordnesrepublikken-2-2-150x150.jpg","contentUrl":"https:\/\/nordnesrepublikken.no\/wp-content\/uploads\/2025\/02\/nordnesrepublikken-2-2-150x150.jpg","caption":"Ole Andersen"},"description":"Ettersom jeg vokste opp i Oslo, har jeg alltid v\u00e6rt fascinert av ordenes kraft og deres evne til \u00e5 skape endringer. Etter \u00e5 ha fullf\u00f8rt min utdannelse i kommunikasjon ved Universitetet i Bergen, fikk jeg muligheten til \u00e5 jobbe innen ulike medier, der jeg har s\u00f8kt \u00e5 belyse viktige samfunnssp\u00f8rsm\u00e5l. I dag, som redakt\u00f8r for Nordnesrepublikken, pr\u00f8ver jeg \u00e5 forene min kj\u00e6rlighet for journalistikk med min lidenskap for innovasjon og eventyr.","sameAs":["https:\/\/nordnesrepublikken.no\/"]}]}},"_links":{"self":[{"href":"https:\/\/nordnesrepublikken.no\/index.php\/wp-json\/wp\/v2\/posts\/9307","targetHints":{"allow":["GET"]}}],"collection":[{"href":"https:\/\/nordnesrepublikken.no\/index.php\/wp-json\/wp\/v2\/posts"}],"about":[{"href":"https:\/\/nordnesrepublikken.no\/index.php\/wp-json\/wp\/v2\/types\/post"}],"author":[{"embeddable":true,"href":"https:\/\/nordnesrepublikken.no\/index.php\/wp-json\/wp\/v2\/users\/1"}],"replies":[{"embeddable":true,"href":"https:\/\/nordnesrepublikken.no\/index.php\/wp-json\/wp\/v2\/comments?post=9307"}],"version-history":[{"count":1,"href":"https:\/\/nordnesrepublikken.no\/index.php\/wp-json\/wp\/v2\/posts\/9307\/revisions"}],"predecessor-version":[{"id":9309,"href":"https:\/\/nordnesrepublikken.no\/index.php\/wp-json\/wp\/v2\/posts\/9307\/revisions\/9309"}],"wp:featuredmedia":[{"embeddable":true,"href":"https:\/\/nordnesrepublikken.no\/index.php\/wp-json\/wp\/v2\/media\/9308"}],"wp:attachment":[{"href":"https:\/\/nordnesrepublikken.no\/index.php\/wp-json\/wp\/v2\/media?parent=9307"}],"wp:term":[{"taxonomy":"category","embeddable":true,"href":"https:\/\/nordnesrepublikken.no\/index.php\/wp-json\/wp\/v2\/categories?post=9307"},{"taxonomy":"post_tag","embeddable":true,"href":"https:\/\/nordnesrepublikken.no\/index.php\/wp-json\/wp\/v2\/tags?post=9307"}],"curies":[{"name":"wp","href":"https:\/\/api.w.org\/{rel}","templated":true}]}}