{"id":9301,"date":"2025-09-08T03:49:35","date_gmt":"2025-09-08T01:49:35","guid":{"rendered":"https:\/\/nordnesrepublikken.no\/index.php\/2025\/09\/08\/norge-gar-til-valgurnene-og-skatt-er-nokkelen\/"},"modified":"2025-09-08T03:49:37","modified_gmt":"2025-09-08T01:49:37","slug":"norge-gar-til-valgurnene-og-skatt-er-nokkelen","status":"publish","type":"post","link":"https:\/\/nordnesrepublikken.no\/index.php\/2025\/09\/08\/norge-gar-til-valgurnene-og-skatt-er-nokkelen\/","title":{"rendered":"Norge g\u00e5r til valgurnene, og skatt er n\u00f8kkelen"},"content":{"rendered":"<p><\/p>\n<div class=\"wordpress-content\">\n                    <!-- Article Start --><\/p>\n<p class=\"p1\"><strong>Norge, en av verdens rikeste og allikevel mest egalit\u00e6re nasjoner, er p\u00e5 vei til valgurnene mandag 8. september i et n\u00f8ye omstridt valg, med fremtiden for det \u00e5rhundre gamle formueskatten i hjertet av kampanjen.<span class=\"Apple-converted-space\"> <\/span><\/strong><\/p>\n<p class=\"p1\">Avstemningen gir sentrum-venstre Arbeiderpartiet, ledet av statsminister Jonas Gahr St\u00f8r, mot en h\u00f8yreekstrem blokk, med sterke forskjeller over skatten som p\u00e5legger opptil 1,1 prosent p\u00e5 eiendeler som overstiger 1,76 millioner kroner ($ 176 000).<\/p>\n<p class=\"p1\">Arbeidskraft, styrket av finansminister Jens Stoltenbergs avkastning, forsvarer skatten som et anker av Norges rettferdige formuefordeling. Stoltenberg, en tidligere generalsekret\u00e6r i NATO, argumenterer for at skraping av det ville la de rikeste betale &laquo;nesten ingenting&raquo;, og koster staten 34 milliarder kroner (3,3 milliarder dollar) \u00e5rlig. Skatten, en av bare tre i OECD, blir sett p\u00e5 som viktig for \u00e5 finansiere Norges sjener\u00f8se velferdsstat, holdt sammen av sitt suverene formuesfond p\u00e5 2 billioner dollar og enorme olje- og gassreserver.<\/p>\n<div class=\"sra_unit\"><link rel=\"stylesheet\" id=\"block-sra\" href=\"https:\/\/euroweeklynews.com\/wp-content\/plugins\/snack-related-articles\/dist\/css\/snack-related.min.css?250312-193541\" type=\"text\/css\" media=\"all\">\n<\/div>\n<p class=\"p1\">Den h\u00f8yreorienterte blokken, ledet av Progress-partiets Sylvie Listhaug, etterlyser \u00e5 avskaffe skatten, og hevder den kveler entrepren\u00f8rskap og innovasjon. Listhaug hevder at midler som er betalt i skatter i stedet kan skape arbeidsplasser og bedrifter. De konservative, ledet av tidligere statsminister Erna Solberg, og reduserte det tilbake. Avstemninger viser fremdriftspartiet som f\u00e5r trekkraft, impulset av en vellykket kampanje p\u00e5 sosiale medier rettet mot yngre velgere, som til tross for at han ikke betaler skatten, ser det som et symbol p\u00e5 \u00f8konomisk retning.<\/p>\n<p class=\"p1\">Med 4,3 millioner kvalifiserte velgere som velger 169-medlemmer, vil resultatene som skyldes tirsdag sannsynligvis f\u00f8re til uker med koalisjonssamtaler. Mens utenrikspolitikken, inkludert Norges NATO -holdning og st\u00f8tte til Ukraina, forblir stabile, er ogs\u00e5 innenlandske sp\u00f8rsm\u00e5l som inflasjon (3,3 prosent \u00e5rlig) og innvandring ogs\u00e5 stort. Valgets utfall kan omforme Norges tiln\u00e6rming til rikdom og ulikhet i \u00e5rene fremover.<\/p>\n<p>                    <!-- This article has been originally published at https:\/\/euroweeklynews.com\/2025\/09\/07\/norway-goes-to-the-polls-and-tax-is-the-key\/ on 07 Sep 2025 at 23:20 by Adam Woodward --><br \/>\n                    <!-- Article End -->\n                <\/div>\n","protected":false},"excerpt":{"rendered":"<p>Norge, en av verdens rikeste og allikevel mest egalit\u00e6re nasjoner, er p\u00e5 vei til valgurnene<\/p>\n","protected":false},"author":1,"featured_media":9302,"comment_status":"closed","ping_status":"open","sticky":false,"template":"","format":"standard","meta":{"footnotes":""},"categories":[22],"tags":[300,768,153,4199,117,6102],"class_list":["post-9301","post","type-post","status-publish","format-standard","has-post-thumbnail","hentry","category-nasjonal","tag-gar","tag-nokkelen","tag-norge","tag-skatt","tag-til","tag-valgurnene","generate-columns","tablet-grid-50","mobile-grid-100","grid-parent","grid-33","resize-featured-image"],"yoast_head":"<!-- This site is optimized with the Yoast SEO plugin v24.4 - https:\/\/yoast.com\/wordpress\/plugins\/seo\/ -->\n<title>Norge g\u00e5r til valgurnene, og skatt er n\u00f8kkelen - Nordnesrepublikken<\/title>\n<meta name=\"robots\" content=\"index, follow, max-snippet:-1, max-image-preview:large, max-video-preview:-1\" \/>\n<link rel=\"canonical\" href=\"https:\/\/nordnesrepublikken.no\/index.php\/2025\/09\/08\/norge-gar-til-valgurnene-og-skatt-er-nokkelen\/\" \/>\n<meta property=\"og:locale\" content=\"nb_NO\" \/>\n<meta property=\"og:type\" content=\"article\" \/>\n<meta property=\"og:title\" content=\"Norge g\u00e5r til valgurnene, og skatt er n\u00f8kkelen - Nordnesrepublikken\" \/>\n<meta property=\"og:description\" content=\"Norge, en av verdens rikeste og allikevel mest egalit\u00e6re nasjoner, er p\u00e5 vei til valgurnene\" \/>\n<meta property=\"og:url\" content=\"https:\/\/nordnesrepublikken.no\/index.php\/2025\/09\/08\/norge-gar-til-valgurnene-og-skatt-er-nokkelen\/\" \/>\n<meta property=\"og:site_name\" content=\"Nordnesrepublikken\" \/>\n<meta property=\"article:published_time\" content=\"2025-09-08T01:49:35+00:00\" \/>\n<meta property=\"article:modified_time\" content=\"2025-09-08T01:49:37+00:00\" \/>\n<meta property=\"og:image\" content=\"https:\/\/nordnesrepublikken.no\/wp-content\/uploads\/2025\/09\/1757296176_Norge-gar-til-valgurnene-og-skatt-er-nokkelen.jpg\" \/>\n\t<meta property=\"og:image:width\" content=\"1200\" \/>\n\t<meta property=\"og:image:height\" content=\"773\" \/>\n\t<meta property=\"og:image:type\" content=\"image\/jpeg\" \/>\n<meta name=\"author\" content=\"Ole Andersen\" \/>\n<meta name=\"twitter:card\" content=\"summary_large_image\" \/>\n<meta name=\"twitter:label1\" content=\"Skrevet av\" \/>\n\t<meta name=\"twitter:data1\" content=\"Ole Andersen\" \/>\n\t<meta name=\"twitter:label2\" content=\"Ansl. lesetid\" \/>\n\t<meta name=\"twitter:data2\" content=\"1 minutt\" \/>\n<script type=\"application\/ld+json\" class=\"yoast-schema-graph\">{\"@context\":\"https:\/\/schema.org\",\"@graph\":[{\"@type\":\"Article\",\"@id\":\"https:\/\/nordnesrepublikken.no\/index.php\/2025\/09\/08\/norge-gar-til-valgurnene-og-skatt-er-nokkelen\/#article\",\"isPartOf\":{\"@id\":\"https:\/\/nordnesrepublikken.no\/index.php\/2025\/09\/08\/norge-gar-til-valgurnene-og-skatt-er-nokkelen\/\"},\"author\":{\"name\":\"Ole Andersen\",\"@id\":\"https:\/\/nordnesrepublikken.no\/#\/schema\/person\/2e7e81935bab77882fffb79296240ff1\"},\"headline\":\"Norge g\u00e5r til valgurnene, og skatt er n\u00f8kkelen\",\"datePublished\":\"2025-09-08T01:49:35+00:00\",\"dateModified\":\"2025-09-08T01:49:37+00:00\",\"mainEntityOfPage\":{\"@id\":\"https:\/\/nordnesrepublikken.no\/index.php\/2025\/09\/08\/norge-gar-til-valgurnene-og-skatt-er-nokkelen\/\"},\"wordCount\":297,\"publisher\":{\"@id\":\"https:\/\/nordnesrepublikken.no\/#organization\"},\"image\":{\"@id\":\"https:\/\/nordnesrepublikken.no\/index.php\/2025\/09\/08\/norge-gar-til-valgurnene-og-skatt-er-nokkelen\/#primaryimage\"},\"thumbnailUrl\":\"https:\/\/nordnesrepublikken.no\/wp-content\/uploads\/2025\/09\/1757296176_Norge-gar-til-valgurnene-og-skatt-er-nokkelen.jpg\",\"keywords\":[\"g\u00e5r\",\"n\u00f8kkelen\",\"Norge\",\"skatt\",\"til\",\"valgurnene\"],\"articleSection\":[\"Nasjonal\"],\"inLanguage\":\"nb-NO\"},{\"@type\":\"WebPage\",\"@id\":\"https:\/\/nordnesrepublikken.no\/index.php\/2025\/09\/08\/norge-gar-til-valgurnene-og-skatt-er-nokkelen\/\",\"url\":\"https:\/\/nordnesrepublikken.no\/index.php\/2025\/09\/08\/norge-gar-til-valgurnene-og-skatt-er-nokkelen\/\",\"name\":\"Norge g\u00e5r til valgurnene, og skatt er n\u00f8kkelen - Nordnesrepublikken\",\"isPartOf\":{\"@id\":\"https:\/\/nordnesrepublikken.no\/#website\"},\"primaryImageOfPage\":{\"@id\":\"https:\/\/nordnesrepublikken.no\/index.php\/2025\/09\/08\/norge-gar-til-valgurnene-og-skatt-er-nokkelen\/#primaryimage\"},\"image\":{\"@id\":\"https:\/\/nordnesrepublikken.no\/index.php\/2025\/09\/08\/norge-gar-til-valgurnene-og-skatt-er-nokkelen\/#primaryimage\"},\"thumbnailUrl\":\"https:\/\/nordnesrepublikken.no\/wp-content\/uploads\/2025\/09\/1757296176_Norge-gar-til-valgurnene-og-skatt-er-nokkelen.jpg\",\"datePublished\":\"2025-09-08T01:49:35+00:00\",\"dateModified\":\"2025-09-08T01:49:37+00:00\",\"breadcrumb\":{\"@id\":\"https:\/\/nordnesrepublikken.no\/index.php\/2025\/09\/08\/norge-gar-til-valgurnene-og-skatt-er-nokkelen\/#breadcrumb\"},\"inLanguage\":\"nb-NO\",\"potentialAction\":[{\"@type\":\"ReadAction\",\"target\":[\"https:\/\/nordnesrepublikken.no\/index.php\/2025\/09\/08\/norge-gar-til-valgurnene-og-skatt-er-nokkelen\/\"]}]},{\"@type\":\"ImageObject\",\"inLanguage\":\"nb-NO\",\"@id\":\"https:\/\/nordnesrepublikken.no\/index.php\/2025\/09\/08\/norge-gar-til-valgurnene-og-skatt-er-nokkelen\/#primaryimage\",\"url\":\"https:\/\/nordnesrepublikken.no\/wp-content\/uploads\/2025\/09\/1757296176_Norge-gar-til-valgurnene-og-skatt-er-nokkelen.jpg\",\"contentUrl\":\"https:\/\/nordnesrepublikken.no\/wp-content\/uploads\/2025\/09\/1757296176_Norge-gar-til-valgurnene-og-skatt-er-nokkelen.jpg\",\"width\":1200,\"height\":773,\"caption\":\"Norge g\u00e5r til valgurnene, og skatt er n\u00f8kkelen\"},{\"@type\":\"BreadcrumbList\",\"@id\":\"https:\/\/nordnesrepublikken.no\/index.php\/2025\/09\/08\/norge-gar-til-valgurnene-og-skatt-er-nokkelen\/#breadcrumb\",\"itemListElement\":[{\"@type\":\"ListItem\",\"position\":1,\"name\":\"Home\",\"item\":\"https:\/\/nordnesrepublikken.no\/\"},{\"@type\":\"ListItem\",\"position\":2,\"name\":\"Norge g\u00e5r til valgurnene, og skatt er n\u00f8kkelen\"}]},{\"@type\":\"WebSite\",\"@id\":\"https:\/\/nordnesrepublikken.no\/#website\",\"url\":\"https:\/\/nordnesrepublikken.no\/\",\"name\":\"Nordnesrepublikken\",\"description\":\"Stemmer og Visjoner fra Republikkens Hjerte\",\"publisher\":{\"@id\":\"https:\/\/nordnesrepublikken.no\/#organization\"},\"potentialAction\":[{\"@type\":\"SearchAction\",\"target\":{\"@type\":\"EntryPoint\",\"urlTemplate\":\"https:\/\/nordnesrepublikken.no\/?s={search_term_string}\"},\"query-input\":{\"@type\":\"PropertyValueSpecification\",\"valueRequired\":true,\"valueName\":\"search_term_string\"}}],\"inLanguage\":\"nb-NO\"},{\"@type\":\"Organization\",\"@id\":\"https:\/\/nordnesrepublikken.no\/#organization\",\"name\":\"Nordnesrepublikken\",\"url\":\"https:\/\/nordnesrepublikken.no\/\",\"logo\":{\"@type\":\"ImageObject\",\"inLanguage\":\"nb-NO\",\"@id\":\"https:\/\/nordnesrepublikken.no\/#\/schema\/logo\/image\/\",\"url\":\"https:\/\/nordnesrepublikken.no\/wp-content\/uploads\/2025\/02\/cropped-nordnesrepublikken-2.png\",\"contentUrl\":\"https:\/\/nordnesrepublikken.no\/wp-content\/uploads\/2025\/02\/cropped-nordnesrepublikken-2.png\",\"width\":1248,\"height\":362,\"caption\":\"Nordnesrepublikken\"},\"image\":{\"@id\":\"https:\/\/nordnesrepublikken.no\/#\/schema\/logo\/image\/\"}},{\"@type\":\"Person\",\"@id\":\"https:\/\/nordnesrepublikken.no\/#\/schema\/person\/2e7e81935bab77882fffb79296240ff1\",\"name\":\"Ole Andersen\",\"image\":{\"@type\":\"ImageObject\",\"inLanguage\":\"nb-NO\",\"@id\":\"https:\/\/nordnesrepublikken.no\/#\/schema\/person\/image\/\",\"url\":\"https:\/\/nordnesrepublikken.no\/wp-content\/uploads\/2025\/02\/nordnesrepublikken-2-2-150x150.jpg\",\"contentUrl\":\"https:\/\/nordnesrepublikken.no\/wp-content\/uploads\/2025\/02\/nordnesrepublikken-2-2-150x150.jpg\",\"caption\":\"Ole Andersen\"},\"description\":\"Ettersom jeg vokste opp i Oslo, har jeg alltid v\u00e6rt fascinert av ordenes kraft og deres evne til \u00e5 skape endringer. Etter \u00e5 ha fullf\u00f8rt min utdannelse i kommunikasjon ved Universitetet i Bergen, fikk jeg muligheten til \u00e5 jobbe innen ulike medier, der jeg har s\u00f8kt \u00e5 belyse viktige samfunnssp\u00f8rsm\u00e5l. I dag, som redakt\u00f8r for Nordnesrepublikken, pr\u00f8ver jeg \u00e5 forene min kj\u00e6rlighet for journalistikk med min lidenskap for innovasjon og eventyr.\",\"sameAs\":[\"https:\/\/nordnesrepublikken.no\/\"]}]}<\/script>\n<!-- \/ Yoast SEO plugin. -->","yoast_head_json":{"title":"Norge g\u00e5r til valgurnene, og skatt er n\u00f8kkelen - Nordnesrepublikken","robots":{"index":"index","follow":"follow","max-snippet":"max-snippet:-1","max-image-preview":"max-image-preview:large","max-video-preview":"max-video-preview:-1"},"canonical":"https:\/\/nordnesrepublikken.no\/index.php\/2025\/09\/08\/norge-gar-til-valgurnene-og-skatt-er-nokkelen\/","og_locale":"nb_NO","og_type":"article","og_title":"Norge g\u00e5r til valgurnene, og skatt er n\u00f8kkelen - Nordnesrepublikken","og_description":"Norge, en av verdens rikeste og allikevel mest egalit\u00e6re nasjoner, er p\u00e5 vei til valgurnene","og_url":"https:\/\/nordnesrepublikken.no\/index.php\/2025\/09\/08\/norge-gar-til-valgurnene-og-skatt-er-nokkelen\/","og_site_name":"Nordnesrepublikken","article_published_time":"2025-09-08T01:49:35+00:00","article_modified_time":"2025-09-08T01:49:37+00:00","og_image":[{"width":1200,"height":773,"url":"https:\/\/nordnesrepublikken.no\/wp-content\/uploads\/2025\/09\/1757296176_Norge-gar-til-valgurnene-og-skatt-er-nokkelen.jpg","type":"image\/jpeg"}],"author":"Ole Andersen","twitter_card":"summary_large_image","twitter_misc":{"Skrevet av":"Ole Andersen","Ansl. lesetid":"1 minutt"},"schema":{"@context":"https:\/\/schema.org","@graph":[{"@type":"Article","@id":"https:\/\/nordnesrepublikken.no\/index.php\/2025\/09\/08\/norge-gar-til-valgurnene-og-skatt-er-nokkelen\/#article","isPartOf":{"@id":"https:\/\/nordnesrepublikken.no\/index.php\/2025\/09\/08\/norge-gar-til-valgurnene-og-skatt-er-nokkelen\/"},"author":{"name":"Ole Andersen","@id":"https:\/\/nordnesrepublikken.no\/#\/schema\/person\/2e7e81935bab77882fffb79296240ff1"},"headline":"Norge g\u00e5r til valgurnene, og skatt er n\u00f8kkelen","datePublished":"2025-09-08T01:49:35+00:00","dateModified":"2025-09-08T01:49:37+00:00","mainEntityOfPage":{"@id":"https:\/\/nordnesrepublikken.no\/index.php\/2025\/09\/08\/norge-gar-til-valgurnene-og-skatt-er-nokkelen\/"},"wordCount":297,"publisher":{"@id":"https:\/\/nordnesrepublikken.no\/#organization"},"image":{"@id":"https:\/\/nordnesrepublikken.no\/index.php\/2025\/09\/08\/norge-gar-til-valgurnene-og-skatt-er-nokkelen\/#primaryimage"},"thumbnailUrl":"https:\/\/nordnesrepublikken.no\/wp-content\/uploads\/2025\/09\/1757296176_Norge-gar-til-valgurnene-og-skatt-er-nokkelen.jpg","keywords":["g\u00e5r","n\u00f8kkelen","Norge","skatt","til","valgurnene"],"articleSection":["Nasjonal"],"inLanguage":"nb-NO"},{"@type":"WebPage","@id":"https:\/\/nordnesrepublikken.no\/index.php\/2025\/09\/08\/norge-gar-til-valgurnene-og-skatt-er-nokkelen\/","url":"https:\/\/nordnesrepublikken.no\/index.php\/2025\/09\/08\/norge-gar-til-valgurnene-og-skatt-er-nokkelen\/","name":"Norge g\u00e5r til valgurnene, og skatt er n\u00f8kkelen - Nordnesrepublikken","isPartOf":{"@id":"https:\/\/nordnesrepublikken.no\/#website"},"primaryImageOfPage":{"@id":"https:\/\/nordnesrepublikken.no\/index.php\/2025\/09\/08\/norge-gar-til-valgurnene-og-skatt-er-nokkelen\/#primaryimage"},"image":{"@id":"https:\/\/nordnesrepublikken.no\/index.php\/2025\/09\/08\/norge-gar-til-valgurnene-og-skatt-er-nokkelen\/#primaryimage"},"thumbnailUrl":"https:\/\/nordnesrepublikken.no\/wp-content\/uploads\/2025\/09\/1757296176_Norge-gar-til-valgurnene-og-skatt-er-nokkelen.jpg","datePublished":"2025-09-08T01:49:35+00:00","dateModified":"2025-09-08T01:49:37+00:00","breadcrumb":{"@id":"https:\/\/nordnesrepublikken.no\/index.php\/2025\/09\/08\/norge-gar-til-valgurnene-og-skatt-er-nokkelen\/#breadcrumb"},"inLanguage":"nb-NO","potentialAction":[{"@type":"ReadAction","target":["https:\/\/nordnesrepublikken.no\/index.php\/2025\/09\/08\/norge-gar-til-valgurnene-og-skatt-er-nokkelen\/"]}]},{"@type":"ImageObject","inLanguage":"nb-NO","@id":"https:\/\/nordnesrepublikken.no\/index.php\/2025\/09\/08\/norge-gar-til-valgurnene-og-skatt-er-nokkelen\/#primaryimage","url":"https:\/\/nordnesrepublikken.no\/wp-content\/uploads\/2025\/09\/1757296176_Norge-gar-til-valgurnene-og-skatt-er-nokkelen.jpg","contentUrl":"https:\/\/nordnesrepublikken.no\/wp-content\/uploads\/2025\/09\/1757296176_Norge-gar-til-valgurnene-og-skatt-er-nokkelen.jpg","width":1200,"height":773,"caption":"Norge g\u00e5r til valgurnene, og skatt er n\u00f8kkelen"},{"@type":"BreadcrumbList","@id":"https:\/\/nordnesrepublikken.no\/index.php\/2025\/09\/08\/norge-gar-til-valgurnene-og-skatt-er-nokkelen\/#breadcrumb","itemListElement":[{"@type":"ListItem","position":1,"name":"Home","item":"https:\/\/nordnesrepublikken.no\/"},{"@type":"ListItem","position":2,"name":"Norge g\u00e5r til valgurnene, og skatt er n\u00f8kkelen"}]},{"@type":"WebSite","@id":"https:\/\/nordnesrepublikken.no\/#website","url":"https:\/\/nordnesrepublikken.no\/","name":"Nordnesrepublikken","description":"Stemmer og Visjoner fra Republikkens Hjerte","publisher":{"@id":"https:\/\/nordnesrepublikken.no\/#organization"},"potentialAction":[{"@type":"SearchAction","target":{"@type":"EntryPoint","urlTemplate":"https:\/\/nordnesrepublikken.no\/?s={search_term_string}"},"query-input":{"@type":"PropertyValueSpecification","valueRequired":true,"valueName":"search_term_string"}}],"inLanguage":"nb-NO"},{"@type":"Organization","@id":"https:\/\/nordnesrepublikken.no\/#organization","name":"Nordnesrepublikken","url":"https:\/\/nordnesrepublikken.no\/","logo":{"@type":"ImageObject","inLanguage":"nb-NO","@id":"https:\/\/nordnesrepublikken.no\/#\/schema\/logo\/image\/","url":"https:\/\/nordnesrepublikken.no\/wp-content\/uploads\/2025\/02\/cropped-nordnesrepublikken-2.png","contentUrl":"https:\/\/nordnesrepublikken.no\/wp-content\/uploads\/2025\/02\/cropped-nordnesrepublikken-2.png","width":1248,"height":362,"caption":"Nordnesrepublikken"},"image":{"@id":"https:\/\/nordnesrepublikken.no\/#\/schema\/logo\/image\/"}},{"@type":"Person","@id":"https:\/\/nordnesrepublikken.no\/#\/schema\/person\/2e7e81935bab77882fffb79296240ff1","name":"Ole Andersen","image":{"@type":"ImageObject","inLanguage":"nb-NO","@id":"https:\/\/nordnesrepublikken.no\/#\/schema\/person\/image\/","url":"https:\/\/nordnesrepublikken.no\/wp-content\/uploads\/2025\/02\/nordnesrepublikken-2-2-150x150.jpg","contentUrl":"https:\/\/nordnesrepublikken.no\/wp-content\/uploads\/2025\/02\/nordnesrepublikken-2-2-150x150.jpg","caption":"Ole Andersen"},"description":"Ettersom jeg vokste opp i Oslo, har jeg alltid v\u00e6rt fascinert av ordenes kraft og deres evne til \u00e5 skape endringer. Etter \u00e5 ha fullf\u00f8rt min utdannelse i kommunikasjon ved Universitetet i Bergen, fikk jeg muligheten til \u00e5 jobbe innen ulike medier, der jeg har s\u00f8kt \u00e5 belyse viktige samfunnssp\u00f8rsm\u00e5l. I dag, som redakt\u00f8r for Nordnesrepublikken, pr\u00f8ver jeg \u00e5 forene min kj\u00e6rlighet for journalistikk med min lidenskap for innovasjon og eventyr.","sameAs":["https:\/\/nordnesrepublikken.no\/"]}]}},"_links":{"self":[{"href":"https:\/\/nordnesrepublikken.no\/index.php\/wp-json\/wp\/v2\/posts\/9301","targetHints":{"allow":["GET"]}}],"collection":[{"href":"https:\/\/nordnesrepublikken.no\/index.php\/wp-json\/wp\/v2\/posts"}],"about":[{"href":"https:\/\/nordnesrepublikken.no\/index.php\/wp-json\/wp\/v2\/types\/post"}],"author":[{"embeddable":true,"href":"https:\/\/nordnesrepublikken.no\/index.php\/wp-json\/wp\/v2\/users\/1"}],"replies":[{"embeddable":true,"href":"https:\/\/nordnesrepublikken.no\/index.php\/wp-json\/wp\/v2\/comments?post=9301"}],"version-history":[{"count":1,"href":"https:\/\/nordnesrepublikken.no\/index.php\/wp-json\/wp\/v2\/posts\/9301\/revisions"}],"predecessor-version":[{"id":9303,"href":"https:\/\/nordnesrepublikken.no\/index.php\/wp-json\/wp\/v2\/posts\/9301\/revisions\/9303"}],"wp:featuredmedia":[{"embeddable":true,"href":"https:\/\/nordnesrepublikken.no\/index.php\/wp-json\/wp\/v2\/media\/9302"}],"wp:attachment":[{"href":"https:\/\/nordnesrepublikken.no\/index.php\/wp-json\/wp\/v2\/media?parent=9301"}],"wp:term":[{"taxonomy":"category","embeddable":true,"href":"https:\/\/nordnesrepublikken.no\/index.php\/wp-json\/wp\/v2\/categories?post=9301"},{"taxonomy":"post_tag","embeddable":true,"href":"https:\/\/nordnesrepublikken.no\/index.php\/wp-json\/wp\/v2\/tags?post=9301"}],"curies":[{"name":"wp","href":"https:\/\/api.w.org\/{rel}","templated":true}]}}