{"id":9289,"date":"2025-09-07T15:50:17","date_gmt":"2025-09-07T13:50:17","guid":{"rendered":"https:\/\/nordnesrepublikken.no\/index.php\/2025\/09\/07\/hva-er-den-sosiale-funksjonen-til-darlige-ord-og-hvem-bruker-dem-mest\/"},"modified":"2025-09-07T15:50:19","modified_gmt":"2025-09-07T13:50:19","slug":"hva-er-den-sosiale-funksjonen-til-darlige-ord-og-hvem-bruker-dem-mest","status":"publish","type":"post","link":"https:\/\/nordnesrepublikken.no\/index.php\/2025\/09\/07\/hva-er-den-sosiale-funksjonen-til-darlige-ord-og-hvem-bruker-dem-mest\/","title":{"rendered":"Hva er den sosiale funksjonen til d\u00e5rlige ord og hvem bruker dem mest?"},"content":{"rendered":"<div>\n<div class=\"cp_wrapper cp_wrapper--fw mb-30 mb-20@tablet\">\n<figure class=\"mm\"><picture class=\"img\" style=\"padding-top:56.25%\"><source  media=\"(min-width: 1024px)\"><source  media=\"(min-width: 768px)\"><\/source><\/source><\/picture><\/figure>\n<\/p><\/div>\n<p>Alt er bra <strong>tunge<\/strong> av verden holder sitt eget arsenal av ord som anses som forbudt, ikke elegant eller sosialt upassende: <strong>banneordene<\/strong>. De har <strong>en sosial funksjon<\/strong>: De styrker b\u00e5ndene i grupper, de markerer tilh\u00f8righet, tillater emosjonell lettelse og overtredelse av reglene. De er mer brukt <strong>mellom unge mennesker og i uformelle sammenhenger<\/strong>varier for kulturelle tabuer: i alle fall <strong>Franskmenn og kroater<\/strong> er blant de st\u00f8rste brukerne. Til tross for <strong>spr\u00e5klige og kulturelle forskjeller<\/strong>deres universelle tilstedev\u00e6relse p\u00e5virker fordi, i motsetning til blasfemier, jeg <strong>Tabu ord<\/strong> tilh\u00f8rer alle samfunn.<\/p>\n<h2>Den sosiale funksjonen: tilh\u00f8righet, overtredelse og makt<\/h2>\n<p>Spr\u00e5k er aldri bare individuell kommunikasjon, men ogs\u00e5 <strong>Relasjonsverkt\u00f8y. <\/strong>Svergeordene fungerer som <strong>Det meste av tilh\u00f8righet og identitet<\/strong>: \u00c5 bruke dem med venner eller medlemmer av det samme samfunnet kan styrke medvirkning, bryte ned barrierer og skape en f\u00f8lelse av n\u00e6rhet. Vi tenker p\u00e5 ungdomssjargong, der bruken av vulg\u00e6re uttrykk blir et tegn p\u00e5 generasjons tilh\u00f8righet og oppr\u00f8r mot voksne regler. Tvert imot, i formelle sammenhenger som skole, arbeid eller institusjoner, blir de samme ordene uakseptable: bruk dem tilsvarer <strong>utfordre myndigheten, \u00e5 overg\u00e5 de implisitte reglene for sameksistens<\/strong>.<\/p>\n<h2>De kulturelle tabuene<\/h2>\n<p>Hvis vi observerer svergeordene i verden, bemerker vi at de fleste av dem dreier seg om tre store omr\u00e5der:<\/p>\n<ol>\n<li><strong>kroppen<\/strong> (Sykdommer, fysiologiske funksjoner, funksjonshemninger)<\/li>\n<li><strong>kj\u00f8nn<\/strong> (Apostlenes gjerninger, organer, \u00f8nsker)<\/li>\n<li><strong>religion<\/strong> (Blasfemier, hellige navn som brukes i upassende sammenhenger)<\/li>\n<\/ol>\n<p>Dette jubileet er ikke tilfeldig: disse er <strong>dimensjoner mer dypt regulert av kulturelle systemer,<\/strong> de som avgrenser den symbolske orden for hvert samfunn. \u00c5 snakke om ekskrementer, utnevne seksuelle handlinger eller beskytte de guddommelige betyr \u00e5 bryte forankrede tabuer, g\u00e5 imot ens sosiale regler i en viss forstand.<\/p>\n<p>Der <strong>skittent ord<\/strong>Da blir det en <strong>brudd<\/strong> som setter i krise det som normalt forblir skjult eller hellig. Ikke overraskende kan det samme ordet endre styrke og grad av krenkelser i henhold til kultur: i sv\u00e6rt religi\u00f8se sammenhenger kan blasfemi v\u00e6re den st\u00f8rste formen for vulgaritet. I andre, mer sekul\u00e6re, er de seksuelle krenkelser og involverer slektninger og foreldre som er kraftigere.<\/p>\n<h2>Banne ord og kreativitet<\/h2>\n<p><strong>Ordene er ikke statiske enheter: <\/strong>De endrer, transformerer, svekker eller lades styrke med de skiftende generasjonene. Begrep som en gang var usigelige i dag, kan virke ufarlige, mens nye uttrykk blir f\u00f8dt for \u00e5 fylle tomromene som er igjen av de som n\u00e5 normaliserte banneord. Denne prosessen viser <strong>vitalitet av spr\u00e5k<\/strong> og dens kontinuerlige tilpasning til kulturelle og sosiale endringer.<\/p>\n<p>I noen tilfeller har st\u00f8tende ord blitt anerkjent av sosiale grupper som et tegn p\u00e5 motstand og stolthet. Det skjer for eksempel med <strong>Forn\u00e6rmelser rettet mot minoriteter<\/strong> som blir forvandlet til positive identitetsetiketter, og velter stigmaet i <strong>Selvbekreftelsesverkt\u00f8y<\/strong>.<\/p>\n<h2>Men hvilket samfunn har det flere d\u00e5rlige ord p\u00e5 spr\u00e5ket?<\/h2>\n<p>Det er veldig sammensatt \u00e5 etablere <strong>Hvilken kultur i verden eier mest d\u00e5rlige ord i sitt uformelle ordforr\u00e5d<\/strong>men flere studier tilbyr interessante indikasjoner sammenlignet med <strong>Europeiske land<\/strong>. If\u00f8lge en analyse nevnt av <strong><em>Pressy<\/em><\/strong>med tanke p\u00e5 antall eksplisitte ord som brukes per million h\u00f8yttalere, <strong>Kroatisk<\/strong> ville v\u00e6re i spissen, etterfulgt av <strong>Norsk<\/strong>, <strong>Bulgarsk<\/strong>Svensk og tsjekkisk, med <strong>Engelsk<\/strong> Plassert blant de f\u00f8rste, men ikke p\u00e5 toppen.<\/p>\n<p>Fra et annet perspektiv, studier basert p\u00e5<strong> Online innlegg<\/strong> Vis det <strong>Franskmennene ville bruke vulg\u00e6re uttrykk oftere enn alle de andre<\/strong>: De vil v\u00e6re i utgangspunktet n\u00e5r det gjelder prosentandel av brukere som un\u00f8yaktig p\u00e5 nettet, etterfulgt av polakker, australiere, New Zealanders og spansk. Til sammenligning, <strong>Amerikanere og italienere<\/strong> Det er mindre sannsynlig at de gj\u00f8r det i sammenheng med sosiale innlegg.<\/p>\n<p>I tillegg har nyere s\u00f8k gitt et konkret antall d\u00e5rlige ord som er sertifisert p\u00e5 noen spr\u00e5k: <strong>Hebraisk<\/strong> Det ville ha 34, Hindi og den ungarske 14, koreaneren 17 og russiske 26.<\/p>\n<div class=\"cp_wrapper  mb-50\">\n<div class=\"cbx\">\n<div class=\"cbx__collection\">\n<p>Kilder<\/p>\n<div class=\"cbx__sources\">\n<p>Stephens R., Atkins J. &#038; Kingston A. (2009). &laquo;Banne som et svar p\u00e5 smerte&raquo;<\/p>\n<p>Hay CM (2024). &laquo;En mini -gjennomgang av de hypoalgesiske effektene av banning&raquo;<\/p>\n<p>Mahayana Ima Suarjaya, Aag &#038; Putri P. (2020). &laquo;Bruken av tabuord i Denpasar&raquo;<\/p>\n<\/p><\/div>\n<\/p><\/div>\n<\/p><\/div>\n<\/p><\/div>\n<\/p><\/div>\n","protected":false},"excerpt":{"rendered":"<p>Alt er bra tunge av verden holder sitt eget arsenal av ord som anses som<\/p>\n","protected":false},"author":1,"featured_media":9290,"comment_status":"closed","ping_status":"open","sticky":false,"template":"","format":"standard","meta":{"footnotes":""},"categories":[104],"tags":[981,4216,150,74,892,144,99,167,2586,2979,117],"class_list":["post-9289","post","type-post","status-publish","format-standard","has-post-thumbnail","hentry","category-samfunn","tag-bruker","tag-darlige","tag-dem","tag-den","tag-funksjonen","tag-hva","tag-hvem","tag-mest","tag-ord","tag-sosiale","tag-til","generate-columns","tablet-grid-50","mobile-grid-100","grid-parent","grid-33","resize-featured-image"],"yoast_head":"<!-- This site is optimized with the Yoast SEO plugin v24.4 - https:\/\/yoast.com\/wordpress\/plugins\/seo\/ -->\n<title>Hva er den sosiale funksjonen til d\u00e5rlige ord og hvem bruker dem mest? - Nordnesrepublikken<\/title>\n<meta name=\"robots\" content=\"index, follow, max-snippet:-1, max-image-preview:large, max-video-preview:-1\" \/>\n<link rel=\"canonical\" href=\"https:\/\/nordnesrepublikken.no\/index.php\/2025\/09\/07\/hva-er-den-sosiale-funksjonen-til-darlige-ord-og-hvem-bruker-dem-mest\/\" \/>\n<meta property=\"og:locale\" content=\"nb_NO\" \/>\n<meta property=\"og:type\" content=\"article\" \/>\n<meta property=\"og:title\" content=\"Hva er den sosiale funksjonen til d\u00e5rlige ord og hvem bruker dem mest? - Nordnesrepublikken\" \/>\n<meta property=\"og:description\" content=\"Alt er bra tunge av verden holder sitt eget arsenal av ord som anses som\" \/>\n<meta property=\"og:url\" content=\"https:\/\/nordnesrepublikken.no\/index.php\/2025\/09\/07\/hva-er-den-sosiale-funksjonen-til-darlige-ord-og-hvem-bruker-dem-mest\/\" \/>\n<meta property=\"og:site_name\" content=\"Nordnesrepublikken\" \/>\n<meta property=\"article:published_time\" content=\"2025-09-07T13:50:17+00:00\" \/>\n<meta property=\"article:modified_time\" content=\"2025-09-07T13:50:19+00:00\" \/>\n<meta property=\"og:image\" content=\"https:\/\/nordnesrepublikken.no\/wp-content\/uploads\/2025\/09\/1757253017_Hva-er-den-sosiale-funksjonen-til-darlige-ord-og-hvem.jpeg\" \/>\n\t<meta property=\"og:image:width\" content=\"1797\" \/>\n\t<meta property=\"og:image:height\" content=\"980\" \/>\n\t<meta property=\"og:image:type\" content=\"image\/jpeg\" \/>\n<meta name=\"author\" content=\"Ole Andersen\" \/>\n<meta name=\"twitter:card\" content=\"summary_large_image\" \/>\n<meta name=\"twitter:label1\" content=\"Skrevet av\" \/>\n\t<meta name=\"twitter:data1\" content=\"Ole Andersen\" \/>\n\t<meta name=\"twitter:label2\" content=\"Ansl. lesetid\" \/>\n\t<meta name=\"twitter:data2\" content=\"3 minutter\" \/>\n<script type=\"application\/ld+json\" class=\"yoast-schema-graph\">{\"@context\":\"https:\/\/schema.org\",\"@graph\":[{\"@type\":\"Article\",\"@id\":\"https:\/\/nordnesrepublikken.no\/index.php\/2025\/09\/07\/hva-er-den-sosiale-funksjonen-til-darlige-ord-og-hvem-bruker-dem-mest\/#article\",\"isPartOf\":{\"@id\":\"https:\/\/nordnesrepublikken.no\/index.php\/2025\/09\/07\/hva-er-den-sosiale-funksjonen-til-darlige-ord-og-hvem-bruker-dem-mest\/\"},\"author\":{\"name\":\"Ole Andersen\",\"@id\":\"https:\/\/nordnesrepublikken.no\/#\/schema\/person\/2e7e81935bab77882fffb79296240ff1\"},\"headline\":\"Hva er den sosiale funksjonen til d\u00e5rlige ord og hvem bruker dem mest?\",\"datePublished\":\"2025-09-07T13:50:17+00:00\",\"dateModified\":\"2025-09-07T13:50:19+00:00\",\"mainEntityOfPage\":{\"@id\":\"https:\/\/nordnesrepublikken.no\/index.php\/2025\/09\/07\/hva-er-den-sosiale-funksjonen-til-darlige-ord-og-hvem-bruker-dem-mest\/\"},\"wordCount\":688,\"publisher\":{\"@id\":\"https:\/\/nordnesrepublikken.no\/#organization\"},\"image\":{\"@id\":\"https:\/\/nordnesrepublikken.no\/index.php\/2025\/09\/07\/hva-er-den-sosiale-funksjonen-til-darlige-ord-og-hvem-bruker-dem-mest\/#primaryimage\"},\"thumbnailUrl\":\"https:\/\/nordnesrepublikken.no\/wp-content\/uploads\/2025\/09\/1757253017_Hva-er-den-sosiale-funksjonen-til-darlige-ord-og-hvem.jpeg\",\"keywords\":[\"bruker\",\"d\u00e5rlige\",\"dem\",\"den\",\"Funksjonen\",\"Hva\",\"Hvem\",\"mest\",\"ord\",\"sosiale\",\"til\"],\"articleSection\":[\"Samfunn\"],\"inLanguage\":\"nb-NO\"},{\"@type\":\"WebPage\",\"@id\":\"https:\/\/nordnesrepublikken.no\/index.php\/2025\/09\/07\/hva-er-den-sosiale-funksjonen-til-darlige-ord-og-hvem-bruker-dem-mest\/\",\"url\":\"https:\/\/nordnesrepublikken.no\/index.php\/2025\/09\/07\/hva-er-den-sosiale-funksjonen-til-darlige-ord-og-hvem-bruker-dem-mest\/\",\"name\":\"Hva er den sosiale funksjonen til d\u00e5rlige ord og hvem bruker dem mest? - Nordnesrepublikken\",\"isPartOf\":{\"@id\":\"https:\/\/nordnesrepublikken.no\/#website\"},\"primaryImageOfPage\":{\"@id\":\"https:\/\/nordnesrepublikken.no\/index.php\/2025\/09\/07\/hva-er-den-sosiale-funksjonen-til-darlige-ord-og-hvem-bruker-dem-mest\/#primaryimage\"},\"image\":{\"@id\":\"https:\/\/nordnesrepublikken.no\/index.php\/2025\/09\/07\/hva-er-den-sosiale-funksjonen-til-darlige-ord-og-hvem-bruker-dem-mest\/#primaryimage\"},\"thumbnailUrl\":\"https:\/\/nordnesrepublikken.no\/wp-content\/uploads\/2025\/09\/1757253017_Hva-er-den-sosiale-funksjonen-til-darlige-ord-og-hvem.jpeg\",\"datePublished\":\"2025-09-07T13:50:17+00:00\",\"dateModified\":\"2025-09-07T13:50:19+00:00\",\"breadcrumb\":{\"@id\":\"https:\/\/nordnesrepublikken.no\/index.php\/2025\/09\/07\/hva-er-den-sosiale-funksjonen-til-darlige-ord-og-hvem-bruker-dem-mest\/#breadcrumb\"},\"inLanguage\":\"nb-NO\",\"potentialAction\":[{\"@type\":\"ReadAction\",\"target\":[\"https:\/\/nordnesrepublikken.no\/index.php\/2025\/09\/07\/hva-er-den-sosiale-funksjonen-til-darlige-ord-og-hvem-bruker-dem-mest\/\"]}]},{\"@type\":\"ImageObject\",\"inLanguage\":\"nb-NO\",\"@id\":\"https:\/\/nordnesrepublikken.no\/index.php\/2025\/09\/07\/hva-er-den-sosiale-funksjonen-til-darlige-ord-og-hvem-bruker-dem-mest\/#primaryimage\",\"url\":\"https:\/\/nordnesrepublikken.no\/wp-content\/uploads\/2025\/09\/1757253017_Hva-er-den-sosiale-funksjonen-til-darlige-ord-og-hvem.jpeg\",\"contentUrl\":\"https:\/\/nordnesrepublikken.no\/wp-content\/uploads\/2025\/09\/1757253017_Hva-er-den-sosiale-funksjonen-til-darlige-ord-og-hvem.jpeg\",\"width\":1797,\"height\":980,\"caption\":\"Immagine\"},{\"@type\":\"BreadcrumbList\",\"@id\":\"https:\/\/nordnesrepublikken.no\/index.php\/2025\/09\/07\/hva-er-den-sosiale-funksjonen-til-darlige-ord-og-hvem-bruker-dem-mest\/#breadcrumb\",\"itemListElement\":[{\"@type\":\"ListItem\",\"position\":1,\"name\":\"Home\",\"item\":\"https:\/\/nordnesrepublikken.no\/\"},{\"@type\":\"ListItem\",\"position\":2,\"name\":\"Hva er den sosiale funksjonen til d\u00e5rlige ord og hvem bruker dem mest?\"}]},{\"@type\":\"WebSite\",\"@id\":\"https:\/\/nordnesrepublikken.no\/#website\",\"url\":\"https:\/\/nordnesrepublikken.no\/\",\"name\":\"Nordnesrepublikken\",\"description\":\"Stemmer og Visjoner fra Republikkens Hjerte\",\"publisher\":{\"@id\":\"https:\/\/nordnesrepublikken.no\/#organization\"},\"potentialAction\":[{\"@type\":\"SearchAction\",\"target\":{\"@type\":\"EntryPoint\",\"urlTemplate\":\"https:\/\/nordnesrepublikken.no\/?s={search_term_string}\"},\"query-input\":{\"@type\":\"PropertyValueSpecification\",\"valueRequired\":true,\"valueName\":\"search_term_string\"}}],\"inLanguage\":\"nb-NO\"},{\"@type\":\"Organization\",\"@id\":\"https:\/\/nordnesrepublikken.no\/#organization\",\"name\":\"Nordnesrepublikken\",\"url\":\"https:\/\/nordnesrepublikken.no\/\",\"logo\":{\"@type\":\"ImageObject\",\"inLanguage\":\"nb-NO\",\"@id\":\"https:\/\/nordnesrepublikken.no\/#\/schema\/logo\/image\/\",\"url\":\"https:\/\/nordnesrepublikken.no\/wp-content\/uploads\/2025\/02\/cropped-nordnesrepublikken-2.png\",\"contentUrl\":\"https:\/\/nordnesrepublikken.no\/wp-content\/uploads\/2025\/02\/cropped-nordnesrepublikken-2.png\",\"width\":1248,\"height\":362,\"caption\":\"Nordnesrepublikken\"},\"image\":{\"@id\":\"https:\/\/nordnesrepublikken.no\/#\/schema\/logo\/image\/\"}},{\"@type\":\"Person\",\"@id\":\"https:\/\/nordnesrepublikken.no\/#\/schema\/person\/2e7e81935bab77882fffb79296240ff1\",\"name\":\"Ole Andersen\",\"image\":{\"@type\":\"ImageObject\",\"inLanguage\":\"nb-NO\",\"@id\":\"https:\/\/nordnesrepublikken.no\/#\/schema\/person\/image\/\",\"url\":\"https:\/\/nordnesrepublikken.no\/wp-content\/uploads\/2025\/02\/nordnesrepublikken-2-2-150x150.jpg\",\"contentUrl\":\"https:\/\/nordnesrepublikken.no\/wp-content\/uploads\/2025\/02\/nordnesrepublikken-2-2-150x150.jpg\",\"caption\":\"Ole Andersen\"},\"description\":\"Ettersom jeg vokste opp i Oslo, har jeg alltid v\u00e6rt fascinert av ordenes kraft og deres evne til \u00e5 skape endringer. Etter \u00e5 ha fullf\u00f8rt min utdannelse i kommunikasjon ved Universitetet i Bergen, fikk jeg muligheten til \u00e5 jobbe innen ulike medier, der jeg har s\u00f8kt \u00e5 belyse viktige samfunnssp\u00f8rsm\u00e5l. I dag, som redakt\u00f8r for Nordnesrepublikken, pr\u00f8ver jeg \u00e5 forene min kj\u00e6rlighet for journalistikk med min lidenskap for innovasjon og eventyr.\",\"sameAs\":[\"https:\/\/nordnesrepublikken.no\/\"]}]}<\/script>\n<!-- \/ Yoast SEO plugin. -->","yoast_head_json":{"title":"Hva er den sosiale funksjonen til d\u00e5rlige ord og hvem bruker dem mest? - Nordnesrepublikken","robots":{"index":"index","follow":"follow","max-snippet":"max-snippet:-1","max-image-preview":"max-image-preview:large","max-video-preview":"max-video-preview:-1"},"canonical":"https:\/\/nordnesrepublikken.no\/index.php\/2025\/09\/07\/hva-er-den-sosiale-funksjonen-til-darlige-ord-og-hvem-bruker-dem-mest\/","og_locale":"nb_NO","og_type":"article","og_title":"Hva er den sosiale funksjonen til d\u00e5rlige ord og hvem bruker dem mest? - Nordnesrepublikken","og_description":"Alt er bra tunge av verden holder sitt eget arsenal av ord som anses som","og_url":"https:\/\/nordnesrepublikken.no\/index.php\/2025\/09\/07\/hva-er-den-sosiale-funksjonen-til-darlige-ord-og-hvem-bruker-dem-mest\/","og_site_name":"Nordnesrepublikken","article_published_time":"2025-09-07T13:50:17+00:00","article_modified_time":"2025-09-07T13:50:19+00:00","og_image":[{"width":1797,"height":980,"url":"https:\/\/nordnesrepublikken.no\/wp-content\/uploads\/2025\/09\/1757253017_Hva-er-den-sosiale-funksjonen-til-darlige-ord-og-hvem.jpeg","type":"image\/jpeg"}],"author":"Ole Andersen","twitter_card":"summary_large_image","twitter_misc":{"Skrevet av":"Ole Andersen","Ansl. lesetid":"3 minutter"},"schema":{"@context":"https:\/\/schema.org","@graph":[{"@type":"Article","@id":"https:\/\/nordnesrepublikken.no\/index.php\/2025\/09\/07\/hva-er-den-sosiale-funksjonen-til-darlige-ord-og-hvem-bruker-dem-mest\/#article","isPartOf":{"@id":"https:\/\/nordnesrepublikken.no\/index.php\/2025\/09\/07\/hva-er-den-sosiale-funksjonen-til-darlige-ord-og-hvem-bruker-dem-mest\/"},"author":{"name":"Ole Andersen","@id":"https:\/\/nordnesrepublikken.no\/#\/schema\/person\/2e7e81935bab77882fffb79296240ff1"},"headline":"Hva er den sosiale funksjonen til d\u00e5rlige ord og hvem bruker dem mest?","datePublished":"2025-09-07T13:50:17+00:00","dateModified":"2025-09-07T13:50:19+00:00","mainEntityOfPage":{"@id":"https:\/\/nordnesrepublikken.no\/index.php\/2025\/09\/07\/hva-er-den-sosiale-funksjonen-til-darlige-ord-og-hvem-bruker-dem-mest\/"},"wordCount":688,"publisher":{"@id":"https:\/\/nordnesrepublikken.no\/#organization"},"image":{"@id":"https:\/\/nordnesrepublikken.no\/index.php\/2025\/09\/07\/hva-er-den-sosiale-funksjonen-til-darlige-ord-og-hvem-bruker-dem-mest\/#primaryimage"},"thumbnailUrl":"https:\/\/nordnesrepublikken.no\/wp-content\/uploads\/2025\/09\/1757253017_Hva-er-den-sosiale-funksjonen-til-darlige-ord-og-hvem.jpeg","keywords":["bruker","d\u00e5rlige","dem","den","Funksjonen","Hva","Hvem","mest","ord","sosiale","til"],"articleSection":["Samfunn"],"inLanguage":"nb-NO"},{"@type":"WebPage","@id":"https:\/\/nordnesrepublikken.no\/index.php\/2025\/09\/07\/hva-er-den-sosiale-funksjonen-til-darlige-ord-og-hvem-bruker-dem-mest\/","url":"https:\/\/nordnesrepublikken.no\/index.php\/2025\/09\/07\/hva-er-den-sosiale-funksjonen-til-darlige-ord-og-hvem-bruker-dem-mest\/","name":"Hva er den sosiale funksjonen til d\u00e5rlige ord og hvem bruker dem mest? - Nordnesrepublikken","isPartOf":{"@id":"https:\/\/nordnesrepublikken.no\/#website"},"primaryImageOfPage":{"@id":"https:\/\/nordnesrepublikken.no\/index.php\/2025\/09\/07\/hva-er-den-sosiale-funksjonen-til-darlige-ord-og-hvem-bruker-dem-mest\/#primaryimage"},"image":{"@id":"https:\/\/nordnesrepublikken.no\/index.php\/2025\/09\/07\/hva-er-den-sosiale-funksjonen-til-darlige-ord-og-hvem-bruker-dem-mest\/#primaryimage"},"thumbnailUrl":"https:\/\/nordnesrepublikken.no\/wp-content\/uploads\/2025\/09\/1757253017_Hva-er-den-sosiale-funksjonen-til-darlige-ord-og-hvem.jpeg","datePublished":"2025-09-07T13:50:17+00:00","dateModified":"2025-09-07T13:50:19+00:00","breadcrumb":{"@id":"https:\/\/nordnesrepublikken.no\/index.php\/2025\/09\/07\/hva-er-den-sosiale-funksjonen-til-darlige-ord-og-hvem-bruker-dem-mest\/#breadcrumb"},"inLanguage":"nb-NO","potentialAction":[{"@type":"ReadAction","target":["https:\/\/nordnesrepublikken.no\/index.php\/2025\/09\/07\/hva-er-den-sosiale-funksjonen-til-darlige-ord-og-hvem-bruker-dem-mest\/"]}]},{"@type":"ImageObject","inLanguage":"nb-NO","@id":"https:\/\/nordnesrepublikken.no\/index.php\/2025\/09\/07\/hva-er-den-sosiale-funksjonen-til-darlige-ord-og-hvem-bruker-dem-mest\/#primaryimage","url":"https:\/\/nordnesrepublikken.no\/wp-content\/uploads\/2025\/09\/1757253017_Hva-er-den-sosiale-funksjonen-til-darlige-ord-og-hvem.jpeg","contentUrl":"https:\/\/nordnesrepublikken.no\/wp-content\/uploads\/2025\/09\/1757253017_Hva-er-den-sosiale-funksjonen-til-darlige-ord-og-hvem.jpeg","width":1797,"height":980,"caption":"Immagine"},{"@type":"BreadcrumbList","@id":"https:\/\/nordnesrepublikken.no\/index.php\/2025\/09\/07\/hva-er-den-sosiale-funksjonen-til-darlige-ord-og-hvem-bruker-dem-mest\/#breadcrumb","itemListElement":[{"@type":"ListItem","position":1,"name":"Home","item":"https:\/\/nordnesrepublikken.no\/"},{"@type":"ListItem","position":2,"name":"Hva er den sosiale funksjonen til d\u00e5rlige ord og hvem bruker dem mest?"}]},{"@type":"WebSite","@id":"https:\/\/nordnesrepublikken.no\/#website","url":"https:\/\/nordnesrepublikken.no\/","name":"Nordnesrepublikken","description":"Stemmer og Visjoner fra Republikkens Hjerte","publisher":{"@id":"https:\/\/nordnesrepublikken.no\/#organization"},"potentialAction":[{"@type":"SearchAction","target":{"@type":"EntryPoint","urlTemplate":"https:\/\/nordnesrepublikken.no\/?s={search_term_string}"},"query-input":{"@type":"PropertyValueSpecification","valueRequired":true,"valueName":"search_term_string"}}],"inLanguage":"nb-NO"},{"@type":"Organization","@id":"https:\/\/nordnesrepublikken.no\/#organization","name":"Nordnesrepublikken","url":"https:\/\/nordnesrepublikken.no\/","logo":{"@type":"ImageObject","inLanguage":"nb-NO","@id":"https:\/\/nordnesrepublikken.no\/#\/schema\/logo\/image\/","url":"https:\/\/nordnesrepublikken.no\/wp-content\/uploads\/2025\/02\/cropped-nordnesrepublikken-2.png","contentUrl":"https:\/\/nordnesrepublikken.no\/wp-content\/uploads\/2025\/02\/cropped-nordnesrepublikken-2.png","width":1248,"height":362,"caption":"Nordnesrepublikken"},"image":{"@id":"https:\/\/nordnesrepublikken.no\/#\/schema\/logo\/image\/"}},{"@type":"Person","@id":"https:\/\/nordnesrepublikken.no\/#\/schema\/person\/2e7e81935bab77882fffb79296240ff1","name":"Ole Andersen","image":{"@type":"ImageObject","inLanguage":"nb-NO","@id":"https:\/\/nordnesrepublikken.no\/#\/schema\/person\/image\/","url":"https:\/\/nordnesrepublikken.no\/wp-content\/uploads\/2025\/02\/nordnesrepublikken-2-2-150x150.jpg","contentUrl":"https:\/\/nordnesrepublikken.no\/wp-content\/uploads\/2025\/02\/nordnesrepublikken-2-2-150x150.jpg","caption":"Ole Andersen"},"description":"Ettersom jeg vokste opp i Oslo, har jeg alltid v\u00e6rt fascinert av ordenes kraft og deres evne til \u00e5 skape endringer. Etter \u00e5 ha fullf\u00f8rt min utdannelse i kommunikasjon ved Universitetet i Bergen, fikk jeg muligheten til \u00e5 jobbe innen ulike medier, der jeg har s\u00f8kt \u00e5 belyse viktige samfunnssp\u00f8rsm\u00e5l. I dag, som redakt\u00f8r for Nordnesrepublikken, pr\u00f8ver jeg \u00e5 forene min kj\u00e6rlighet for journalistikk med min lidenskap for innovasjon og eventyr.","sameAs":["https:\/\/nordnesrepublikken.no\/"]}]}},"_links":{"self":[{"href":"https:\/\/nordnesrepublikken.no\/index.php\/wp-json\/wp\/v2\/posts\/9289","targetHints":{"allow":["GET"]}}],"collection":[{"href":"https:\/\/nordnesrepublikken.no\/index.php\/wp-json\/wp\/v2\/posts"}],"about":[{"href":"https:\/\/nordnesrepublikken.no\/index.php\/wp-json\/wp\/v2\/types\/post"}],"author":[{"embeddable":true,"href":"https:\/\/nordnesrepublikken.no\/index.php\/wp-json\/wp\/v2\/users\/1"}],"replies":[{"embeddable":true,"href":"https:\/\/nordnesrepublikken.no\/index.php\/wp-json\/wp\/v2\/comments?post=9289"}],"version-history":[{"count":1,"href":"https:\/\/nordnesrepublikken.no\/index.php\/wp-json\/wp\/v2\/posts\/9289\/revisions"}],"predecessor-version":[{"id":9291,"href":"https:\/\/nordnesrepublikken.no\/index.php\/wp-json\/wp\/v2\/posts\/9289\/revisions\/9291"}],"wp:featuredmedia":[{"embeddable":true,"href":"https:\/\/nordnesrepublikken.no\/index.php\/wp-json\/wp\/v2\/media\/9290"}],"wp:attachment":[{"href":"https:\/\/nordnesrepublikken.no\/index.php\/wp-json\/wp\/v2\/media?parent=9289"}],"wp:term":[{"taxonomy":"category","embeddable":true,"href":"https:\/\/nordnesrepublikken.no\/index.php\/wp-json\/wp\/v2\/categories?post=9289"},{"taxonomy":"post_tag","embeddable":true,"href":"https:\/\/nordnesrepublikken.no\/index.php\/wp-json\/wp\/v2\/tags?post=9289"}],"curies":[{"name":"wp","href":"https:\/\/api.w.org\/{rel}","templated":true}]}}