{"id":9283,"date":"2025-09-07T12:50:58","date_gmt":"2025-09-07T10:50:58","guid":{"rendered":"https:\/\/nordnesrepublikken.no\/index.php\/2025\/09\/07\/hva-er-mikronasjonen-av-onnekop-i-sverige-og-fordi-det-har-et-flagg-med-en-kopp-og-en-gjok\/"},"modified":"2025-09-07T12:51:03","modified_gmt":"2025-09-07T10:51:03","slug":"hva-er-mikronasjonen-av-onnekop-i-sverige-og-fordi-det-har-et-flagg-med-en-kopp-og-en-gjok","status":"publish","type":"post","link":"https:\/\/nordnesrepublikken.no\/index.php\/2025\/09\/07\/hva-er-mikronasjonen-av-onnekop-i-sverige-og-fordi-det-har-et-flagg-med-en-kopp-og-en-gjok\/","title":{"rendered":"Hva er mikronasjonen av \u00d6nnek\u00f6p i Sverige, og fordi det har et flagg med en kopp og en gj\u00f8k"},"content":{"rendered":"<div>\n<div class=\"cp_wrapper cp_wrapper--fw mb-30 mb-20@tablet\">\n<figure class=\"mm\"><picture class=\"img\" style=\"padding-top:56.25%\"><source  media=\"(min-width: 1024px)\"><source  media=\"(min-width: 768px)\"><\/source><\/source><\/picture><\/figure>\n<\/p><\/div>\n<p>Innenfor de svenske grensene er det en <strong>Mikronering<\/strong> fra <strong>eller, 27 km<sup>2<\/sup><\/strong>  hvis flagg viser en <strong>kopp kaffe<\/strong> fl\u00f8yet av en <strong>Cuckoo:<\/strong> Vi snakker om <strong>\u00d6nnek\u00f6p<\/strong>i fylket Sk\u00e5ne i Sverige, uavhengig av <strong>2005<\/strong>. Dette bittesm\u00e5 urbane senteret teller bare <strong>228 mennesker,<\/strong> av dem <strong>58<\/strong> De spiller rollen som minister, og inni kan du finne et par barer, et emporium og &#8230; a <strong>Museum om kannibalisme<\/strong>. Bildene som er avbildet p\u00e5 flagget er ikke tilfeldige: Her er en typisk drink av omr\u00e5det representert, &laquo;<em>Kaffe av gj\u00f8ken<\/em>&laquo;, oppn\u00e5dd ved \u00e5 blande kaffe og vodka. Tror du hymnen til landet er nettopp&raquo;<em>Kaffeg\u00f6ken Det B\u00e4sta \u00e4r, Den Leder Alfrig Till Besv\u00e4r<\/em>&laquo;Oversettelig med:<\/p>\n<blockquote>\n<p>Det beste med gj\u00f8kens kaffe er at han aldri skaper problemer.<\/p>\n<\/blockquote>\n<p><iframe title=\"\u00d6nnek\u00f6p\" aria-label=\"Mappe di localizzazione\" id=\"datawrapper-chart-JpAHX\" scrolling=\"no\" frameborder=\"0\" style=\"width: 0; min-width: 100% !important; border: none;\" height=\"522\" data-external=\"1\" data-type=\"generic-iframe\" data-src=\"https:\/\/datawrapper.dwcdn.net\/JpAHX\/1\/\" class=\"js-parse-embed\"><\/iframe><\/p>\n<p>Som enhver mikronering som ogs\u00e5 respekterer <strong>\u00d6nnek\u00f6p <\/strong>har sin egen regjering til hvis guide der er <strong>Arnold Wernerson,<\/strong> Manager for det lokale Cannibali -museet. Det er en mest fredelig og styrt mikronasjon med en god f\u00f8lelse av ironi, som den gangen de pr\u00f8vde \u00e5 &laquo;erobre&raquo; den n\u00e6rliggende landsbyen til <strong>Huar\u00f6d.<\/strong> I 2012, faktisk, under landets karneval, bestemte republikken \u00d6nnek\u00f6p seg for \u00e5 bringe luftfartsmennene til $ Ra til feltet (<em>Republikansk h\u00e6r av \u00d6nnek\u00f6p<\/em>). Spesielt to &laquo;soldater&raquo; kom <strong>n\u00f8lte midt i festen<\/strong>hevder at det territoriet.<br \/>Det er klart at alt endte i ingenting, og innbyggerne i Huar\u00f6d tilgir den invasjonen etter at mikronasjonen offisielt inviterte dem til \u00e5 bes\u00f8ke ham.<\/p>\n<div class=\"cp_wrapper cp_wrapper--fw mb-50\">\n<figure class=\"mm\"><picture class=\"img\" style=\"padding-top:54.385964912281%\"><source  media=\"(min-width: 1024px)\"><source  media=\"(min-width: 768px)\"><img decoding=\"async\" loading=\"lazy\" src=\"https:\/\/nordnesrepublikken.no\/wp-content\/uploads\/2025\/09\/1757242258_835_Hva-er-mikronasjonen-av-Onnekop-i-Sverige-og-fordi-det.jpg\" alt=\"Onnekop\" width=\"1539\" height=\"837\"><\/source><\/source><\/picture><\/figure>\n<\/p><\/div>\n<\/p><\/div>\n","protected":false},"excerpt":{"rendered":"<p>Innenfor de svenske grensene er det en Mikronering fra eller, 27 km2 hvis flagg viser<\/p>\n","protected":false},"author":1,"featured_media":9284,"comment_status":"closed","ping_status":"open","sticky":false,"template":"","format":"standard","meta":{"footnotes":""},"categories":[26],"tags":[66,855,83,6086,179,144,3309,79,6084,6085,4565],"class_list":["post-9283","post","type-post","status-publish","format-standard","has-post-thumbnail","hentry","category-miljo","tag-det","tag-flagg","tag-fordi","tag-gjok","tag-har","tag-hva","tag-kopp","tag-med","tag-mikronasjonen","tag-onnekop","tag-sverige","generate-columns","tablet-grid-50","mobile-grid-100","grid-parent","grid-33","resize-featured-image"],"yoast_head":"<!-- This site is optimized with the Yoast SEO plugin v24.4 - https:\/\/yoast.com\/wordpress\/plugins\/seo\/ -->\n<title>Hva er mikronasjonen av \u00d6nnek\u00f6p i Sverige, og fordi det har et flagg med en kopp og en gj\u00f8k - Nordnesrepublikken<\/title>\n<meta name=\"robots\" content=\"index, follow, max-snippet:-1, max-image-preview:large, max-video-preview:-1\" \/>\n<link rel=\"canonical\" href=\"https:\/\/nordnesrepublikken.no\/index.php\/2025\/09\/07\/hva-er-mikronasjonen-av-onnekop-i-sverige-og-fordi-det-har-et-flagg-med-en-kopp-og-en-gjok\/\" \/>\n<meta property=\"og:locale\" content=\"nb_NO\" \/>\n<meta property=\"og:type\" content=\"article\" \/>\n<meta property=\"og:title\" content=\"Hva er mikronasjonen av \u00d6nnek\u00f6p i Sverige, og fordi det har et flagg med en kopp og en gj\u00f8k - Nordnesrepublikken\" \/>\n<meta property=\"og:description\" content=\"Innenfor de svenske grensene er det en Mikronering fra eller, 27 km2 hvis flagg viser\" \/>\n<meta property=\"og:url\" content=\"https:\/\/nordnesrepublikken.no\/index.php\/2025\/09\/07\/hva-er-mikronasjonen-av-onnekop-i-sverige-og-fordi-det-har-et-flagg-med-en-kopp-og-en-gjok\/\" \/>\n<meta property=\"og:site_name\" content=\"Nordnesrepublikken\" \/>\n<meta property=\"article:published_time\" content=\"2025-09-07T10:50:58+00:00\" \/>\n<meta property=\"article:modified_time\" content=\"2025-09-07T10:51:03+00:00\" \/>\n<meta property=\"og:image\" content=\"https:\/\/nordnesrepublikken.no\/wp-content\/uploads\/2025\/09\/1757242259_Hva-er-mikronasjonen-av-Onnekop-i-Sverige-og-fordi-det.jpg\" \/>\n\t<meta property=\"og:image:width\" content=\"2549\" \/>\n\t<meta property=\"og:image:height\" content=\"1491\" \/>\n\t<meta property=\"og:image:type\" content=\"image\/jpeg\" \/>\n<meta name=\"author\" content=\"Ole Andersen\" \/>\n<meta name=\"twitter:card\" content=\"summary_large_image\" \/>\n<meta name=\"twitter:label1\" content=\"Skrevet av\" \/>\n\t<meta name=\"twitter:data1\" content=\"Ole Andersen\" \/>\n\t<meta name=\"twitter:label2\" content=\"Ansl. lesetid\" \/>\n\t<meta name=\"twitter:data2\" content=\"1 minutt\" \/>\n<script type=\"application\/ld+json\" class=\"yoast-schema-graph\">{\"@context\":\"https:\/\/schema.org\",\"@graph\":[{\"@type\":\"Article\",\"@id\":\"https:\/\/nordnesrepublikken.no\/index.php\/2025\/09\/07\/hva-er-mikronasjonen-av-onnekop-i-sverige-og-fordi-det-har-et-flagg-med-en-kopp-og-en-gjok\/#article\",\"isPartOf\":{\"@id\":\"https:\/\/nordnesrepublikken.no\/index.php\/2025\/09\/07\/hva-er-mikronasjonen-av-onnekop-i-sverige-og-fordi-det-har-et-flagg-med-en-kopp-og-en-gjok\/\"},\"author\":{\"name\":\"Ole Andersen\",\"@id\":\"https:\/\/nordnesrepublikken.no\/#\/schema\/person\/2e7e81935bab77882fffb79296240ff1\"},\"headline\":\"Hva er mikronasjonen av \u00d6nnek\u00f6p i Sverige, og fordi det har et flagg med en kopp og en gj\u00f8k\",\"datePublished\":\"2025-09-07T10:50:58+00:00\",\"dateModified\":\"2025-09-07T10:51:03+00:00\",\"mainEntityOfPage\":{\"@id\":\"https:\/\/nordnesrepublikken.no\/index.php\/2025\/09\/07\/hva-er-mikronasjonen-av-onnekop-i-sverige-og-fordi-det-har-et-flagg-med-en-kopp-og-en-gjok\/\"},\"wordCount\":261,\"publisher\":{\"@id\":\"https:\/\/nordnesrepublikken.no\/#organization\"},\"image\":{\"@id\":\"https:\/\/nordnesrepublikken.no\/index.php\/2025\/09\/07\/hva-er-mikronasjonen-av-onnekop-i-sverige-og-fordi-det-har-et-flagg-med-en-kopp-og-en-gjok\/#primaryimage\"},\"thumbnailUrl\":\"https:\/\/nordnesrepublikken.no\/wp-content\/uploads\/2025\/09\/1757242259_Hva-er-mikronasjonen-av-Onnekop-i-Sverige-og-fordi-det.jpg\",\"keywords\":[\"Det\",\"flagg\",\"Fordi\",\"gj\u00f8k\",\"har\",\"Hva\",\"kopp\",\"med\",\"mikronasjonen\",\"\u00d6nnek\u00f6p\",\"Sverige\"],\"articleSection\":[\"Milj\u00f8\"],\"inLanguage\":\"nb-NO\"},{\"@type\":\"WebPage\",\"@id\":\"https:\/\/nordnesrepublikken.no\/index.php\/2025\/09\/07\/hva-er-mikronasjonen-av-onnekop-i-sverige-og-fordi-det-har-et-flagg-med-en-kopp-og-en-gjok\/\",\"url\":\"https:\/\/nordnesrepublikken.no\/index.php\/2025\/09\/07\/hva-er-mikronasjonen-av-onnekop-i-sverige-og-fordi-det-har-et-flagg-med-en-kopp-og-en-gjok\/\",\"name\":\"Hva er mikronasjonen av \u00d6nnek\u00f6p i Sverige, og fordi det har et flagg med en kopp og en gj\u00f8k - Nordnesrepublikken\",\"isPartOf\":{\"@id\":\"https:\/\/nordnesrepublikken.no\/#website\"},\"primaryImageOfPage\":{\"@id\":\"https:\/\/nordnesrepublikken.no\/index.php\/2025\/09\/07\/hva-er-mikronasjonen-av-onnekop-i-sverige-og-fordi-det-har-et-flagg-med-en-kopp-og-en-gjok\/#primaryimage\"},\"image\":{\"@id\":\"https:\/\/nordnesrepublikken.no\/index.php\/2025\/09\/07\/hva-er-mikronasjonen-av-onnekop-i-sverige-og-fordi-det-har-et-flagg-med-en-kopp-og-en-gjok\/#primaryimage\"},\"thumbnailUrl\":\"https:\/\/nordnesrepublikken.no\/wp-content\/uploads\/2025\/09\/1757242259_Hva-er-mikronasjonen-av-Onnekop-i-Sverige-og-fordi-det.jpg\",\"datePublished\":\"2025-09-07T10:50:58+00:00\",\"dateModified\":\"2025-09-07T10:51:03+00:00\",\"breadcrumb\":{\"@id\":\"https:\/\/nordnesrepublikken.no\/index.php\/2025\/09\/07\/hva-er-mikronasjonen-av-onnekop-i-sverige-og-fordi-det-har-et-flagg-med-en-kopp-og-en-gjok\/#breadcrumb\"},\"inLanguage\":\"nb-NO\",\"potentialAction\":[{\"@type\":\"ReadAction\",\"target\":[\"https:\/\/nordnesrepublikken.no\/index.php\/2025\/09\/07\/hva-er-mikronasjonen-av-onnekop-i-sverige-og-fordi-det-har-et-flagg-med-en-kopp-og-en-gjok\/\"]}]},{\"@type\":\"ImageObject\",\"inLanguage\":\"nb-NO\",\"@id\":\"https:\/\/nordnesrepublikken.no\/index.php\/2025\/09\/07\/hva-er-mikronasjonen-av-onnekop-i-sverige-og-fordi-det-har-et-flagg-med-en-kopp-og-en-gjok\/#primaryimage\",\"url\":\"https:\/\/nordnesrepublikken.no\/wp-content\/uploads\/2025\/09\/1757242259_Hva-er-mikronasjonen-av-Onnekop-i-Sverige-og-fordi-det.jpg\",\"contentUrl\":\"https:\/\/nordnesrepublikken.no\/wp-content\/uploads\/2025\/09\/1757242259_Hva-er-mikronasjonen-av-Onnekop-i-Sverige-og-fordi-det.jpg\",\"width\":2549,\"height\":1491,\"caption\":\"Immagine\"},{\"@type\":\"BreadcrumbList\",\"@id\":\"https:\/\/nordnesrepublikken.no\/index.php\/2025\/09\/07\/hva-er-mikronasjonen-av-onnekop-i-sverige-og-fordi-det-har-et-flagg-med-en-kopp-og-en-gjok\/#breadcrumb\",\"itemListElement\":[{\"@type\":\"ListItem\",\"position\":1,\"name\":\"Home\",\"item\":\"https:\/\/nordnesrepublikken.no\/\"},{\"@type\":\"ListItem\",\"position\":2,\"name\":\"Hva er mikronasjonen av \u00d6nnek\u00f6p i Sverige, og fordi det har et flagg med en kopp og en gj\u00f8k\"}]},{\"@type\":\"WebSite\",\"@id\":\"https:\/\/nordnesrepublikken.no\/#website\",\"url\":\"https:\/\/nordnesrepublikken.no\/\",\"name\":\"Nordnesrepublikken\",\"description\":\"Stemmer og Visjoner fra Republikkens Hjerte\",\"publisher\":{\"@id\":\"https:\/\/nordnesrepublikken.no\/#organization\"},\"potentialAction\":[{\"@type\":\"SearchAction\",\"target\":{\"@type\":\"EntryPoint\",\"urlTemplate\":\"https:\/\/nordnesrepublikken.no\/?s={search_term_string}\"},\"query-input\":{\"@type\":\"PropertyValueSpecification\",\"valueRequired\":true,\"valueName\":\"search_term_string\"}}],\"inLanguage\":\"nb-NO\"},{\"@type\":\"Organization\",\"@id\":\"https:\/\/nordnesrepublikken.no\/#organization\",\"name\":\"Nordnesrepublikken\",\"url\":\"https:\/\/nordnesrepublikken.no\/\",\"logo\":{\"@type\":\"ImageObject\",\"inLanguage\":\"nb-NO\",\"@id\":\"https:\/\/nordnesrepublikken.no\/#\/schema\/logo\/image\/\",\"url\":\"https:\/\/nordnesrepublikken.no\/wp-content\/uploads\/2025\/02\/cropped-nordnesrepublikken-2.png\",\"contentUrl\":\"https:\/\/nordnesrepublikken.no\/wp-content\/uploads\/2025\/02\/cropped-nordnesrepublikken-2.png\",\"width\":1248,\"height\":362,\"caption\":\"Nordnesrepublikken\"},\"image\":{\"@id\":\"https:\/\/nordnesrepublikken.no\/#\/schema\/logo\/image\/\"}},{\"@type\":\"Person\",\"@id\":\"https:\/\/nordnesrepublikken.no\/#\/schema\/person\/2e7e81935bab77882fffb79296240ff1\",\"name\":\"Ole Andersen\",\"image\":{\"@type\":\"ImageObject\",\"inLanguage\":\"nb-NO\",\"@id\":\"https:\/\/nordnesrepublikken.no\/#\/schema\/person\/image\/\",\"url\":\"https:\/\/nordnesrepublikken.no\/wp-content\/uploads\/2025\/02\/nordnesrepublikken-2-2-150x150.jpg\",\"contentUrl\":\"https:\/\/nordnesrepublikken.no\/wp-content\/uploads\/2025\/02\/nordnesrepublikken-2-2-150x150.jpg\",\"caption\":\"Ole Andersen\"},\"description\":\"Ettersom jeg vokste opp i Oslo, har jeg alltid v\u00e6rt fascinert av ordenes kraft og deres evne til \u00e5 skape endringer. Etter \u00e5 ha fullf\u00f8rt min utdannelse i kommunikasjon ved Universitetet i Bergen, fikk jeg muligheten til \u00e5 jobbe innen ulike medier, der jeg har s\u00f8kt \u00e5 belyse viktige samfunnssp\u00f8rsm\u00e5l. I dag, som redakt\u00f8r for Nordnesrepublikken, pr\u00f8ver jeg \u00e5 forene min kj\u00e6rlighet for journalistikk med min lidenskap for innovasjon og eventyr.\",\"sameAs\":[\"https:\/\/nordnesrepublikken.no\/\"]}]}<\/script>\n<!-- \/ Yoast SEO plugin. -->","yoast_head_json":{"title":"Hva er mikronasjonen av \u00d6nnek\u00f6p i Sverige, og fordi det har et flagg med en kopp og en gj\u00f8k - Nordnesrepublikken","robots":{"index":"index","follow":"follow","max-snippet":"max-snippet:-1","max-image-preview":"max-image-preview:large","max-video-preview":"max-video-preview:-1"},"canonical":"https:\/\/nordnesrepublikken.no\/index.php\/2025\/09\/07\/hva-er-mikronasjonen-av-onnekop-i-sverige-og-fordi-det-har-et-flagg-med-en-kopp-og-en-gjok\/","og_locale":"nb_NO","og_type":"article","og_title":"Hva er mikronasjonen av \u00d6nnek\u00f6p i Sverige, og fordi det har et flagg med en kopp og en gj\u00f8k - Nordnesrepublikken","og_description":"Innenfor de svenske grensene er det en Mikronering fra eller, 27 km2 hvis flagg viser","og_url":"https:\/\/nordnesrepublikken.no\/index.php\/2025\/09\/07\/hva-er-mikronasjonen-av-onnekop-i-sverige-og-fordi-det-har-et-flagg-med-en-kopp-og-en-gjok\/","og_site_name":"Nordnesrepublikken","article_published_time":"2025-09-07T10:50:58+00:00","article_modified_time":"2025-09-07T10:51:03+00:00","og_image":[{"width":2549,"height":1491,"url":"https:\/\/nordnesrepublikken.no\/wp-content\/uploads\/2025\/09\/1757242259_Hva-er-mikronasjonen-av-Onnekop-i-Sverige-og-fordi-det.jpg","type":"image\/jpeg"}],"author":"Ole Andersen","twitter_card":"summary_large_image","twitter_misc":{"Skrevet av":"Ole Andersen","Ansl. lesetid":"1 minutt"},"schema":{"@context":"https:\/\/schema.org","@graph":[{"@type":"Article","@id":"https:\/\/nordnesrepublikken.no\/index.php\/2025\/09\/07\/hva-er-mikronasjonen-av-onnekop-i-sverige-og-fordi-det-har-et-flagg-med-en-kopp-og-en-gjok\/#article","isPartOf":{"@id":"https:\/\/nordnesrepublikken.no\/index.php\/2025\/09\/07\/hva-er-mikronasjonen-av-onnekop-i-sverige-og-fordi-det-har-et-flagg-med-en-kopp-og-en-gjok\/"},"author":{"name":"Ole Andersen","@id":"https:\/\/nordnesrepublikken.no\/#\/schema\/person\/2e7e81935bab77882fffb79296240ff1"},"headline":"Hva er mikronasjonen av \u00d6nnek\u00f6p i Sverige, og fordi det har et flagg med en kopp og en gj\u00f8k","datePublished":"2025-09-07T10:50:58+00:00","dateModified":"2025-09-07T10:51:03+00:00","mainEntityOfPage":{"@id":"https:\/\/nordnesrepublikken.no\/index.php\/2025\/09\/07\/hva-er-mikronasjonen-av-onnekop-i-sverige-og-fordi-det-har-et-flagg-med-en-kopp-og-en-gjok\/"},"wordCount":261,"publisher":{"@id":"https:\/\/nordnesrepublikken.no\/#organization"},"image":{"@id":"https:\/\/nordnesrepublikken.no\/index.php\/2025\/09\/07\/hva-er-mikronasjonen-av-onnekop-i-sverige-og-fordi-det-har-et-flagg-med-en-kopp-og-en-gjok\/#primaryimage"},"thumbnailUrl":"https:\/\/nordnesrepublikken.no\/wp-content\/uploads\/2025\/09\/1757242259_Hva-er-mikronasjonen-av-Onnekop-i-Sverige-og-fordi-det.jpg","keywords":["Det","flagg","Fordi","gj\u00f8k","har","Hva","kopp","med","mikronasjonen","\u00d6nnek\u00f6p","Sverige"],"articleSection":["Milj\u00f8"],"inLanguage":"nb-NO"},{"@type":"WebPage","@id":"https:\/\/nordnesrepublikken.no\/index.php\/2025\/09\/07\/hva-er-mikronasjonen-av-onnekop-i-sverige-og-fordi-det-har-et-flagg-med-en-kopp-og-en-gjok\/","url":"https:\/\/nordnesrepublikken.no\/index.php\/2025\/09\/07\/hva-er-mikronasjonen-av-onnekop-i-sverige-og-fordi-det-har-et-flagg-med-en-kopp-og-en-gjok\/","name":"Hva er mikronasjonen av \u00d6nnek\u00f6p i Sverige, og fordi det har et flagg med en kopp og en gj\u00f8k - Nordnesrepublikken","isPartOf":{"@id":"https:\/\/nordnesrepublikken.no\/#website"},"primaryImageOfPage":{"@id":"https:\/\/nordnesrepublikken.no\/index.php\/2025\/09\/07\/hva-er-mikronasjonen-av-onnekop-i-sverige-og-fordi-det-har-et-flagg-med-en-kopp-og-en-gjok\/#primaryimage"},"image":{"@id":"https:\/\/nordnesrepublikken.no\/index.php\/2025\/09\/07\/hva-er-mikronasjonen-av-onnekop-i-sverige-og-fordi-det-har-et-flagg-med-en-kopp-og-en-gjok\/#primaryimage"},"thumbnailUrl":"https:\/\/nordnesrepublikken.no\/wp-content\/uploads\/2025\/09\/1757242259_Hva-er-mikronasjonen-av-Onnekop-i-Sverige-og-fordi-det.jpg","datePublished":"2025-09-07T10:50:58+00:00","dateModified":"2025-09-07T10:51:03+00:00","breadcrumb":{"@id":"https:\/\/nordnesrepublikken.no\/index.php\/2025\/09\/07\/hva-er-mikronasjonen-av-onnekop-i-sverige-og-fordi-det-har-et-flagg-med-en-kopp-og-en-gjok\/#breadcrumb"},"inLanguage":"nb-NO","potentialAction":[{"@type":"ReadAction","target":["https:\/\/nordnesrepublikken.no\/index.php\/2025\/09\/07\/hva-er-mikronasjonen-av-onnekop-i-sverige-og-fordi-det-har-et-flagg-med-en-kopp-og-en-gjok\/"]}]},{"@type":"ImageObject","inLanguage":"nb-NO","@id":"https:\/\/nordnesrepublikken.no\/index.php\/2025\/09\/07\/hva-er-mikronasjonen-av-onnekop-i-sverige-og-fordi-det-har-et-flagg-med-en-kopp-og-en-gjok\/#primaryimage","url":"https:\/\/nordnesrepublikken.no\/wp-content\/uploads\/2025\/09\/1757242259_Hva-er-mikronasjonen-av-Onnekop-i-Sverige-og-fordi-det.jpg","contentUrl":"https:\/\/nordnesrepublikken.no\/wp-content\/uploads\/2025\/09\/1757242259_Hva-er-mikronasjonen-av-Onnekop-i-Sverige-og-fordi-det.jpg","width":2549,"height":1491,"caption":"Immagine"},{"@type":"BreadcrumbList","@id":"https:\/\/nordnesrepublikken.no\/index.php\/2025\/09\/07\/hva-er-mikronasjonen-av-onnekop-i-sverige-og-fordi-det-har-et-flagg-med-en-kopp-og-en-gjok\/#breadcrumb","itemListElement":[{"@type":"ListItem","position":1,"name":"Home","item":"https:\/\/nordnesrepublikken.no\/"},{"@type":"ListItem","position":2,"name":"Hva er mikronasjonen av \u00d6nnek\u00f6p i Sverige, og fordi det har et flagg med en kopp og en gj\u00f8k"}]},{"@type":"WebSite","@id":"https:\/\/nordnesrepublikken.no\/#website","url":"https:\/\/nordnesrepublikken.no\/","name":"Nordnesrepublikken","description":"Stemmer og Visjoner fra Republikkens Hjerte","publisher":{"@id":"https:\/\/nordnesrepublikken.no\/#organization"},"potentialAction":[{"@type":"SearchAction","target":{"@type":"EntryPoint","urlTemplate":"https:\/\/nordnesrepublikken.no\/?s={search_term_string}"},"query-input":{"@type":"PropertyValueSpecification","valueRequired":true,"valueName":"search_term_string"}}],"inLanguage":"nb-NO"},{"@type":"Organization","@id":"https:\/\/nordnesrepublikken.no\/#organization","name":"Nordnesrepublikken","url":"https:\/\/nordnesrepublikken.no\/","logo":{"@type":"ImageObject","inLanguage":"nb-NO","@id":"https:\/\/nordnesrepublikken.no\/#\/schema\/logo\/image\/","url":"https:\/\/nordnesrepublikken.no\/wp-content\/uploads\/2025\/02\/cropped-nordnesrepublikken-2.png","contentUrl":"https:\/\/nordnesrepublikken.no\/wp-content\/uploads\/2025\/02\/cropped-nordnesrepublikken-2.png","width":1248,"height":362,"caption":"Nordnesrepublikken"},"image":{"@id":"https:\/\/nordnesrepublikken.no\/#\/schema\/logo\/image\/"}},{"@type":"Person","@id":"https:\/\/nordnesrepublikken.no\/#\/schema\/person\/2e7e81935bab77882fffb79296240ff1","name":"Ole Andersen","image":{"@type":"ImageObject","inLanguage":"nb-NO","@id":"https:\/\/nordnesrepublikken.no\/#\/schema\/person\/image\/","url":"https:\/\/nordnesrepublikken.no\/wp-content\/uploads\/2025\/02\/nordnesrepublikken-2-2-150x150.jpg","contentUrl":"https:\/\/nordnesrepublikken.no\/wp-content\/uploads\/2025\/02\/nordnesrepublikken-2-2-150x150.jpg","caption":"Ole Andersen"},"description":"Ettersom jeg vokste opp i Oslo, har jeg alltid v\u00e6rt fascinert av ordenes kraft og deres evne til \u00e5 skape endringer. Etter \u00e5 ha fullf\u00f8rt min utdannelse i kommunikasjon ved Universitetet i Bergen, fikk jeg muligheten til \u00e5 jobbe innen ulike medier, der jeg har s\u00f8kt \u00e5 belyse viktige samfunnssp\u00f8rsm\u00e5l. I dag, som redakt\u00f8r for Nordnesrepublikken, pr\u00f8ver jeg \u00e5 forene min kj\u00e6rlighet for journalistikk med min lidenskap for innovasjon og eventyr.","sameAs":["https:\/\/nordnesrepublikken.no\/"]}]}},"_links":{"self":[{"href":"https:\/\/nordnesrepublikken.no\/index.php\/wp-json\/wp\/v2\/posts\/9283","targetHints":{"allow":["GET"]}}],"collection":[{"href":"https:\/\/nordnesrepublikken.no\/index.php\/wp-json\/wp\/v2\/posts"}],"about":[{"href":"https:\/\/nordnesrepublikken.no\/index.php\/wp-json\/wp\/v2\/types\/post"}],"author":[{"embeddable":true,"href":"https:\/\/nordnesrepublikken.no\/index.php\/wp-json\/wp\/v2\/users\/1"}],"replies":[{"embeddable":true,"href":"https:\/\/nordnesrepublikken.no\/index.php\/wp-json\/wp\/v2\/comments?post=9283"}],"version-history":[{"count":1,"href":"https:\/\/nordnesrepublikken.no\/index.php\/wp-json\/wp\/v2\/posts\/9283\/revisions"}],"predecessor-version":[{"id":9285,"href":"https:\/\/nordnesrepublikken.no\/index.php\/wp-json\/wp\/v2\/posts\/9283\/revisions\/9285"}],"wp:featuredmedia":[{"embeddable":true,"href":"https:\/\/nordnesrepublikken.no\/index.php\/wp-json\/wp\/v2\/media\/9284"}],"wp:attachment":[{"href":"https:\/\/nordnesrepublikken.no\/index.php\/wp-json\/wp\/v2\/media?parent=9283"}],"wp:term":[{"taxonomy":"category","embeddable":true,"href":"https:\/\/nordnesrepublikken.no\/index.php\/wp-json\/wp\/v2\/categories?post=9283"},{"taxonomy":"post_tag","embeddable":true,"href":"https:\/\/nordnesrepublikken.no\/index.php\/wp-json\/wp\/v2\/tags?post=9283"}],"curies":[{"name":"wp","href":"https:\/\/api.w.org\/{rel}","templated":true}]}}