{"id":9268,"date":"2025-09-07T01:49:44","date_gmt":"2025-09-06T23:49:44","guid":{"rendered":"https:\/\/nordnesrepublikken.no\/index.php\/2025\/09\/07\/som-var-andrea-camilleri-den-beromte-forfatteren-som-fodte-kommisjonaer-montalbano\/"},"modified":"2025-09-07T01:49:44","modified_gmt":"2025-09-06T23:49:44","slug":"som-var-andrea-camilleri-den-beromte-forfatteren-som-fodte-kommisjonaer-montalbano","status":"publish","type":"post","link":"https:\/\/nordnesrepublikken.no\/index.php\/2025\/09\/07\/som-var-andrea-camilleri-den-beromte-forfatteren-som-fodte-kommisjonaer-montalbano\/","title":{"rendered":"Som var Andrea Camilleri, den ber\u00f8mte forfatteren som f\u00f8dte kommisjon\u00e6r Montalbano"},"content":{"rendered":"<div>\n<div class=\"cp_wrapper cp_wrapper--fw mb-30 mb-20@tablet\">\n<figure class=\"mm\"><picture class=\"img\" style=\"padding-top:56.25%\"><source  media=\"(min-width: 1024px)\"><source  media=\"(min-width: 768px)\"><\/source><\/source><\/picture><\/figure>\n<\/p><\/div>\n<p><strong>Andrea Camilleri<\/strong> Det var ikke bare &laquo;faren&raquo; av <strong>Kommiss\u00e6r Montalbano<\/strong>Hans liv og hans arbeid forteller nesten et \u00e5rhundre med italiensk historie, sammenflettede teater, TV, litteratur, sivil forpliktelse og et umiskjennelig spr\u00e5k som blander italiensk <strong>Siciliansk dialekt<\/strong>. Han ble f\u00f8dt p\u00e5 Sicilia 6. september 1925 og d\u00f8de i Roma 17. juli 2019, i en alder av 93 \u00e5r, og blir gravlagt p\u00e5 den akatolske kirkeg\u00e5rden til Testaccio. Hans arv er ikke bare litter\u00e6r: i b\u00f8kene hans har han v\u00e6rt i stand til \u00e5 flette sammen <strong>Historisk hukommelse, ironi og sivil forpliktelse<\/strong>som forteller &laquo;minimumssakene&raquo; av Sicilia og Italia med et blikk som i dag fremdeles snakker til n\u00e5tiden. Mer enn skaperen av Montalbano, TV -serier f\u00f8dt p\u00e5 slutten av 90 -tallet og sendte p\u00e5 Rai 1, var Camilleri en<strong> universell forteller<\/strong>: En mann som har forvandlet det sicilianske spr\u00e5ket og tradisjonen til et objektiv for \u00e5 observere moderniteten med.<\/p>\n<h2><strong>F\u00f8dselen til Andrea Camilleri og ungdom: Fra Porto Empedocle til Roma<\/strong><\/h2>\n<p>F\u00f8dt i Porto Empedocle 6. september 1925, i en velst\u00e5ende familie, men bestemt til \u00e5 redusere st\u00f8rrelsen etter krigen, vokste Camilleri noen kilometer fra der han ble f\u00f8dt <strong>Luigi Pirandello<\/strong>hans fjerne slektning. Sicilien av hans barndom var preget av bombeangrepene og av <strong>Alliert landing av 1943<\/strong>: Traumatiske opplevelser som satte et merke i hans trening. Siden han var en gutt, viste han en oppr\u00f8rsk og ut\u00e5lmodig karakter til autoriteten: Han ankom til og med en <strong>Forfalsifiser rapportkortet <\/strong>og <strong>bli utvist<\/strong> fra det religi\u00f8se h\u00f8yskolen som foreldrene hadde sendt ham. Men i den perioden ble hans store lidenskaper ogs\u00e5 f\u00f8dt: The Sea, The Adventure Novels og de f\u00f8rste fors\u00f8kene p\u00e5 \u00e5 skrive. <strong>Han publiserte dikt og historier <\/strong>allerede p\u00e5 1940 -tallet, med oppmuntring av figurer som <strong>Ungaretti og Quasimodo<\/strong>.<\/p>\n<p>I 1948 flyttet han til Roma for \u00e5 delta p\u00e5 direkt\u00f8rens kurs ved National Academy of Dramatic Art. Derfra begynte han en lang karriere som <strong>teaterregiss\u00f8r <\/strong>Og spesielt i<strong> Rai<\/strong>hvor mellom 1958 og 1988 utallige regioner og radio- og TV -manus signert.<\/p>\n<div class=\"cp_wrapper cp_wrapper--fw mb-50\">\n<figure class=\"mm\"><picture class=\"img\" style=\"padding-top:40%\"><source  media=\"(min-width: 1024px)\"><source  media=\"(min-width: 768px)\"><img decoding=\"async\" loading=\"lazy\" src=\"https:\/\/nordnesrepublikken.no\/wp-content\/uploads\/2025\/09\/1757202584_582_Som-var-Andrea-Camilleri-den-beromte-forfatteren-som-fodte-kommisjonaer.jpg\" alt=\"Camilleri signatur\" width=\"640\" height=\"256\"><\/source><\/source><\/picture><\/figure>\n<\/p><\/div>\n<p>I disse \u00e5rene ble Camilleri en etablert showmann, han underviste i prestisjetunge institusjoner som det eksperimentelle sentrum for kinematografi og akademiet og opplevde en stil som ogs\u00e5 ville p\u00e5virke hans fiksjon: teaterdialoger, en n\u00e6r rytme, evnen til \u00e5 blande forskjellige registre.<\/p>\n<h2><strong>Litter\u00e6re debuter og sen suksess<\/strong><\/h2>\n<p>\u00d8nsket om \u00e5 fortelle historier &laquo;med sine egne ord&raquo; brakte ham, mellom 60- og 70 -tallet for \u00e5 skrive de f\u00f8rste romanene. &laquo;The Course of Things&raquo; (1967-68, utgitt i 1978) og &laquo;A Thread of Smoke&raquo; (1980) viser allerede sin interesse for siciliansk historie og dens smak for den ironiske og groteske plottet. Men den store suksessen kom bare i moden alder, med &laquo;jaktsesongen&raquo; (1992) og fremfor alt med <em><strong>&laquo;Formen p\u00e5 vannet&raquo;<\/strong><\/em>  (1994),<strong> Boken som f\u00f8dte kommisjon\u00e6r Montalbano<\/strong>. \u00c5 redusere Camilleri til Montalbano ville imidlertid v\u00e6re urettferdig. <strong>Prolific Writer<\/strong> (Mer enn 100 b\u00f8ker, over 10 millioner eksemplarer solgt), ogs\u00e5 tilberedt med historiske romaner som &laquo;Il Birraio di Preston&raquo; (1995), &laquo;The Concession of the Phone&raquo; (1998) eller &laquo;The King of Girgenti&raquo; (2001), og med sivile og kloke arbeider som gjenspeiler hans politiske lidenskap og hans sivile engasjement.<\/p>\n<p><strong>Hans forfatterskap, som han selv kalte &laquo;h\u00e5ndverker&raquo;<\/strong>sammensl\u00e5tt komedie, grotesk og <strong>Et oppfunnet spr\u00e5k, &laquo;vigtesen&raquo;<\/strong>i stand til \u00e5 gj\u00f8re en dypt lokal sicilia universell.<\/p>\n<h2>Andrea Camilleri og Montalbano: En veldig italiensk helt<\/h2>\n<p><strong>Kommiss\u00e6ren<\/strong> <strong>Salvo Montalbano<\/strong>Hovedpersonen til romaner og historier som er satt i den imagin\u00e6re vig\u00e0ta, legemliggj\u00f8r et Italia laget av motsetninger. Bare men ut\u00e5lmodig overfor reglene, ironisk, forankret i sitt land, blir snart en familie karakter for millioner av lesere. <strong>Serien eksploderer<\/strong> Takket v\u00e6re TV -suksessen med Luca Zingaretti og erobrer verden, <strong>oversatt til over 120 spr\u00e5k<\/strong>.<\/p>\n<p>Camilleri sa selv det:<\/p>\n<blockquote>\n<p>Den f\u00f8rste Montalbano ble skrevet &laquo;av disiplin&raquo;, den andre &laquo;for misn\u00f8ye&raquo; og den tredje &laquo;for penger&raquo;.<\/p>\n<\/blockquote>\n<p>Men serien, fortsatte i over tjue \u00e5r, har returnert et ironisk og realistisk portrett av det moderne italienske samfunnet.<\/p>\n<div class=\"cp_wrapper cp_wrapper--fw mb-50\">\n<figure class=\"mm\"><picture class=\"img\" style=\"padding-top:66.375%\"><source  media=\"(min-width: 1024px)\"><source  media=\"(min-width: 768px)\"><img decoding=\"async\" loading=\"lazy\" src=\"https:\/\/nordnesrepublikken.no\/wp-content\/uploads\/2025\/09\/1757202584_696_Som-var-Andrea-Camilleri-den-beromte-forfatteren-som-fodte-kommisjonaer.jpg\" alt=\"sig\u00f8yner\" width=\"800\" height=\"531\" class=\"js-seedtag-img\"><\/source><\/source><\/picture><\/figure>\n<\/p><\/div>\n<h2><strong>Anerkjennelser og arv<\/strong><\/h2>\n<p>Camilleri mottok en rekke utmerkelser: blant de viktigste Chianti Literary Prize (1997), Vittorio de Sica -prisen (2003), medaljen av Great Officer of the Order of Merit of the Italian Republic (2003) og forskjellige grader <em>Honoris \u00e5rsak<\/em>inkludert universitetet i Cagliari i 2013. I 2017, til og med <strong>en asteroide<\/strong> ble d\u00f8pt med navnet hans: <strong>204816 Andreacamilleri<\/strong>.<\/p>\n<p>Han definerte seg som &laquo;en italiensk forfatter f\u00f8dt p\u00e5 Sicilia&raquo;, og det er derfra han visste hvordan han skulle snakke med hele verden. Siden 1999 har verkene hans ogs\u00e5 g\u00e5tt inn i den prestisjetunge serien til Mondadori -meridianene, og innviet ham som &laquo;moderne klassiker&raquo;.<\/p>\n<\/p><\/div>\n","protected":false},"excerpt":{"rendered":"<p>Andrea Camilleri Det var ikke bare &laquo;faren&raquo; av Kommiss\u00e6r MontalbanoHans liv og hans arbeid forteller<\/p>\n","protected":false},"author":1,"featured_media":9269,"comment_status":"closed","ping_status":"open","sticky":false,"template":"","format":"standard","meta":{"footnotes":""},"categories":[104],"tags":[6068,1633,6069,74,5281,6070,6071,6072,31,100],"class_list":["post-9268","post","type-post","status-publish","format-standard","has-post-thumbnail","hentry","category-samfunn","tag-andrea","tag-beromte","tag-camilleri","tag-den","tag-fodte","tag-forfatteren","tag-kommisjonaer","tag-montalbano","tag-som","tag-var","generate-columns","tablet-grid-50","mobile-grid-100","grid-parent","grid-33","resize-featured-image"],"yoast_head":"<!-- This site is optimized with the Yoast SEO plugin v24.4 - https:\/\/yoast.com\/wordpress\/plugins\/seo\/ -->\n<title>Som var Andrea Camilleri, den ber\u00f8mte forfatteren som f\u00f8dte kommisjon\u00e6r Montalbano - Nordnesrepublikken<\/title>\n<meta name=\"robots\" content=\"index, follow, max-snippet:-1, max-image-preview:large, max-video-preview:-1\" \/>\n<link rel=\"canonical\" href=\"https:\/\/nordnesrepublikken.no\/index.php\/2025\/09\/07\/som-var-andrea-camilleri-den-beromte-forfatteren-som-fodte-kommisjonaer-montalbano\/\" \/>\n<meta property=\"og:locale\" content=\"nb_NO\" \/>\n<meta property=\"og:type\" content=\"article\" \/>\n<meta property=\"og:title\" content=\"Som var Andrea Camilleri, den ber\u00f8mte forfatteren som f\u00f8dte kommisjon\u00e6r Montalbano - Nordnesrepublikken\" \/>\n<meta property=\"og:description\" content=\"Andrea Camilleri Det var ikke bare &laquo;faren&raquo; av Kommiss\u00e6r MontalbanoHans liv og hans arbeid forteller\" \/>\n<meta property=\"og:url\" content=\"https:\/\/nordnesrepublikken.no\/index.php\/2025\/09\/07\/som-var-andrea-camilleri-den-beromte-forfatteren-som-fodte-kommisjonaer-montalbano\/\" \/>\n<meta property=\"og:site_name\" content=\"Nordnesrepublikken\" \/>\n<meta property=\"article:published_time\" content=\"2025-09-06T23:49:44+00:00\" \/>\n<meta property=\"og:image\" content=\"https:\/\/nordnesrepublikken.no\/wp-content\/uploads\/2025\/09\/1757202584_Som-var-Andrea-Camilleri-den-beromte-forfatteren-som-fodte-kommisjonaer.jpg\" \/>\n\t<meta property=\"og:image:width\" content=\"640\" \/>\n\t<meta property=\"og:image:height\" content=\"427\" \/>\n\t<meta property=\"og:image:type\" content=\"image\/jpeg\" \/>\n<meta name=\"author\" content=\"Ole Andersen\" \/>\n<meta name=\"twitter:card\" content=\"summary_large_image\" \/>\n<meta name=\"twitter:label1\" content=\"Skrevet av\" \/>\n\t<meta name=\"twitter:data1\" content=\"Ole Andersen\" \/>\n\t<meta name=\"twitter:label2\" content=\"Ansl. lesetid\" \/>\n\t<meta name=\"twitter:data2\" content=\"4 minutter\" \/>\n<script type=\"application\/ld+json\" class=\"yoast-schema-graph\">{\"@context\":\"https:\/\/schema.org\",\"@graph\":[{\"@type\":\"Article\",\"@id\":\"https:\/\/nordnesrepublikken.no\/index.php\/2025\/09\/07\/som-var-andrea-camilleri-den-beromte-forfatteren-som-fodte-kommisjonaer-montalbano\/#article\",\"isPartOf\":{\"@id\":\"https:\/\/nordnesrepublikken.no\/index.php\/2025\/09\/07\/som-var-andrea-camilleri-den-beromte-forfatteren-som-fodte-kommisjonaer-montalbano\/\"},\"author\":{\"name\":\"Ole Andersen\",\"@id\":\"https:\/\/nordnesrepublikken.no\/#\/schema\/person\/2e7e81935bab77882fffb79296240ff1\"},\"headline\":\"Som var Andrea Camilleri, den ber\u00f8mte forfatteren som f\u00f8dte kommisjon\u00e6r Montalbano\",\"datePublished\":\"2025-09-06T23:49:44+00:00\",\"mainEntityOfPage\":{\"@id\":\"https:\/\/nordnesrepublikken.no\/index.php\/2025\/09\/07\/som-var-andrea-camilleri-den-beromte-forfatteren-som-fodte-kommisjonaer-montalbano\/\"},\"wordCount\":760,\"publisher\":{\"@id\":\"https:\/\/nordnesrepublikken.no\/#organization\"},\"image\":{\"@id\":\"https:\/\/nordnesrepublikken.no\/index.php\/2025\/09\/07\/som-var-andrea-camilleri-den-beromte-forfatteren-som-fodte-kommisjonaer-montalbano\/#primaryimage\"},\"thumbnailUrl\":\"https:\/\/nordnesrepublikken.no\/wp-content\/uploads\/2025\/09\/1757202584_Som-var-Andrea-Camilleri-den-beromte-forfatteren-som-fodte-kommisjonaer.jpg\",\"keywords\":[\"Andrea\",\"ber\u00f8mte\",\"Camilleri\",\"den\",\"f\u00f8dte\",\"forfatteren\",\"kommisjon\u00e6r\",\"Montalbano\",\"som\",\"var\"],\"articleSection\":[\"Samfunn\"],\"inLanguage\":\"nb-NO\"},{\"@type\":\"WebPage\",\"@id\":\"https:\/\/nordnesrepublikken.no\/index.php\/2025\/09\/07\/som-var-andrea-camilleri-den-beromte-forfatteren-som-fodte-kommisjonaer-montalbano\/\",\"url\":\"https:\/\/nordnesrepublikken.no\/index.php\/2025\/09\/07\/som-var-andrea-camilleri-den-beromte-forfatteren-som-fodte-kommisjonaer-montalbano\/\",\"name\":\"Som var Andrea Camilleri, den ber\u00f8mte forfatteren som f\u00f8dte kommisjon\u00e6r Montalbano - Nordnesrepublikken\",\"isPartOf\":{\"@id\":\"https:\/\/nordnesrepublikken.no\/#website\"},\"primaryImageOfPage\":{\"@id\":\"https:\/\/nordnesrepublikken.no\/index.php\/2025\/09\/07\/som-var-andrea-camilleri-den-beromte-forfatteren-som-fodte-kommisjonaer-montalbano\/#primaryimage\"},\"image\":{\"@id\":\"https:\/\/nordnesrepublikken.no\/index.php\/2025\/09\/07\/som-var-andrea-camilleri-den-beromte-forfatteren-som-fodte-kommisjonaer-montalbano\/#primaryimage\"},\"thumbnailUrl\":\"https:\/\/nordnesrepublikken.no\/wp-content\/uploads\/2025\/09\/1757202584_Som-var-Andrea-Camilleri-den-beromte-forfatteren-som-fodte-kommisjonaer.jpg\",\"datePublished\":\"2025-09-06T23:49:44+00:00\",\"breadcrumb\":{\"@id\":\"https:\/\/nordnesrepublikken.no\/index.php\/2025\/09\/07\/som-var-andrea-camilleri-den-beromte-forfatteren-som-fodte-kommisjonaer-montalbano\/#breadcrumb\"},\"inLanguage\":\"nb-NO\",\"potentialAction\":[{\"@type\":\"ReadAction\",\"target\":[\"https:\/\/nordnesrepublikken.no\/index.php\/2025\/09\/07\/som-var-andrea-camilleri-den-beromte-forfatteren-som-fodte-kommisjonaer-montalbano\/\"]}]},{\"@type\":\"ImageObject\",\"inLanguage\":\"nb-NO\",\"@id\":\"https:\/\/nordnesrepublikken.no\/index.php\/2025\/09\/07\/som-var-andrea-camilleri-den-beromte-forfatteren-som-fodte-kommisjonaer-montalbano\/#primaryimage\",\"url\":\"https:\/\/nordnesrepublikken.no\/wp-content\/uploads\/2025\/09\/1757202584_Som-var-Andrea-Camilleri-den-beromte-forfatteren-som-fodte-kommisjonaer.jpg\",\"contentUrl\":\"https:\/\/nordnesrepublikken.no\/wp-content\/uploads\/2025\/09\/1757202584_Som-var-Andrea-Camilleri-den-beromte-forfatteren-som-fodte-kommisjonaer.jpg\",\"width\":640,\"height\":427,\"caption\":\"camilleri\"},{\"@type\":\"BreadcrumbList\",\"@id\":\"https:\/\/nordnesrepublikken.no\/index.php\/2025\/09\/07\/som-var-andrea-camilleri-den-beromte-forfatteren-som-fodte-kommisjonaer-montalbano\/#breadcrumb\",\"itemListElement\":[{\"@type\":\"ListItem\",\"position\":1,\"name\":\"Home\",\"item\":\"https:\/\/nordnesrepublikken.no\/\"},{\"@type\":\"ListItem\",\"position\":2,\"name\":\"Som var Andrea Camilleri, den ber\u00f8mte forfatteren som f\u00f8dte kommisjon\u00e6r Montalbano\"}]},{\"@type\":\"WebSite\",\"@id\":\"https:\/\/nordnesrepublikken.no\/#website\",\"url\":\"https:\/\/nordnesrepublikken.no\/\",\"name\":\"Nordnesrepublikken\",\"description\":\"Stemmer og Visjoner fra Republikkens Hjerte\",\"publisher\":{\"@id\":\"https:\/\/nordnesrepublikken.no\/#organization\"},\"potentialAction\":[{\"@type\":\"SearchAction\",\"target\":{\"@type\":\"EntryPoint\",\"urlTemplate\":\"https:\/\/nordnesrepublikken.no\/?s={search_term_string}\"},\"query-input\":{\"@type\":\"PropertyValueSpecification\",\"valueRequired\":true,\"valueName\":\"search_term_string\"}}],\"inLanguage\":\"nb-NO\"},{\"@type\":\"Organization\",\"@id\":\"https:\/\/nordnesrepublikken.no\/#organization\",\"name\":\"Nordnesrepublikken\",\"url\":\"https:\/\/nordnesrepublikken.no\/\",\"logo\":{\"@type\":\"ImageObject\",\"inLanguage\":\"nb-NO\",\"@id\":\"https:\/\/nordnesrepublikken.no\/#\/schema\/logo\/image\/\",\"url\":\"https:\/\/nordnesrepublikken.no\/wp-content\/uploads\/2025\/02\/cropped-nordnesrepublikken-2.png\",\"contentUrl\":\"https:\/\/nordnesrepublikken.no\/wp-content\/uploads\/2025\/02\/cropped-nordnesrepublikken-2.png\",\"width\":1248,\"height\":362,\"caption\":\"Nordnesrepublikken\"},\"image\":{\"@id\":\"https:\/\/nordnesrepublikken.no\/#\/schema\/logo\/image\/\"}},{\"@type\":\"Person\",\"@id\":\"https:\/\/nordnesrepublikken.no\/#\/schema\/person\/2e7e81935bab77882fffb79296240ff1\",\"name\":\"Ole Andersen\",\"image\":{\"@type\":\"ImageObject\",\"inLanguage\":\"nb-NO\",\"@id\":\"https:\/\/nordnesrepublikken.no\/#\/schema\/person\/image\/\",\"url\":\"https:\/\/nordnesrepublikken.no\/wp-content\/uploads\/2025\/02\/nordnesrepublikken-2-2-150x150.jpg\",\"contentUrl\":\"https:\/\/nordnesrepublikken.no\/wp-content\/uploads\/2025\/02\/nordnesrepublikken-2-2-150x150.jpg\",\"caption\":\"Ole Andersen\"},\"description\":\"Ettersom jeg vokste opp i Oslo, har jeg alltid v\u00e6rt fascinert av ordenes kraft og deres evne til \u00e5 skape endringer. Etter \u00e5 ha fullf\u00f8rt min utdannelse i kommunikasjon ved Universitetet i Bergen, fikk jeg muligheten til \u00e5 jobbe innen ulike medier, der jeg har s\u00f8kt \u00e5 belyse viktige samfunnssp\u00f8rsm\u00e5l. I dag, som redakt\u00f8r for Nordnesrepublikken, pr\u00f8ver jeg \u00e5 forene min kj\u00e6rlighet for journalistikk med min lidenskap for innovasjon og eventyr.\",\"sameAs\":[\"https:\/\/nordnesrepublikken.no\/\"]}]}<\/script>\n<!-- \/ Yoast SEO plugin. -->","yoast_head_json":{"title":"Som var Andrea Camilleri, den ber\u00f8mte forfatteren som f\u00f8dte kommisjon\u00e6r Montalbano - Nordnesrepublikken","robots":{"index":"index","follow":"follow","max-snippet":"max-snippet:-1","max-image-preview":"max-image-preview:large","max-video-preview":"max-video-preview:-1"},"canonical":"https:\/\/nordnesrepublikken.no\/index.php\/2025\/09\/07\/som-var-andrea-camilleri-den-beromte-forfatteren-som-fodte-kommisjonaer-montalbano\/","og_locale":"nb_NO","og_type":"article","og_title":"Som var Andrea Camilleri, den ber\u00f8mte forfatteren som f\u00f8dte kommisjon\u00e6r Montalbano - Nordnesrepublikken","og_description":"Andrea Camilleri Det var ikke bare &laquo;faren&raquo; av Kommiss\u00e6r MontalbanoHans liv og hans arbeid forteller","og_url":"https:\/\/nordnesrepublikken.no\/index.php\/2025\/09\/07\/som-var-andrea-camilleri-den-beromte-forfatteren-som-fodte-kommisjonaer-montalbano\/","og_site_name":"Nordnesrepublikken","article_published_time":"2025-09-06T23:49:44+00:00","og_image":[{"width":640,"height":427,"url":"https:\/\/nordnesrepublikken.no\/wp-content\/uploads\/2025\/09\/1757202584_Som-var-Andrea-Camilleri-den-beromte-forfatteren-som-fodte-kommisjonaer.jpg","type":"image\/jpeg"}],"author":"Ole Andersen","twitter_card":"summary_large_image","twitter_misc":{"Skrevet av":"Ole Andersen","Ansl. lesetid":"4 minutter"},"schema":{"@context":"https:\/\/schema.org","@graph":[{"@type":"Article","@id":"https:\/\/nordnesrepublikken.no\/index.php\/2025\/09\/07\/som-var-andrea-camilleri-den-beromte-forfatteren-som-fodte-kommisjonaer-montalbano\/#article","isPartOf":{"@id":"https:\/\/nordnesrepublikken.no\/index.php\/2025\/09\/07\/som-var-andrea-camilleri-den-beromte-forfatteren-som-fodte-kommisjonaer-montalbano\/"},"author":{"name":"Ole Andersen","@id":"https:\/\/nordnesrepublikken.no\/#\/schema\/person\/2e7e81935bab77882fffb79296240ff1"},"headline":"Som var Andrea Camilleri, den ber\u00f8mte forfatteren som f\u00f8dte kommisjon\u00e6r Montalbano","datePublished":"2025-09-06T23:49:44+00:00","mainEntityOfPage":{"@id":"https:\/\/nordnesrepublikken.no\/index.php\/2025\/09\/07\/som-var-andrea-camilleri-den-beromte-forfatteren-som-fodte-kommisjonaer-montalbano\/"},"wordCount":760,"publisher":{"@id":"https:\/\/nordnesrepublikken.no\/#organization"},"image":{"@id":"https:\/\/nordnesrepublikken.no\/index.php\/2025\/09\/07\/som-var-andrea-camilleri-den-beromte-forfatteren-som-fodte-kommisjonaer-montalbano\/#primaryimage"},"thumbnailUrl":"https:\/\/nordnesrepublikken.no\/wp-content\/uploads\/2025\/09\/1757202584_Som-var-Andrea-Camilleri-den-beromte-forfatteren-som-fodte-kommisjonaer.jpg","keywords":["Andrea","ber\u00f8mte","Camilleri","den","f\u00f8dte","forfatteren","kommisjon\u00e6r","Montalbano","som","var"],"articleSection":["Samfunn"],"inLanguage":"nb-NO"},{"@type":"WebPage","@id":"https:\/\/nordnesrepublikken.no\/index.php\/2025\/09\/07\/som-var-andrea-camilleri-den-beromte-forfatteren-som-fodte-kommisjonaer-montalbano\/","url":"https:\/\/nordnesrepublikken.no\/index.php\/2025\/09\/07\/som-var-andrea-camilleri-den-beromte-forfatteren-som-fodte-kommisjonaer-montalbano\/","name":"Som var Andrea Camilleri, den ber\u00f8mte forfatteren som f\u00f8dte kommisjon\u00e6r Montalbano - Nordnesrepublikken","isPartOf":{"@id":"https:\/\/nordnesrepublikken.no\/#website"},"primaryImageOfPage":{"@id":"https:\/\/nordnesrepublikken.no\/index.php\/2025\/09\/07\/som-var-andrea-camilleri-den-beromte-forfatteren-som-fodte-kommisjonaer-montalbano\/#primaryimage"},"image":{"@id":"https:\/\/nordnesrepublikken.no\/index.php\/2025\/09\/07\/som-var-andrea-camilleri-den-beromte-forfatteren-som-fodte-kommisjonaer-montalbano\/#primaryimage"},"thumbnailUrl":"https:\/\/nordnesrepublikken.no\/wp-content\/uploads\/2025\/09\/1757202584_Som-var-Andrea-Camilleri-den-beromte-forfatteren-som-fodte-kommisjonaer.jpg","datePublished":"2025-09-06T23:49:44+00:00","breadcrumb":{"@id":"https:\/\/nordnesrepublikken.no\/index.php\/2025\/09\/07\/som-var-andrea-camilleri-den-beromte-forfatteren-som-fodte-kommisjonaer-montalbano\/#breadcrumb"},"inLanguage":"nb-NO","potentialAction":[{"@type":"ReadAction","target":["https:\/\/nordnesrepublikken.no\/index.php\/2025\/09\/07\/som-var-andrea-camilleri-den-beromte-forfatteren-som-fodte-kommisjonaer-montalbano\/"]}]},{"@type":"ImageObject","inLanguage":"nb-NO","@id":"https:\/\/nordnesrepublikken.no\/index.php\/2025\/09\/07\/som-var-andrea-camilleri-den-beromte-forfatteren-som-fodte-kommisjonaer-montalbano\/#primaryimage","url":"https:\/\/nordnesrepublikken.no\/wp-content\/uploads\/2025\/09\/1757202584_Som-var-Andrea-Camilleri-den-beromte-forfatteren-som-fodte-kommisjonaer.jpg","contentUrl":"https:\/\/nordnesrepublikken.no\/wp-content\/uploads\/2025\/09\/1757202584_Som-var-Andrea-Camilleri-den-beromte-forfatteren-som-fodte-kommisjonaer.jpg","width":640,"height":427,"caption":"camilleri"},{"@type":"BreadcrumbList","@id":"https:\/\/nordnesrepublikken.no\/index.php\/2025\/09\/07\/som-var-andrea-camilleri-den-beromte-forfatteren-som-fodte-kommisjonaer-montalbano\/#breadcrumb","itemListElement":[{"@type":"ListItem","position":1,"name":"Home","item":"https:\/\/nordnesrepublikken.no\/"},{"@type":"ListItem","position":2,"name":"Som var Andrea Camilleri, den ber\u00f8mte forfatteren som f\u00f8dte kommisjon\u00e6r Montalbano"}]},{"@type":"WebSite","@id":"https:\/\/nordnesrepublikken.no\/#website","url":"https:\/\/nordnesrepublikken.no\/","name":"Nordnesrepublikken","description":"Stemmer og Visjoner fra Republikkens Hjerte","publisher":{"@id":"https:\/\/nordnesrepublikken.no\/#organization"},"potentialAction":[{"@type":"SearchAction","target":{"@type":"EntryPoint","urlTemplate":"https:\/\/nordnesrepublikken.no\/?s={search_term_string}"},"query-input":{"@type":"PropertyValueSpecification","valueRequired":true,"valueName":"search_term_string"}}],"inLanguage":"nb-NO"},{"@type":"Organization","@id":"https:\/\/nordnesrepublikken.no\/#organization","name":"Nordnesrepublikken","url":"https:\/\/nordnesrepublikken.no\/","logo":{"@type":"ImageObject","inLanguage":"nb-NO","@id":"https:\/\/nordnesrepublikken.no\/#\/schema\/logo\/image\/","url":"https:\/\/nordnesrepublikken.no\/wp-content\/uploads\/2025\/02\/cropped-nordnesrepublikken-2.png","contentUrl":"https:\/\/nordnesrepublikken.no\/wp-content\/uploads\/2025\/02\/cropped-nordnesrepublikken-2.png","width":1248,"height":362,"caption":"Nordnesrepublikken"},"image":{"@id":"https:\/\/nordnesrepublikken.no\/#\/schema\/logo\/image\/"}},{"@type":"Person","@id":"https:\/\/nordnesrepublikken.no\/#\/schema\/person\/2e7e81935bab77882fffb79296240ff1","name":"Ole Andersen","image":{"@type":"ImageObject","inLanguage":"nb-NO","@id":"https:\/\/nordnesrepublikken.no\/#\/schema\/person\/image\/","url":"https:\/\/nordnesrepublikken.no\/wp-content\/uploads\/2025\/02\/nordnesrepublikken-2-2-150x150.jpg","contentUrl":"https:\/\/nordnesrepublikken.no\/wp-content\/uploads\/2025\/02\/nordnesrepublikken-2-2-150x150.jpg","caption":"Ole Andersen"},"description":"Ettersom jeg vokste opp i Oslo, har jeg alltid v\u00e6rt fascinert av ordenes kraft og deres evne til \u00e5 skape endringer. Etter \u00e5 ha fullf\u00f8rt min utdannelse i kommunikasjon ved Universitetet i Bergen, fikk jeg muligheten til \u00e5 jobbe innen ulike medier, der jeg har s\u00f8kt \u00e5 belyse viktige samfunnssp\u00f8rsm\u00e5l. I dag, som redakt\u00f8r for Nordnesrepublikken, pr\u00f8ver jeg \u00e5 forene min kj\u00e6rlighet for journalistikk med min lidenskap for innovasjon og eventyr.","sameAs":["https:\/\/nordnesrepublikken.no\/"]}]}},"_links":{"self":[{"href":"https:\/\/nordnesrepublikken.no\/index.php\/wp-json\/wp\/v2\/posts\/9268","targetHints":{"allow":["GET"]}}],"collection":[{"href":"https:\/\/nordnesrepublikken.no\/index.php\/wp-json\/wp\/v2\/posts"}],"about":[{"href":"https:\/\/nordnesrepublikken.no\/index.php\/wp-json\/wp\/v2\/types\/post"}],"author":[{"embeddable":true,"href":"https:\/\/nordnesrepublikken.no\/index.php\/wp-json\/wp\/v2\/users\/1"}],"replies":[{"embeddable":true,"href":"https:\/\/nordnesrepublikken.no\/index.php\/wp-json\/wp\/v2\/comments?post=9268"}],"version-history":[{"count":1,"href":"https:\/\/nordnesrepublikken.no\/index.php\/wp-json\/wp\/v2\/posts\/9268\/revisions"}],"predecessor-version":[{"id":9270,"href":"https:\/\/nordnesrepublikken.no\/index.php\/wp-json\/wp\/v2\/posts\/9268\/revisions\/9270"}],"wp:featuredmedia":[{"embeddable":true,"href":"https:\/\/nordnesrepublikken.no\/index.php\/wp-json\/wp\/v2\/media\/9269"}],"wp:attachment":[{"href":"https:\/\/nordnesrepublikken.no\/index.php\/wp-json\/wp\/v2\/media?parent=9268"}],"wp:term":[{"taxonomy":"category","embeddable":true,"href":"https:\/\/nordnesrepublikken.no\/index.php\/wp-json\/wp\/v2\/categories?post=9268"},{"taxonomy":"post_tag","embeddable":true,"href":"https:\/\/nordnesrepublikken.no\/index.php\/wp-json\/wp\/v2\/tags?post=9268"}],"curies":[{"name":"wp","href":"https:\/\/api.w.org\/{rel}","templated":true}]}}