{"id":9265,"date":"2025-09-07T00:49:44","date_gmt":"2025-09-06T22:49:44","guid":{"rendered":"https:\/\/nordnesrepublikken.no\/index.php\/2025\/09\/07\/vil-du-vite-nummer-1-som-selger-elektrisk-kjoretoy-i-europa\/"},"modified":"2025-09-07T00:49:48","modified_gmt":"2025-09-06T22:49:48","slug":"vil-du-vite-nummer-1-som-selger-elektrisk-kjoretoy-i-europa","status":"publish","type":"post","link":"https:\/\/nordnesrepublikken.no\/index.php\/2025\/09\/07\/vil-du-vite-nummer-1-som-selger-elektrisk-kjoretoy-i-europa\/","title":{"rendered":"Vil du vite nummer 1 som selger elektrisk kj\u00f8ret\u00f8y i Europa?"},"content":{"rendered":"<p><\/p>\n<div class=\"wordpress-content\">\n                    <!-- Article Start --><\/p>\n<div class=\"page\" title=\"Page 1\">\n<div class=\"layoutArea\">\n<div class=\"column\">\n<p><strong>\u0160KODA fortsetter \u00e5 skyve grensene for elektrisk mobilitet med ankomsten av den helt nye \u0160koda Elroq, en fullelektrisk kompakt SUV som blander banebrytende design, intelligente funksjoner og nullutslippskj\u00f8ring. Denne nye modellen er n\u00e5 utstilt og er tilgjengelig for teststasjoner p\u00e5 Dismoauto \u0160koda-forhandleren i V\u00e9lez-M\u00e1laga-bare minutter fra Torre Del Mar.<\/strong><\/p>\n<p><span id=\"more-542693\"><\/span><\/p>\n<p>\u0160koda Elroq er bygget p\u00e5 Volkswagen Groups MEB -plattform og er designet for \u00e5 tilby en perfekt balanse mellom praktisk, teknologi og kj\u00f8rekomfort. Som en del av \u0160kodas voksende utvalg av elektriske kj\u00f8ret\u00f8yer, skiller Elroq seg ut for sitt romslige interi\u00f8r, dynamiske ytelse og dristig styling som gjenspeiler merkets moderne designspr\u00e5k.<\/p>\n<p>Kunder som bes\u00f8ker Dismoauto V\u00e9lez-M\u00e1laga kan n\u00e5 oppdage Elroq personlig, utforske de forskjellige trimniv\u00e5ene og velge mellom en rekke utvendige farger, hjulalternativer og interi\u00f8rfinish. Modellen kommer i flere konfigurasjoner, og tilbyr forskjellige batterikapasiteter og ytelsesalternativer som passer til forskjellige kj\u00f8rebehov og preferanser.<\/p>\n<p>Standard og valgfritt utstyr inkluderer et 13-tommers ber\u00f8ringsskjerm-infotainment-system, avanserte f\u00f8rerassistansefunksjoner, full LED-belysning, adaptiv cruisekontroll, dobbeltsone klimakontroll og tr\u00e5dl\u00f8s smarttelefonintegrasjon. ELROQ er ogs\u00e5 kompatibel med hurtiglading, noe som gj\u00f8r den ideell for b\u00e5de daglige pendler og lengre reiser.<\/p>\n<p>Den nye modellen er tilgjengelig i flere designpakker som &laquo;Loft&raquo;, &laquo;Lounge&raquo; og &laquo;Suite&raquo;, som hver tilbyr en unik kombinasjon av komfort, estetikk og avanserte funksjoner. Kunder kan ogs\u00e5 tilpasse kj\u00f8ret\u00f8yet sitt med valgfrie ekstrautstyr som panoramisk soltak, oppvarmede seter, premium lydsystem eller milj\u00f8vennlige m\u00f8beltrekkalternativer.<\/p>\n<p>Dismoautos team i V\u00e9lez-M\u00e1laga \u00f8nsker n\u00e5 kundene velkommen til \u00e5 oppleve Elroq f\u00f8rsteh\u00e5nds. Bes\u00f8kende kan utforske forskjellige konfigurasjoner, ta en pr\u00f8vekj\u00f8ring og l\u00e6re om \u0160kodas konkurrerende finansieringsalternativer, inkludert fleksible m\u00e5nedlige betalinger og leasingplaner tilpasset individuelle behov.<\/p>\n<p>Dette er en unik mulighet for de som vurderer et elektrisk kj\u00f8ret\u00f8y til \u00e5 oppdage hva \u0160koda har \u00e5 tilby i et profesjonelt og tiln\u00e6rmingsmessig milj\u00f8. Enten du allerede er opptatt av \u00e5 bytte til elektrisk eller bare nysgjerrig p\u00e5 fordelene, er \u0160koda Elroq verdt en n\u00e6rmere titt.<\/p>\n<p>Fremtiden for elektrisk kj\u00f8ring har ankommet Costa del Sol. Bes\u00f8k Dismoauto i V\u00e9lez-M\u00e1laga og bli kjent med \u0160KODA Elroq-modern, effektiv og klar til \u00e5 f\u00f8re deg fremover.<\/p>\n<p>Dismoauto \u0160koda V\u00e9lez-M\u00e1laga<\/p>\n<p>Avda. Del Rey Juan Carlos I, 12, V\u00e9lez-M\u00e1laga 952 24 06 80<\/p>\n<p>www.skodamalaga.com<\/p>\n<\/div>\n<\/div>\n<\/div>\n<p>Sponset<\/p>\n<p>                    <!-- This article has been originally published at https:\/\/euroweeklynews.com\/2025\/09\/04\/do-you-want-to-know-the-number-1-selling-electric-vehicle-in-europe\/ on 04 Sep 2025 at 11:42 by EWN --><br \/>\n                    <!-- Article End -->\n                <\/div>\n","protected":false},"excerpt":{"rendered":"<p>\u0160KODA fortsetter \u00e5 skyve grensene for elektrisk mobilitet med ankomsten av den helt nye \u0160koda<\/p>\n","protected":false},"author":1,"featured_media":9266,"comment_status":"closed","ping_status":"open","sticky":false,"template":"","format":"standard","meta":{"footnotes":""},"categories":[105],"tags":[1320,642,3708,2170,6067,31,149,1479],"class_list":["post-9265","post","type-post","status-publish","format-standard","has-post-thumbnail","hentry","category-livsstil","tag-elektrisk","tag-europa","tag-kjoretoy","tag-nummer","tag-selger","tag-som","tag-vil","tag-vite","generate-columns","tablet-grid-50","mobile-grid-100","grid-parent","grid-33","resize-featured-image"],"yoast_head":"<!-- This site is optimized with the Yoast SEO plugin v24.4 - https:\/\/yoast.com\/wordpress\/plugins\/seo\/ -->\n<title>Vil du vite nummer 1 som selger elektrisk kj\u00f8ret\u00f8y i Europa? - Nordnesrepublikken<\/title>\n<meta name=\"robots\" content=\"index, follow, max-snippet:-1, max-image-preview:large, max-video-preview:-1\" \/>\n<link rel=\"canonical\" href=\"https:\/\/nordnesrepublikken.no\/index.php\/2025\/09\/07\/vil-du-vite-nummer-1-som-selger-elektrisk-kjoretoy-i-europa\/\" \/>\n<meta property=\"og:locale\" content=\"nb_NO\" \/>\n<meta property=\"og:type\" content=\"article\" \/>\n<meta property=\"og:title\" content=\"Vil du vite nummer 1 som selger elektrisk kj\u00f8ret\u00f8y i Europa? - Nordnesrepublikken\" \/>\n<meta property=\"og:description\" content=\"\u0160KODA fortsetter \u00e5 skyve grensene for elektrisk mobilitet med ankomsten av den helt nye \u0160koda\" \/>\n<meta property=\"og:url\" content=\"https:\/\/nordnesrepublikken.no\/index.php\/2025\/09\/07\/vil-du-vite-nummer-1-som-selger-elektrisk-kjoretoy-i-europa\/\" \/>\n<meta property=\"og:site_name\" content=\"Nordnesrepublikken\" \/>\n<meta property=\"article:published_time\" content=\"2025-09-06T22:49:44+00:00\" \/>\n<meta property=\"article:modified_time\" content=\"2025-09-06T22:49:48+00:00\" \/>\n<meta property=\"og:image\" content=\"https:\/\/nordnesrepublikken.no\/wp-content\/uploads\/2025\/09\/1757198985_Vil-du-vite-nummer-1-som-selger-elektrisk-kjoretoy-i.jpg\" \/>\n\t<meta property=\"og:image:width\" content=\"1200\" \/>\n\t<meta property=\"og:image:height\" content=\"1600\" \/>\n\t<meta property=\"og:image:type\" content=\"image\/jpeg\" \/>\n<meta name=\"author\" content=\"Ole Andersen\" \/>\n<meta name=\"twitter:card\" content=\"summary_large_image\" \/>\n<meta name=\"twitter:label1\" content=\"Skrevet av\" \/>\n\t<meta name=\"twitter:data1\" content=\"Ole Andersen\" \/>\n\t<meta name=\"twitter:label2\" content=\"Ansl. lesetid\" \/>\n\t<meta name=\"twitter:data2\" content=\"2 minutter\" \/>\n<script type=\"application\/ld+json\" class=\"yoast-schema-graph\">{\"@context\":\"https:\/\/schema.org\",\"@graph\":[{\"@type\":\"Article\",\"@id\":\"https:\/\/nordnesrepublikken.no\/index.php\/2025\/09\/07\/vil-du-vite-nummer-1-som-selger-elektrisk-kjoretoy-i-europa\/#article\",\"isPartOf\":{\"@id\":\"https:\/\/nordnesrepublikken.no\/index.php\/2025\/09\/07\/vil-du-vite-nummer-1-som-selger-elektrisk-kjoretoy-i-europa\/\"},\"author\":{\"name\":\"Ole Andersen\",\"@id\":\"https:\/\/nordnesrepublikken.no\/#\/schema\/person\/2e7e81935bab77882fffb79296240ff1\"},\"headline\":\"Vil du vite nummer 1 som selger elektrisk kj\u00f8ret\u00f8y i Europa?\",\"datePublished\":\"2025-09-06T22:49:44+00:00\",\"dateModified\":\"2025-09-06T22:49:48+00:00\",\"mainEntityOfPage\":{\"@id\":\"https:\/\/nordnesrepublikken.no\/index.php\/2025\/09\/07\/vil-du-vite-nummer-1-som-selger-elektrisk-kjoretoy-i-europa\/\"},\"wordCount\":399,\"publisher\":{\"@id\":\"https:\/\/nordnesrepublikken.no\/#organization\"},\"image\":{\"@id\":\"https:\/\/nordnesrepublikken.no\/index.php\/2025\/09\/07\/vil-du-vite-nummer-1-som-selger-elektrisk-kjoretoy-i-europa\/#primaryimage\"},\"thumbnailUrl\":\"https:\/\/nordnesrepublikken.no\/wp-content\/uploads\/2025\/09\/1757198985_Vil-du-vite-nummer-1-som-selger-elektrisk-kjoretoy-i.jpg\",\"keywords\":[\"elektrisk\",\"Europa\",\"kj\u00f8ret\u00f8y\",\"nummer\",\"selger\",\"som\",\"vil\",\"vite\"],\"articleSection\":[\"Livsstil\"],\"inLanguage\":\"nb-NO\"},{\"@type\":\"WebPage\",\"@id\":\"https:\/\/nordnesrepublikken.no\/index.php\/2025\/09\/07\/vil-du-vite-nummer-1-som-selger-elektrisk-kjoretoy-i-europa\/\",\"url\":\"https:\/\/nordnesrepublikken.no\/index.php\/2025\/09\/07\/vil-du-vite-nummer-1-som-selger-elektrisk-kjoretoy-i-europa\/\",\"name\":\"Vil du vite nummer 1 som selger elektrisk kj\u00f8ret\u00f8y i Europa? - Nordnesrepublikken\",\"isPartOf\":{\"@id\":\"https:\/\/nordnesrepublikken.no\/#website\"},\"primaryImageOfPage\":{\"@id\":\"https:\/\/nordnesrepublikken.no\/index.php\/2025\/09\/07\/vil-du-vite-nummer-1-som-selger-elektrisk-kjoretoy-i-europa\/#primaryimage\"},\"image\":{\"@id\":\"https:\/\/nordnesrepublikken.no\/index.php\/2025\/09\/07\/vil-du-vite-nummer-1-som-selger-elektrisk-kjoretoy-i-europa\/#primaryimage\"},\"thumbnailUrl\":\"https:\/\/nordnesrepublikken.no\/wp-content\/uploads\/2025\/09\/1757198985_Vil-du-vite-nummer-1-som-selger-elektrisk-kjoretoy-i.jpg\",\"datePublished\":\"2025-09-06T22:49:44+00:00\",\"dateModified\":\"2025-09-06T22:49:48+00:00\",\"breadcrumb\":{\"@id\":\"https:\/\/nordnesrepublikken.no\/index.php\/2025\/09\/07\/vil-du-vite-nummer-1-som-selger-elektrisk-kjoretoy-i-europa\/#breadcrumb\"},\"inLanguage\":\"nb-NO\",\"potentialAction\":[{\"@type\":\"ReadAction\",\"target\":[\"https:\/\/nordnesrepublikken.no\/index.php\/2025\/09\/07\/vil-du-vite-nummer-1-som-selger-elektrisk-kjoretoy-i-europa\/\"]}]},{\"@type\":\"ImageObject\",\"inLanguage\":\"nb-NO\",\"@id\":\"https:\/\/nordnesrepublikken.no\/index.php\/2025\/09\/07\/vil-du-vite-nummer-1-som-selger-elektrisk-kjoretoy-i-europa\/#primaryimage\",\"url\":\"https:\/\/nordnesrepublikken.no\/wp-content\/uploads\/2025\/09\/1757198985_Vil-du-vite-nummer-1-som-selger-elektrisk-kjoretoy-i.jpg\",\"contentUrl\":\"https:\/\/nordnesrepublikken.no\/wp-content\/uploads\/2025\/09\/1757198985_Vil-du-vite-nummer-1-som-selger-elektrisk-kjoretoy-i.jpg\",\"width\":1200,\"height\":1600,\"caption\":\"Vil du vite nummer 1 som selger elektrisk kj\u00f8ret\u00f8y i Europa?\"},{\"@type\":\"BreadcrumbList\",\"@id\":\"https:\/\/nordnesrepublikken.no\/index.php\/2025\/09\/07\/vil-du-vite-nummer-1-som-selger-elektrisk-kjoretoy-i-europa\/#breadcrumb\",\"itemListElement\":[{\"@type\":\"ListItem\",\"position\":1,\"name\":\"Home\",\"item\":\"https:\/\/nordnesrepublikken.no\/\"},{\"@type\":\"ListItem\",\"position\":2,\"name\":\"Vil du vite nummer 1 som selger elektrisk kj\u00f8ret\u00f8y i Europa?\"}]},{\"@type\":\"WebSite\",\"@id\":\"https:\/\/nordnesrepublikken.no\/#website\",\"url\":\"https:\/\/nordnesrepublikken.no\/\",\"name\":\"Nordnesrepublikken\",\"description\":\"Stemmer og Visjoner fra Republikkens Hjerte\",\"publisher\":{\"@id\":\"https:\/\/nordnesrepublikken.no\/#organization\"},\"potentialAction\":[{\"@type\":\"SearchAction\",\"target\":{\"@type\":\"EntryPoint\",\"urlTemplate\":\"https:\/\/nordnesrepublikken.no\/?s={search_term_string}\"},\"query-input\":{\"@type\":\"PropertyValueSpecification\",\"valueRequired\":true,\"valueName\":\"search_term_string\"}}],\"inLanguage\":\"nb-NO\"},{\"@type\":\"Organization\",\"@id\":\"https:\/\/nordnesrepublikken.no\/#organization\",\"name\":\"Nordnesrepublikken\",\"url\":\"https:\/\/nordnesrepublikken.no\/\",\"logo\":{\"@type\":\"ImageObject\",\"inLanguage\":\"nb-NO\",\"@id\":\"https:\/\/nordnesrepublikken.no\/#\/schema\/logo\/image\/\",\"url\":\"https:\/\/nordnesrepublikken.no\/wp-content\/uploads\/2025\/02\/cropped-nordnesrepublikken-2.png\",\"contentUrl\":\"https:\/\/nordnesrepublikken.no\/wp-content\/uploads\/2025\/02\/cropped-nordnesrepublikken-2.png\",\"width\":1248,\"height\":362,\"caption\":\"Nordnesrepublikken\"},\"image\":{\"@id\":\"https:\/\/nordnesrepublikken.no\/#\/schema\/logo\/image\/\"}},{\"@type\":\"Person\",\"@id\":\"https:\/\/nordnesrepublikken.no\/#\/schema\/person\/2e7e81935bab77882fffb79296240ff1\",\"name\":\"Ole Andersen\",\"image\":{\"@type\":\"ImageObject\",\"inLanguage\":\"nb-NO\",\"@id\":\"https:\/\/nordnesrepublikken.no\/#\/schema\/person\/image\/\",\"url\":\"https:\/\/nordnesrepublikken.no\/wp-content\/uploads\/2025\/02\/nordnesrepublikken-2-2-150x150.jpg\",\"contentUrl\":\"https:\/\/nordnesrepublikken.no\/wp-content\/uploads\/2025\/02\/nordnesrepublikken-2-2-150x150.jpg\",\"caption\":\"Ole Andersen\"},\"description\":\"Ettersom jeg vokste opp i Oslo, har jeg alltid v\u00e6rt fascinert av ordenes kraft og deres evne til \u00e5 skape endringer. Etter \u00e5 ha fullf\u00f8rt min utdannelse i kommunikasjon ved Universitetet i Bergen, fikk jeg muligheten til \u00e5 jobbe innen ulike medier, der jeg har s\u00f8kt \u00e5 belyse viktige samfunnssp\u00f8rsm\u00e5l. I dag, som redakt\u00f8r for Nordnesrepublikken, pr\u00f8ver jeg \u00e5 forene min kj\u00e6rlighet for journalistikk med min lidenskap for innovasjon og eventyr.\",\"sameAs\":[\"https:\/\/nordnesrepublikken.no\/\"]}]}<\/script>\n<!-- \/ Yoast SEO plugin. -->","yoast_head_json":{"title":"Vil du vite nummer 1 som selger elektrisk kj\u00f8ret\u00f8y i Europa? - Nordnesrepublikken","robots":{"index":"index","follow":"follow","max-snippet":"max-snippet:-1","max-image-preview":"max-image-preview:large","max-video-preview":"max-video-preview:-1"},"canonical":"https:\/\/nordnesrepublikken.no\/index.php\/2025\/09\/07\/vil-du-vite-nummer-1-som-selger-elektrisk-kjoretoy-i-europa\/","og_locale":"nb_NO","og_type":"article","og_title":"Vil du vite nummer 1 som selger elektrisk kj\u00f8ret\u00f8y i Europa? - Nordnesrepublikken","og_description":"\u0160KODA fortsetter \u00e5 skyve grensene for elektrisk mobilitet med ankomsten av den helt nye \u0160koda","og_url":"https:\/\/nordnesrepublikken.no\/index.php\/2025\/09\/07\/vil-du-vite-nummer-1-som-selger-elektrisk-kjoretoy-i-europa\/","og_site_name":"Nordnesrepublikken","article_published_time":"2025-09-06T22:49:44+00:00","article_modified_time":"2025-09-06T22:49:48+00:00","og_image":[{"width":1200,"height":1600,"url":"https:\/\/nordnesrepublikken.no\/wp-content\/uploads\/2025\/09\/1757198985_Vil-du-vite-nummer-1-som-selger-elektrisk-kjoretoy-i.jpg","type":"image\/jpeg"}],"author":"Ole Andersen","twitter_card":"summary_large_image","twitter_misc":{"Skrevet av":"Ole Andersen","Ansl. lesetid":"2 minutter"},"schema":{"@context":"https:\/\/schema.org","@graph":[{"@type":"Article","@id":"https:\/\/nordnesrepublikken.no\/index.php\/2025\/09\/07\/vil-du-vite-nummer-1-som-selger-elektrisk-kjoretoy-i-europa\/#article","isPartOf":{"@id":"https:\/\/nordnesrepublikken.no\/index.php\/2025\/09\/07\/vil-du-vite-nummer-1-som-selger-elektrisk-kjoretoy-i-europa\/"},"author":{"name":"Ole Andersen","@id":"https:\/\/nordnesrepublikken.no\/#\/schema\/person\/2e7e81935bab77882fffb79296240ff1"},"headline":"Vil du vite nummer 1 som selger elektrisk kj\u00f8ret\u00f8y i Europa?","datePublished":"2025-09-06T22:49:44+00:00","dateModified":"2025-09-06T22:49:48+00:00","mainEntityOfPage":{"@id":"https:\/\/nordnesrepublikken.no\/index.php\/2025\/09\/07\/vil-du-vite-nummer-1-som-selger-elektrisk-kjoretoy-i-europa\/"},"wordCount":399,"publisher":{"@id":"https:\/\/nordnesrepublikken.no\/#organization"},"image":{"@id":"https:\/\/nordnesrepublikken.no\/index.php\/2025\/09\/07\/vil-du-vite-nummer-1-som-selger-elektrisk-kjoretoy-i-europa\/#primaryimage"},"thumbnailUrl":"https:\/\/nordnesrepublikken.no\/wp-content\/uploads\/2025\/09\/1757198985_Vil-du-vite-nummer-1-som-selger-elektrisk-kjoretoy-i.jpg","keywords":["elektrisk","Europa","kj\u00f8ret\u00f8y","nummer","selger","som","vil","vite"],"articleSection":["Livsstil"],"inLanguage":"nb-NO"},{"@type":"WebPage","@id":"https:\/\/nordnesrepublikken.no\/index.php\/2025\/09\/07\/vil-du-vite-nummer-1-som-selger-elektrisk-kjoretoy-i-europa\/","url":"https:\/\/nordnesrepublikken.no\/index.php\/2025\/09\/07\/vil-du-vite-nummer-1-som-selger-elektrisk-kjoretoy-i-europa\/","name":"Vil du vite nummer 1 som selger elektrisk kj\u00f8ret\u00f8y i Europa? - Nordnesrepublikken","isPartOf":{"@id":"https:\/\/nordnesrepublikken.no\/#website"},"primaryImageOfPage":{"@id":"https:\/\/nordnesrepublikken.no\/index.php\/2025\/09\/07\/vil-du-vite-nummer-1-som-selger-elektrisk-kjoretoy-i-europa\/#primaryimage"},"image":{"@id":"https:\/\/nordnesrepublikken.no\/index.php\/2025\/09\/07\/vil-du-vite-nummer-1-som-selger-elektrisk-kjoretoy-i-europa\/#primaryimage"},"thumbnailUrl":"https:\/\/nordnesrepublikken.no\/wp-content\/uploads\/2025\/09\/1757198985_Vil-du-vite-nummer-1-som-selger-elektrisk-kjoretoy-i.jpg","datePublished":"2025-09-06T22:49:44+00:00","dateModified":"2025-09-06T22:49:48+00:00","breadcrumb":{"@id":"https:\/\/nordnesrepublikken.no\/index.php\/2025\/09\/07\/vil-du-vite-nummer-1-som-selger-elektrisk-kjoretoy-i-europa\/#breadcrumb"},"inLanguage":"nb-NO","potentialAction":[{"@type":"ReadAction","target":["https:\/\/nordnesrepublikken.no\/index.php\/2025\/09\/07\/vil-du-vite-nummer-1-som-selger-elektrisk-kjoretoy-i-europa\/"]}]},{"@type":"ImageObject","inLanguage":"nb-NO","@id":"https:\/\/nordnesrepublikken.no\/index.php\/2025\/09\/07\/vil-du-vite-nummer-1-som-selger-elektrisk-kjoretoy-i-europa\/#primaryimage","url":"https:\/\/nordnesrepublikken.no\/wp-content\/uploads\/2025\/09\/1757198985_Vil-du-vite-nummer-1-som-selger-elektrisk-kjoretoy-i.jpg","contentUrl":"https:\/\/nordnesrepublikken.no\/wp-content\/uploads\/2025\/09\/1757198985_Vil-du-vite-nummer-1-som-selger-elektrisk-kjoretoy-i.jpg","width":1200,"height":1600,"caption":"Vil du vite nummer 1 som selger elektrisk kj\u00f8ret\u00f8y i Europa?"},{"@type":"BreadcrumbList","@id":"https:\/\/nordnesrepublikken.no\/index.php\/2025\/09\/07\/vil-du-vite-nummer-1-som-selger-elektrisk-kjoretoy-i-europa\/#breadcrumb","itemListElement":[{"@type":"ListItem","position":1,"name":"Home","item":"https:\/\/nordnesrepublikken.no\/"},{"@type":"ListItem","position":2,"name":"Vil du vite nummer 1 som selger elektrisk kj\u00f8ret\u00f8y i Europa?"}]},{"@type":"WebSite","@id":"https:\/\/nordnesrepublikken.no\/#website","url":"https:\/\/nordnesrepublikken.no\/","name":"Nordnesrepublikken","description":"Stemmer og Visjoner fra Republikkens Hjerte","publisher":{"@id":"https:\/\/nordnesrepublikken.no\/#organization"},"potentialAction":[{"@type":"SearchAction","target":{"@type":"EntryPoint","urlTemplate":"https:\/\/nordnesrepublikken.no\/?s={search_term_string}"},"query-input":{"@type":"PropertyValueSpecification","valueRequired":true,"valueName":"search_term_string"}}],"inLanguage":"nb-NO"},{"@type":"Organization","@id":"https:\/\/nordnesrepublikken.no\/#organization","name":"Nordnesrepublikken","url":"https:\/\/nordnesrepublikken.no\/","logo":{"@type":"ImageObject","inLanguage":"nb-NO","@id":"https:\/\/nordnesrepublikken.no\/#\/schema\/logo\/image\/","url":"https:\/\/nordnesrepublikken.no\/wp-content\/uploads\/2025\/02\/cropped-nordnesrepublikken-2.png","contentUrl":"https:\/\/nordnesrepublikken.no\/wp-content\/uploads\/2025\/02\/cropped-nordnesrepublikken-2.png","width":1248,"height":362,"caption":"Nordnesrepublikken"},"image":{"@id":"https:\/\/nordnesrepublikken.no\/#\/schema\/logo\/image\/"}},{"@type":"Person","@id":"https:\/\/nordnesrepublikken.no\/#\/schema\/person\/2e7e81935bab77882fffb79296240ff1","name":"Ole Andersen","image":{"@type":"ImageObject","inLanguage":"nb-NO","@id":"https:\/\/nordnesrepublikken.no\/#\/schema\/person\/image\/","url":"https:\/\/nordnesrepublikken.no\/wp-content\/uploads\/2025\/02\/nordnesrepublikken-2-2-150x150.jpg","contentUrl":"https:\/\/nordnesrepublikken.no\/wp-content\/uploads\/2025\/02\/nordnesrepublikken-2-2-150x150.jpg","caption":"Ole Andersen"},"description":"Ettersom jeg vokste opp i Oslo, har jeg alltid v\u00e6rt fascinert av ordenes kraft og deres evne til \u00e5 skape endringer. Etter \u00e5 ha fullf\u00f8rt min utdannelse i kommunikasjon ved Universitetet i Bergen, fikk jeg muligheten til \u00e5 jobbe innen ulike medier, der jeg har s\u00f8kt \u00e5 belyse viktige samfunnssp\u00f8rsm\u00e5l. I dag, som redakt\u00f8r for Nordnesrepublikken, pr\u00f8ver jeg \u00e5 forene min kj\u00e6rlighet for journalistikk med min lidenskap for innovasjon og eventyr.","sameAs":["https:\/\/nordnesrepublikken.no\/"]}]}},"_links":{"self":[{"href":"https:\/\/nordnesrepublikken.no\/index.php\/wp-json\/wp\/v2\/posts\/9265","targetHints":{"allow":["GET"]}}],"collection":[{"href":"https:\/\/nordnesrepublikken.no\/index.php\/wp-json\/wp\/v2\/posts"}],"about":[{"href":"https:\/\/nordnesrepublikken.no\/index.php\/wp-json\/wp\/v2\/types\/post"}],"author":[{"embeddable":true,"href":"https:\/\/nordnesrepublikken.no\/index.php\/wp-json\/wp\/v2\/users\/1"}],"replies":[{"embeddable":true,"href":"https:\/\/nordnesrepublikken.no\/index.php\/wp-json\/wp\/v2\/comments?post=9265"}],"version-history":[{"count":1,"href":"https:\/\/nordnesrepublikken.no\/index.php\/wp-json\/wp\/v2\/posts\/9265\/revisions"}],"predecessor-version":[{"id":9267,"href":"https:\/\/nordnesrepublikken.no\/index.php\/wp-json\/wp\/v2\/posts\/9265\/revisions\/9267"}],"wp:featuredmedia":[{"embeddable":true,"href":"https:\/\/nordnesrepublikken.no\/index.php\/wp-json\/wp\/v2\/media\/9266"}],"wp:attachment":[{"href":"https:\/\/nordnesrepublikken.no\/index.php\/wp-json\/wp\/v2\/media?parent=9265"}],"wp:term":[{"taxonomy":"category","embeddable":true,"href":"https:\/\/nordnesrepublikken.no\/index.php\/wp-json\/wp\/v2\/categories?post=9265"},{"taxonomy":"post_tag","embeddable":true,"href":"https:\/\/nordnesrepublikken.no\/index.php\/wp-json\/wp\/v2\/tags?post=9265"}],"curies":[{"name":"wp","href":"https:\/\/api.w.org\/{rel}","templated":true}]}}