{"id":9262,"date":"2025-09-06T21:49:55","date_gmt":"2025-09-06T19:49:55","guid":{"rendered":"https:\/\/nordnesrepublikken.no\/index.php\/2025\/09\/06\/stemmer-det-at-flaggermus-angriper-haret\/"},"modified":"2025-09-06T21:50:07","modified_gmt":"2025-09-06T19:50:07","slug":"stemmer-det-at-flaggermus-angriper-haret","status":"publish","type":"post","link":"https:\/\/nordnesrepublikken.no\/index.php\/2025\/09\/06\/stemmer-det-at-flaggermus-angriper-haret\/","title":{"rendered":"Stemmer det at flaggermus angriper h\u00e5ret?"},"content":{"rendered":"<div>\n<div class=\"cp_wrapper cp_wrapper--fw mb-30 mb-20@tablet\">\n<figure class=\"mm\"><picture class=\"img\" style=\"padding-top:56.25%\"><source  media=\"(min-width: 1024px)\"><source  media=\"(min-width: 768px)\"><\/source><\/source><\/picture><\/figure>\n<\/p><\/div>\n<p>Det er en av de mest popul\u00e6re troene i Vesten: jeg<strong> Flaggermus angriper h\u00e5ret<\/strong> (Spesielt de kvinnelige) under flyturen, og n\u00e5r de f\u00f8rst er grepet, gir de ikke opp grepet, til det punktet \u00e5 m\u00e5tte ty til saks for \u00e5 l\u00f8sne dem. En popul\u00e6r legende tilsynelatende veldig eldgammel, men<strong> uten noe grunnlag<\/strong>: flaggermusene flyr ikke med vilje mot h\u00e5ret, og hvis de passerer i n\u00e6rheten av hodet v\u00e5rt er det fordi de er <strong>p\u00e5 jakten p\u00e5 noen insekter<\/strong> Det flagrer oss, takket v\u00e6re kombinasjonen. Det er ikke umulig at en desorientert flaggermus g\u00e5r for \u00e5 sl\u00e5 mot hodet ditt, men denne hendelsen er <strong>sjelden<\/strong> og dyret<strong> Det ville umiddelbart gi opp grepet<\/strong>har ingen interesse for \u00e5 forbli angrepet. Flaggermusene, nattlige skapninger fra<strong>bisarr <\/strong>I v\u00e5re \u00f8yne er de blant de mest demoniserte og misforst\u00e5tte dyrene, hovedpersoner av mange andre popul\u00e6re troer: ideen om at de kan smitte oss med sinne med enkel kontakt, men dette er en er ogs\u00e5 veldig utbredt. <strong>falsk tro.<\/strong><\/p>\n<h2>Flaggermus som holder seg til h\u00e5ret: mellom myten og virkeligheten<\/h2>\n<p>Blant alle <strong>legender<\/strong> assosiert med flaggermus i den vestlige verden (\u00e5 se dem fly ved visse anledninger ville v\u00e6re et tegn p\u00e5 uflaks eller til og med d\u00f8d, <strong>Urinen deres slipper h\u00e5ret<\/strong>&#8230;) Den som holder seg til kvinneh\u00e5ret og som ikke forlater grepet, er en av de vanligste. I resten av verden ser det ikke ut til at denne troen er utbredt, i det minste ikke p\u00e5 samme m\u00e5te, og holdningene til disse dyrene, noen ganger positive, noen ganger negative, p\u00e5virkes av deres respektive kulturer og overtro: I det vestlige Asia blir de sett p\u00e5 som demoniske skapninger av transport\u00f8rene i Kina og Indones som motsatt, og av baksiden av baksiden av det som er i Kina og indoner som det motsatte og av bakset baks baks baks baks baksmenn baks baks baks baksmenn som er i Kina og indoner som det motsatte, og av de baks baks baksmennene i Kina og indoner som er motsatt.<strong> h\u00e5p om en god h\u00f8st<\/strong>.<\/p>\n<p>Som mange legender er det ikke klart n\u00f8yaktig n\u00e5r det oppsto, men etter all sannsynlighet er det resultatet av misforst\u00e5tte observasjoner. Flaggermusene er <strong>Utmerkede flygeblad<\/strong>i stand til \u00e5 endre retning plutselig for \u00e5 forf\u00f8lge insekter, som identifiserer og sporer takket v\u00e6re deres sofistikerte \u00f8kosterminering. Denne flyturen, som<strong> I v\u00e5re \u00f8yne virker det kaotisk<\/strong> Og ukontrollert, det gir det falske inntrykket at flaggermus kan smelle oss n\u00e5r som helst.<\/p>\n<p>N\u00e5r de plutselig senker, gir flaggermusene inntrykk av \u00e5 fly &laquo;mot oss&raquo;, men det er veldig sannsynlig at de er <strong>interessert i insektene som er rundt oss<\/strong>: ved \u00e5 avgi mye kroppsvarme og co<sub>2<\/sub> Med pusten v\u00e5r tiltrekker vi mange natteinsekter, spesielt mygg. En studie av <em>Nederland Institute of Ecology<\/em> Han viste ogs\u00e5 hvordan kunstige lys, som mange natteinsekter akkumuleres, <strong>Bats aktiviteten \u00f8ker ogs\u00e5<\/strong>og dermed \u00f8ke sjansene for et utilsiktet sammenst\u00f8t med et menneske.<\/p>\n<div class=\"cp_wrapper cp_wrapper--fw mb-50\">\n<figure class=\"mm\"><picture class=\"img\" style=\"padding-top:66.666666666667%\"><source  media=\"(min-width: 1024px)\"><source  media=\"(min-width: 768px)\"><img decoding=\"async\" loading=\"lazy\" src=\"https:\/\/nordnesrepublikken.no\/wp-content\/uploads\/2025\/09\/1757188195_707_Stemmer-det-at-flaggermus-angriper-haret.jpg\" alt=\"Fang flaggermus\" width=\"4305\" height=\"2870\"><\/source><\/source><\/picture><\/figure>\n<\/p><\/div>\n<p>En annen utbredt tro, assosiert med den forrige, er at alle <strong>Flaggermus er smittet med sinne<\/strong> Og at de overf\u00f8rer det til bare \u00e5 kontakte med mennesket. Selv om mange flaggermusarter er b\u00e6rere av patogener (det er et av dyrene som er mest assosiert med fenomenet av overfallet, er hoppet av en sykdom mellom en art til en annen) ogs\u00e5 dette er ikke noe mer enn en overdrivelse. Der<strong> sinne overf\u00f8res med bitt<\/strong>eller passering av spytt p\u00e5 et \u00e5pent s\u00e5r, og ikke med en \u00f8yeblikkelig og overfladisk kontakt. En studie p\u00e5 kolonier av italienske flaggermus utf\u00f8rt av Experimental Zooprophylactic Institute of the Venezie har overv\u00e5ket tilstedev\u00e6relsen av lysavirus i \u00e5tte \u00e5r, en familie av patogener som ogs\u00e5 inkluderer sinne og ansett potensielle kandidater for ogs\u00e5 \u00e5 infisere arten v\u00e5r. Studien <strong>avsl\u00f8rte ikke den direkte tilstedev\u00e6relsen av sinneviruset<\/strong>og derfor ingen risiko for overf\u00f8ring til mennesket. Sinne er faktisk blitt erkl\u00e6rt <strong>frav\u00e6rende p\u00e5 det italienske territoriet<\/strong> Siden 2013: Verken flaggermus eller andre dyr kan overf\u00f8re det til oss.<\/p>\n<h2>Eksperimentet for \u00e5 fjerne legenden om chiroteri som erter h\u00e5ret<\/h2>\n<p>S\u00e5 flaggermusene flyr ikke til h\u00e5ret v\u00e5rt for \u00e5 fly, men det er sant at hvis de skjer med oss \u200b\u200bved en feiltakelse, ville de ikke gi opp grepet? For \u00e5 teste denne uttalelsen, mellom 1958 og 1961, ble naturforskeren Gathorne-Hardy, Quinto Duke of Cranbrook. Deretter president i det engelske pattedyrsamfunnet, <strong>Han rekrutterte to unge jenter,<\/strong> Det ene kort og kr\u00f8llete h\u00e5ret, det andre med langt h\u00e5rb\u00f8lget og bundet i en chignon. Hertugen <strong>plasserte fire forskjellige kasser av flaggermus p\u00e5 hodet<\/strong>vanlig i hele Europa: <em>NYCTAUS Noculula<\/em>, <em>Plecotus auritus<\/em>, <em>Myotis Natterri <\/em>Og <em>Myotis daubentonii<\/em>. Alle tilfeller, flaggermusene gjorde ikke grepet og ble heller ikke satt fast i de frivillige h\u00e5ret, og<strong> De tok fly alene om noen f\u00e5 \u00f8yeblikk.<\/strong> Eksperimentet ble gjentatt flere ganger med samme resultat. Selv om det er fra den eneste vitenskapelige studien som er utf\u00f8rt p\u00e5 emnet (og med en ganske liten pr\u00f8ve) er det fremdeles et element som lar oss gj\u00f8re det<strong> Fjern denne myten.<\/strong> Videre er det ingen grunn til at en flaggermus skal v\u00e6re interessert i h\u00e5ret v\u00e5rt, eller anser dem som et trygt sted \u00e5 hekke.<\/p>\n<\/p><\/div>\n","protected":false},"excerpt":{"rendered":"<p>Det er en av de mest popul\u00e6re troene i Vesten: jeg Flaggermus angriper h\u00e5ret (Spesielt<\/p>\n","protected":false},"author":1,"featured_media":9263,"comment_status":"closed","ping_status":"open","sticky":false,"template":"","format":"standard","meta":{"footnotes":""},"categories":[24],"tags":[2800,66,6066,2087,714],"class_list":["post-9262","post","type-post","status-publish","format-standard","has-post-thumbnail","hentry","category-vitenskap","tag-angriper","tag-det","tag-flaggermus","tag-haret","tag-stemmer","generate-columns","tablet-grid-50","mobile-grid-100","grid-parent","grid-33","resize-featured-image"],"yoast_head":"<!-- This site is optimized with the Yoast SEO plugin v24.4 - https:\/\/yoast.com\/wordpress\/plugins\/seo\/ -->\n<title>Stemmer det at flaggermus angriper h\u00e5ret? - Nordnesrepublikken<\/title>\n<meta name=\"robots\" content=\"index, follow, max-snippet:-1, max-image-preview:large, max-video-preview:-1\" \/>\n<link rel=\"canonical\" href=\"https:\/\/nordnesrepublikken.no\/index.php\/2025\/09\/06\/stemmer-det-at-flaggermus-angriper-haret\/\" \/>\n<meta property=\"og:locale\" content=\"nb_NO\" \/>\n<meta property=\"og:type\" content=\"article\" \/>\n<meta property=\"og:title\" content=\"Stemmer det at flaggermus angriper h\u00e5ret? - Nordnesrepublikken\" \/>\n<meta property=\"og:description\" content=\"Det er en av de mest popul\u00e6re troene i Vesten: jeg Flaggermus angriper h\u00e5ret (Spesielt\" \/>\n<meta property=\"og:url\" content=\"https:\/\/nordnesrepublikken.no\/index.php\/2025\/09\/06\/stemmer-det-at-flaggermus-angriper-haret\/\" \/>\n<meta property=\"og:site_name\" content=\"Nordnesrepublikken\" \/>\n<meta property=\"article:published_time\" content=\"2025-09-06T19:49:55+00:00\" \/>\n<meta property=\"article:modified_time\" content=\"2025-09-06T19:50:07+00:00\" \/>\n<meta property=\"og:image\" content=\"https:\/\/nordnesrepublikken.no\/wp-content\/uploads\/2025\/09\/1757188196_Stemmer-det-at-flaggermus-angriper-haret-scaled.jpg\" \/>\n\t<meta property=\"og:image:width\" content=\"2560\" \/>\n\t<meta property=\"og:image:height\" content=\"1707\" \/>\n\t<meta property=\"og:image:type\" content=\"image\/jpeg\" \/>\n<meta name=\"author\" content=\"Ole Andersen\" \/>\n<meta name=\"twitter:card\" content=\"summary_large_image\" \/>\n<meta name=\"twitter:label1\" content=\"Skrevet av\" \/>\n\t<meta name=\"twitter:data1\" content=\"Ole Andersen\" \/>\n\t<meta name=\"twitter:label2\" content=\"Ansl. lesetid\" \/>\n\t<meta name=\"twitter:data2\" content=\"4 minutter\" \/>\n<script type=\"application\/ld+json\" class=\"yoast-schema-graph\">{\"@context\":\"https:\/\/schema.org\",\"@graph\":[{\"@type\":\"Article\",\"@id\":\"https:\/\/nordnesrepublikken.no\/index.php\/2025\/09\/06\/stemmer-det-at-flaggermus-angriper-haret\/#article\",\"isPartOf\":{\"@id\":\"https:\/\/nordnesrepublikken.no\/index.php\/2025\/09\/06\/stemmer-det-at-flaggermus-angriper-haret\/\"},\"author\":{\"name\":\"Ole Andersen\",\"@id\":\"https:\/\/nordnesrepublikken.no\/#\/schema\/person\/2e7e81935bab77882fffb79296240ff1\"},\"headline\":\"Stemmer det at flaggermus angriper h\u00e5ret?\",\"datePublished\":\"2025-09-06T19:49:55+00:00\",\"dateModified\":\"2025-09-06T19:50:07+00:00\",\"mainEntityOfPage\":{\"@id\":\"https:\/\/nordnesrepublikken.no\/index.php\/2025\/09\/06\/stemmer-det-at-flaggermus-angriper-haret\/\"},\"wordCount\":887,\"publisher\":{\"@id\":\"https:\/\/nordnesrepublikken.no\/#organization\"},\"image\":{\"@id\":\"https:\/\/nordnesrepublikken.no\/index.php\/2025\/09\/06\/stemmer-det-at-flaggermus-angriper-haret\/#primaryimage\"},\"thumbnailUrl\":\"https:\/\/nordnesrepublikken.no\/wp-content\/uploads\/2025\/09\/1757188196_Stemmer-det-at-flaggermus-angriper-haret-scaled.jpg\",\"keywords\":[\"angriper\",\"Det\",\"flaggermus\",\"h\u00e5ret\",\"Stemmer\"],\"articleSection\":[\"Vitenskap\"],\"inLanguage\":\"nb-NO\"},{\"@type\":\"WebPage\",\"@id\":\"https:\/\/nordnesrepublikken.no\/index.php\/2025\/09\/06\/stemmer-det-at-flaggermus-angriper-haret\/\",\"url\":\"https:\/\/nordnesrepublikken.no\/index.php\/2025\/09\/06\/stemmer-det-at-flaggermus-angriper-haret\/\",\"name\":\"Stemmer det at flaggermus angriper h\u00e5ret? - Nordnesrepublikken\",\"isPartOf\":{\"@id\":\"https:\/\/nordnesrepublikken.no\/#website\"},\"primaryImageOfPage\":{\"@id\":\"https:\/\/nordnesrepublikken.no\/index.php\/2025\/09\/06\/stemmer-det-at-flaggermus-angriper-haret\/#primaryimage\"},\"image\":{\"@id\":\"https:\/\/nordnesrepublikken.no\/index.php\/2025\/09\/06\/stemmer-det-at-flaggermus-angriper-haret\/#primaryimage\"},\"thumbnailUrl\":\"https:\/\/nordnesrepublikken.no\/wp-content\/uploads\/2025\/09\/1757188196_Stemmer-det-at-flaggermus-angriper-haret-scaled.jpg\",\"datePublished\":\"2025-09-06T19:49:55+00:00\",\"dateModified\":\"2025-09-06T19:50:07+00:00\",\"breadcrumb\":{\"@id\":\"https:\/\/nordnesrepublikken.no\/index.php\/2025\/09\/06\/stemmer-det-at-flaggermus-angriper-haret\/#breadcrumb\"},\"inLanguage\":\"nb-NO\",\"potentialAction\":[{\"@type\":\"ReadAction\",\"target\":[\"https:\/\/nordnesrepublikken.no\/index.php\/2025\/09\/06\/stemmer-det-at-flaggermus-angriper-haret\/\"]}]},{\"@type\":\"ImageObject\",\"inLanguage\":\"nb-NO\",\"@id\":\"https:\/\/nordnesrepublikken.no\/index.php\/2025\/09\/06\/stemmer-det-at-flaggermus-angriper-haret\/#primaryimage\",\"url\":\"https:\/\/nordnesrepublikken.no\/wp-content\/uploads\/2025\/09\/1757188196_Stemmer-det-at-flaggermus-angriper-haret-scaled.jpg\",\"contentUrl\":\"https:\/\/nordnesrepublikken.no\/wp-content\/uploads\/2025\/09\/1757188196_Stemmer-det-at-flaggermus-angriper-haret-scaled.jpg\",\"width\":2560,\"height\":1707,\"caption\":\"pipistrelli nei capelli falso mito\"},{\"@type\":\"BreadcrumbList\",\"@id\":\"https:\/\/nordnesrepublikken.no\/index.php\/2025\/09\/06\/stemmer-det-at-flaggermus-angriper-haret\/#breadcrumb\",\"itemListElement\":[{\"@type\":\"ListItem\",\"position\":1,\"name\":\"Home\",\"item\":\"https:\/\/nordnesrepublikken.no\/\"},{\"@type\":\"ListItem\",\"position\":2,\"name\":\"Stemmer det at flaggermus angriper h\u00e5ret?\"}]},{\"@type\":\"WebSite\",\"@id\":\"https:\/\/nordnesrepublikken.no\/#website\",\"url\":\"https:\/\/nordnesrepublikken.no\/\",\"name\":\"Nordnesrepublikken\",\"description\":\"Stemmer og Visjoner fra Republikkens Hjerte\",\"publisher\":{\"@id\":\"https:\/\/nordnesrepublikken.no\/#organization\"},\"potentialAction\":[{\"@type\":\"SearchAction\",\"target\":{\"@type\":\"EntryPoint\",\"urlTemplate\":\"https:\/\/nordnesrepublikken.no\/?s={search_term_string}\"},\"query-input\":{\"@type\":\"PropertyValueSpecification\",\"valueRequired\":true,\"valueName\":\"search_term_string\"}}],\"inLanguage\":\"nb-NO\"},{\"@type\":\"Organization\",\"@id\":\"https:\/\/nordnesrepublikken.no\/#organization\",\"name\":\"Nordnesrepublikken\",\"url\":\"https:\/\/nordnesrepublikken.no\/\",\"logo\":{\"@type\":\"ImageObject\",\"inLanguage\":\"nb-NO\",\"@id\":\"https:\/\/nordnesrepublikken.no\/#\/schema\/logo\/image\/\",\"url\":\"https:\/\/nordnesrepublikken.no\/wp-content\/uploads\/2025\/02\/cropped-nordnesrepublikken-2.png\",\"contentUrl\":\"https:\/\/nordnesrepublikken.no\/wp-content\/uploads\/2025\/02\/cropped-nordnesrepublikken-2.png\",\"width\":1248,\"height\":362,\"caption\":\"Nordnesrepublikken\"},\"image\":{\"@id\":\"https:\/\/nordnesrepublikken.no\/#\/schema\/logo\/image\/\"}},{\"@type\":\"Person\",\"@id\":\"https:\/\/nordnesrepublikken.no\/#\/schema\/person\/2e7e81935bab77882fffb79296240ff1\",\"name\":\"Ole Andersen\",\"image\":{\"@type\":\"ImageObject\",\"inLanguage\":\"nb-NO\",\"@id\":\"https:\/\/nordnesrepublikken.no\/#\/schema\/person\/image\/\",\"url\":\"https:\/\/nordnesrepublikken.no\/wp-content\/uploads\/2025\/02\/nordnesrepublikken-2-2-150x150.jpg\",\"contentUrl\":\"https:\/\/nordnesrepublikken.no\/wp-content\/uploads\/2025\/02\/nordnesrepublikken-2-2-150x150.jpg\",\"caption\":\"Ole Andersen\"},\"description\":\"Ettersom jeg vokste opp i Oslo, har jeg alltid v\u00e6rt fascinert av ordenes kraft og deres evne til \u00e5 skape endringer. Etter \u00e5 ha fullf\u00f8rt min utdannelse i kommunikasjon ved Universitetet i Bergen, fikk jeg muligheten til \u00e5 jobbe innen ulike medier, der jeg har s\u00f8kt \u00e5 belyse viktige samfunnssp\u00f8rsm\u00e5l. I dag, som redakt\u00f8r for Nordnesrepublikken, pr\u00f8ver jeg \u00e5 forene min kj\u00e6rlighet for journalistikk med min lidenskap for innovasjon og eventyr.\",\"sameAs\":[\"https:\/\/nordnesrepublikken.no\/\"]}]}<\/script>\n<!-- \/ Yoast SEO plugin. -->","yoast_head_json":{"title":"Stemmer det at flaggermus angriper h\u00e5ret? - Nordnesrepublikken","robots":{"index":"index","follow":"follow","max-snippet":"max-snippet:-1","max-image-preview":"max-image-preview:large","max-video-preview":"max-video-preview:-1"},"canonical":"https:\/\/nordnesrepublikken.no\/index.php\/2025\/09\/06\/stemmer-det-at-flaggermus-angriper-haret\/","og_locale":"nb_NO","og_type":"article","og_title":"Stemmer det at flaggermus angriper h\u00e5ret? - Nordnesrepublikken","og_description":"Det er en av de mest popul\u00e6re troene i Vesten: jeg Flaggermus angriper h\u00e5ret (Spesielt","og_url":"https:\/\/nordnesrepublikken.no\/index.php\/2025\/09\/06\/stemmer-det-at-flaggermus-angriper-haret\/","og_site_name":"Nordnesrepublikken","article_published_time":"2025-09-06T19:49:55+00:00","article_modified_time":"2025-09-06T19:50:07+00:00","og_image":[{"width":2560,"height":1707,"url":"https:\/\/nordnesrepublikken.no\/wp-content\/uploads\/2025\/09\/1757188196_Stemmer-det-at-flaggermus-angriper-haret-scaled.jpg","type":"image\/jpeg"}],"author":"Ole Andersen","twitter_card":"summary_large_image","twitter_misc":{"Skrevet av":"Ole Andersen","Ansl. lesetid":"4 minutter"},"schema":{"@context":"https:\/\/schema.org","@graph":[{"@type":"Article","@id":"https:\/\/nordnesrepublikken.no\/index.php\/2025\/09\/06\/stemmer-det-at-flaggermus-angriper-haret\/#article","isPartOf":{"@id":"https:\/\/nordnesrepublikken.no\/index.php\/2025\/09\/06\/stemmer-det-at-flaggermus-angriper-haret\/"},"author":{"name":"Ole Andersen","@id":"https:\/\/nordnesrepublikken.no\/#\/schema\/person\/2e7e81935bab77882fffb79296240ff1"},"headline":"Stemmer det at flaggermus angriper h\u00e5ret?","datePublished":"2025-09-06T19:49:55+00:00","dateModified":"2025-09-06T19:50:07+00:00","mainEntityOfPage":{"@id":"https:\/\/nordnesrepublikken.no\/index.php\/2025\/09\/06\/stemmer-det-at-flaggermus-angriper-haret\/"},"wordCount":887,"publisher":{"@id":"https:\/\/nordnesrepublikken.no\/#organization"},"image":{"@id":"https:\/\/nordnesrepublikken.no\/index.php\/2025\/09\/06\/stemmer-det-at-flaggermus-angriper-haret\/#primaryimage"},"thumbnailUrl":"https:\/\/nordnesrepublikken.no\/wp-content\/uploads\/2025\/09\/1757188196_Stemmer-det-at-flaggermus-angriper-haret-scaled.jpg","keywords":["angriper","Det","flaggermus","h\u00e5ret","Stemmer"],"articleSection":["Vitenskap"],"inLanguage":"nb-NO"},{"@type":"WebPage","@id":"https:\/\/nordnesrepublikken.no\/index.php\/2025\/09\/06\/stemmer-det-at-flaggermus-angriper-haret\/","url":"https:\/\/nordnesrepublikken.no\/index.php\/2025\/09\/06\/stemmer-det-at-flaggermus-angriper-haret\/","name":"Stemmer det at flaggermus angriper h\u00e5ret? - Nordnesrepublikken","isPartOf":{"@id":"https:\/\/nordnesrepublikken.no\/#website"},"primaryImageOfPage":{"@id":"https:\/\/nordnesrepublikken.no\/index.php\/2025\/09\/06\/stemmer-det-at-flaggermus-angriper-haret\/#primaryimage"},"image":{"@id":"https:\/\/nordnesrepublikken.no\/index.php\/2025\/09\/06\/stemmer-det-at-flaggermus-angriper-haret\/#primaryimage"},"thumbnailUrl":"https:\/\/nordnesrepublikken.no\/wp-content\/uploads\/2025\/09\/1757188196_Stemmer-det-at-flaggermus-angriper-haret-scaled.jpg","datePublished":"2025-09-06T19:49:55+00:00","dateModified":"2025-09-06T19:50:07+00:00","breadcrumb":{"@id":"https:\/\/nordnesrepublikken.no\/index.php\/2025\/09\/06\/stemmer-det-at-flaggermus-angriper-haret\/#breadcrumb"},"inLanguage":"nb-NO","potentialAction":[{"@type":"ReadAction","target":["https:\/\/nordnesrepublikken.no\/index.php\/2025\/09\/06\/stemmer-det-at-flaggermus-angriper-haret\/"]}]},{"@type":"ImageObject","inLanguage":"nb-NO","@id":"https:\/\/nordnesrepublikken.no\/index.php\/2025\/09\/06\/stemmer-det-at-flaggermus-angriper-haret\/#primaryimage","url":"https:\/\/nordnesrepublikken.no\/wp-content\/uploads\/2025\/09\/1757188196_Stemmer-det-at-flaggermus-angriper-haret-scaled.jpg","contentUrl":"https:\/\/nordnesrepublikken.no\/wp-content\/uploads\/2025\/09\/1757188196_Stemmer-det-at-flaggermus-angriper-haret-scaled.jpg","width":2560,"height":1707,"caption":"pipistrelli nei capelli falso mito"},{"@type":"BreadcrumbList","@id":"https:\/\/nordnesrepublikken.no\/index.php\/2025\/09\/06\/stemmer-det-at-flaggermus-angriper-haret\/#breadcrumb","itemListElement":[{"@type":"ListItem","position":1,"name":"Home","item":"https:\/\/nordnesrepublikken.no\/"},{"@type":"ListItem","position":2,"name":"Stemmer det at flaggermus angriper h\u00e5ret?"}]},{"@type":"WebSite","@id":"https:\/\/nordnesrepublikken.no\/#website","url":"https:\/\/nordnesrepublikken.no\/","name":"Nordnesrepublikken","description":"Stemmer og Visjoner fra Republikkens Hjerte","publisher":{"@id":"https:\/\/nordnesrepublikken.no\/#organization"},"potentialAction":[{"@type":"SearchAction","target":{"@type":"EntryPoint","urlTemplate":"https:\/\/nordnesrepublikken.no\/?s={search_term_string}"},"query-input":{"@type":"PropertyValueSpecification","valueRequired":true,"valueName":"search_term_string"}}],"inLanguage":"nb-NO"},{"@type":"Organization","@id":"https:\/\/nordnesrepublikken.no\/#organization","name":"Nordnesrepublikken","url":"https:\/\/nordnesrepublikken.no\/","logo":{"@type":"ImageObject","inLanguage":"nb-NO","@id":"https:\/\/nordnesrepublikken.no\/#\/schema\/logo\/image\/","url":"https:\/\/nordnesrepublikken.no\/wp-content\/uploads\/2025\/02\/cropped-nordnesrepublikken-2.png","contentUrl":"https:\/\/nordnesrepublikken.no\/wp-content\/uploads\/2025\/02\/cropped-nordnesrepublikken-2.png","width":1248,"height":362,"caption":"Nordnesrepublikken"},"image":{"@id":"https:\/\/nordnesrepublikken.no\/#\/schema\/logo\/image\/"}},{"@type":"Person","@id":"https:\/\/nordnesrepublikken.no\/#\/schema\/person\/2e7e81935bab77882fffb79296240ff1","name":"Ole Andersen","image":{"@type":"ImageObject","inLanguage":"nb-NO","@id":"https:\/\/nordnesrepublikken.no\/#\/schema\/person\/image\/","url":"https:\/\/nordnesrepublikken.no\/wp-content\/uploads\/2025\/02\/nordnesrepublikken-2-2-150x150.jpg","contentUrl":"https:\/\/nordnesrepublikken.no\/wp-content\/uploads\/2025\/02\/nordnesrepublikken-2-2-150x150.jpg","caption":"Ole Andersen"},"description":"Ettersom jeg vokste opp i Oslo, har jeg alltid v\u00e6rt fascinert av ordenes kraft og deres evne til \u00e5 skape endringer. Etter \u00e5 ha fullf\u00f8rt min utdannelse i kommunikasjon ved Universitetet i Bergen, fikk jeg muligheten til \u00e5 jobbe innen ulike medier, der jeg har s\u00f8kt \u00e5 belyse viktige samfunnssp\u00f8rsm\u00e5l. I dag, som redakt\u00f8r for Nordnesrepublikken, pr\u00f8ver jeg \u00e5 forene min kj\u00e6rlighet for journalistikk med min lidenskap for innovasjon og eventyr.","sameAs":["https:\/\/nordnesrepublikken.no\/"]}]}},"_links":{"self":[{"href":"https:\/\/nordnesrepublikken.no\/index.php\/wp-json\/wp\/v2\/posts\/9262","targetHints":{"allow":["GET"]}}],"collection":[{"href":"https:\/\/nordnesrepublikken.no\/index.php\/wp-json\/wp\/v2\/posts"}],"about":[{"href":"https:\/\/nordnesrepublikken.no\/index.php\/wp-json\/wp\/v2\/types\/post"}],"author":[{"embeddable":true,"href":"https:\/\/nordnesrepublikken.no\/index.php\/wp-json\/wp\/v2\/users\/1"}],"replies":[{"embeddable":true,"href":"https:\/\/nordnesrepublikken.no\/index.php\/wp-json\/wp\/v2\/comments?post=9262"}],"version-history":[{"count":1,"href":"https:\/\/nordnesrepublikken.no\/index.php\/wp-json\/wp\/v2\/posts\/9262\/revisions"}],"predecessor-version":[{"id":9264,"href":"https:\/\/nordnesrepublikken.no\/index.php\/wp-json\/wp\/v2\/posts\/9262\/revisions\/9264"}],"wp:featuredmedia":[{"embeddable":true,"href":"https:\/\/nordnesrepublikken.no\/index.php\/wp-json\/wp\/v2\/media\/9263"}],"wp:attachment":[{"href":"https:\/\/nordnesrepublikken.no\/index.php\/wp-json\/wp\/v2\/media?parent=9262"}],"wp:term":[{"taxonomy":"category","embeddable":true,"href":"https:\/\/nordnesrepublikken.no\/index.php\/wp-json\/wp\/v2\/categories?post=9262"},{"taxonomy":"post_tag","embeddable":true,"href":"https:\/\/nordnesrepublikken.no\/index.php\/wp-json\/wp\/v2\/tags?post=9262"}],"curies":[{"name":"wp","href":"https:\/\/api.w.org\/{rel}","templated":true}]}}