{"id":9259,"date":"2025-09-06T18:49:33","date_gmt":"2025-09-06T16:49:33","guid":{"rendered":"https:\/\/nordnesrepublikken.no\/index.php\/2025\/09\/06\/hvordan-det-har-endret-seg-til-dags-dato\/"},"modified":"2025-09-06T18:49:40","modified_gmt":"2025-09-06T16:49:40","slug":"hvordan-det-har-endret-seg-til-dags-dato","status":"publish","type":"post","link":"https:\/\/nordnesrepublikken.no\/index.php\/2025\/09\/06\/hvordan-det-har-endret-seg-til-dags-dato\/","title":{"rendered":"Hvordan det har endret seg til dags dato"},"content":{"rendered":"<div>\n<div class=\"cp_wrapper cp_wrapper--fw mb-30 mb-20@tablet\">\n<figure class=\"mm\"><picture class=\"img\" style=\"padding-top:56.25%\"><source  media=\"(min-width: 1024px)\"><source  media=\"(min-width: 768px)\"><\/source><\/source><\/picture><\/figure>\n<\/p><\/div>\n<p>I dag <strong>CV<\/strong> (<em>Curriculum Vitae<\/em>) er verkt\u00f8yet som alle fyller ut for \u00e5 s\u00f8ke p\u00e5 en jobb eller vise ferdigheter og holdninger, men konseptet er ikke moderne i det hele tatt: allerede i <strong>1482<\/strong>, <strong>Leonardo da Vinci<\/strong> sendt til <strong>Lodovico The Moro<\/strong> Et brev som vi vurderer det f\u00f8rste i dag <strong>L\u00e6replan for historie<\/strong>der den lister opp sine mest nyttige ferdigheter ved Milano Court og til og med tilbyr en pr\u00f8veperiode. Siden den gang, i <strong>l\u00e6replan<\/strong> De utviklet seg i formene og st\u00f8ttene, men funksjonen forblir den samme: \u00e5 presentere seg p\u00e5 det beste og demonstrere hva som kan gj\u00f8res. <em><strong>l\u00e6replan<\/strong><\/em>  stammer fra latin <strong>Courre<\/strong>det er \u00e5 kj\u00f8re: <em><strong>Curriculum Vitae<\/strong><\/em>  Faktisk betyr det &laquo;livets forl\u00f8p&raquo;. I Italia vises uttrykket for f\u00f8rste gang i <strong>1892<\/strong> og inn <strong>1941<\/strong> Enkeltformen er ogs\u00e5 dokumentert <strong>l\u00e6replan<\/strong>if\u00f8lge<strong>Accademia della Crusca<\/strong>.<\/p>\n<h2>Som oppfant Curriculum Vitae og n\u00e5r: Leonardo da Vinci<\/h2>\n<p>I <b>1482<\/b> Leonardo da Vinci er tretti \u00e5r gammel og tilbrakte de siste tjue i Firenze, hvor han trente i Verrocchio -butikken og jobbet for legene. P\u00e5 denne datoen skriver han et brev a <b>Lodovico The Moro<\/b>Hertug av Milano. Det er allerede <b>En maler og billedhugger etablert<\/b>han behandlet vellykkede vitenskapelige studier, men n\u00e5r han skriver til hertugen, presenterer han seg ikke bare som kunstner, snarere som en <b>strateg og ingeni\u00f8r<\/b>i stand til \u00e5 sette <b>egne ferdigheter <\/b>Til tjeneste for det Lodovico \u00f8nsker \u00e5 f\u00e5 for byen sin.<\/p>\n<blockquote>\n<p>&laquo;Jeg vet m\u00e5ten \u00e5 vinne beleiringer, grave tunneler og kanaler, bygge dekket og katapulterte vogner&raquo;<\/p>\n<\/blockquote>\n<p>Dokumentet, som n\u00e5 er bevart i<b> Ambrosiana Library of Milano<\/b>er et perfekt presentasjonsbrev E <em>Curriculum Vitae<\/em> Sammen: Leonardo ber\u00f8mmer ikke egenskapene hans, men<b> La det v\u00e6re prosjektene han har behandlet for ham<\/b>. I tillegg plasserer han seg med proaktivitet og den rette dosen av ydmykhet, og foresl\u00e5r seg selv i en periode med &laquo;praksisplass&raquo; for \u00e5 lage et eksperiment og teste ferdighetene hans under blikket til hertugen:<\/p>\n<blockquote>\n<p>&laquo;Og hvis noen av de ovennevnte forteller ting til hvem som helst, virker det umulig og ustoselig, jeg tilbyr meg \u00e5 gj\u00f8re det til en ekspert i parken, eller i hvilken loco det vil like til Yourxcellenzia, som jeg ydmykt s\u00e5 mye jeg kan komme tilbake.&raquo;<\/p>\n<\/blockquote>\n<p>Vi vet at Lodovico Moro vil samtykke til \u00e5 ha det i Milano, og Leonardo drar til byen, hvor han blir igjen i andre nesten tjue \u00e5r, til 1499. Her er hans kunstneriske og ingeni\u00f8rproduksjon til tjeneste for arkitektur og byplanlegging spesielt blomstrende: blant verkene som er malt og holdt i byen, for eksempel, er det den aller ber\u00f8mte kvelden.<\/p>\n<h2>L\u00e6replanen fra 1800 til dagens digitale revolusjon<\/h2>\n<p>Hvis vi fikser <strong>1482<\/strong> F\u00f8dselen av den f\u00f8rste <strong>L\u00e6replan for historie<\/strong>kan vi forestille oss at lignende brev i de \u00e5rhundrer er sendt til dusinvis av hertug og herrer, til slutten av<strong>800<\/strong>n\u00e5r <strong>CV<\/strong> Den tar p\u00e5 seg en &laquo;offisiell&raquo; form, dokumentert av &laquo;Crusca&raquo; Academy &laquo;: Brev der ferdigheter og ferdigheter ble oppf\u00f8rt i tjenesten til et arbeidsprosjekt. Den virkelige revolusjonen kommer i \u00e5rene &#8216;<strong>90<\/strong>med spredningen av <strong>computer<\/strong> Og s\u00e5 av <strong>Web<\/strong>: Skriv og send en l\u00e6replan blir enkel og tilgjengelig for alle, og de er f\u00f8dt <strong>standard<\/strong> Delt. I <strong>2002<\/strong> de<strong>EU<\/strong> introduserer<strong>Europass<\/strong>et forh\u00e5ndsinnstilt format som er gyldig i hele EU.<\/p>\n<p>I dag jeg <strong>l\u00e6replan<\/strong> De kan v\u00e6re tradisjonelle, grafiske, video, kreative eller digitale p\u00e5 plattformer som <strong>LinkedIn<\/strong>tilpasse seg konteksten og for form\u00e5let. Oppsummer alt vi er, og vi vet hvordan vi skal gj\u00f8re en utfordring, men dette er nettopp betydningen av &laquo;<strong>livets forl\u00f8p<\/strong>&laquo;, Som poesi ogs\u00e5 antyder <strong>Skriv en l\u00e6replan<\/strong> av Nobelprisen <strong>Wis\u0142awa Szymborska:<\/strong><\/p>\n<blockquote>\n<p>Hva er n\u00f8dvendig?<br \/>Det er n\u00f8dvendig \u00e5 skrive et sp\u00f8rsm\u00e5l,<br \/>Og n\u00e5r du blir bedt om \u00e5 feste l\u00e6replanen.<\/p>\n<p>Uansett hvor mye det har levd<br \/>Det er bra at l\u00e6replanen er kort.<\/p>\n<p>(&#8230;)<\/p>\n<\/blockquote><\/div>\n","protected":false},"excerpt":{"rendered":"<p>I dag CV (Curriculum Vitae) er verkt\u00f8yet som alle fyller ut for \u00e5 s\u00f8ke p\u00e5<\/p>\n","protected":false},"author":1,"featured_media":9260,"comment_status":"closed","ping_status":"open","sticky":false,"template":"","format":"standard","meta":{"footnotes":""},"categories":[104],"tags":[6064,6065,66,95,179,112,96,117],"class_list":["post-9259","post","type-post","status-publish","format-standard","has-post-thumbnail","hentry","category-samfunn","tag-dags","tag-dato","tag-det","tag-endret","tag-har","tag-hvordan","tag-seg","tag-til","generate-columns","tablet-grid-50","mobile-grid-100","grid-parent","grid-33","resize-featured-image"],"yoast_head":"<!-- This site is optimized with the Yoast SEO plugin v24.4 - https:\/\/yoast.com\/wordpress\/plugins\/seo\/ -->\n<title>Hvordan det har endret seg til dags dato - Nordnesrepublikken<\/title>\n<meta name=\"robots\" content=\"index, follow, max-snippet:-1, max-image-preview:large, max-video-preview:-1\" \/>\n<link rel=\"canonical\" href=\"https:\/\/nordnesrepublikken.no\/index.php\/2025\/09\/06\/hvordan-det-har-endret-seg-til-dags-dato\/\" \/>\n<meta property=\"og:locale\" content=\"nb_NO\" \/>\n<meta property=\"og:type\" content=\"article\" \/>\n<meta property=\"og:title\" content=\"Hvordan det har endret seg til dags dato - Nordnesrepublikken\" \/>\n<meta property=\"og:description\" content=\"I dag CV (Curriculum Vitae) er verkt\u00f8yet som alle fyller ut for \u00e5 s\u00f8ke p\u00e5\" \/>\n<meta property=\"og:url\" content=\"https:\/\/nordnesrepublikken.no\/index.php\/2025\/09\/06\/hvordan-det-har-endret-seg-til-dags-dato\/\" \/>\n<meta property=\"og:site_name\" content=\"Nordnesrepublikken\" \/>\n<meta property=\"article:published_time\" content=\"2025-09-06T16:49:33+00:00\" \/>\n<meta property=\"article:modified_time\" content=\"2025-09-06T16:49:40+00:00\" \/>\n<meta property=\"og:image\" content=\"https:\/\/nordnesrepublikken.no\/wp-content\/uploads\/2025\/09\/1757177373_Hvordan-det-har-endret-seg-til-dags-dato-scaled.jpg\" \/>\n\t<meta property=\"og:image:width\" content=\"2560\" \/>\n\t<meta property=\"og:image:height\" content=\"1350\" \/>\n\t<meta property=\"og:image:type\" content=\"image\/jpeg\" \/>\n<meta name=\"author\" content=\"Ole Andersen\" \/>\n<meta name=\"twitter:card\" content=\"summary_large_image\" \/>\n<meta name=\"twitter:label1\" content=\"Skrevet av\" \/>\n\t<meta name=\"twitter:data1\" content=\"Ole Andersen\" \/>\n\t<meta name=\"twitter:label2\" content=\"Ansl. lesetid\" \/>\n\t<meta name=\"twitter:data2\" content=\"3 minutter\" \/>\n<script type=\"application\/ld+json\" class=\"yoast-schema-graph\">{\"@context\":\"https:\/\/schema.org\",\"@graph\":[{\"@type\":\"Article\",\"@id\":\"https:\/\/nordnesrepublikken.no\/index.php\/2025\/09\/06\/hvordan-det-har-endret-seg-til-dags-dato\/#article\",\"isPartOf\":{\"@id\":\"https:\/\/nordnesrepublikken.no\/index.php\/2025\/09\/06\/hvordan-det-har-endret-seg-til-dags-dato\/\"},\"author\":{\"name\":\"Ole Andersen\",\"@id\":\"https:\/\/nordnesrepublikken.no\/#\/schema\/person\/2e7e81935bab77882fffb79296240ff1\"},\"headline\":\"Hvordan det har endret seg til dags dato\",\"datePublished\":\"2025-09-06T16:49:33+00:00\",\"dateModified\":\"2025-09-06T16:49:40+00:00\",\"mainEntityOfPage\":{\"@id\":\"https:\/\/nordnesrepublikken.no\/index.php\/2025\/09\/06\/hvordan-det-har-endret-seg-til-dags-dato\/\"},\"wordCount\":645,\"publisher\":{\"@id\":\"https:\/\/nordnesrepublikken.no\/#organization\"},\"image\":{\"@id\":\"https:\/\/nordnesrepublikken.no\/index.php\/2025\/09\/06\/hvordan-det-har-endret-seg-til-dags-dato\/#primaryimage\"},\"thumbnailUrl\":\"https:\/\/nordnesrepublikken.no\/wp-content\/uploads\/2025\/09\/1757177373_Hvordan-det-har-endret-seg-til-dags-dato-scaled.jpg\",\"keywords\":[\"dags\",\"dato\",\"Det\",\"endret\",\"har\",\"Hvordan\",\"seg\",\"til\"],\"articleSection\":[\"Samfunn\"],\"inLanguage\":\"nb-NO\"},{\"@type\":\"WebPage\",\"@id\":\"https:\/\/nordnesrepublikken.no\/index.php\/2025\/09\/06\/hvordan-det-har-endret-seg-til-dags-dato\/\",\"url\":\"https:\/\/nordnesrepublikken.no\/index.php\/2025\/09\/06\/hvordan-det-har-endret-seg-til-dags-dato\/\",\"name\":\"Hvordan det har endret seg til dags dato - Nordnesrepublikken\",\"isPartOf\":{\"@id\":\"https:\/\/nordnesrepublikken.no\/#website\"},\"primaryImageOfPage\":{\"@id\":\"https:\/\/nordnesrepublikken.no\/index.php\/2025\/09\/06\/hvordan-det-har-endret-seg-til-dags-dato\/#primaryimage\"},\"image\":{\"@id\":\"https:\/\/nordnesrepublikken.no\/index.php\/2025\/09\/06\/hvordan-det-har-endret-seg-til-dags-dato\/#primaryimage\"},\"thumbnailUrl\":\"https:\/\/nordnesrepublikken.no\/wp-content\/uploads\/2025\/09\/1757177373_Hvordan-det-har-endret-seg-til-dags-dato-scaled.jpg\",\"datePublished\":\"2025-09-06T16:49:33+00:00\",\"dateModified\":\"2025-09-06T16:49:40+00:00\",\"breadcrumb\":{\"@id\":\"https:\/\/nordnesrepublikken.no\/index.php\/2025\/09\/06\/hvordan-det-har-endret-seg-til-dags-dato\/#breadcrumb\"},\"inLanguage\":\"nb-NO\",\"potentialAction\":[{\"@type\":\"ReadAction\",\"target\":[\"https:\/\/nordnesrepublikken.no\/index.php\/2025\/09\/06\/hvordan-det-har-endret-seg-til-dags-dato\/\"]}]},{\"@type\":\"ImageObject\",\"inLanguage\":\"nb-NO\",\"@id\":\"https:\/\/nordnesrepublikken.no\/index.php\/2025\/09\/06\/hvordan-det-har-endret-seg-til-dags-dato\/#primaryimage\",\"url\":\"https:\/\/nordnesrepublikken.no\/wp-content\/uploads\/2025\/09\/1757177373_Hvordan-det-har-endret-seg-til-dags-dato-scaled.jpg\",\"contentUrl\":\"https:\/\/nordnesrepublikken.no\/wp-content\/uploads\/2025\/09\/1757177373_Hvordan-det-har-endret-seg-til-dags-dato-scaled.jpg\",\"width\":2560,\"height\":1350,\"caption\":\"cv\"},{\"@type\":\"BreadcrumbList\",\"@id\":\"https:\/\/nordnesrepublikken.no\/index.php\/2025\/09\/06\/hvordan-det-har-endret-seg-til-dags-dato\/#breadcrumb\",\"itemListElement\":[{\"@type\":\"ListItem\",\"position\":1,\"name\":\"Home\",\"item\":\"https:\/\/nordnesrepublikken.no\/\"},{\"@type\":\"ListItem\",\"position\":2,\"name\":\"Hvordan det har endret seg til dags dato\"}]},{\"@type\":\"WebSite\",\"@id\":\"https:\/\/nordnesrepublikken.no\/#website\",\"url\":\"https:\/\/nordnesrepublikken.no\/\",\"name\":\"Nordnesrepublikken\",\"description\":\"Stemmer og Visjoner fra Republikkens Hjerte\",\"publisher\":{\"@id\":\"https:\/\/nordnesrepublikken.no\/#organization\"},\"potentialAction\":[{\"@type\":\"SearchAction\",\"target\":{\"@type\":\"EntryPoint\",\"urlTemplate\":\"https:\/\/nordnesrepublikken.no\/?s={search_term_string}\"},\"query-input\":{\"@type\":\"PropertyValueSpecification\",\"valueRequired\":true,\"valueName\":\"search_term_string\"}}],\"inLanguage\":\"nb-NO\"},{\"@type\":\"Organization\",\"@id\":\"https:\/\/nordnesrepublikken.no\/#organization\",\"name\":\"Nordnesrepublikken\",\"url\":\"https:\/\/nordnesrepublikken.no\/\",\"logo\":{\"@type\":\"ImageObject\",\"inLanguage\":\"nb-NO\",\"@id\":\"https:\/\/nordnesrepublikken.no\/#\/schema\/logo\/image\/\",\"url\":\"https:\/\/nordnesrepublikken.no\/wp-content\/uploads\/2025\/02\/cropped-nordnesrepublikken-2.png\",\"contentUrl\":\"https:\/\/nordnesrepublikken.no\/wp-content\/uploads\/2025\/02\/cropped-nordnesrepublikken-2.png\",\"width\":1248,\"height\":362,\"caption\":\"Nordnesrepublikken\"},\"image\":{\"@id\":\"https:\/\/nordnesrepublikken.no\/#\/schema\/logo\/image\/\"}},{\"@type\":\"Person\",\"@id\":\"https:\/\/nordnesrepublikken.no\/#\/schema\/person\/2e7e81935bab77882fffb79296240ff1\",\"name\":\"Ole Andersen\",\"image\":{\"@type\":\"ImageObject\",\"inLanguage\":\"nb-NO\",\"@id\":\"https:\/\/nordnesrepublikken.no\/#\/schema\/person\/image\/\",\"url\":\"https:\/\/nordnesrepublikken.no\/wp-content\/uploads\/2025\/02\/nordnesrepublikken-2-2-150x150.jpg\",\"contentUrl\":\"https:\/\/nordnesrepublikken.no\/wp-content\/uploads\/2025\/02\/nordnesrepublikken-2-2-150x150.jpg\",\"caption\":\"Ole Andersen\"},\"description\":\"Ettersom jeg vokste opp i Oslo, har jeg alltid v\u00e6rt fascinert av ordenes kraft og deres evne til \u00e5 skape endringer. Etter \u00e5 ha fullf\u00f8rt min utdannelse i kommunikasjon ved Universitetet i Bergen, fikk jeg muligheten til \u00e5 jobbe innen ulike medier, der jeg har s\u00f8kt \u00e5 belyse viktige samfunnssp\u00f8rsm\u00e5l. I dag, som redakt\u00f8r for Nordnesrepublikken, pr\u00f8ver jeg \u00e5 forene min kj\u00e6rlighet for journalistikk med min lidenskap for innovasjon og eventyr.\",\"sameAs\":[\"https:\/\/nordnesrepublikken.no\/\"]}]}<\/script>\n<!-- \/ Yoast SEO plugin. -->","yoast_head_json":{"title":"Hvordan det har endret seg til dags dato - Nordnesrepublikken","robots":{"index":"index","follow":"follow","max-snippet":"max-snippet:-1","max-image-preview":"max-image-preview:large","max-video-preview":"max-video-preview:-1"},"canonical":"https:\/\/nordnesrepublikken.no\/index.php\/2025\/09\/06\/hvordan-det-har-endret-seg-til-dags-dato\/","og_locale":"nb_NO","og_type":"article","og_title":"Hvordan det har endret seg til dags dato - Nordnesrepublikken","og_description":"I dag CV (Curriculum Vitae) er verkt\u00f8yet som alle fyller ut for \u00e5 s\u00f8ke p\u00e5","og_url":"https:\/\/nordnesrepublikken.no\/index.php\/2025\/09\/06\/hvordan-det-har-endret-seg-til-dags-dato\/","og_site_name":"Nordnesrepublikken","article_published_time":"2025-09-06T16:49:33+00:00","article_modified_time":"2025-09-06T16:49:40+00:00","og_image":[{"width":2560,"height":1350,"url":"https:\/\/nordnesrepublikken.no\/wp-content\/uploads\/2025\/09\/1757177373_Hvordan-det-har-endret-seg-til-dags-dato-scaled.jpg","type":"image\/jpeg"}],"author":"Ole Andersen","twitter_card":"summary_large_image","twitter_misc":{"Skrevet av":"Ole Andersen","Ansl. lesetid":"3 minutter"},"schema":{"@context":"https:\/\/schema.org","@graph":[{"@type":"Article","@id":"https:\/\/nordnesrepublikken.no\/index.php\/2025\/09\/06\/hvordan-det-har-endret-seg-til-dags-dato\/#article","isPartOf":{"@id":"https:\/\/nordnesrepublikken.no\/index.php\/2025\/09\/06\/hvordan-det-har-endret-seg-til-dags-dato\/"},"author":{"name":"Ole Andersen","@id":"https:\/\/nordnesrepublikken.no\/#\/schema\/person\/2e7e81935bab77882fffb79296240ff1"},"headline":"Hvordan det har endret seg til dags dato","datePublished":"2025-09-06T16:49:33+00:00","dateModified":"2025-09-06T16:49:40+00:00","mainEntityOfPage":{"@id":"https:\/\/nordnesrepublikken.no\/index.php\/2025\/09\/06\/hvordan-det-har-endret-seg-til-dags-dato\/"},"wordCount":645,"publisher":{"@id":"https:\/\/nordnesrepublikken.no\/#organization"},"image":{"@id":"https:\/\/nordnesrepublikken.no\/index.php\/2025\/09\/06\/hvordan-det-har-endret-seg-til-dags-dato\/#primaryimage"},"thumbnailUrl":"https:\/\/nordnesrepublikken.no\/wp-content\/uploads\/2025\/09\/1757177373_Hvordan-det-har-endret-seg-til-dags-dato-scaled.jpg","keywords":["dags","dato","Det","endret","har","Hvordan","seg","til"],"articleSection":["Samfunn"],"inLanguage":"nb-NO"},{"@type":"WebPage","@id":"https:\/\/nordnesrepublikken.no\/index.php\/2025\/09\/06\/hvordan-det-har-endret-seg-til-dags-dato\/","url":"https:\/\/nordnesrepublikken.no\/index.php\/2025\/09\/06\/hvordan-det-har-endret-seg-til-dags-dato\/","name":"Hvordan det har endret seg til dags dato - Nordnesrepublikken","isPartOf":{"@id":"https:\/\/nordnesrepublikken.no\/#website"},"primaryImageOfPage":{"@id":"https:\/\/nordnesrepublikken.no\/index.php\/2025\/09\/06\/hvordan-det-har-endret-seg-til-dags-dato\/#primaryimage"},"image":{"@id":"https:\/\/nordnesrepublikken.no\/index.php\/2025\/09\/06\/hvordan-det-har-endret-seg-til-dags-dato\/#primaryimage"},"thumbnailUrl":"https:\/\/nordnesrepublikken.no\/wp-content\/uploads\/2025\/09\/1757177373_Hvordan-det-har-endret-seg-til-dags-dato-scaled.jpg","datePublished":"2025-09-06T16:49:33+00:00","dateModified":"2025-09-06T16:49:40+00:00","breadcrumb":{"@id":"https:\/\/nordnesrepublikken.no\/index.php\/2025\/09\/06\/hvordan-det-har-endret-seg-til-dags-dato\/#breadcrumb"},"inLanguage":"nb-NO","potentialAction":[{"@type":"ReadAction","target":["https:\/\/nordnesrepublikken.no\/index.php\/2025\/09\/06\/hvordan-det-har-endret-seg-til-dags-dato\/"]}]},{"@type":"ImageObject","inLanguage":"nb-NO","@id":"https:\/\/nordnesrepublikken.no\/index.php\/2025\/09\/06\/hvordan-det-har-endret-seg-til-dags-dato\/#primaryimage","url":"https:\/\/nordnesrepublikken.no\/wp-content\/uploads\/2025\/09\/1757177373_Hvordan-det-har-endret-seg-til-dags-dato-scaled.jpg","contentUrl":"https:\/\/nordnesrepublikken.no\/wp-content\/uploads\/2025\/09\/1757177373_Hvordan-det-har-endret-seg-til-dags-dato-scaled.jpg","width":2560,"height":1350,"caption":"cv"},{"@type":"BreadcrumbList","@id":"https:\/\/nordnesrepublikken.no\/index.php\/2025\/09\/06\/hvordan-det-har-endret-seg-til-dags-dato\/#breadcrumb","itemListElement":[{"@type":"ListItem","position":1,"name":"Home","item":"https:\/\/nordnesrepublikken.no\/"},{"@type":"ListItem","position":2,"name":"Hvordan det har endret seg til dags dato"}]},{"@type":"WebSite","@id":"https:\/\/nordnesrepublikken.no\/#website","url":"https:\/\/nordnesrepublikken.no\/","name":"Nordnesrepublikken","description":"Stemmer og Visjoner fra Republikkens Hjerte","publisher":{"@id":"https:\/\/nordnesrepublikken.no\/#organization"},"potentialAction":[{"@type":"SearchAction","target":{"@type":"EntryPoint","urlTemplate":"https:\/\/nordnesrepublikken.no\/?s={search_term_string}"},"query-input":{"@type":"PropertyValueSpecification","valueRequired":true,"valueName":"search_term_string"}}],"inLanguage":"nb-NO"},{"@type":"Organization","@id":"https:\/\/nordnesrepublikken.no\/#organization","name":"Nordnesrepublikken","url":"https:\/\/nordnesrepublikken.no\/","logo":{"@type":"ImageObject","inLanguage":"nb-NO","@id":"https:\/\/nordnesrepublikken.no\/#\/schema\/logo\/image\/","url":"https:\/\/nordnesrepublikken.no\/wp-content\/uploads\/2025\/02\/cropped-nordnesrepublikken-2.png","contentUrl":"https:\/\/nordnesrepublikken.no\/wp-content\/uploads\/2025\/02\/cropped-nordnesrepublikken-2.png","width":1248,"height":362,"caption":"Nordnesrepublikken"},"image":{"@id":"https:\/\/nordnesrepublikken.no\/#\/schema\/logo\/image\/"}},{"@type":"Person","@id":"https:\/\/nordnesrepublikken.no\/#\/schema\/person\/2e7e81935bab77882fffb79296240ff1","name":"Ole Andersen","image":{"@type":"ImageObject","inLanguage":"nb-NO","@id":"https:\/\/nordnesrepublikken.no\/#\/schema\/person\/image\/","url":"https:\/\/nordnesrepublikken.no\/wp-content\/uploads\/2025\/02\/nordnesrepublikken-2-2-150x150.jpg","contentUrl":"https:\/\/nordnesrepublikken.no\/wp-content\/uploads\/2025\/02\/nordnesrepublikken-2-2-150x150.jpg","caption":"Ole Andersen"},"description":"Ettersom jeg vokste opp i Oslo, har jeg alltid v\u00e6rt fascinert av ordenes kraft og deres evne til \u00e5 skape endringer. Etter \u00e5 ha fullf\u00f8rt min utdannelse i kommunikasjon ved Universitetet i Bergen, fikk jeg muligheten til \u00e5 jobbe innen ulike medier, der jeg har s\u00f8kt \u00e5 belyse viktige samfunnssp\u00f8rsm\u00e5l. I dag, som redakt\u00f8r for Nordnesrepublikken, pr\u00f8ver jeg \u00e5 forene min kj\u00e6rlighet for journalistikk med min lidenskap for innovasjon og eventyr.","sameAs":["https:\/\/nordnesrepublikken.no\/"]}]}},"_links":{"self":[{"href":"https:\/\/nordnesrepublikken.no\/index.php\/wp-json\/wp\/v2\/posts\/9259","targetHints":{"allow":["GET"]}}],"collection":[{"href":"https:\/\/nordnesrepublikken.no\/index.php\/wp-json\/wp\/v2\/posts"}],"about":[{"href":"https:\/\/nordnesrepublikken.no\/index.php\/wp-json\/wp\/v2\/types\/post"}],"author":[{"embeddable":true,"href":"https:\/\/nordnesrepublikken.no\/index.php\/wp-json\/wp\/v2\/users\/1"}],"replies":[{"embeddable":true,"href":"https:\/\/nordnesrepublikken.no\/index.php\/wp-json\/wp\/v2\/comments?post=9259"}],"version-history":[{"count":1,"href":"https:\/\/nordnesrepublikken.no\/index.php\/wp-json\/wp\/v2\/posts\/9259\/revisions"}],"predecessor-version":[{"id":9261,"href":"https:\/\/nordnesrepublikken.no\/index.php\/wp-json\/wp\/v2\/posts\/9259\/revisions\/9261"}],"wp:featuredmedia":[{"embeddable":true,"href":"https:\/\/nordnesrepublikken.no\/index.php\/wp-json\/wp\/v2\/media\/9260"}],"wp:attachment":[{"href":"https:\/\/nordnesrepublikken.no\/index.php\/wp-json\/wp\/v2\/media?parent=9259"}],"wp:term":[{"taxonomy":"category","embeddable":true,"href":"https:\/\/nordnesrepublikken.no\/index.php\/wp-json\/wp\/v2\/categories?post=9259"},{"taxonomy":"post_tag","embeddable":true,"href":"https:\/\/nordnesrepublikken.no\/index.php\/wp-json\/wp\/v2\/tags?post=9259"}],"curies":[{"name":"wp","href":"https:\/\/api.w.org\/{rel}","templated":true}]}}