{"id":9238,"date":"2025-09-06T03:49:51","date_gmt":"2025-09-06T01:49:51","guid":{"rendered":"https:\/\/nordnesrepublikken.no\/index.php\/2025\/09\/06\/ryanair-vs-aena-utpressing-pastander-og-okonomiske-advarsler\/"},"modified":"2025-09-06T03:49:52","modified_gmt":"2025-09-06T01:49:52","slug":"ryanair-vs-aena-utpressing-pastander-og-okonomiske-advarsler","status":"publish","type":"post","link":"https:\/\/nordnesrepublikken.no\/index.php\/2025\/09\/06\/ryanair-vs-aena-utpressing-pastander-og-okonomiske-advarsler\/","title":{"rendered":"Ryanair vs Aena: &#8216;Utpressing&#8217; p\u00e5stander og \u00f8konomiske advarsler"},"content":{"rendered":"<p><\/p>\n<div class=\"wordpress-content\">\n                    <!-- Article Start --><\/p>\n<p><strong>En rasende ordkrig har brutt ut mellom den spanske flyplassoperat\u00f8ren Aena og budsjettflyselskapet Ryanair etter at transport\u00f8ren kunngjorde drastiske kutt i vintertjenesten.<\/strong><\/p>\n<p>Aena har anklaget Ryanair for &#8216;utpressing&#8217; og &#8216;sutring&#8217; for \u00e5 \u00f8ke fortjenesten, mens en ledende \u00f8konom advarer flyplassoperat\u00f8ren har farlig undervurdert det \u00f8konomiske nedfallet for Spania.<\/p>\n<p>Konflikten antente da Ryanair avsl\u00f8rte planer om \u00e5 kutte en million seter fra vinterplanen. Kuttene er alvorlige, og representerer en reduksjon p\u00e5 41 prosent i regionale flyplasser (600 000 seter) og 10 prosent kutt p\u00e5 Kanari\u00f8yene (400 000 seter). Flyselskapet trekker helt ut av Tenerife North og Vigo og vil ikke \u00e5pne basene p\u00e5 Jerez og Valladolid igjen. Ryanair peker fingeren mot en planlagt avgifts\u00f8kning av Aena, men operat\u00f8ren har avfyrt tilbake med en blemmer fem-siders takedown av flyselskapets motiver.<\/p>\n<div class=\"sra_unit\"><link rel=\"stylesheet\" id=\"block-sra\" href=\"https:\/\/euroweeklynews.com\/wp-content\/plugins\/snack-related-articles\/dist\/css\/snack-related.min.css?250312-193541\" type=\"text\/css\" media=\"all\">\n<\/div>\n<h2>Aena hevder at det handler om overskudd, ikke gebyrer<\/h2>\n<p>Ryanairs begrunnelse for tilbaketrekning er de \u00f8kende kostnadene for \u00e5 operere fra Aena-styrte flyplasser. Aena insisterer imidlertid p\u00e5 at den foresl\u00e5tte gebyrstigningen er minimal, og tilsvarer bare 68 \u00f8re per billett. I sin uvanlig kraftige uttalelse erkl\u00e6rte Aena: &laquo;Alle vet at en innbygger beslutning om \u00e5 ta et fly ikke er avhengig av billetten som koster 68 cent mer neste \u00e5r.&raquo; Operat\u00f8ren fremhevet ogs\u00e5 det tilsynelatende hykleriet, og bemerket at Ryanair selv har \u00f8kt de gjennomsnittlige billettprisene med svimlende 21 prosent det siste \u00e5ret.<\/p>\n<p><!--StartFragment --><span class=\"cf0\">Aena hevder at dette er en del av en kjent lekebok, og anklager flyselskapet for \u00e5 bruke &laquo;konstant offentlig pressing p\u00e5 sentrale og regionale regjeringer for \u00e5 f\u00e5 kortsiktige \u00f8konomiske fordeler p\u00e5 bekostning av skattebetalernes penger.&raquo; For \u00e5 forsterke poenget sitt, bemerker Aena at regionale flyplasser allerede er dempet med lavere trinnvise gebyrer<\/span><span class=\"cf1\">-omkring <\/span><span class=\"cf0\">\u20ac 2 per ekstra passasjer, sammenlignet med nettverksgjennomsnittet p\u00e5 \u20ac 10,35 forventet for 2025. De hevder Ryanairs sanne m\u00e5l er ganske enkelt \u00e5 flytte flyene sine til mer l\u00f8nnsomme store flyplasser. Uttalelsen konkluderte med at hvis spanske flyplasser skulle &laquo;utvikle seg til melodien til Ryanairs krav, sutre &#8230; og usigelig utpressingsstrategi&raquo;, ville de slutte \u00e5 v\u00e6re \u00f8konomisk b\u00e6rekraftig.<\/span><!--EndFragment --><\/p>\n<h2>\u00d8konom advarer om \u00f8konomisk fallout<\/h2>\n<p>Mens Aena st\u00e5r bakken, har \u00f8konom Santiago Ni\u00f1o Becerra advart om at operat\u00f8ren kan ha unnlatt \u00e5 forst\u00e5 de st\u00f8rre \u00f8konomiske konsekvensene. Han argumenterer for at Aena n\u00f8ye burde ha vurdert Ryanairs betydelige markedskraft f\u00f8r han deltok i en slik offentlig kamp. &laquo;Ryanair har en markedsandel i Spania p\u00e5 27 prosent, og 40 prosent i Barcelona,&raquo; forklarte han. &laquo;Fra et \u00f8konomisk perspektiv skal Aena ha kalibrert virkningen av Ryanair p\u00e5 den spanske \u00f8konomien.&raquo;<\/p>\n<p>Ni\u00f1o Becerra understreker at en stor del av Spanias turisme BNP-som utgj\u00f8r 13 prosent av den nasjonale totalen-genereres av lavprisselskaper som Ryanair. Flyselskapets modell er dypt vevd inn i stoffet i den spanske reiselivsn\u00e6ringen. Han advarer om at for \u00f8yeblikket &laquo;Ingen har kraften som Ryanair har,&raquo; og flyselskapet kan ganske enkelt ta virksomheten andre steder.<\/p>\n<h2>Regionale flyplasser og turister fanget i korsb\u00e5let<\/h2>\n<p>De virkelige ofrene for dette selskapets showdown er de mindre regionale samfunnene og de reisende som er avhengige av dem. Mens store knutepunkter som Madrid og Barcelona ikke p\u00e5virkes, vil kuttene v\u00e6re \u00f8deleggende for byer som Valladolid, der flyplassen st\u00e5r overfor \u00e5 bli nesten sovende. Dette er rutene der flyselskapsmarginer er tynneste, noe som gj\u00f8r dem til de f\u00f8rste som ofres.<\/p>\n<p>For forbrukere er resultatet forutsigbart: mindre valg og h\u00f8yere priser. Som Ni\u00f1o Becerra p\u00e5pekte, blir mange regionale ruter tjent med bare ett flyselskap til bestemte tidspunkter. &laquo;Derfor vil prisene ikke bli satt av antall tilgjengelige flyreiser, men etter ettersp\u00f8rsel,&raquo; uttalte han. Denne reduksjonen i konkurranse hender prissettingskraft til de gjenv\u00e6rende transport\u00f8rene. Konflikten avsl\u00f8rer en s\u00e5rbarhet i Spanias avhengighet av en turisme-modell med h\u00f8yt volum og lavpris, og etterlater sine regionale \u00f8konomier utsatt som de to luftfartsgigantene kjemper om dominans.<\/p>\n<p><!--StartFragment --><\/p>\n<p><!--EndFragment --><\/p>\n<p>                    <!-- This article has been originally published at https:\/\/euroweeklynews.com\/2025\/09\/06\/ryanair-vs-aena-extortion-claims-and-economic-warnings\/ on 06 Sep 2025 at 0:18 by Farah Mokrani --><br \/>\n                    <!-- Article End -->\n                <\/div>\n","protected":false},"excerpt":{"rendered":"<p>En rasende ordkrig har brutt ut mellom den spanske flyplassoperat\u00f8ren Aena og budsjettflyselskapet Ryanair etter<\/p>\n","protected":false},"author":1,"featured_media":9239,"comment_status":"closed","ping_status":"open","sticky":false,"template":"","format":"standard","meta":{"footnotes":""},"categories":[105],"tags":[6046,6043,427,6045,1079,6044],"class_list":["post-9238","post","type-post","status-publish","format-standard","has-post-thumbnail","hentry","category-livsstil","tag-advarsler","tag-aena","tag-okonomiske","tag-pastander","tag-ryanair","tag-utpressing","generate-columns","tablet-grid-50","mobile-grid-100","grid-parent","grid-33","resize-featured-image"],"yoast_head":"<!-- This site is optimized with the Yoast SEO plugin v24.4 - https:\/\/yoast.com\/wordpress\/plugins\/seo\/ -->\n<title>Ryanair vs Aena: &#039;Utpressing&#039; p\u00e5stander og \u00f8konomiske advarsler - Nordnesrepublikken<\/title>\n<meta name=\"robots\" content=\"index, follow, max-snippet:-1, max-image-preview:large, max-video-preview:-1\" \/>\n<link rel=\"canonical\" href=\"https:\/\/nordnesrepublikken.no\/index.php\/2025\/09\/06\/ryanair-vs-aena-utpressing-pastander-og-okonomiske-advarsler\/\" \/>\n<meta property=\"og:locale\" content=\"nb_NO\" \/>\n<meta property=\"og:type\" content=\"article\" \/>\n<meta property=\"og:title\" content=\"Ryanair vs Aena: &#039;Utpressing&#039; p\u00e5stander og \u00f8konomiske advarsler - Nordnesrepublikken\" \/>\n<meta property=\"og:description\" content=\"En rasende ordkrig har brutt ut mellom den spanske flyplassoperat\u00f8ren Aena og budsjettflyselskapet Ryanair etter\" \/>\n<meta property=\"og:url\" content=\"https:\/\/nordnesrepublikken.no\/index.php\/2025\/09\/06\/ryanair-vs-aena-utpressing-pastander-og-okonomiske-advarsler\/\" \/>\n<meta property=\"og:site_name\" content=\"Nordnesrepublikken\" \/>\n<meta property=\"article:published_time\" content=\"2025-09-06T01:49:51+00:00\" \/>\n<meta property=\"article:modified_time\" content=\"2025-09-06T01:49:52+00:00\" \/>\n<meta property=\"og:image\" content=\"https:\/\/nordnesrepublikken.no\/wp-content\/uploads\/2025\/09\/1757123392_Ryanair-vs-Aena-Utpressing-pastander-og-okonomiske-advarsler.jpg\" \/>\n\t<meta property=\"og:image:width\" content=\"1200\" \/>\n\t<meta property=\"og:image:height\" content=\"799\" \/>\n\t<meta property=\"og:image:type\" content=\"image\/jpeg\" \/>\n<meta name=\"author\" content=\"Ole Andersen\" \/>\n<meta name=\"twitter:card\" content=\"summary_large_image\" \/>\n<meta name=\"twitter:label1\" content=\"Skrevet av\" \/>\n\t<meta name=\"twitter:data1\" content=\"Ole Andersen\" \/>\n\t<meta name=\"twitter:label2\" content=\"Ansl. lesetid\" \/>\n\t<meta name=\"twitter:data2\" content=\"3 minutter\" \/>\n<script type=\"application\/ld+json\" class=\"yoast-schema-graph\">{\"@context\":\"https:\/\/schema.org\",\"@graph\":[{\"@type\":\"Article\",\"@id\":\"https:\/\/nordnesrepublikken.no\/index.php\/2025\/09\/06\/ryanair-vs-aena-utpressing-pastander-og-okonomiske-advarsler\/#article\",\"isPartOf\":{\"@id\":\"https:\/\/nordnesrepublikken.no\/index.php\/2025\/09\/06\/ryanair-vs-aena-utpressing-pastander-og-okonomiske-advarsler\/\"},\"author\":{\"name\":\"Ole Andersen\",\"@id\":\"https:\/\/nordnesrepublikken.no\/#\/schema\/person\/2e7e81935bab77882fffb79296240ff1\"},\"headline\":\"Ryanair vs Aena: &#8216;Utpressing&#8217; p\u00e5stander og \u00f8konomiske advarsler\",\"datePublished\":\"2025-09-06T01:49:51+00:00\",\"dateModified\":\"2025-09-06T01:49:52+00:00\",\"mainEntityOfPage\":{\"@id\":\"https:\/\/nordnesrepublikken.no\/index.php\/2025\/09\/06\/ryanair-vs-aena-utpressing-pastander-og-okonomiske-advarsler\/\"},\"wordCount\":631,\"publisher\":{\"@id\":\"https:\/\/nordnesrepublikken.no\/#organization\"},\"image\":{\"@id\":\"https:\/\/nordnesrepublikken.no\/index.php\/2025\/09\/06\/ryanair-vs-aena-utpressing-pastander-og-okonomiske-advarsler\/#primaryimage\"},\"thumbnailUrl\":\"https:\/\/nordnesrepublikken.no\/wp-content\/uploads\/2025\/09\/1757123392_Ryanair-vs-Aena-Utpressing-pastander-og-okonomiske-advarsler.jpg\",\"keywords\":[\"advarsler\",\"Aena\",\"\u00f8konomiske\",\"p\u00e5stander\",\"Ryanair\",\"Utpressing\"],\"articleSection\":[\"Livsstil\"],\"inLanguage\":\"nb-NO\"},{\"@type\":\"WebPage\",\"@id\":\"https:\/\/nordnesrepublikken.no\/index.php\/2025\/09\/06\/ryanair-vs-aena-utpressing-pastander-og-okonomiske-advarsler\/\",\"url\":\"https:\/\/nordnesrepublikken.no\/index.php\/2025\/09\/06\/ryanair-vs-aena-utpressing-pastander-og-okonomiske-advarsler\/\",\"name\":\"Ryanair vs Aena: 'Utpressing' p\u00e5stander og \u00f8konomiske advarsler - Nordnesrepublikken\",\"isPartOf\":{\"@id\":\"https:\/\/nordnesrepublikken.no\/#website\"},\"primaryImageOfPage\":{\"@id\":\"https:\/\/nordnesrepublikken.no\/index.php\/2025\/09\/06\/ryanair-vs-aena-utpressing-pastander-og-okonomiske-advarsler\/#primaryimage\"},\"image\":{\"@id\":\"https:\/\/nordnesrepublikken.no\/index.php\/2025\/09\/06\/ryanair-vs-aena-utpressing-pastander-og-okonomiske-advarsler\/#primaryimage\"},\"thumbnailUrl\":\"https:\/\/nordnesrepublikken.no\/wp-content\/uploads\/2025\/09\/1757123392_Ryanair-vs-Aena-Utpressing-pastander-og-okonomiske-advarsler.jpg\",\"datePublished\":\"2025-09-06T01:49:51+00:00\",\"dateModified\":\"2025-09-06T01:49:52+00:00\",\"breadcrumb\":{\"@id\":\"https:\/\/nordnesrepublikken.no\/index.php\/2025\/09\/06\/ryanair-vs-aena-utpressing-pastander-og-okonomiske-advarsler\/#breadcrumb\"},\"inLanguage\":\"nb-NO\",\"potentialAction\":[{\"@type\":\"ReadAction\",\"target\":[\"https:\/\/nordnesrepublikken.no\/index.php\/2025\/09\/06\/ryanair-vs-aena-utpressing-pastander-og-okonomiske-advarsler\/\"]}]},{\"@type\":\"ImageObject\",\"inLanguage\":\"nb-NO\",\"@id\":\"https:\/\/nordnesrepublikken.no\/index.php\/2025\/09\/06\/ryanair-vs-aena-utpressing-pastander-og-okonomiske-advarsler\/#primaryimage\",\"url\":\"https:\/\/nordnesrepublikken.no\/wp-content\/uploads\/2025\/09\/1757123392_Ryanair-vs-Aena-Utpressing-pastander-og-okonomiske-advarsler.jpg\",\"contentUrl\":\"https:\/\/nordnesrepublikken.no\/wp-content\/uploads\/2025\/09\/1757123392_Ryanair-vs-Aena-Utpressing-pastander-og-okonomiske-advarsler.jpg\",\"width\":1200,\"height\":799,\"caption\":\"Ryanair vs Aena: 'Utpressing' p\u00e5stander og \u00f8konomiske advarsler\"},{\"@type\":\"BreadcrumbList\",\"@id\":\"https:\/\/nordnesrepublikken.no\/index.php\/2025\/09\/06\/ryanair-vs-aena-utpressing-pastander-og-okonomiske-advarsler\/#breadcrumb\",\"itemListElement\":[{\"@type\":\"ListItem\",\"position\":1,\"name\":\"Home\",\"item\":\"https:\/\/nordnesrepublikken.no\/\"},{\"@type\":\"ListItem\",\"position\":2,\"name\":\"Ryanair vs Aena: &#8216;Utpressing&#8217; p\u00e5stander og \u00f8konomiske advarsler\"}]},{\"@type\":\"WebSite\",\"@id\":\"https:\/\/nordnesrepublikken.no\/#website\",\"url\":\"https:\/\/nordnesrepublikken.no\/\",\"name\":\"Nordnesrepublikken\",\"description\":\"Stemmer og Visjoner fra Republikkens Hjerte\",\"publisher\":{\"@id\":\"https:\/\/nordnesrepublikken.no\/#organization\"},\"potentialAction\":[{\"@type\":\"SearchAction\",\"target\":{\"@type\":\"EntryPoint\",\"urlTemplate\":\"https:\/\/nordnesrepublikken.no\/?s={search_term_string}\"},\"query-input\":{\"@type\":\"PropertyValueSpecification\",\"valueRequired\":true,\"valueName\":\"search_term_string\"}}],\"inLanguage\":\"nb-NO\"},{\"@type\":\"Organization\",\"@id\":\"https:\/\/nordnesrepublikken.no\/#organization\",\"name\":\"Nordnesrepublikken\",\"url\":\"https:\/\/nordnesrepublikken.no\/\",\"logo\":{\"@type\":\"ImageObject\",\"inLanguage\":\"nb-NO\",\"@id\":\"https:\/\/nordnesrepublikken.no\/#\/schema\/logo\/image\/\",\"url\":\"https:\/\/nordnesrepublikken.no\/wp-content\/uploads\/2025\/02\/cropped-nordnesrepublikken-2.png\",\"contentUrl\":\"https:\/\/nordnesrepublikken.no\/wp-content\/uploads\/2025\/02\/cropped-nordnesrepublikken-2.png\",\"width\":1248,\"height\":362,\"caption\":\"Nordnesrepublikken\"},\"image\":{\"@id\":\"https:\/\/nordnesrepublikken.no\/#\/schema\/logo\/image\/\"}},{\"@type\":\"Person\",\"@id\":\"https:\/\/nordnesrepublikken.no\/#\/schema\/person\/2e7e81935bab77882fffb79296240ff1\",\"name\":\"Ole Andersen\",\"image\":{\"@type\":\"ImageObject\",\"inLanguage\":\"nb-NO\",\"@id\":\"https:\/\/nordnesrepublikken.no\/#\/schema\/person\/image\/\",\"url\":\"https:\/\/nordnesrepublikken.no\/wp-content\/uploads\/2025\/02\/nordnesrepublikken-2-2-150x150.jpg\",\"contentUrl\":\"https:\/\/nordnesrepublikken.no\/wp-content\/uploads\/2025\/02\/nordnesrepublikken-2-2-150x150.jpg\",\"caption\":\"Ole Andersen\"},\"description\":\"Ettersom jeg vokste opp i Oslo, har jeg alltid v\u00e6rt fascinert av ordenes kraft og deres evne til \u00e5 skape endringer. Etter \u00e5 ha fullf\u00f8rt min utdannelse i kommunikasjon ved Universitetet i Bergen, fikk jeg muligheten til \u00e5 jobbe innen ulike medier, der jeg har s\u00f8kt \u00e5 belyse viktige samfunnssp\u00f8rsm\u00e5l. I dag, som redakt\u00f8r for Nordnesrepublikken, pr\u00f8ver jeg \u00e5 forene min kj\u00e6rlighet for journalistikk med min lidenskap for innovasjon og eventyr.\",\"sameAs\":[\"https:\/\/nordnesrepublikken.no\/\"]}]}<\/script>\n<!-- \/ Yoast SEO plugin. -->","yoast_head_json":{"title":"Ryanair vs Aena: 'Utpressing' p\u00e5stander og \u00f8konomiske advarsler - Nordnesrepublikken","robots":{"index":"index","follow":"follow","max-snippet":"max-snippet:-1","max-image-preview":"max-image-preview:large","max-video-preview":"max-video-preview:-1"},"canonical":"https:\/\/nordnesrepublikken.no\/index.php\/2025\/09\/06\/ryanair-vs-aena-utpressing-pastander-og-okonomiske-advarsler\/","og_locale":"nb_NO","og_type":"article","og_title":"Ryanair vs Aena: 'Utpressing' p\u00e5stander og \u00f8konomiske advarsler - Nordnesrepublikken","og_description":"En rasende ordkrig har brutt ut mellom den spanske flyplassoperat\u00f8ren Aena og budsjettflyselskapet Ryanair etter","og_url":"https:\/\/nordnesrepublikken.no\/index.php\/2025\/09\/06\/ryanair-vs-aena-utpressing-pastander-og-okonomiske-advarsler\/","og_site_name":"Nordnesrepublikken","article_published_time":"2025-09-06T01:49:51+00:00","article_modified_time":"2025-09-06T01:49:52+00:00","og_image":[{"width":1200,"height":799,"url":"https:\/\/nordnesrepublikken.no\/wp-content\/uploads\/2025\/09\/1757123392_Ryanair-vs-Aena-Utpressing-pastander-og-okonomiske-advarsler.jpg","type":"image\/jpeg"}],"author":"Ole Andersen","twitter_card":"summary_large_image","twitter_misc":{"Skrevet av":"Ole Andersen","Ansl. lesetid":"3 minutter"},"schema":{"@context":"https:\/\/schema.org","@graph":[{"@type":"Article","@id":"https:\/\/nordnesrepublikken.no\/index.php\/2025\/09\/06\/ryanair-vs-aena-utpressing-pastander-og-okonomiske-advarsler\/#article","isPartOf":{"@id":"https:\/\/nordnesrepublikken.no\/index.php\/2025\/09\/06\/ryanair-vs-aena-utpressing-pastander-og-okonomiske-advarsler\/"},"author":{"name":"Ole Andersen","@id":"https:\/\/nordnesrepublikken.no\/#\/schema\/person\/2e7e81935bab77882fffb79296240ff1"},"headline":"Ryanair vs Aena: &#8216;Utpressing&#8217; p\u00e5stander og \u00f8konomiske advarsler","datePublished":"2025-09-06T01:49:51+00:00","dateModified":"2025-09-06T01:49:52+00:00","mainEntityOfPage":{"@id":"https:\/\/nordnesrepublikken.no\/index.php\/2025\/09\/06\/ryanair-vs-aena-utpressing-pastander-og-okonomiske-advarsler\/"},"wordCount":631,"publisher":{"@id":"https:\/\/nordnesrepublikken.no\/#organization"},"image":{"@id":"https:\/\/nordnesrepublikken.no\/index.php\/2025\/09\/06\/ryanair-vs-aena-utpressing-pastander-og-okonomiske-advarsler\/#primaryimage"},"thumbnailUrl":"https:\/\/nordnesrepublikken.no\/wp-content\/uploads\/2025\/09\/1757123392_Ryanair-vs-Aena-Utpressing-pastander-og-okonomiske-advarsler.jpg","keywords":["advarsler","Aena","\u00f8konomiske","p\u00e5stander","Ryanair","Utpressing"],"articleSection":["Livsstil"],"inLanguage":"nb-NO"},{"@type":"WebPage","@id":"https:\/\/nordnesrepublikken.no\/index.php\/2025\/09\/06\/ryanair-vs-aena-utpressing-pastander-og-okonomiske-advarsler\/","url":"https:\/\/nordnesrepublikken.no\/index.php\/2025\/09\/06\/ryanair-vs-aena-utpressing-pastander-og-okonomiske-advarsler\/","name":"Ryanair vs Aena: 'Utpressing' p\u00e5stander og \u00f8konomiske advarsler - Nordnesrepublikken","isPartOf":{"@id":"https:\/\/nordnesrepublikken.no\/#website"},"primaryImageOfPage":{"@id":"https:\/\/nordnesrepublikken.no\/index.php\/2025\/09\/06\/ryanair-vs-aena-utpressing-pastander-og-okonomiske-advarsler\/#primaryimage"},"image":{"@id":"https:\/\/nordnesrepublikken.no\/index.php\/2025\/09\/06\/ryanair-vs-aena-utpressing-pastander-og-okonomiske-advarsler\/#primaryimage"},"thumbnailUrl":"https:\/\/nordnesrepublikken.no\/wp-content\/uploads\/2025\/09\/1757123392_Ryanair-vs-Aena-Utpressing-pastander-og-okonomiske-advarsler.jpg","datePublished":"2025-09-06T01:49:51+00:00","dateModified":"2025-09-06T01:49:52+00:00","breadcrumb":{"@id":"https:\/\/nordnesrepublikken.no\/index.php\/2025\/09\/06\/ryanair-vs-aena-utpressing-pastander-og-okonomiske-advarsler\/#breadcrumb"},"inLanguage":"nb-NO","potentialAction":[{"@type":"ReadAction","target":["https:\/\/nordnesrepublikken.no\/index.php\/2025\/09\/06\/ryanair-vs-aena-utpressing-pastander-og-okonomiske-advarsler\/"]}]},{"@type":"ImageObject","inLanguage":"nb-NO","@id":"https:\/\/nordnesrepublikken.no\/index.php\/2025\/09\/06\/ryanair-vs-aena-utpressing-pastander-og-okonomiske-advarsler\/#primaryimage","url":"https:\/\/nordnesrepublikken.no\/wp-content\/uploads\/2025\/09\/1757123392_Ryanair-vs-Aena-Utpressing-pastander-og-okonomiske-advarsler.jpg","contentUrl":"https:\/\/nordnesrepublikken.no\/wp-content\/uploads\/2025\/09\/1757123392_Ryanair-vs-Aena-Utpressing-pastander-og-okonomiske-advarsler.jpg","width":1200,"height":799,"caption":"Ryanair vs Aena: 'Utpressing' p\u00e5stander og \u00f8konomiske advarsler"},{"@type":"BreadcrumbList","@id":"https:\/\/nordnesrepublikken.no\/index.php\/2025\/09\/06\/ryanair-vs-aena-utpressing-pastander-og-okonomiske-advarsler\/#breadcrumb","itemListElement":[{"@type":"ListItem","position":1,"name":"Home","item":"https:\/\/nordnesrepublikken.no\/"},{"@type":"ListItem","position":2,"name":"Ryanair vs Aena: &#8216;Utpressing&#8217; p\u00e5stander og \u00f8konomiske advarsler"}]},{"@type":"WebSite","@id":"https:\/\/nordnesrepublikken.no\/#website","url":"https:\/\/nordnesrepublikken.no\/","name":"Nordnesrepublikken","description":"Stemmer og Visjoner fra Republikkens Hjerte","publisher":{"@id":"https:\/\/nordnesrepublikken.no\/#organization"},"potentialAction":[{"@type":"SearchAction","target":{"@type":"EntryPoint","urlTemplate":"https:\/\/nordnesrepublikken.no\/?s={search_term_string}"},"query-input":{"@type":"PropertyValueSpecification","valueRequired":true,"valueName":"search_term_string"}}],"inLanguage":"nb-NO"},{"@type":"Organization","@id":"https:\/\/nordnesrepublikken.no\/#organization","name":"Nordnesrepublikken","url":"https:\/\/nordnesrepublikken.no\/","logo":{"@type":"ImageObject","inLanguage":"nb-NO","@id":"https:\/\/nordnesrepublikken.no\/#\/schema\/logo\/image\/","url":"https:\/\/nordnesrepublikken.no\/wp-content\/uploads\/2025\/02\/cropped-nordnesrepublikken-2.png","contentUrl":"https:\/\/nordnesrepublikken.no\/wp-content\/uploads\/2025\/02\/cropped-nordnesrepublikken-2.png","width":1248,"height":362,"caption":"Nordnesrepublikken"},"image":{"@id":"https:\/\/nordnesrepublikken.no\/#\/schema\/logo\/image\/"}},{"@type":"Person","@id":"https:\/\/nordnesrepublikken.no\/#\/schema\/person\/2e7e81935bab77882fffb79296240ff1","name":"Ole Andersen","image":{"@type":"ImageObject","inLanguage":"nb-NO","@id":"https:\/\/nordnesrepublikken.no\/#\/schema\/person\/image\/","url":"https:\/\/nordnesrepublikken.no\/wp-content\/uploads\/2025\/02\/nordnesrepublikken-2-2-150x150.jpg","contentUrl":"https:\/\/nordnesrepublikken.no\/wp-content\/uploads\/2025\/02\/nordnesrepublikken-2-2-150x150.jpg","caption":"Ole Andersen"},"description":"Ettersom jeg vokste opp i Oslo, har jeg alltid v\u00e6rt fascinert av ordenes kraft og deres evne til \u00e5 skape endringer. Etter \u00e5 ha fullf\u00f8rt min utdannelse i kommunikasjon ved Universitetet i Bergen, fikk jeg muligheten til \u00e5 jobbe innen ulike medier, der jeg har s\u00f8kt \u00e5 belyse viktige samfunnssp\u00f8rsm\u00e5l. I dag, som redakt\u00f8r for Nordnesrepublikken, pr\u00f8ver jeg \u00e5 forene min kj\u00e6rlighet for journalistikk med min lidenskap for innovasjon og eventyr.","sameAs":["https:\/\/nordnesrepublikken.no\/"]}]}},"_links":{"self":[{"href":"https:\/\/nordnesrepublikken.no\/index.php\/wp-json\/wp\/v2\/posts\/9238","targetHints":{"allow":["GET"]}}],"collection":[{"href":"https:\/\/nordnesrepublikken.no\/index.php\/wp-json\/wp\/v2\/posts"}],"about":[{"href":"https:\/\/nordnesrepublikken.no\/index.php\/wp-json\/wp\/v2\/types\/post"}],"author":[{"embeddable":true,"href":"https:\/\/nordnesrepublikken.no\/index.php\/wp-json\/wp\/v2\/users\/1"}],"replies":[{"embeddable":true,"href":"https:\/\/nordnesrepublikken.no\/index.php\/wp-json\/wp\/v2\/comments?post=9238"}],"version-history":[{"count":1,"href":"https:\/\/nordnesrepublikken.no\/index.php\/wp-json\/wp\/v2\/posts\/9238\/revisions"}],"predecessor-version":[{"id":9240,"href":"https:\/\/nordnesrepublikken.no\/index.php\/wp-json\/wp\/v2\/posts\/9238\/revisions\/9240"}],"wp:featuredmedia":[{"embeddable":true,"href":"https:\/\/nordnesrepublikken.no\/index.php\/wp-json\/wp\/v2\/media\/9239"}],"wp:attachment":[{"href":"https:\/\/nordnesrepublikken.no\/index.php\/wp-json\/wp\/v2\/media?parent=9238"}],"wp:term":[{"taxonomy":"category","embeddable":true,"href":"https:\/\/nordnesrepublikken.no\/index.php\/wp-json\/wp\/v2\/categories?post=9238"},{"taxonomy":"post_tag","embeddable":true,"href":"https:\/\/nordnesrepublikken.no\/index.php\/wp-json\/wp\/v2\/tags?post=9238"}],"curies":[{"name":"wp","href":"https:\/\/api.w.org\/{rel}","templated":true}]}}