{"id":9226,"date":"2025-09-05T18:50:08","date_gmt":"2025-09-05T16:50:08","guid":{"rendered":"https:\/\/nordnesrepublikken.no\/index.php\/2025\/09\/05\/det-storste-isfjellet-i-a23a-verdenen-har-gatt-i-opplosning-det-hadde-motstatt-i-nesten-40-ar-fordi-det-risikerer\/"},"modified":"2025-09-05T18:50:10","modified_gmt":"2025-09-05T16:50:10","slug":"det-storste-isfjellet-i-a23a-verdenen-har-gatt-i-opplosning-det-hadde-motstatt-i-nesten-40-ar-fordi-det-risikerer","status":"publish","type":"post","link":"https:\/\/nordnesrepublikken.no\/index.php\/2025\/09\/05\/det-storste-isfjellet-i-a23a-verdenen-har-gatt-i-opplosning-det-hadde-motstatt-i-nesten-40-ar-fordi-det-risikerer\/","title":{"rendered":"Det st\u00f8rste isfjellet i A23A -verdenen har g\u00e5tt i oppl\u00f8sning, det hadde motst\u00e5tt i nesten 40 \u00e5r: fordi det risikerer"},"content":{"rendered":"<div>\n<div class=\"cp_wrapper cp_wrapper--fw mb-30 mb-20@tablet\">\n<figure class=\"mm\"><picture class=\"img\" style=\"padding-top:56.25%\"><source  media=\"(min-width: 1024px)\"><source  media=\"(min-width: 768px)\"><\/source><\/source><\/picture><\/figure>\n<\/p><\/div>\n<p>DE&#8217;<strong>Iceberg A23A<\/strong>den st\u00f8rste i verden, har n\u00e5 kommet til slutt etter nesten 40 \u00e5r: etter \u00e5 ha l\u00f8snet seg fra isen i Antarktis, akseptert og etter \u00e5 ha startet sin drift igjen nordover ved flere anledninger, n\u00e5 er du <strong>er raskt i oppl\u00f8sning<\/strong> i mindre fragmenter. I august 2024 m\u00e5lte overflaten omtrent <strong>3672 km<sup>2<\/sup><\/strong>mens det n\u00e5 har redusert til <strong>1700 km<sup>2<\/sup><\/strong>etterlater <strong>Icebergs st\u00f8rste forrang i D15A<\/strong>som ligger langs kysten av Antarktis. Startet i 1986, etter \u00e5 ha l\u00f8pt i mars i \u00e5r p\u00e5 den kontinentale plattformen <strong>Omtrent 80 km fra kysten av S\u00f8r -Georgia<\/strong>A23A begynte \u00e5 sl\u00e5 seg sammen p\u00e5 grunn av den h\u00f8yeste temperaturen i vannet hun m\u00f8tte. Det forventes at det i l\u00f8pet av de kommende ukene vil bli knust videre i for sm\u00e5 blokker til \u00e5 bli sporet, noe som kan utgj\u00f8re en <strong>fare for navigasjon<\/strong>.<\/p>\n<h2>Fordi isfjellet A23A g\u00e5r i oppl\u00f8sning: dens drift<\/h2>\n<p>Isfjellet A23A er <strong>L\u00f8srevet i 1986<\/strong> fra <strong>Filchner-Rronne Ice Platform<\/strong>i Antarktis. Etter \u00e5 ha reist noen hundre kilometer, <strong>I over 30 \u00e5r ble han hengt<\/strong> P\u00e5 bunnen av Weddellhavet, n\u00e6r kontinentet. N\u00e5r st\u00f8rrelsen er redusert <strong>I 2020 begynte han \u00e5 flytte nordover igjen<\/strong> presset av str\u00f8mmer. Ankom n\u00e6r de s\u00f8rlige Orca-\u00f8yene nord-\u00f8st for Antarktis-halv\u00f8ya, Iceberg var imidlertid <strong>fanget av en virvel<\/strong> vann over et ub\u00e5tfjell, kalt &laquo;<strong>Taylor -kolonnen<\/strong>\u201d. S\u00e5 han forble fast <strong>Fram til 2024, da han begynte \u00e5 bevege seg mot S\u00f8r -Georgia -\u00f8ya igjen<\/strong> Transportert av den antarktiske sirkumpolare str\u00f8mmen. Her i mars knipset han f\u00f8r han n\u00e5dde kysten av Georgia, en hendelse som hvis det hadde skjedd, kunne han ha forstyrret livet til mange organismer. I mai fortsatte han deretter \u00e5 bevege seg raskt og p\u00e5 grunn av virkningen av b\u00f8lger, str\u00f8mmer og varmere farvann <strong>begynte \u00e5 sl\u00e5 seg sammen<\/strong> til det er delt inn i <strong>Store blokker<\/strong>.<\/p>\n<div class=\"cp_wrapper cp_wrapper--fw mb-50\">\n<figure class=\"mm\"><picture class=\"img\" style=\"padding-top:100%\"><source  media=\"(min-width: 1024px)\"><source  media=\"(min-width: 768px)\"><img decoding=\"async\" loading=\"lazy\" src=\"https:\/\/nordnesrepublikken.no\/wp-content\/uploads\/2025\/09\/1757091008_77_Det-storste-isfjellet-i-A23A-verdenen-har-gatt-i-opplosning.jpg\" alt=\"Bilde\" width=\"720\" height=\"720\"><\/source><\/source><\/picture><\/figure>\n<\/p><\/div>\n<h2>Konsekvensene av fragmenteringen av det st\u00f8rste isfjellet i verden<\/h2>\n<p>Det viktigste isfjellet m\u00e5ler n\u00e5 <strong>1700 km<sup>2<\/sup><\/strong>  Overflaten (for et \u00e5r siden m\u00e5lt 3672). Som et resultat dro han til andreplassen i rangeringen av det st\u00f8rste isfjellet p\u00e5 planeten: Forremidlet er n\u00e5 av D15A, med sine 3000 km<sup>2<\/sup> flate. I l\u00f8pet av de kommende ukene er dimensjonene til A23A bestemt til \u00e5 redusere ytterligere. De sm\u00e5 isfjellene som skal danne vil bli transportert fra str\u00f8mningene til Nord-\u00d8sten, hvor de kan utgj\u00f8re en <strong>Risiko for navigasjon<\/strong>. Videre kan fusjonen slippe ut i havet <strong>Store mengder n\u00e6ringsstoffer<\/strong>: Dette ville v\u00e6re en fordel for mange organismer, men samtidig ville det risikere \u00e5 forstyrre balansen i det marine \u00f8kosystemet. Selv om de store isfjellene er bestemt til \u00e5 g\u00e5 i oppl\u00f8sning over tid, har de siste \u00e5rene dannelse og fusjon \u00f8kt betydelig p\u00e5 grunn av <strong>Global oppvarming<\/strong>. Fenomenet er bekymringsfullt, siden Antarktis cap er hovedmotoren i den globale havsirkulasjonen og har en n\u00f8kkelrolle i \u00e5 regulere temperaturen p\u00e5 planeten v\u00e5r.<\/p>\n<div class=\"cp_wrapper cp_wrapper--fw mb-50\">\n<figure class=\"mm\"><picture class=\"img\" style=\"padding-top:82.58064516129%\"><source  media=\"(min-width: 1024px)\"><source  media=\"(min-width: 768px)\"><img decoding=\"async\" loading=\"lazy\" src=\"https:\/\/nordnesrepublikken.no\/wp-content\/uploads\/2025\/09\/1757091008_394_Det-storste-isfjellet-i-A23A-verdenen-har-gatt-i-opplosning.jpg\" alt=\"Bilde\" width=\"2480\" height=\"2048\" class=\"js-seedtag-img\"><\/source><\/source><\/picture><\/figure>\n<\/p><\/div>\n<\/p><\/div>\n","protected":false},"excerpt":{"rendered":"<p>DE&#8217;Iceberg A23Aden st\u00f8rste i verden, har n\u00e5 kommet til slutt etter nesten 40 \u00e5r: etter<\/p>\n","protected":false},"author":1,"featured_media":9227,"comment_status":"closed","ping_status":"open","sticky":false,"template":"","format":"standard","meta":{"footnotes":""},"categories":[26],"tags":[377,595,66,83,1328,2169,179,6031,6033,2629,6032,3178,349,1384],"class_list":["post-9226","post","type-post","status-publish","format-standard","has-post-thumbnail","hentry","category-miljo","tag-a23a","tag-ar","tag-det","tag-fordi","tag-gatt","tag-hadde","tag-har","tag-isfjellet","tag-motstatt","tag-nesten","tag-opplosning","tag-risikerer","tag-storste","tag-verdenen","generate-columns","tablet-grid-50","mobile-grid-100","grid-parent","grid-33","resize-featured-image"],"yoast_head":"<!-- This site is optimized with the Yoast SEO plugin v24.4 - https:\/\/yoast.com\/wordpress\/plugins\/seo\/ -->\n<title>Det st\u00f8rste isfjellet i A23A -verdenen har g\u00e5tt i oppl\u00f8sning, det hadde motst\u00e5tt i nesten 40 \u00e5r: fordi det risikerer - Nordnesrepublikken<\/title>\n<meta name=\"robots\" content=\"index, follow, max-snippet:-1, max-image-preview:large, max-video-preview:-1\" \/>\n<link rel=\"canonical\" href=\"https:\/\/nordnesrepublikken.no\/index.php\/2025\/09\/05\/det-storste-isfjellet-i-a23a-verdenen-har-gatt-i-opplosning-det-hadde-motstatt-i-nesten-40-ar-fordi-det-risikerer\/\" \/>\n<meta property=\"og:locale\" content=\"nb_NO\" \/>\n<meta property=\"og:type\" content=\"article\" \/>\n<meta property=\"og:title\" content=\"Det st\u00f8rste isfjellet i A23A -verdenen har g\u00e5tt i oppl\u00f8sning, det hadde motst\u00e5tt i nesten 40 \u00e5r: fordi det risikerer - Nordnesrepublikken\" \/>\n<meta property=\"og:description\" content=\"DE&#8217;Iceberg A23Aden st\u00f8rste i verden, har n\u00e5 kommet til slutt etter nesten 40 \u00e5r: etter\" \/>\n<meta property=\"og:url\" content=\"https:\/\/nordnesrepublikken.no\/index.php\/2025\/09\/05\/det-storste-isfjellet-i-a23a-verdenen-har-gatt-i-opplosning-det-hadde-motstatt-i-nesten-40-ar-fordi-det-risikerer\/\" \/>\n<meta property=\"og:site_name\" content=\"Nordnesrepublikken\" \/>\n<meta property=\"article:published_time\" content=\"2025-09-05T16:50:08+00:00\" \/>\n<meta property=\"article:modified_time\" content=\"2025-09-05T16:50:10+00:00\" \/>\n<meta property=\"og:image\" content=\"https:\/\/nordnesrepublikken.no\/wp-content\/uploads\/2025\/09\/1757091009_Det-storste-isfjellet-i-A23A-verdenen-har-gatt-i-opplosning.jpg\" \/>\n\t<meta property=\"og:image:width\" content=\"1200\" \/>\n\t<meta property=\"og:image:height\" content=\"800\" \/>\n\t<meta property=\"og:image:type\" content=\"image\/jpeg\" \/>\n<meta name=\"author\" content=\"Ole Andersen\" \/>\n<meta name=\"twitter:card\" content=\"summary_large_image\" \/>\n<meta name=\"twitter:label1\" content=\"Skrevet av\" \/>\n\t<meta name=\"twitter:data1\" content=\"Ole Andersen\" \/>\n\t<meta name=\"twitter:label2\" content=\"Ansl. lesetid\" \/>\n\t<meta name=\"twitter:data2\" content=\"2 minutter\" \/>\n<script type=\"application\/ld+json\" class=\"yoast-schema-graph\">{\"@context\":\"https:\/\/schema.org\",\"@graph\":[{\"@type\":\"Article\",\"@id\":\"https:\/\/nordnesrepublikken.no\/index.php\/2025\/09\/05\/det-storste-isfjellet-i-a23a-verdenen-har-gatt-i-opplosning-det-hadde-motstatt-i-nesten-40-ar-fordi-det-risikerer\/#article\",\"isPartOf\":{\"@id\":\"https:\/\/nordnesrepublikken.no\/index.php\/2025\/09\/05\/det-storste-isfjellet-i-a23a-verdenen-har-gatt-i-opplosning-det-hadde-motstatt-i-nesten-40-ar-fordi-det-risikerer\/\"},\"author\":{\"name\":\"Ole Andersen\",\"@id\":\"https:\/\/nordnesrepublikken.no\/#\/schema\/person\/2e7e81935bab77882fffb79296240ff1\"},\"headline\":\"Det st\u00f8rste isfjellet i A23A -verdenen har g\u00e5tt i oppl\u00f8sning, det hadde motst\u00e5tt i nesten 40 \u00e5r: fordi det risikerer\",\"datePublished\":\"2025-09-05T16:50:08+00:00\",\"dateModified\":\"2025-09-05T16:50:10+00:00\",\"mainEntityOfPage\":{\"@id\":\"https:\/\/nordnesrepublikken.no\/index.php\/2025\/09\/05\/det-storste-isfjellet-i-a23a-verdenen-har-gatt-i-opplosning-det-hadde-motstatt-i-nesten-40-ar-fordi-det-risikerer\/\"},\"wordCount\":514,\"publisher\":{\"@id\":\"https:\/\/nordnesrepublikken.no\/#organization\"},\"image\":{\"@id\":\"https:\/\/nordnesrepublikken.no\/index.php\/2025\/09\/05\/det-storste-isfjellet-i-a23a-verdenen-har-gatt-i-opplosning-det-hadde-motstatt-i-nesten-40-ar-fordi-det-risikerer\/#primaryimage\"},\"thumbnailUrl\":\"https:\/\/nordnesrepublikken.no\/wp-content\/uploads\/2025\/09\/1757091009_Det-storste-isfjellet-i-A23A-verdenen-har-gatt-i-opplosning.jpg\",\"keywords\":[\"A23A\",\"\u00e5r\",\"Det\",\"Fordi\",\"g\u00e5tt\",\"hadde\",\"har\",\"isfjellet\",\"motst\u00e5tt\",\"nesten\",\"oppl\u00f8sning\",\"risikerer\",\"st\u00f8rste\",\"verdenen\"],\"articleSection\":[\"Milj\u00f8\"],\"inLanguage\":\"nb-NO\"},{\"@type\":\"WebPage\",\"@id\":\"https:\/\/nordnesrepublikken.no\/index.php\/2025\/09\/05\/det-storste-isfjellet-i-a23a-verdenen-har-gatt-i-opplosning-det-hadde-motstatt-i-nesten-40-ar-fordi-det-risikerer\/\",\"url\":\"https:\/\/nordnesrepublikken.no\/index.php\/2025\/09\/05\/det-storste-isfjellet-i-a23a-verdenen-har-gatt-i-opplosning-det-hadde-motstatt-i-nesten-40-ar-fordi-det-risikerer\/\",\"name\":\"Det st\u00f8rste isfjellet i A23A -verdenen har g\u00e5tt i oppl\u00f8sning, det hadde motst\u00e5tt i nesten 40 \u00e5r: fordi det risikerer - Nordnesrepublikken\",\"isPartOf\":{\"@id\":\"https:\/\/nordnesrepublikken.no\/#website\"},\"primaryImageOfPage\":{\"@id\":\"https:\/\/nordnesrepublikken.no\/index.php\/2025\/09\/05\/det-storste-isfjellet-i-a23a-verdenen-har-gatt-i-opplosning-det-hadde-motstatt-i-nesten-40-ar-fordi-det-risikerer\/#primaryimage\"},\"image\":{\"@id\":\"https:\/\/nordnesrepublikken.no\/index.php\/2025\/09\/05\/det-storste-isfjellet-i-a23a-verdenen-har-gatt-i-opplosning-det-hadde-motstatt-i-nesten-40-ar-fordi-det-risikerer\/#primaryimage\"},\"thumbnailUrl\":\"https:\/\/nordnesrepublikken.no\/wp-content\/uploads\/2025\/09\/1757091009_Det-storste-isfjellet-i-A23A-verdenen-har-gatt-i-opplosning.jpg\",\"datePublished\":\"2025-09-05T16:50:08+00:00\",\"dateModified\":\"2025-09-05T16:50:10+00:00\",\"breadcrumb\":{\"@id\":\"https:\/\/nordnesrepublikken.no\/index.php\/2025\/09\/05\/det-storste-isfjellet-i-a23a-verdenen-har-gatt-i-opplosning-det-hadde-motstatt-i-nesten-40-ar-fordi-det-risikerer\/#breadcrumb\"},\"inLanguage\":\"nb-NO\",\"potentialAction\":[{\"@type\":\"ReadAction\",\"target\":[\"https:\/\/nordnesrepublikken.no\/index.php\/2025\/09\/05\/det-storste-isfjellet-i-a23a-verdenen-har-gatt-i-opplosning-det-hadde-motstatt-i-nesten-40-ar-fordi-det-risikerer\/\"]}]},{\"@type\":\"ImageObject\",\"inLanguage\":\"nb-NO\",\"@id\":\"https:\/\/nordnesrepublikken.no\/index.php\/2025\/09\/05\/det-storste-isfjellet-i-a23a-verdenen-har-gatt-i-opplosning-det-hadde-motstatt-i-nesten-40-ar-fordi-det-risikerer\/#primaryimage\",\"url\":\"https:\/\/nordnesrepublikken.no\/wp-content\/uploads\/2025\/09\/1757091009_Det-storste-isfjellet-i-A23A-verdenen-har-gatt-i-opplosning.jpg\",\"contentUrl\":\"https:\/\/nordnesrepublikken.no\/wp-content\/uploads\/2025\/09\/1757091009_Det-storste-isfjellet-i-A23A-verdenen-har-gatt-i-opplosning.jpg\",\"width\":1200,\"height\":800,\"caption\":\"Immagine\"},{\"@type\":\"BreadcrumbList\",\"@id\":\"https:\/\/nordnesrepublikken.no\/index.php\/2025\/09\/05\/det-storste-isfjellet-i-a23a-verdenen-har-gatt-i-opplosning-det-hadde-motstatt-i-nesten-40-ar-fordi-det-risikerer\/#breadcrumb\",\"itemListElement\":[{\"@type\":\"ListItem\",\"position\":1,\"name\":\"Home\",\"item\":\"https:\/\/nordnesrepublikken.no\/\"},{\"@type\":\"ListItem\",\"position\":2,\"name\":\"Det st\u00f8rste isfjellet i A23A -verdenen har g\u00e5tt i oppl\u00f8sning, det hadde motst\u00e5tt i nesten 40 \u00e5r: fordi det risikerer\"}]},{\"@type\":\"WebSite\",\"@id\":\"https:\/\/nordnesrepublikken.no\/#website\",\"url\":\"https:\/\/nordnesrepublikken.no\/\",\"name\":\"Nordnesrepublikken\",\"description\":\"Stemmer og Visjoner fra Republikkens Hjerte\",\"publisher\":{\"@id\":\"https:\/\/nordnesrepublikken.no\/#organization\"},\"potentialAction\":[{\"@type\":\"SearchAction\",\"target\":{\"@type\":\"EntryPoint\",\"urlTemplate\":\"https:\/\/nordnesrepublikken.no\/?s={search_term_string}\"},\"query-input\":{\"@type\":\"PropertyValueSpecification\",\"valueRequired\":true,\"valueName\":\"search_term_string\"}}],\"inLanguage\":\"nb-NO\"},{\"@type\":\"Organization\",\"@id\":\"https:\/\/nordnesrepublikken.no\/#organization\",\"name\":\"Nordnesrepublikken\",\"url\":\"https:\/\/nordnesrepublikken.no\/\",\"logo\":{\"@type\":\"ImageObject\",\"inLanguage\":\"nb-NO\",\"@id\":\"https:\/\/nordnesrepublikken.no\/#\/schema\/logo\/image\/\",\"url\":\"https:\/\/nordnesrepublikken.no\/wp-content\/uploads\/2025\/02\/cropped-nordnesrepublikken-2.png\",\"contentUrl\":\"https:\/\/nordnesrepublikken.no\/wp-content\/uploads\/2025\/02\/cropped-nordnesrepublikken-2.png\",\"width\":1248,\"height\":362,\"caption\":\"Nordnesrepublikken\"},\"image\":{\"@id\":\"https:\/\/nordnesrepublikken.no\/#\/schema\/logo\/image\/\"}},{\"@type\":\"Person\",\"@id\":\"https:\/\/nordnesrepublikken.no\/#\/schema\/person\/2e7e81935bab77882fffb79296240ff1\",\"name\":\"Ole Andersen\",\"image\":{\"@type\":\"ImageObject\",\"inLanguage\":\"nb-NO\",\"@id\":\"https:\/\/nordnesrepublikken.no\/#\/schema\/person\/image\/\",\"url\":\"https:\/\/nordnesrepublikken.no\/wp-content\/uploads\/2025\/02\/nordnesrepublikken-2-2-150x150.jpg\",\"contentUrl\":\"https:\/\/nordnesrepublikken.no\/wp-content\/uploads\/2025\/02\/nordnesrepublikken-2-2-150x150.jpg\",\"caption\":\"Ole Andersen\"},\"description\":\"Ettersom jeg vokste opp i Oslo, har jeg alltid v\u00e6rt fascinert av ordenes kraft og deres evne til \u00e5 skape endringer. Etter \u00e5 ha fullf\u00f8rt min utdannelse i kommunikasjon ved Universitetet i Bergen, fikk jeg muligheten til \u00e5 jobbe innen ulike medier, der jeg har s\u00f8kt \u00e5 belyse viktige samfunnssp\u00f8rsm\u00e5l. I dag, som redakt\u00f8r for Nordnesrepublikken, pr\u00f8ver jeg \u00e5 forene min kj\u00e6rlighet for journalistikk med min lidenskap for innovasjon og eventyr.\",\"sameAs\":[\"https:\/\/nordnesrepublikken.no\/\"]}]}<\/script>\n<!-- \/ Yoast SEO plugin. -->","yoast_head_json":{"title":"Det st\u00f8rste isfjellet i A23A -verdenen har g\u00e5tt i oppl\u00f8sning, det hadde motst\u00e5tt i nesten 40 \u00e5r: fordi det risikerer - Nordnesrepublikken","robots":{"index":"index","follow":"follow","max-snippet":"max-snippet:-1","max-image-preview":"max-image-preview:large","max-video-preview":"max-video-preview:-1"},"canonical":"https:\/\/nordnesrepublikken.no\/index.php\/2025\/09\/05\/det-storste-isfjellet-i-a23a-verdenen-har-gatt-i-opplosning-det-hadde-motstatt-i-nesten-40-ar-fordi-det-risikerer\/","og_locale":"nb_NO","og_type":"article","og_title":"Det st\u00f8rste isfjellet i A23A -verdenen har g\u00e5tt i oppl\u00f8sning, det hadde motst\u00e5tt i nesten 40 \u00e5r: fordi det risikerer - Nordnesrepublikken","og_description":"DE&#8217;Iceberg A23Aden st\u00f8rste i verden, har n\u00e5 kommet til slutt etter nesten 40 \u00e5r: etter","og_url":"https:\/\/nordnesrepublikken.no\/index.php\/2025\/09\/05\/det-storste-isfjellet-i-a23a-verdenen-har-gatt-i-opplosning-det-hadde-motstatt-i-nesten-40-ar-fordi-det-risikerer\/","og_site_name":"Nordnesrepublikken","article_published_time":"2025-09-05T16:50:08+00:00","article_modified_time":"2025-09-05T16:50:10+00:00","og_image":[{"width":1200,"height":800,"url":"https:\/\/nordnesrepublikken.no\/wp-content\/uploads\/2025\/09\/1757091009_Det-storste-isfjellet-i-A23A-verdenen-har-gatt-i-opplosning.jpg","type":"image\/jpeg"}],"author":"Ole Andersen","twitter_card":"summary_large_image","twitter_misc":{"Skrevet av":"Ole Andersen","Ansl. lesetid":"2 minutter"},"schema":{"@context":"https:\/\/schema.org","@graph":[{"@type":"Article","@id":"https:\/\/nordnesrepublikken.no\/index.php\/2025\/09\/05\/det-storste-isfjellet-i-a23a-verdenen-har-gatt-i-opplosning-det-hadde-motstatt-i-nesten-40-ar-fordi-det-risikerer\/#article","isPartOf":{"@id":"https:\/\/nordnesrepublikken.no\/index.php\/2025\/09\/05\/det-storste-isfjellet-i-a23a-verdenen-har-gatt-i-opplosning-det-hadde-motstatt-i-nesten-40-ar-fordi-det-risikerer\/"},"author":{"name":"Ole Andersen","@id":"https:\/\/nordnesrepublikken.no\/#\/schema\/person\/2e7e81935bab77882fffb79296240ff1"},"headline":"Det st\u00f8rste isfjellet i A23A -verdenen har g\u00e5tt i oppl\u00f8sning, det hadde motst\u00e5tt i nesten 40 \u00e5r: fordi det risikerer","datePublished":"2025-09-05T16:50:08+00:00","dateModified":"2025-09-05T16:50:10+00:00","mainEntityOfPage":{"@id":"https:\/\/nordnesrepublikken.no\/index.php\/2025\/09\/05\/det-storste-isfjellet-i-a23a-verdenen-har-gatt-i-opplosning-det-hadde-motstatt-i-nesten-40-ar-fordi-det-risikerer\/"},"wordCount":514,"publisher":{"@id":"https:\/\/nordnesrepublikken.no\/#organization"},"image":{"@id":"https:\/\/nordnesrepublikken.no\/index.php\/2025\/09\/05\/det-storste-isfjellet-i-a23a-verdenen-har-gatt-i-opplosning-det-hadde-motstatt-i-nesten-40-ar-fordi-det-risikerer\/#primaryimage"},"thumbnailUrl":"https:\/\/nordnesrepublikken.no\/wp-content\/uploads\/2025\/09\/1757091009_Det-storste-isfjellet-i-A23A-verdenen-har-gatt-i-opplosning.jpg","keywords":["A23A","\u00e5r","Det","Fordi","g\u00e5tt","hadde","har","isfjellet","motst\u00e5tt","nesten","oppl\u00f8sning","risikerer","st\u00f8rste","verdenen"],"articleSection":["Milj\u00f8"],"inLanguage":"nb-NO"},{"@type":"WebPage","@id":"https:\/\/nordnesrepublikken.no\/index.php\/2025\/09\/05\/det-storste-isfjellet-i-a23a-verdenen-har-gatt-i-opplosning-det-hadde-motstatt-i-nesten-40-ar-fordi-det-risikerer\/","url":"https:\/\/nordnesrepublikken.no\/index.php\/2025\/09\/05\/det-storste-isfjellet-i-a23a-verdenen-har-gatt-i-opplosning-det-hadde-motstatt-i-nesten-40-ar-fordi-det-risikerer\/","name":"Det st\u00f8rste isfjellet i A23A -verdenen har g\u00e5tt i oppl\u00f8sning, det hadde motst\u00e5tt i nesten 40 \u00e5r: fordi det risikerer - Nordnesrepublikken","isPartOf":{"@id":"https:\/\/nordnesrepublikken.no\/#website"},"primaryImageOfPage":{"@id":"https:\/\/nordnesrepublikken.no\/index.php\/2025\/09\/05\/det-storste-isfjellet-i-a23a-verdenen-har-gatt-i-opplosning-det-hadde-motstatt-i-nesten-40-ar-fordi-det-risikerer\/#primaryimage"},"image":{"@id":"https:\/\/nordnesrepublikken.no\/index.php\/2025\/09\/05\/det-storste-isfjellet-i-a23a-verdenen-har-gatt-i-opplosning-det-hadde-motstatt-i-nesten-40-ar-fordi-det-risikerer\/#primaryimage"},"thumbnailUrl":"https:\/\/nordnesrepublikken.no\/wp-content\/uploads\/2025\/09\/1757091009_Det-storste-isfjellet-i-A23A-verdenen-har-gatt-i-opplosning.jpg","datePublished":"2025-09-05T16:50:08+00:00","dateModified":"2025-09-05T16:50:10+00:00","breadcrumb":{"@id":"https:\/\/nordnesrepublikken.no\/index.php\/2025\/09\/05\/det-storste-isfjellet-i-a23a-verdenen-har-gatt-i-opplosning-det-hadde-motstatt-i-nesten-40-ar-fordi-det-risikerer\/#breadcrumb"},"inLanguage":"nb-NO","potentialAction":[{"@type":"ReadAction","target":["https:\/\/nordnesrepublikken.no\/index.php\/2025\/09\/05\/det-storste-isfjellet-i-a23a-verdenen-har-gatt-i-opplosning-det-hadde-motstatt-i-nesten-40-ar-fordi-det-risikerer\/"]}]},{"@type":"ImageObject","inLanguage":"nb-NO","@id":"https:\/\/nordnesrepublikken.no\/index.php\/2025\/09\/05\/det-storste-isfjellet-i-a23a-verdenen-har-gatt-i-opplosning-det-hadde-motstatt-i-nesten-40-ar-fordi-det-risikerer\/#primaryimage","url":"https:\/\/nordnesrepublikken.no\/wp-content\/uploads\/2025\/09\/1757091009_Det-storste-isfjellet-i-A23A-verdenen-har-gatt-i-opplosning.jpg","contentUrl":"https:\/\/nordnesrepublikken.no\/wp-content\/uploads\/2025\/09\/1757091009_Det-storste-isfjellet-i-A23A-verdenen-har-gatt-i-opplosning.jpg","width":1200,"height":800,"caption":"Immagine"},{"@type":"BreadcrumbList","@id":"https:\/\/nordnesrepublikken.no\/index.php\/2025\/09\/05\/det-storste-isfjellet-i-a23a-verdenen-har-gatt-i-opplosning-det-hadde-motstatt-i-nesten-40-ar-fordi-det-risikerer\/#breadcrumb","itemListElement":[{"@type":"ListItem","position":1,"name":"Home","item":"https:\/\/nordnesrepublikken.no\/"},{"@type":"ListItem","position":2,"name":"Det st\u00f8rste isfjellet i A23A -verdenen har g\u00e5tt i oppl\u00f8sning, det hadde motst\u00e5tt i nesten 40 \u00e5r: fordi det risikerer"}]},{"@type":"WebSite","@id":"https:\/\/nordnesrepublikken.no\/#website","url":"https:\/\/nordnesrepublikken.no\/","name":"Nordnesrepublikken","description":"Stemmer og Visjoner fra Republikkens Hjerte","publisher":{"@id":"https:\/\/nordnesrepublikken.no\/#organization"},"potentialAction":[{"@type":"SearchAction","target":{"@type":"EntryPoint","urlTemplate":"https:\/\/nordnesrepublikken.no\/?s={search_term_string}"},"query-input":{"@type":"PropertyValueSpecification","valueRequired":true,"valueName":"search_term_string"}}],"inLanguage":"nb-NO"},{"@type":"Organization","@id":"https:\/\/nordnesrepublikken.no\/#organization","name":"Nordnesrepublikken","url":"https:\/\/nordnesrepublikken.no\/","logo":{"@type":"ImageObject","inLanguage":"nb-NO","@id":"https:\/\/nordnesrepublikken.no\/#\/schema\/logo\/image\/","url":"https:\/\/nordnesrepublikken.no\/wp-content\/uploads\/2025\/02\/cropped-nordnesrepublikken-2.png","contentUrl":"https:\/\/nordnesrepublikken.no\/wp-content\/uploads\/2025\/02\/cropped-nordnesrepublikken-2.png","width":1248,"height":362,"caption":"Nordnesrepublikken"},"image":{"@id":"https:\/\/nordnesrepublikken.no\/#\/schema\/logo\/image\/"}},{"@type":"Person","@id":"https:\/\/nordnesrepublikken.no\/#\/schema\/person\/2e7e81935bab77882fffb79296240ff1","name":"Ole Andersen","image":{"@type":"ImageObject","inLanguage":"nb-NO","@id":"https:\/\/nordnesrepublikken.no\/#\/schema\/person\/image\/","url":"https:\/\/nordnesrepublikken.no\/wp-content\/uploads\/2025\/02\/nordnesrepublikken-2-2-150x150.jpg","contentUrl":"https:\/\/nordnesrepublikken.no\/wp-content\/uploads\/2025\/02\/nordnesrepublikken-2-2-150x150.jpg","caption":"Ole Andersen"},"description":"Ettersom jeg vokste opp i Oslo, har jeg alltid v\u00e6rt fascinert av ordenes kraft og deres evne til \u00e5 skape endringer. Etter \u00e5 ha fullf\u00f8rt min utdannelse i kommunikasjon ved Universitetet i Bergen, fikk jeg muligheten til \u00e5 jobbe innen ulike medier, der jeg har s\u00f8kt \u00e5 belyse viktige samfunnssp\u00f8rsm\u00e5l. I dag, som redakt\u00f8r for Nordnesrepublikken, pr\u00f8ver jeg \u00e5 forene min kj\u00e6rlighet for journalistikk med min lidenskap for innovasjon og eventyr.","sameAs":["https:\/\/nordnesrepublikken.no\/"]}]}},"_links":{"self":[{"href":"https:\/\/nordnesrepublikken.no\/index.php\/wp-json\/wp\/v2\/posts\/9226","targetHints":{"allow":["GET"]}}],"collection":[{"href":"https:\/\/nordnesrepublikken.no\/index.php\/wp-json\/wp\/v2\/posts"}],"about":[{"href":"https:\/\/nordnesrepublikken.no\/index.php\/wp-json\/wp\/v2\/types\/post"}],"author":[{"embeddable":true,"href":"https:\/\/nordnesrepublikken.no\/index.php\/wp-json\/wp\/v2\/users\/1"}],"replies":[{"embeddable":true,"href":"https:\/\/nordnesrepublikken.no\/index.php\/wp-json\/wp\/v2\/comments?post=9226"}],"version-history":[{"count":1,"href":"https:\/\/nordnesrepublikken.no\/index.php\/wp-json\/wp\/v2\/posts\/9226\/revisions"}],"predecessor-version":[{"id":9228,"href":"https:\/\/nordnesrepublikken.no\/index.php\/wp-json\/wp\/v2\/posts\/9226\/revisions\/9228"}],"wp:featuredmedia":[{"embeddable":true,"href":"https:\/\/nordnesrepublikken.no\/index.php\/wp-json\/wp\/v2\/media\/9227"}],"wp:attachment":[{"href":"https:\/\/nordnesrepublikken.no\/index.php\/wp-json\/wp\/v2\/media?parent=9226"}],"wp:term":[{"taxonomy":"category","embeddable":true,"href":"https:\/\/nordnesrepublikken.no\/index.php\/wp-json\/wp\/v2\/categories?post=9226"},{"taxonomy":"post_tag","embeddable":true,"href":"https:\/\/nordnesrepublikken.no\/index.php\/wp-json\/wp\/v2\/tags?post=9226"}],"curies":[{"name":"wp","href":"https:\/\/api.w.org\/{rel}","templated":true}]}}