{"id":9208,"date":"2025-09-05T10:50:05","date_gmt":"2025-09-05T08:50:05","guid":{"rendered":"https:\/\/nordnesrepublikken.no\/index.php\/2025\/09\/05\/ettersom-f1-kretsen-til-italia-gp-har-endret-seg\/"},"modified":"2025-09-05T10:50:06","modified_gmt":"2025-09-05T08:50:06","slug":"ettersom-f1-kretsen-til-italia-gp-har-endret-seg","status":"publish","type":"post","link":"https:\/\/nordnesrepublikken.no\/index.php\/2025\/09\/05\/ettersom-f1-kretsen-til-italia-gp-har-endret-seg\/","title":{"rendered":"Ettersom F1 -kretsen til Italia GP har endret seg"},"content":{"rendered":"<div>\n<div class=\"cp_wrapper cp_wrapper--fw mb-30 mb-20@tablet\">\n<figure class=\"mm\"><picture class=\"img\" style=\"padding-top:56.25%\"><source  media=\"(min-width: 1024px)\"><source  media=\"(min-width: 768px)\"><\/source><\/source><\/picture><\/figure>\n<\/p><\/div>\n<p>Rhombusene til motorene som river freden i parken, den r\u00f8de tidevannet etter Ferrari -seirene og de veldig h\u00f8ye hastighetene er s\u00e6regne egenskaper<strong>Monza National Autodromo<\/strong>kretsen der <strong>Italiensk Grand Prix <\/strong>Av <strong>Formel 1<\/strong>. DE <b>5 793 meter <\/b>av asfalt med 11 kurver, i \u00e5r utgj\u00f8r hovedpersoner i helgen fra 5. til 7. september med l\u00f8pet planlagt til s\u00f8ndag klokka 15.00, utgj\u00f8r &laquo;<strong>Temple of Speed<\/strong>&laquo;, Et sted der &#8211; p\u00e5 bedre eller verre &#8211; motorsports historie ble skrevet.<\/p>\n<p>Brianza -ruten, f\u00f8dt i <strong>1922<\/strong>ble modellert i hans utover <strong>100 \u00e5r<\/strong> av historien p\u00e5 grunn av dens natur. Lange rett og ikoniske <strong>kurver<\/strong> <strong>hevet<\/strong> av hastighetsringen, kombinert med konstant <strong>Teknologisk innovasjon<\/strong> som gjorde bilene raskere og raskere, de var \u00e5stedet for <b>Tallrike og tragiske ulykker <\/b>som over tid har p\u00e5lagt en tilpasning av kretsen for \u00e5 garantere <strong>sikkerhet<\/strong> piloter og publikum. Disse endringene har ikke forvrengt sjelen til den motoriske sj\u00e5f\u00f8ren som fremdeles gjenst\u00e5r i dag <strong>raskere rute<\/strong> av Formel 1 -mesterskapet (for gjennomsnittlig hastighet &#8211; <strong>264,362 km\/t<\/strong>). I sin lange historie var Lombard -asfalt, som kan bes\u00f8kes hele \u00e5ret med spesielle turer, teateret med mange triumfer <strong>Ferrari<\/strong>stabil som har en sterk kobling med dette sporet som vist av <strong>20 seire<\/strong> oppn\u00e5dd til Italia fastlege i historien.<\/p>\n<h2>Opprinnelsen til National Autodrome of Monza hvor Formel 1 Grand Prix holdes<\/h2>\n<p>P\u00e5 begynnelsen av 1920 -tallet var de italienske bilprodusentene tilbake fra utmerkede resultater i utlandet, og lette etter et niv\u00e5 hovedkvarter for \u00e5 v\u00e6re vertskap for den italienske Grand Prix. S\u00e5 det var det i <strong>1922<\/strong> de<strong>Automobile Club of Milano<\/strong>i anledning 25 -\u00e5rsjubileet for foreningen, bestemte seg for \u00e5 bygge<strong>Autodromo di Monza<\/strong>. Med en innledende kostnad p\u00e5 omtrent <strong>6 millioner lire<\/strong>ruten ble bygget inne i Monza -parken p\u00e5 rekordtid: den tok bare <strong>110 dager<\/strong> (Fra 15. mai til 28. juli) Takket v\u00e6re bruken av 3500 arbeidere og mange arbeidsm\u00e5ter. Den opprinnelige utformingen av den tredje permanente selfromen i verden etter Indianapolis og Brooklands, s\u00f8rget for totalt <strong>1O km <\/strong>av asfalt, delt inn i to ruter som krysset p\u00e5 to niv\u00e5er gjennom en <strong>Undergang<\/strong>; <strong>5,5 km<\/strong> De var en del av en <strong>veirute<\/strong> Og <strong>4,5 km<\/strong> utgjorde a <strong>hastighetsring<\/strong> med to <strong>forh\u00f8yede kurver<\/strong> forent med to strake p\u00e5 omtrent 1 km i stand til \u00e5 n\u00e5 bilene den teoretiske hastigheten til <strong>180\/190 km\/t<\/strong>.<\/p>\n<div class=\"cp_wrapper cp_wrapper--fw mb-50\">\n<figure class=\"mm\"><picture class=\"img\" style=\"padding-top:50%\"><source  media=\"(min-width: 1024px)\"><source  media=\"(min-width: 768px)\"><img decoding=\"async\" loading=\"lazy\" src=\"https:\/\/nordnesrepublikken.no\/wp-content\/uploads\/2025\/09\/1757062205_387_Ettersom-F1-kretsen-til-Italia-GP-har-endret-seg.jpg\" alt=\"Autodromo_monza_1922\" width=\"550\" height=\"275\"><\/source><\/source><\/picture><\/figure>\n<\/p><\/div>\n<p>I \u00e5rene etter den offisielle \u00e5pningen <strong>3. september<\/strong> Samme \u00e5r ble forskjellige spilt p\u00e5 Brianza -kretsen <strong>Bilkonkurranser<\/strong> Og <strong>motorsykkel<\/strong> s\u00e5 vel som mange fors\u00f8k p\u00e5 <strong>hastighetsrekord<\/strong>. For \u00f8yeblikket eies det av<b>Monza National Autodromo Company Increment Authority og Sport Sis Spa<\/b>.<\/p>\n<h2>Ulykkene som har endret Monza og Formula 1<\/h2>\n<p>Med det begrensede <strong>Sikkerhetsstandarder<\/strong> av tiden var Monza -kretsen et hensynsl\u00f8s spor, hvor sikkerheten til <strong>piloter<\/strong>men ogs\u00e5 det av <strong>offentlig<\/strong>var ikke garantert. Noen viser det <strong>tragiske ulykker<\/strong> Som ikke bare har p\u00e5lagt endringer i kretsen, men ogs\u00e5 markert et vendepunkt for sikkerhet i motorsport.<\/p>\n<h3><strong>Madrassulykke<\/strong> (<strong>1928<\/strong>)<\/h3>\n<p>I l\u00f8pet av den 17. runden av<strong>8. italienske Grand Prix<\/strong>den italienske piloten <strong>Emilio -madrasser<\/strong> som kj\u00f8rte med <strong>Talbot<\/strong> Under et fors\u00f8k p\u00e5 \u00e5 overhale p\u00e5 reptilinear etter \u00e5 ha kommet ut i stor fart fra den siste kurven han slo og endte p\u00e5 full fart p\u00e5 tribunen p\u00e5 kanten av sporet. Balansen var tragisk, i tillegg til madrasser, mistet livet <strong>21 tilskuere<\/strong>. Imidlertid ble l\u00f8pet fullf\u00f8rt og vunnet av fransk <strong>Chiron<\/strong>. Den italienske Grand Prix ble suspendert i to \u00e5r, og av sikkerhetsmessige \u00e5rsaker, mer langsomme alternative spor som <b>&laquo;Florio Circuit&raquo; <\/b>6 680 meter.<\/p>\n<h3><strong>Trippel d\u00f8dsulykke i 1933<\/strong><\/h3>\n<p>I 1932 kom vi tilbake til bruken av hele ruten til 10. september <strong>1933<\/strong>da Monza Racetrack bodde sin &laquo;Black Day&raquo;. Under <b>Monza Grand Prix<\/b> &#8211; En konkurranse atskilt fra den italienske Grand Prix &#8211; Tre av de st\u00f8rste pilotene i den tid tapte livet: <b>Giuseppe Campari, Baconin Borzacchini og Stanis\u0142aw Czaykowski<\/b>. Tragedien fant sted i to distinkte ulykker: Under den f\u00f8rste varmen kom Campari og Borzacchini ut av banen p\u00e5 samme punkt, sannsynligvis p\u00e5 grunn av en <b>oljeflekk<\/b> igjen av en annen bil. Utrolig ble l\u00f8pet ikke avbrutt, og i en p\u00e5f\u00f8lgende varme styrtet den polske piloten Czaykowski inn i samme omr\u00e5de som de uheldige italienske pilotene.<\/p>\n<p>Opprinnelig for \u00e5 redusere hastigheten, <b>Kunstig chicane<\/b> som senket ungdomsskolen p\u00e5 rundene til omtrent <strong>105 km\/t <\/strong>Men inn <strong>1939<\/strong> Et program med endringer som endret ansiktet til kretsen ble startet: <b>Historiske forh\u00f8yede kurver ble revet<\/b> og veiruten ble redesignet, noe som f\u00f8rte til f\u00f8dselen av et nytt spor fra <strong>6.300 meter<\/strong> som ble brukt til 1950 -tallet.<\/p>\n<h2>Post -War -perioden markerte en ny epoke for Monza -bilkretsen<\/h2>\n<p>P\u00e5 slutten av andre verdenskrig var Monza Autodrome ubrukelig p\u00e5 grunn av strukturelle skader for\u00e5rsaket av bruken av den som et sted for <strong>Krigslagring<\/strong>. Takket v\u00e6re et restaureringsprosjekt startet i <strong>1948<\/strong>kom kretsen tilbake for \u00e5 leve \u00e5ret etter, med et \u00e5pningsl\u00f8p vunnet av Ferrari av <strong>Alberto Ascari<\/strong>. I <strong>1950<\/strong> Monza ble valgt til \u00e5 v\u00e6re vertskap for en scene av den f\u00f8rste, historikeren <strong>Formel 1 Verdensmesterskap<\/strong>.<\/p>\n<h3>Returen av hastighetsringen med h\u00f8ye<\/h3>\n<p>Fem \u00e5r senere gjennomgikk Brianza racerbanen enda en endring som brakte det tilbake til sin opprinnelse. En ny ble laget <strong>H\u00f8y hastighetsring<\/strong> (De <strong>Catino di Monza<\/strong>) lignende i unnfangelsen som den opprinnelige en av 1922, men mer moderne og egnet for nye teknologier. Bygget p\u00e5 strukturer i <strong>Forsterket betong<\/strong> og ikke p\u00e5 voll, ringen, av en total lengde p\u00e5 <strong>4250 meter<\/strong>ble dannet av <strong>2 Straights p\u00e5 875 meter<\/strong> en e <strong>2 forh\u00f8yede kurver<\/strong> med en <strong>str\u00e5ling p\u00e5 320 meter<\/strong> og en maksimal skr\u00e5ning av <strong>80%<\/strong>. Disse egenskapene tillot biler \u00e5 n\u00e5 hastighetene til <strong>285\/300 km\/t<\/strong> Unng\u00e5 girendring og bruk av bremsene.<\/p>\n<div class=\"cp_wrapper cp_wrapper--fw mb-50\">\n<figure class=\"mm\"><picture class=\"img\" style=\"padding-top:117.05069124424%\"><source  media=\"(min-width: 1024px)\"><source  media=\"(min-width: 768px)\"><img decoding=\"async\" loading=\"lazy\" src=\"https:\/\/nordnesrepublikken.no\/wp-content\/uploads\/2025\/09\/1757062205_812_Ettersom-F1-kretsen-til-Italia-GP-har-endret-seg.jpg\" alt=\"Autodromo_monza_curva_parabolica\" width=\"868\" height=\"1016\" class=\"js-seedtag-img\"><\/source><\/source><\/picture><\/figure>\n<\/p><\/div>\n<p>Til og med de to rettene p\u00e5 vegruten gjennomgikk endringer som kom sammen med en ny, bred kurve med en radius som utvides mot avkj\u00f8rselen, som tok navnet p\u00e5 <b>&laquo;Parabolsk&raquo;<\/b>.<\/p>\n<p>Den komplette 10 km -banen var scenen til den italienske Grand Prix til 1961, mens den eneste h\u00f8ye hastighetsringen fortsatte \u00e5 v\u00e6re vertskap for andre konkurranser, for eksempel <strong>Tusen kilometer monza<\/strong> og mange rekordfors\u00f8k. I 1955 var han \u00e5stedet for en annen tragedie: Under en improvisert test ombord p\u00e5 en Ferrari 750 Sport mistet mesterlivet sitt <strong>Alberto Ascari<\/strong>den eneste italieneren som har vunnet Formel 1 -mesterskapet 2 ganger; I hans minne b\u00e6rer &laquo;varianten av Vialone&raquo; i dag navnet hans.<\/p>\n<h3><strong>Von turer ulykke<\/strong> (<strong>1961<\/strong>)<\/h3>\n<p>De <strong>10. september 1961<\/strong>I l\u00f8pet av den andre omgangen til den italienske Grand Prix ble den mest alvorlige tragedien konsumert i kretsl\u00f8pet og formelen 1 kjent som &laquo;Monza Massacre&raquo;. <strong>Wolfgang Von Trips<\/strong>Bak rattet p\u00e5 Ferrari og i full kamp for verdenstittelen n\u00e6rmet han seg den l\u00f8srevne den parabolske kurven. Etter en kontakt med lotus av <strong>Jim Clark<\/strong>Ferrari fra Von Trips kom ut av banen og endte opp mot de skj\u00f8re nettverkene for \u00e5 beskytte publikum. I p\u00e5virkningen ble piloten kastet ut av passasjerrommet, d\u00f8de \u00f8yeblikkelig og bilen stupte p\u00e5 mengden p\u00e5 banen <b>dreper 14 tilskuere<\/b>. Igjen ble ikke l\u00f8pet avbrutt, og lagkameraten hans <strong>Phil Hill<\/strong> Han vant l\u00f8pet og verdenstittelen, og ble klar over tragedien bare p\u00e5 slutten av Grand Prix.<\/p>\n<p>Den smertefulle hendelsen f\u00f8rte til innf\u00f8ring av nye sikkerhetstiltak for publikum og<strong>Definitiv forlatelse<\/strong> av h\u00f8yhastighetsringen for formel 1. I dag st\u00e5r de ikoniske kurvene fremdeles, og det er mulig \u00e5 bes\u00f8ke dem for \u00e5 realisere personen i deres imponerende skr\u00e5ning.<\/p>\n<div class=\"cp_wrapper cp_wrapper--fw mb-50\">\n<figure class=\"mm\"><picture class=\"img\" style=\"padding-top:82.875%\"><source  media=\"(min-width: 1024px)\"><source  media=\"(min-width: 768px)\"><img decoding=\"async\" loading=\"lazy\" src=\"https:\/\/nordnesrepublikken.no\/wp-content\/uploads\/2025\/09\/Ettersom-F1-kretsen-til-Italia-GP-har-endret-seg.jpeg\" alt=\"Summer Monza\" width=\"1600\" height=\"1326\"><\/source><\/source><\/picture><\/figure>\n<\/p><\/div>\n<h2>Endringene som brakte kretsen til den n\u00e5v\u00e6rende konformasjonen<\/h2>\n<p>Til tross for mange ulykker, til og med d\u00f8delig, er Monza kretsl\u00f8pet som var vertskap for de mest gode premiene i historien til Formel 1 (<strong>Over 70 utgaver<\/strong>), som forblir en fast avtale i kalenderen av en grunn: <strong>showet<\/strong>. Hans lange rett har alltid gitt spennende l\u00f8p, dominert av <strong>Scie -spill<\/strong> Og <strong>Du ankommer fotofinish<\/strong>som skjedde flere ganger p\u00e5 begynnelsen av 70 -tallet.<\/p>\n<p>P\u00e5 den tiden hadde teknologisk fremgang &#8211; fra introduksjonen av mer effektive dekk til Alattoni &#8211; presset biler i gjennomsnittlig hastighet n\u00e6r <b>250 km\/t<\/b>. For \u00e5 sikre ytterligere sikkerhet skjedde de viktigste endringene i to faser. I <b>1972<\/b> ble satt inn noen <b>Forel\u00f8pig chicane<\/b> \u00c5 bremse rettene som inn <b>1976<\/b> ble erstattet av <b>permanente og tregere varianter<\/b>som gjorde det tryggeste sporet mens han holdt sitt DNA.<\/p>\n<p>Denne konfigurasjonen forble nesten uendret i nesten tjue \u00e5r. Etter d\u00f8den av <strong>Ayrton Senna<\/strong> I <strong>1994<\/strong>den p\u00e5f\u00f8lgende revolusjonen innen sikkerhetsfeltet f\u00f8rte til ytterligere sm\u00e5 endringer ogs\u00e5 til Monza. Den siste signifikante modifikasjonen stammer tilbake til <b>2000<\/b>med redesignet av <strong>1. variant<\/strong> (&laquo;Varianten av reptifilen&raquo;) i h\u00f8yre-venstre-konfigurasjonen som vi kjenner i dag, et ikonisk punkt som har blitt ikonisk av sporet fra <strong>5 793 m<\/strong>.<\/p>\n<div class=\"cp_wrapper cp_wrapper--fw mb-50\">\n<figure class=\"mm\"><picture class=\"img\" style=\"padding-top:56.15234375%\"><source  media=\"(min-width: 1024px)\"><source  media=\"(min-width: 768px)\"><img decoding=\"async\" loading=\"lazy\" src=\"https:\/\/nordnesrepublikken.no\/wp-content\/uploads\/2025\/09\/1757062205_857_Ettersom-F1-kretsen-til-Italia-GP-har-endret-seg.jpg\" alt=\"Monza 2025\" width=\"8192\" height=\"4600\" class=\"js-seedtag-img\"><\/source><\/source><\/picture><\/figure>\n<\/p><\/div>\n<\/p><\/div>\n","protected":false},"excerpt":{"rendered":"<p>Rhombusene til motorene som river freden i parken, den r\u00f8de tidevannet etter Ferrari -seirene og<\/p>\n","protected":false},"author":1,"featured_media":9209,"comment_status":"closed","ping_status":"open","sticky":false,"template":"","format":"standard","meta":{"footnotes":""},"categories":[24],"tags":[95,2870,179,437,4302,96,117],"class_list":["post-9208","post","type-post","status-publish","format-standard","has-post-thumbnail","hentry","category-vitenskap","tag-endret","tag-ettersom","tag-har","tag-italia","tag-kretsen","tag-seg","tag-til","generate-columns","tablet-grid-50","mobile-grid-100","grid-parent","grid-33","resize-featured-image"],"yoast_head":"<!-- This site is optimized with the Yoast SEO plugin v24.4 - https:\/\/yoast.com\/wordpress\/plugins\/seo\/ -->\n<title>Ettersom F1 -kretsen til Italia GP har endret seg - Nordnesrepublikken<\/title>\n<meta name=\"robots\" content=\"index, follow, max-snippet:-1, max-image-preview:large, max-video-preview:-1\" \/>\n<link rel=\"canonical\" href=\"https:\/\/nordnesrepublikken.no\/index.php\/2025\/09\/05\/ettersom-f1-kretsen-til-italia-gp-har-endret-seg\/\" \/>\n<meta property=\"og:locale\" content=\"nb_NO\" \/>\n<meta property=\"og:type\" content=\"article\" \/>\n<meta property=\"og:title\" content=\"Ettersom F1 -kretsen til Italia GP har endret seg - Nordnesrepublikken\" \/>\n<meta property=\"og:description\" content=\"Rhombusene til motorene som river freden i parken, den r\u00f8de tidevannet etter Ferrari -seirene og\" \/>\n<meta property=\"og:url\" content=\"https:\/\/nordnesrepublikken.no\/index.php\/2025\/09\/05\/ettersom-f1-kretsen-til-italia-gp-har-endret-seg\/\" \/>\n<meta property=\"og:site_name\" content=\"Nordnesrepublikken\" \/>\n<meta property=\"article:published_time\" content=\"2025-09-05T08:50:05+00:00\" \/>\n<meta property=\"article:modified_time\" content=\"2025-09-05T08:50:06+00:00\" \/>\n<meta property=\"og:image\" content=\"https:\/\/nordnesrepublikken.no\/wp-content\/uploads\/2025\/09\/1757062206_Ettersom-F1-kretsen-til-Italia-GP-har-endret-seg.jpg\" \/>\n\t<meta property=\"og:image:width\" content=\"851\" \/>\n\t<meta property=\"og:image:height\" content=\"579\" \/>\n\t<meta property=\"og:image:type\" content=\"image\/jpeg\" \/>\n<meta name=\"author\" content=\"Ole Andersen\" \/>\n<meta name=\"twitter:card\" content=\"summary_large_image\" \/>\n<meta name=\"twitter:label1\" content=\"Skrevet av\" \/>\n\t<meta name=\"twitter:data1\" content=\"Ole Andersen\" \/>\n\t<meta name=\"twitter:label2\" content=\"Ansl. lesetid\" \/>\n\t<meta name=\"twitter:data2\" content=\"7 minutter\" \/>\n<script type=\"application\/ld+json\" class=\"yoast-schema-graph\">{\"@context\":\"https:\/\/schema.org\",\"@graph\":[{\"@type\":\"Article\",\"@id\":\"https:\/\/nordnesrepublikken.no\/index.php\/2025\/09\/05\/ettersom-f1-kretsen-til-italia-gp-har-endret-seg\/#article\",\"isPartOf\":{\"@id\":\"https:\/\/nordnesrepublikken.no\/index.php\/2025\/09\/05\/ettersom-f1-kretsen-til-italia-gp-har-endret-seg\/\"},\"author\":{\"name\":\"Ole Andersen\",\"@id\":\"https:\/\/nordnesrepublikken.no\/#\/schema\/person\/2e7e81935bab77882fffb79296240ff1\"},\"headline\":\"Ettersom F1 -kretsen til Italia GP har endret seg\",\"datePublished\":\"2025-09-05T08:50:05+00:00\",\"dateModified\":\"2025-09-05T08:50:06+00:00\",\"mainEntityOfPage\":{\"@id\":\"https:\/\/nordnesrepublikken.no\/index.php\/2025\/09\/05\/ettersom-f1-kretsen-til-italia-gp-har-endret-seg\/\"},\"wordCount\":1400,\"publisher\":{\"@id\":\"https:\/\/nordnesrepublikken.no\/#organization\"},\"image\":{\"@id\":\"https:\/\/nordnesrepublikken.no\/index.php\/2025\/09\/05\/ettersom-f1-kretsen-til-italia-gp-har-endret-seg\/#primaryimage\"},\"thumbnailUrl\":\"https:\/\/nordnesrepublikken.no\/wp-content\/uploads\/2025\/09\/1757062206_Ettersom-F1-kretsen-til-Italia-GP-har-endret-seg.jpg\",\"keywords\":[\"endret\",\"Ettersom\",\"har\",\"Italia\",\"kretsen\",\"seg\",\"til\"],\"articleSection\":[\"Vitenskap\"],\"inLanguage\":\"nb-NO\"},{\"@type\":\"WebPage\",\"@id\":\"https:\/\/nordnesrepublikken.no\/index.php\/2025\/09\/05\/ettersom-f1-kretsen-til-italia-gp-har-endret-seg\/\",\"url\":\"https:\/\/nordnesrepublikken.no\/index.php\/2025\/09\/05\/ettersom-f1-kretsen-til-italia-gp-har-endret-seg\/\",\"name\":\"Ettersom F1 -kretsen til Italia GP har endret seg - Nordnesrepublikken\",\"isPartOf\":{\"@id\":\"https:\/\/nordnesrepublikken.no\/#website\"},\"primaryImageOfPage\":{\"@id\":\"https:\/\/nordnesrepublikken.no\/index.php\/2025\/09\/05\/ettersom-f1-kretsen-til-italia-gp-har-endret-seg\/#primaryimage\"},\"image\":{\"@id\":\"https:\/\/nordnesrepublikken.no\/index.php\/2025\/09\/05\/ettersom-f1-kretsen-til-italia-gp-har-endret-seg\/#primaryimage\"},\"thumbnailUrl\":\"https:\/\/nordnesrepublikken.no\/wp-content\/uploads\/2025\/09\/1757062206_Ettersom-F1-kretsen-til-Italia-GP-har-endret-seg.jpg\",\"datePublished\":\"2025-09-05T08:50:05+00:00\",\"dateModified\":\"2025-09-05T08:50:06+00:00\",\"breadcrumb\":{\"@id\":\"https:\/\/nordnesrepublikken.no\/index.php\/2025\/09\/05\/ettersom-f1-kretsen-til-italia-gp-har-endret-seg\/#breadcrumb\"},\"inLanguage\":\"nb-NO\",\"potentialAction\":[{\"@type\":\"ReadAction\",\"target\":[\"https:\/\/nordnesrepublikken.no\/index.php\/2025\/09\/05\/ettersom-f1-kretsen-til-italia-gp-har-endret-seg\/\"]}]},{\"@type\":\"ImageObject\",\"inLanguage\":\"nb-NO\",\"@id\":\"https:\/\/nordnesrepublikken.no\/index.php\/2025\/09\/05\/ettersom-f1-kretsen-til-italia-gp-har-endret-seg\/#primaryimage\",\"url\":\"https:\/\/nordnesrepublikken.no\/wp-content\/uploads\/2025\/09\/1757062206_Ettersom-F1-kretsen-til-Italia-GP-har-endret-seg.jpg\",\"contentUrl\":\"https:\/\/nordnesrepublikken.no\/wp-content\/uploads\/2025\/09\/1757062206_Ettersom-F1-kretsen-til-Italia-GP-har-endret-seg.jpg\",\"width\":851,\"height\":579,\"caption\":\"Autodromo Monza 1987\"},{\"@type\":\"BreadcrumbList\",\"@id\":\"https:\/\/nordnesrepublikken.no\/index.php\/2025\/09\/05\/ettersom-f1-kretsen-til-italia-gp-har-endret-seg\/#breadcrumb\",\"itemListElement\":[{\"@type\":\"ListItem\",\"position\":1,\"name\":\"Home\",\"item\":\"https:\/\/nordnesrepublikken.no\/\"},{\"@type\":\"ListItem\",\"position\":2,\"name\":\"Ettersom F1 -kretsen til Italia GP har endret seg\"}]},{\"@type\":\"WebSite\",\"@id\":\"https:\/\/nordnesrepublikken.no\/#website\",\"url\":\"https:\/\/nordnesrepublikken.no\/\",\"name\":\"Nordnesrepublikken\",\"description\":\"Stemmer og Visjoner fra Republikkens Hjerte\",\"publisher\":{\"@id\":\"https:\/\/nordnesrepublikken.no\/#organization\"},\"potentialAction\":[{\"@type\":\"SearchAction\",\"target\":{\"@type\":\"EntryPoint\",\"urlTemplate\":\"https:\/\/nordnesrepublikken.no\/?s={search_term_string}\"},\"query-input\":{\"@type\":\"PropertyValueSpecification\",\"valueRequired\":true,\"valueName\":\"search_term_string\"}}],\"inLanguage\":\"nb-NO\"},{\"@type\":\"Organization\",\"@id\":\"https:\/\/nordnesrepublikken.no\/#organization\",\"name\":\"Nordnesrepublikken\",\"url\":\"https:\/\/nordnesrepublikken.no\/\",\"logo\":{\"@type\":\"ImageObject\",\"inLanguage\":\"nb-NO\",\"@id\":\"https:\/\/nordnesrepublikken.no\/#\/schema\/logo\/image\/\",\"url\":\"https:\/\/nordnesrepublikken.no\/wp-content\/uploads\/2025\/02\/cropped-nordnesrepublikken-2.png\",\"contentUrl\":\"https:\/\/nordnesrepublikken.no\/wp-content\/uploads\/2025\/02\/cropped-nordnesrepublikken-2.png\",\"width\":1248,\"height\":362,\"caption\":\"Nordnesrepublikken\"},\"image\":{\"@id\":\"https:\/\/nordnesrepublikken.no\/#\/schema\/logo\/image\/\"}},{\"@type\":\"Person\",\"@id\":\"https:\/\/nordnesrepublikken.no\/#\/schema\/person\/2e7e81935bab77882fffb79296240ff1\",\"name\":\"Ole Andersen\",\"image\":{\"@type\":\"ImageObject\",\"inLanguage\":\"nb-NO\",\"@id\":\"https:\/\/nordnesrepublikken.no\/#\/schema\/person\/image\/\",\"url\":\"https:\/\/nordnesrepublikken.no\/wp-content\/uploads\/2025\/02\/nordnesrepublikken-2-2-150x150.jpg\",\"contentUrl\":\"https:\/\/nordnesrepublikken.no\/wp-content\/uploads\/2025\/02\/nordnesrepublikken-2-2-150x150.jpg\",\"caption\":\"Ole Andersen\"},\"description\":\"Ettersom jeg vokste opp i Oslo, har jeg alltid v\u00e6rt fascinert av ordenes kraft og deres evne til \u00e5 skape endringer. Etter \u00e5 ha fullf\u00f8rt min utdannelse i kommunikasjon ved Universitetet i Bergen, fikk jeg muligheten til \u00e5 jobbe innen ulike medier, der jeg har s\u00f8kt \u00e5 belyse viktige samfunnssp\u00f8rsm\u00e5l. I dag, som redakt\u00f8r for Nordnesrepublikken, pr\u00f8ver jeg \u00e5 forene min kj\u00e6rlighet for journalistikk med min lidenskap for innovasjon og eventyr.\",\"sameAs\":[\"https:\/\/nordnesrepublikken.no\/\"]}]}<\/script>\n<!-- \/ Yoast SEO plugin. -->","yoast_head_json":{"title":"Ettersom F1 -kretsen til Italia GP har endret seg - Nordnesrepublikken","robots":{"index":"index","follow":"follow","max-snippet":"max-snippet:-1","max-image-preview":"max-image-preview:large","max-video-preview":"max-video-preview:-1"},"canonical":"https:\/\/nordnesrepublikken.no\/index.php\/2025\/09\/05\/ettersom-f1-kretsen-til-italia-gp-har-endret-seg\/","og_locale":"nb_NO","og_type":"article","og_title":"Ettersom F1 -kretsen til Italia GP har endret seg - Nordnesrepublikken","og_description":"Rhombusene til motorene som river freden i parken, den r\u00f8de tidevannet etter Ferrari -seirene og","og_url":"https:\/\/nordnesrepublikken.no\/index.php\/2025\/09\/05\/ettersom-f1-kretsen-til-italia-gp-har-endret-seg\/","og_site_name":"Nordnesrepublikken","article_published_time":"2025-09-05T08:50:05+00:00","article_modified_time":"2025-09-05T08:50:06+00:00","og_image":[{"width":851,"height":579,"url":"https:\/\/nordnesrepublikken.no\/wp-content\/uploads\/2025\/09\/1757062206_Ettersom-F1-kretsen-til-Italia-GP-har-endret-seg.jpg","type":"image\/jpeg"}],"author":"Ole Andersen","twitter_card":"summary_large_image","twitter_misc":{"Skrevet av":"Ole Andersen","Ansl. lesetid":"7 minutter"},"schema":{"@context":"https:\/\/schema.org","@graph":[{"@type":"Article","@id":"https:\/\/nordnesrepublikken.no\/index.php\/2025\/09\/05\/ettersom-f1-kretsen-til-italia-gp-har-endret-seg\/#article","isPartOf":{"@id":"https:\/\/nordnesrepublikken.no\/index.php\/2025\/09\/05\/ettersom-f1-kretsen-til-italia-gp-har-endret-seg\/"},"author":{"name":"Ole Andersen","@id":"https:\/\/nordnesrepublikken.no\/#\/schema\/person\/2e7e81935bab77882fffb79296240ff1"},"headline":"Ettersom F1 -kretsen til Italia GP har endret seg","datePublished":"2025-09-05T08:50:05+00:00","dateModified":"2025-09-05T08:50:06+00:00","mainEntityOfPage":{"@id":"https:\/\/nordnesrepublikken.no\/index.php\/2025\/09\/05\/ettersom-f1-kretsen-til-italia-gp-har-endret-seg\/"},"wordCount":1400,"publisher":{"@id":"https:\/\/nordnesrepublikken.no\/#organization"},"image":{"@id":"https:\/\/nordnesrepublikken.no\/index.php\/2025\/09\/05\/ettersom-f1-kretsen-til-italia-gp-har-endret-seg\/#primaryimage"},"thumbnailUrl":"https:\/\/nordnesrepublikken.no\/wp-content\/uploads\/2025\/09\/1757062206_Ettersom-F1-kretsen-til-Italia-GP-har-endret-seg.jpg","keywords":["endret","Ettersom","har","Italia","kretsen","seg","til"],"articleSection":["Vitenskap"],"inLanguage":"nb-NO"},{"@type":"WebPage","@id":"https:\/\/nordnesrepublikken.no\/index.php\/2025\/09\/05\/ettersom-f1-kretsen-til-italia-gp-har-endret-seg\/","url":"https:\/\/nordnesrepublikken.no\/index.php\/2025\/09\/05\/ettersom-f1-kretsen-til-italia-gp-har-endret-seg\/","name":"Ettersom F1 -kretsen til Italia GP har endret seg - Nordnesrepublikken","isPartOf":{"@id":"https:\/\/nordnesrepublikken.no\/#website"},"primaryImageOfPage":{"@id":"https:\/\/nordnesrepublikken.no\/index.php\/2025\/09\/05\/ettersom-f1-kretsen-til-italia-gp-har-endret-seg\/#primaryimage"},"image":{"@id":"https:\/\/nordnesrepublikken.no\/index.php\/2025\/09\/05\/ettersom-f1-kretsen-til-italia-gp-har-endret-seg\/#primaryimage"},"thumbnailUrl":"https:\/\/nordnesrepublikken.no\/wp-content\/uploads\/2025\/09\/1757062206_Ettersom-F1-kretsen-til-Italia-GP-har-endret-seg.jpg","datePublished":"2025-09-05T08:50:05+00:00","dateModified":"2025-09-05T08:50:06+00:00","breadcrumb":{"@id":"https:\/\/nordnesrepublikken.no\/index.php\/2025\/09\/05\/ettersom-f1-kretsen-til-italia-gp-har-endret-seg\/#breadcrumb"},"inLanguage":"nb-NO","potentialAction":[{"@type":"ReadAction","target":["https:\/\/nordnesrepublikken.no\/index.php\/2025\/09\/05\/ettersom-f1-kretsen-til-italia-gp-har-endret-seg\/"]}]},{"@type":"ImageObject","inLanguage":"nb-NO","@id":"https:\/\/nordnesrepublikken.no\/index.php\/2025\/09\/05\/ettersom-f1-kretsen-til-italia-gp-har-endret-seg\/#primaryimage","url":"https:\/\/nordnesrepublikken.no\/wp-content\/uploads\/2025\/09\/1757062206_Ettersom-F1-kretsen-til-Italia-GP-har-endret-seg.jpg","contentUrl":"https:\/\/nordnesrepublikken.no\/wp-content\/uploads\/2025\/09\/1757062206_Ettersom-F1-kretsen-til-Italia-GP-har-endret-seg.jpg","width":851,"height":579,"caption":"Autodromo Monza 1987"},{"@type":"BreadcrumbList","@id":"https:\/\/nordnesrepublikken.no\/index.php\/2025\/09\/05\/ettersom-f1-kretsen-til-italia-gp-har-endret-seg\/#breadcrumb","itemListElement":[{"@type":"ListItem","position":1,"name":"Home","item":"https:\/\/nordnesrepublikken.no\/"},{"@type":"ListItem","position":2,"name":"Ettersom F1 -kretsen til Italia GP har endret seg"}]},{"@type":"WebSite","@id":"https:\/\/nordnesrepublikken.no\/#website","url":"https:\/\/nordnesrepublikken.no\/","name":"Nordnesrepublikken","description":"Stemmer og Visjoner fra Republikkens Hjerte","publisher":{"@id":"https:\/\/nordnesrepublikken.no\/#organization"},"potentialAction":[{"@type":"SearchAction","target":{"@type":"EntryPoint","urlTemplate":"https:\/\/nordnesrepublikken.no\/?s={search_term_string}"},"query-input":{"@type":"PropertyValueSpecification","valueRequired":true,"valueName":"search_term_string"}}],"inLanguage":"nb-NO"},{"@type":"Organization","@id":"https:\/\/nordnesrepublikken.no\/#organization","name":"Nordnesrepublikken","url":"https:\/\/nordnesrepublikken.no\/","logo":{"@type":"ImageObject","inLanguage":"nb-NO","@id":"https:\/\/nordnesrepublikken.no\/#\/schema\/logo\/image\/","url":"https:\/\/nordnesrepublikken.no\/wp-content\/uploads\/2025\/02\/cropped-nordnesrepublikken-2.png","contentUrl":"https:\/\/nordnesrepublikken.no\/wp-content\/uploads\/2025\/02\/cropped-nordnesrepublikken-2.png","width":1248,"height":362,"caption":"Nordnesrepublikken"},"image":{"@id":"https:\/\/nordnesrepublikken.no\/#\/schema\/logo\/image\/"}},{"@type":"Person","@id":"https:\/\/nordnesrepublikken.no\/#\/schema\/person\/2e7e81935bab77882fffb79296240ff1","name":"Ole Andersen","image":{"@type":"ImageObject","inLanguage":"nb-NO","@id":"https:\/\/nordnesrepublikken.no\/#\/schema\/person\/image\/","url":"https:\/\/nordnesrepublikken.no\/wp-content\/uploads\/2025\/02\/nordnesrepublikken-2-2-150x150.jpg","contentUrl":"https:\/\/nordnesrepublikken.no\/wp-content\/uploads\/2025\/02\/nordnesrepublikken-2-2-150x150.jpg","caption":"Ole Andersen"},"description":"Ettersom jeg vokste opp i Oslo, har jeg alltid v\u00e6rt fascinert av ordenes kraft og deres evne til \u00e5 skape endringer. Etter \u00e5 ha fullf\u00f8rt min utdannelse i kommunikasjon ved Universitetet i Bergen, fikk jeg muligheten til \u00e5 jobbe innen ulike medier, der jeg har s\u00f8kt \u00e5 belyse viktige samfunnssp\u00f8rsm\u00e5l. I dag, som redakt\u00f8r for Nordnesrepublikken, pr\u00f8ver jeg \u00e5 forene min kj\u00e6rlighet for journalistikk med min lidenskap for innovasjon og eventyr.","sameAs":["https:\/\/nordnesrepublikken.no\/"]}]}},"_links":{"self":[{"href":"https:\/\/nordnesrepublikken.no\/index.php\/wp-json\/wp\/v2\/posts\/9208","targetHints":{"allow":["GET"]}}],"collection":[{"href":"https:\/\/nordnesrepublikken.no\/index.php\/wp-json\/wp\/v2\/posts"}],"about":[{"href":"https:\/\/nordnesrepublikken.no\/index.php\/wp-json\/wp\/v2\/types\/post"}],"author":[{"embeddable":true,"href":"https:\/\/nordnesrepublikken.no\/index.php\/wp-json\/wp\/v2\/users\/1"}],"replies":[{"embeddable":true,"href":"https:\/\/nordnesrepublikken.no\/index.php\/wp-json\/wp\/v2\/comments?post=9208"}],"version-history":[{"count":1,"href":"https:\/\/nordnesrepublikken.no\/index.php\/wp-json\/wp\/v2\/posts\/9208\/revisions"}],"predecessor-version":[{"id":9210,"href":"https:\/\/nordnesrepublikken.no\/index.php\/wp-json\/wp\/v2\/posts\/9208\/revisions\/9210"}],"wp:featuredmedia":[{"embeddable":true,"href":"https:\/\/nordnesrepublikken.no\/index.php\/wp-json\/wp\/v2\/media\/9209"}],"wp:attachment":[{"href":"https:\/\/nordnesrepublikken.no\/index.php\/wp-json\/wp\/v2\/media?parent=9208"}],"wp:term":[{"taxonomy":"category","embeddable":true,"href":"https:\/\/nordnesrepublikken.no\/index.php\/wp-json\/wp\/v2\/categories?post=9208"},{"taxonomy":"post_tag","embeddable":true,"href":"https:\/\/nordnesrepublikken.no\/index.php\/wp-json\/wp\/v2\/tags?post=9208"}],"curies":[{"name":"wp","href":"https:\/\/api.w.org\/{rel}","templated":true}]}}