{"id":9188,"date":"2025-09-06T09:00:00","date_gmt":"2025-09-06T07:00:00","guid":{"rendered":"https:\/\/nordnesrepublikken.no\/?p=9188"},"modified":"2025-09-05T09:18:17","modified_gmt":"2025-09-05T07:18:17","slug":"ikke-fjern-de-forste-visne-bladene-denne-enkle-gesten-styrker-plantene-dine-hele-hosten","status":"publish","type":"post","link":"https:\/\/nordnesrepublikken.no\/index.php\/2025\/09\/06\/ikke-fjern-de-forste-visne-bladene-denne-enkle-gesten-styrker-plantene-dine-hele-hosten\/","title":{"rendered":"Ikke fjern de f\u00f8rste visne bladene \u2013 denne enkle gesten styrker plantene dine hele h\u00f8sten"},"content":{"rendered":"\n<p><strong><em>N\u00e5r de f\u00f8rste bladene daler ned p\u00e5 plenen eller i blomsterbedet i slutten av august eller begynnelsen av september, er det mange som instinktivt griper riven. Men det kan v\u00e6re lurt \u00e5 la naturen gj\u00f8re jobben sin. Et tynt teppe av blader kan faktisk bli en naturlig ressurs som sparer b\u00e5de tid, vann og energi gjennom h\u00f8stsesongen.<\/em><\/strong><\/p>\n\n\n\n<!--more-->\n\n\n\n<h2 class=\"wp-block-heading\">De f\u00f8rste bladene \u2013 en skjult skatt i hagen<\/h2>\n\n\n\n<p>Det er lett \u00e5 tenke at h\u00f8sten markerer starten p\u00e5 den store oppryddingen. Men om du rydder for tidlig, mister du et gratis bidrag til jordens helse. De f\u00f8rste bladene som faller, s\u00e6rlig under hekker eller langs kantbed, fungerer som et <strong>beskyttende dekke<\/strong> som hjelper hagen til \u00e5 beholde fuktighet og et stabilt mikroklima.<\/p>\n\n\n\n<h2 class=\"wp-block-heading\">Hvorfor du ikke b\u00f8r fjerne dem for tidlig<\/h2>\n\n\n\n<p>N\u00e5r bladene f\u00e5r ligge, fungerer de som et <strong>naturlig jorddekke<\/strong>. De holder p\u00e5 fuktighet, gir ly til meitemark og sm\u00e5dyr, og brytes gradvis ned til n\u00e6ring for <a href=\"https:\/\/nordnesrepublikken.no\/index.php\/2025\/05\/22\/det-fremmede-insektet-pa-plantene-i-milano\/\"><strong><span style=\"text-decoration: underline;\">plantene<\/span><\/strong><\/a>. I tillegg skjermer laget mot temperatursvingninger som kan stresse r\u00f8tter og unge planter. Resultatet er et bed som holder seg gr\u00f8nnere og friskere lengre utover h\u00f8sten.<\/p>\n\n\n\n<h2 class=\"wp-block-heading\">Bladenes fordeler for jorden<\/h2>\n\n\n\n<p>Et bladlag starter en syklus som gir liv i jorden. Nedbrytingen skaper humus, tiltrekker flere meitemark og gj\u00f8r jorden l\u00f8s og n\u00e6ringsrik. Mange gartnere opplever at dette enkle grepet gir et <strong>mer robust \u00f8kosystem<\/strong> i bedene \u2013 perfekt for h\u00f8stplanting eller stauder som krever mindre vanning.<\/p>\n\n\n\n<h2 class=\"wp-block-heading\">Myten om at blader kveler plantene<\/h2>\n\n\n\n<p>Mange frykter at blader p\u00e5 bakken \u00abkveler\u00bb plenen eller buskene. I moderate mengder skjer det motsatte: de beskytter og fremmer luftgjennomstr\u00f8mming. Hageforskere, blant annet ved <strong>Royal Horticultural Society (RHS)<\/strong> i Storbritannia, understreker at blader som f\u00e5r ligge i et tynt lag, bidrar til sunn jord og f\u00e6rre temperatursjokk\u00b9.<\/p>\n\n\n\n<h2 class=\"wp-block-heading\">Slik lager du et effektivt bladdekke<\/h2>\n\n\n\n<p>Det handler ikke om \u00e5 la alt ligge hulter til bulter. Velg blader fra tr\u00e6r som eik, lind eller l\u00f8nn, og unng\u00e5 blader fra valn\u00f8tt eller hestekastanje, som brytes saktere ned. Spre et lag p\u00e5 5\u20138 cm mellom planter, men unng\u00e5 \u00e5 dekke selve rothalsen. Vil du forsterke effekten, kan du blande inn litt <strong>t\u00f8rr gressklipp<\/strong> eller ferdig kompost. Det gir en balanse mellom karbon (bladene) og nitrogen (gress\/kompost) som f\u00e5r nedbrytningen til \u00e5 g\u00e5 raskere.<\/p>\n\n\n\n<h2 class=\"wp-block-heading\">Mindre vanning, mer blomstring<\/h2>\n\n\n\n<p>Et bladdekke fungerer som en <strong>fuktighetsbuffer<\/strong>. Jorden holder bedre p\u00e5 vannet, og behovet for hyppig vanning synker betraktelig. Mange hageeiere merker ogs\u00e5 at blomstringen forlenges, og at plantene fremst\u00e5r mer vitale utover h\u00f8sten. I tillegg demper bladlaget fremvekst av ugress, slik at du kan bruke mindre tid p\u00e5 luking.<\/p>\n\n\n\n<h2 class=\"wp-block-heading\">Viktig for dyrelivet i hagen<\/h2>\n\n\n\n<p>Visste du at et teppe av blader kan v\u00e6re livreddende for sm\u00e5dyr? <a href=\"https:\/\/nordnesrepublikken.no\/index.php\/2025\/08\/14\/topp-10-insekter-med-kortest-levetid\/\"><strong><em><span style=\"text-decoration: underline;\">Insekter<\/span><\/em><\/strong><\/a>, pinnsvin og marih\u00f8ner finner skjul og n\u00e6ring her gjennom kalde netter. P\u00e5 den m\u00e5ten gj\u00f8r du hagen til et lite fristed for <strong>biodiversitet<\/strong>, selv i urbane str\u00f8k.<\/p>\n\n\n\n<h2 class=\"wp-block-heading\">En enkel vane som gir resultater<\/h2>\n\n\n\n<p>\u00c5 la de f\u00f8rste bladene ligge er et lavterskelgrep som gir tydelige resultater \u00e5r etter \u00e5r. Du f\u00e5r friskere bed, mer levende jord og en hage som jobber med deg, ikke mot deg. Den eneste feilen du b\u00f8r unng\u00e5, er \u00e5 la bladene hope seg opp i for tykke lag eller \u00e5 bruke blader som er syke.<\/p>\n\n\n\n<p>Neste gang h\u00f8stvinden dekker plenen, kan du la riven hvile litt. Det er naturens egen m\u00e5te \u00e5 hjelpe deg til en mer b\u00e6rekraftig, vakker og <strong>selvg\u00e5ende hage<\/strong>.<\/p>\n","protected":false},"excerpt":{"rendered":"<p>N\u00e5r de f\u00f8rste bladene daler ned p\u00e5 plenen eller i blomsterbedet i slutten av august<\/p>\n","protected":false},"author":4,"featured_media":9190,"comment_status":"closed","ping_status":"open","sticky":false,"template":"","format":"standard","meta":{"footnotes":""},"categories":[1287],"tags":[],"class_list":["post-9188","post","type-post","status-publish","format-standard","has-post-thumbnail","hentry","category-nyheter","generate-columns","tablet-grid-50","mobile-grid-100","grid-parent","grid-33","resize-featured-image"],"yoast_head":"<!-- This site is optimized with the Yoast SEO plugin v24.4 - https:\/\/yoast.com\/wordpress\/plugins\/seo\/ -->\n<title>Ikke fjern de f\u00f8rste visne bladene \u2013 denne enkle gesten styrker plantene dine hele h\u00f8sten - Nordnesrepublikken<\/title>\n<meta name=\"robots\" content=\"index, follow, max-snippet:-1, max-image-preview:large, max-video-preview:-1\" \/>\n<link rel=\"canonical\" href=\"https:\/\/nordnesrepublikken.no\/index.php\/2025\/09\/06\/ikke-fjern-de-forste-visne-bladene-denne-enkle-gesten-styrker-plantene-dine-hele-hosten\/\" \/>\n<meta property=\"og:locale\" content=\"nb_NO\" \/>\n<meta property=\"og:type\" content=\"article\" \/>\n<meta property=\"og:title\" content=\"Ikke fjern de f\u00f8rste visne bladene \u2013 denne enkle gesten styrker plantene dine hele h\u00f8sten - Nordnesrepublikken\" \/>\n<meta property=\"og:description\" content=\"N\u00e5r de f\u00f8rste bladene daler ned p\u00e5 plenen eller i blomsterbedet i slutten av august\" \/>\n<meta property=\"og:url\" content=\"https:\/\/nordnesrepublikken.no\/index.php\/2025\/09\/06\/ikke-fjern-de-forste-visne-bladene-denne-enkle-gesten-styrker-plantene-dine-hele-hosten\/\" \/>\n<meta property=\"og:site_name\" content=\"Nordnesrepublikken\" \/>\n<meta property=\"article:published_time\" content=\"2025-09-06T07:00:00+00:00\" \/>\n<meta property=\"og:image\" content=\"https:\/\/nordnesrepublikken.no\/wp-content\/uploads\/2025\/09\/image-4.jpg\" \/>\n\t<meta property=\"og:image:width\" content=\"1200\" \/>\n\t<meta property=\"og:image:height\" content=\"800\" \/>\n\t<meta property=\"og:image:type\" content=\"image\/jpeg\" \/>\n<meta name=\"author\" content=\"Erik Dahlgren\" \/>\n<meta name=\"twitter:card\" content=\"summary_large_image\" \/>\n<meta name=\"twitter:label1\" content=\"Skrevet av\" \/>\n\t<meta name=\"twitter:data1\" content=\"Erik Dahlgren\" \/>\n\t<meta name=\"twitter:label2\" content=\"Ansl. lesetid\" \/>\n\t<meta name=\"twitter:data2\" content=\"4 minutter\" \/>\n<script type=\"application\/ld+json\" class=\"yoast-schema-graph\">{\"@context\":\"https:\/\/schema.org\",\"@graph\":[{\"@type\":\"Article\",\"@id\":\"https:\/\/nordnesrepublikken.no\/index.php\/2025\/09\/06\/ikke-fjern-de-forste-visne-bladene-denne-enkle-gesten-styrker-plantene-dine-hele-hosten\/#article\",\"isPartOf\":{\"@id\":\"https:\/\/nordnesrepublikken.no\/index.php\/2025\/09\/06\/ikke-fjern-de-forste-visne-bladene-denne-enkle-gesten-styrker-plantene-dine-hele-hosten\/\"},\"author\":{\"name\":\"Erik Dahlgren\",\"@id\":\"https:\/\/nordnesrepublikken.no\/#\/schema\/person\/84c306b32f7a22b4f294a8756f3fde65\"},\"headline\":\"Ikke fjern de f\u00f8rste visne bladene \u2013 denne enkle gesten styrker plantene dine hele h\u00f8sten\",\"datePublished\":\"2025-09-06T07:00:00+00:00\",\"mainEntityOfPage\":{\"@id\":\"https:\/\/nordnesrepublikken.no\/index.php\/2025\/09\/06\/ikke-fjern-de-forste-visne-bladene-denne-enkle-gesten-styrker-plantene-dine-hele-hosten\/\"},\"wordCount\":606,\"publisher\":{\"@id\":\"https:\/\/nordnesrepublikken.no\/#organization\"},\"image\":{\"@id\":\"https:\/\/nordnesrepublikken.no\/index.php\/2025\/09\/06\/ikke-fjern-de-forste-visne-bladene-denne-enkle-gesten-styrker-plantene-dine-hele-hosten\/#primaryimage\"},\"thumbnailUrl\":\"https:\/\/nordnesrepublikken.no\/wp-content\/uploads\/2025\/09\/image-4.jpg\",\"articleSection\":[\"Nyheter\"],\"inLanguage\":\"nb-NO\"},{\"@type\":\"WebPage\",\"@id\":\"https:\/\/nordnesrepublikken.no\/index.php\/2025\/09\/06\/ikke-fjern-de-forste-visne-bladene-denne-enkle-gesten-styrker-plantene-dine-hele-hosten\/\",\"url\":\"https:\/\/nordnesrepublikken.no\/index.php\/2025\/09\/06\/ikke-fjern-de-forste-visne-bladene-denne-enkle-gesten-styrker-plantene-dine-hele-hosten\/\",\"name\":\"Ikke fjern de f\u00f8rste visne bladene \u2013 denne enkle gesten styrker plantene dine hele h\u00f8sten - Nordnesrepublikken\",\"isPartOf\":{\"@id\":\"https:\/\/nordnesrepublikken.no\/#website\"},\"primaryImageOfPage\":{\"@id\":\"https:\/\/nordnesrepublikken.no\/index.php\/2025\/09\/06\/ikke-fjern-de-forste-visne-bladene-denne-enkle-gesten-styrker-plantene-dine-hele-hosten\/#primaryimage\"},\"image\":{\"@id\":\"https:\/\/nordnesrepublikken.no\/index.php\/2025\/09\/06\/ikke-fjern-de-forste-visne-bladene-denne-enkle-gesten-styrker-plantene-dine-hele-hosten\/#primaryimage\"},\"thumbnailUrl\":\"https:\/\/nordnesrepublikken.no\/wp-content\/uploads\/2025\/09\/image-4.jpg\",\"datePublished\":\"2025-09-06T07:00:00+00:00\",\"breadcrumb\":{\"@id\":\"https:\/\/nordnesrepublikken.no\/index.php\/2025\/09\/06\/ikke-fjern-de-forste-visne-bladene-denne-enkle-gesten-styrker-plantene-dine-hele-hosten\/#breadcrumb\"},\"inLanguage\":\"nb-NO\",\"potentialAction\":[{\"@type\":\"ReadAction\",\"target\":[\"https:\/\/nordnesrepublikken.no\/index.php\/2025\/09\/06\/ikke-fjern-de-forste-visne-bladene-denne-enkle-gesten-styrker-plantene-dine-hele-hosten\/\"]}]},{\"@type\":\"ImageObject\",\"inLanguage\":\"nb-NO\",\"@id\":\"https:\/\/nordnesrepublikken.no\/index.php\/2025\/09\/06\/ikke-fjern-de-forste-visne-bladene-denne-enkle-gesten-styrker-plantene-dine-hele-hosten\/#primaryimage\",\"url\":\"https:\/\/nordnesrepublikken.no\/wp-content\/uploads\/2025\/09\/image-4.jpg\",\"contentUrl\":\"https:\/\/nordnesrepublikken.no\/wp-content\/uploads\/2025\/09\/image-4.jpg\",\"width\":1200,\"height\":800,\"caption\":\"Ikke fjern de f\u00f8rste visne bladene \u2013 denne enkle gesten styrker plantene dine hele h\u00f8sten\"},{\"@type\":\"BreadcrumbList\",\"@id\":\"https:\/\/nordnesrepublikken.no\/index.php\/2025\/09\/06\/ikke-fjern-de-forste-visne-bladene-denne-enkle-gesten-styrker-plantene-dine-hele-hosten\/#breadcrumb\",\"itemListElement\":[{\"@type\":\"ListItem\",\"position\":1,\"name\":\"Home\",\"item\":\"https:\/\/nordnesrepublikken.no\/\"},{\"@type\":\"ListItem\",\"position\":2,\"name\":\"Ikke fjern de f\u00f8rste visne bladene \u2013 denne enkle gesten styrker plantene dine hele h\u00f8sten\"}]},{\"@type\":\"WebSite\",\"@id\":\"https:\/\/nordnesrepublikken.no\/#website\",\"url\":\"https:\/\/nordnesrepublikken.no\/\",\"name\":\"Nordnesrepublikken\",\"description\":\"Stemmer og Visjoner fra Republikkens Hjerte\",\"publisher\":{\"@id\":\"https:\/\/nordnesrepublikken.no\/#organization\"},\"potentialAction\":[{\"@type\":\"SearchAction\",\"target\":{\"@type\":\"EntryPoint\",\"urlTemplate\":\"https:\/\/nordnesrepublikken.no\/?s={search_term_string}\"},\"query-input\":{\"@type\":\"PropertyValueSpecification\",\"valueRequired\":true,\"valueName\":\"search_term_string\"}}],\"inLanguage\":\"nb-NO\"},{\"@type\":\"Organization\",\"@id\":\"https:\/\/nordnesrepublikken.no\/#organization\",\"name\":\"Nordnesrepublikken\",\"url\":\"https:\/\/nordnesrepublikken.no\/\",\"logo\":{\"@type\":\"ImageObject\",\"inLanguage\":\"nb-NO\",\"@id\":\"https:\/\/nordnesrepublikken.no\/#\/schema\/logo\/image\/\",\"url\":\"https:\/\/nordnesrepublikken.no\/wp-content\/uploads\/2025\/02\/cropped-nordnesrepublikken-2.png\",\"contentUrl\":\"https:\/\/nordnesrepublikken.no\/wp-content\/uploads\/2025\/02\/cropped-nordnesrepublikken-2.png\",\"width\":1248,\"height\":362,\"caption\":\"Nordnesrepublikken\"},\"image\":{\"@id\":\"https:\/\/nordnesrepublikken.no\/#\/schema\/logo\/image\/\"}},{\"@type\":\"Person\",\"@id\":\"https:\/\/nordnesrepublikken.no\/#\/schema\/person\/84c306b32f7a22b4f294a8756f3fde65\",\"name\":\"Erik Dahlgren\",\"image\":{\"@type\":\"ImageObject\",\"inLanguage\":\"nb-NO\",\"@id\":\"https:\/\/nordnesrepublikken.no\/#\/schema\/person\/image\/\",\"url\":\"https:\/\/nordnesrepublikken.no\/wp-content\/uploads\/2025\/07\/Capture-decran-2025-07-31-a-15.22.01-150x150.png\",\"contentUrl\":\"https:\/\/nordnesrepublikken.no\/wp-content\/uploads\/2025\/07\/Capture-decran-2025-07-31-a-15.22.01-150x150.png\",\"caption\":\"Erik Dahlgren\"},\"description\":\"Erik Dahlgren er en allsidig journalist med base i Oslo, spesialisert p\u00e5 hus, hage og b\u00e6rekraftige boformer. Han kombinerer praktiske guider for byhager og interi\u00f8r med dypere milj\u00f8journalistikk og reportasjer. Med et tilgjengelig, engasjerende spr\u00e5k bidrar han til \u00e5 inspirere b\u00e5de huseiere og milj\u00f8bevisste lesere.\"}]}<\/script>\n<!-- \/ Yoast SEO plugin. -->","yoast_head_json":{"title":"Ikke fjern de f\u00f8rste visne bladene \u2013 denne enkle gesten styrker plantene dine hele h\u00f8sten - Nordnesrepublikken","robots":{"index":"index","follow":"follow","max-snippet":"max-snippet:-1","max-image-preview":"max-image-preview:large","max-video-preview":"max-video-preview:-1"},"canonical":"https:\/\/nordnesrepublikken.no\/index.php\/2025\/09\/06\/ikke-fjern-de-forste-visne-bladene-denne-enkle-gesten-styrker-plantene-dine-hele-hosten\/","og_locale":"nb_NO","og_type":"article","og_title":"Ikke fjern de f\u00f8rste visne bladene \u2013 denne enkle gesten styrker plantene dine hele h\u00f8sten - Nordnesrepublikken","og_description":"N\u00e5r de f\u00f8rste bladene daler ned p\u00e5 plenen eller i blomsterbedet i slutten av august","og_url":"https:\/\/nordnesrepublikken.no\/index.php\/2025\/09\/06\/ikke-fjern-de-forste-visne-bladene-denne-enkle-gesten-styrker-plantene-dine-hele-hosten\/","og_site_name":"Nordnesrepublikken","article_published_time":"2025-09-06T07:00:00+00:00","og_image":[{"width":1200,"height":800,"url":"https:\/\/nordnesrepublikken.no\/wp-content\/uploads\/2025\/09\/image-4.jpg","type":"image\/jpeg"}],"author":"Erik Dahlgren","twitter_card":"summary_large_image","twitter_misc":{"Skrevet av":"Erik Dahlgren","Ansl. lesetid":"4 minutter"},"schema":{"@context":"https:\/\/schema.org","@graph":[{"@type":"Article","@id":"https:\/\/nordnesrepublikken.no\/index.php\/2025\/09\/06\/ikke-fjern-de-forste-visne-bladene-denne-enkle-gesten-styrker-plantene-dine-hele-hosten\/#article","isPartOf":{"@id":"https:\/\/nordnesrepublikken.no\/index.php\/2025\/09\/06\/ikke-fjern-de-forste-visne-bladene-denne-enkle-gesten-styrker-plantene-dine-hele-hosten\/"},"author":{"name":"Erik Dahlgren","@id":"https:\/\/nordnesrepublikken.no\/#\/schema\/person\/84c306b32f7a22b4f294a8756f3fde65"},"headline":"Ikke fjern de f\u00f8rste visne bladene \u2013 denne enkle gesten styrker plantene dine hele h\u00f8sten","datePublished":"2025-09-06T07:00:00+00:00","mainEntityOfPage":{"@id":"https:\/\/nordnesrepublikken.no\/index.php\/2025\/09\/06\/ikke-fjern-de-forste-visne-bladene-denne-enkle-gesten-styrker-plantene-dine-hele-hosten\/"},"wordCount":606,"publisher":{"@id":"https:\/\/nordnesrepublikken.no\/#organization"},"image":{"@id":"https:\/\/nordnesrepublikken.no\/index.php\/2025\/09\/06\/ikke-fjern-de-forste-visne-bladene-denne-enkle-gesten-styrker-plantene-dine-hele-hosten\/#primaryimage"},"thumbnailUrl":"https:\/\/nordnesrepublikken.no\/wp-content\/uploads\/2025\/09\/image-4.jpg","articleSection":["Nyheter"],"inLanguage":"nb-NO"},{"@type":"WebPage","@id":"https:\/\/nordnesrepublikken.no\/index.php\/2025\/09\/06\/ikke-fjern-de-forste-visne-bladene-denne-enkle-gesten-styrker-plantene-dine-hele-hosten\/","url":"https:\/\/nordnesrepublikken.no\/index.php\/2025\/09\/06\/ikke-fjern-de-forste-visne-bladene-denne-enkle-gesten-styrker-plantene-dine-hele-hosten\/","name":"Ikke fjern de f\u00f8rste visne bladene \u2013 denne enkle gesten styrker plantene dine hele h\u00f8sten - Nordnesrepublikken","isPartOf":{"@id":"https:\/\/nordnesrepublikken.no\/#website"},"primaryImageOfPage":{"@id":"https:\/\/nordnesrepublikken.no\/index.php\/2025\/09\/06\/ikke-fjern-de-forste-visne-bladene-denne-enkle-gesten-styrker-plantene-dine-hele-hosten\/#primaryimage"},"image":{"@id":"https:\/\/nordnesrepublikken.no\/index.php\/2025\/09\/06\/ikke-fjern-de-forste-visne-bladene-denne-enkle-gesten-styrker-plantene-dine-hele-hosten\/#primaryimage"},"thumbnailUrl":"https:\/\/nordnesrepublikken.no\/wp-content\/uploads\/2025\/09\/image-4.jpg","datePublished":"2025-09-06T07:00:00+00:00","breadcrumb":{"@id":"https:\/\/nordnesrepublikken.no\/index.php\/2025\/09\/06\/ikke-fjern-de-forste-visne-bladene-denne-enkle-gesten-styrker-plantene-dine-hele-hosten\/#breadcrumb"},"inLanguage":"nb-NO","potentialAction":[{"@type":"ReadAction","target":["https:\/\/nordnesrepublikken.no\/index.php\/2025\/09\/06\/ikke-fjern-de-forste-visne-bladene-denne-enkle-gesten-styrker-plantene-dine-hele-hosten\/"]}]},{"@type":"ImageObject","inLanguage":"nb-NO","@id":"https:\/\/nordnesrepublikken.no\/index.php\/2025\/09\/06\/ikke-fjern-de-forste-visne-bladene-denne-enkle-gesten-styrker-plantene-dine-hele-hosten\/#primaryimage","url":"https:\/\/nordnesrepublikken.no\/wp-content\/uploads\/2025\/09\/image-4.jpg","contentUrl":"https:\/\/nordnesrepublikken.no\/wp-content\/uploads\/2025\/09\/image-4.jpg","width":1200,"height":800,"caption":"Ikke fjern de f\u00f8rste visne bladene \u2013 denne enkle gesten styrker plantene dine hele h\u00f8sten"},{"@type":"BreadcrumbList","@id":"https:\/\/nordnesrepublikken.no\/index.php\/2025\/09\/06\/ikke-fjern-de-forste-visne-bladene-denne-enkle-gesten-styrker-plantene-dine-hele-hosten\/#breadcrumb","itemListElement":[{"@type":"ListItem","position":1,"name":"Home","item":"https:\/\/nordnesrepublikken.no\/"},{"@type":"ListItem","position":2,"name":"Ikke fjern de f\u00f8rste visne bladene \u2013 denne enkle gesten styrker plantene dine hele h\u00f8sten"}]},{"@type":"WebSite","@id":"https:\/\/nordnesrepublikken.no\/#website","url":"https:\/\/nordnesrepublikken.no\/","name":"Nordnesrepublikken","description":"Stemmer og Visjoner fra Republikkens Hjerte","publisher":{"@id":"https:\/\/nordnesrepublikken.no\/#organization"},"potentialAction":[{"@type":"SearchAction","target":{"@type":"EntryPoint","urlTemplate":"https:\/\/nordnesrepublikken.no\/?s={search_term_string}"},"query-input":{"@type":"PropertyValueSpecification","valueRequired":true,"valueName":"search_term_string"}}],"inLanguage":"nb-NO"},{"@type":"Organization","@id":"https:\/\/nordnesrepublikken.no\/#organization","name":"Nordnesrepublikken","url":"https:\/\/nordnesrepublikken.no\/","logo":{"@type":"ImageObject","inLanguage":"nb-NO","@id":"https:\/\/nordnesrepublikken.no\/#\/schema\/logo\/image\/","url":"https:\/\/nordnesrepublikken.no\/wp-content\/uploads\/2025\/02\/cropped-nordnesrepublikken-2.png","contentUrl":"https:\/\/nordnesrepublikken.no\/wp-content\/uploads\/2025\/02\/cropped-nordnesrepublikken-2.png","width":1248,"height":362,"caption":"Nordnesrepublikken"},"image":{"@id":"https:\/\/nordnesrepublikken.no\/#\/schema\/logo\/image\/"}},{"@type":"Person","@id":"https:\/\/nordnesrepublikken.no\/#\/schema\/person\/84c306b32f7a22b4f294a8756f3fde65","name":"Erik Dahlgren","image":{"@type":"ImageObject","inLanguage":"nb-NO","@id":"https:\/\/nordnesrepublikken.no\/#\/schema\/person\/image\/","url":"https:\/\/nordnesrepublikken.no\/wp-content\/uploads\/2025\/07\/Capture-decran-2025-07-31-a-15.22.01-150x150.png","contentUrl":"https:\/\/nordnesrepublikken.no\/wp-content\/uploads\/2025\/07\/Capture-decran-2025-07-31-a-15.22.01-150x150.png","caption":"Erik Dahlgren"},"description":"Erik Dahlgren er en allsidig journalist med base i Oslo, spesialisert p\u00e5 hus, hage og b\u00e6rekraftige boformer. Han kombinerer praktiske guider for byhager og interi\u00f8r med dypere milj\u00f8journalistikk og reportasjer. Med et tilgjengelig, engasjerende spr\u00e5k bidrar han til \u00e5 inspirere b\u00e5de huseiere og milj\u00f8bevisste lesere."}]}},"_links":{"self":[{"href":"https:\/\/nordnesrepublikken.no\/index.php\/wp-json\/wp\/v2\/posts\/9188","targetHints":{"allow":["GET"]}}],"collection":[{"href":"https:\/\/nordnesrepublikken.no\/index.php\/wp-json\/wp\/v2\/posts"}],"about":[{"href":"https:\/\/nordnesrepublikken.no\/index.php\/wp-json\/wp\/v2\/types\/post"}],"author":[{"embeddable":true,"href":"https:\/\/nordnesrepublikken.no\/index.php\/wp-json\/wp\/v2\/users\/4"}],"replies":[{"embeddable":true,"href":"https:\/\/nordnesrepublikken.no\/index.php\/wp-json\/wp\/v2\/comments?post=9188"}],"version-history":[{"count":1,"href":"https:\/\/nordnesrepublikken.no\/index.php\/wp-json\/wp\/v2\/posts\/9188\/revisions"}],"predecessor-version":[{"id":9191,"href":"https:\/\/nordnesrepublikken.no\/index.php\/wp-json\/wp\/v2\/posts\/9188\/revisions\/9191"}],"wp:featuredmedia":[{"embeddable":true,"href":"https:\/\/nordnesrepublikken.no\/index.php\/wp-json\/wp\/v2\/media\/9190"}],"wp:attachment":[{"href":"https:\/\/nordnesrepublikken.no\/index.php\/wp-json\/wp\/v2\/media?parent=9188"}],"wp:term":[{"taxonomy":"category","embeddable":true,"href":"https:\/\/nordnesrepublikken.no\/index.php\/wp-json\/wp\/v2\/categories?post=9188"},{"taxonomy":"post_tag","embeddable":true,"href":"https:\/\/nordnesrepublikken.no\/index.php\/wp-json\/wp\/v2\/tags?post=9188"}],"curies":[{"name":"wp","href":"https:\/\/api.w.org\/{rel}","templated":true}]}}