{"id":9184,"date":"2025-09-06T08:00:00","date_gmt":"2025-09-06T06:00:00","guid":{"rendered":"https:\/\/nordnesrepublikken.no\/?p=9184"},"modified":"2025-09-05T09:10:58","modified_gmt":"2025-09-05T07:10:58","slug":"ekspertene-avslorer-dette-ma-du-absolutt-gjore-i-hagen-i-september","status":"publish","type":"post","link":"https:\/\/nordnesrepublikken.no\/index.php\/2025\/09\/06\/ekspertene-avslorer-dette-ma-du-absolutt-gjore-i-hagen-i-september\/","title":{"rendered":"Ekspertene avsl\u00f8rer: dette m\u00e5 du absolutt gj\u00f8re i hagen i september"},"content":{"rendered":"\n<p><strong><em>Etter en lang sommer kan hagen trenge litt ekstra omsorg for \u00e5 m\u00f8te h\u00f8sten p\u00e5 best mulig m\u00e5te. I september er det fortsatt mulig \u00e5 h\u00f8ste gr\u00f8nnsaker, men samtidig b\u00f8r man forberede bedene for de kj\u00f8ligere m\u00e5nedene. If\u00f8lge hageeksperter finnes det ett spesielt tiltak som er viktigere enn de fleste andre akkurat n\u00e5.<\/em><\/strong><\/p>\n\n\n\n<!--more-->\n\n\n\n<h2 class=\"wp-block-heading\">Hvilket grep m\u00e5 du ta f\u00f8r september er over?<\/h2>\n\n\n\n<p>\u2013 September er den ideelle tiden for \u00e5 <strong>fjerne ugress<\/strong>, sier landskapsarkitekt Harry Bodell i en uttalelse til Express UK. Selv om temperaturene synker, betyr ikke det at hagen skal settes p\u00e5 pause. \u00abMed litt enkel forberedelse n\u00e5 f\u00e5r du en sunnere og penere hage gjennom h\u00f8sten,\u00bb forklarer han.<\/p>\n\n\n\n<p><strong><em><a href=\"https:\/\/nordnesrepublikken.no\/index.php\/2025\/08\/02\/slik-blir-du-kvitt-ugresset-pa-naturlig-vis\/\"><span style=\"text-decoration: underline;\">Ugress<\/span><\/a> <\/em><\/strong>sprer seg raskt p\u00e5 denne tiden av \u00e5ret. Problemet er at de sm\u00e5 plantene <strong>stjeler vann og n\u00e6ring<\/strong> fra b\u00e5de blomster og gr\u00f8nnsaker. I tillegg kan de kvele r\u00f8tter og tiltrekke seg skadedyr som lett sprer seg i jorden.<\/p>\n\n\n\n<h2 class=\"wp-block-heading\">Hvordan fjerne ugress p\u00e5 riktig m\u00e5te?<\/h2>\n\n\n\n<p>Selv om det kan virke tungvint, er manuell luking den mest effektive metoden. Mange gartnere sverger til en <strong>ugresskniv<\/strong> eller en liten h\u00e5ndgriffe for \u00e5 l\u00f8sne r\u00f8ttene. Trikset er \u00e5 ta det bit for bit, sone for sone, i stedet for \u00e5 pr\u00f8ve \u00e5 rydde hele hagen p\u00e5 en gang.<\/p>\n\n\n\n<p>Et annet viktig tiltak er \u00e5 <strong>bine<\/strong> jevnlig \u2013 alts\u00e5 \u00e5 bryte opp jordskorpen som dannes p\u00e5 overflaten. Etter luking kan det l\u00f8nne seg \u00e5 legge p\u00e5 et lag med <strong>dekke (muld eller bark)<\/strong>. Dette hindrer lys i \u00e5 n\u00e5 bakken, noe som reduserer ugressveksten og samtidig beskytter jorden mot kulde.<\/p>\n\n\n\n<p>Eksperter anbefaler \u00e5 holde seg til manuelle <a href=\"https:\/\/nordnesrepublikken.no\/index.php\/2025\/04\/14\/hunder-klarer-a-lukte-kreft-men-er-mindre-noyaktige-og-praktiske-enn-tradisjonelle-metoder\/\"><span style=\"text-decoration: underline;\"><em><strong>metoder<\/strong><\/em><\/span> <\/a>fremfor kjemiske midler, b\u00e5de av hensyn til milj\u00f8et og til plantenes trivsel.<\/p>\n\n\n<div class=\"wp-block-image\">\n<figure class=\"aligncenter size-large\"><img loading=\"lazy\" decoding=\"async\" width=\"1024\" height=\"682\" src=\"https:\/\/nordnesrepublikken.no\/wp-content\/uploads\/2025\/09\/dette-ma-du-absolutt-gjore-i-hagen-i-september-1024x682.jpg\" alt=\"dette m\u00e5 du absolutt gj\u00f8re i hagen i september\" class=\"wp-image-9186\" srcset=\"https:\/\/nordnesrepublikken.no\/wp-content\/uploads\/2025\/09\/dette-ma-du-absolutt-gjore-i-hagen-i-september-1024x682.jpg 1024w, https:\/\/nordnesrepublikken.no\/wp-content\/uploads\/2025\/09\/dette-ma-du-absolutt-gjore-i-hagen-i-september-300x200.jpg 300w, https:\/\/nordnesrepublikken.no\/wp-content\/uploads\/2025\/09\/dette-ma-du-absolutt-gjore-i-hagen-i-september-768x511.jpg 768w, https:\/\/nordnesrepublikken.no\/wp-content\/uploads\/2025\/09\/dette-ma-du-absolutt-gjore-i-hagen-i-september.jpg 1200w\" sizes=\"auto, (max-width: 1024px) 100vw, 1024px\" \/><\/figure><\/div>\n\n\n<p><\/p>\n\n\n\n<h2 class=\"wp-block-heading\">Sm\u00e5 tiltak som gir stor effekt<\/h2>\n\n\n\n<p>I tillegg til \u00e5 luke ugress, oppfordrer Bodell til \u00e5 fjerne <strong>visne blomster<\/strong>. Det h\u00f8res kanskje ut som pirk, men det stimulerer faktisk plantene til \u00e5 blomstre videre. Samtidig bidrar det til bedre luftgjennomstr\u00f8mming og reduserer risikoen for sopp og skadedyr.<\/p>\n\n\n\n<p>Disse enkle rutinene tar ikke n\u00f8dvendigvis lang tid, men de kan v\u00e6re avgj\u00f8rende for \u00e5 holde hagen frisk og innbydende \u2013 ogs\u00e5 n\u00e5r h\u00f8stluften blir kaldere.<\/p>\n","protected":false},"excerpt":{"rendered":"<p>Etter en lang sommer kan hagen trenge litt ekstra omsorg for \u00e5 m\u00f8te h\u00f8sten p\u00e5<\/p>\n","protected":false},"author":4,"featured_media":9185,"comment_status":"closed","ping_status":"open","sticky":false,"template":"","format":"standard","meta":{"footnotes":""},"categories":[1287],"tags":[],"class_list":["post-9184","post","type-post","status-publish","format-standard","has-post-thumbnail","hentry","category-nyheter","generate-columns","tablet-grid-50","mobile-grid-100","grid-parent","grid-33","resize-featured-image"],"yoast_head":"<!-- This site is optimized with the Yoast SEO plugin v24.4 - https:\/\/yoast.com\/wordpress\/plugins\/seo\/ -->\n<title>Ekspertene avsl\u00f8rer: dette m\u00e5 du absolutt gj\u00f8re i hagen i september - Nordnesrepublikken<\/title>\n<meta name=\"robots\" content=\"index, follow, max-snippet:-1, max-image-preview:large, max-video-preview:-1\" \/>\n<link rel=\"canonical\" href=\"https:\/\/nordnesrepublikken.no\/index.php\/2025\/09\/06\/ekspertene-avslorer-dette-ma-du-absolutt-gjore-i-hagen-i-september\/\" \/>\n<meta property=\"og:locale\" content=\"nb_NO\" \/>\n<meta property=\"og:type\" content=\"article\" \/>\n<meta property=\"og:title\" content=\"Ekspertene avsl\u00f8rer: dette m\u00e5 du absolutt gj\u00f8re i hagen i september - Nordnesrepublikken\" \/>\n<meta property=\"og:description\" content=\"Etter en lang sommer kan hagen trenge litt ekstra omsorg for \u00e5 m\u00f8te h\u00f8sten p\u00e5\" \/>\n<meta property=\"og:url\" content=\"https:\/\/nordnesrepublikken.no\/index.php\/2025\/09\/06\/ekspertene-avslorer-dette-ma-du-absolutt-gjore-i-hagen-i-september\/\" \/>\n<meta property=\"og:site_name\" content=\"Nordnesrepublikken\" \/>\n<meta property=\"article:published_time\" content=\"2025-09-06T06:00:00+00:00\" \/>\n<meta property=\"og:image\" content=\"https:\/\/nordnesrepublikken.no\/wp-content\/uploads\/2025\/09\/image-2.jpg\" \/>\n\t<meta property=\"og:image:width\" content=\"1200\" \/>\n\t<meta property=\"og:image:height\" content=\"800\" \/>\n\t<meta property=\"og:image:type\" content=\"image\/jpeg\" \/>\n<meta name=\"author\" content=\"Erik Dahlgren\" \/>\n<meta name=\"twitter:card\" content=\"summary_large_image\" \/>\n<meta name=\"twitter:label1\" content=\"Skrevet av\" \/>\n\t<meta name=\"twitter:data1\" content=\"Erik Dahlgren\" \/>\n\t<meta name=\"twitter:label2\" content=\"Ansl. lesetid\" \/>\n\t<meta name=\"twitter:data2\" content=\"3 minutter\" \/>\n<script type=\"application\/ld+json\" class=\"yoast-schema-graph\">{\"@context\":\"https:\/\/schema.org\",\"@graph\":[{\"@type\":\"Article\",\"@id\":\"https:\/\/nordnesrepublikken.no\/index.php\/2025\/09\/06\/ekspertene-avslorer-dette-ma-du-absolutt-gjore-i-hagen-i-september\/#article\",\"isPartOf\":{\"@id\":\"https:\/\/nordnesrepublikken.no\/index.php\/2025\/09\/06\/ekspertene-avslorer-dette-ma-du-absolutt-gjore-i-hagen-i-september\/\"},\"author\":{\"name\":\"Erik Dahlgren\",\"@id\":\"https:\/\/nordnesrepublikken.no\/#\/schema\/person\/84c306b32f7a22b4f294a8756f3fde65\"},\"headline\":\"Ekspertene avsl\u00f8rer: dette m\u00e5 du absolutt gj\u00f8re i hagen i september\",\"datePublished\":\"2025-09-06T06:00:00+00:00\",\"mainEntityOfPage\":{\"@id\":\"https:\/\/nordnesrepublikken.no\/index.php\/2025\/09\/06\/ekspertene-avslorer-dette-ma-du-absolutt-gjore-i-hagen-i-september\/\"},\"wordCount\":376,\"publisher\":{\"@id\":\"https:\/\/nordnesrepublikken.no\/#organization\"},\"image\":{\"@id\":\"https:\/\/nordnesrepublikken.no\/index.php\/2025\/09\/06\/ekspertene-avslorer-dette-ma-du-absolutt-gjore-i-hagen-i-september\/#primaryimage\"},\"thumbnailUrl\":\"https:\/\/nordnesrepublikken.no\/wp-content\/uploads\/2025\/09\/image-2.jpg\",\"articleSection\":[\"Nyheter\"],\"inLanguage\":\"nb-NO\"},{\"@type\":\"WebPage\",\"@id\":\"https:\/\/nordnesrepublikken.no\/index.php\/2025\/09\/06\/ekspertene-avslorer-dette-ma-du-absolutt-gjore-i-hagen-i-september\/\",\"url\":\"https:\/\/nordnesrepublikken.no\/index.php\/2025\/09\/06\/ekspertene-avslorer-dette-ma-du-absolutt-gjore-i-hagen-i-september\/\",\"name\":\"Ekspertene avsl\u00f8rer: dette m\u00e5 du absolutt gj\u00f8re i hagen i september - Nordnesrepublikken\",\"isPartOf\":{\"@id\":\"https:\/\/nordnesrepublikken.no\/#website\"},\"primaryImageOfPage\":{\"@id\":\"https:\/\/nordnesrepublikken.no\/index.php\/2025\/09\/06\/ekspertene-avslorer-dette-ma-du-absolutt-gjore-i-hagen-i-september\/#primaryimage\"},\"image\":{\"@id\":\"https:\/\/nordnesrepublikken.no\/index.php\/2025\/09\/06\/ekspertene-avslorer-dette-ma-du-absolutt-gjore-i-hagen-i-september\/#primaryimage\"},\"thumbnailUrl\":\"https:\/\/nordnesrepublikken.no\/wp-content\/uploads\/2025\/09\/image-2.jpg\",\"datePublished\":\"2025-09-06T06:00:00+00:00\",\"breadcrumb\":{\"@id\":\"https:\/\/nordnesrepublikken.no\/index.php\/2025\/09\/06\/ekspertene-avslorer-dette-ma-du-absolutt-gjore-i-hagen-i-september\/#breadcrumb\"},\"inLanguage\":\"nb-NO\",\"potentialAction\":[{\"@type\":\"ReadAction\",\"target\":[\"https:\/\/nordnesrepublikken.no\/index.php\/2025\/09\/06\/ekspertene-avslorer-dette-ma-du-absolutt-gjore-i-hagen-i-september\/\"]}]},{\"@type\":\"ImageObject\",\"inLanguage\":\"nb-NO\",\"@id\":\"https:\/\/nordnesrepublikken.no\/index.php\/2025\/09\/06\/ekspertene-avslorer-dette-ma-du-absolutt-gjore-i-hagen-i-september\/#primaryimage\",\"url\":\"https:\/\/nordnesrepublikken.no\/wp-content\/uploads\/2025\/09\/image-2.jpg\",\"contentUrl\":\"https:\/\/nordnesrepublikken.no\/wp-content\/uploads\/2025\/09\/image-2.jpg\",\"width\":1200,\"height\":800,\"caption\":\"Ekspertene avsl\u00f8rer: dette m\u00e5 du absolutt gj\u00f8re i hagen i september\"},{\"@type\":\"BreadcrumbList\",\"@id\":\"https:\/\/nordnesrepublikken.no\/index.php\/2025\/09\/06\/ekspertene-avslorer-dette-ma-du-absolutt-gjore-i-hagen-i-september\/#breadcrumb\",\"itemListElement\":[{\"@type\":\"ListItem\",\"position\":1,\"name\":\"Home\",\"item\":\"https:\/\/nordnesrepublikken.no\/\"},{\"@type\":\"ListItem\",\"position\":2,\"name\":\"Ekspertene avsl\u00f8rer: dette m\u00e5 du absolutt gj\u00f8re i hagen i september\"}]},{\"@type\":\"WebSite\",\"@id\":\"https:\/\/nordnesrepublikken.no\/#website\",\"url\":\"https:\/\/nordnesrepublikken.no\/\",\"name\":\"Nordnesrepublikken\",\"description\":\"Stemmer og Visjoner fra Republikkens Hjerte\",\"publisher\":{\"@id\":\"https:\/\/nordnesrepublikken.no\/#organization\"},\"potentialAction\":[{\"@type\":\"SearchAction\",\"target\":{\"@type\":\"EntryPoint\",\"urlTemplate\":\"https:\/\/nordnesrepublikken.no\/?s={search_term_string}\"},\"query-input\":{\"@type\":\"PropertyValueSpecification\",\"valueRequired\":true,\"valueName\":\"search_term_string\"}}],\"inLanguage\":\"nb-NO\"},{\"@type\":\"Organization\",\"@id\":\"https:\/\/nordnesrepublikken.no\/#organization\",\"name\":\"Nordnesrepublikken\",\"url\":\"https:\/\/nordnesrepublikken.no\/\",\"logo\":{\"@type\":\"ImageObject\",\"inLanguage\":\"nb-NO\",\"@id\":\"https:\/\/nordnesrepublikken.no\/#\/schema\/logo\/image\/\",\"url\":\"https:\/\/nordnesrepublikken.no\/wp-content\/uploads\/2025\/02\/cropped-nordnesrepublikken-2.png\",\"contentUrl\":\"https:\/\/nordnesrepublikken.no\/wp-content\/uploads\/2025\/02\/cropped-nordnesrepublikken-2.png\",\"width\":1248,\"height\":362,\"caption\":\"Nordnesrepublikken\"},\"image\":{\"@id\":\"https:\/\/nordnesrepublikken.no\/#\/schema\/logo\/image\/\"}},{\"@type\":\"Person\",\"@id\":\"https:\/\/nordnesrepublikken.no\/#\/schema\/person\/84c306b32f7a22b4f294a8756f3fde65\",\"name\":\"Erik Dahlgren\",\"image\":{\"@type\":\"ImageObject\",\"inLanguage\":\"nb-NO\",\"@id\":\"https:\/\/nordnesrepublikken.no\/#\/schema\/person\/image\/\",\"url\":\"https:\/\/nordnesrepublikken.no\/wp-content\/uploads\/2025\/07\/Capture-decran-2025-07-31-a-15.22.01-150x150.png\",\"contentUrl\":\"https:\/\/nordnesrepublikken.no\/wp-content\/uploads\/2025\/07\/Capture-decran-2025-07-31-a-15.22.01-150x150.png\",\"caption\":\"Erik Dahlgren\"},\"description\":\"Erik Dahlgren er en allsidig journalist med base i Oslo, spesialisert p\u00e5 hus, hage og b\u00e6rekraftige boformer. Han kombinerer praktiske guider for byhager og interi\u00f8r med dypere milj\u00f8journalistikk og reportasjer. Med et tilgjengelig, engasjerende spr\u00e5k bidrar han til \u00e5 inspirere b\u00e5de huseiere og milj\u00f8bevisste lesere.\"}]}<\/script>\n<!-- \/ Yoast SEO plugin. -->","yoast_head_json":{"title":"Ekspertene avsl\u00f8rer: dette m\u00e5 du absolutt gj\u00f8re i hagen i september - Nordnesrepublikken","robots":{"index":"index","follow":"follow","max-snippet":"max-snippet:-1","max-image-preview":"max-image-preview:large","max-video-preview":"max-video-preview:-1"},"canonical":"https:\/\/nordnesrepublikken.no\/index.php\/2025\/09\/06\/ekspertene-avslorer-dette-ma-du-absolutt-gjore-i-hagen-i-september\/","og_locale":"nb_NO","og_type":"article","og_title":"Ekspertene avsl\u00f8rer: dette m\u00e5 du absolutt gj\u00f8re i hagen i september - Nordnesrepublikken","og_description":"Etter en lang sommer kan hagen trenge litt ekstra omsorg for \u00e5 m\u00f8te h\u00f8sten p\u00e5","og_url":"https:\/\/nordnesrepublikken.no\/index.php\/2025\/09\/06\/ekspertene-avslorer-dette-ma-du-absolutt-gjore-i-hagen-i-september\/","og_site_name":"Nordnesrepublikken","article_published_time":"2025-09-06T06:00:00+00:00","og_image":[{"width":1200,"height":800,"url":"https:\/\/nordnesrepublikken.no\/wp-content\/uploads\/2025\/09\/image-2.jpg","type":"image\/jpeg"}],"author":"Erik Dahlgren","twitter_card":"summary_large_image","twitter_misc":{"Skrevet av":"Erik Dahlgren","Ansl. lesetid":"3 minutter"},"schema":{"@context":"https:\/\/schema.org","@graph":[{"@type":"Article","@id":"https:\/\/nordnesrepublikken.no\/index.php\/2025\/09\/06\/ekspertene-avslorer-dette-ma-du-absolutt-gjore-i-hagen-i-september\/#article","isPartOf":{"@id":"https:\/\/nordnesrepublikken.no\/index.php\/2025\/09\/06\/ekspertene-avslorer-dette-ma-du-absolutt-gjore-i-hagen-i-september\/"},"author":{"name":"Erik Dahlgren","@id":"https:\/\/nordnesrepublikken.no\/#\/schema\/person\/84c306b32f7a22b4f294a8756f3fde65"},"headline":"Ekspertene avsl\u00f8rer: dette m\u00e5 du absolutt gj\u00f8re i hagen i september","datePublished":"2025-09-06T06:00:00+00:00","mainEntityOfPage":{"@id":"https:\/\/nordnesrepublikken.no\/index.php\/2025\/09\/06\/ekspertene-avslorer-dette-ma-du-absolutt-gjore-i-hagen-i-september\/"},"wordCount":376,"publisher":{"@id":"https:\/\/nordnesrepublikken.no\/#organization"},"image":{"@id":"https:\/\/nordnesrepublikken.no\/index.php\/2025\/09\/06\/ekspertene-avslorer-dette-ma-du-absolutt-gjore-i-hagen-i-september\/#primaryimage"},"thumbnailUrl":"https:\/\/nordnesrepublikken.no\/wp-content\/uploads\/2025\/09\/image-2.jpg","articleSection":["Nyheter"],"inLanguage":"nb-NO"},{"@type":"WebPage","@id":"https:\/\/nordnesrepublikken.no\/index.php\/2025\/09\/06\/ekspertene-avslorer-dette-ma-du-absolutt-gjore-i-hagen-i-september\/","url":"https:\/\/nordnesrepublikken.no\/index.php\/2025\/09\/06\/ekspertene-avslorer-dette-ma-du-absolutt-gjore-i-hagen-i-september\/","name":"Ekspertene avsl\u00f8rer: dette m\u00e5 du absolutt gj\u00f8re i hagen i september - Nordnesrepublikken","isPartOf":{"@id":"https:\/\/nordnesrepublikken.no\/#website"},"primaryImageOfPage":{"@id":"https:\/\/nordnesrepublikken.no\/index.php\/2025\/09\/06\/ekspertene-avslorer-dette-ma-du-absolutt-gjore-i-hagen-i-september\/#primaryimage"},"image":{"@id":"https:\/\/nordnesrepublikken.no\/index.php\/2025\/09\/06\/ekspertene-avslorer-dette-ma-du-absolutt-gjore-i-hagen-i-september\/#primaryimage"},"thumbnailUrl":"https:\/\/nordnesrepublikken.no\/wp-content\/uploads\/2025\/09\/image-2.jpg","datePublished":"2025-09-06T06:00:00+00:00","breadcrumb":{"@id":"https:\/\/nordnesrepublikken.no\/index.php\/2025\/09\/06\/ekspertene-avslorer-dette-ma-du-absolutt-gjore-i-hagen-i-september\/#breadcrumb"},"inLanguage":"nb-NO","potentialAction":[{"@type":"ReadAction","target":["https:\/\/nordnesrepublikken.no\/index.php\/2025\/09\/06\/ekspertene-avslorer-dette-ma-du-absolutt-gjore-i-hagen-i-september\/"]}]},{"@type":"ImageObject","inLanguage":"nb-NO","@id":"https:\/\/nordnesrepublikken.no\/index.php\/2025\/09\/06\/ekspertene-avslorer-dette-ma-du-absolutt-gjore-i-hagen-i-september\/#primaryimage","url":"https:\/\/nordnesrepublikken.no\/wp-content\/uploads\/2025\/09\/image-2.jpg","contentUrl":"https:\/\/nordnesrepublikken.no\/wp-content\/uploads\/2025\/09\/image-2.jpg","width":1200,"height":800,"caption":"Ekspertene avsl\u00f8rer: dette m\u00e5 du absolutt gj\u00f8re i hagen i september"},{"@type":"BreadcrumbList","@id":"https:\/\/nordnesrepublikken.no\/index.php\/2025\/09\/06\/ekspertene-avslorer-dette-ma-du-absolutt-gjore-i-hagen-i-september\/#breadcrumb","itemListElement":[{"@type":"ListItem","position":1,"name":"Home","item":"https:\/\/nordnesrepublikken.no\/"},{"@type":"ListItem","position":2,"name":"Ekspertene avsl\u00f8rer: dette m\u00e5 du absolutt gj\u00f8re i hagen i september"}]},{"@type":"WebSite","@id":"https:\/\/nordnesrepublikken.no\/#website","url":"https:\/\/nordnesrepublikken.no\/","name":"Nordnesrepublikken","description":"Stemmer og Visjoner fra Republikkens Hjerte","publisher":{"@id":"https:\/\/nordnesrepublikken.no\/#organization"},"potentialAction":[{"@type":"SearchAction","target":{"@type":"EntryPoint","urlTemplate":"https:\/\/nordnesrepublikken.no\/?s={search_term_string}"},"query-input":{"@type":"PropertyValueSpecification","valueRequired":true,"valueName":"search_term_string"}}],"inLanguage":"nb-NO"},{"@type":"Organization","@id":"https:\/\/nordnesrepublikken.no\/#organization","name":"Nordnesrepublikken","url":"https:\/\/nordnesrepublikken.no\/","logo":{"@type":"ImageObject","inLanguage":"nb-NO","@id":"https:\/\/nordnesrepublikken.no\/#\/schema\/logo\/image\/","url":"https:\/\/nordnesrepublikken.no\/wp-content\/uploads\/2025\/02\/cropped-nordnesrepublikken-2.png","contentUrl":"https:\/\/nordnesrepublikken.no\/wp-content\/uploads\/2025\/02\/cropped-nordnesrepublikken-2.png","width":1248,"height":362,"caption":"Nordnesrepublikken"},"image":{"@id":"https:\/\/nordnesrepublikken.no\/#\/schema\/logo\/image\/"}},{"@type":"Person","@id":"https:\/\/nordnesrepublikken.no\/#\/schema\/person\/84c306b32f7a22b4f294a8756f3fde65","name":"Erik Dahlgren","image":{"@type":"ImageObject","inLanguage":"nb-NO","@id":"https:\/\/nordnesrepublikken.no\/#\/schema\/person\/image\/","url":"https:\/\/nordnesrepublikken.no\/wp-content\/uploads\/2025\/07\/Capture-decran-2025-07-31-a-15.22.01-150x150.png","contentUrl":"https:\/\/nordnesrepublikken.no\/wp-content\/uploads\/2025\/07\/Capture-decran-2025-07-31-a-15.22.01-150x150.png","caption":"Erik Dahlgren"},"description":"Erik Dahlgren er en allsidig journalist med base i Oslo, spesialisert p\u00e5 hus, hage og b\u00e6rekraftige boformer. Han kombinerer praktiske guider for byhager og interi\u00f8r med dypere milj\u00f8journalistikk og reportasjer. Med et tilgjengelig, engasjerende spr\u00e5k bidrar han til \u00e5 inspirere b\u00e5de huseiere og milj\u00f8bevisste lesere."}]}},"_links":{"self":[{"href":"https:\/\/nordnesrepublikken.no\/index.php\/wp-json\/wp\/v2\/posts\/9184","targetHints":{"allow":["GET"]}}],"collection":[{"href":"https:\/\/nordnesrepublikken.no\/index.php\/wp-json\/wp\/v2\/posts"}],"about":[{"href":"https:\/\/nordnesrepublikken.no\/index.php\/wp-json\/wp\/v2\/types\/post"}],"author":[{"embeddable":true,"href":"https:\/\/nordnesrepublikken.no\/index.php\/wp-json\/wp\/v2\/users\/4"}],"replies":[{"embeddable":true,"href":"https:\/\/nordnesrepublikken.no\/index.php\/wp-json\/wp\/v2\/comments?post=9184"}],"version-history":[{"count":1,"href":"https:\/\/nordnesrepublikken.no\/index.php\/wp-json\/wp\/v2\/posts\/9184\/revisions"}],"predecessor-version":[{"id":9187,"href":"https:\/\/nordnesrepublikken.no\/index.php\/wp-json\/wp\/v2\/posts\/9184\/revisions\/9187"}],"wp:featuredmedia":[{"embeddable":true,"href":"https:\/\/nordnesrepublikken.no\/index.php\/wp-json\/wp\/v2\/media\/9185"}],"wp:attachment":[{"href":"https:\/\/nordnesrepublikken.no\/index.php\/wp-json\/wp\/v2\/media?parent=9184"}],"wp:term":[{"taxonomy":"category","embeddable":true,"href":"https:\/\/nordnesrepublikken.no\/index.php\/wp-json\/wp\/v2\/categories?post=9184"},{"taxonomy":"post_tag","embeddable":true,"href":"https:\/\/nordnesrepublikken.no\/index.php\/wp-json\/wp\/v2\/tags?post=9184"}],"curies":[{"name":"wp","href":"https:\/\/api.w.org\/{rel}","templated":true}]}}