{"id":9178,"date":"2025-09-05T03:49:36","date_gmt":"2025-09-05T01:49:36","guid":{"rendered":"https:\/\/nordnesrepublikken.no\/index.php\/2025\/09\/05\/fordi-fluer-er-lettere-a-ta-i-fjellet\/"},"modified":"2025-09-05T03:49:37","modified_gmt":"2025-09-05T01:49:37","slug":"fordi-fluer-er-lettere-a-ta-i-fjellet","status":"publish","type":"post","link":"https:\/\/nordnesrepublikken.no\/index.php\/2025\/09\/05\/fordi-fluer-er-lettere-a-ta-i-fjellet\/","title":{"rendered":"Fordi fluer er lettere \u00e5 ta i fjellet"},"content":{"rendered":"<div>\n<div class=\"cp_wrapper cp_wrapper--fw mb-30 mb-20@tablet\">\n<figure class=\"mm\"><picture class=\"img\" style=\"padding-top:56.25%\"><source  media=\"(min-width: 1024px)\"><source  media=\"(min-width: 768px)\"><\/source><\/source><\/picture><\/figure>\n<\/p><\/div>\n<p>De som klatrer opp i fjellene, merker snart en nysgjerrig detalj: fluene virker mindre l\u00f8snet, nesten kl\u00f8nete. Det er ikke et inntrykk: <strong>I h\u00f8yden reagerer fluene virkelig saktere<\/strong>. For \u00e5 bremse det er settet med skarp kald, tynn luft og redusert oksygen. Frostet stivner musklene som f\u00e5r dem til \u00e5 fly saktere, den sjeldnere luften p\u00e5 fjellet <strong>svekker rytmen av vingene<\/strong> Og den lille oksygenering fjerner energi fra kroppen. Visuell persepsjon p\u00e5virkes ogs\u00e5 av h\u00f8yden, med konsekvenser som forklarer hvorfor de blir lettere \u00e5 fange.<\/p>\n<h2>Fangst av fluer og klimaet i fjellet<\/h2>\n<p>Vi vet alle: det er kaldere p\u00e5 fjellet. Faktisk faktisk, faktisk<strong> temperaturen synker raskt, <\/strong>I gjennomsnitt<strong> 6 \u00b0 C for hver kilometer <\/strong>h\u00f8yde. N\u00e5r du g\u00e5r opp fra dalbunnen opp til 4000 meter, synker temperaturen tydelig, et termisk sprang som ligner p\u00e5 hva det ville m\u00f8te ved \u00e5 reise i tusenvis av kilometer til polare regioner. For en flue, som avhenger av det ytre klimaet for \u00e5 regulere metabolismen, representerer denne kulden en konkret utfordring: ved disse temperaturene, i<strong> Muskler av fluene &laquo;Stivner&raquo;<\/strong>s\u00f8rg for at de beveger seg saktere til en <strong>temperatur p\u00e5 18 \u00b0 C<\/strong>. I tillegg er kjemiske reaksjoner som mater flyet for \u00e5 miste effektiviteten.<\/p>\n<h2>I stor h\u00f8yde er luften mindre tett<\/h2>\n<p>Det er ikke bare kulden som skaper problemer. Luften, mens du klatrer, avkj\u00f8les ikke bare, men <strong>Det blir ogs\u00e5 mindre tett<\/strong>. P\u00e5 4000 meter er faktisk det delvise trykket omtrent halvparten av havniv\u00e5et. Vingene m\u00e5 derfor utf\u00f8re en<strong> stort arbeid <\/strong>\u00c5 generere det samme <strong>l\u00f8fte<\/strong>. Noen alpine insekter, for eksempel bomber, har utviklede vinger og flystrategier som tillater ekstraordin\u00e6r ytelse selv i h\u00f8yder h\u00f8yere enn Everest. De vanlige slettene flyr imidlertid, <strong>De har ikke disse energireservene<\/strong> Og i stor h\u00f8yde virker de mer kl\u00f8nete.<\/p>\n<div class=\"cp_wrapper cp_wrapper--fw mb-50\">\n<figure class=\"mm\"><picture class=\"img\" style=\"padding-top:66.458333333333%\"><source  media=\"(min-width: 1024px)\"><source  media=\"(min-width: 768px)\"><img decoding=\"async\" loading=\"lazy\" src=\"https:\/\/nordnesrepublikken.no\/wp-content\/uploads\/2025\/09\/1757036976_326_Fordi-fluer-er-lettere-a-ta-i-fjellet.jpg\" alt=\"Bilde\" width=\"2400\" height=\"1595\"><\/source><\/source><\/picture><\/figure>\n<\/p><\/div>\n<h2>Den sjeldne luften gj\u00f8r oksygenering komplisert<\/h2>\n<p>Flyet krever en<strong>enorm mengde oksygen<\/strong>: I noen f\u00e5 \u00f8yeblikk som skiller hvile fra start, kan forbruket \u00f8ke opptil hundre ganger. Allerede<strong>oksygen i stor h\u00f8yde avtar<\/strong>men fremfor alt, med sjelden luft, diffusjon av oksygen i vevene <strong>blir tregere <\/strong>Og musklene kan ikke fungere p\u00e5 det meste. Eksperimenter utf\u00f8rt p\u00e5 <em>Drosophila<\/em>av Dillon og teamet hans i 2006 av <em>University of Washington<\/em>viser at under forhold som ligner p\u00e5 de store toppene, l<strong>Og fluer g\u00e5r saktere<\/strong> Og de n\u00f8ler ofte med \u00e5 ta av. Det er ikke manglende evne, men et tvangsvalg fra milj\u00f8et: under vanskelige forhold <strong>Spar energi<\/strong>begrenser raske bevegelser.<\/p>\n<h2>Moser i fjellet ser og reagerer med mer langsomhet<\/h2>\n<p>Til slutt p\u00e5virker h\u00f8yden ogs\u00e5 synet av fluene, deres viktigste forsvarsverkt\u00f8y. De er i stand til \u00e5 oppfatte bevegelsen av en h\u00e5nd som n\u00e6rmer seg i br\u00f8kdeler av andre, takket v\u00e6re et veldig kraftig visuelt system. Men<strong> Lyskvalitet<\/strong>lave temperaturer og stress <strong>De reduserer hastigheten <\/strong>som denne informasjonen blir behandlet med. F\u00f8lsomheten for visse farger, for eksempel bl\u00e5, varierer ogs\u00e5 i henhold til milj\u00f8et og temperaturen. I stor h\u00f8yde er resultatet en <strong>mindre lynreaksjon<\/strong> Og en margin til for de som pr\u00f8ver \u00e5 fange dem.<\/p>\n<\/p><\/div>\n","protected":false},"excerpt":{"rendered":"<p>De som klatrer opp i fjellene, merker snart en nysgjerrig detalj: fluene virker mindre l\u00f8snet,<\/p>\n","protected":false},"author":1,"featured_media":9179,"comment_status":"closed","ping_status":"open","sticky":false,"template":"","format":"standard","meta":{"footnotes":""},"categories":[24],"tags":[338,6023,83,2866],"class_list":["post-9178","post","type-post","status-publish","format-standard","has-post-thumbnail","hentry","category-vitenskap","tag-fjellet","tag-fluer","tag-fordi","tag-lettere","generate-columns","tablet-grid-50","mobile-grid-100","grid-parent","grid-33","resize-featured-image"],"yoast_head":"<!-- This site is optimized with the Yoast SEO plugin v24.4 - https:\/\/yoast.com\/wordpress\/plugins\/seo\/ -->\n<title>Fordi fluer er lettere \u00e5 ta i fjellet - Nordnesrepublikken<\/title>\n<meta name=\"robots\" content=\"index, follow, max-snippet:-1, max-image-preview:large, max-video-preview:-1\" \/>\n<link rel=\"canonical\" href=\"https:\/\/nordnesrepublikken.no\/index.php\/2025\/09\/05\/fordi-fluer-er-lettere-a-ta-i-fjellet\/\" \/>\n<meta property=\"og:locale\" content=\"nb_NO\" \/>\n<meta property=\"og:type\" content=\"article\" \/>\n<meta property=\"og:title\" content=\"Fordi fluer er lettere \u00e5 ta i fjellet - Nordnesrepublikken\" \/>\n<meta property=\"og:description\" content=\"De som klatrer opp i fjellene, merker snart en nysgjerrig detalj: fluene virker mindre l\u00f8snet,\" \/>\n<meta property=\"og:url\" content=\"https:\/\/nordnesrepublikken.no\/index.php\/2025\/09\/05\/fordi-fluer-er-lettere-a-ta-i-fjellet\/\" \/>\n<meta property=\"og:site_name\" content=\"Nordnesrepublikken\" \/>\n<meta property=\"article:published_time\" content=\"2025-09-05T01:49:36+00:00\" \/>\n<meta property=\"article:modified_time\" content=\"2025-09-05T01:49:37+00:00\" \/>\n<meta property=\"og:image\" content=\"https:\/\/nordnesrepublikken.no\/wp-content\/uploads\/2025\/09\/Fordi-fluer-er-lettere-a-ta-i-fjellet.jpg\" \/>\n\t<meta property=\"og:image:width\" content=\"1280\" \/>\n\t<meta property=\"og:image:height\" content=\"720\" \/>\n\t<meta property=\"og:image:type\" content=\"image\/jpeg\" \/>\n<meta name=\"author\" content=\"Ole Andersen\" \/>\n<meta name=\"twitter:card\" content=\"summary_large_image\" \/>\n<meta name=\"twitter:label1\" content=\"Skrevet av\" \/>\n\t<meta name=\"twitter:data1\" content=\"Ole Andersen\" \/>\n\t<meta name=\"twitter:label2\" content=\"Ansl. lesetid\" \/>\n\t<meta name=\"twitter:data2\" content=\"3 minutter\" \/>\n<script type=\"application\/ld+json\" class=\"yoast-schema-graph\">{\"@context\":\"https:\/\/schema.org\",\"@graph\":[{\"@type\":\"Article\",\"@id\":\"https:\/\/nordnesrepublikken.no\/index.php\/2025\/09\/05\/fordi-fluer-er-lettere-a-ta-i-fjellet\/#article\",\"isPartOf\":{\"@id\":\"https:\/\/nordnesrepublikken.no\/index.php\/2025\/09\/05\/fordi-fluer-er-lettere-a-ta-i-fjellet\/\"},\"author\":{\"name\":\"Ole Andersen\",\"@id\":\"https:\/\/nordnesrepublikken.no\/#\/schema\/person\/2e7e81935bab77882fffb79296240ff1\"},\"headline\":\"Fordi fluer er lettere \u00e5 ta i fjellet\",\"datePublished\":\"2025-09-05T01:49:36+00:00\",\"dateModified\":\"2025-09-05T01:49:37+00:00\",\"mainEntityOfPage\":{\"@id\":\"https:\/\/nordnesrepublikken.no\/index.php\/2025\/09\/05\/fordi-fluer-er-lettere-a-ta-i-fjellet\/\"},\"wordCount\":516,\"publisher\":{\"@id\":\"https:\/\/nordnesrepublikken.no\/#organization\"},\"image\":{\"@id\":\"https:\/\/nordnesrepublikken.no\/index.php\/2025\/09\/05\/fordi-fluer-er-lettere-a-ta-i-fjellet\/#primaryimage\"},\"thumbnailUrl\":\"https:\/\/nordnesrepublikken.no\/wp-content\/uploads\/2025\/09\/Fordi-fluer-er-lettere-a-ta-i-fjellet.jpg\",\"keywords\":[\"fjellet\",\"fluer\",\"Fordi\",\"lettere\"],\"articleSection\":[\"Vitenskap\"],\"inLanguage\":\"nb-NO\"},{\"@type\":\"WebPage\",\"@id\":\"https:\/\/nordnesrepublikken.no\/index.php\/2025\/09\/05\/fordi-fluer-er-lettere-a-ta-i-fjellet\/\",\"url\":\"https:\/\/nordnesrepublikken.no\/index.php\/2025\/09\/05\/fordi-fluer-er-lettere-a-ta-i-fjellet\/\",\"name\":\"Fordi fluer er lettere \u00e5 ta i fjellet - Nordnesrepublikken\",\"isPartOf\":{\"@id\":\"https:\/\/nordnesrepublikken.no\/#website\"},\"primaryImageOfPage\":{\"@id\":\"https:\/\/nordnesrepublikken.no\/index.php\/2025\/09\/05\/fordi-fluer-er-lettere-a-ta-i-fjellet\/#primaryimage\"},\"image\":{\"@id\":\"https:\/\/nordnesrepublikken.no\/index.php\/2025\/09\/05\/fordi-fluer-er-lettere-a-ta-i-fjellet\/#primaryimage\"},\"thumbnailUrl\":\"https:\/\/nordnesrepublikken.no\/wp-content\/uploads\/2025\/09\/Fordi-fluer-er-lettere-a-ta-i-fjellet.jpg\",\"datePublished\":\"2025-09-05T01:49:36+00:00\",\"dateModified\":\"2025-09-05T01:49:37+00:00\",\"breadcrumb\":{\"@id\":\"https:\/\/nordnesrepublikken.no\/index.php\/2025\/09\/05\/fordi-fluer-er-lettere-a-ta-i-fjellet\/#breadcrumb\"},\"inLanguage\":\"nb-NO\",\"potentialAction\":[{\"@type\":\"ReadAction\",\"target\":[\"https:\/\/nordnesrepublikken.no\/index.php\/2025\/09\/05\/fordi-fluer-er-lettere-a-ta-i-fjellet\/\"]}]},{\"@type\":\"ImageObject\",\"inLanguage\":\"nb-NO\",\"@id\":\"https:\/\/nordnesrepublikken.no\/index.php\/2025\/09\/05\/fordi-fluer-er-lettere-a-ta-i-fjellet\/#primaryimage\",\"url\":\"https:\/\/nordnesrepublikken.no\/wp-content\/uploads\/2025\/09\/Fordi-fluer-er-lettere-a-ta-i-fjellet.jpg\",\"contentUrl\":\"https:\/\/nordnesrepublikken.no\/wp-content\/uploads\/2025\/09\/Fordi-fluer-er-lettere-a-ta-i-fjellet.jpg\",\"width\":1280,\"height\":720,\"caption\":\"Mosche alta montagna\"},{\"@type\":\"BreadcrumbList\",\"@id\":\"https:\/\/nordnesrepublikken.no\/index.php\/2025\/09\/05\/fordi-fluer-er-lettere-a-ta-i-fjellet\/#breadcrumb\",\"itemListElement\":[{\"@type\":\"ListItem\",\"position\":1,\"name\":\"Home\",\"item\":\"https:\/\/nordnesrepublikken.no\/\"},{\"@type\":\"ListItem\",\"position\":2,\"name\":\"Fordi fluer er lettere \u00e5 ta i fjellet\"}]},{\"@type\":\"WebSite\",\"@id\":\"https:\/\/nordnesrepublikken.no\/#website\",\"url\":\"https:\/\/nordnesrepublikken.no\/\",\"name\":\"Nordnesrepublikken\",\"description\":\"Stemmer og Visjoner fra Republikkens Hjerte\",\"publisher\":{\"@id\":\"https:\/\/nordnesrepublikken.no\/#organization\"},\"potentialAction\":[{\"@type\":\"SearchAction\",\"target\":{\"@type\":\"EntryPoint\",\"urlTemplate\":\"https:\/\/nordnesrepublikken.no\/?s={search_term_string}\"},\"query-input\":{\"@type\":\"PropertyValueSpecification\",\"valueRequired\":true,\"valueName\":\"search_term_string\"}}],\"inLanguage\":\"nb-NO\"},{\"@type\":\"Organization\",\"@id\":\"https:\/\/nordnesrepublikken.no\/#organization\",\"name\":\"Nordnesrepublikken\",\"url\":\"https:\/\/nordnesrepublikken.no\/\",\"logo\":{\"@type\":\"ImageObject\",\"inLanguage\":\"nb-NO\",\"@id\":\"https:\/\/nordnesrepublikken.no\/#\/schema\/logo\/image\/\",\"url\":\"https:\/\/nordnesrepublikken.no\/wp-content\/uploads\/2025\/02\/cropped-nordnesrepublikken-2.png\",\"contentUrl\":\"https:\/\/nordnesrepublikken.no\/wp-content\/uploads\/2025\/02\/cropped-nordnesrepublikken-2.png\",\"width\":1248,\"height\":362,\"caption\":\"Nordnesrepublikken\"},\"image\":{\"@id\":\"https:\/\/nordnesrepublikken.no\/#\/schema\/logo\/image\/\"}},{\"@type\":\"Person\",\"@id\":\"https:\/\/nordnesrepublikken.no\/#\/schema\/person\/2e7e81935bab77882fffb79296240ff1\",\"name\":\"Ole Andersen\",\"image\":{\"@type\":\"ImageObject\",\"inLanguage\":\"nb-NO\",\"@id\":\"https:\/\/nordnesrepublikken.no\/#\/schema\/person\/image\/\",\"url\":\"https:\/\/nordnesrepublikken.no\/wp-content\/uploads\/2025\/02\/nordnesrepublikken-2-2-150x150.jpg\",\"contentUrl\":\"https:\/\/nordnesrepublikken.no\/wp-content\/uploads\/2025\/02\/nordnesrepublikken-2-2-150x150.jpg\",\"caption\":\"Ole Andersen\"},\"description\":\"Ettersom jeg vokste opp i Oslo, har jeg alltid v\u00e6rt fascinert av ordenes kraft og deres evne til \u00e5 skape endringer. Etter \u00e5 ha fullf\u00f8rt min utdannelse i kommunikasjon ved Universitetet i Bergen, fikk jeg muligheten til \u00e5 jobbe innen ulike medier, der jeg har s\u00f8kt \u00e5 belyse viktige samfunnssp\u00f8rsm\u00e5l. I dag, som redakt\u00f8r for Nordnesrepublikken, pr\u00f8ver jeg \u00e5 forene min kj\u00e6rlighet for journalistikk med min lidenskap for innovasjon og eventyr.\",\"sameAs\":[\"https:\/\/nordnesrepublikken.no\/\"]}]}<\/script>\n<!-- \/ Yoast SEO plugin. -->","yoast_head_json":{"title":"Fordi fluer er lettere \u00e5 ta i fjellet - Nordnesrepublikken","robots":{"index":"index","follow":"follow","max-snippet":"max-snippet:-1","max-image-preview":"max-image-preview:large","max-video-preview":"max-video-preview:-1"},"canonical":"https:\/\/nordnesrepublikken.no\/index.php\/2025\/09\/05\/fordi-fluer-er-lettere-a-ta-i-fjellet\/","og_locale":"nb_NO","og_type":"article","og_title":"Fordi fluer er lettere \u00e5 ta i fjellet - Nordnesrepublikken","og_description":"De som klatrer opp i fjellene, merker snart en nysgjerrig detalj: fluene virker mindre l\u00f8snet,","og_url":"https:\/\/nordnesrepublikken.no\/index.php\/2025\/09\/05\/fordi-fluer-er-lettere-a-ta-i-fjellet\/","og_site_name":"Nordnesrepublikken","article_published_time":"2025-09-05T01:49:36+00:00","article_modified_time":"2025-09-05T01:49:37+00:00","og_image":[{"width":1280,"height":720,"url":"https:\/\/nordnesrepublikken.no\/wp-content\/uploads\/2025\/09\/Fordi-fluer-er-lettere-a-ta-i-fjellet.jpg","type":"image\/jpeg"}],"author":"Ole Andersen","twitter_card":"summary_large_image","twitter_misc":{"Skrevet av":"Ole Andersen","Ansl. lesetid":"3 minutter"},"schema":{"@context":"https:\/\/schema.org","@graph":[{"@type":"Article","@id":"https:\/\/nordnesrepublikken.no\/index.php\/2025\/09\/05\/fordi-fluer-er-lettere-a-ta-i-fjellet\/#article","isPartOf":{"@id":"https:\/\/nordnesrepublikken.no\/index.php\/2025\/09\/05\/fordi-fluer-er-lettere-a-ta-i-fjellet\/"},"author":{"name":"Ole Andersen","@id":"https:\/\/nordnesrepublikken.no\/#\/schema\/person\/2e7e81935bab77882fffb79296240ff1"},"headline":"Fordi fluer er lettere \u00e5 ta i fjellet","datePublished":"2025-09-05T01:49:36+00:00","dateModified":"2025-09-05T01:49:37+00:00","mainEntityOfPage":{"@id":"https:\/\/nordnesrepublikken.no\/index.php\/2025\/09\/05\/fordi-fluer-er-lettere-a-ta-i-fjellet\/"},"wordCount":516,"publisher":{"@id":"https:\/\/nordnesrepublikken.no\/#organization"},"image":{"@id":"https:\/\/nordnesrepublikken.no\/index.php\/2025\/09\/05\/fordi-fluer-er-lettere-a-ta-i-fjellet\/#primaryimage"},"thumbnailUrl":"https:\/\/nordnesrepublikken.no\/wp-content\/uploads\/2025\/09\/Fordi-fluer-er-lettere-a-ta-i-fjellet.jpg","keywords":["fjellet","fluer","Fordi","lettere"],"articleSection":["Vitenskap"],"inLanguage":"nb-NO"},{"@type":"WebPage","@id":"https:\/\/nordnesrepublikken.no\/index.php\/2025\/09\/05\/fordi-fluer-er-lettere-a-ta-i-fjellet\/","url":"https:\/\/nordnesrepublikken.no\/index.php\/2025\/09\/05\/fordi-fluer-er-lettere-a-ta-i-fjellet\/","name":"Fordi fluer er lettere \u00e5 ta i fjellet - Nordnesrepublikken","isPartOf":{"@id":"https:\/\/nordnesrepublikken.no\/#website"},"primaryImageOfPage":{"@id":"https:\/\/nordnesrepublikken.no\/index.php\/2025\/09\/05\/fordi-fluer-er-lettere-a-ta-i-fjellet\/#primaryimage"},"image":{"@id":"https:\/\/nordnesrepublikken.no\/index.php\/2025\/09\/05\/fordi-fluer-er-lettere-a-ta-i-fjellet\/#primaryimage"},"thumbnailUrl":"https:\/\/nordnesrepublikken.no\/wp-content\/uploads\/2025\/09\/Fordi-fluer-er-lettere-a-ta-i-fjellet.jpg","datePublished":"2025-09-05T01:49:36+00:00","dateModified":"2025-09-05T01:49:37+00:00","breadcrumb":{"@id":"https:\/\/nordnesrepublikken.no\/index.php\/2025\/09\/05\/fordi-fluer-er-lettere-a-ta-i-fjellet\/#breadcrumb"},"inLanguage":"nb-NO","potentialAction":[{"@type":"ReadAction","target":["https:\/\/nordnesrepublikken.no\/index.php\/2025\/09\/05\/fordi-fluer-er-lettere-a-ta-i-fjellet\/"]}]},{"@type":"ImageObject","inLanguage":"nb-NO","@id":"https:\/\/nordnesrepublikken.no\/index.php\/2025\/09\/05\/fordi-fluer-er-lettere-a-ta-i-fjellet\/#primaryimage","url":"https:\/\/nordnesrepublikken.no\/wp-content\/uploads\/2025\/09\/Fordi-fluer-er-lettere-a-ta-i-fjellet.jpg","contentUrl":"https:\/\/nordnesrepublikken.no\/wp-content\/uploads\/2025\/09\/Fordi-fluer-er-lettere-a-ta-i-fjellet.jpg","width":1280,"height":720,"caption":"Mosche alta montagna"},{"@type":"BreadcrumbList","@id":"https:\/\/nordnesrepublikken.no\/index.php\/2025\/09\/05\/fordi-fluer-er-lettere-a-ta-i-fjellet\/#breadcrumb","itemListElement":[{"@type":"ListItem","position":1,"name":"Home","item":"https:\/\/nordnesrepublikken.no\/"},{"@type":"ListItem","position":2,"name":"Fordi fluer er lettere \u00e5 ta i fjellet"}]},{"@type":"WebSite","@id":"https:\/\/nordnesrepublikken.no\/#website","url":"https:\/\/nordnesrepublikken.no\/","name":"Nordnesrepublikken","description":"Stemmer og Visjoner fra Republikkens Hjerte","publisher":{"@id":"https:\/\/nordnesrepublikken.no\/#organization"},"potentialAction":[{"@type":"SearchAction","target":{"@type":"EntryPoint","urlTemplate":"https:\/\/nordnesrepublikken.no\/?s={search_term_string}"},"query-input":{"@type":"PropertyValueSpecification","valueRequired":true,"valueName":"search_term_string"}}],"inLanguage":"nb-NO"},{"@type":"Organization","@id":"https:\/\/nordnesrepublikken.no\/#organization","name":"Nordnesrepublikken","url":"https:\/\/nordnesrepublikken.no\/","logo":{"@type":"ImageObject","inLanguage":"nb-NO","@id":"https:\/\/nordnesrepublikken.no\/#\/schema\/logo\/image\/","url":"https:\/\/nordnesrepublikken.no\/wp-content\/uploads\/2025\/02\/cropped-nordnesrepublikken-2.png","contentUrl":"https:\/\/nordnesrepublikken.no\/wp-content\/uploads\/2025\/02\/cropped-nordnesrepublikken-2.png","width":1248,"height":362,"caption":"Nordnesrepublikken"},"image":{"@id":"https:\/\/nordnesrepublikken.no\/#\/schema\/logo\/image\/"}},{"@type":"Person","@id":"https:\/\/nordnesrepublikken.no\/#\/schema\/person\/2e7e81935bab77882fffb79296240ff1","name":"Ole Andersen","image":{"@type":"ImageObject","inLanguage":"nb-NO","@id":"https:\/\/nordnesrepublikken.no\/#\/schema\/person\/image\/","url":"https:\/\/nordnesrepublikken.no\/wp-content\/uploads\/2025\/02\/nordnesrepublikken-2-2-150x150.jpg","contentUrl":"https:\/\/nordnesrepublikken.no\/wp-content\/uploads\/2025\/02\/nordnesrepublikken-2-2-150x150.jpg","caption":"Ole Andersen"},"description":"Ettersom jeg vokste opp i Oslo, har jeg alltid v\u00e6rt fascinert av ordenes kraft og deres evne til \u00e5 skape endringer. Etter \u00e5 ha fullf\u00f8rt min utdannelse i kommunikasjon ved Universitetet i Bergen, fikk jeg muligheten til \u00e5 jobbe innen ulike medier, der jeg har s\u00f8kt \u00e5 belyse viktige samfunnssp\u00f8rsm\u00e5l. I dag, som redakt\u00f8r for Nordnesrepublikken, pr\u00f8ver jeg \u00e5 forene min kj\u00e6rlighet for journalistikk med min lidenskap for innovasjon og eventyr.","sameAs":["https:\/\/nordnesrepublikken.no\/"]}]}},"_links":{"self":[{"href":"https:\/\/nordnesrepublikken.no\/index.php\/wp-json\/wp\/v2\/posts\/9178","targetHints":{"allow":["GET"]}}],"collection":[{"href":"https:\/\/nordnesrepublikken.no\/index.php\/wp-json\/wp\/v2\/posts"}],"about":[{"href":"https:\/\/nordnesrepublikken.no\/index.php\/wp-json\/wp\/v2\/types\/post"}],"author":[{"embeddable":true,"href":"https:\/\/nordnesrepublikken.no\/index.php\/wp-json\/wp\/v2\/users\/1"}],"replies":[{"embeddable":true,"href":"https:\/\/nordnesrepublikken.no\/index.php\/wp-json\/wp\/v2\/comments?post=9178"}],"version-history":[{"count":1,"href":"https:\/\/nordnesrepublikken.no\/index.php\/wp-json\/wp\/v2\/posts\/9178\/revisions"}],"predecessor-version":[{"id":9180,"href":"https:\/\/nordnesrepublikken.no\/index.php\/wp-json\/wp\/v2\/posts\/9178\/revisions\/9180"}],"wp:featuredmedia":[{"embeddable":true,"href":"https:\/\/nordnesrepublikken.no\/index.php\/wp-json\/wp\/v2\/media\/9179"}],"wp:attachment":[{"href":"https:\/\/nordnesrepublikken.no\/index.php\/wp-json\/wp\/v2\/media?parent=9178"}],"wp:term":[{"taxonomy":"category","embeddable":true,"href":"https:\/\/nordnesrepublikken.no\/index.php\/wp-json\/wp\/v2\/categories?post=9178"},{"taxonomy":"post_tag","embeddable":true,"href":"https:\/\/nordnesrepublikken.no\/index.php\/wp-json\/wp\/v2\/tags?post=9178"}],"curies":[{"name":"wp","href":"https:\/\/api.w.org\/{rel}","templated":true}]}}