{"id":9175,"date":"2025-09-05T00:50:38","date_gmt":"2025-09-04T22:50:38","guid":{"rendered":"https:\/\/nordnesrepublikken.no\/index.php\/2025\/09\/05\/hva-som-skjedde-med-morsmalet-av-aere-avsporet-i-lisboa-hva-vi-vet-om-ulykken\/"},"modified":"2025-09-05T00:50:39","modified_gmt":"2025-09-04T22:50:39","slug":"hva-som-skjedde-med-morsmalet-av-aere-avsporet-i-lisboa-hva-vi-vet-om-ulykken","status":"publish","type":"post","link":"https:\/\/nordnesrepublikken.no\/index.php\/2025\/09\/05\/hva-som-skjedde-med-morsmalet-av-aere-avsporet-i-lisboa-hva-vi-vet-om-ulykken\/","title":{"rendered":"Hva som skjedde med morsm\u00e5let av \u00e6re avsporet i Lisboa: hva vi vet om ulykken"},"content":{"rendered":"<div>\n<div class=\"cp_wrapper cp_wrapper--fw mb-30 mb-20@tablet\">\n<figure class=\"mm\"><picture class=\"img\" style=\"padding-top:56.25%\"><source  media=\"(min-width: 1024px)\"><source  media=\"(min-width: 768px)\"><\/source><\/source><\/picture><\/figure>\n<\/p><\/div>\n<p>Der <strong>Funicular of Gloria i Lisboa<\/strong>National Monument, blir avsporet av sporene, krasjet inn i et hjem og for\u00e5rsaker d\u00f8den til 17 personer og skaden p\u00e5 minst 20. Vognen p\u00e5 linjen <strong>Elevador da Gl\u00f3ria<\/strong>en av de tre funksjonene i byen som forbinder Pra\u00e7a dos restaurant med Jardim de S\u00e3o Pedro de Alc\u00e2ntara, har mistet kontrollen rundt <strong>18.15<\/strong> av 3. september 2025 da han gikk ned og utl\u00f8ste for den bratte nedstigningen. \u00c5rsakene til ulykken, som fant sted i Rua da Gloria i strekningen som kobles til <strong>Restaurants Square <\/strong>til det sentrale distriktet i Lisboa<strong> Barrio h\u00f8y<\/strong>Er jeg fremdeles til vurdering av myndighetene, i mellomtiden har selskapet som administrerer portugisisk transport Carris med en offisiell pressemelding erkl\u00e6rt at vedlikeholdsprotokollene er blitt utf\u00f8rt og respektert. I f\u00f8lge den f\u00f8rste gjenoppbyggingen av de lokale brannmannskapene, en svikt i en <strong>kabel<\/strong> Det ville v\u00e6re opprinnelsen til det tragiske l\u00f8pet av kj\u00f8ret\u00f8yet.<\/p>\n<p>I kj\u00f8lvannet av den tragiske hendelsen, sa Portugal <strong>Nasjonal sorg<\/strong> mens byen Lisboa tre dager av <strong>Byens sorg<\/strong>. Det portugisiske helsedepartementet har formidlet det blant ofrene for ulykken det er b\u00e5de utenlandske og utenlandske mennesker. Blant de s\u00e5rede ville det v\u00e6re en italiensk, som rapportert av ANSA.<\/p>\n<h2><strong>Ulykken av det morsomme til Lisboa: Hva skjedde <\/strong><\/h2>\n<p>Rundt 18.15 3. september 2025, en vogn av <strong>Funicular of Gloria i Lisboa<\/strong> Det er avsporet fra sporene som mister kontrollen og krasjer i en bygning i Rua de Gloria. Okul\u00e6re vitner p\u00e5 veien og p\u00e5 torget nedenfor beskrev at de s\u00e5 den morsomme &laquo;synkende i full hastighet&raquo;, unormalt og uten tilsynelatende kontroll. Racing of the Wagon, som kan transportere 43 personer totalt, endte voldsomt mot en bygning ved siden av sporene, n\u00e6r slutten av banen i den nedre delen av byen. Virkningen ble beskrevet som &laquo;brutal&raquo;, s\u00e5 mye at vognen &laquo;kr\u00f8llete som en boks&raquo;, og fanget passasjerer mellom arkene.<\/p>\n<div class=\"cp_wrapper cp_wrapper--fw mb-50\">\n<figure class=\"mm\"><picture class=\"img\" style=\"padding-top:69.442131557036%\"><source  media=\"(min-width: 1024px)\"><source  media=\"(min-width: 768px)\"><img decoding=\"async\" loading=\"lazy\" src=\"https:\/\/nordnesrepublikken.no\/wp-content\/uploads\/2025\/09\/Hva-som-skjedde-med-morsmalet-av-aere-avsporet-i-Lisboa.jpg\" alt=\"Lisboa Funicular Accident Place\" width=\"1201\" height=\"834\"><\/source><\/source><\/picture><\/figure>\n<\/p><\/div>\n<p>Funicular er en bundet drevet terrestrisk transport betyr at transporterer en eller to vogner med tau (<strong>monofune<\/strong>), det vil si, bruk en kabel som passerer gjennom en remskive for \u00e5 heve en vogn i en skr\u00e5ning mens den andre g\u00e5r ned, med en bevegelse kalt &laquo;en va e come&raquo;. S\u00e5 form\u00e5let med en funicular er \u00e5 koble til steder som er p\u00e5 slutten av spesielt bratte bakker for \u00e5 transportere mennesker som for eksempel n\u00e5r det <strong>Restaurants Square <\/strong>til det sentrale distriktet i Lisboa<strong> Barrio h\u00f8y<\/strong>. Ogs\u00e5 i Italia er det mer enn 30 planter av denne typen som for tiden er i drift, med Genoa, Napoli og Bergamo i forkant av antall morsomme, gitt morfologien til deres territorier.<\/p>\n<h2>Mulige \u00e5rsaker til avsporing av herlighetens funikul\u00e6re<\/h2>\n<p>Unders\u00f8kelsene for \u00e5 etablere \u00e5rsakene til tragedien p\u00e5g\u00e5r av den portugisiske myndigheten. Den f\u00f8rste hypotesen, avansert av <strong>Brannmenn<\/strong> I den umiddelbare er det <b>F\u00f8lelse av en kabel<\/b>. En strukturell svikt i slepekabelen ville ha f\u00e5tt funksjonskontrollen til \u00e5 miste kontrollen, og etterlatt den n\u00e5de skr\u00e5ningen til krasjet mot bygningen. Den andre hypotesen, ansett som like sannsynlig, er en <b>Faning Systemfeil<\/b> av kj\u00f8ret\u00f8yet. I dette tilfellet vil et sentralt punkt i etterforskningen v\u00e6re \u00e5 forst\u00e5 tilstedev\u00e6relsen, rollen og enhver funksjonsfeil i <b>N\u00f8dbremsesystem<\/b>som burde ha iverksatt tiltak for \u00e5 blokkere det ukontrollerte l\u00f8pet av kj\u00f8ret\u00f8yet og forhindre katastrofen.<\/p>\n<p>Selskapet som administrerer portugisisk transport <strong>Carris<\/strong> Han erkl\u00e6rte med en offisiell pressemelding at vedlikeholdsprotokollene ble utf\u00f8rt og respektert. Spesifikt bekreftet han at begge langvarige planlagte intervensjoner er fullf\u00f8rt &#8211; <strong>Generelt vedlikehold fire \u00e5r<\/strong> (utf\u00f8rt i 2022) og <strong>Biennal mellomreparasjon<\/strong> (utf\u00f8rt i 2024) &#8211; OSE rutinemessige inspeksjoner <strong>m\u00e5nedlig<\/strong>, <strong>ukentlig<\/strong> Og <strong>daglig<\/strong>.<\/p>\n<\/p><\/div>\n","protected":false},"excerpt":{"rendered":"<p>Der Funicular of Gloria i LisboaNational Monument, blir avsporet av sporene, krasjet inn i et<\/p>\n","protected":false},"author":1,"featured_media":9176,"comment_status":"closed","ping_status":"open","sticky":false,"template":"","format":"standard","meta":{"footnotes":""},"categories":[104],"tags":[6021,6022,144,138,79,6020,325,31,265,73],"class_list":["post-9175","post","type-post","status-publish","format-standard","has-post-thumbnail","hentry","category-samfunn","tag-aere","tag-avsporet","tag-hva","tag-lisboa","tag-med","tag-morsmalet","tag-skjedde","tag-som","tag-ulykken","tag-vet","generate-columns","tablet-grid-50","mobile-grid-100","grid-parent","grid-33","resize-featured-image"],"yoast_head":"<!-- This site is optimized with the Yoast SEO plugin v24.4 - https:\/\/yoast.com\/wordpress\/plugins\/seo\/ -->\n<title>Hva som skjedde med morsm\u00e5let av \u00e6re avsporet i Lisboa: hva vi vet om ulykken - Nordnesrepublikken<\/title>\n<meta name=\"robots\" content=\"index, follow, max-snippet:-1, max-image-preview:large, max-video-preview:-1\" \/>\n<link rel=\"canonical\" href=\"https:\/\/nordnesrepublikken.no\/index.php\/2025\/09\/05\/hva-som-skjedde-med-morsmalet-av-aere-avsporet-i-lisboa-hva-vi-vet-om-ulykken\/\" \/>\n<meta property=\"og:locale\" content=\"nb_NO\" \/>\n<meta property=\"og:type\" content=\"article\" \/>\n<meta property=\"og:title\" content=\"Hva som skjedde med morsm\u00e5let av \u00e6re avsporet i Lisboa: hva vi vet om ulykken - Nordnesrepublikken\" \/>\n<meta property=\"og:description\" content=\"Der Funicular of Gloria i LisboaNational Monument, blir avsporet av sporene, krasjet inn i et\" \/>\n<meta property=\"og:url\" content=\"https:\/\/nordnesrepublikken.no\/index.php\/2025\/09\/05\/hva-som-skjedde-med-morsmalet-av-aere-avsporet-i-lisboa-hva-vi-vet-om-ulykken\/\" \/>\n<meta property=\"og:site_name\" content=\"Nordnesrepublikken\" \/>\n<meta property=\"article:published_time\" content=\"2025-09-04T22:50:38+00:00\" \/>\n<meta property=\"article:modified_time\" content=\"2025-09-04T22:50:39+00:00\" \/>\n<meta property=\"og:image\" content=\"https:\/\/nordnesrepublikken.no\/wp-content\/uploads\/2025\/09\/1757026239_Hva-som-skjedde-med-morsmalet-av-aere-avsporet-i-Lisboa.jpeg\" \/>\n\t<meta property=\"og:image:width\" content=\"1024\" \/>\n\t<meta property=\"og:image:height\" content=\"580\" \/>\n\t<meta property=\"og:image:type\" content=\"image\/jpeg\" \/>\n<meta name=\"author\" content=\"Ole Andersen\" \/>\n<meta name=\"twitter:card\" content=\"summary_large_image\" \/>\n<meta name=\"twitter:label1\" content=\"Skrevet av\" \/>\n\t<meta name=\"twitter:data1\" content=\"Ole Andersen\" \/>\n\t<meta name=\"twitter:label2\" content=\"Ansl. lesetid\" \/>\n\t<meta name=\"twitter:data2\" content=\"3 minutter\" \/>\n<script type=\"application\/ld+json\" class=\"yoast-schema-graph\">{\"@context\":\"https:\/\/schema.org\",\"@graph\":[{\"@type\":\"Article\",\"@id\":\"https:\/\/nordnesrepublikken.no\/index.php\/2025\/09\/05\/hva-som-skjedde-med-morsmalet-av-aere-avsporet-i-lisboa-hva-vi-vet-om-ulykken\/#article\",\"isPartOf\":{\"@id\":\"https:\/\/nordnesrepublikken.no\/index.php\/2025\/09\/05\/hva-som-skjedde-med-morsmalet-av-aere-avsporet-i-lisboa-hva-vi-vet-om-ulykken\/\"},\"author\":{\"name\":\"Ole Andersen\",\"@id\":\"https:\/\/nordnesrepublikken.no\/#\/schema\/person\/2e7e81935bab77882fffb79296240ff1\"},\"headline\":\"Hva som skjedde med morsm\u00e5let av \u00e6re avsporet i Lisboa: hva vi vet om ulykken\",\"datePublished\":\"2025-09-04T22:50:38+00:00\",\"dateModified\":\"2025-09-04T22:50:39+00:00\",\"mainEntityOfPage\":{\"@id\":\"https:\/\/nordnesrepublikken.no\/index.php\/2025\/09\/05\/hva-som-skjedde-med-morsmalet-av-aere-avsporet-i-lisboa-hva-vi-vet-om-ulykken\/\"},\"wordCount\":621,\"publisher\":{\"@id\":\"https:\/\/nordnesrepublikken.no\/#organization\"},\"image\":{\"@id\":\"https:\/\/nordnesrepublikken.no\/index.php\/2025\/09\/05\/hva-som-skjedde-med-morsmalet-av-aere-avsporet-i-lisboa-hva-vi-vet-om-ulykken\/#primaryimage\"},\"thumbnailUrl\":\"https:\/\/nordnesrepublikken.no\/wp-content\/uploads\/2025\/09\/1757026239_Hva-som-skjedde-med-morsmalet-av-aere-avsporet-i-Lisboa.jpeg\",\"keywords\":[\"\u00e6re\",\"avsporet\",\"Hva\",\"Lisboa\",\"med\",\"morsm\u00e5let\",\"skjedde\",\"som\",\"ulykken\",\"vet\"],\"articleSection\":[\"Samfunn\"],\"inLanguage\":\"nb-NO\"},{\"@type\":\"WebPage\",\"@id\":\"https:\/\/nordnesrepublikken.no\/index.php\/2025\/09\/05\/hva-som-skjedde-med-morsmalet-av-aere-avsporet-i-lisboa-hva-vi-vet-om-ulykken\/\",\"url\":\"https:\/\/nordnesrepublikken.no\/index.php\/2025\/09\/05\/hva-som-skjedde-med-morsmalet-av-aere-avsporet-i-lisboa-hva-vi-vet-om-ulykken\/\",\"name\":\"Hva som skjedde med morsm\u00e5let av \u00e6re avsporet i Lisboa: hva vi vet om ulykken - Nordnesrepublikken\",\"isPartOf\":{\"@id\":\"https:\/\/nordnesrepublikken.no\/#website\"},\"primaryImageOfPage\":{\"@id\":\"https:\/\/nordnesrepublikken.no\/index.php\/2025\/09\/05\/hva-som-skjedde-med-morsmalet-av-aere-avsporet-i-lisboa-hva-vi-vet-om-ulykken\/#primaryimage\"},\"image\":{\"@id\":\"https:\/\/nordnesrepublikken.no\/index.php\/2025\/09\/05\/hva-som-skjedde-med-morsmalet-av-aere-avsporet-i-lisboa-hva-vi-vet-om-ulykken\/#primaryimage\"},\"thumbnailUrl\":\"https:\/\/nordnesrepublikken.no\/wp-content\/uploads\/2025\/09\/1757026239_Hva-som-skjedde-med-morsmalet-av-aere-avsporet-i-Lisboa.jpeg\",\"datePublished\":\"2025-09-04T22:50:38+00:00\",\"dateModified\":\"2025-09-04T22:50:39+00:00\",\"breadcrumb\":{\"@id\":\"https:\/\/nordnesrepublikken.no\/index.php\/2025\/09\/05\/hva-som-skjedde-med-morsmalet-av-aere-avsporet-i-lisboa-hva-vi-vet-om-ulykken\/#breadcrumb\"},\"inLanguage\":\"nb-NO\",\"potentialAction\":[{\"@type\":\"ReadAction\",\"target\":[\"https:\/\/nordnesrepublikken.no\/index.php\/2025\/09\/05\/hva-som-skjedde-med-morsmalet-av-aere-avsporet-i-lisboa-hva-vi-vet-om-ulykken\/\"]}]},{\"@type\":\"ImageObject\",\"inLanguage\":\"nb-NO\",\"@id\":\"https:\/\/nordnesrepublikken.no\/index.php\/2025\/09\/05\/hva-som-skjedde-med-morsmalet-av-aere-avsporet-i-lisboa-hva-vi-vet-om-ulykken\/#primaryimage\",\"url\":\"https:\/\/nordnesrepublikken.no\/wp-content\/uploads\/2025\/09\/1757026239_Hva-som-skjedde-med-morsmalet-av-aere-avsporet-i-Lisboa.jpeg\",\"contentUrl\":\"https:\/\/nordnesrepublikken.no\/wp-content\/uploads\/2025\/09\/1757026239_Hva-som-skjedde-med-morsmalet-av-aere-avsporet-i-Lisboa.jpeg\",\"width\":1024,\"height\":580,\"caption\":\"funicolare lisbona incidente\"},{\"@type\":\"BreadcrumbList\",\"@id\":\"https:\/\/nordnesrepublikken.no\/index.php\/2025\/09\/05\/hva-som-skjedde-med-morsmalet-av-aere-avsporet-i-lisboa-hva-vi-vet-om-ulykken\/#breadcrumb\",\"itemListElement\":[{\"@type\":\"ListItem\",\"position\":1,\"name\":\"Home\",\"item\":\"https:\/\/nordnesrepublikken.no\/\"},{\"@type\":\"ListItem\",\"position\":2,\"name\":\"Hva som skjedde med morsm\u00e5let av \u00e6re avsporet i Lisboa: hva vi vet om ulykken\"}]},{\"@type\":\"WebSite\",\"@id\":\"https:\/\/nordnesrepublikken.no\/#website\",\"url\":\"https:\/\/nordnesrepublikken.no\/\",\"name\":\"Nordnesrepublikken\",\"description\":\"Stemmer og Visjoner fra Republikkens Hjerte\",\"publisher\":{\"@id\":\"https:\/\/nordnesrepublikken.no\/#organization\"},\"potentialAction\":[{\"@type\":\"SearchAction\",\"target\":{\"@type\":\"EntryPoint\",\"urlTemplate\":\"https:\/\/nordnesrepublikken.no\/?s={search_term_string}\"},\"query-input\":{\"@type\":\"PropertyValueSpecification\",\"valueRequired\":true,\"valueName\":\"search_term_string\"}}],\"inLanguage\":\"nb-NO\"},{\"@type\":\"Organization\",\"@id\":\"https:\/\/nordnesrepublikken.no\/#organization\",\"name\":\"Nordnesrepublikken\",\"url\":\"https:\/\/nordnesrepublikken.no\/\",\"logo\":{\"@type\":\"ImageObject\",\"inLanguage\":\"nb-NO\",\"@id\":\"https:\/\/nordnesrepublikken.no\/#\/schema\/logo\/image\/\",\"url\":\"https:\/\/nordnesrepublikken.no\/wp-content\/uploads\/2025\/02\/cropped-nordnesrepublikken-2.png\",\"contentUrl\":\"https:\/\/nordnesrepublikken.no\/wp-content\/uploads\/2025\/02\/cropped-nordnesrepublikken-2.png\",\"width\":1248,\"height\":362,\"caption\":\"Nordnesrepublikken\"},\"image\":{\"@id\":\"https:\/\/nordnesrepublikken.no\/#\/schema\/logo\/image\/\"}},{\"@type\":\"Person\",\"@id\":\"https:\/\/nordnesrepublikken.no\/#\/schema\/person\/2e7e81935bab77882fffb79296240ff1\",\"name\":\"Ole Andersen\",\"image\":{\"@type\":\"ImageObject\",\"inLanguage\":\"nb-NO\",\"@id\":\"https:\/\/nordnesrepublikken.no\/#\/schema\/person\/image\/\",\"url\":\"https:\/\/nordnesrepublikken.no\/wp-content\/uploads\/2025\/02\/nordnesrepublikken-2-2-150x150.jpg\",\"contentUrl\":\"https:\/\/nordnesrepublikken.no\/wp-content\/uploads\/2025\/02\/nordnesrepublikken-2-2-150x150.jpg\",\"caption\":\"Ole Andersen\"},\"description\":\"Ettersom jeg vokste opp i Oslo, har jeg alltid v\u00e6rt fascinert av ordenes kraft og deres evne til \u00e5 skape endringer. Etter \u00e5 ha fullf\u00f8rt min utdannelse i kommunikasjon ved Universitetet i Bergen, fikk jeg muligheten til \u00e5 jobbe innen ulike medier, der jeg har s\u00f8kt \u00e5 belyse viktige samfunnssp\u00f8rsm\u00e5l. I dag, som redakt\u00f8r for Nordnesrepublikken, pr\u00f8ver jeg \u00e5 forene min kj\u00e6rlighet for journalistikk med min lidenskap for innovasjon og eventyr.\",\"sameAs\":[\"https:\/\/nordnesrepublikken.no\/\"]}]}<\/script>\n<!-- \/ Yoast SEO plugin. -->","yoast_head_json":{"title":"Hva som skjedde med morsm\u00e5let av \u00e6re avsporet i Lisboa: hva vi vet om ulykken - Nordnesrepublikken","robots":{"index":"index","follow":"follow","max-snippet":"max-snippet:-1","max-image-preview":"max-image-preview:large","max-video-preview":"max-video-preview:-1"},"canonical":"https:\/\/nordnesrepublikken.no\/index.php\/2025\/09\/05\/hva-som-skjedde-med-morsmalet-av-aere-avsporet-i-lisboa-hva-vi-vet-om-ulykken\/","og_locale":"nb_NO","og_type":"article","og_title":"Hva som skjedde med morsm\u00e5let av \u00e6re avsporet i Lisboa: hva vi vet om ulykken - Nordnesrepublikken","og_description":"Der Funicular of Gloria i LisboaNational Monument, blir avsporet av sporene, krasjet inn i et","og_url":"https:\/\/nordnesrepublikken.no\/index.php\/2025\/09\/05\/hva-som-skjedde-med-morsmalet-av-aere-avsporet-i-lisboa-hva-vi-vet-om-ulykken\/","og_site_name":"Nordnesrepublikken","article_published_time":"2025-09-04T22:50:38+00:00","article_modified_time":"2025-09-04T22:50:39+00:00","og_image":[{"width":1024,"height":580,"url":"https:\/\/nordnesrepublikken.no\/wp-content\/uploads\/2025\/09\/1757026239_Hva-som-skjedde-med-morsmalet-av-aere-avsporet-i-Lisboa.jpeg","type":"image\/jpeg"}],"author":"Ole Andersen","twitter_card":"summary_large_image","twitter_misc":{"Skrevet av":"Ole Andersen","Ansl. lesetid":"3 minutter"},"schema":{"@context":"https:\/\/schema.org","@graph":[{"@type":"Article","@id":"https:\/\/nordnesrepublikken.no\/index.php\/2025\/09\/05\/hva-som-skjedde-med-morsmalet-av-aere-avsporet-i-lisboa-hva-vi-vet-om-ulykken\/#article","isPartOf":{"@id":"https:\/\/nordnesrepublikken.no\/index.php\/2025\/09\/05\/hva-som-skjedde-med-morsmalet-av-aere-avsporet-i-lisboa-hva-vi-vet-om-ulykken\/"},"author":{"name":"Ole Andersen","@id":"https:\/\/nordnesrepublikken.no\/#\/schema\/person\/2e7e81935bab77882fffb79296240ff1"},"headline":"Hva som skjedde med morsm\u00e5let av \u00e6re avsporet i Lisboa: hva vi vet om ulykken","datePublished":"2025-09-04T22:50:38+00:00","dateModified":"2025-09-04T22:50:39+00:00","mainEntityOfPage":{"@id":"https:\/\/nordnesrepublikken.no\/index.php\/2025\/09\/05\/hva-som-skjedde-med-morsmalet-av-aere-avsporet-i-lisboa-hva-vi-vet-om-ulykken\/"},"wordCount":621,"publisher":{"@id":"https:\/\/nordnesrepublikken.no\/#organization"},"image":{"@id":"https:\/\/nordnesrepublikken.no\/index.php\/2025\/09\/05\/hva-som-skjedde-med-morsmalet-av-aere-avsporet-i-lisboa-hva-vi-vet-om-ulykken\/#primaryimage"},"thumbnailUrl":"https:\/\/nordnesrepublikken.no\/wp-content\/uploads\/2025\/09\/1757026239_Hva-som-skjedde-med-morsmalet-av-aere-avsporet-i-Lisboa.jpeg","keywords":["\u00e6re","avsporet","Hva","Lisboa","med","morsm\u00e5let","skjedde","som","ulykken","vet"],"articleSection":["Samfunn"],"inLanguage":"nb-NO"},{"@type":"WebPage","@id":"https:\/\/nordnesrepublikken.no\/index.php\/2025\/09\/05\/hva-som-skjedde-med-morsmalet-av-aere-avsporet-i-lisboa-hva-vi-vet-om-ulykken\/","url":"https:\/\/nordnesrepublikken.no\/index.php\/2025\/09\/05\/hva-som-skjedde-med-morsmalet-av-aere-avsporet-i-lisboa-hva-vi-vet-om-ulykken\/","name":"Hva som skjedde med morsm\u00e5let av \u00e6re avsporet i Lisboa: hva vi vet om ulykken - Nordnesrepublikken","isPartOf":{"@id":"https:\/\/nordnesrepublikken.no\/#website"},"primaryImageOfPage":{"@id":"https:\/\/nordnesrepublikken.no\/index.php\/2025\/09\/05\/hva-som-skjedde-med-morsmalet-av-aere-avsporet-i-lisboa-hva-vi-vet-om-ulykken\/#primaryimage"},"image":{"@id":"https:\/\/nordnesrepublikken.no\/index.php\/2025\/09\/05\/hva-som-skjedde-med-morsmalet-av-aere-avsporet-i-lisboa-hva-vi-vet-om-ulykken\/#primaryimage"},"thumbnailUrl":"https:\/\/nordnesrepublikken.no\/wp-content\/uploads\/2025\/09\/1757026239_Hva-som-skjedde-med-morsmalet-av-aere-avsporet-i-Lisboa.jpeg","datePublished":"2025-09-04T22:50:38+00:00","dateModified":"2025-09-04T22:50:39+00:00","breadcrumb":{"@id":"https:\/\/nordnesrepublikken.no\/index.php\/2025\/09\/05\/hva-som-skjedde-med-morsmalet-av-aere-avsporet-i-lisboa-hva-vi-vet-om-ulykken\/#breadcrumb"},"inLanguage":"nb-NO","potentialAction":[{"@type":"ReadAction","target":["https:\/\/nordnesrepublikken.no\/index.php\/2025\/09\/05\/hva-som-skjedde-med-morsmalet-av-aere-avsporet-i-lisboa-hva-vi-vet-om-ulykken\/"]}]},{"@type":"ImageObject","inLanguage":"nb-NO","@id":"https:\/\/nordnesrepublikken.no\/index.php\/2025\/09\/05\/hva-som-skjedde-med-morsmalet-av-aere-avsporet-i-lisboa-hva-vi-vet-om-ulykken\/#primaryimage","url":"https:\/\/nordnesrepublikken.no\/wp-content\/uploads\/2025\/09\/1757026239_Hva-som-skjedde-med-morsmalet-av-aere-avsporet-i-Lisboa.jpeg","contentUrl":"https:\/\/nordnesrepublikken.no\/wp-content\/uploads\/2025\/09\/1757026239_Hva-som-skjedde-med-morsmalet-av-aere-avsporet-i-Lisboa.jpeg","width":1024,"height":580,"caption":"funicolare lisbona incidente"},{"@type":"BreadcrumbList","@id":"https:\/\/nordnesrepublikken.no\/index.php\/2025\/09\/05\/hva-som-skjedde-med-morsmalet-av-aere-avsporet-i-lisboa-hva-vi-vet-om-ulykken\/#breadcrumb","itemListElement":[{"@type":"ListItem","position":1,"name":"Home","item":"https:\/\/nordnesrepublikken.no\/"},{"@type":"ListItem","position":2,"name":"Hva som skjedde med morsm\u00e5let av \u00e6re avsporet i Lisboa: hva vi vet om ulykken"}]},{"@type":"WebSite","@id":"https:\/\/nordnesrepublikken.no\/#website","url":"https:\/\/nordnesrepublikken.no\/","name":"Nordnesrepublikken","description":"Stemmer og Visjoner fra Republikkens Hjerte","publisher":{"@id":"https:\/\/nordnesrepublikken.no\/#organization"},"potentialAction":[{"@type":"SearchAction","target":{"@type":"EntryPoint","urlTemplate":"https:\/\/nordnesrepublikken.no\/?s={search_term_string}"},"query-input":{"@type":"PropertyValueSpecification","valueRequired":true,"valueName":"search_term_string"}}],"inLanguage":"nb-NO"},{"@type":"Organization","@id":"https:\/\/nordnesrepublikken.no\/#organization","name":"Nordnesrepublikken","url":"https:\/\/nordnesrepublikken.no\/","logo":{"@type":"ImageObject","inLanguage":"nb-NO","@id":"https:\/\/nordnesrepublikken.no\/#\/schema\/logo\/image\/","url":"https:\/\/nordnesrepublikken.no\/wp-content\/uploads\/2025\/02\/cropped-nordnesrepublikken-2.png","contentUrl":"https:\/\/nordnesrepublikken.no\/wp-content\/uploads\/2025\/02\/cropped-nordnesrepublikken-2.png","width":1248,"height":362,"caption":"Nordnesrepublikken"},"image":{"@id":"https:\/\/nordnesrepublikken.no\/#\/schema\/logo\/image\/"}},{"@type":"Person","@id":"https:\/\/nordnesrepublikken.no\/#\/schema\/person\/2e7e81935bab77882fffb79296240ff1","name":"Ole Andersen","image":{"@type":"ImageObject","inLanguage":"nb-NO","@id":"https:\/\/nordnesrepublikken.no\/#\/schema\/person\/image\/","url":"https:\/\/nordnesrepublikken.no\/wp-content\/uploads\/2025\/02\/nordnesrepublikken-2-2-150x150.jpg","contentUrl":"https:\/\/nordnesrepublikken.no\/wp-content\/uploads\/2025\/02\/nordnesrepublikken-2-2-150x150.jpg","caption":"Ole Andersen"},"description":"Ettersom jeg vokste opp i Oslo, har jeg alltid v\u00e6rt fascinert av ordenes kraft og deres evne til \u00e5 skape endringer. Etter \u00e5 ha fullf\u00f8rt min utdannelse i kommunikasjon ved Universitetet i Bergen, fikk jeg muligheten til \u00e5 jobbe innen ulike medier, der jeg har s\u00f8kt \u00e5 belyse viktige samfunnssp\u00f8rsm\u00e5l. I dag, som redakt\u00f8r for Nordnesrepublikken, pr\u00f8ver jeg \u00e5 forene min kj\u00e6rlighet for journalistikk med min lidenskap for innovasjon og eventyr.","sameAs":["https:\/\/nordnesrepublikken.no\/"]}]}},"_links":{"self":[{"href":"https:\/\/nordnesrepublikken.no\/index.php\/wp-json\/wp\/v2\/posts\/9175","targetHints":{"allow":["GET"]}}],"collection":[{"href":"https:\/\/nordnesrepublikken.no\/index.php\/wp-json\/wp\/v2\/posts"}],"about":[{"href":"https:\/\/nordnesrepublikken.no\/index.php\/wp-json\/wp\/v2\/types\/post"}],"author":[{"embeddable":true,"href":"https:\/\/nordnesrepublikken.no\/index.php\/wp-json\/wp\/v2\/users\/1"}],"replies":[{"embeddable":true,"href":"https:\/\/nordnesrepublikken.no\/index.php\/wp-json\/wp\/v2\/comments?post=9175"}],"version-history":[{"count":1,"href":"https:\/\/nordnesrepublikken.no\/index.php\/wp-json\/wp\/v2\/posts\/9175\/revisions"}],"predecessor-version":[{"id":9177,"href":"https:\/\/nordnesrepublikken.no\/index.php\/wp-json\/wp\/v2\/posts\/9175\/revisions\/9177"}],"wp:featuredmedia":[{"embeddable":true,"href":"https:\/\/nordnesrepublikken.no\/index.php\/wp-json\/wp\/v2\/media\/9176"}],"wp:attachment":[{"href":"https:\/\/nordnesrepublikken.no\/index.php\/wp-json\/wp\/v2\/media?parent=9175"}],"wp:term":[{"taxonomy":"category","embeddable":true,"href":"https:\/\/nordnesrepublikken.no\/index.php\/wp-json\/wp\/v2\/categories?post=9175"},{"taxonomy":"post_tag","embeddable":true,"href":"https:\/\/nordnesrepublikken.no\/index.php\/wp-json\/wp\/v2\/tags?post=9175"}],"curies":[{"name":"wp","href":"https:\/\/api.w.org\/{rel}","templated":true}]}}