{"id":9160,"date":"2025-09-04T17:50:00","date_gmt":"2025-09-04T15:50:00","guid":{"rendered":"https:\/\/nordnesrepublikken.no\/index.php\/2025\/09\/04\/betydningen-og-opprinnelsen-til-det-italienske-ordtaket\/"},"modified":"2025-09-04T17:50:09","modified_gmt":"2025-09-04T15:50:09","slug":"betydningen-og-opprinnelsen-til-det-italienske-ordtaket","status":"publish","type":"post","link":"https:\/\/nordnesrepublikken.no\/index.php\/2025\/09\/04\/betydningen-og-opprinnelsen-til-det-italienske-ordtaket\/","title":{"rendered":"Betydningen og opprinnelsen til det italienske ordtaket"},"content":{"rendered":"<div>\n<div class=\"cp_wrapper cp_wrapper--fw mb-30 mb-20@tablet\">\n<figure class=\"mm\"><picture class=\"img\" style=\"padding-top:56.25%\"><source  media=\"(min-width: 1024px)\"><source  media=\"(min-width: 768px)\"><\/source><\/source><\/picture><\/figure>\n<\/p><\/div>\n<p>&laquo;&raquo;<strong>En Cavallo Donato ser ikke i munnen<\/strong>&laquo;Det er en av de ordspr\u00e5kene som overlever \u00e5rhundrene og ofte genererer tvil: betydningen forklarer at n\u00e5r du mottar en gave er det bra \u00e5 ikke kritisere eller bed\u00f8mme dens kvalitet, men \u00e5 akseptere den med takknemlighet. Historien blir f\u00f8dt i sent gammel latinsk kultur, passerer gjennom menneskelig filologi og n\u00e5r oss, men men men men men men men men men men men men men men, men men, men, men, men, men, men, men, men, men, men, men, men, men, men, men, men, men, men, men, men, men, men, men, men, men, men, men, men, men, men, men, men, men, men, men, men, men, men, men, men, men, men, men, men, men, men, men, men, men, men, men, men, men, men, men, men, men, men, men, men, men, men. <strong>krysser ikke historien til trojanske hesten p\u00e5 noen m\u00e5te<\/strong>. I eldgamle tider, n\u00e5r en hest var en god verdi (den representerte et transportmiddel, var det viktig for arbeid og indikerte en viss sosial status), det f\u00f8rste som en ekspert kj\u00f8per kontrollerte var munnen, fra <strong>tannbehandling<\/strong>Faktisk, estimert alder og derfor prisen: et ungt dyr var verdt mer, ett gammelt mindre.<\/p>\n<p>Fra denne virkeligheten er ordtaket f\u00f8dt: <b>Hvis dyret er en gave<\/b>\u00e5 legge h\u00e5nden mellom leppene for \u00e5 unders\u00f8ke verdien er uh\u00f8flig. \u00c5 motta en gave betyr ikke \u00e5 m\u00e5le dens materielle verdi, men \u00e5 gjenkjenne gesten og intensjonen til de som tilbyr den.<\/p>\n<p>Ordtaket vises allerede i <strong>Latinsk latin<\/strong>er det det mest autoritative og tidlige vitnesbyrdet s\u00e5 langt kjent. I <b>Forord til kommentaren til brevet til Efeserne<\/b>Skriver San Girolamo &#8211; eksplisitt presenterer det som <em>vulg\u00e6r ordtak,<\/em> Popul\u00e6r sa &#8211; \u00ab<em>&#8230; ut vulgare ordtak est: <b>Equi Tooth -avdrag donerer<\/b><\/em>\u00bb.<\/p>\n<p>Det latinske maksimum er attesteret i to former: den til det negative imperativet, <strong>&laquo;Noli Equi Denas Intipicere Donati&raquo;<\/strong>n\u00e6rmere den klassiske latinske, og den passive gnomiske overgivelsen, <strong>&laquo;Equi Donati Dentas ikke inspirasjon&raquo;<\/strong>utbredt i sen middelalder og skoletid. Begge overf\u00f8rer den samme forskriften, selv med forskjellige registre.<\/p>\n<p>Mellom renessanse og tidlig moderne tid sirkulerer ordtaket bredt i setningssamlingene: det vises i det store erasmiske repertoaret av<em> Ega<\/em> og passerer p\u00e5 engelsk med <strong>John Heywood <\/strong>(<em>Ordspr\u00e5kene<\/em>1546), som fikser den i formelen som har blitt kanonisk: &laquo;No Man Ought to Lake a Geuen Hors in the Mouth&raquo;. Den nittende -\u00e5rhundre utgaven av verket rapporterer til og med en trykt antecedent rundt 1510.<\/p>\n<p>Det er verdt \u00e5 avklare en misforst\u00e5else: <strong>Ordtaket har ingenting \u00e5 gj\u00f8re med trojanske hesten<\/strong>. Uttrykket er bokstavelig og stammer utelukkende fra veterin\u00e6rutstyret for \u00e5 estimere alderen og kvaliteten p\u00e5 en hest ved \u00e5 observere tennene.<\/p>\n<\/p><\/div>\n","protected":false},"excerpt":{"rendered":"<p>&laquo;&raquo;En Cavallo Donato ser ikke i munnen&laquo;Det er en av de ordspr\u00e5kene som overlever \u00e5rhundrene<\/p>\n","protected":false},"author":1,"featured_media":9161,"comment_status":"closed","ping_status":"open","sticky":false,"template":"","format":"standard","meta":{"footnotes":""},"categories":[104],"tags":[962,66,782,2162,6006,117],"class_list":["post-9160","post","type-post","status-publish","format-standard","has-post-thumbnail","hentry","category-samfunn","tag-betydningen","tag-det","tag-italienske","tag-opprinnelsen","tag-ordtaket","tag-til","generate-columns","tablet-grid-50","mobile-grid-100","grid-parent","grid-33","resize-featured-image"],"yoast_head":"<!-- This site is optimized with the Yoast SEO plugin v24.4 - https:\/\/yoast.com\/wordpress\/plugins\/seo\/ -->\n<title>Betydningen og opprinnelsen til det italienske ordtaket - Nordnesrepublikken<\/title>\n<meta name=\"robots\" content=\"index, follow, max-snippet:-1, max-image-preview:large, max-video-preview:-1\" \/>\n<link rel=\"canonical\" href=\"https:\/\/nordnesrepublikken.no\/index.php\/2025\/09\/04\/betydningen-og-opprinnelsen-til-det-italienske-ordtaket\/\" \/>\n<meta property=\"og:locale\" content=\"nb_NO\" \/>\n<meta property=\"og:type\" content=\"article\" \/>\n<meta property=\"og:title\" content=\"Betydningen og opprinnelsen til det italienske ordtaket - Nordnesrepublikken\" \/>\n<meta property=\"og:description\" content=\"&laquo;&raquo;En Cavallo Donato ser ikke i munnen&laquo;Det er en av de ordspr\u00e5kene som overlever \u00e5rhundrene\" \/>\n<meta property=\"og:url\" content=\"https:\/\/nordnesrepublikken.no\/index.php\/2025\/09\/04\/betydningen-og-opprinnelsen-til-det-italienske-ordtaket\/\" \/>\n<meta property=\"og:site_name\" content=\"Nordnesrepublikken\" \/>\n<meta property=\"article:published_time\" content=\"2025-09-04T15:50:00+00:00\" \/>\n<meta property=\"article:modified_time\" content=\"2025-09-04T15:50:09+00:00\" \/>\n<meta property=\"og:image\" content=\"https:\/\/nordnesrepublikken.no\/wp-content\/uploads\/2025\/09\/1757001001_Betydningen-og-opprinnelsen-til-det-italienske-ordtaket-scaled.jpg\" \/>\n\t<meta property=\"og:image:width\" content=\"2560\" \/>\n\t<meta property=\"og:image:height\" content=\"1707\" \/>\n\t<meta property=\"og:image:type\" content=\"image\/jpeg\" \/>\n<meta name=\"author\" content=\"Ole Andersen\" \/>\n<meta name=\"twitter:card\" content=\"summary_large_image\" \/>\n<meta name=\"twitter:label1\" content=\"Skrevet av\" \/>\n\t<meta name=\"twitter:data1\" content=\"Ole Andersen\" \/>\n\t<meta name=\"twitter:label2\" content=\"Ansl. lesetid\" \/>\n\t<meta name=\"twitter:data2\" content=\"2 minutter\" \/>\n<script type=\"application\/ld+json\" class=\"yoast-schema-graph\">{\"@context\":\"https:\/\/schema.org\",\"@graph\":[{\"@type\":\"Article\",\"@id\":\"https:\/\/nordnesrepublikken.no\/index.php\/2025\/09\/04\/betydningen-og-opprinnelsen-til-det-italienske-ordtaket\/#article\",\"isPartOf\":{\"@id\":\"https:\/\/nordnesrepublikken.no\/index.php\/2025\/09\/04\/betydningen-og-opprinnelsen-til-det-italienske-ordtaket\/\"},\"author\":{\"name\":\"Ole Andersen\",\"@id\":\"https:\/\/nordnesrepublikken.no\/#\/schema\/person\/2e7e81935bab77882fffb79296240ff1\"},\"headline\":\"Betydningen og opprinnelsen til det italienske ordtaket\",\"datePublished\":\"2025-09-04T15:50:00+00:00\",\"dateModified\":\"2025-09-04T15:50:09+00:00\",\"mainEntityOfPage\":{\"@id\":\"https:\/\/nordnesrepublikken.no\/index.php\/2025\/09\/04\/betydningen-og-opprinnelsen-til-det-italienske-ordtaket\/\"},\"wordCount\":447,\"publisher\":{\"@id\":\"https:\/\/nordnesrepublikken.no\/#organization\"},\"image\":{\"@id\":\"https:\/\/nordnesrepublikken.no\/index.php\/2025\/09\/04\/betydningen-og-opprinnelsen-til-det-italienske-ordtaket\/#primaryimage\"},\"thumbnailUrl\":\"https:\/\/nordnesrepublikken.no\/wp-content\/uploads\/2025\/09\/1757001001_Betydningen-og-opprinnelsen-til-det-italienske-ordtaket-scaled.jpg\",\"keywords\":[\"betydningen\",\"Det\",\"italienske\",\"Opprinnelsen\",\"ordtaket\",\"til\"],\"articleSection\":[\"Samfunn\"],\"inLanguage\":\"nb-NO\"},{\"@type\":\"WebPage\",\"@id\":\"https:\/\/nordnesrepublikken.no\/index.php\/2025\/09\/04\/betydningen-og-opprinnelsen-til-det-italienske-ordtaket\/\",\"url\":\"https:\/\/nordnesrepublikken.no\/index.php\/2025\/09\/04\/betydningen-og-opprinnelsen-til-det-italienske-ordtaket\/\",\"name\":\"Betydningen og opprinnelsen til det italienske ordtaket - Nordnesrepublikken\",\"isPartOf\":{\"@id\":\"https:\/\/nordnesrepublikken.no\/#website\"},\"primaryImageOfPage\":{\"@id\":\"https:\/\/nordnesrepublikken.no\/index.php\/2025\/09\/04\/betydningen-og-opprinnelsen-til-det-italienske-ordtaket\/#primaryimage\"},\"image\":{\"@id\":\"https:\/\/nordnesrepublikken.no\/index.php\/2025\/09\/04\/betydningen-og-opprinnelsen-til-det-italienske-ordtaket\/#primaryimage\"},\"thumbnailUrl\":\"https:\/\/nordnesrepublikken.no\/wp-content\/uploads\/2025\/09\/1757001001_Betydningen-og-opprinnelsen-til-det-italienske-ordtaket-scaled.jpg\",\"datePublished\":\"2025-09-04T15:50:00+00:00\",\"dateModified\":\"2025-09-04T15:50:09+00:00\",\"breadcrumb\":{\"@id\":\"https:\/\/nordnesrepublikken.no\/index.php\/2025\/09\/04\/betydningen-og-opprinnelsen-til-det-italienske-ordtaket\/#breadcrumb\"},\"inLanguage\":\"nb-NO\",\"potentialAction\":[{\"@type\":\"ReadAction\",\"target\":[\"https:\/\/nordnesrepublikken.no\/index.php\/2025\/09\/04\/betydningen-og-opprinnelsen-til-det-italienske-ordtaket\/\"]}]},{\"@type\":\"ImageObject\",\"inLanguage\":\"nb-NO\",\"@id\":\"https:\/\/nordnesrepublikken.no\/index.php\/2025\/09\/04\/betydningen-og-opprinnelsen-til-det-italienske-ordtaket\/#primaryimage\",\"url\":\"https:\/\/nordnesrepublikken.no\/wp-content\/uploads\/2025\/09\/1757001001_Betydningen-og-opprinnelsen-til-det-italienske-ordtaket-scaled.jpg\",\"contentUrl\":\"https:\/\/nordnesrepublikken.no\/wp-content\/uploads\/2025\/09\/1757001001_Betydningen-og-opprinnelsen-til-det-italienske-ordtaket-scaled.jpg\",\"width\":2560,\"height\":1707,\"caption\":\"cavallo\"},{\"@type\":\"BreadcrumbList\",\"@id\":\"https:\/\/nordnesrepublikken.no\/index.php\/2025\/09\/04\/betydningen-og-opprinnelsen-til-det-italienske-ordtaket\/#breadcrumb\",\"itemListElement\":[{\"@type\":\"ListItem\",\"position\":1,\"name\":\"Home\",\"item\":\"https:\/\/nordnesrepublikken.no\/\"},{\"@type\":\"ListItem\",\"position\":2,\"name\":\"Betydningen og opprinnelsen til det italienske ordtaket\"}]},{\"@type\":\"WebSite\",\"@id\":\"https:\/\/nordnesrepublikken.no\/#website\",\"url\":\"https:\/\/nordnesrepublikken.no\/\",\"name\":\"Nordnesrepublikken\",\"description\":\"Stemmer og Visjoner fra Republikkens Hjerte\",\"publisher\":{\"@id\":\"https:\/\/nordnesrepublikken.no\/#organization\"},\"potentialAction\":[{\"@type\":\"SearchAction\",\"target\":{\"@type\":\"EntryPoint\",\"urlTemplate\":\"https:\/\/nordnesrepublikken.no\/?s={search_term_string}\"},\"query-input\":{\"@type\":\"PropertyValueSpecification\",\"valueRequired\":true,\"valueName\":\"search_term_string\"}}],\"inLanguage\":\"nb-NO\"},{\"@type\":\"Organization\",\"@id\":\"https:\/\/nordnesrepublikken.no\/#organization\",\"name\":\"Nordnesrepublikken\",\"url\":\"https:\/\/nordnesrepublikken.no\/\",\"logo\":{\"@type\":\"ImageObject\",\"inLanguage\":\"nb-NO\",\"@id\":\"https:\/\/nordnesrepublikken.no\/#\/schema\/logo\/image\/\",\"url\":\"https:\/\/nordnesrepublikken.no\/wp-content\/uploads\/2025\/02\/cropped-nordnesrepublikken-2.png\",\"contentUrl\":\"https:\/\/nordnesrepublikken.no\/wp-content\/uploads\/2025\/02\/cropped-nordnesrepublikken-2.png\",\"width\":1248,\"height\":362,\"caption\":\"Nordnesrepublikken\"},\"image\":{\"@id\":\"https:\/\/nordnesrepublikken.no\/#\/schema\/logo\/image\/\"}},{\"@type\":\"Person\",\"@id\":\"https:\/\/nordnesrepublikken.no\/#\/schema\/person\/2e7e81935bab77882fffb79296240ff1\",\"name\":\"Ole Andersen\",\"image\":{\"@type\":\"ImageObject\",\"inLanguage\":\"nb-NO\",\"@id\":\"https:\/\/nordnesrepublikken.no\/#\/schema\/person\/image\/\",\"url\":\"https:\/\/nordnesrepublikken.no\/wp-content\/uploads\/2025\/02\/nordnesrepublikken-2-2-150x150.jpg\",\"contentUrl\":\"https:\/\/nordnesrepublikken.no\/wp-content\/uploads\/2025\/02\/nordnesrepublikken-2-2-150x150.jpg\",\"caption\":\"Ole Andersen\"},\"description\":\"Ettersom jeg vokste opp i Oslo, har jeg alltid v\u00e6rt fascinert av ordenes kraft og deres evne til \u00e5 skape endringer. Etter \u00e5 ha fullf\u00f8rt min utdannelse i kommunikasjon ved Universitetet i Bergen, fikk jeg muligheten til \u00e5 jobbe innen ulike medier, der jeg har s\u00f8kt \u00e5 belyse viktige samfunnssp\u00f8rsm\u00e5l. I dag, som redakt\u00f8r for Nordnesrepublikken, pr\u00f8ver jeg \u00e5 forene min kj\u00e6rlighet for journalistikk med min lidenskap for innovasjon og eventyr.\",\"sameAs\":[\"https:\/\/nordnesrepublikken.no\/\"]}]}<\/script>\n<!-- \/ Yoast SEO plugin. -->","yoast_head_json":{"title":"Betydningen og opprinnelsen til det italienske ordtaket - Nordnesrepublikken","robots":{"index":"index","follow":"follow","max-snippet":"max-snippet:-1","max-image-preview":"max-image-preview:large","max-video-preview":"max-video-preview:-1"},"canonical":"https:\/\/nordnesrepublikken.no\/index.php\/2025\/09\/04\/betydningen-og-opprinnelsen-til-det-italienske-ordtaket\/","og_locale":"nb_NO","og_type":"article","og_title":"Betydningen og opprinnelsen til det italienske ordtaket - Nordnesrepublikken","og_description":"&laquo;&raquo;En Cavallo Donato ser ikke i munnen&laquo;Det er en av de ordspr\u00e5kene som overlever \u00e5rhundrene","og_url":"https:\/\/nordnesrepublikken.no\/index.php\/2025\/09\/04\/betydningen-og-opprinnelsen-til-det-italienske-ordtaket\/","og_site_name":"Nordnesrepublikken","article_published_time":"2025-09-04T15:50:00+00:00","article_modified_time":"2025-09-04T15:50:09+00:00","og_image":[{"width":2560,"height":1707,"url":"https:\/\/nordnesrepublikken.no\/wp-content\/uploads\/2025\/09\/1757001001_Betydningen-og-opprinnelsen-til-det-italienske-ordtaket-scaled.jpg","type":"image\/jpeg"}],"author":"Ole Andersen","twitter_card":"summary_large_image","twitter_misc":{"Skrevet av":"Ole Andersen","Ansl. lesetid":"2 minutter"},"schema":{"@context":"https:\/\/schema.org","@graph":[{"@type":"Article","@id":"https:\/\/nordnesrepublikken.no\/index.php\/2025\/09\/04\/betydningen-og-opprinnelsen-til-det-italienske-ordtaket\/#article","isPartOf":{"@id":"https:\/\/nordnesrepublikken.no\/index.php\/2025\/09\/04\/betydningen-og-opprinnelsen-til-det-italienske-ordtaket\/"},"author":{"name":"Ole Andersen","@id":"https:\/\/nordnesrepublikken.no\/#\/schema\/person\/2e7e81935bab77882fffb79296240ff1"},"headline":"Betydningen og opprinnelsen til det italienske ordtaket","datePublished":"2025-09-04T15:50:00+00:00","dateModified":"2025-09-04T15:50:09+00:00","mainEntityOfPage":{"@id":"https:\/\/nordnesrepublikken.no\/index.php\/2025\/09\/04\/betydningen-og-opprinnelsen-til-det-italienske-ordtaket\/"},"wordCount":447,"publisher":{"@id":"https:\/\/nordnesrepublikken.no\/#organization"},"image":{"@id":"https:\/\/nordnesrepublikken.no\/index.php\/2025\/09\/04\/betydningen-og-opprinnelsen-til-det-italienske-ordtaket\/#primaryimage"},"thumbnailUrl":"https:\/\/nordnesrepublikken.no\/wp-content\/uploads\/2025\/09\/1757001001_Betydningen-og-opprinnelsen-til-det-italienske-ordtaket-scaled.jpg","keywords":["betydningen","Det","italienske","Opprinnelsen","ordtaket","til"],"articleSection":["Samfunn"],"inLanguage":"nb-NO"},{"@type":"WebPage","@id":"https:\/\/nordnesrepublikken.no\/index.php\/2025\/09\/04\/betydningen-og-opprinnelsen-til-det-italienske-ordtaket\/","url":"https:\/\/nordnesrepublikken.no\/index.php\/2025\/09\/04\/betydningen-og-opprinnelsen-til-det-italienske-ordtaket\/","name":"Betydningen og opprinnelsen til det italienske ordtaket - Nordnesrepublikken","isPartOf":{"@id":"https:\/\/nordnesrepublikken.no\/#website"},"primaryImageOfPage":{"@id":"https:\/\/nordnesrepublikken.no\/index.php\/2025\/09\/04\/betydningen-og-opprinnelsen-til-det-italienske-ordtaket\/#primaryimage"},"image":{"@id":"https:\/\/nordnesrepublikken.no\/index.php\/2025\/09\/04\/betydningen-og-opprinnelsen-til-det-italienske-ordtaket\/#primaryimage"},"thumbnailUrl":"https:\/\/nordnesrepublikken.no\/wp-content\/uploads\/2025\/09\/1757001001_Betydningen-og-opprinnelsen-til-det-italienske-ordtaket-scaled.jpg","datePublished":"2025-09-04T15:50:00+00:00","dateModified":"2025-09-04T15:50:09+00:00","breadcrumb":{"@id":"https:\/\/nordnesrepublikken.no\/index.php\/2025\/09\/04\/betydningen-og-opprinnelsen-til-det-italienske-ordtaket\/#breadcrumb"},"inLanguage":"nb-NO","potentialAction":[{"@type":"ReadAction","target":["https:\/\/nordnesrepublikken.no\/index.php\/2025\/09\/04\/betydningen-og-opprinnelsen-til-det-italienske-ordtaket\/"]}]},{"@type":"ImageObject","inLanguage":"nb-NO","@id":"https:\/\/nordnesrepublikken.no\/index.php\/2025\/09\/04\/betydningen-og-opprinnelsen-til-det-italienske-ordtaket\/#primaryimage","url":"https:\/\/nordnesrepublikken.no\/wp-content\/uploads\/2025\/09\/1757001001_Betydningen-og-opprinnelsen-til-det-italienske-ordtaket-scaled.jpg","contentUrl":"https:\/\/nordnesrepublikken.no\/wp-content\/uploads\/2025\/09\/1757001001_Betydningen-og-opprinnelsen-til-det-italienske-ordtaket-scaled.jpg","width":2560,"height":1707,"caption":"cavallo"},{"@type":"BreadcrumbList","@id":"https:\/\/nordnesrepublikken.no\/index.php\/2025\/09\/04\/betydningen-og-opprinnelsen-til-det-italienske-ordtaket\/#breadcrumb","itemListElement":[{"@type":"ListItem","position":1,"name":"Home","item":"https:\/\/nordnesrepublikken.no\/"},{"@type":"ListItem","position":2,"name":"Betydningen og opprinnelsen til det italienske ordtaket"}]},{"@type":"WebSite","@id":"https:\/\/nordnesrepublikken.no\/#website","url":"https:\/\/nordnesrepublikken.no\/","name":"Nordnesrepublikken","description":"Stemmer og Visjoner fra Republikkens Hjerte","publisher":{"@id":"https:\/\/nordnesrepublikken.no\/#organization"},"potentialAction":[{"@type":"SearchAction","target":{"@type":"EntryPoint","urlTemplate":"https:\/\/nordnesrepublikken.no\/?s={search_term_string}"},"query-input":{"@type":"PropertyValueSpecification","valueRequired":true,"valueName":"search_term_string"}}],"inLanguage":"nb-NO"},{"@type":"Organization","@id":"https:\/\/nordnesrepublikken.no\/#organization","name":"Nordnesrepublikken","url":"https:\/\/nordnesrepublikken.no\/","logo":{"@type":"ImageObject","inLanguage":"nb-NO","@id":"https:\/\/nordnesrepublikken.no\/#\/schema\/logo\/image\/","url":"https:\/\/nordnesrepublikken.no\/wp-content\/uploads\/2025\/02\/cropped-nordnesrepublikken-2.png","contentUrl":"https:\/\/nordnesrepublikken.no\/wp-content\/uploads\/2025\/02\/cropped-nordnesrepublikken-2.png","width":1248,"height":362,"caption":"Nordnesrepublikken"},"image":{"@id":"https:\/\/nordnesrepublikken.no\/#\/schema\/logo\/image\/"}},{"@type":"Person","@id":"https:\/\/nordnesrepublikken.no\/#\/schema\/person\/2e7e81935bab77882fffb79296240ff1","name":"Ole Andersen","image":{"@type":"ImageObject","inLanguage":"nb-NO","@id":"https:\/\/nordnesrepublikken.no\/#\/schema\/person\/image\/","url":"https:\/\/nordnesrepublikken.no\/wp-content\/uploads\/2025\/02\/nordnesrepublikken-2-2-150x150.jpg","contentUrl":"https:\/\/nordnesrepublikken.no\/wp-content\/uploads\/2025\/02\/nordnesrepublikken-2-2-150x150.jpg","caption":"Ole Andersen"},"description":"Ettersom jeg vokste opp i Oslo, har jeg alltid v\u00e6rt fascinert av ordenes kraft og deres evne til \u00e5 skape endringer. Etter \u00e5 ha fullf\u00f8rt min utdannelse i kommunikasjon ved Universitetet i Bergen, fikk jeg muligheten til \u00e5 jobbe innen ulike medier, der jeg har s\u00f8kt \u00e5 belyse viktige samfunnssp\u00f8rsm\u00e5l. I dag, som redakt\u00f8r for Nordnesrepublikken, pr\u00f8ver jeg \u00e5 forene min kj\u00e6rlighet for journalistikk med min lidenskap for innovasjon og eventyr.","sameAs":["https:\/\/nordnesrepublikken.no\/"]}]}},"_links":{"self":[{"href":"https:\/\/nordnesrepublikken.no\/index.php\/wp-json\/wp\/v2\/posts\/9160","targetHints":{"allow":["GET"]}}],"collection":[{"href":"https:\/\/nordnesrepublikken.no\/index.php\/wp-json\/wp\/v2\/posts"}],"about":[{"href":"https:\/\/nordnesrepublikken.no\/index.php\/wp-json\/wp\/v2\/types\/post"}],"author":[{"embeddable":true,"href":"https:\/\/nordnesrepublikken.no\/index.php\/wp-json\/wp\/v2\/users\/1"}],"replies":[{"embeddable":true,"href":"https:\/\/nordnesrepublikken.no\/index.php\/wp-json\/wp\/v2\/comments?post=9160"}],"version-history":[{"count":1,"href":"https:\/\/nordnesrepublikken.no\/index.php\/wp-json\/wp\/v2\/posts\/9160\/revisions"}],"predecessor-version":[{"id":9162,"href":"https:\/\/nordnesrepublikken.no\/index.php\/wp-json\/wp\/v2\/posts\/9160\/revisions\/9162"}],"wp:featuredmedia":[{"embeddable":true,"href":"https:\/\/nordnesrepublikken.no\/index.php\/wp-json\/wp\/v2\/media\/9161"}],"wp:attachment":[{"href":"https:\/\/nordnesrepublikken.no\/index.php\/wp-json\/wp\/v2\/media?parent=9160"}],"wp:term":[{"taxonomy":"category","embeddable":true,"href":"https:\/\/nordnesrepublikken.no\/index.php\/wp-json\/wp\/v2\/categories?post=9160"},{"taxonomy":"post_tag","embeddable":true,"href":"https:\/\/nordnesrepublikken.no\/index.php\/wp-json\/wp\/v2\/tags?post=9160"}],"curies":[{"name":"wp","href":"https:\/\/api.w.org\/{rel}","templated":true}]}}