{"id":9154,"date":"2025-09-04T16:49:29","date_gmt":"2025-09-04T14:49:29","guid":{"rendered":"https:\/\/nordnesrepublikken.no\/index.php\/2025\/09\/04\/volkswagen-polo-black-edition\/"},"modified":"2025-09-04T16:49:31","modified_gmt":"2025-09-04T14:49:31","slug":"volkswagen-polo-black-edition","status":"publish","type":"post","link":"https:\/\/nordnesrepublikken.no\/index.php\/2025\/09\/04\/volkswagen-polo-black-edition\/","title":{"rendered":"Volkswagen Polo Black Edition"},"content":{"rendered":"<p><\/p>\n<div class=\"wordpress-content\">\n                    <!-- Article Start --><\/p>\n<p><strong>Utrolig nok har Volkswagens polo v\u00e6rt med oss \u200b\u200bi et halvt \u00e5rhundre, og dagens rekkevidde forf\u00f8lger fortsatt det opprinnelige m\u00e5let om billig bilkvalitet. Mens det n\u00e5v\u00e6rende omr\u00e5det kan ha mer konkurranse, og til billigere priser, skinner VW -f\u00f8lelsen av kvalitet selv gjennom dette, deres inngangsniv\u00e5 Supermini.<\/strong><\/p>\n<p><span id=\"more-542721\"><\/span><\/p>\n<p>Prisene for poloomr\u00e5det starter fra \u20ac 24.862\/\u00a3 21.470. Det er syv trimniv\u00e5er og standardutstyr over line-up inkluderer billys og vindusviskere, cruisekontroll, klimaanlegg, str\u00f8mfolding, justerbare og oppvarmede d\u00f8rspeil, LED-lys, parkeringssensorer, automatisk dimmende bakre speil og CarPlay Plus Android Auto.<\/p>\n<div class=\"sra_unit\"><link rel=\"stylesheet\" id=\"block-sra\" href=\"https:\/\/euroweeklynews.com\/wp-content\/plugins\/snack-related-articles\/dist\/css\/snack-related.min.css?250312-193541\" type=\"text\/css\" media=\"all\">\n<\/div>\n<p>Polo-kraft kommer stort sett i 1,0-liters, 3-sylindret turboladet bensinform med effektutganger fra 80PS til 115PS og alle stirrer motoren p\u00e5 inngangsniv\u00e5, er TSI-enheter. Polo GTI har en 2,0-liters TSI med 207PS og en 241 km\/t\/150 mph toppfart med referanseindeksen 100 km\/t\/62 mph passert p\u00e5 bare 6,5 sekunder. Overf\u00f8ringer er enten 6-trinns manuell eller VWs velkjente DSG 7-trinns automatiske.<\/p>\n<p>Testmodellen min hadde ikke Oomph av GTI-modellen, men 115PS, 1,0-liters TSI som drev Polo Black Edition, med 7-trinns DSG-automatisk, passerer 100 km\/t\/62 mph m\u00e5ling i en visp under 10 sekunder og er mer enn kapabel. Priset til \u20ac 30.826\/\u00a3 26.620 Standardpris p\u00e5 Black Edition -modellene er sjener\u00f8s med oppvarmede sportsseter foran, smarttelefonlading, High Beam Assist, dobbel sone AC, oppvarmet sammenleggbar og justerbare d\u00f8rspeil, adaptivt cruise, fortsetter listen.<\/p>\n<p>Det er en kj\u00e6rkommen rekke knapper, og det faktum at den digitale ber\u00f8ringsskjermen ikke er overdrevet, gj\u00f8r poloen til en mye mer brukbar og mindre frustrerende kj\u00f8retur. Setene er ypperlig komfortabelt, og til tross for dens reduserende st\u00f8rrelse tilbyr de anstendige plassen for passasjerer foran og bak og baksete. Selv om en 3-sylindret motor med liten kapasitet er det en beundringsverdig foredling, med mindre du virkelig skyver kraften og nok verve n\u00e5r det er n\u00f8dvendig.<\/p>\n<p>Som med de fleste VW -modeller er det en behersket og undervurdert stil for poloen, den er stilig og klassel\u00f8s i stedet for \u00e5 ta i bruk det mer aggressive utseendet til mange konkurrenter. Selv om det er noen harde plast inne i poloen, er det en generell f\u00f8lelse av kvalitet som mangler lignende modeller fra andre produsenter.<\/p>\n<p>Hvis du vil ha en supermini som er akkurat som hjemme i byen, landlige baner eller motorvei, merker poloen alle boksene. Det er diskret og har et navn, VW, som med rette regnes som en klasse over normen. Det m\u00e5 ganske enkelt v\u00e6re p\u00e5 shopping -shortlisten din.<\/p>\n<p>                    <!-- This article has been originally published at https:\/\/euroweeklynews.com\/2025\/09\/04\/volkswagen-polo-black-edition\/ on 04 Sep 2025 at 14:58 by Mark Slack --><br \/>\n                    <!-- Article End -->\n                <\/div>\n","protected":false},"excerpt":{"rendered":"<p>Utrolig nok har Volkswagens polo v\u00e6rt med oss \u200b\u200bi et halvt \u00e5rhundre, og dagens rekkevidde<\/p>\n","protected":false},"author":1,"featured_media":9155,"comment_status":"closed","ping_status":"open","sticky":false,"template":"","format":"standard","meta":{"footnotes":""},"categories":[105],"tags":[1273,1300,2762,1317],"class_list":["post-9154","post","type-post","status-publish","format-standard","has-post-thumbnail","hentry","category-livsstil","tag-black","tag-edition","tag-polo","tag-volkswagen","generate-columns","tablet-grid-50","mobile-grid-100","grid-parent","grid-33","resize-featured-image"],"yoast_head":"<!-- This site is optimized with the Yoast SEO plugin v24.4 - https:\/\/yoast.com\/wordpress\/plugins\/seo\/ -->\n<title>Volkswagen Polo Black Edition - Nordnesrepublikken<\/title>\n<meta name=\"robots\" content=\"index, follow, max-snippet:-1, max-image-preview:large, max-video-preview:-1\" \/>\n<link rel=\"canonical\" href=\"https:\/\/nordnesrepublikken.no\/index.php\/2025\/09\/04\/volkswagen-polo-black-edition\/\" \/>\n<meta property=\"og:locale\" content=\"nb_NO\" \/>\n<meta property=\"og:type\" content=\"article\" \/>\n<meta property=\"og:title\" content=\"Volkswagen Polo Black Edition - Nordnesrepublikken\" \/>\n<meta property=\"og:description\" content=\"Utrolig nok har Volkswagens polo v\u00e6rt med oss \u200b\u200bi et halvt \u00e5rhundre, og dagens rekkevidde\" \/>\n<meta property=\"og:url\" content=\"https:\/\/nordnesrepublikken.no\/index.php\/2025\/09\/04\/volkswagen-polo-black-edition\/\" \/>\n<meta property=\"og:site_name\" content=\"Nordnesrepublikken\" \/>\n<meta property=\"article:published_time\" content=\"2025-09-04T14:49:29+00:00\" \/>\n<meta property=\"article:modified_time\" content=\"2025-09-04T14:49:31+00:00\" \/>\n<meta property=\"og:image\" content=\"https:\/\/nordnesrepublikken.no\/wp-content\/uploads\/2025\/09\/1756997370_Volkswagen-Polo-Black-Edition.jpg\" \/>\n\t<meta property=\"og:image:width\" content=\"1200\" \/>\n\t<meta property=\"og:image:height\" content=\"800\" \/>\n\t<meta property=\"og:image:type\" content=\"image\/jpeg\" \/>\n<meta name=\"author\" content=\"Ole Andersen\" \/>\n<meta name=\"twitter:card\" content=\"summary_large_image\" \/>\n<meta name=\"twitter:label1\" content=\"Skrevet av\" \/>\n\t<meta name=\"twitter:data1\" content=\"Ole Andersen\" \/>\n\t<meta name=\"twitter:label2\" content=\"Ansl. lesetid\" \/>\n\t<meta name=\"twitter:data2\" content=\"2 minutter\" \/>\n<script type=\"application\/ld+json\" class=\"yoast-schema-graph\">{\"@context\":\"https:\/\/schema.org\",\"@graph\":[{\"@type\":\"Article\",\"@id\":\"https:\/\/nordnesrepublikken.no\/index.php\/2025\/09\/04\/volkswagen-polo-black-edition\/#article\",\"isPartOf\":{\"@id\":\"https:\/\/nordnesrepublikken.no\/index.php\/2025\/09\/04\/volkswagen-polo-black-edition\/\"},\"author\":{\"name\":\"Ole Andersen\",\"@id\":\"https:\/\/nordnesrepublikken.no\/#\/schema\/person\/2e7e81935bab77882fffb79296240ff1\"},\"headline\":\"Volkswagen Polo Black Edition\",\"datePublished\":\"2025-09-04T14:49:29+00:00\",\"dateModified\":\"2025-09-04T14:49:31+00:00\",\"mainEntityOfPage\":{\"@id\":\"https:\/\/nordnesrepublikken.no\/index.php\/2025\/09\/04\/volkswagen-polo-black-edition\/\"},\"wordCount\":409,\"publisher\":{\"@id\":\"https:\/\/nordnesrepublikken.no\/#organization\"},\"image\":{\"@id\":\"https:\/\/nordnesrepublikken.no\/index.php\/2025\/09\/04\/volkswagen-polo-black-edition\/#primaryimage\"},\"thumbnailUrl\":\"https:\/\/nordnesrepublikken.no\/wp-content\/uploads\/2025\/09\/1756997370_Volkswagen-Polo-Black-Edition.jpg\",\"keywords\":[\"Black\",\"Edition\",\"Polo\",\"Volkswagen\"],\"articleSection\":[\"Livsstil\"],\"inLanguage\":\"nb-NO\"},{\"@type\":\"WebPage\",\"@id\":\"https:\/\/nordnesrepublikken.no\/index.php\/2025\/09\/04\/volkswagen-polo-black-edition\/\",\"url\":\"https:\/\/nordnesrepublikken.no\/index.php\/2025\/09\/04\/volkswagen-polo-black-edition\/\",\"name\":\"Volkswagen Polo Black Edition - Nordnesrepublikken\",\"isPartOf\":{\"@id\":\"https:\/\/nordnesrepublikken.no\/#website\"},\"primaryImageOfPage\":{\"@id\":\"https:\/\/nordnesrepublikken.no\/index.php\/2025\/09\/04\/volkswagen-polo-black-edition\/#primaryimage\"},\"image\":{\"@id\":\"https:\/\/nordnesrepublikken.no\/index.php\/2025\/09\/04\/volkswagen-polo-black-edition\/#primaryimage\"},\"thumbnailUrl\":\"https:\/\/nordnesrepublikken.no\/wp-content\/uploads\/2025\/09\/1756997370_Volkswagen-Polo-Black-Edition.jpg\",\"datePublished\":\"2025-09-04T14:49:29+00:00\",\"dateModified\":\"2025-09-04T14:49:31+00:00\",\"breadcrumb\":{\"@id\":\"https:\/\/nordnesrepublikken.no\/index.php\/2025\/09\/04\/volkswagen-polo-black-edition\/#breadcrumb\"},\"inLanguage\":\"nb-NO\",\"potentialAction\":[{\"@type\":\"ReadAction\",\"target\":[\"https:\/\/nordnesrepublikken.no\/index.php\/2025\/09\/04\/volkswagen-polo-black-edition\/\"]}]},{\"@type\":\"ImageObject\",\"inLanguage\":\"nb-NO\",\"@id\":\"https:\/\/nordnesrepublikken.no\/index.php\/2025\/09\/04\/volkswagen-polo-black-edition\/#primaryimage\",\"url\":\"https:\/\/nordnesrepublikken.no\/wp-content\/uploads\/2025\/09\/1756997370_Volkswagen-Polo-Black-Edition.jpg\",\"contentUrl\":\"https:\/\/nordnesrepublikken.no\/wp-content\/uploads\/2025\/09\/1756997370_Volkswagen-Polo-Black-Edition.jpg\",\"width\":1200,\"height\":800,\"caption\":\"Volkswagen Polo Black Edition\"},{\"@type\":\"BreadcrumbList\",\"@id\":\"https:\/\/nordnesrepublikken.no\/index.php\/2025\/09\/04\/volkswagen-polo-black-edition\/#breadcrumb\",\"itemListElement\":[{\"@type\":\"ListItem\",\"position\":1,\"name\":\"Home\",\"item\":\"https:\/\/nordnesrepublikken.no\/\"},{\"@type\":\"ListItem\",\"position\":2,\"name\":\"Volkswagen Polo Black Edition\"}]},{\"@type\":\"WebSite\",\"@id\":\"https:\/\/nordnesrepublikken.no\/#website\",\"url\":\"https:\/\/nordnesrepublikken.no\/\",\"name\":\"Nordnesrepublikken\",\"description\":\"Stemmer og Visjoner fra Republikkens Hjerte\",\"publisher\":{\"@id\":\"https:\/\/nordnesrepublikken.no\/#organization\"},\"potentialAction\":[{\"@type\":\"SearchAction\",\"target\":{\"@type\":\"EntryPoint\",\"urlTemplate\":\"https:\/\/nordnesrepublikken.no\/?s={search_term_string}\"},\"query-input\":{\"@type\":\"PropertyValueSpecification\",\"valueRequired\":true,\"valueName\":\"search_term_string\"}}],\"inLanguage\":\"nb-NO\"},{\"@type\":\"Organization\",\"@id\":\"https:\/\/nordnesrepublikken.no\/#organization\",\"name\":\"Nordnesrepublikken\",\"url\":\"https:\/\/nordnesrepublikken.no\/\",\"logo\":{\"@type\":\"ImageObject\",\"inLanguage\":\"nb-NO\",\"@id\":\"https:\/\/nordnesrepublikken.no\/#\/schema\/logo\/image\/\",\"url\":\"https:\/\/nordnesrepublikken.no\/wp-content\/uploads\/2025\/02\/cropped-nordnesrepublikken-2.png\",\"contentUrl\":\"https:\/\/nordnesrepublikken.no\/wp-content\/uploads\/2025\/02\/cropped-nordnesrepublikken-2.png\",\"width\":1248,\"height\":362,\"caption\":\"Nordnesrepublikken\"},\"image\":{\"@id\":\"https:\/\/nordnesrepublikken.no\/#\/schema\/logo\/image\/\"}},{\"@type\":\"Person\",\"@id\":\"https:\/\/nordnesrepublikken.no\/#\/schema\/person\/2e7e81935bab77882fffb79296240ff1\",\"name\":\"Ole Andersen\",\"image\":{\"@type\":\"ImageObject\",\"inLanguage\":\"nb-NO\",\"@id\":\"https:\/\/nordnesrepublikken.no\/#\/schema\/person\/image\/\",\"url\":\"https:\/\/nordnesrepublikken.no\/wp-content\/uploads\/2025\/02\/nordnesrepublikken-2-2-150x150.jpg\",\"contentUrl\":\"https:\/\/nordnesrepublikken.no\/wp-content\/uploads\/2025\/02\/nordnesrepublikken-2-2-150x150.jpg\",\"caption\":\"Ole Andersen\"},\"description\":\"Ettersom jeg vokste opp i Oslo, har jeg alltid v\u00e6rt fascinert av ordenes kraft og deres evne til \u00e5 skape endringer. Etter \u00e5 ha fullf\u00f8rt min utdannelse i kommunikasjon ved Universitetet i Bergen, fikk jeg muligheten til \u00e5 jobbe innen ulike medier, der jeg har s\u00f8kt \u00e5 belyse viktige samfunnssp\u00f8rsm\u00e5l. I dag, som redakt\u00f8r for Nordnesrepublikken, pr\u00f8ver jeg \u00e5 forene min kj\u00e6rlighet for journalistikk med min lidenskap for innovasjon og eventyr.\",\"sameAs\":[\"https:\/\/nordnesrepublikken.no\/\"]}]}<\/script>\n<!-- \/ Yoast SEO plugin. -->","yoast_head_json":{"title":"Volkswagen Polo Black Edition - Nordnesrepublikken","robots":{"index":"index","follow":"follow","max-snippet":"max-snippet:-1","max-image-preview":"max-image-preview:large","max-video-preview":"max-video-preview:-1"},"canonical":"https:\/\/nordnesrepublikken.no\/index.php\/2025\/09\/04\/volkswagen-polo-black-edition\/","og_locale":"nb_NO","og_type":"article","og_title":"Volkswagen Polo Black Edition - Nordnesrepublikken","og_description":"Utrolig nok har Volkswagens polo v\u00e6rt med oss \u200b\u200bi et halvt \u00e5rhundre, og dagens rekkevidde","og_url":"https:\/\/nordnesrepublikken.no\/index.php\/2025\/09\/04\/volkswagen-polo-black-edition\/","og_site_name":"Nordnesrepublikken","article_published_time":"2025-09-04T14:49:29+00:00","article_modified_time":"2025-09-04T14:49:31+00:00","og_image":[{"width":1200,"height":800,"url":"https:\/\/nordnesrepublikken.no\/wp-content\/uploads\/2025\/09\/1756997370_Volkswagen-Polo-Black-Edition.jpg","type":"image\/jpeg"}],"author":"Ole Andersen","twitter_card":"summary_large_image","twitter_misc":{"Skrevet av":"Ole Andersen","Ansl. lesetid":"2 minutter"},"schema":{"@context":"https:\/\/schema.org","@graph":[{"@type":"Article","@id":"https:\/\/nordnesrepublikken.no\/index.php\/2025\/09\/04\/volkswagen-polo-black-edition\/#article","isPartOf":{"@id":"https:\/\/nordnesrepublikken.no\/index.php\/2025\/09\/04\/volkswagen-polo-black-edition\/"},"author":{"name":"Ole Andersen","@id":"https:\/\/nordnesrepublikken.no\/#\/schema\/person\/2e7e81935bab77882fffb79296240ff1"},"headline":"Volkswagen Polo Black Edition","datePublished":"2025-09-04T14:49:29+00:00","dateModified":"2025-09-04T14:49:31+00:00","mainEntityOfPage":{"@id":"https:\/\/nordnesrepublikken.no\/index.php\/2025\/09\/04\/volkswagen-polo-black-edition\/"},"wordCount":409,"publisher":{"@id":"https:\/\/nordnesrepublikken.no\/#organization"},"image":{"@id":"https:\/\/nordnesrepublikken.no\/index.php\/2025\/09\/04\/volkswagen-polo-black-edition\/#primaryimage"},"thumbnailUrl":"https:\/\/nordnesrepublikken.no\/wp-content\/uploads\/2025\/09\/1756997370_Volkswagen-Polo-Black-Edition.jpg","keywords":["Black","Edition","Polo","Volkswagen"],"articleSection":["Livsstil"],"inLanguage":"nb-NO"},{"@type":"WebPage","@id":"https:\/\/nordnesrepublikken.no\/index.php\/2025\/09\/04\/volkswagen-polo-black-edition\/","url":"https:\/\/nordnesrepublikken.no\/index.php\/2025\/09\/04\/volkswagen-polo-black-edition\/","name":"Volkswagen Polo Black Edition - Nordnesrepublikken","isPartOf":{"@id":"https:\/\/nordnesrepublikken.no\/#website"},"primaryImageOfPage":{"@id":"https:\/\/nordnesrepublikken.no\/index.php\/2025\/09\/04\/volkswagen-polo-black-edition\/#primaryimage"},"image":{"@id":"https:\/\/nordnesrepublikken.no\/index.php\/2025\/09\/04\/volkswagen-polo-black-edition\/#primaryimage"},"thumbnailUrl":"https:\/\/nordnesrepublikken.no\/wp-content\/uploads\/2025\/09\/1756997370_Volkswagen-Polo-Black-Edition.jpg","datePublished":"2025-09-04T14:49:29+00:00","dateModified":"2025-09-04T14:49:31+00:00","breadcrumb":{"@id":"https:\/\/nordnesrepublikken.no\/index.php\/2025\/09\/04\/volkswagen-polo-black-edition\/#breadcrumb"},"inLanguage":"nb-NO","potentialAction":[{"@type":"ReadAction","target":["https:\/\/nordnesrepublikken.no\/index.php\/2025\/09\/04\/volkswagen-polo-black-edition\/"]}]},{"@type":"ImageObject","inLanguage":"nb-NO","@id":"https:\/\/nordnesrepublikken.no\/index.php\/2025\/09\/04\/volkswagen-polo-black-edition\/#primaryimage","url":"https:\/\/nordnesrepublikken.no\/wp-content\/uploads\/2025\/09\/1756997370_Volkswagen-Polo-Black-Edition.jpg","contentUrl":"https:\/\/nordnesrepublikken.no\/wp-content\/uploads\/2025\/09\/1756997370_Volkswagen-Polo-Black-Edition.jpg","width":1200,"height":800,"caption":"Volkswagen Polo Black Edition"},{"@type":"BreadcrumbList","@id":"https:\/\/nordnesrepublikken.no\/index.php\/2025\/09\/04\/volkswagen-polo-black-edition\/#breadcrumb","itemListElement":[{"@type":"ListItem","position":1,"name":"Home","item":"https:\/\/nordnesrepublikken.no\/"},{"@type":"ListItem","position":2,"name":"Volkswagen Polo Black Edition"}]},{"@type":"WebSite","@id":"https:\/\/nordnesrepublikken.no\/#website","url":"https:\/\/nordnesrepublikken.no\/","name":"Nordnesrepublikken","description":"Stemmer og Visjoner fra Republikkens Hjerte","publisher":{"@id":"https:\/\/nordnesrepublikken.no\/#organization"},"potentialAction":[{"@type":"SearchAction","target":{"@type":"EntryPoint","urlTemplate":"https:\/\/nordnesrepublikken.no\/?s={search_term_string}"},"query-input":{"@type":"PropertyValueSpecification","valueRequired":true,"valueName":"search_term_string"}}],"inLanguage":"nb-NO"},{"@type":"Organization","@id":"https:\/\/nordnesrepublikken.no\/#organization","name":"Nordnesrepublikken","url":"https:\/\/nordnesrepublikken.no\/","logo":{"@type":"ImageObject","inLanguage":"nb-NO","@id":"https:\/\/nordnesrepublikken.no\/#\/schema\/logo\/image\/","url":"https:\/\/nordnesrepublikken.no\/wp-content\/uploads\/2025\/02\/cropped-nordnesrepublikken-2.png","contentUrl":"https:\/\/nordnesrepublikken.no\/wp-content\/uploads\/2025\/02\/cropped-nordnesrepublikken-2.png","width":1248,"height":362,"caption":"Nordnesrepublikken"},"image":{"@id":"https:\/\/nordnesrepublikken.no\/#\/schema\/logo\/image\/"}},{"@type":"Person","@id":"https:\/\/nordnesrepublikken.no\/#\/schema\/person\/2e7e81935bab77882fffb79296240ff1","name":"Ole Andersen","image":{"@type":"ImageObject","inLanguage":"nb-NO","@id":"https:\/\/nordnesrepublikken.no\/#\/schema\/person\/image\/","url":"https:\/\/nordnesrepublikken.no\/wp-content\/uploads\/2025\/02\/nordnesrepublikken-2-2-150x150.jpg","contentUrl":"https:\/\/nordnesrepublikken.no\/wp-content\/uploads\/2025\/02\/nordnesrepublikken-2-2-150x150.jpg","caption":"Ole Andersen"},"description":"Ettersom jeg vokste opp i Oslo, har jeg alltid v\u00e6rt fascinert av ordenes kraft og deres evne til \u00e5 skape endringer. Etter \u00e5 ha fullf\u00f8rt min utdannelse i kommunikasjon ved Universitetet i Bergen, fikk jeg muligheten til \u00e5 jobbe innen ulike medier, der jeg har s\u00f8kt \u00e5 belyse viktige samfunnssp\u00f8rsm\u00e5l. I dag, som redakt\u00f8r for Nordnesrepublikken, pr\u00f8ver jeg \u00e5 forene min kj\u00e6rlighet for journalistikk med min lidenskap for innovasjon og eventyr.","sameAs":["https:\/\/nordnesrepublikken.no\/"]}]}},"_links":{"self":[{"href":"https:\/\/nordnesrepublikken.no\/index.php\/wp-json\/wp\/v2\/posts\/9154","targetHints":{"allow":["GET"]}}],"collection":[{"href":"https:\/\/nordnesrepublikken.no\/index.php\/wp-json\/wp\/v2\/posts"}],"about":[{"href":"https:\/\/nordnesrepublikken.no\/index.php\/wp-json\/wp\/v2\/types\/post"}],"author":[{"embeddable":true,"href":"https:\/\/nordnesrepublikken.no\/index.php\/wp-json\/wp\/v2\/users\/1"}],"replies":[{"embeddable":true,"href":"https:\/\/nordnesrepublikken.no\/index.php\/wp-json\/wp\/v2\/comments?post=9154"}],"version-history":[{"count":1,"href":"https:\/\/nordnesrepublikken.no\/index.php\/wp-json\/wp\/v2\/posts\/9154\/revisions"}],"predecessor-version":[{"id":9156,"href":"https:\/\/nordnesrepublikken.no\/index.php\/wp-json\/wp\/v2\/posts\/9154\/revisions\/9156"}],"wp:featuredmedia":[{"embeddable":true,"href":"https:\/\/nordnesrepublikken.no\/index.php\/wp-json\/wp\/v2\/media\/9155"}],"wp:attachment":[{"href":"https:\/\/nordnesrepublikken.no\/index.php\/wp-json\/wp\/v2\/media?parent=9154"}],"wp:term":[{"taxonomy":"category","embeddable":true,"href":"https:\/\/nordnesrepublikken.no\/index.php\/wp-json\/wp\/v2\/categories?post=9154"},{"taxonomy":"post_tag","embeddable":true,"href":"https:\/\/nordnesrepublikken.no\/index.php\/wp-json\/wp\/v2\/tags?post=9154"}],"curies":[{"name":"wp","href":"https:\/\/api.w.org\/{rel}","templated":true}]}}