{"id":9128,"date":"2025-09-03T23:49:44","date_gmt":"2025-09-03T21:49:44","guid":{"rendered":"https:\/\/nordnesrepublikken.no\/index.php\/2025\/09\/03\/fordi-sollyset-blekner-fargene-pa-t-skjortene-det-er-ultrafiolett-straler-feil\/"},"modified":"2025-09-03T23:49:59","modified_gmt":"2025-09-03T21:49:59","slug":"fordi-sollyset-blekner-fargene-pa-t-skjortene-det-er-ultrafiolett-straler-feil","status":"publish","type":"post","link":"https:\/\/nordnesrepublikken.no\/index.php\/2025\/09\/03\/fordi-sollyset-blekner-fargene-pa-t-skjortene-det-er-ultrafiolett-straler-feil\/","title":{"rendered":"Fordi sollyset blekner fargene p\u00e5 t-skjortene: det er ultrafiolett str\u00e5ler feil"},"content":{"rendered":"<div>\n<div class=\"cp_wrapper cp_wrapper--fw mb-30 mb-20@tablet\">\n<figure class=\"mm\"><picture class=\"img\" style=\"padding-top:56.25%\"><source  media=\"(min-width: 1024px)\"><source  media=\"(min-width: 768px)\"><\/source><\/source><\/picture><\/figure>\n<\/p><\/div>\n<p>Kl\u00e6r kan p\u00e5virkes av en<strong>langvarig eksponering for solen<\/strong>: Faktisk har solcelle -ultrafiolette str\u00e5lene nok energi til \u00e5 bryte koblingene til molekylene som er ansvarlige for fargen, fargestoffene, i en prosess som heter <strong>Fotodegrasjon<\/strong>. Effekten kan fremheves av andre faktorer som temperaturen og tilstedev\u00e6relsen av oksygen.<\/p>\n<p>I praksis trekker fargestoffene noen deler av det synlige spekteret og refererer tilbake &#8211; i v\u00e5re \u00f8yne &#8211; resten, som ofte er <strong>komplement\u00e6r farge<\/strong> av det absorberes. For eksempel, hvis et molekyl absorberer bl\u00e5tt lys, gjenspeiler det det gule, som er fargen vi ser. Hvis han absorberer det r\u00f8de, gjenspeiler det gr\u00f8nne og stoffet vil virke gr\u00f8nt. Hvis sollyset &laquo;bryter dem&raquo;, <strong>Nyanser av kl\u00e6rne tilgir glans<\/strong> Og sakte blir de stadig mer &laquo;anonyme&raquo;. Omfanget av falming avhenger av <strong>Kjemisk struktur av fargelegging og fiber<\/strong> hvis kjole er komponert: Noen motst\u00e5r bedre, andre gir en hast. Tekstilindustrien kan delvis unng\u00e5 dette fenomenet gjennom <strong>anti-UV-tilsetningsstoffer<\/strong>men vi kan ogs\u00e5 ta i bruk strategier hjemme for \u00e5 begrense skaden, hvordan du kan unng\u00e5 \u00e5 spre kl\u00e6r i direkte sollys eller bruke delikat vasking.<\/p>\n<h2>UV -str\u00e5lene av solen &laquo;bryter&raquo; fargestoffmolekylene og falmer fargene<\/h2>\n<p>Fargestoffene <strong>De er ikke evige<\/strong> og immun mot virkningen av ultrafiolett lys. Deres stabilitet mot lys m\u00e5les med en parameter som heter <strong>Lysmotstand<\/strong> (Lysfast). N\u00e5r et fargestoff har god lysmotstand, betyr det at det opprettholder sin skygge selv etter langvarig eksponering for solen; N\u00e5r den har lav, forsvinner fargen raskt. Generelt avhenger lysmotstand hovedsakelig av <strong>Kjemisk struktur <\/strong>av fargestoffet, eller rettere sagt av <strong>kromopher<\/strong> (Den delen av molekylet som gir farge), og fra interaksjonen med stofffibrene: jo mer stabil strukturen til kromoforen er stabil, jo mer vil fargen p\u00e5 skjortene v\u00e5re forbli s\u00e5 snart du kj\u00f8per.<\/p>\n<p>Andre fargestoffer i stedet, s\u00e5rbare for <strong>Fotodegradering: <\/strong>N\u00e5r sollyset p\u00e5virker kromopher, bryter bokstavelig talt molekylet <strong>bryter obligasjonene<\/strong>. Hvis strukturen knuses og bindingene gir opp, fargestoffet <strong>nedbryter<\/strong> Og den utf\u00f8rer ikke lenger sin &laquo;fargerike&raquo; funksjon. Jo lenger eksponeringen er, jo mer fargelegging slipper den endelige fargen, noe som for\u00e5rsaker en stadig mer avansert falming.<\/p>\n<div class=\"cp_wrapper cp_wrapper--fw mb-50\">\n<figure class=\"mm\"><picture class=\"img\" style=\"padding-top:66.666666666667%\"><source  media=\"(min-width: 1024px)\"><source  media=\"(min-width: 768px)\"><img decoding=\"async\" loading=\"lazy\" src=\"https:\/\/nordnesrepublikken.no\/wp-content\/uploads\/2025\/09\/1756936184_949_Fordi-sollyset-blekner-fargene-pa-t-skjortene-det-er-ultrafiolett-straler.jpg\" alt=\"Stofffarging fotoderazing\" width=\"3864\" height=\"2576\"><\/source><\/source><\/picture><\/figure>\n<\/p><\/div>\n<h2><strong>Ikke bare fargestoffer: Solen for\u00e5rsaker foto-oksidasjon av fibrene<\/strong><\/h2>\n<p>I virkeligheten p\u00e5virker fenomenet fotodegreringen ogs\u00e5 de samme fibrene av stoff: spesielt naturlige fibre som som som <strong>bomull<\/strong> eller ull lider ekte <strong>Brudd og skade p\u00e5 overflaten<\/strong> Hvis det blir utsatt i lang tid i solen. UV -lys begeistrer molekyler ikke bare av fargestoffene, men ogs\u00e5 av fibrene selv, og skaper <strong>Gratis radikaler<\/strong>ekstremt reaktive forbindelser. Disse, sammen med oksygenet som er til stede i luften, utl\u00f8ser reaksjoner av <strong>Foto-oksidasjon <\/strong>fiber. Ogs\u00e5 i dette tilfellet svekkes den kjemiske strukturen, men denne gangen er det fibrene som utgj\u00f8r stoffet som er p\u00e5virket. Resultatet er en dobbel skade, ikke bare misfarges, men ogs\u00e5 <strong>Ekte svekkelse av stoffet.<\/strong><\/p>\n<h2><strong>Hvordan begrense falming<\/strong><\/h2>\n<p>Hvis bransjen pr\u00f8ver \u00e5 l\u00f8se problemet ved \u00e5 velge mer resistente fargestoffer og legge til <strong>anti-UV-tilsetningsstoffer<\/strong> (En slags &laquo;solkrem&raquo; for stoffer), kan vi ogs\u00e5 gj\u00f8re v\u00e5r del. Noen daglige triks er enkle, men effektive:<\/p>\n<ul>\n<li><strong>Unng\u00e5 direkte t\u00f8rking i solen<\/strong>: \u00c5 spre kl\u00e6r i skyggen eller snu kl\u00e6rne opp ned kan redusere eksponeringen av fargestoffene for UV -str\u00e5ler;<\/li>\n<li><strong>delikat vasking og lave temperaturer<\/strong>: aggressive vaskemidler og varme opp fargestoffene og fibrene ytterligere;<\/li>\n<li><strong>Rotasjon av kl\u00e6r<\/strong>: vekslende favorittplagg for \u00e5 forhindre at bare en gjennomg\u00e5r den kumulative effekten av solen.<\/li>\n<\/ul>\n<p>\u00c5 f\u00f8lge disse tipsene vil ikke forhindre at plaggene misfarges over tid: Ingenting er evig, men vi kan begrense fenomenet med litt enkel omsorg.<\/p>\n<div class=\"cp_wrapper  mb-50\">\n<div class=\"cbx\">\n<div class=\"cbx__collection\">\n<p>Kilder<\/p>\n<div class=\"cbx__sources\">                                                                                                                          Schindler, WD, &#038; Hauser, PJ (2004). Fullf\u00f8r for \u00e5 forbedre fargenes fart. Ved kjemisk etterbehandling av tekstiler (s. 144\u2013156). Elsevier DeBattista, R., Tidy, H., &#038; Clark, M. (2019). \u00c5 unders\u00f8ke effekten fotodegradering har p\u00e5 naturlige fibre p\u00e5 mikroskopisk niv\u00e5. Science and Justice, 59 (5), 498\u2013502.                                                                                 <\/p>\n<p>Christie, RM Color Chemistry, 2. utg., Royal Society of Chemistry, 2015.<\/p>\n<p>                                                                                 God lysfasthet                                                 <\/p><\/div>\n<\/p><\/div>\n<\/p><\/div>\n<\/p><\/div>\n<\/p><\/div>\n","protected":false},"excerpt":{"rendered":"<p>Kl\u00e6r kan p\u00e5virkes av enlangvarig eksponering for solen: Faktisk har solcelle -ultrafiolette str\u00e5lene nok energi<\/p>\n","protected":false},"author":1,"featured_media":9129,"comment_status":"closed","ping_status":"open","sticky":false,"template":"","format":"standard","meta":{"footnotes":""},"categories":[24],"tags":[5989,66,5097,2113,83,81,5988,2934,5990,5991],"class_list":["post-9128","post","type-post","status-publish","format-standard","has-post-thumbnail","hentry","category-vitenskap","tag-blekner","tag-det","tag-fargene","tag-feil","tag-fordi","tag-pa","tag-sollyset","tag-straler","tag-tskjortene","tag-ultrafiolett","generate-columns","tablet-grid-50","mobile-grid-100","grid-parent","grid-33","resize-featured-image"],"yoast_head":"<!-- This site is optimized with the Yoast SEO plugin v24.4 - https:\/\/yoast.com\/wordpress\/plugins\/seo\/ -->\n<title>Fordi sollyset blekner fargene p\u00e5 t-skjortene: det er ultrafiolett str\u00e5ler feil - Nordnesrepublikken<\/title>\n<meta name=\"robots\" content=\"index, follow, max-snippet:-1, max-image-preview:large, max-video-preview:-1\" \/>\n<link rel=\"canonical\" href=\"https:\/\/nordnesrepublikken.no\/index.php\/2025\/09\/03\/fordi-sollyset-blekner-fargene-pa-t-skjortene-det-er-ultrafiolett-straler-feil\/\" \/>\n<meta property=\"og:locale\" content=\"nb_NO\" \/>\n<meta property=\"og:type\" content=\"article\" \/>\n<meta property=\"og:title\" content=\"Fordi sollyset blekner fargene p\u00e5 t-skjortene: det er ultrafiolett str\u00e5ler feil - Nordnesrepublikken\" \/>\n<meta property=\"og:description\" content=\"Kl\u00e6r kan p\u00e5virkes av enlangvarig eksponering for solen: Faktisk har solcelle -ultrafiolette str\u00e5lene nok energi\" \/>\n<meta property=\"og:url\" content=\"https:\/\/nordnesrepublikken.no\/index.php\/2025\/09\/03\/fordi-sollyset-blekner-fargene-pa-t-skjortene-det-er-ultrafiolett-straler-feil\/\" \/>\n<meta property=\"og:site_name\" content=\"Nordnesrepublikken\" \/>\n<meta property=\"article:published_time\" content=\"2025-09-03T21:49:44+00:00\" \/>\n<meta property=\"article:modified_time\" content=\"2025-09-03T21:49:59+00:00\" \/>\n<meta property=\"og:image\" content=\"https:\/\/nordnesrepublikken.no\/wp-content\/uploads\/2025\/09\/1756936184_Fordi-sollyset-blekner-fargene-pa-t-skjortene-det-er-ultrafiolett-straler-scaled.jpg\" \/>\n\t<meta property=\"og:image:width\" content=\"2560\" \/>\n\t<meta property=\"og:image:height\" content=\"1707\" \/>\n\t<meta property=\"og:image:type\" content=\"image\/jpeg\" \/>\n<meta name=\"author\" content=\"Ole Andersen\" \/>\n<meta name=\"twitter:card\" content=\"summary_large_image\" \/>\n<meta name=\"twitter:label1\" content=\"Skrevet av\" \/>\n\t<meta name=\"twitter:data1\" content=\"Ole Andersen\" \/>\n\t<meta name=\"twitter:label2\" content=\"Ansl. lesetid\" \/>\n\t<meta name=\"twitter:data2\" content=\"3 minutter\" \/>\n<script type=\"application\/ld+json\" class=\"yoast-schema-graph\">{\"@context\":\"https:\/\/schema.org\",\"@graph\":[{\"@type\":\"Article\",\"@id\":\"https:\/\/nordnesrepublikken.no\/index.php\/2025\/09\/03\/fordi-sollyset-blekner-fargene-pa-t-skjortene-det-er-ultrafiolett-straler-feil\/#article\",\"isPartOf\":{\"@id\":\"https:\/\/nordnesrepublikken.no\/index.php\/2025\/09\/03\/fordi-sollyset-blekner-fargene-pa-t-skjortene-det-er-ultrafiolett-straler-feil\/\"},\"author\":{\"name\":\"Ole Andersen\",\"@id\":\"https:\/\/nordnesrepublikken.no\/#\/schema\/person\/2e7e81935bab77882fffb79296240ff1\"},\"headline\":\"Fordi sollyset blekner fargene p\u00e5 t-skjortene: det er ultrafiolett str\u00e5ler feil\",\"datePublished\":\"2025-09-03T21:49:44+00:00\",\"dateModified\":\"2025-09-03T21:49:59+00:00\",\"mainEntityOfPage\":{\"@id\":\"https:\/\/nordnesrepublikken.no\/index.php\/2025\/09\/03\/fordi-sollyset-blekner-fargene-pa-t-skjortene-det-er-ultrafiolett-straler-feil\/\"},\"wordCount\":652,\"publisher\":{\"@id\":\"https:\/\/nordnesrepublikken.no\/#organization\"},\"image\":{\"@id\":\"https:\/\/nordnesrepublikken.no\/index.php\/2025\/09\/03\/fordi-sollyset-blekner-fargene-pa-t-skjortene-det-er-ultrafiolett-straler-feil\/#primaryimage\"},\"thumbnailUrl\":\"https:\/\/nordnesrepublikken.no\/wp-content\/uploads\/2025\/09\/1756936184_Fordi-sollyset-blekner-fargene-pa-t-skjortene-det-er-ultrafiolett-straler-scaled.jpg\",\"keywords\":[\"blekner\",\"Det\",\"fargene\",\"feil\",\"Fordi\",\"p\u00e5\",\"sollyset\",\"str\u00e5ler\",\"tskjortene\",\"ultrafiolett\"],\"articleSection\":[\"Vitenskap\"],\"inLanguage\":\"nb-NO\"},{\"@type\":\"WebPage\",\"@id\":\"https:\/\/nordnesrepublikken.no\/index.php\/2025\/09\/03\/fordi-sollyset-blekner-fargene-pa-t-skjortene-det-er-ultrafiolett-straler-feil\/\",\"url\":\"https:\/\/nordnesrepublikken.no\/index.php\/2025\/09\/03\/fordi-sollyset-blekner-fargene-pa-t-skjortene-det-er-ultrafiolett-straler-feil\/\",\"name\":\"Fordi sollyset blekner fargene p\u00e5 t-skjortene: det er ultrafiolett str\u00e5ler feil - Nordnesrepublikken\",\"isPartOf\":{\"@id\":\"https:\/\/nordnesrepublikken.no\/#website\"},\"primaryImageOfPage\":{\"@id\":\"https:\/\/nordnesrepublikken.no\/index.php\/2025\/09\/03\/fordi-sollyset-blekner-fargene-pa-t-skjortene-det-er-ultrafiolett-straler-feil\/#primaryimage\"},\"image\":{\"@id\":\"https:\/\/nordnesrepublikken.no\/index.php\/2025\/09\/03\/fordi-sollyset-blekner-fargene-pa-t-skjortene-det-er-ultrafiolett-straler-feil\/#primaryimage\"},\"thumbnailUrl\":\"https:\/\/nordnesrepublikken.no\/wp-content\/uploads\/2025\/09\/1756936184_Fordi-sollyset-blekner-fargene-pa-t-skjortene-det-er-ultrafiolett-straler-scaled.jpg\",\"datePublished\":\"2025-09-03T21:49:44+00:00\",\"dateModified\":\"2025-09-03T21:49:59+00:00\",\"breadcrumb\":{\"@id\":\"https:\/\/nordnesrepublikken.no\/index.php\/2025\/09\/03\/fordi-sollyset-blekner-fargene-pa-t-skjortene-det-er-ultrafiolett-straler-feil\/#breadcrumb\"},\"inLanguage\":\"nb-NO\",\"potentialAction\":[{\"@type\":\"ReadAction\",\"target\":[\"https:\/\/nordnesrepublikken.no\/index.php\/2025\/09\/03\/fordi-sollyset-blekner-fargene-pa-t-skjortene-det-er-ultrafiolett-straler-feil\/\"]}]},{\"@type\":\"ImageObject\",\"inLanguage\":\"nb-NO\",\"@id\":\"https:\/\/nordnesrepublikken.no\/index.php\/2025\/09\/03\/fordi-sollyset-blekner-fargene-pa-t-skjortene-det-er-ultrafiolett-straler-feil\/#primaryimage\",\"url\":\"https:\/\/nordnesrepublikken.no\/wp-content\/uploads\/2025\/09\/1756936184_Fordi-sollyset-blekner-fargene-pa-t-skjortene-det-er-ultrafiolett-straler-scaled.jpg\",\"contentUrl\":\"https:\/\/nordnesrepublikken.no\/wp-content\/uploads\/2025\/09\/1756936184_Fordi-sollyset-blekner-fargene-pa-t-skjortene-det-er-ultrafiolett-straler-scaled.jpg\",\"width\":2560,\"height\":1707,\"caption\":\"magliette sbiadiscono al sole\"},{\"@type\":\"BreadcrumbList\",\"@id\":\"https:\/\/nordnesrepublikken.no\/index.php\/2025\/09\/03\/fordi-sollyset-blekner-fargene-pa-t-skjortene-det-er-ultrafiolett-straler-feil\/#breadcrumb\",\"itemListElement\":[{\"@type\":\"ListItem\",\"position\":1,\"name\":\"Home\",\"item\":\"https:\/\/nordnesrepublikken.no\/\"},{\"@type\":\"ListItem\",\"position\":2,\"name\":\"Fordi sollyset blekner fargene p\u00e5 t-skjortene: det er ultrafiolett str\u00e5ler feil\"}]},{\"@type\":\"WebSite\",\"@id\":\"https:\/\/nordnesrepublikken.no\/#website\",\"url\":\"https:\/\/nordnesrepublikken.no\/\",\"name\":\"Nordnesrepublikken\",\"description\":\"Stemmer og Visjoner fra Republikkens Hjerte\",\"publisher\":{\"@id\":\"https:\/\/nordnesrepublikken.no\/#organization\"},\"potentialAction\":[{\"@type\":\"SearchAction\",\"target\":{\"@type\":\"EntryPoint\",\"urlTemplate\":\"https:\/\/nordnesrepublikken.no\/?s={search_term_string}\"},\"query-input\":{\"@type\":\"PropertyValueSpecification\",\"valueRequired\":true,\"valueName\":\"search_term_string\"}}],\"inLanguage\":\"nb-NO\"},{\"@type\":\"Organization\",\"@id\":\"https:\/\/nordnesrepublikken.no\/#organization\",\"name\":\"Nordnesrepublikken\",\"url\":\"https:\/\/nordnesrepublikken.no\/\",\"logo\":{\"@type\":\"ImageObject\",\"inLanguage\":\"nb-NO\",\"@id\":\"https:\/\/nordnesrepublikken.no\/#\/schema\/logo\/image\/\",\"url\":\"https:\/\/nordnesrepublikken.no\/wp-content\/uploads\/2025\/02\/cropped-nordnesrepublikken-2.png\",\"contentUrl\":\"https:\/\/nordnesrepublikken.no\/wp-content\/uploads\/2025\/02\/cropped-nordnesrepublikken-2.png\",\"width\":1248,\"height\":362,\"caption\":\"Nordnesrepublikken\"},\"image\":{\"@id\":\"https:\/\/nordnesrepublikken.no\/#\/schema\/logo\/image\/\"}},{\"@type\":\"Person\",\"@id\":\"https:\/\/nordnesrepublikken.no\/#\/schema\/person\/2e7e81935bab77882fffb79296240ff1\",\"name\":\"Ole Andersen\",\"image\":{\"@type\":\"ImageObject\",\"inLanguage\":\"nb-NO\",\"@id\":\"https:\/\/nordnesrepublikken.no\/#\/schema\/person\/image\/\",\"url\":\"https:\/\/nordnesrepublikken.no\/wp-content\/uploads\/2025\/02\/nordnesrepublikken-2-2-150x150.jpg\",\"contentUrl\":\"https:\/\/nordnesrepublikken.no\/wp-content\/uploads\/2025\/02\/nordnesrepublikken-2-2-150x150.jpg\",\"caption\":\"Ole Andersen\"},\"description\":\"Ettersom jeg vokste opp i Oslo, har jeg alltid v\u00e6rt fascinert av ordenes kraft og deres evne til \u00e5 skape endringer. Etter \u00e5 ha fullf\u00f8rt min utdannelse i kommunikasjon ved Universitetet i Bergen, fikk jeg muligheten til \u00e5 jobbe innen ulike medier, der jeg har s\u00f8kt \u00e5 belyse viktige samfunnssp\u00f8rsm\u00e5l. I dag, som redakt\u00f8r for Nordnesrepublikken, pr\u00f8ver jeg \u00e5 forene min kj\u00e6rlighet for journalistikk med min lidenskap for innovasjon og eventyr.\",\"sameAs\":[\"https:\/\/nordnesrepublikken.no\/\"]}]}<\/script>\n<!-- \/ Yoast SEO plugin. -->","yoast_head_json":{"title":"Fordi sollyset blekner fargene p\u00e5 t-skjortene: det er ultrafiolett str\u00e5ler feil - Nordnesrepublikken","robots":{"index":"index","follow":"follow","max-snippet":"max-snippet:-1","max-image-preview":"max-image-preview:large","max-video-preview":"max-video-preview:-1"},"canonical":"https:\/\/nordnesrepublikken.no\/index.php\/2025\/09\/03\/fordi-sollyset-blekner-fargene-pa-t-skjortene-det-er-ultrafiolett-straler-feil\/","og_locale":"nb_NO","og_type":"article","og_title":"Fordi sollyset blekner fargene p\u00e5 t-skjortene: det er ultrafiolett str\u00e5ler feil - Nordnesrepublikken","og_description":"Kl\u00e6r kan p\u00e5virkes av enlangvarig eksponering for solen: Faktisk har solcelle -ultrafiolette str\u00e5lene nok energi","og_url":"https:\/\/nordnesrepublikken.no\/index.php\/2025\/09\/03\/fordi-sollyset-blekner-fargene-pa-t-skjortene-det-er-ultrafiolett-straler-feil\/","og_site_name":"Nordnesrepublikken","article_published_time":"2025-09-03T21:49:44+00:00","article_modified_time":"2025-09-03T21:49:59+00:00","og_image":[{"width":2560,"height":1707,"url":"https:\/\/nordnesrepublikken.no\/wp-content\/uploads\/2025\/09\/1756936184_Fordi-sollyset-blekner-fargene-pa-t-skjortene-det-er-ultrafiolett-straler-scaled.jpg","type":"image\/jpeg"}],"author":"Ole Andersen","twitter_card":"summary_large_image","twitter_misc":{"Skrevet av":"Ole Andersen","Ansl. lesetid":"3 minutter"},"schema":{"@context":"https:\/\/schema.org","@graph":[{"@type":"Article","@id":"https:\/\/nordnesrepublikken.no\/index.php\/2025\/09\/03\/fordi-sollyset-blekner-fargene-pa-t-skjortene-det-er-ultrafiolett-straler-feil\/#article","isPartOf":{"@id":"https:\/\/nordnesrepublikken.no\/index.php\/2025\/09\/03\/fordi-sollyset-blekner-fargene-pa-t-skjortene-det-er-ultrafiolett-straler-feil\/"},"author":{"name":"Ole Andersen","@id":"https:\/\/nordnesrepublikken.no\/#\/schema\/person\/2e7e81935bab77882fffb79296240ff1"},"headline":"Fordi sollyset blekner fargene p\u00e5 t-skjortene: det er ultrafiolett str\u00e5ler feil","datePublished":"2025-09-03T21:49:44+00:00","dateModified":"2025-09-03T21:49:59+00:00","mainEntityOfPage":{"@id":"https:\/\/nordnesrepublikken.no\/index.php\/2025\/09\/03\/fordi-sollyset-blekner-fargene-pa-t-skjortene-det-er-ultrafiolett-straler-feil\/"},"wordCount":652,"publisher":{"@id":"https:\/\/nordnesrepublikken.no\/#organization"},"image":{"@id":"https:\/\/nordnesrepublikken.no\/index.php\/2025\/09\/03\/fordi-sollyset-blekner-fargene-pa-t-skjortene-det-er-ultrafiolett-straler-feil\/#primaryimage"},"thumbnailUrl":"https:\/\/nordnesrepublikken.no\/wp-content\/uploads\/2025\/09\/1756936184_Fordi-sollyset-blekner-fargene-pa-t-skjortene-det-er-ultrafiolett-straler-scaled.jpg","keywords":["blekner","Det","fargene","feil","Fordi","p\u00e5","sollyset","str\u00e5ler","tskjortene","ultrafiolett"],"articleSection":["Vitenskap"],"inLanguage":"nb-NO"},{"@type":"WebPage","@id":"https:\/\/nordnesrepublikken.no\/index.php\/2025\/09\/03\/fordi-sollyset-blekner-fargene-pa-t-skjortene-det-er-ultrafiolett-straler-feil\/","url":"https:\/\/nordnesrepublikken.no\/index.php\/2025\/09\/03\/fordi-sollyset-blekner-fargene-pa-t-skjortene-det-er-ultrafiolett-straler-feil\/","name":"Fordi sollyset blekner fargene p\u00e5 t-skjortene: det er ultrafiolett str\u00e5ler feil - Nordnesrepublikken","isPartOf":{"@id":"https:\/\/nordnesrepublikken.no\/#website"},"primaryImageOfPage":{"@id":"https:\/\/nordnesrepublikken.no\/index.php\/2025\/09\/03\/fordi-sollyset-blekner-fargene-pa-t-skjortene-det-er-ultrafiolett-straler-feil\/#primaryimage"},"image":{"@id":"https:\/\/nordnesrepublikken.no\/index.php\/2025\/09\/03\/fordi-sollyset-blekner-fargene-pa-t-skjortene-det-er-ultrafiolett-straler-feil\/#primaryimage"},"thumbnailUrl":"https:\/\/nordnesrepublikken.no\/wp-content\/uploads\/2025\/09\/1756936184_Fordi-sollyset-blekner-fargene-pa-t-skjortene-det-er-ultrafiolett-straler-scaled.jpg","datePublished":"2025-09-03T21:49:44+00:00","dateModified":"2025-09-03T21:49:59+00:00","breadcrumb":{"@id":"https:\/\/nordnesrepublikken.no\/index.php\/2025\/09\/03\/fordi-sollyset-blekner-fargene-pa-t-skjortene-det-er-ultrafiolett-straler-feil\/#breadcrumb"},"inLanguage":"nb-NO","potentialAction":[{"@type":"ReadAction","target":["https:\/\/nordnesrepublikken.no\/index.php\/2025\/09\/03\/fordi-sollyset-blekner-fargene-pa-t-skjortene-det-er-ultrafiolett-straler-feil\/"]}]},{"@type":"ImageObject","inLanguage":"nb-NO","@id":"https:\/\/nordnesrepublikken.no\/index.php\/2025\/09\/03\/fordi-sollyset-blekner-fargene-pa-t-skjortene-det-er-ultrafiolett-straler-feil\/#primaryimage","url":"https:\/\/nordnesrepublikken.no\/wp-content\/uploads\/2025\/09\/1756936184_Fordi-sollyset-blekner-fargene-pa-t-skjortene-det-er-ultrafiolett-straler-scaled.jpg","contentUrl":"https:\/\/nordnesrepublikken.no\/wp-content\/uploads\/2025\/09\/1756936184_Fordi-sollyset-blekner-fargene-pa-t-skjortene-det-er-ultrafiolett-straler-scaled.jpg","width":2560,"height":1707,"caption":"magliette sbiadiscono al sole"},{"@type":"BreadcrumbList","@id":"https:\/\/nordnesrepublikken.no\/index.php\/2025\/09\/03\/fordi-sollyset-blekner-fargene-pa-t-skjortene-det-er-ultrafiolett-straler-feil\/#breadcrumb","itemListElement":[{"@type":"ListItem","position":1,"name":"Home","item":"https:\/\/nordnesrepublikken.no\/"},{"@type":"ListItem","position":2,"name":"Fordi sollyset blekner fargene p\u00e5 t-skjortene: det er ultrafiolett str\u00e5ler feil"}]},{"@type":"WebSite","@id":"https:\/\/nordnesrepublikken.no\/#website","url":"https:\/\/nordnesrepublikken.no\/","name":"Nordnesrepublikken","description":"Stemmer og Visjoner fra Republikkens Hjerte","publisher":{"@id":"https:\/\/nordnesrepublikken.no\/#organization"},"potentialAction":[{"@type":"SearchAction","target":{"@type":"EntryPoint","urlTemplate":"https:\/\/nordnesrepublikken.no\/?s={search_term_string}"},"query-input":{"@type":"PropertyValueSpecification","valueRequired":true,"valueName":"search_term_string"}}],"inLanguage":"nb-NO"},{"@type":"Organization","@id":"https:\/\/nordnesrepublikken.no\/#organization","name":"Nordnesrepublikken","url":"https:\/\/nordnesrepublikken.no\/","logo":{"@type":"ImageObject","inLanguage":"nb-NO","@id":"https:\/\/nordnesrepublikken.no\/#\/schema\/logo\/image\/","url":"https:\/\/nordnesrepublikken.no\/wp-content\/uploads\/2025\/02\/cropped-nordnesrepublikken-2.png","contentUrl":"https:\/\/nordnesrepublikken.no\/wp-content\/uploads\/2025\/02\/cropped-nordnesrepublikken-2.png","width":1248,"height":362,"caption":"Nordnesrepublikken"},"image":{"@id":"https:\/\/nordnesrepublikken.no\/#\/schema\/logo\/image\/"}},{"@type":"Person","@id":"https:\/\/nordnesrepublikken.no\/#\/schema\/person\/2e7e81935bab77882fffb79296240ff1","name":"Ole Andersen","image":{"@type":"ImageObject","inLanguage":"nb-NO","@id":"https:\/\/nordnesrepublikken.no\/#\/schema\/person\/image\/","url":"https:\/\/nordnesrepublikken.no\/wp-content\/uploads\/2025\/02\/nordnesrepublikken-2-2-150x150.jpg","contentUrl":"https:\/\/nordnesrepublikken.no\/wp-content\/uploads\/2025\/02\/nordnesrepublikken-2-2-150x150.jpg","caption":"Ole Andersen"},"description":"Ettersom jeg vokste opp i Oslo, har jeg alltid v\u00e6rt fascinert av ordenes kraft og deres evne til \u00e5 skape endringer. Etter \u00e5 ha fullf\u00f8rt min utdannelse i kommunikasjon ved Universitetet i Bergen, fikk jeg muligheten til \u00e5 jobbe innen ulike medier, der jeg har s\u00f8kt \u00e5 belyse viktige samfunnssp\u00f8rsm\u00e5l. I dag, som redakt\u00f8r for Nordnesrepublikken, pr\u00f8ver jeg \u00e5 forene min kj\u00e6rlighet for journalistikk med min lidenskap for innovasjon og eventyr.","sameAs":["https:\/\/nordnesrepublikken.no\/"]}]}},"_links":{"self":[{"href":"https:\/\/nordnesrepublikken.no\/index.php\/wp-json\/wp\/v2\/posts\/9128","targetHints":{"allow":["GET"]}}],"collection":[{"href":"https:\/\/nordnesrepublikken.no\/index.php\/wp-json\/wp\/v2\/posts"}],"about":[{"href":"https:\/\/nordnesrepublikken.no\/index.php\/wp-json\/wp\/v2\/types\/post"}],"author":[{"embeddable":true,"href":"https:\/\/nordnesrepublikken.no\/index.php\/wp-json\/wp\/v2\/users\/1"}],"replies":[{"embeddable":true,"href":"https:\/\/nordnesrepublikken.no\/index.php\/wp-json\/wp\/v2\/comments?post=9128"}],"version-history":[{"count":1,"href":"https:\/\/nordnesrepublikken.no\/index.php\/wp-json\/wp\/v2\/posts\/9128\/revisions"}],"predecessor-version":[{"id":9130,"href":"https:\/\/nordnesrepublikken.no\/index.php\/wp-json\/wp\/v2\/posts\/9128\/revisions\/9130"}],"wp:featuredmedia":[{"embeddable":true,"href":"https:\/\/nordnesrepublikken.no\/index.php\/wp-json\/wp\/v2\/media\/9129"}],"wp:attachment":[{"href":"https:\/\/nordnesrepublikken.no\/index.php\/wp-json\/wp\/v2\/media?parent=9128"}],"wp:term":[{"taxonomy":"category","embeddable":true,"href":"https:\/\/nordnesrepublikken.no\/index.php\/wp-json\/wp\/v2\/categories?post=9128"},{"taxonomy":"post_tag","embeddable":true,"href":"https:\/\/nordnesrepublikken.no\/index.php\/wp-json\/wp\/v2\/tags?post=9128"}],"curies":[{"name":"wp","href":"https:\/\/api.w.org\/{rel}","templated":true}]}}