{"id":9116,"date":"2025-09-03T17:50:08","date_gmt":"2025-09-03T15:50:08","guid":{"rendered":"https:\/\/nordnesrepublikken.no\/index.php\/2025\/09\/03\/fordi-den-har-denne-fargen-og-bildene\/"},"modified":"2025-09-03T17:50:10","modified_gmt":"2025-09-03T15:50:10","slug":"fordi-den-har-denne-fargen-og-bildene","status":"publish","type":"post","link":"https:\/\/nordnesrepublikken.no\/index.php\/2025\/09\/03\/fordi-den-har-denne-fargen-og-bildene\/","title":{"rendered":"Fordi den har denne fargen og bildene"},"content":{"rendered":"<div>\n<div class=\"cp_wrapper cp_wrapper--fw mb-30 mb-20@tablet\">\n<figure class=\"mm\"><picture class=\"img\" style=\"padding-top:56.25%\"><source  media=\"(min-width: 1024px)\"><source  media=\"(min-width: 768px)\"><\/source><\/source><\/picture><\/figure>\n<\/p><\/div>\n<p>EN <strong>Geomagnetisk storm<\/strong> <strong>G2 -kategori<\/strong> (derfor &laquo;moderat&raquo; if\u00f8lge den offisielle NOAA -klassifiseringen) har investert jorden og produsert showet til <strong>Boreal Aurore<\/strong> I h\u00f8ye breddegrader med observasjoner i Skottland, Canada og New Zealand mellom 1. og 2. september. Merkelig nok fant den geomagnetiske stormen sted i anledning jubileet for<strong>Carrington -arrangementet<\/strong>som den mest intense geomagnetiske stormen vi vitner om, som fant sted i 1859. Den de siste dagene var en mye svakere hendelse, som ikke ga spesielle konsekvenser. Den terrestriske magnetfeltforstyrrelsen var ikke intens nok til \u00e5 skape aurore -observasjoner i Italia; Imidlertid har de digitale \u00f8ynene til panoramiske webkameraer observert aurorale fenomener langs alpinbuen. Her for eksempel a<strong>Aurora Rossa<\/strong> observert i <strong>\u00d8sterrike<\/strong> kl. 1:30 1. september.<\/p>\n<div class=\"cp_wrapper cp_wrapper--fw mb-50\">\n<figure class=\"mm\"><picture class=\"img\" style=\"padding-top:56.736035049288%\"><source  media=\"(min-width: 1024px)\"><source  media=\"(min-width: 768px)\"><img decoding=\"async\" loading=\"lazy\" src=\"https:\/\/nordnesrepublikken.no\/wp-content\/uploads\/2025\/09\/1756914608_993_Fordi-den-har-denne-fargen-og-bildene.jpg\" alt=\"Aurora Rossa \u00d8sterrike\" width=\"1826\" height=\"1036\"><\/source><\/source><\/picture><\/figure>\n<\/p><\/div>\n<p>Imidlertid er s\u00e6regenheten til den boreale aurore observert en annen: den <strong>farge<\/strong>. Som rapportert av referanseportalen <em>SpaceWeather.com<\/em>Faktisk var en stor del av de synlige boreale aurorene <strong>Viola<\/strong>en farge som vi vanligvis ikke forbinder med dette atmosf\u00e6riske fenomenet, som generelt er gr\u00f8nt med h\u00f8yere breddegrader og r\u00f8d i v\u00e5re breddegrader.<\/p>\n<p>De <strong>Farge p\u00e5 en polar gud<\/strong> Det avhenger av hvilket kjemisk element i atmosf\u00e6ren samhandler med de &laquo;fyrte&raquo; partiklene fra solen at jordens magnetfelt avleder mot polene og gir opphav til polare lysene. Det fungerer presset slik: Solpartikler ankommer atmosf\u00e6ren v\u00e5r i veldig h\u00f8y hastighet, og f\u00f8rer deretter med seg en betydelig mengde energi. N\u00e5r en av disse partiklene &laquo;kolliderer&raquo; med et atom i atmosf\u00e6ren v\u00e5r, kan det str\u00f8mme over denne siste delen av energien, som atomet da <strong>Slipp i form av lys<\/strong>. Som er nettopp lyset vi observerer under et nordlys.<\/p>\n<p>Vanligvis for \u00e5 samhandle med plasma som ankommer fra solen er den<strong>oksygen<\/strong>i sin versjon <strong>atomisk<\/strong> (dvs. individuelle atomer) eller <strong>molekyl\u00e6r<\/strong> (dvs. i form av et molekyl av o<sub>2<\/sub>). Atomisk oksygen, hvis begeistret, avgir lys <strong>r\u00f8d<\/strong> (som de r\u00f8de lysene fra), mens den molekyl\u00e6re en avgir lys <strong>gr\u00f8nn<\/strong>. Men som vi vet, er det mest tallrike elementet i atmosf\u00e6ren<strong>nitrogen<\/strong>til stede fremfor alt i form av et biatomisk molekyl (<strong>N<sub>2<\/sub><\/strong>). Vel, dette molekylet en gang spent svarer ved \u00e5 avgi lys <strong>Bl\u00e5\/lilla<\/strong>. Sammenlignet med oksygen, er nitrogen mye mindre tilb\u00f8yelig til \u00e5 samhandle med de ladede partiklene som kommer fra solen, derfor er de lilla lysene ganske sjeldne. S\u00e5 hvorfor har s\u00e5 mange blitt oppdaget de to siste nettene?<\/p>\n<div class=\"cp_wrapper cp_wrapper--fw mb-50\">\n<figure class=\"mm\"><picture class=\"img\" style=\"padding-top:66.666666666667%\"><source  media=\"(min-width: 1024px)\"><source  media=\"(min-width: 768px)\"><img decoding=\"async\" loading=\"lazy\" src=\"https:\/\/nordnesrepublikken.no\/wp-content\/uploads\/2025\/09\/1756914608_4_Fordi-den-har-denne-fargen-og-bildene.jpg\" alt=\"Viola Blue Aurora\" width=\"5184\" height=\"3456\" class=\"js-seedtag-img\"><\/source><\/source><\/picture><\/figure>\n<\/p><\/div>\n<p>Svaret er at <strong>Vi vet ikke<\/strong>. Generelt er de lilla aurorene assosiert med veldig energiske geomagnetiske stormer, nettopp for den relative &laquo;latskapen&raquo; av nitrogen med hensyn til oksygen som skal stimuleres av solvinden. Men den geomagnetiske stormen fra 1-2 september <strong>Det var ikke spesielt intenst<\/strong> (Det var i kategori G2 p\u00e5 en trapp fra G1 til G5), derfor burde det teoretisk sett ikke ha produsert s\u00e5 mye lilla. Dette lille mysteriet minner oss om hvor mye det fremdeles skal forst\u00e5s om emnet <strong>Space Meteorology<\/strong>.<\/p>\n<\/p><\/div>\n","protected":false},"excerpt":{"rendered":"<p>EN Geomagnetisk storm G2 -kategori (derfor &laquo;moderat&raquo; if\u00f8lge den offisielle NOAA -klassifiseringen) har investert jorden<\/p>\n","protected":false},"author":1,"featured_media":9117,"comment_status":"closed","ping_status":"open","sticky":false,"template":"","format":"standard","meta":{"footnotes":""},"categories":[26],"tags":[446,74,1717,1563,83,179],"class_list":["post-9116","post","type-post","status-publish","format-standard","has-post-thumbnail","hentry","category-miljo","tag-bildene","tag-den","tag-denne","tag-fargen","tag-fordi","tag-har","generate-columns","tablet-grid-50","mobile-grid-100","grid-parent","grid-33","resize-featured-image"],"yoast_head":"<!-- This site is optimized with the Yoast SEO plugin v24.4 - https:\/\/yoast.com\/wordpress\/plugins\/seo\/ -->\n<title>Fordi den har denne fargen og bildene - Nordnesrepublikken<\/title>\n<meta name=\"robots\" content=\"index, follow, max-snippet:-1, max-image-preview:large, max-video-preview:-1\" \/>\n<link rel=\"canonical\" href=\"https:\/\/nordnesrepublikken.no\/index.php\/2025\/09\/03\/fordi-den-har-denne-fargen-og-bildene\/\" \/>\n<meta property=\"og:locale\" content=\"nb_NO\" \/>\n<meta property=\"og:type\" content=\"article\" \/>\n<meta property=\"og:title\" content=\"Fordi den har denne fargen og bildene - Nordnesrepublikken\" \/>\n<meta property=\"og:description\" content=\"EN Geomagnetisk storm G2 -kategori (derfor &laquo;moderat&raquo; if\u00f8lge den offisielle NOAA -klassifiseringen) har investert jorden\" \/>\n<meta property=\"og:url\" content=\"https:\/\/nordnesrepublikken.no\/index.php\/2025\/09\/03\/fordi-den-har-denne-fargen-og-bildene\/\" \/>\n<meta property=\"og:site_name\" content=\"Nordnesrepublikken\" \/>\n<meta property=\"article:published_time\" content=\"2025-09-03T15:50:08+00:00\" \/>\n<meta property=\"article:modified_time\" content=\"2025-09-03T15:50:10+00:00\" \/>\n<meta property=\"og:image\" content=\"https:\/\/nordnesrepublikken.no\/wp-content\/uploads\/2025\/09\/1756914609_Fordi-den-har-denne-fargen-og-bildene.jpg\" \/>\n\t<meta property=\"og:image:width\" content=\"1448\" \/>\n\t<meta property=\"og:image:height\" content=\"960\" \/>\n\t<meta property=\"og:image:type\" content=\"image\/jpeg\" \/>\n<meta name=\"author\" content=\"Ole Andersen\" \/>\n<meta name=\"twitter:card\" content=\"summary_large_image\" \/>\n<meta name=\"twitter:label1\" content=\"Skrevet av\" \/>\n\t<meta name=\"twitter:data1\" content=\"Ole Andersen\" \/>\n\t<meta name=\"twitter:label2\" content=\"Ansl. lesetid\" \/>\n\t<meta name=\"twitter:data2\" content=\"2 minutter\" \/>\n<script type=\"application\/ld+json\" class=\"yoast-schema-graph\">{\"@context\":\"https:\/\/schema.org\",\"@graph\":[{\"@type\":\"Article\",\"@id\":\"https:\/\/nordnesrepublikken.no\/index.php\/2025\/09\/03\/fordi-den-har-denne-fargen-og-bildene\/#article\",\"isPartOf\":{\"@id\":\"https:\/\/nordnesrepublikken.no\/index.php\/2025\/09\/03\/fordi-den-har-denne-fargen-og-bildene\/\"},\"author\":{\"name\":\"Ole Andersen\",\"@id\":\"https:\/\/nordnesrepublikken.no\/#\/schema\/person\/2e7e81935bab77882fffb79296240ff1\"},\"headline\":\"Fordi den har denne fargen og bildene\",\"datePublished\":\"2025-09-03T15:50:08+00:00\",\"dateModified\":\"2025-09-03T15:50:10+00:00\",\"mainEntityOfPage\":{\"@id\":\"https:\/\/nordnesrepublikken.no\/index.php\/2025\/09\/03\/fordi-den-har-denne-fargen-og-bildene\/\"},\"wordCount\":482,\"publisher\":{\"@id\":\"https:\/\/nordnesrepublikken.no\/#organization\"},\"image\":{\"@id\":\"https:\/\/nordnesrepublikken.no\/index.php\/2025\/09\/03\/fordi-den-har-denne-fargen-og-bildene\/#primaryimage\"},\"thumbnailUrl\":\"https:\/\/nordnesrepublikken.no\/wp-content\/uploads\/2025\/09\/1756914609_Fordi-den-har-denne-fargen-og-bildene.jpg\",\"keywords\":[\"bildene\",\"den\",\"denne\",\"fargen\",\"Fordi\",\"har\"],\"articleSection\":[\"Milj\u00f8\"],\"inLanguage\":\"nb-NO\"},{\"@type\":\"WebPage\",\"@id\":\"https:\/\/nordnesrepublikken.no\/index.php\/2025\/09\/03\/fordi-den-har-denne-fargen-og-bildene\/\",\"url\":\"https:\/\/nordnesrepublikken.no\/index.php\/2025\/09\/03\/fordi-den-har-denne-fargen-og-bildene\/\",\"name\":\"Fordi den har denne fargen og bildene - Nordnesrepublikken\",\"isPartOf\":{\"@id\":\"https:\/\/nordnesrepublikken.no\/#website\"},\"primaryImageOfPage\":{\"@id\":\"https:\/\/nordnesrepublikken.no\/index.php\/2025\/09\/03\/fordi-den-har-denne-fargen-og-bildene\/#primaryimage\"},\"image\":{\"@id\":\"https:\/\/nordnesrepublikken.no\/index.php\/2025\/09\/03\/fordi-den-har-denne-fargen-og-bildene\/#primaryimage\"},\"thumbnailUrl\":\"https:\/\/nordnesrepublikken.no\/wp-content\/uploads\/2025\/09\/1756914609_Fordi-den-har-denne-fargen-og-bildene.jpg\",\"datePublished\":\"2025-09-03T15:50:08+00:00\",\"dateModified\":\"2025-09-03T15:50:10+00:00\",\"breadcrumb\":{\"@id\":\"https:\/\/nordnesrepublikken.no\/index.php\/2025\/09\/03\/fordi-den-har-denne-fargen-og-bildene\/#breadcrumb\"},\"inLanguage\":\"nb-NO\",\"potentialAction\":[{\"@type\":\"ReadAction\",\"target\":[\"https:\/\/nordnesrepublikken.no\/index.php\/2025\/09\/03\/fordi-den-har-denne-fargen-og-bildene\/\"]}]},{\"@type\":\"ImageObject\",\"inLanguage\":\"nb-NO\",\"@id\":\"https:\/\/nordnesrepublikken.no\/index.php\/2025\/09\/03\/fordi-den-har-denne-fargen-og-bildene\/#primaryimage\",\"url\":\"https:\/\/nordnesrepublikken.no\/wp-content\/uploads\/2025\/09\/1756914609_Fordi-den-har-denne-fargen-og-bildene.jpg\",\"contentUrl\":\"https:\/\/nordnesrepublikken.no\/wp-content\/uploads\/2025\/09\/1756914609_Fordi-den-har-denne-fargen-og-bildene.jpg\",\"width\":1448,\"height\":960,\"caption\":\"aurora boreale viola islanda\"},{\"@type\":\"BreadcrumbList\",\"@id\":\"https:\/\/nordnesrepublikken.no\/index.php\/2025\/09\/03\/fordi-den-har-denne-fargen-og-bildene\/#breadcrumb\",\"itemListElement\":[{\"@type\":\"ListItem\",\"position\":1,\"name\":\"Home\",\"item\":\"https:\/\/nordnesrepublikken.no\/\"},{\"@type\":\"ListItem\",\"position\":2,\"name\":\"Fordi den har denne fargen og bildene\"}]},{\"@type\":\"WebSite\",\"@id\":\"https:\/\/nordnesrepublikken.no\/#website\",\"url\":\"https:\/\/nordnesrepublikken.no\/\",\"name\":\"Nordnesrepublikken\",\"description\":\"Stemmer og Visjoner fra Republikkens Hjerte\",\"publisher\":{\"@id\":\"https:\/\/nordnesrepublikken.no\/#organization\"},\"potentialAction\":[{\"@type\":\"SearchAction\",\"target\":{\"@type\":\"EntryPoint\",\"urlTemplate\":\"https:\/\/nordnesrepublikken.no\/?s={search_term_string}\"},\"query-input\":{\"@type\":\"PropertyValueSpecification\",\"valueRequired\":true,\"valueName\":\"search_term_string\"}}],\"inLanguage\":\"nb-NO\"},{\"@type\":\"Organization\",\"@id\":\"https:\/\/nordnesrepublikken.no\/#organization\",\"name\":\"Nordnesrepublikken\",\"url\":\"https:\/\/nordnesrepublikken.no\/\",\"logo\":{\"@type\":\"ImageObject\",\"inLanguage\":\"nb-NO\",\"@id\":\"https:\/\/nordnesrepublikken.no\/#\/schema\/logo\/image\/\",\"url\":\"https:\/\/nordnesrepublikken.no\/wp-content\/uploads\/2025\/02\/cropped-nordnesrepublikken-2.png\",\"contentUrl\":\"https:\/\/nordnesrepublikken.no\/wp-content\/uploads\/2025\/02\/cropped-nordnesrepublikken-2.png\",\"width\":1248,\"height\":362,\"caption\":\"Nordnesrepublikken\"},\"image\":{\"@id\":\"https:\/\/nordnesrepublikken.no\/#\/schema\/logo\/image\/\"}},{\"@type\":\"Person\",\"@id\":\"https:\/\/nordnesrepublikken.no\/#\/schema\/person\/2e7e81935bab77882fffb79296240ff1\",\"name\":\"Ole Andersen\",\"image\":{\"@type\":\"ImageObject\",\"inLanguage\":\"nb-NO\",\"@id\":\"https:\/\/nordnesrepublikken.no\/#\/schema\/person\/image\/\",\"url\":\"https:\/\/nordnesrepublikken.no\/wp-content\/uploads\/2025\/02\/nordnesrepublikken-2-2-150x150.jpg\",\"contentUrl\":\"https:\/\/nordnesrepublikken.no\/wp-content\/uploads\/2025\/02\/nordnesrepublikken-2-2-150x150.jpg\",\"caption\":\"Ole Andersen\"},\"description\":\"Ettersom jeg vokste opp i Oslo, har jeg alltid v\u00e6rt fascinert av ordenes kraft og deres evne til \u00e5 skape endringer. Etter \u00e5 ha fullf\u00f8rt min utdannelse i kommunikasjon ved Universitetet i Bergen, fikk jeg muligheten til \u00e5 jobbe innen ulike medier, der jeg har s\u00f8kt \u00e5 belyse viktige samfunnssp\u00f8rsm\u00e5l. I dag, som redakt\u00f8r for Nordnesrepublikken, pr\u00f8ver jeg \u00e5 forene min kj\u00e6rlighet for journalistikk med min lidenskap for innovasjon og eventyr.\",\"sameAs\":[\"https:\/\/nordnesrepublikken.no\/\"]}]}<\/script>\n<!-- \/ Yoast SEO plugin. -->","yoast_head_json":{"title":"Fordi den har denne fargen og bildene - Nordnesrepublikken","robots":{"index":"index","follow":"follow","max-snippet":"max-snippet:-1","max-image-preview":"max-image-preview:large","max-video-preview":"max-video-preview:-1"},"canonical":"https:\/\/nordnesrepublikken.no\/index.php\/2025\/09\/03\/fordi-den-har-denne-fargen-og-bildene\/","og_locale":"nb_NO","og_type":"article","og_title":"Fordi den har denne fargen og bildene - Nordnesrepublikken","og_description":"EN Geomagnetisk storm G2 -kategori (derfor &laquo;moderat&raquo; if\u00f8lge den offisielle NOAA -klassifiseringen) har investert jorden","og_url":"https:\/\/nordnesrepublikken.no\/index.php\/2025\/09\/03\/fordi-den-har-denne-fargen-og-bildene\/","og_site_name":"Nordnesrepublikken","article_published_time":"2025-09-03T15:50:08+00:00","article_modified_time":"2025-09-03T15:50:10+00:00","og_image":[{"width":1448,"height":960,"url":"https:\/\/nordnesrepublikken.no\/wp-content\/uploads\/2025\/09\/1756914609_Fordi-den-har-denne-fargen-og-bildene.jpg","type":"image\/jpeg"}],"author":"Ole Andersen","twitter_card":"summary_large_image","twitter_misc":{"Skrevet av":"Ole Andersen","Ansl. lesetid":"2 minutter"},"schema":{"@context":"https:\/\/schema.org","@graph":[{"@type":"Article","@id":"https:\/\/nordnesrepublikken.no\/index.php\/2025\/09\/03\/fordi-den-har-denne-fargen-og-bildene\/#article","isPartOf":{"@id":"https:\/\/nordnesrepublikken.no\/index.php\/2025\/09\/03\/fordi-den-har-denne-fargen-og-bildene\/"},"author":{"name":"Ole Andersen","@id":"https:\/\/nordnesrepublikken.no\/#\/schema\/person\/2e7e81935bab77882fffb79296240ff1"},"headline":"Fordi den har denne fargen og bildene","datePublished":"2025-09-03T15:50:08+00:00","dateModified":"2025-09-03T15:50:10+00:00","mainEntityOfPage":{"@id":"https:\/\/nordnesrepublikken.no\/index.php\/2025\/09\/03\/fordi-den-har-denne-fargen-og-bildene\/"},"wordCount":482,"publisher":{"@id":"https:\/\/nordnesrepublikken.no\/#organization"},"image":{"@id":"https:\/\/nordnesrepublikken.no\/index.php\/2025\/09\/03\/fordi-den-har-denne-fargen-og-bildene\/#primaryimage"},"thumbnailUrl":"https:\/\/nordnesrepublikken.no\/wp-content\/uploads\/2025\/09\/1756914609_Fordi-den-har-denne-fargen-og-bildene.jpg","keywords":["bildene","den","denne","fargen","Fordi","har"],"articleSection":["Milj\u00f8"],"inLanguage":"nb-NO"},{"@type":"WebPage","@id":"https:\/\/nordnesrepublikken.no\/index.php\/2025\/09\/03\/fordi-den-har-denne-fargen-og-bildene\/","url":"https:\/\/nordnesrepublikken.no\/index.php\/2025\/09\/03\/fordi-den-har-denne-fargen-og-bildene\/","name":"Fordi den har denne fargen og bildene - Nordnesrepublikken","isPartOf":{"@id":"https:\/\/nordnesrepublikken.no\/#website"},"primaryImageOfPage":{"@id":"https:\/\/nordnesrepublikken.no\/index.php\/2025\/09\/03\/fordi-den-har-denne-fargen-og-bildene\/#primaryimage"},"image":{"@id":"https:\/\/nordnesrepublikken.no\/index.php\/2025\/09\/03\/fordi-den-har-denne-fargen-og-bildene\/#primaryimage"},"thumbnailUrl":"https:\/\/nordnesrepublikken.no\/wp-content\/uploads\/2025\/09\/1756914609_Fordi-den-har-denne-fargen-og-bildene.jpg","datePublished":"2025-09-03T15:50:08+00:00","dateModified":"2025-09-03T15:50:10+00:00","breadcrumb":{"@id":"https:\/\/nordnesrepublikken.no\/index.php\/2025\/09\/03\/fordi-den-har-denne-fargen-og-bildene\/#breadcrumb"},"inLanguage":"nb-NO","potentialAction":[{"@type":"ReadAction","target":["https:\/\/nordnesrepublikken.no\/index.php\/2025\/09\/03\/fordi-den-har-denne-fargen-og-bildene\/"]}]},{"@type":"ImageObject","inLanguage":"nb-NO","@id":"https:\/\/nordnesrepublikken.no\/index.php\/2025\/09\/03\/fordi-den-har-denne-fargen-og-bildene\/#primaryimage","url":"https:\/\/nordnesrepublikken.no\/wp-content\/uploads\/2025\/09\/1756914609_Fordi-den-har-denne-fargen-og-bildene.jpg","contentUrl":"https:\/\/nordnesrepublikken.no\/wp-content\/uploads\/2025\/09\/1756914609_Fordi-den-har-denne-fargen-og-bildene.jpg","width":1448,"height":960,"caption":"aurora boreale viola islanda"},{"@type":"BreadcrumbList","@id":"https:\/\/nordnesrepublikken.no\/index.php\/2025\/09\/03\/fordi-den-har-denne-fargen-og-bildene\/#breadcrumb","itemListElement":[{"@type":"ListItem","position":1,"name":"Home","item":"https:\/\/nordnesrepublikken.no\/"},{"@type":"ListItem","position":2,"name":"Fordi den har denne fargen og bildene"}]},{"@type":"WebSite","@id":"https:\/\/nordnesrepublikken.no\/#website","url":"https:\/\/nordnesrepublikken.no\/","name":"Nordnesrepublikken","description":"Stemmer og Visjoner fra Republikkens Hjerte","publisher":{"@id":"https:\/\/nordnesrepublikken.no\/#organization"},"potentialAction":[{"@type":"SearchAction","target":{"@type":"EntryPoint","urlTemplate":"https:\/\/nordnesrepublikken.no\/?s={search_term_string}"},"query-input":{"@type":"PropertyValueSpecification","valueRequired":true,"valueName":"search_term_string"}}],"inLanguage":"nb-NO"},{"@type":"Organization","@id":"https:\/\/nordnesrepublikken.no\/#organization","name":"Nordnesrepublikken","url":"https:\/\/nordnesrepublikken.no\/","logo":{"@type":"ImageObject","inLanguage":"nb-NO","@id":"https:\/\/nordnesrepublikken.no\/#\/schema\/logo\/image\/","url":"https:\/\/nordnesrepublikken.no\/wp-content\/uploads\/2025\/02\/cropped-nordnesrepublikken-2.png","contentUrl":"https:\/\/nordnesrepublikken.no\/wp-content\/uploads\/2025\/02\/cropped-nordnesrepublikken-2.png","width":1248,"height":362,"caption":"Nordnesrepublikken"},"image":{"@id":"https:\/\/nordnesrepublikken.no\/#\/schema\/logo\/image\/"}},{"@type":"Person","@id":"https:\/\/nordnesrepublikken.no\/#\/schema\/person\/2e7e81935bab77882fffb79296240ff1","name":"Ole Andersen","image":{"@type":"ImageObject","inLanguage":"nb-NO","@id":"https:\/\/nordnesrepublikken.no\/#\/schema\/person\/image\/","url":"https:\/\/nordnesrepublikken.no\/wp-content\/uploads\/2025\/02\/nordnesrepublikken-2-2-150x150.jpg","contentUrl":"https:\/\/nordnesrepublikken.no\/wp-content\/uploads\/2025\/02\/nordnesrepublikken-2-2-150x150.jpg","caption":"Ole Andersen"},"description":"Ettersom jeg vokste opp i Oslo, har jeg alltid v\u00e6rt fascinert av ordenes kraft og deres evne til \u00e5 skape endringer. Etter \u00e5 ha fullf\u00f8rt min utdannelse i kommunikasjon ved Universitetet i Bergen, fikk jeg muligheten til \u00e5 jobbe innen ulike medier, der jeg har s\u00f8kt \u00e5 belyse viktige samfunnssp\u00f8rsm\u00e5l. I dag, som redakt\u00f8r for Nordnesrepublikken, pr\u00f8ver jeg \u00e5 forene min kj\u00e6rlighet for journalistikk med min lidenskap for innovasjon og eventyr.","sameAs":["https:\/\/nordnesrepublikken.no\/"]}]}},"_links":{"self":[{"href":"https:\/\/nordnesrepublikken.no\/index.php\/wp-json\/wp\/v2\/posts\/9116","targetHints":{"allow":["GET"]}}],"collection":[{"href":"https:\/\/nordnesrepublikken.no\/index.php\/wp-json\/wp\/v2\/posts"}],"about":[{"href":"https:\/\/nordnesrepublikken.no\/index.php\/wp-json\/wp\/v2\/types\/post"}],"author":[{"embeddable":true,"href":"https:\/\/nordnesrepublikken.no\/index.php\/wp-json\/wp\/v2\/users\/1"}],"replies":[{"embeddable":true,"href":"https:\/\/nordnesrepublikken.no\/index.php\/wp-json\/wp\/v2\/comments?post=9116"}],"version-history":[{"count":1,"href":"https:\/\/nordnesrepublikken.no\/index.php\/wp-json\/wp\/v2\/posts\/9116\/revisions"}],"predecessor-version":[{"id":9118,"href":"https:\/\/nordnesrepublikken.no\/index.php\/wp-json\/wp\/v2\/posts\/9116\/revisions\/9118"}],"wp:featuredmedia":[{"embeddable":true,"href":"https:\/\/nordnesrepublikken.no\/index.php\/wp-json\/wp\/v2\/media\/9117"}],"wp:attachment":[{"href":"https:\/\/nordnesrepublikken.no\/index.php\/wp-json\/wp\/v2\/media?parent=9116"}],"wp:term":[{"taxonomy":"category","embeddable":true,"href":"https:\/\/nordnesrepublikken.no\/index.php\/wp-json\/wp\/v2\/categories?post=9116"},{"taxonomy":"post_tag","embeddable":true,"href":"https:\/\/nordnesrepublikken.no\/index.php\/wp-json\/wp\/v2\/tags?post=9116"}],"curies":[{"name":"wp","href":"https:\/\/api.w.org\/{rel}","templated":true}]}}