{"id":9089,"date":"2025-09-03T02:50:28","date_gmt":"2025-09-03T00:50:28","guid":{"rendered":"https:\/\/nordnesrepublikken.no\/index.php\/2025\/09\/03\/hva-var-de-mest-voldelige-jordskjelvene-i-afghanistan\/"},"modified":"2025-09-03T02:50:35","modified_gmt":"2025-09-03T00:50:35","slug":"hva-var-de-mest-voldelige-jordskjelvene-i-afghanistan","status":"publish","type":"post","link":"https:\/\/nordnesrepublikken.no\/index.php\/2025\/09\/03\/hva-var-de-mest-voldelige-jordskjelvene-i-afghanistan\/","title":{"rendered":"Hva var de mest voldelige jordskjelvene i Afghanistan"},"content":{"rendered":"<div>\n<div class=\"cp_wrapper cp_wrapper--fw mb-30 mb-20@tablet\">\n<figure class=\"mm\"><picture class=\"img\" style=\"padding-top:56.25%\"><source  media=\"(min-width: 1024px)\"><source  media=\"(min-width: 768px)\"><\/source><\/source><\/picture><\/figure>\n<\/p><\/div>\n<p>Jordskjelvet p\u00e5 6,0 st\u00f8rrelsesorden som traff <strong>\u00d8st -regionen i Afghanistan<\/strong> n\u00e6r grensen til Pakistan, med <strong>\u00f8deleggende effekter<\/strong>skjedde det i et omr\u00e5de der disse hendelsene langt fra er sjeldne. Dette p\u00e5 grunn av den geologiske konteksten til Afghanistan, som ligger p\u00e5 kanten av <strong>Eurasisk plakett<\/strong>hvis kollisjon med <strong>Indisk plakett<\/strong> Oppsto <strong>Himalayana -kjede<\/strong>. Kollisjonen genererte <strong>dype feil <\/strong>som ogs\u00e5 krysser Afghanistan og for\u00e5rsaker hyppige og sterke jordskjelv. Episenteret er funnet <strong>ofte i nord-\u00f8st<\/strong> av landet, et av de farligste omr\u00e5dene p\u00e5 jorden fra et seismisk synspunkt. Fra begynnelsen av forrige \u00e5rhundre har det v\u00e6rt omtrent Afghanistan i Afghanistan <strong>100 jordskjelv<\/strong> som har for\u00e5rsaket viktig skade. Blant de mest voldelige der er jordskjelvet i oktober 2023 n\u00e6r <strong>Herat<\/strong> (St\u00f8rrelse 6,3), som for\u00e5rsaket rundt 1500 ofre.<\/p>\n<h2>De mest \u00f8deleggende jordskjelvene i Afghanistan<\/h2>\n<p>Fra 1900 til i dag er om Afghanistan blitt registrert <strong>100 jordskjelv<\/strong> som for\u00e5rsaket betydelig skade. Bare i det siste <strong>30 \u00e5r<\/strong> de <strong>Ofre var over 10.000<\/strong>. Blant de mest voldelige og \u00f8deleggende vi husker, fra det siste til det minste:<\/p>\n<ul>\n<li>Jordskjelvet av<strong>Oktober 2023<\/strong>Av <strong>st\u00f8rrelsesorden 6.3<\/strong>med et episenter n\u00e6r Herat, i Vest -Afghanistan; de <strong>ofrene var<\/strong> <strong>ca 1500<\/strong>mens de skadde rundt 2400;<\/li>\n<li>Jordskjelvet av <strong>Juni 2022<\/strong>Av <strong>st\u00f8rrelsesorden 6,0<\/strong>med et episenter p\u00e5 Khost, i s\u00f8r-\u00f8st for Afghanistan; de <strong>ofrene var omtrent 1160<\/strong>de skadde rundt 3000 og bygningene skadet 10.000;<\/li>\n<li>Jordskjelvet av<strong>Oktober 2015<\/strong>Av <strong>st\u00f8rrelsesorden 7,5<\/strong>som fant sted i nord-\u00f8st for landet i provinsen Badakhhan, under Hindu Kush-fjellkjeden; Hendelsen for\u00e5rsaket <strong>Omtrent 400 d\u00f8de<\/strong> og 2500 skadet;<\/li>\n<li>Jordskjelvet av <strong>Mars 2002<\/strong>Av <strong>st\u00f8rrelsesorden 6.1<\/strong>med et episenter under den hinduistiske kush i nord-\u00f8st for landet, som for\u00e5rsaket <strong>Omtrent 2000 ofre<\/strong> og 3000 skadet;<\/li>\n<li>Jordskjelvet av <strong>Februar 1998<\/strong>Av <strong>st\u00f8rrelsesorden 5.9<\/strong>med episenteret i Takhar, nord-\u00f8st for Afghanistan; de <strong>Ofre var over 2300<\/strong> og tusen s\u00e5rede.<\/li>\n<\/ul>\n<p>Generelt kan det sies at i Afghanistan er de ikke bare jordskjelvene i veldig stor styrke for \u00e5 for\u00e5rsake enorm skade. Noen ganger er sismi i mindre st\u00f8rrelser mer \u00f8deleggende enn de sterkeste, hvis de har overfladisk hypocenter og p\u00e5virker et spesielt bebodd omr\u00e5de.<\/p>\n<div class=\"cp_wrapper cp_wrapper--fw mb-50\">\n<figure class=\"mm\"><picture class=\"img\" style=\"padding-top:63.907657657658%\"><source  media=\"(min-width: 1024px)\"><source  media=\"(min-width: 768px)\"><img decoding=\"async\" loading=\"lazy\" src=\"https:\/\/nordnesrepublikken.no\/wp-content\/uploads\/2025\/09\/1756860628_493_Hva-var-de-mest-voldelige-jordskjelvene-i-Afghanistan.jpg\" alt=\"Bilde\" width=\"3552\" height=\"2270\"><\/source><\/source><\/picture><\/figure>\n<\/p><\/div>\n<h2><strong>Den geologiske konteksten i Afghanistan<\/strong><\/h2>\n<p>Afghanistan er et land okkupert for det meste av fjell inngravert av dype daler og til og med over 4000 m h\u00f8ye, spesielt fra fjellkjeden til<strong>Hindu Kush<\/strong>. Det finnes i <strong>Eurasisk plakett<\/strong>ved grensen til <strong>Indisk plakett<\/strong>ligger <strong>mot s\u00f8r-\u00f8st<\/strong>. Langs den \u00f8stlige marginen av Afghanistan beveger den indiske plaketten seg nordover sammenlignet med den eurasiske en til en <strong>Gjennomsnittlig hastighet p\u00e5 omtrent 34,4 mm\/\u00e5r<\/strong>og utsetter det afghanske territoriet for enorme trykkinnsats. De to platene glir ogs\u00e5 sideveis med hensyn til den andre. Afghanistan lider ogs\u00e5 av bevegelsene til <strong>Arabisk plakett<\/strong>fjernere og lokalisert <strong>s\u00f8r-vest<\/strong>men ogs\u00e5 grenser til den eurasiske plaketten. Som den indiske plaketten, flytter den arabiske ogs\u00e5 nordover, til en <strong>Gjennomsnittlig hastighet p\u00e5 omtrent 31 mm\/\u00e5r<\/strong>. Der <strong>kollisjon mellom platene<\/strong> Eurasisk, indisk og Araba for\u00e5rsaket<strong>Alpine-Himalayana orogenesis<\/strong>som har vart i omtrent 60 millioner \u00e5r.<\/p>\n<div class=\"cp_wrapper cp_wrapper--fw mb-50\">\n<figure class=\"mm\"><picture class=\"img\" style=\"padding-top:62.322544009086%\"><source  media=\"(min-width: 1024px)\"><source  media=\"(min-width: 768px)\"><img decoding=\"async\" loading=\"lazy\" src=\"https:\/\/nordnesrepublikken.no\/wp-content\/uploads\/2025\/09\/1756860628_482_Hva-var-de-mest-voldelige-jordskjelvene-i-Afghanistan.jpg\" alt=\"Bilde\" width=\"3522\" height=\"2195\" class=\"js-seedtag-img\"><\/source><\/source><\/picture><\/figure>\n<\/p><\/div>\n<p>Dannelsen av fjellkjeden ble ledsaget av enorme deformasjoner og \u00e5pning av feilsystemer med nord-s\u00f8r og \u00f8st-vest-trend som strekker seg til Afghanistan: hoved inkluderer den <strong>Chamoan feil <\/strong>(langs grensen til Pakistan mellom de eurasiske og indiske plakkene), <strong>Hari Rud <\/strong>(som krysser landet fra \u00f8st til vest)<strong>,<\/strong> <strong>Badakhhan Central<\/strong> Og <strong>Darvaz <\/strong>(begge i nord-\u00f8st for landet). Disse feilene er assosiert med <strong>jordskjelv<\/strong> med b\u00e5de dyp og overfladisk hypocenter og <strong>Selv veldig h\u00f8y styrke<\/strong>. Seismisiteten er spesielt h\u00f8y i <strong>Nord-\u00d8st-omr\u00e5det<\/strong> av landet, under fjellene i<strong>Hindu Kush<\/strong> og av <strong>Pamir<\/strong>som utgj\u00f8r en forlengelse av Himalaya -kjeden. Dette er <strong>Et av de farligste omr\u00e5dene p\u00e5 jorden<\/strong> Fra et seismisk synspunkt. Den seismiske risikoen her er veldig h\u00f8y ogs\u00e5 p\u00e5 grunn av den demografiske veksten i landet og infrastrukturens s\u00e5rbarhet.<\/p>\n<div class=\"cp_wrapper cp_wrapper--fw mb-50\">\n<figure class=\"mm\"><picture class=\"img\" style=\"padding-top:66.09756097561%\"><source  media=\"(min-width: 1024px)\"><source  media=\"(min-width: 768px)\"><img decoding=\"async\" loading=\"lazy\" src=\"https:\/\/nordnesrepublikken.no\/wp-content\/uploads\/2025\/09\/1756860628_925_Hva-var-de-mest-voldelige-jordskjelvene-i-Afghanistan.jpg\" alt=\"Bilde\" width=\"3280\" height=\"2168\"><\/source><\/source><\/picture><\/figure>\n<\/p><\/div>\n<\/p><\/div>\n","protected":false},"excerpt":{"rendered":"<p>Jordskjelvet p\u00e5 6,0 st\u00f8rrelsesorden som traff \u00d8st -regionen i Afghanistan n\u00e6r grensen til Pakistan, med<\/p>\n","protected":false},"author":1,"featured_media":9090,"comment_status":"closed","ping_status":"open","sticky":false,"template":"","format":"standard","meta":{"footnotes":""},"categories":[24],"tags":[5946,144,3060,167,100,626],"class_list":["post-9089","post","type-post","status-publish","format-standard","has-post-thumbnail","hentry","category-vitenskap","tag-afghanistan","tag-hva","tag-jordskjelvene","tag-mest","tag-var","tag-voldelige","generate-columns","tablet-grid-50","mobile-grid-100","grid-parent","grid-33","resize-featured-image"],"yoast_head":"<!-- This site is optimized with the Yoast SEO plugin v24.4 - https:\/\/yoast.com\/wordpress\/plugins\/seo\/ -->\n<title>Hva var de mest voldelige jordskjelvene i Afghanistan - Nordnesrepublikken<\/title>\n<meta name=\"robots\" content=\"index, follow, max-snippet:-1, max-image-preview:large, max-video-preview:-1\" \/>\n<link rel=\"canonical\" href=\"https:\/\/nordnesrepublikken.no\/index.php\/2025\/09\/03\/hva-var-de-mest-voldelige-jordskjelvene-i-afghanistan\/\" \/>\n<meta property=\"og:locale\" content=\"nb_NO\" \/>\n<meta property=\"og:type\" content=\"article\" \/>\n<meta property=\"og:title\" content=\"Hva var de mest voldelige jordskjelvene i Afghanistan - Nordnesrepublikken\" \/>\n<meta property=\"og:description\" content=\"Jordskjelvet p\u00e5 6,0 st\u00f8rrelsesorden som traff \u00d8st -regionen i Afghanistan n\u00e6r grensen til Pakistan, med\" \/>\n<meta property=\"og:url\" content=\"https:\/\/nordnesrepublikken.no\/index.php\/2025\/09\/03\/hva-var-de-mest-voldelige-jordskjelvene-i-afghanistan\/\" \/>\n<meta property=\"og:site_name\" content=\"Nordnesrepublikken\" \/>\n<meta property=\"article:published_time\" content=\"2025-09-03T00:50:28+00:00\" \/>\n<meta property=\"article:modified_time\" content=\"2025-09-03T00:50:35+00:00\" \/>\n<meta property=\"og:image\" content=\"https:\/\/nordnesrepublikken.no\/wp-content\/uploads\/2025\/09\/1756860629_Hva-var-de-mest-voldelige-jordskjelvene-i-Afghanistan.jpg\" \/>\n\t<meta property=\"og:image:width\" content=\"2549\" \/>\n\t<meta property=\"og:image:height\" content=\"1491\" \/>\n\t<meta property=\"og:image:type\" content=\"image\/jpeg\" \/>\n<meta name=\"author\" content=\"Ole Andersen\" \/>\n<meta name=\"twitter:card\" content=\"summary_large_image\" \/>\n<meta name=\"twitter:label1\" content=\"Skrevet av\" \/>\n\t<meta name=\"twitter:data1\" content=\"Ole Andersen\" \/>\n\t<meta name=\"twitter:label2\" content=\"Ansl. lesetid\" \/>\n\t<meta name=\"twitter:data2\" content=\"3 minutter\" \/>\n<script type=\"application\/ld+json\" class=\"yoast-schema-graph\">{\"@context\":\"https:\/\/schema.org\",\"@graph\":[{\"@type\":\"Article\",\"@id\":\"https:\/\/nordnesrepublikken.no\/index.php\/2025\/09\/03\/hva-var-de-mest-voldelige-jordskjelvene-i-afghanistan\/#article\",\"isPartOf\":{\"@id\":\"https:\/\/nordnesrepublikken.no\/index.php\/2025\/09\/03\/hva-var-de-mest-voldelige-jordskjelvene-i-afghanistan\/\"},\"author\":{\"name\":\"Ole Andersen\",\"@id\":\"https:\/\/nordnesrepublikken.no\/#\/schema\/person\/2e7e81935bab77882fffb79296240ff1\"},\"headline\":\"Hva var de mest voldelige jordskjelvene i Afghanistan\",\"datePublished\":\"2025-09-03T00:50:28+00:00\",\"dateModified\":\"2025-09-03T00:50:35+00:00\",\"mainEntityOfPage\":{\"@id\":\"https:\/\/nordnesrepublikken.no\/index.php\/2025\/09\/03\/hva-var-de-mest-voldelige-jordskjelvene-i-afghanistan\/\"},\"wordCount\":625,\"publisher\":{\"@id\":\"https:\/\/nordnesrepublikken.no\/#organization\"},\"image\":{\"@id\":\"https:\/\/nordnesrepublikken.no\/index.php\/2025\/09\/03\/hva-var-de-mest-voldelige-jordskjelvene-i-afghanistan\/#primaryimage\"},\"thumbnailUrl\":\"https:\/\/nordnesrepublikken.no\/wp-content\/uploads\/2025\/09\/1756860629_Hva-var-de-mest-voldelige-jordskjelvene-i-Afghanistan.jpg\",\"keywords\":[\"Afghanistan\",\"Hva\",\"jordskjelvene\",\"mest\",\"var\",\"voldelige\"],\"articleSection\":[\"Vitenskap\"],\"inLanguage\":\"nb-NO\"},{\"@type\":\"WebPage\",\"@id\":\"https:\/\/nordnesrepublikken.no\/index.php\/2025\/09\/03\/hva-var-de-mest-voldelige-jordskjelvene-i-afghanistan\/\",\"url\":\"https:\/\/nordnesrepublikken.no\/index.php\/2025\/09\/03\/hva-var-de-mest-voldelige-jordskjelvene-i-afghanistan\/\",\"name\":\"Hva var de mest voldelige jordskjelvene i Afghanistan - Nordnesrepublikken\",\"isPartOf\":{\"@id\":\"https:\/\/nordnesrepublikken.no\/#website\"},\"primaryImageOfPage\":{\"@id\":\"https:\/\/nordnesrepublikken.no\/index.php\/2025\/09\/03\/hva-var-de-mest-voldelige-jordskjelvene-i-afghanistan\/#primaryimage\"},\"image\":{\"@id\":\"https:\/\/nordnesrepublikken.no\/index.php\/2025\/09\/03\/hva-var-de-mest-voldelige-jordskjelvene-i-afghanistan\/#primaryimage\"},\"thumbnailUrl\":\"https:\/\/nordnesrepublikken.no\/wp-content\/uploads\/2025\/09\/1756860629_Hva-var-de-mest-voldelige-jordskjelvene-i-Afghanistan.jpg\",\"datePublished\":\"2025-09-03T00:50:28+00:00\",\"dateModified\":\"2025-09-03T00:50:35+00:00\",\"breadcrumb\":{\"@id\":\"https:\/\/nordnesrepublikken.no\/index.php\/2025\/09\/03\/hva-var-de-mest-voldelige-jordskjelvene-i-afghanistan\/#breadcrumb\"},\"inLanguage\":\"nb-NO\",\"potentialAction\":[{\"@type\":\"ReadAction\",\"target\":[\"https:\/\/nordnesrepublikken.no\/index.php\/2025\/09\/03\/hva-var-de-mest-voldelige-jordskjelvene-i-afghanistan\/\"]}]},{\"@type\":\"ImageObject\",\"inLanguage\":\"nb-NO\",\"@id\":\"https:\/\/nordnesrepublikken.no\/index.php\/2025\/09\/03\/hva-var-de-mest-voldelige-jordskjelvene-i-afghanistan\/#primaryimage\",\"url\":\"https:\/\/nordnesrepublikken.no\/wp-content\/uploads\/2025\/09\/1756860629_Hva-var-de-mest-voldelige-jordskjelvene-i-Afghanistan.jpg\",\"contentUrl\":\"https:\/\/nordnesrepublikken.no\/wp-content\/uploads\/2025\/09\/1756860629_Hva-var-de-mest-voldelige-jordskjelvene-i-Afghanistan.jpg\",\"width\":2549,\"height\":1491,\"caption\":\"Immagine\"},{\"@type\":\"BreadcrumbList\",\"@id\":\"https:\/\/nordnesrepublikken.no\/index.php\/2025\/09\/03\/hva-var-de-mest-voldelige-jordskjelvene-i-afghanistan\/#breadcrumb\",\"itemListElement\":[{\"@type\":\"ListItem\",\"position\":1,\"name\":\"Home\",\"item\":\"https:\/\/nordnesrepublikken.no\/\"},{\"@type\":\"ListItem\",\"position\":2,\"name\":\"Hva var de mest voldelige jordskjelvene i Afghanistan\"}]},{\"@type\":\"WebSite\",\"@id\":\"https:\/\/nordnesrepublikken.no\/#website\",\"url\":\"https:\/\/nordnesrepublikken.no\/\",\"name\":\"Nordnesrepublikken\",\"description\":\"Stemmer og Visjoner fra Republikkens Hjerte\",\"publisher\":{\"@id\":\"https:\/\/nordnesrepublikken.no\/#organization\"},\"potentialAction\":[{\"@type\":\"SearchAction\",\"target\":{\"@type\":\"EntryPoint\",\"urlTemplate\":\"https:\/\/nordnesrepublikken.no\/?s={search_term_string}\"},\"query-input\":{\"@type\":\"PropertyValueSpecification\",\"valueRequired\":true,\"valueName\":\"search_term_string\"}}],\"inLanguage\":\"nb-NO\"},{\"@type\":\"Organization\",\"@id\":\"https:\/\/nordnesrepublikken.no\/#organization\",\"name\":\"Nordnesrepublikken\",\"url\":\"https:\/\/nordnesrepublikken.no\/\",\"logo\":{\"@type\":\"ImageObject\",\"inLanguage\":\"nb-NO\",\"@id\":\"https:\/\/nordnesrepublikken.no\/#\/schema\/logo\/image\/\",\"url\":\"https:\/\/nordnesrepublikken.no\/wp-content\/uploads\/2025\/02\/cropped-nordnesrepublikken-2.png\",\"contentUrl\":\"https:\/\/nordnesrepublikken.no\/wp-content\/uploads\/2025\/02\/cropped-nordnesrepublikken-2.png\",\"width\":1248,\"height\":362,\"caption\":\"Nordnesrepublikken\"},\"image\":{\"@id\":\"https:\/\/nordnesrepublikken.no\/#\/schema\/logo\/image\/\"}},{\"@type\":\"Person\",\"@id\":\"https:\/\/nordnesrepublikken.no\/#\/schema\/person\/2e7e81935bab77882fffb79296240ff1\",\"name\":\"Ole Andersen\",\"image\":{\"@type\":\"ImageObject\",\"inLanguage\":\"nb-NO\",\"@id\":\"https:\/\/nordnesrepublikken.no\/#\/schema\/person\/image\/\",\"url\":\"https:\/\/nordnesrepublikken.no\/wp-content\/uploads\/2025\/02\/nordnesrepublikken-2-2-150x150.jpg\",\"contentUrl\":\"https:\/\/nordnesrepublikken.no\/wp-content\/uploads\/2025\/02\/nordnesrepublikken-2-2-150x150.jpg\",\"caption\":\"Ole Andersen\"},\"description\":\"Ettersom jeg vokste opp i Oslo, har jeg alltid v\u00e6rt fascinert av ordenes kraft og deres evne til \u00e5 skape endringer. Etter \u00e5 ha fullf\u00f8rt min utdannelse i kommunikasjon ved Universitetet i Bergen, fikk jeg muligheten til \u00e5 jobbe innen ulike medier, der jeg har s\u00f8kt \u00e5 belyse viktige samfunnssp\u00f8rsm\u00e5l. I dag, som redakt\u00f8r for Nordnesrepublikken, pr\u00f8ver jeg \u00e5 forene min kj\u00e6rlighet for journalistikk med min lidenskap for innovasjon og eventyr.\",\"sameAs\":[\"https:\/\/nordnesrepublikken.no\/\"]}]}<\/script>\n<!-- \/ Yoast SEO plugin. -->","yoast_head_json":{"title":"Hva var de mest voldelige jordskjelvene i Afghanistan - Nordnesrepublikken","robots":{"index":"index","follow":"follow","max-snippet":"max-snippet:-1","max-image-preview":"max-image-preview:large","max-video-preview":"max-video-preview:-1"},"canonical":"https:\/\/nordnesrepublikken.no\/index.php\/2025\/09\/03\/hva-var-de-mest-voldelige-jordskjelvene-i-afghanistan\/","og_locale":"nb_NO","og_type":"article","og_title":"Hva var de mest voldelige jordskjelvene i Afghanistan - Nordnesrepublikken","og_description":"Jordskjelvet p\u00e5 6,0 st\u00f8rrelsesorden som traff \u00d8st -regionen i Afghanistan n\u00e6r grensen til Pakistan, med","og_url":"https:\/\/nordnesrepublikken.no\/index.php\/2025\/09\/03\/hva-var-de-mest-voldelige-jordskjelvene-i-afghanistan\/","og_site_name":"Nordnesrepublikken","article_published_time":"2025-09-03T00:50:28+00:00","article_modified_time":"2025-09-03T00:50:35+00:00","og_image":[{"width":2549,"height":1491,"url":"https:\/\/nordnesrepublikken.no\/wp-content\/uploads\/2025\/09\/1756860629_Hva-var-de-mest-voldelige-jordskjelvene-i-Afghanistan.jpg","type":"image\/jpeg"}],"author":"Ole Andersen","twitter_card":"summary_large_image","twitter_misc":{"Skrevet av":"Ole Andersen","Ansl. lesetid":"3 minutter"},"schema":{"@context":"https:\/\/schema.org","@graph":[{"@type":"Article","@id":"https:\/\/nordnesrepublikken.no\/index.php\/2025\/09\/03\/hva-var-de-mest-voldelige-jordskjelvene-i-afghanistan\/#article","isPartOf":{"@id":"https:\/\/nordnesrepublikken.no\/index.php\/2025\/09\/03\/hva-var-de-mest-voldelige-jordskjelvene-i-afghanistan\/"},"author":{"name":"Ole Andersen","@id":"https:\/\/nordnesrepublikken.no\/#\/schema\/person\/2e7e81935bab77882fffb79296240ff1"},"headline":"Hva var de mest voldelige jordskjelvene i Afghanistan","datePublished":"2025-09-03T00:50:28+00:00","dateModified":"2025-09-03T00:50:35+00:00","mainEntityOfPage":{"@id":"https:\/\/nordnesrepublikken.no\/index.php\/2025\/09\/03\/hva-var-de-mest-voldelige-jordskjelvene-i-afghanistan\/"},"wordCount":625,"publisher":{"@id":"https:\/\/nordnesrepublikken.no\/#organization"},"image":{"@id":"https:\/\/nordnesrepublikken.no\/index.php\/2025\/09\/03\/hva-var-de-mest-voldelige-jordskjelvene-i-afghanistan\/#primaryimage"},"thumbnailUrl":"https:\/\/nordnesrepublikken.no\/wp-content\/uploads\/2025\/09\/1756860629_Hva-var-de-mest-voldelige-jordskjelvene-i-Afghanistan.jpg","keywords":["Afghanistan","Hva","jordskjelvene","mest","var","voldelige"],"articleSection":["Vitenskap"],"inLanguage":"nb-NO"},{"@type":"WebPage","@id":"https:\/\/nordnesrepublikken.no\/index.php\/2025\/09\/03\/hva-var-de-mest-voldelige-jordskjelvene-i-afghanistan\/","url":"https:\/\/nordnesrepublikken.no\/index.php\/2025\/09\/03\/hva-var-de-mest-voldelige-jordskjelvene-i-afghanistan\/","name":"Hva var de mest voldelige jordskjelvene i Afghanistan - Nordnesrepublikken","isPartOf":{"@id":"https:\/\/nordnesrepublikken.no\/#website"},"primaryImageOfPage":{"@id":"https:\/\/nordnesrepublikken.no\/index.php\/2025\/09\/03\/hva-var-de-mest-voldelige-jordskjelvene-i-afghanistan\/#primaryimage"},"image":{"@id":"https:\/\/nordnesrepublikken.no\/index.php\/2025\/09\/03\/hva-var-de-mest-voldelige-jordskjelvene-i-afghanistan\/#primaryimage"},"thumbnailUrl":"https:\/\/nordnesrepublikken.no\/wp-content\/uploads\/2025\/09\/1756860629_Hva-var-de-mest-voldelige-jordskjelvene-i-Afghanistan.jpg","datePublished":"2025-09-03T00:50:28+00:00","dateModified":"2025-09-03T00:50:35+00:00","breadcrumb":{"@id":"https:\/\/nordnesrepublikken.no\/index.php\/2025\/09\/03\/hva-var-de-mest-voldelige-jordskjelvene-i-afghanistan\/#breadcrumb"},"inLanguage":"nb-NO","potentialAction":[{"@type":"ReadAction","target":["https:\/\/nordnesrepublikken.no\/index.php\/2025\/09\/03\/hva-var-de-mest-voldelige-jordskjelvene-i-afghanistan\/"]}]},{"@type":"ImageObject","inLanguage":"nb-NO","@id":"https:\/\/nordnesrepublikken.no\/index.php\/2025\/09\/03\/hva-var-de-mest-voldelige-jordskjelvene-i-afghanistan\/#primaryimage","url":"https:\/\/nordnesrepublikken.no\/wp-content\/uploads\/2025\/09\/1756860629_Hva-var-de-mest-voldelige-jordskjelvene-i-Afghanistan.jpg","contentUrl":"https:\/\/nordnesrepublikken.no\/wp-content\/uploads\/2025\/09\/1756860629_Hva-var-de-mest-voldelige-jordskjelvene-i-Afghanistan.jpg","width":2549,"height":1491,"caption":"Immagine"},{"@type":"BreadcrumbList","@id":"https:\/\/nordnesrepublikken.no\/index.php\/2025\/09\/03\/hva-var-de-mest-voldelige-jordskjelvene-i-afghanistan\/#breadcrumb","itemListElement":[{"@type":"ListItem","position":1,"name":"Home","item":"https:\/\/nordnesrepublikken.no\/"},{"@type":"ListItem","position":2,"name":"Hva var de mest voldelige jordskjelvene i Afghanistan"}]},{"@type":"WebSite","@id":"https:\/\/nordnesrepublikken.no\/#website","url":"https:\/\/nordnesrepublikken.no\/","name":"Nordnesrepublikken","description":"Stemmer og Visjoner fra Republikkens Hjerte","publisher":{"@id":"https:\/\/nordnesrepublikken.no\/#organization"},"potentialAction":[{"@type":"SearchAction","target":{"@type":"EntryPoint","urlTemplate":"https:\/\/nordnesrepublikken.no\/?s={search_term_string}"},"query-input":{"@type":"PropertyValueSpecification","valueRequired":true,"valueName":"search_term_string"}}],"inLanguage":"nb-NO"},{"@type":"Organization","@id":"https:\/\/nordnesrepublikken.no\/#organization","name":"Nordnesrepublikken","url":"https:\/\/nordnesrepublikken.no\/","logo":{"@type":"ImageObject","inLanguage":"nb-NO","@id":"https:\/\/nordnesrepublikken.no\/#\/schema\/logo\/image\/","url":"https:\/\/nordnesrepublikken.no\/wp-content\/uploads\/2025\/02\/cropped-nordnesrepublikken-2.png","contentUrl":"https:\/\/nordnesrepublikken.no\/wp-content\/uploads\/2025\/02\/cropped-nordnesrepublikken-2.png","width":1248,"height":362,"caption":"Nordnesrepublikken"},"image":{"@id":"https:\/\/nordnesrepublikken.no\/#\/schema\/logo\/image\/"}},{"@type":"Person","@id":"https:\/\/nordnesrepublikken.no\/#\/schema\/person\/2e7e81935bab77882fffb79296240ff1","name":"Ole Andersen","image":{"@type":"ImageObject","inLanguage":"nb-NO","@id":"https:\/\/nordnesrepublikken.no\/#\/schema\/person\/image\/","url":"https:\/\/nordnesrepublikken.no\/wp-content\/uploads\/2025\/02\/nordnesrepublikken-2-2-150x150.jpg","contentUrl":"https:\/\/nordnesrepublikken.no\/wp-content\/uploads\/2025\/02\/nordnesrepublikken-2-2-150x150.jpg","caption":"Ole Andersen"},"description":"Ettersom jeg vokste opp i Oslo, har jeg alltid v\u00e6rt fascinert av ordenes kraft og deres evne til \u00e5 skape endringer. Etter \u00e5 ha fullf\u00f8rt min utdannelse i kommunikasjon ved Universitetet i Bergen, fikk jeg muligheten til \u00e5 jobbe innen ulike medier, der jeg har s\u00f8kt \u00e5 belyse viktige samfunnssp\u00f8rsm\u00e5l. I dag, som redakt\u00f8r for Nordnesrepublikken, pr\u00f8ver jeg \u00e5 forene min kj\u00e6rlighet for journalistikk med min lidenskap for innovasjon og eventyr.","sameAs":["https:\/\/nordnesrepublikken.no\/"]}]}},"_links":{"self":[{"href":"https:\/\/nordnesrepublikken.no\/index.php\/wp-json\/wp\/v2\/posts\/9089","targetHints":{"allow":["GET"]}}],"collection":[{"href":"https:\/\/nordnesrepublikken.no\/index.php\/wp-json\/wp\/v2\/posts"}],"about":[{"href":"https:\/\/nordnesrepublikken.no\/index.php\/wp-json\/wp\/v2\/types\/post"}],"author":[{"embeddable":true,"href":"https:\/\/nordnesrepublikken.no\/index.php\/wp-json\/wp\/v2\/users\/1"}],"replies":[{"embeddable":true,"href":"https:\/\/nordnesrepublikken.no\/index.php\/wp-json\/wp\/v2\/comments?post=9089"}],"version-history":[{"count":1,"href":"https:\/\/nordnesrepublikken.no\/index.php\/wp-json\/wp\/v2\/posts\/9089\/revisions"}],"predecessor-version":[{"id":9091,"href":"https:\/\/nordnesrepublikken.no\/index.php\/wp-json\/wp\/v2\/posts\/9089\/revisions\/9091"}],"wp:featuredmedia":[{"embeddable":true,"href":"https:\/\/nordnesrepublikken.no\/index.php\/wp-json\/wp\/v2\/media\/9090"}],"wp:attachment":[{"href":"https:\/\/nordnesrepublikken.no\/index.php\/wp-json\/wp\/v2\/media?parent=9089"}],"wp:term":[{"taxonomy":"category","embeddable":true,"href":"https:\/\/nordnesrepublikken.no\/index.php\/wp-json\/wp\/v2\/categories?post=9089"},{"taxonomy":"post_tag","embeddable":true,"href":"https:\/\/nordnesrepublikken.no\/index.php\/wp-json\/wp\/v2\/tags?post=9089"}],"curies":[{"name":"wp","href":"https:\/\/api.w.org\/{rel}","templated":true}]}}