{"id":9067,"date":"2025-09-03T08:00:00","date_gmt":"2025-09-03T06:00:00","guid":{"rendered":"https:\/\/nordnesrepublikken.no\/?p=9067"},"modified":"2025-09-02T16:25:52","modified_gmt":"2025-09-02T14:25:52","slug":"denne-planten-i-potte-dufter-pynter-terrassen-og-holder-mygg-borte","status":"publish","type":"post","link":"https:\/\/nordnesrepublikken.no\/index.php\/2025\/09\/03\/denne-planten-i-potte-dufter-pynter-terrassen-og-holder-mygg-borte\/","title":{"rendered":"Denne planten i potte dufter, pynter terrassen og holder mygg borte"},"content":{"rendered":"\n<p><strong><em>Sommeren kan v\u00e6re fantastisk, men irriterende mygg kan \u00f8delegge kveldene ute. Heldigvis finnes det en plante som b\u00e5de pynter terrassen, sprer en frisk duft og samtidig holder myggen p\u00e5 avstand.<\/em><\/strong> <strong><em>Citronella i potte er enkel \u00e5 dyrke, dekorativ og naturlig effektiv \u2013 et must for enhver uteplass.<\/em><\/strong><\/p>\n\n\n\n<!--more-->\n\n\n\n<h2 class=\"wp-block-heading\">Citronella: en plante med mange sider<\/h2>\n\n\n\n<p>Citronella (Cymbopogon) er en <strong>tropisk gressplante<\/strong> kjent for sin sitrusaktige duft. Den stammer fra Asia og finnes i flere varianter, blant annet Java- og Ceylon-citronella. Planten kan bli opptil halvannen meter h\u00f8y og danner tette tuer med lange, slanke blader som gir en elegant og luftig effekt i uterommet.<\/p>\n\n\n\n<h2 class=\"wp-block-heading\">Hvorfor dyrke citronella i potte?<\/h2>\n\n\n\n<h3 class=\"wp-block-heading\">Praktisk valg i v\u00e5rt klima<\/h3>\n\n\n\n<p>Citronella t\u00e5ler ikke kulde og skades n\u00e5r <a href=\"https:\/\/nordnesrepublikken.no\/index.php\/2025\/05\/07\/ved-fegrei-campi-forblir-temperaturen-uendret-og-loftet-av-jorda-bremser-ned-ingv-bulletin\/\"><strong><em><span style=\"text-decoration: underline;\">temperaturen <\/span><\/em><\/strong><\/a>synker under 5 \u00b0C. Derfor er dyrking i <strong>potte<\/strong> ideelt \u2013 da kan den flyttes inn n\u00e5r vinteren kommer. Dessuten gir potten fleksibilitet: du kan plassere planten n\u00e6r sittegruppen for \u00e5 nyte effekten mot mygg, eller flytte den om du vil variere uttrykket p\u00e5 terrassen.<\/p>\n\n\n\n<h3 class=\"wp-block-heading\">Passer selv i sm\u00e5 rom<\/h3>\n\n\n\n<p>P\u00e5 en liten balkong eller terrasse er det fortsatt plass til citronella. Et kar p\u00e5 30\u201340 cm i diameter er nok til at den trives. Dette gj\u00f8r planten perfekt for <strong>urbane hager<\/strong>, hvor plassen er begrenset, men behovet for b\u00e5de gr\u00f8nt og myggbeskyttelse er stort.<\/p>\n\n\n\n<h2 class=\"wp-block-heading\">Slik lykkes du med citronella i potte<\/h2>\n\n\n\n<h3 class=\"wp-block-heading\">Riktig jord og potte<\/h3>\n\n\n\n<p>Bruk en romslig potte med god drenering. En jordblanding av <strong>hagejord<\/strong>, kompost og grov sand gir b\u00e5de n\u00e6ring og drenering. Legg gjerne lecakuler eller sm\u00e5stein i bunnen for \u00e5 unng\u00e5 r\u00e5te.<\/p>\n\n\n\n<h3 class=\"wp-block-heading\">Lys og vann<\/h3>\n\n\n\n<p>Citronella elsker sol og varme. Plasser potten i full sol og vann jevnlig i vekstsesongen, men la overflaten t\u00f8rke lett mellom hver vanning. Om vinteren trenger planten langt mindre vann, og b\u00f8r st\u00e5 lyst og frostfritt.<\/p>\n\n\n\n<h3 class=\"wp-block-heading\">Stell og deling<\/h3>\n\n\n\n<p>Gi flytende gj\u00f8dsel en gang i m\u00e5neden om sommeren for en frodig vekst. Hvert par \u00e5r kan planten deles og plantes om \u2013 en fin m\u00e5te \u00e5 f\u00e5 flere potter p\u00e5, eller \u00e5 gi en duftende gave til venner.<\/p>\n\n\n\n<h2 class=\"wp-block-heading\">Citronella som naturlig myggbeskytter<\/h2>\n\n\n\n<h3 class=\"wp-block-heading\">Hvorfor virker den?<\/h3>\n\n\n\n<p>Bladene inneholder aromastoffer som citronellal og geraniol. Disse forvirrer myggens luktesans og gj\u00f8r det vanskeligere for den \u00e5 finne mennesker.<\/p>\n\n\n\n<p>Did you know?<br>Citronella-planten alene holder ikke alltid myggen helt unna. Ved \u00e5 gni p\u00e5 bladene og frigj\u00f8re oljene, \u00f8ker effekten betraktelig.<\/p>\n\n\n\n<h3 class=\"wp-block-heading\">Smarte bruksomr\u00e5der<\/h3>\n\n\n\n<ul class=\"wp-block-list\">\n<li>Gni friske blader lett p\u00e5 huden (test f\u00f8rst for allergi).<\/li>\n\n\n\n<li>Lag en enkel spray ved \u00e5 trekke blader i varmt vann og avkj\u00f8le.<\/li>\n\n\n\n<li>Brenn t\u00f8rkede blader som et naturlig r\u00f8kelse.<\/li>\n\n\n\n<li>Sett flere potter rundt sittegruppen for en <strong>duftende barriere<\/strong>.<\/li>\n<\/ul>\n\n\n\n<h2 class=\"wp-block-heading\">Flere fordeler enn bare myggbeskyttelse<\/h2>\n\n\n\n<h3 class=\"wp-block-heading\">Frisk duft<\/h3>\n\n\n\n<p>Citronella sprer en behagelig sitrusduft som mange forbinder med sommer og ferie. Den passer godt sammen med andre <strong>aromatiske planter<\/strong> som mynte, sitronmelisse og verbena, og kan skape en hel liten duftoase.<\/p>\n\n\n\n<h3 class=\"wp-block-heading\">Bruk i mat og velv\u00e6re<\/h3>\n\n\n\n<ul class=\"wp-block-list\">\n<li>Stengler: gir smak til supper, curryer og marinader i asiatisk mat.<\/li>\n\n\n\n<li>Friske blader: perfekte til te eller iste.<\/li>\n\n\n\n<li>T\u00f8rkede blader: kan brukes i duftposer eller som r\u00f8kelse.<\/li>\n<\/ul>\n\n\n\n<h2 class=\"wp-block-heading\">N\u00e5r og hvor b\u00f8r du plante?<\/h2>\n\n\n\n<p>Den beste tiden \u00e5 plante citronella ute er fra midten av april til juni, n\u00e5r faren for frost er over. I mildt klima kan du starte tidligere, men husk \u00e5 beskytte planten mot uventet kulde.<\/p>\n\n\n\n<p>Planten finnes i de fleste hagesentre om v\u00e5ren, p\u00e5 lokale markeder eller i nettbutikker. Velg helst en godt utviklet plante om du vil ha rask effekt mot mygg.<\/p>\n\n\n\n<h2 class=\"wp-block-heading\">Godt samspill med andre planter<\/h2>\n\n\n\n<p>For en sterkere myggbarriere kan citronella kombineres med andre naturlige repellenter:<\/p>\n\n\n\n<ul class=\"wp-block-list\">\n<li><strong>Sitronmelisse<\/strong> gir ekstra frisk sitrusduft.<\/li>\n\n\n\n<li><strong>Basilikum<\/strong> virker mot blant annet tigermyggen.<\/li>\n\n\n\n<li><strong>Mynte og lavendel<\/strong> b\u00e5de lukter godt og holder <a href=\"https:\/\/nordnesrepublikken.no\/index.php\/2025\/08\/05\/det-er-blant-de-tyngste-insektene-i-verden\/\"><span style=\"text-decoration: underline;\"><em><strong>insektene <\/strong><\/em><\/span><\/a>unna.<\/li>\n<\/ul>\n\n\n\n<h2 class=\"wp-block-heading\">Erfaringer fra hverdagen<\/h2>\n\n\n\n<p>\u2013 \u00abVi bor ved et vann og hadde plaget mye med mygg. Etter \u00e5 ha satt ut tre potter med citronella, kan vi endelig spise ute i fred,\u00bb forteller Marie.<br>\u2013 Thomas, som dyrker p\u00e5 balkongen, sier: \u00abJeg bruker den b\u00e5de i matlaging og for \u00e5 holde myggen borte. I tillegg pynter den opp med sin frodige fasong.\u00bb<br>\u2013 For sm\u00e5barnsmoren Sophie var det viktig \u00e5 finne et naturlig alternativ: \u00abJeg slipper \u00e5 bruke sterke kjemikalier p\u00e5 barna, og vi kan kose oss ute uten bekymringer.\u00bb<\/p>\n\n\n\n<h2 class=\"wp-block-heading\">Slik overlever citronella vinteren<\/h2>\n\n\n\n<h3 class=\"wp-block-heading\">Inne i kalde omr\u00e5der<\/h3>\n\n\n\n<p>Ta potten inn f\u00f8r f\u00f8rste frost. Plasser den lyst, men kj\u00f8lig, og vann sjeldent. Noe bladfall er normalt \u2013 planten hviler.<\/p>\n\n\n\n<h3 class=\"wp-block-heading\">Ute i milde str\u00f8k<\/h3>\n\n\n\n<p>Bor du langs kysten eller i omr\u00e5der med sjelden frost, kan citronella st\u00e5 ute med litt hjelp:<\/p>\n\n\n\n<ul class=\"wp-block-list\">\n<li>Sett potten inntil en lun vegg.<\/li>\n\n\n\n<li>Dekk r\u00f8ttene med et lag halm eller l\u00f8v.<\/li>\n\n\n\n<li>Pakk potten inn i isolerende materiale.<\/li>\n<\/ul>\n\n\n\n<p>N\u00e5r v\u00e5ren kommer, vil planten v\u00e5kne til live og igjen fylle terrassen med frisk duft og et naturlig skjold mot mygg.<\/p>\n","protected":false},"excerpt":{"rendered":"<p>Sommeren kan v\u00e6re fantastisk, men irriterende mygg kan \u00f8delegge kveldene ute. Heldigvis finnes det en<\/p>\n","protected":false},"author":4,"featured_media":9068,"comment_status":"closed","ping_status":"open","sticky":false,"template":"","format":"standard","meta":{"footnotes":""},"categories":[1287],"tags":[],"class_list":["post-9067","post","type-post","status-publish","format-standard","has-post-thumbnail","hentry","category-nyheter","generate-columns","tablet-grid-50","mobile-grid-100","grid-parent","grid-33","resize-featured-image"],"yoast_head":"<!-- This site is optimized with the Yoast SEO plugin v24.4 - https:\/\/yoast.com\/wordpress\/plugins\/seo\/ -->\n<title>Denne planten i potte dufter, pynter terrassen og holder mygg borte - Nordnesrepublikken<\/title>\n<meta name=\"robots\" content=\"index, follow, max-snippet:-1, max-image-preview:large, max-video-preview:-1\" \/>\n<link rel=\"canonical\" href=\"https:\/\/nordnesrepublikken.no\/index.php\/2025\/09\/03\/denne-planten-i-potte-dufter-pynter-terrassen-og-holder-mygg-borte\/\" \/>\n<meta property=\"og:locale\" content=\"nb_NO\" \/>\n<meta property=\"og:type\" content=\"article\" \/>\n<meta property=\"og:title\" content=\"Denne planten i potte dufter, pynter terrassen og holder mygg borte - Nordnesrepublikken\" \/>\n<meta property=\"og:description\" content=\"Sommeren kan v\u00e6re fantastisk, men irriterende mygg kan \u00f8delegge kveldene ute. Heldigvis finnes det en\" \/>\n<meta property=\"og:url\" content=\"https:\/\/nordnesrepublikken.no\/index.php\/2025\/09\/03\/denne-planten-i-potte-dufter-pynter-terrassen-og-holder-mygg-borte\/\" \/>\n<meta property=\"og:site_name\" content=\"Nordnesrepublikken\" \/>\n<meta property=\"article:published_time\" content=\"2025-09-03T06:00:00+00:00\" \/>\n<meta property=\"og:image\" content=\"https:\/\/nordnesrepublikken.no\/wp-content\/uploads\/2025\/09\/Pour-le-site-Decaturmetro.jpg\" \/>\n\t<meta property=\"og:image:width\" content=\"1200\" \/>\n\t<meta property=\"og:image:height\" content=\"800\" \/>\n\t<meta property=\"og:image:type\" content=\"image\/jpeg\" \/>\n<meta name=\"author\" content=\"Erik Dahlgren\" \/>\n<meta name=\"twitter:card\" content=\"summary_large_image\" \/>\n<meta name=\"twitter:label1\" content=\"Skrevet av\" \/>\n\t<meta name=\"twitter:data1\" content=\"Erik Dahlgren\" \/>\n\t<meta name=\"twitter:label2\" content=\"Ansl. lesetid\" \/>\n\t<meta name=\"twitter:data2\" content=\"5 minutter\" \/>\n<script type=\"application\/ld+json\" class=\"yoast-schema-graph\">{\"@context\":\"https:\/\/schema.org\",\"@graph\":[{\"@type\":\"Article\",\"@id\":\"https:\/\/nordnesrepublikken.no\/index.php\/2025\/09\/03\/denne-planten-i-potte-dufter-pynter-terrassen-og-holder-mygg-borte\/#article\",\"isPartOf\":{\"@id\":\"https:\/\/nordnesrepublikken.no\/index.php\/2025\/09\/03\/denne-planten-i-potte-dufter-pynter-terrassen-og-holder-mygg-borte\/\"},\"author\":{\"name\":\"Erik Dahlgren\",\"@id\":\"https:\/\/nordnesrepublikken.no\/#\/schema\/person\/84c306b32f7a22b4f294a8756f3fde65\"},\"headline\":\"Denne planten i potte dufter, pynter terrassen og holder mygg borte\",\"datePublished\":\"2025-09-03T06:00:00+00:00\",\"mainEntityOfPage\":{\"@id\":\"https:\/\/nordnesrepublikken.no\/index.php\/2025\/09\/03\/denne-planten-i-potte-dufter-pynter-terrassen-og-holder-mygg-borte\/\"},\"wordCount\":821,\"publisher\":{\"@id\":\"https:\/\/nordnesrepublikken.no\/#organization\"},\"image\":{\"@id\":\"https:\/\/nordnesrepublikken.no\/index.php\/2025\/09\/03\/denne-planten-i-potte-dufter-pynter-terrassen-og-holder-mygg-borte\/#primaryimage\"},\"thumbnailUrl\":\"https:\/\/nordnesrepublikken.no\/wp-content\/uploads\/2025\/09\/Pour-le-site-Decaturmetro.jpg\",\"articleSection\":[\"Nyheter\"],\"inLanguage\":\"nb-NO\"},{\"@type\":\"WebPage\",\"@id\":\"https:\/\/nordnesrepublikken.no\/index.php\/2025\/09\/03\/denne-planten-i-potte-dufter-pynter-terrassen-og-holder-mygg-borte\/\",\"url\":\"https:\/\/nordnesrepublikken.no\/index.php\/2025\/09\/03\/denne-planten-i-potte-dufter-pynter-terrassen-og-holder-mygg-borte\/\",\"name\":\"Denne planten i potte dufter, pynter terrassen og holder mygg borte - Nordnesrepublikken\",\"isPartOf\":{\"@id\":\"https:\/\/nordnesrepublikken.no\/#website\"},\"primaryImageOfPage\":{\"@id\":\"https:\/\/nordnesrepublikken.no\/index.php\/2025\/09\/03\/denne-planten-i-potte-dufter-pynter-terrassen-og-holder-mygg-borte\/#primaryimage\"},\"image\":{\"@id\":\"https:\/\/nordnesrepublikken.no\/index.php\/2025\/09\/03\/denne-planten-i-potte-dufter-pynter-terrassen-og-holder-mygg-borte\/#primaryimage\"},\"thumbnailUrl\":\"https:\/\/nordnesrepublikken.no\/wp-content\/uploads\/2025\/09\/Pour-le-site-Decaturmetro.jpg\",\"datePublished\":\"2025-09-03T06:00:00+00:00\",\"breadcrumb\":{\"@id\":\"https:\/\/nordnesrepublikken.no\/index.php\/2025\/09\/03\/denne-planten-i-potte-dufter-pynter-terrassen-og-holder-mygg-borte\/#breadcrumb\"},\"inLanguage\":\"nb-NO\",\"potentialAction\":[{\"@type\":\"ReadAction\",\"target\":[\"https:\/\/nordnesrepublikken.no\/index.php\/2025\/09\/03\/denne-planten-i-potte-dufter-pynter-terrassen-og-holder-mygg-borte\/\"]}]},{\"@type\":\"ImageObject\",\"inLanguage\":\"nb-NO\",\"@id\":\"https:\/\/nordnesrepublikken.no\/index.php\/2025\/09\/03\/denne-planten-i-potte-dufter-pynter-terrassen-og-holder-mygg-borte\/#primaryimage\",\"url\":\"https:\/\/nordnesrepublikken.no\/wp-content\/uploads\/2025\/09\/Pour-le-site-Decaturmetro.jpg\",\"contentUrl\":\"https:\/\/nordnesrepublikken.no\/wp-content\/uploads\/2025\/09\/Pour-le-site-Decaturmetro.jpg\",\"width\":1200,\"height\":800,\"caption\":\"Denne planten i potte dufter, pynter terrassen og holder mygg borte\"},{\"@type\":\"BreadcrumbList\",\"@id\":\"https:\/\/nordnesrepublikken.no\/index.php\/2025\/09\/03\/denne-planten-i-potte-dufter-pynter-terrassen-og-holder-mygg-borte\/#breadcrumb\",\"itemListElement\":[{\"@type\":\"ListItem\",\"position\":1,\"name\":\"Home\",\"item\":\"https:\/\/nordnesrepublikken.no\/\"},{\"@type\":\"ListItem\",\"position\":2,\"name\":\"Denne planten i potte dufter, pynter terrassen og holder mygg borte\"}]},{\"@type\":\"WebSite\",\"@id\":\"https:\/\/nordnesrepublikken.no\/#website\",\"url\":\"https:\/\/nordnesrepublikken.no\/\",\"name\":\"Nordnesrepublikken\",\"description\":\"Stemmer og Visjoner fra Republikkens Hjerte\",\"publisher\":{\"@id\":\"https:\/\/nordnesrepublikken.no\/#organization\"},\"potentialAction\":[{\"@type\":\"SearchAction\",\"target\":{\"@type\":\"EntryPoint\",\"urlTemplate\":\"https:\/\/nordnesrepublikken.no\/?s={search_term_string}\"},\"query-input\":{\"@type\":\"PropertyValueSpecification\",\"valueRequired\":true,\"valueName\":\"search_term_string\"}}],\"inLanguage\":\"nb-NO\"},{\"@type\":\"Organization\",\"@id\":\"https:\/\/nordnesrepublikken.no\/#organization\",\"name\":\"Nordnesrepublikken\",\"url\":\"https:\/\/nordnesrepublikken.no\/\",\"logo\":{\"@type\":\"ImageObject\",\"inLanguage\":\"nb-NO\",\"@id\":\"https:\/\/nordnesrepublikken.no\/#\/schema\/logo\/image\/\",\"url\":\"https:\/\/nordnesrepublikken.no\/wp-content\/uploads\/2025\/02\/cropped-nordnesrepublikken-2.png\",\"contentUrl\":\"https:\/\/nordnesrepublikken.no\/wp-content\/uploads\/2025\/02\/cropped-nordnesrepublikken-2.png\",\"width\":1248,\"height\":362,\"caption\":\"Nordnesrepublikken\"},\"image\":{\"@id\":\"https:\/\/nordnesrepublikken.no\/#\/schema\/logo\/image\/\"}},{\"@type\":\"Person\",\"@id\":\"https:\/\/nordnesrepublikken.no\/#\/schema\/person\/84c306b32f7a22b4f294a8756f3fde65\",\"name\":\"Erik Dahlgren\",\"image\":{\"@type\":\"ImageObject\",\"inLanguage\":\"nb-NO\",\"@id\":\"https:\/\/nordnesrepublikken.no\/#\/schema\/person\/image\/\",\"url\":\"https:\/\/nordnesrepublikken.no\/wp-content\/uploads\/2025\/07\/Capture-decran-2025-07-31-a-15.22.01-150x150.png\",\"contentUrl\":\"https:\/\/nordnesrepublikken.no\/wp-content\/uploads\/2025\/07\/Capture-decran-2025-07-31-a-15.22.01-150x150.png\",\"caption\":\"Erik Dahlgren\"},\"description\":\"Erik Dahlgren er en allsidig journalist med base i Oslo, spesialisert p\u00e5 hus, hage og b\u00e6rekraftige boformer. Han kombinerer praktiske guider for byhager og interi\u00f8r med dypere milj\u00f8journalistikk og reportasjer. Med et tilgjengelig, engasjerende spr\u00e5k bidrar han til \u00e5 inspirere b\u00e5de huseiere og milj\u00f8bevisste lesere.\"}]}<\/script>\n<!-- \/ Yoast SEO plugin. -->","yoast_head_json":{"title":"Denne planten i potte dufter, pynter terrassen og holder mygg borte - Nordnesrepublikken","robots":{"index":"index","follow":"follow","max-snippet":"max-snippet:-1","max-image-preview":"max-image-preview:large","max-video-preview":"max-video-preview:-1"},"canonical":"https:\/\/nordnesrepublikken.no\/index.php\/2025\/09\/03\/denne-planten-i-potte-dufter-pynter-terrassen-og-holder-mygg-borte\/","og_locale":"nb_NO","og_type":"article","og_title":"Denne planten i potte dufter, pynter terrassen og holder mygg borte - Nordnesrepublikken","og_description":"Sommeren kan v\u00e6re fantastisk, men irriterende mygg kan \u00f8delegge kveldene ute. Heldigvis finnes det en","og_url":"https:\/\/nordnesrepublikken.no\/index.php\/2025\/09\/03\/denne-planten-i-potte-dufter-pynter-terrassen-og-holder-mygg-borte\/","og_site_name":"Nordnesrepublikken","article_published_time":"2025-09-03T06:00:00+00:00","og_image":[{"width":1200,"height":800,"url":"https:\/\/nordnesrepublikken.no\/wp-content\/uploads\/2025\/09\/Pour-le-site-Decaturmetro.jpg","type":"image\/jpeg"}],"author":"Erik Dahlgren","twitter_card":"summary_large_image","twitter_misc":{"Skrevet av":"Erik Dahlgren","Ansl. lesetid":"5 minutter"},"schema":{"@context":"https:\/\/schema.org","@graph":[{"@type":"Article","@id":"https:\/\/nordnesrepublikken.no\/index.php\/2025\/09\/03\/denne-planten-i-potte-dufter-pynter-terrassen-og-holder-mygg-borte\/#article","isPartOf":{"@id":"https:\/\/nordnesrepublikken.no\/index.php\/2025\/09\/03\/denne-planten-i-potte-dufter-pynter-terrassen-og-holder-mygg-borte\/"},"author":{"name":"Erik Dahlgren","@id":"https:\/\/nordnesrepublikken.no\/#\/schema\/person\/84c306b32f7a22b4f294a8756f3fde65"},"headline":"Denne planten i potte dufter, pynter terrassen og holder mygg borte","datePublished":"2025-09-03T06:00:00+00:00","mainEntityOfPage":{"@id":"https:\/\/nordnesrepublikken.no\/index.php\/2025\/09\/03\/denne-planten-i-potte-dufter-pynter-terrassen-og-holder-mygg-borte\/"},"wordCount":821,"publisher":{"@id":"https:\/\/nordnesrepublikken.no\/#organization"},"image":{"@id":"https:\/\/nordnesrepublikken.no\/index.php\/2025\/09\/03\/denne-planten-i-potte-dufter-pynter-terrassen-og-holder-mygg-borte\/#primaryimage"},"thumbnailUrl":"https:\/\/nordnesrepublikken.no\/wp-content\/uploads\/2025\/09\/Pour-le-site-Decaturmetro.jpg","articleSection":["Nyheter"],"inLanguage":"nb-NO"},{"@type":"WebPage","@id":"https:\/\/nordnesrepublikken.no\/index.php\/2025\/09\/03\/denne-planten-i-potte-dufter-pynter-terrassen-og-holder-mygg-borte\/","url":"https:\/\/nordnesrepublikken.no\/index.php\/2025\/09\/03\/denne-planten-i-potte-dufter-pynter-terrassen-og-holder-mygg-borte\/","name":"Denne planten i potte dufter, pynter terrassen og holder mygg borte - Nordnesrepublikken","isPartOf":{"@id":"https:\/\/nordnesrepublikken.no\/#website"},"primaryImageOfPage":{"@id":"https:\/\/nordnesrepublikken.no\/index.php\/2025\/09\/03\/denne-planten-i-potte-dufter-pynter-terrassen-og-holder-mygg-borte\/#primaryimage"},"image":{"@id":"https:\/\/nordnesrepublikken.no\/index.php\/2025\/09\/03\/denne-planten-i-potte-dufter-pynter-terrassen-og-holder-mygg-borte\/#primaryimage"},"thumbnailUrl":"https:\/\/nordnesrepublikken.no\/wp-content\/uploads\/2025\/09\/Pour-le-site-Decaturmetro.jpg","datePublished":"2025-09-03T06:00:00+00:00","breadcrumb":{"@id":"https:\/\/nordnesrepublikken.no\/index.php\/2025\/09\/03\/denne-planten-i-potte-dufter-pynter-terrassen-og-holder-mygg-borte\/#breadcrumb"},"inLanguage":"nb-NO","potentialAction":[{"@type":"ReadAction","target":["https:\/\/nordnesrepublikken.no\/index.php\/2025\/09\/03\/denne-planten-i-potte-dufter-pynter-terrassen-og-holder-mygg-borte\/"]}]},{"@type":"ImageObject","inLanguage":"nb-NO","@id":"https:\/\/nordnesrepublikken.no\/index.php\/2025\/09\/03\/denne-planten-i-potte-dufter-pynter-terrassen-og-holder-mygg-borte\/#primaryimage","url":"https:\/\/nordnesrepublikken.no\/wp-content\/uploads\/2025\/09\/Pour-le-site-Decaturmetro.jpg","contentUrl":"https:\/\/nordnesrepublikken.no\/wp-content\/uploads\/2025\/09\/Pour-le-site-Decaturmetro.jpg","width":1200,"height":800,"caption":"Denne planten i potte dufter, pynter terrassen og holder mygg borte"},{"@type":"BreadcrumbList","@id":"https:\/\/nordnesrepublikken.no\/index.php\/2025\/09\/03\/denne-planten-i-potte-dufter-pynter-terrassen-og-holder-mygg-borte\/#breadcrumb","itemListElement":[{"@type":"ListItem","position":1,"name":"Home","item":"https:\/\/nordnesrepublikken.no\/"},{"@type":"ListItem","position":2,"name":"Denne planten i potte dufter, pynter terrassen og holder mygg borte"}]},{"@type":"WebSite","@id":"https:\/\/nordnesrepublikken.no\/#website","url":"https:\/\/nordnesrepublikken.no\/","name":"Nordnesrepublikken","description":"Stemmer og Visjoner fra Republikkens Hjerte","publisher":{"@id":"https:\/\/nordnesrepublikken.no\/#organization"},"potentialAction":[{"@type":"SearchAction","target":{"@type":"EntryPoint","urlTemplate":"https:\/\/nordnesrepublikken.no\/?s={search_term_string}"},"query-input":{"@type":"PropertyValueSpecification","valueRequired":true,"valueName":"search_term_string"}}],"inLanguage":"nb-NO"},{"@type":"Organization","@id":"https:\/\/nordnesrepublikken.no\/#organization","name":"Nordnesrepublikken","url":"https:\/\/nordnesrepublikken.no\/","logo":{"@type":"ImageObject","inLanguage":"nb-NO","@id":"https:\/\/nordnesrepublikken.no\/#\/schema\/logo\/image\/","url":"https:\/\/nordnesrepublikken.no\/wp-content\/uploads\/2025\/02\/cropped-nordnesrepublikken-2.png","contentUrl":"https:\/\/nordnesrepublikken.no\/wp-content\/uploads\/2025\/02\/cropped-nordnesrepublikken-2.png","width":1248,"height":362,"caption":"Nordnesrepublikken"},"image":{"@id":"https:\/\/nordnesrepublikken.no\/#\/schema\/logo\/image\/"}},{"@type":"Person","@id":"https:\/\/nordnesrepublikken.no\/#\/schema\/person\/84c306b32f7a22b4f294a8756f3fde65","name":"Erik Dahlgren","image":{"@type":"ImageObject","inLanguage":"nb-NO","@id":"https:\/\/nordnesrepublikken.no\/#\/schema\/person\/image\/","url":"https:\/\/nordnesrepublikken.no\/wp-content\/uploads\/2025\/07\/Capture-decran-2025-07-31-a-15.22.01-150x150.png","contentUrl":"https:\/\/nordnesrepublikken.no\/wp-content\/uploads\/2025\/07\/Capture-decran-2025-07-31-a-15.22.01-150x150.png","caption":"Erik Dahlgren"},"description":"Erik Dahlgren er en allsidig journalist med base i Oslo, spesialisert p\u00e5 hus, hage og b\u00e6rekraftige boformer. Han kombinerer praktiske guider for byhager og interi\u00f8r med dypere milj\u00f8journalistikk og reportasjer. Med et tilgjengelig, engasjerende spr\u00e5k bidrar han til \u00e5 inspirere b\u00e5de huseiere og milj\u00f8bevisste lesere."}]}},"_links":{"self":[{"href":"https:\/\/nordnesrepublikken.no\/index.php\/wp-json\/wp\/v2\/posts\/9067","targetHints":{"allow":["GET"]}}],"collection":[{"href":"https:\/\/nordnesrepublikken.no\/index.php\/wp-json\/wp\/v2\/posts"}],"about":[{"href":"https:\/\/nordnesrepublikken.no\/index.php\/wp-json\/wp\/v2\/types\/post"}],"author":[{"embeddable":true,"href":"https:\/\/nordnesrepublikken.no\/index.php\/wp-json\/wp\/v2\/users\/4"}],"replies":[{"embeddable":true,"href":"https:\/\/nordnesrepublikken.no\/index.php\/wp-json\/wp\/v2\/comments?post=9067"}],"version-history":[{"count":1,"href":"https:\/\/nordnesrepublikken.no\/index.php\/wp-json\/wp\/v2\/posts\/9067\/revisions"}],"predecessor-version":[{"id":9069,"href":"https:\/\/nordnesrepublikken.no\/index.php\/wp-json\/wp\/v2\/posts\/9067\/revisions\/9069"}],"wp:featuredmedia":[{"embeddable":true,"href":"https:\/\/nordnesrepublikken.no\/index.php\/wp-json\/wp\/v2\/media\/9068"}],"wp:attachment":[{"href":"https:\/\/nordnesrepublikken.no\/index.php\/wp-json\/wp\/v2\/media?parent=9067"}],"wp:term":[{"taxonomy":"category","embeddable":true,"href":"https:\/\/nordnesrepublikken.no\/index.php\/wp-json\/wp\/v2\/categories?post=9067"},{"taxonomy":"post_tag","embeddable":true,"href":"https:\/\/nordnesrepublikken.no\/index.php\/wp-json\/wp\/v2\/tags?post=9067"}],"curies":[{"name":"wp","href":"https:\/\/api.w.org\/{rel}","templated":true}]}}