{"id":9058,"date":"2025-09-02T13:49:30","date_gmt":"2025-09-02T11:49:30","guid":{"rendered":"https:\/\/nordnesrepublikken.no\/index.php\/2025\/09\/02\/utviklingen-av-det-ambisiose-kjernefusjonsprosjektet\/"},"modified":"2025-09-02T13:49:37","modified_gmt":"2025-09-02T11:49:37","slug":"utviklingen-av-det-ambisiose-kjernefusjonsprosjektet","status":"publish","type":"post","link":"https:\/\/nordnesrepublikken.no\/index.php\/2025\/09\/02\/utviklingen-av-det-ambisiose-kjernefusjonsprosjektet\/","title":{"rendered":"Utviklingen av det ambisi\u00f8se kjernefusjonsprosjektet"},"content":{"rendered":"<div>\n<div class=\"cp_wrapper cp_wrapper--fw mb-30 mb-20@tablet\">\n<figure class=\"mm\"><picture class=\"img\" style=\"padding-top:56.25%\"><source  media=\"(min-width: 1024px)\"><source  media=\"(min-width: 768px)\"><\/source><\/source><\/picture><\/figure>\n<\/p><\/div>\n<p><b>Behandle <\/b><strong><b>(<em>Int<\/em><\/b><\/strong><strong><em>Ernational termonukle\u00e6r eksperimentell reaktor<\/em>)<\/strong> Det er en vitenskapelig pol designet for \u00e5 demonstrere muligheten for en reaktor a <strong>Nuclear Fusion<\/strong> som en trygg, ren og ubegrenset energikilde. Det ligger i S\u00f8r -Frankrike p\u00e5 forskningssenteret <strong>CEA Cadarache<\/strong>resultatet av mange samarbeid<strong> Landsbyer<\/strong>inkludert Kina, S\u00f8r -Korea, Japan, India, Russland, USA og EU. Det viktigste italienske bidraget er sentrum <strong>RFX Consortium of Padua<\/strong>som er vert for <strong>N\u00f8ytral str\u00e5lestestanlegg<\/strong>der de kraftige n\u00f8ytrale bjelkevarmesystemene er testet. M\u00e5let er \u00e5 begrense <b>plasma<\/b> &#8211; eller en ionisert gass &#8211; til utover <strong>150 millioner grader<\/strong> Innenfor en reaktor som heter <strong>Tokamak, <\/strong>Bruker kraftig <strong>Superledere magneter<\/strong>. Iter vil ikke produsere str\u00f8m for befolkningen, men hovedm\u00e5let vil v\u00e6re \u00e5 demonstrere at det er mulig \u00e5 generere <strong>mer energi enn <\/strong><strong>som konsumerte<\/strong><strong>  Til <\/strong><strong>avtrekker<\/strong><strong>  og beholde plasmaet<\/strong>.<\/p>\n<h2>De siste oppdateringene om ITER, kjernefusjonsprosjektet<\/h2>\n<p>I l\u00f8pet av det siste \u00e5ret har ITER -prosjektet registrert konkrete fremskritt i Tokamak: I april -mai 2025, for eksempel, for eksempel<b>installasjon av<\/b><b>den f\u00f8rste <\/b><b>to <\/b><b>Wigt -Vacuum kammermoduler<\/b>. Disse p\u00e5legger komponenter, vekten av tre Airbus A380 og andre s\u00e5 mye som en fem -etasjers bygning. Parallelt er de <b>Fortsett reparasjonene<\/b> og sjekker p\u00e5 komponentene som allerede er installert, etter oppdagelsen i 2022 av sprekker i <b>kj\u00f8lekretser <\/b>av termiske skjermingspaneler.<\/p>\n<p>Fremgangen ang\u00e5r ikke bare reaktorens fysiske kropp, men ogs\u00e5 datalagrings- og beregningssenteret. De <strong>Vitenskapelige data og datasenter<\/strong> Det er operativt: organisert p\u00e5 <strong>48 Rack<\/strong>ble designet for \u00e5 v\u00e6re vert for <b>1 MW utstyr <\/b>Og det har overfl\u00f8dige systemer for f\u00f4ring og kj\u00f8ling som sikrer mindre enn 1,6 timer inaktivitet p\u00e5 ett \u00e5r. Den forventede datatrafikken kan n\u00e5 opp til <b>30-50 GB\/s<\/b>med <b>spare<\/b><b>  aviser mellom 90 og 2 200 tb<\/b>. Det ansl\u00e5s at innen 2035<b>Kumulativt arkiv vil overstige 1 n\u00f8yaktig<\/b>eller 1 milliard gigabyte (GB). En enorm verdi \u00e5 si det mildt: tilsvarer utveksling av data som \u00e5rlig sender omtrent <strong>4 millioner italienere<\/strong>hvis du vurderer en gjennomsnittlig bruk p\u00e5 rundt 20 GB\/m\u00e5ned per person.<\/p>\n<p>Det er ogs\u00e5 oppdateringer p\u00e5 bygningsfronten. De <strong>Tritiumbygning, <\/strong>n\u00f8dvendig for det f\u00f8rste plasma og forberedende for operasjonene som utnyttet Deuterio og Trizio, var fullf\u00f8rt i slutten av 2023. Byggearbeidene ble fullf\u00f8rt, med unntak av<strong>Hot Cell <\/strong><strong>Anlegg<\/strong>en struktur for \u00e5 h\u00e5ndtere vedlikehold, reparasjon, dekontaminering og lagring av komponentene aktivert av n\u00f8ytroner, gjennom eksterne manipulasjonssystemer og i skjermet milj\u00f8er.<\/p>\n<h2>Ekstra-test og validering<\/h2>\n<p>I mai 2025 m\u00f8tte den r\u00e5dgivende komiteen for vitenskap og teknologi (STAC, ITER Council Science and Technology Advisory Committee) den detaljerte versjonen av prosjekt- og prosessforskningsplanen. STAC -gruppen unders\u00f8kte Magneti -testprogrammet p\u00e5 <b>Magnet kaldt testanlegg<\/b>hvis forsamling fortsetter og b\u00f8r fullf\u00f8res innen desember 2025.<\/p>\n<p>Den samme komiteen bes\u00f8kte ogs\u00e5 <strong>Neutral Beam Test Facility (NBTF)<\/strong> For \u00e5 verifisere fremdriften for n\u00f8ytrale pakkeinjeksjonstester, grunnleggende for oppvarming av plasma. Det siste forskningssenteret ligger ikke i Frankrike, men innenfor <strong>RFX Consortium <\/strong><strong>av Padua<\/strong>Et av de viktigste europeiske sentrene for fusjonsforskning.<\/p>\n<div class=\"cp_wrapper cp_wrapper--fw mb-50\">\n<figure class=\"mm\"><picture class=\"img\" style=\"padding-top:133.2759609868%\"><source  media=\"(min-width: 1024px)\"><source  media=\"(min-width: 768px)\"><img decoding=\"async\" loading=\"lazy\" src=\"https:\/\/nordnesrepublikken.no\/wp-content\/uploads\/2025\/09\/1756813770_227_Utviklingen-av-det-ambisiose-kjernefusjonsprosjektet.jpg\" alt=\"Bilde\" width=\"1743\" height=\"2323\"><\/source><\/source><\/picture><\/figure>\n<\/p><\/div>\n<h2>Komponentene som fremdeles skal fullf\u00f8res med prosess og reaktor<\/h2>\n<p>Noen strategiske komponenter for Tokamak -operasjonen er fremdeles under bygging. Komponentene knyttet til <b>magnetisk innesperring<\/b>Varmesystemer og m\u00e5lingsdiagnostikk, sammen med avslutningen av <strong>Hot Cell <\/strong><strong>Anlegg<\/strong>. Til dags dato <strong>Sette i funksjonen til systemet mellom 2033 og 2034<\/strong> Og for \u00e5 f\u00f8lge, vil vitenskapelige operasjoner med hydrogen og deuter-deuteriale plasmer begynne. Magnetene vil bli drevet med maksimal effekt fra 2036, mens operasjonen med Deuterio-Trizio begynner i 2039.<\/p>\n<\/p><\/div>\n","protected":false},"excerpt":{"rendered":"<p>Behandle (IntErnational termonukle\u00e6r eksperimentell reaktor) Det er en vitenskapelig pol designet for \u00e5 demonstrere muligheten<\/p>\n","protected":false},"author":1,"featured_media":9059,"comment_status":"closed","ping_status":"open","sticky":false,"template":"","format":"standard","meta":{"footnotes":""},"categories":[26],"tags":[4462,66,5938,5937],"class_list":["post-9058","post","type-post","status-publish","format-standard","has-post-thumbnail","hentry","category-miljo","tag-ambisiose","tag-det","tag-kjernefusjonsprosjektet","tag-utviklingen","generate-columns","tablet-grid-50","mobile-grid-100","grid-parent","grid-33","resize-featured-image"],"yoast_head":"<!-- This site is optimized with the Yoast SEO plugin v24.4 - https:\/\/yoast.com\/wordpress\/plugins\/seo\/ -->\n<title>Utviklingen av det ambisi\u00f8se kjernefusjonsprosjektet - Nordnesrepublikken<\/title>\n<meta name=\"robots\" content=\"index, follow, max-snippet:-1, max-image-preview:large, max-video-preview:-1\" \/>\n<link rel=\"canonical\" href=\"https:\/\/nordnesrepublikken.no\/index.php\/2025\/09\/02\/utviklingen-av-det-ambisiose-kjernefusjonsprosjektet\/\" \/>\n<meta property=\"og:locale\" content=\"nb_NO\" \/>\n<meta property=\"og:type\" content=\"article\" \/>\n<meta property=\"og:title\" content=\"Utviklingen av det ambisi\u00f8se kjernefusjonsprosjektet - Nordnesrepublikken\" \/>\n<meta property=\"og:description\" content=\"Behandle (IntErnational termonukle\u00e6r eksperimentell reaktor) Det er en vitenskapelig pol designet for \u00e5 demonstrere muligheten\" \/>\n<meta property=\"og:url\" content=\"https:\/\/nordnesrepublikken.no\/index.php\/2025\/09\/02\/utviklingen-av-det-ambisiose-kjernefusjonsprosjektet\/\" \/>\n<meta property=\"og:site_name\" content=\"Nordnesrepublikken\" \/>\n<meta property=\"article:published_time\" content=\"2025-09-02T11:49:30+00:00\" \/>\n<meta property=\"article:modified_time\" content=\"2025-09-02T11:49:37+00:00\" \/>\n<meta property=\"og:image\" content=\"https:\/\/nordnesrepublikken.no\/wp-content\/uploads\/2025\/09\/1756813771_Utviklingen-av-det-ambisiose-kjernefusjonsprosjektet.jpg\" \/>\n\t<meta property=\"og:image:width\" content=\"2549\" \/>\n\t<meta property=\"og:image:height\" content=\"1491\" \/>\n\t<meta property=\"og:image:type\" content=\"image\/jpeg\" \/>\n<meta name=\"author\" content=\"Ole Andersen\" \/>\n<meta name=\"twitter:card\" content=\"summary_large_image\" \/>\n<meta name=\"twitter:label1\" content=\"Skrevet av\" \/>\n\t<meta name=\"twitter:data1\" content=\"Ole Andersen\" \/>\n\t<meta name=\"twitter:label2\" content=\"Ansl. lesetid\" \/>\n\t<meta name=\"twitter:data2\" content=\"3 minutter\" \/>\n<script type=\"application\/ld+json\" class=\"yoast-schema-graph\">{\"@context\":\"https:\/\/schema.org\",\"@graph\":[{\"@type\":\"Article\",\"@id\":\"https:\/\/nordnesrepublikken.no\/index.php\/2025\/09\/02\/utviklingen-av-det-ambisiose-kjernefusjonsprosjektet\/#article\",\"isPartOf\":{\"@id\":\"https:\/\/nordnesrepublikken.no\/index.php\/2025\/09\/02\/utviklingen-av-det-ambisiose-kjernefusjonsprosjektet\/\"},\"author\":{\"name\":\"Ole Andersen\",\"@id\":\"https:\/\/nordnesrepublikken.no\/#\/schema\/person\/2e7e81935bab77882fffb79296240ff1\"},\"headline\":\"Utviklingen av det ambisi\u00f8se kjernefusjonsprosjektet\",\"datePublished\":\"2025-09-02T11:49:30+00:00\",\"dateModified\":\"2025-09-02T11:49:37+00:00\",\"mainEntityOfPage\":{\"@id\":\"https:\/\/nordnesrepublikken.no\/index.php\/2025\/09\/02\/utviklingen-av-det-ambisiose-kjernefusjonsprosjektet\/\"},\"wordCount\":552,\"publisher\":{\"@id\":\"https:\/\/nordnesrepublikken.no\/#organization\"},\"image\":{\"@id\":\"https:\/\/nordnesrepublikken.no\/index.php\/2025\/09\/02\/utviklingen-av-det-ambisiose-kjernefusjonsprosjektet\/#primaryimage\"},\"thumbnailUrl\":\"https:\/\/nordnesrepublikken.no\/wp-content\/uploads\/2025\/09\/1756813771_Utviklingen-av-det-ambisiose-kjernefusjonsprosjektet.jpg\",\"keywords\":[\"ambisi\u00f8se\",\"Det\",\"kjernefusjonsprosjektet\",\"Utviklingen\"],\"articleSection\":[\"Milj\u00f8\"],\"inLanguage\":\"nb-NO\"},{\"@type\":\"WebPage\",\"@id\":\"https:\/\/nordnesrepublikken.no\/index.php\/2025\/09\/02\/utviklingen-av-det-ambisiose-kjernefusjonsprosjektet\/\",\"url\":\"https:\/\/nordnesrepublikken.no\/index.php\/2025\/09\/02\/utviklingen-av-det-ambisiose-kjernefusjonsprosjektet\/\",\"name\":\"Utviklingen av det ambisi\u00f8se kjernefusjonsprosjektet - Nordnesrepublikken\",\"isPartOf\":{\"@id\":\"https:\/\/nordnesrepublikken.no\/#website\"},\"primaryImageOfPage\":{\"@id\":\"https:\/\/nordnesrepublikken.no\/index.php\/2025\/09\/02\/utviklingen-av-det-ambisiose-kjernefusjonsprosjektet\/#primaryimage\"},\"image\":{\"@id\":\"https:\/\/nordnesrepublikken.no\/index.php\/2025\/09\/02\/utviklingen-av-det-ambisiose-kjernefusjonsprosjektet\/#primaryimage\"},\"thumbnailUrl\":\"https:\/\/nordnesrepublikken.no\/wp-content\/uploads\/2025\/09\/1756813771_Utviklingen-av-det-ambisiose-kjernefusjonsprosjektet.jpg\",\"datePublished\":\"2025-09-02T11:49:30+00:00\",\"dateModified\":\"2025-09-02T11:49:37+00:00\",\"breadcrumb\":{\"@id\":\"https:\/\/nordnesrepublikken.no\/index.php\/2025\/09\/02\/utviklingen-av-det-ambisiose-kjernefusjonsprosjektet\/#breadcrumb\"},\"inLanguage\":\"nb-NO\",\"potentialAction\":[{\"@type\":\"ReadAction\",\"target\":[\"https:\/\/nordnesrepublikken.no\/index.php\/2025\/09\/02\/utviklingen-av-det-ambisiose-kjernefusjonsprosjektet\/\"]}]},{\"@type\":\"ImageObject\",\"inLanguage\":\"nb-NO\",\"@id\":\"https:\/\/nordnesrepublikken.no\/index.php\/2025\/09\/02\/utviklingen-av-det-ambisiose-kjernefusjonsprosjektet\/#primaryimage\",\"url\":\"https:\/\/nordnesrepublikken.no\/wp-content\/uploads\/2025\/09\/1756813771_Utviklingen-av-det-ambisiose-kjernefusjonsprosjektet.jpg\",\"contentUrl\":\"https:\/\/nordnesrepublikken.no\/wp-content\/uploads\/2025\/09\/1756813771_Utviklingen-av-det-ambisiose-kjernefusjonsprosjektet.jpg\",\"width\":2549,\"height\":1491,\"caption\":\"Immagine\"},{\"@type\":\"BreadcrumbList\",\"@id\":\"https:\/\/nordnesrepublikken.no\/index.php\/2025\/09\/02\/utviklingen-av-det-ambisiose-kjernefusjonsprosjektet\/#breadcrumb\",\"itemListElement\":[{\"@type\":\"ListItem\",\"position\":1,\"name\":\"Home\",\"item\":\"https:\/\/nordnesrepublikken.no\/\"},{\"@type\":\"ListItem\",\"position\":2,\"name\":\"Utviklingen av det ambisi\u00f8se kjernefusjonsprosjektet\"}]},{\"@type\":\"WebSite\",\"@id\":\"https:\/\/nordnesrepublikken.no\/#website\",\"url\":\"https:\/\/nordnesrepublikken.no\/\",\"name\":\"Nordnesrepublikken\",\"description\":\"Stemmer og Visjoner fra Republikkens Hjerte\",\"publisher\":{\"@id\":\"https:\/\/nordnesrepublikken.no\/#organization\"},\"potentialAction\":[{\"@type\":\"SearchAction\",\"target\":{\"@type\":\"EntryPoint\",\"urlTemplate\":\"https:\/\/nordnesrepublikken.no\/?s={search_term_string}\"},\"query-input\":{\"@type\":\"PropertyValueSpecification\",\"valueRequired\":true,\"valueName\":\"search_term_string\"}}],\"inLanguage\":\"nb-NO\"},{\"@type\":\"Organization\",\"@id\":\"https:\/\/nordnesrepublikken.no\/#organization\",\"name\":\"Nordnesrepublikken\",\"url\":\"https:\/\/nordnesrepublikken.no\/\",\"logo\":{\"@type\":\"ImageObject\",\"inLanguage\":\"nb-NO\",\"@id\":\"https:\/\/nordnesrepublikken.no\/#\/schema\/logo\/image\/\",\"url\":\"https:\/\/nordnesrepublikken.no\/wp-content\/uploads\/2025\/02\/cropped-nordnesrepublikken-2.png\",\"contentUrl\":\"https:\/\/nordnesrepublikken.no\/wp-content\/uploads\/2025\/02\/cropped-nordnesrepublikken-2.png\",\"width\":1248,\"height\":362,\"caption\":\"Nordnesrepublikken\"},\"image\":{\"@id\":\"https:\/\/nordnesrepublikken.no\/#\/schema\/logo\/image\/\"}},{\"@type\":\"Person\",\"@id\":\"https:\/\/nordnesrepublikken.no\/#\/schema\/person\/2e7e81935bab77882fffb79296240ff1\",\"name\":\"Ole Andersen\",\"image\":{\"@type\":\"ImageObject\",\"inLanguage\":\"nb-NO\",\"@id\":\"https:\/\/nordnesrepublikken.no\/#\/schema\/person\/image\/\",\"url\":\"https:\/\/nordnesrepublikken.no\/wp-content\/uploads\/2025\/02\/nordnesrepublikken-2-2-150x150.jpg\",\"contentUrl\":\"https:\/\/nordnesrepublikken.no\/wp-content\/uploads\/2025\/02\/nordnesrepublikken-2-2-150x150.jpg\",\"caption\":\"Ole Andersen\"},\"description\":\"Ettersom jeg vokste opp i Oslo, har jeg alltid v\u00e6rt fascinert av ordenes kraft og deres evne til \u00e5 skape endringer. Etter \u00e5 ha fullf\u00f8rt min utdannelse i kommunikasjon ved Universitetet i Bergen, fikk jeg muligheten til \u00e5 jobbe innen ulike medier, der jeg har s\u00f8kt \u00e5 belyse viktige samfunnssp\u00f8rsm\u00e5l. I dag, som redakt\u00f8r for Nordnesrepublikken, pr\u00f8ver jeg \u00e5 forene min kj\u00e6rlighet for journalistikk med min lidenskap for innovasjon og eventyr.\",\"sameAs\":[\"https:\/\/nordnesrepublikken.no\/\"]}]}<\/script>\n<!-- \/ Yoast SEO plugin. -->","yoast_head_json":{"title":"Utviklingen av det ambisi\u00f8se kjernefusjonsprosjektet - Nordnesrepublikken","robots":{"index":"index","follow":"follow","max-snippet":"max-snippet:-1","max-image-preview":"max-image-preview:large","max-video-preview":"max-video-preview:-1"},"canonical":"https:\/\/nordnesrepublikken.no\/index.php\/2025\/09\/02\/utviklingen-av-det-ambisiose-kjernefusjonsprosjektet\/","og_locale":"nb_NO","og_type":"article","og_title":"Utviklingen av det ambisi\u00f8se kjernefusjonsprosjektet - Nordnesrepublikken","og_description":"Behandle (IntErnational termonukle\u00e6r eksperimentell reaktor) Det er en vitenskapelig pol designet for \u00e5 demonstrere muligheten","og_url":"https:\/\/nordnesrepublikken.no\/index.php\/2025\/09\/02\/utviklingen-av-det-ambisiose-kjernefusjonsprosjektet\/","og_site_name":"Nordnesrepublikken","article_published_time":"2025-09-02T11:49:30+00:00","article_modified_time":"2025-09-02T11:49:37+00:00","og_image":[{"width":2549,"height":1491,"url":"https:\/\/nordnesrepublikken.no\/wp-content\/uploads\/2025\/09\/1756813771_Utviklingen-av-det-ambisiose-kjernefusjonsprosjektet.jpg","type":"image\/jpeg"}],"author":"Ole Andersen","twitter_card":"summary_large_image","twitter_misc":{"Skrevet av":"Ole Andersen","Ansl. lesetid":"3 minutter"},"schema":{"@context":"https:\/\/schema.org","@graph":[{"@type":"Article","@id":"https:\/\/nordnesrepublikken.no\/index.php\/2025\/09\/02\/utviklingen-av-det-ambisiose-kjernefusjonsprosjektet\/#article","isPartOf":{"@id":"https:\/\/nordnesrepublikken.no\/index.php\/2025\/09\/02\/utviklingen-av-det-ambisiose-kjernefusjonsprosjektet\/"},"author":{"name":"Ole Andersen","@id":"https:\/\/nordnesrepublikken.no\/#\/schema\/person\/2e7e81935bab77882fffb79296240ff1"},"headline":"Utviklingen av det ambisi\u00f8se kjernefusjonsprosjektet","datePublished":"2025-09-02T11:49:30+00:00","dateModified":"2025-09-02T11:49:37+00:00","mainEntityOfPage":{"@id":"https:\/\/nordnesrepublikken.no\/index.php\/2025\/09\/02\/utviklingen-av-det-ambisiose-kjernefusjonsprosjektet\/"},"wordCount":552,"publisher":{"@id":"https:\/\/nordnesrepublikken.no\/#organization"},"image":{"@id":"https:\/\/nordnesrepublikken.no\/index.php\/2025\/09\/02\/utviklingen-av-det-ambisiose-kjernefusjonsprosjektet\/#primaryimage"},"thumbnailUrl":"https:\/\/nordnesrepublikken.no\/wp-content\/uploads\/2025\/09\/1756813771_Utviklingen-av-det-ambisiose-kjernefusjonsprosjektet.jpg","keywords":["ambisi\u00f8se","Det","kjernefusjonsprosjektet","Utviklingen"],"articleSection":["Milj\u00f8"],"inLanguage":"nb-NO"},{"@type":"WebPage","@id":"https:\/\/nordnesrepublikken.no\/index.php\/2025\/09\/02\/utviklingen-av-det-ambisiose-kjernefusjonsprosjektet\/","url":"https:\/\/nordnesrepublikken.no\/index.php\/2025\/09\/02\/utviklingen-av-det-ambisiose-kjernefusjonsprosjektet\/","name":"Utviklingen av det ambisi\u00f8se kjernefusjonsprosjektet - Nordnesrepublikken","isPartOf":{"@id":"https:\/\/nordnesrepublikken.no\/#website"},"primaryImageOfPage":{"@id":"https:\/\/nordnesrepublikken.no\/index.php\/2025\/09\/02\/utviklingen-av-det-ambisiose-kjernefusjonsprosjektet\/#primaryimage"},"image":{"@id":"https:\/\/nordnesrepublikken.no\/index.php\/2025\/09\/02\/utviklingen-av-det-ambisiose-kjernefusjonsprosjektet\/#primaryimage"},"thumbnailUrl":"https:\/\/nordnesrepublikken.no\/wp-content\/uploads\/2025\/09\/1756813771_Utviklingen-av-det-ambisiose-kjernefusjonsprosjektet.jpg","datePublished":"2025-09-02T11:49:30+00:00","dateModified":"2025-09-02T11:49:37+00:00","breadcrumb":{"@id":"https:\/\/nordnesrepublikken.no\/index.php\/2025\/09\/02\/utviklingen-av-det-ambisiose-kjernefusjonsprosjektet\/#breadcrumb"},"inLanguage":"nb-NO","potentialAction":[{"@type":"ReadAction","target":["https:\/\/nordnesrepublikken.no\/index.php\/2025\/09\/02\/utviklingen-av-det-ambisiose-kjernefusjonsprosjektet\/"]}]},{"@type":"ImageObject","inLanguage":"nb-NO","@id":"https:\/\/nordnesrepublikken.no\/index.php\/2025\/09\/02\/utviklingen-av-det-ambisiose-kjernefusjonsprosjektet\/#primaryimage","url":"https:\/\/nordnesrepublikken.no\/wp-content\/uploads\/2025\/09\/1756813771_Utviklingen-av-det-ambisiose-kjernefusjonsprosjektet.jpg","contentUrl":"https:\/\/nordnesrepublikken.no\/wp-content\/uploads\/2025\/09\/1756813771_Utviklingen-av-det-ambisiose-kjernefusjonsprosjektet.jpg","width":2549,"height":1491,"caption":"Immagine"},{"@type":"BreadcrumbList","@id":"https:\/\/nordnesrepublikken.no\/index.php\/2025\/09\/02\/utviklingen-av-det-ambisiose-kjernefusjonsprosjektet\/#breadcrumb","itemListElement":[{"@type":"ListItem","position":1,"name":"Home","item":"https:\/\/nordnesrepublikken.no\/"},{"@type":"ListItem","position":2,"name":"Utviklingen av det ambisi\u00f8se kjernefusjonsprosjektet"}]},{"@type":"WebSite","@id":"https:\/\/nordnesrepublikken.no\/#website","url":"https:\/\/nordnesrepublikken.no\/","name":"Nordnesrepublikken","description":"Stemmer og Visjoner fra Republikkens Hjerte","publisher":{"@id":"https:\/\/nordnesrepublikken.no\/#organization"},"potentialAction":[{"@type":"SearchAction","target":{"@type":"EntryPoint","urlTemplate":"https:\/\/nordnesrepublikken.no\/?s={search_term_string}"},"query-input":{"@type":"PropertyValueSpecification","valueRequired":true,"valueName":"search_term_string"}}],"inLanguage":"nb-NO"},{"@type":"Organization","@id":"https:\/\/nordnesrepublikken.no\/#organization","name":"Nordnesrepublikken","url":"https:\/\/nordnesrepublikken.no\/","logo":{"@type":"ImageObject","inLanguage":"nb-NO","@id":"https:\/\/nordnesrepublikken.no\/#\/schema\/logo\/image\/","url":"https:\/\/nordnesrepublikken.no\/wp-content\/uploads\/2025\/02\/cropped-nordnesrepublikken-2.png","contentUrl":"https:\/\/nordnesrepublikken.no\/wp-content\/uploads\/2025\/02\/cropped-nordnesrepublikken-2.png","width":1248,"height":362,"caption":"Nordnesrepublikken"},"image":{"@id":"https:\/\/nordnesrepublikken.no\/#\/schema\/logo\/image\/"}},{"@type":"Person","@id":"https:\/\/nordnesrepublikken.no\/#\/schema\/person\/2e7e81935bab77882fffb79296240ff1","name":"Ole Andersen","image":{"@type":"ImageObject","inLanguage":"nb-NO","@id":"https:\/\/nordnesrepublikken.no\/#\/schema\/person\/image\/","url":"https:\/\/nordnesrepublikken.no\/wp-content\/uploads\/2025\/02\/nordnesrepublikken-2-2-150x150.jpg","contentUrl":"https:\/\/nordnesrepublikken.no\/wp-content\/uploads\/2025\/02\/nordnesrepublikken-2-2-150x150.jpg","caption":"Ole Andersen"},"description":"Ettersom jeg vokste opp i Oslo, har jeg alltid v\u00e6rt fascinert av ordenes kraft og deres evne til \u00e5 skape endringer. Etter \u00e5 ha fullf\u00f8rt min utdannelse i kommunikasjon ved Universitetet i Bergen, fikk jeg muligheten til \u00e5 jobbe innen ulike medier, der jeg har s\u00f8kt \u00e5 belyse viktige samfunnssp\u00f8rsm\u00e5l. I dag, som redakt\u00f8r for Nordnesrepublikken, pr\u00f8ver jeg \u00e5 forene min kj\u00e6rlighet for journalistikk med min lidenskap for innovasjon og eventyr.","sameAs":["https:\/\/nordnesrepublikken.no\/"]}]}},"_links":{"self":[{"href":"https:\/\/nordnesrepublikken.no\/index.php\/wp-json\/wp\/v2\/posts\/9058","targetHints":{"allow":["GET"]}}],"collection":[{"href":"https:\/\/nordnesrepublikken.no\/index.php\/wp-json\/wp\/v2\/posts"}],"about":[{"href":"https:\/\/nordnesrepublikken.no\/index.php\/wp-json\/wp\/v2\/types\/post"}],"author":[{"embeddable":true,"href":"https:\/\/nordnesrepublikken.no\/index.php\/wp-json\/wp\/v2\/users\/1"}],"replies":[{"embeddable":true,"href":"https:\/\/nordnesrepublikken.no\/index.php\/wp-json\/wp\/v2\/comments?post=9058"}],"version-history":[{"count":1,"href":"https:\/\/nordnesrepublikken.no\/index.php\/wp-json\/wp\/v2\/posts\/9058\/revisions"}],"predecessor-version":[{"id":9060,"href":"https:\/\/nordnesrepublikken.no\/index.php\/wp-json\/wp\/v2\/posts\/9058\/revisions\/9060"}],"wp:featuredmedia":[{"embeddable":true,"href":"https:\/\/nordnesrepublikken.no\/index.php\/wp-json\/wp\/v2\/media\/9059"}],"wp:attachment":[{"href":"https:\/\/nordnesrepublikken.no\/index.php\/wp-json\/wp\/v2\/media?parent=9058"}],"wp:term":[{"taxonomy":"category","embeddable":true,"href":"https:\/\/nordnesrepublikken.no\/index.php\/wp-json\/wp\/v2\/categories?post=9058"},{"taxonomy":"post_tag","embeddable":true,"href":"https:\/\/nordnesrepublikken.no\/index.php\/wp-json\/wp\/v2\/tags?post=9058"}],"curies":[{"name":"wp","href":"https:\/\/api.w.org\/{rel}","templated":true}]}}