{"id":9049,"date":"2025-09-02T09:49:36","date_gmt":"2025-09-02T07:49:36","guid":{"rendered":"https:\/\/nordnesrepublikken.no\/index.php\/2025\/09\/02\/hva-som-er-og-i-hvilke-tilfeller-damnatio-memoriae-ble-brukt\/"},"modified":"2025-09-02T09:49:51","modified_gmt":"2025-09-02T07:49:51","slug":"hva-som-er-og-i-hvilke-tilfeller-damnatio-memoriae-ble-brukt","status":"publish","type":"post","link":"https:\/\/nordnesrepublikken.no\/index.php\/2025\/09\/02\/hva-som-er-og-i-hvilke-tilfeller-damnatio-memoriae-ble-brukt\/","title":{"rendered":"Hva som er og i hvilke tilfeller damnatio memoriae ble brukt"},"content":{"rendered":"<div>\n<div class=\"cp_wrapper cp_wrapper--fw mb-30 mb-20@tablet\">\n<figure class=\"mm\"><picture class=\"img\" style=\"padding-top:56.25%\"><source  media=\"(min-width: 1024px)\"><source  media=\"(min-width: 768px)\"><\/source><\/source><\/picture><\/figure>\n<\/p><\/div>\n<p>Der <strong><em>Damnatio Memoriae<\/em><\/strong>  (ford\u00f8mmelse av hukommelse) er <strong>Avbestilling av minnet<\/strong> av en person eller, mer sjelden, av hele bevegelser og politiske ideer, gjennom \u00f8deleggelse av alle vitnesbyrd og dokumenter om &laquo;ford\u00f8mt&raquo;. Der <em>Damnatio Memoriae<\/em> har blitt brukt i mange gamle sivilisasjoner og har kanskje n\u00e5dd maksimal diffusjon p\u00e5 tidspunktet for <strong>Antikkens Roma<\/strong>. Av samtidens tidsalder, former for <em>Damnatio Memoriae<\/em> ble brukt p\u00e5 noen menn og politiske bevegelser, for eksempel til <strong>diktatorer etter at de ble pustet ut av makten<\/strong>. Lignende, i det minste delvis, til <em>Damnatio Memoriae<\/em> Det er <em><strong>Avbryt kultur<\/strong><\/em>som for\u00e5rsaker lyse etiske og politiske debatter.<\/p>\n<h2><strong>Opprinnelsen til <em>Damnatio Memoriae<\/em><\/strong><\/h2>\n<p>Der <em>Damnatio Memoriae<\/em>som bokstavelig talt betyr &laquo;ford\u00f8mmelse av hukommelse&raquo;, er kansellering av minnet om en person eller en gruppe mennesker (for eksempel en politisk bevegelse). Best\u00e5r i<strong>Slett hvert dokument <\/strong>&#8211; Skrevet, figurativ eller av noe slag &#8211; enten &laquo;snakker&raquo; av personen eller gruppen av domfelte mennesker. Uttrykket <em>Damnatio Memoriae<\/em> Det er relativt nylig, etter \u00e5 ha blitt myntet bare i 1689, men praksisen med \u00e5 kansellere minnet om visse mennesker var <strong>veldig utbredt allerede i den eldgamle verden<\/strong>.<\/p>\n<p>En form for <em>Damnatio Memoriae<\/em> Det ble brukt i mesopotamiske sivilisasjoner og det gamle Egypt. Den mest kjente saken gjelder <strong>Faraone Akhenate<\/strong>bodde p\u00e5 1500 -tallet f.Kr., kjent for \u00e5 pr\u00f8ve \u00e5 endre den egyptiske religionen og introdusere monoteisme. Etter hans d\u00f8d gjenopprettet prestene og de nye herskerne tradisjonell religion og beordret \u00f8deleggelse av templer, statuer og relieffer som skildret ham.<\/p>\n<div class=\"cp_wrapper cp_wrapper--fw mb-50\">\n<figure class=\"mm\"><picture class=\"img\" style=\"padding-top:133.4%\"><source  media=\"(min-width: 1024px)\"><source  media=\"(min-width: 768px)\"><img decoding=\"async\" loading=\"lazy\" src=\"https:\/\/nordnesrepublikken.no\/wp-content\/uploads\/2025\/09\/1756799376_124_Hva-som-er-og-i-hvilke-tilfeller-damnatio-memoriae-ble.jpg\" alt=\"Byste av Akhenaton slapp unna til \u00f8deleggelse\" width=\"500\" height=\"667\"><\/source><\/source><\/picture><\/figure>\n<\/p><\/div>\n<p>Ogs\u00e5 i<strong>Antikkens Hellas <\/strong>Det var vanlig \u00e5 \u00f8delegge statuer og registreringer relatert til mennesker som av en eller annen grunn ble ansett som offentlige fiender.<\/p>\n<h2><strong>Der <em>Damnatio Memoriae<\/em> i Roma<\/strong><\/h2>\n<p>Der <em>Damnatio Memoriae<\/em> Det var mye utbredt i det gamle Roma. Noen ganger var setningen <strong>Senatet p\u00e5f\u00f8rt<\/strong> med en spesifikk bestemmelse og besto av <strong>Forbud mot \u00e5 gi navnet p\u00e5 navnet<\/strong> av de ford\u00f8mte og i <strong>\u00d8delegg alle vitnesbyrd<\/strong>. For eksempel ble ansiktet til de ford\u00f8mte erodert i figurative verk, inkludert bas -relieffer og mynter, som skildret det. Som krenket <em>Damnatio Memoriae<\/em> Han risikerte \u00e5 bli drept.<\/p>\n<p>I den keiserlige tidsalderen ble p\u00e5virket av <em>Damnatio Memoriae<\/em> Tallrike keisere, falt ut av skam etter d\u00f8den. En av de mest kjente sakene ang\u00e5r Geta, Caracallas bror. Etter farens d\u00f8d <strong>Septimius Severus<\/strong>de to br\u00f8drene regjerte sammen i noen m\u00e5neder, men i \u00e5r 211 hadde Caracalla drept og vedtatt det <em>Damnatio Memoriae<\/em>. Getas ansikt ble eliminert av de billedlige og skulpturelle verkene som avbildet det, og navnet ble kansellert av registreringene, for eksempel av det til<strong>Arco di Settimio Severo <\/strong>i Roma.<\/p>\n<div class=\"cp_wrapper cp_wrapper--fw mb-50\">\n<figure class=\"mm\"><picture class=\"img\" style=\"padding-top:101.06951871658%\"><source  media=\"(min-width: 1024px)\"><source  media=\"(min-width: 768px)\"><img decoding=\"async\" loading=\"lazy\" src=\"https:\/\/nordnesrepublikken.no\/wp-content\/uploads\/2025\/09\/1756799376_938_Hva-som-er-og-i-hvilke-tilfeller-damnatio-memoriae-ble.jpg\" alt=\"Tondo Severiano- Settimio Severo, Giulia Domna, Caracalla og Geta, men sistnevnte ansikt er erodert\" width=\"748\" height=\"756\" class=\"js-seedtag-img\"><\/source><\/source><\/picture><\/figure>\n<\/p><\/div>\n<h2><strong>Kansellering av minnet fra middelalderen til i dag <\/strong><\/h2>\n<p>Der <em>Damnatio Memoriae<\/em> Det ble ogs\u00e5 brukt i middelalderen p\u00e5 noen karakterer som gikk inn i kontrast til myndighetene. I samtidens tid ble det imidlertid ikke lenger p\u00e5f\u00f8rt en straffedom, men den ble til en viss grad brukt i en viss grad <strong>anledning til de politiske revolusjonene<\/strong>. For eksempel, i mange tilfeller, n\u00e5r de etter diktaturene etter kollapsen var det <strong>statuene av diktatorene revet<\/strong>.<\/p>\n<div class=\"cp_wrapper cp_wrapper--fw mb-50\">\n<figure class=\"mm\"><picture class=\"img\" style=\"padding-top:63.058823529412%\"><source  media=\"(min-width: 1024px)\"><source  media=\"(min-width: 768px)\"><img decoding=\"async\" loading=\"lazy\" src=\"https:\/\/nordnesrepublikken.no\/wp-content\/uploads\/2025\/09\/1756799376_199_Hva-som-er-og-i-hvilke-tilfeller-damnatio-memoriae-ble.jpg\" alt=\"Saddam Hussein -statue skj\u00f8t ned i Irak i 2003\" width=\"1700\" height=\"1072\"><\/source><\/source><\/picture><\/figure>\n<\/p><\/div>\n<p>Et slikt fenomen skjedde ogs\u00e5 i Italia etter fascismens fall, selv om en del av symbolene p\u00e5 regimet forble st\u00e5ende.<\/p>\n<p>En spesiell sak ang\u00e5r Sovjetunionen Stalin. Diktatoren tok makten etter en t\u00f8ff kamp mot andre ledere for \u00e5 bli ledende i stedet for Lenin, som d\u00f8de i 1924. Hans mest iherdige rival var <strong>Lev Trockij<\/strong>som hadde spilt en ledende rolle i oktoberrevolusjonen. Etter at Stalin hadde tatt makten, s\u00f8rget han for at navnet p\u00e5 Trockij ikke ble husket, og til og med fotografiene han dukket opp ved siden av Lenin ble retusjert for \u00e5 eliminere ham. Den samme skjebnen ber\u00f8rte andre politiske ledere.<\/p>\n<div class=\"cp_wrapper cp_wrapper--fw mb-50\">\n<figure class=\"mm\"><picture class=\"img\" style=\"padding-top:145.63106796117%\"><source  media=\"(min-width: 1024px)\"><source  media=\"(min-width: 768px)\"><img decoding=\"async\" loading=\"lazy\" src=\"https:\/\/nordnesrepublikken.no\/wp-content\/uploads\/2025\/09\/1756799376_766_Hva-som-er-og-i-hvilke-tilfeller-damnatio-memoriae-ble.jpg\" alt=\"Original og retusjert Lenin -foto for \u00e5 slette Trockji\" width=\"412\" height=\"600\" class=\"js-seedtag-img\"><\/source><\/source><\/picture><\/figure>\n<\/p><\/div>\n<p>Etter d\u00f8den led imidlertid Stalin ogs\u00e5 en slags <em>Damnatio Memoriae<\/em> Og mange statuer og verk som avbildet ham ble revet.<\/p>\n<h2><strong>Der <em>Avbryt kultur<\/em><\/strong><\/h2>\n<p>Noen ganger blir det betraktet som den n\u00e5v\u00e6rende versjonen av <em>Damnatio Memoriae<\/em> der <strong>Avbryt kultur<\/strong>det vil si, den <strong>Boikott gjaldt personer som ble d\u00f8mt negativt for oppf\u00f8rselen sin<\/strong>. Der <strong>Avbryt kultur<\/strong> Det er et komplekst og vanskelig \u00e5 definere fenomen. Generelt indikerer det &laquo;eksklusjonen&raquo; eller forbudet mot mennesker, verk eller ideer, ofte etter politiets press. En avgj\u00f8rende rolle i denne prosessen spilles av sosiale medier. Et eksempel gjelder filmprodusenten <strong>Harvey Weinstein<\/strong>som i 2017 ble beskyldt for seksuell trakassering av mange skuespillerinner. P\u00e5 b\u00f8lgen av popul\u00e6r indignasjon ble Weinstein utvist fra Academy of Motion Picture Arts and Sciences (organisasjonen som blant annet tildeler Oscar -premier) og mange av prosjektene hans ble kansellert. Selv om Weinsteins utvisning kan deles, ved mange andre anledninger der <em>Avbryt kultur<\/em> Det kan v\u00e6re basert p\u00e5 ikke unike dommer og for\u00e5rsake moralske og politiske debatter.<\/p>\n<\/p><\/div>\n","protected":false},"excerpt":{"rendered":"<p>Der Damnatio Memoriae (ford\u00f8mmelse av hukommelse) er Avbestilling av minnet av en person eller, mer<\/p>\n","protected":false},"author":1,"featured_media":9050,"comment_status":"closed","ping_status":"open","sticky":false,"template":"","format":"standard","meta":{"footnotes":""},"categories":[104],"tags":[373,771,5935,144,784,5936,31,3195],"class_list":["post-9049","post","type-post","status-publish","format-standard","has-post-thumbnail","hentry","category-samfunn","tag-ble","tag-brukt","tag-damnatio","tag-hva","tag-hvilke","tag-memoriae","tag-som","tag-tilfeller","generate-columns","tablet-grid-50","mobile-grid-100","grid-parent","grid-33","resize-featured-image"],"yoast_head":"<!-- This site is optimized with the Yoast SEO plugin v24.4 - https:\/\/yoast.com\/wordpress\/plugins\/seo\/ -->\n<title>Hva som er og i hvilke tilfeller damnatio memoriae ble brukt - Nordnesrepublikken<\/title>\n<meta name=\"robots\" content=\"index, follow, max-snippet:-1, max-image-preview:large, max-video-preview:-1\" \/>\n<link rel=\"canonical\" href=\"https:\/\/nordnesrepublikken.no\/index.php\/2025\/09\/02\/hva-som-er-og-i-hvilke-tilfeller-damnatio-memoriae-ble-brukt\/\" \/>\n<meta property=\"og:locale\" content=\"nb_NO\" \/>\n<meta property=\"og:type\" content=\"article\" \/>\n<meta property=\"og:title\" content=\"Hva som er og i hvilke tilfeller damnatio memoriae ble brukt - Nordnesrepublikken\" \/>\n<meta property=\"og:description\" content=\"Der Damnatio Memoriae (ford\u00f8mmelse av hukommelse) er Avbestilling av minnet av en person eller, mer\" \/>\n<meta property=\"og:url\" content=\"https:\/\/nordnesrepublikken.no\/index.php\/2025\/09\/02\/hva-som-er-og-i-hvilke-tilfeller-damnatio-memoriae-ble-brukt\/\" \/>\n<meta property=\"og:site_name\" content=\"Nordnesrepublikken\" \/>\n<meta property=\"article:published_time\" content=\"2025-09-02T07:49:36+00:00\" \/>\n<meta property=\"article:modified_time\" content=\"2025-09-02T07:49:51+00:00\" \/>\n<meta property=\"og:image\" content=\"https:\/\/nordnesrepublikken.no\/wp-content\/uploads\/2025\/09\/1756799377_Hva-som-er-og-i-hvilke-tilfeller-damnatio-memoriae-ble-scaled.jpg\" \/>\n\t<meta property=\"og:image:width\" content=\"2560\" \/>\n\t<meta property=\"og:image:height\" content=\"1428\" \/>\n\t<meta property=\"og:image:type\" content=\"image\/jpeg\" \/>\n<meta name=\"author\" content=\"Ole Andersen\" \/>\n<meta name=\"twitter:card\" content=\"summary_large_image\" \/>\n<meta name=\"twitter:label1\" content=\"Skrevet av\" \/>\n\t<meta name=\"twitter:data1\" content=\"Ole Andersen\" \/>\n\t<meta name=\"twitter:label2\" content=\"Ansl. lesetid\" \/>\n\t<meta name=\"twitter:data2\" content=\"4 minutter\" \/>\n<script type=\"application\/ld+json\" class=\"yoast-schema-graph\">{\"@context\":\"https:\/\/schema.org\",\"@graph\":[{\"@type\":\"Article\",\"@id\":\"https:\/\/nordnesrepublikken.no\/index.php\/2025\/09\/02\/hva-som-er-og-i-hvilke-tilfeller-damnatio-memoriae-ble-brukt\/#article\",\"isPartOf\":{\"@id\":\"https:\/\/nordnesrepublikken.no\/index.php\/2025\/09\/02\/hva-som-er-og-i-hvilke-tilfeller-damnatio-memoriae-ble-brukt\/\"},\"author\":{\"name\":\"Ole Andersen\",\"@id\":\"https:\/\/nordnesrepublikken.no\/#\/schema\/person\/2e7e81935bab77882fffb79296240ff1\"},\"headline\":\"Hva som er og i hvilke tilfeller damnatio memoriae ble brukt\",\"datePublished\":\"2025-09-02T07:49:36+00:00\",\"dateModified\":\"2025-09-02T07:49:51+00:00\",\"mainEntityOfPage\":{\"@id\":\"https:\/\/nordnesrepublikken.no\/index.php\/2025\/09\/02\/hva-som-er-og-i-hvilke-tilfeller-damnatio-memoriae-ble-brukt\/\"},\"wordCount\":787,\"publisher\":{\"@id\":\"https:\/\/nordnesrepublikken.no\/#organization\"},\"image\":{\"@id\":\"https:\/\/nordnesrepublikken.no\/index.php\/2025\/09\/02\/hva-som-er-og-i-hvilke-tilfeller-damnatio-memoriae-ble-brukt\/#primaryimage\"},\"thumbnailUrl\":\"https:\/\/nordnesrepublikken.no\/wp-content\/uploads\/2025\/09\/1756799377_Hva-som-er-og-i-hvilke-tilfeller-damnatio-memoriae-ble-scaled.jpg\",\"keywords\":[\"ble\",\"brukt\",\"damnatio\",\"Hva\",\"hvilke\",\"memoriae\",\"som\",\"tilfeller\"],\"articleSection\":[\"Samfunn\"],\"inLanguage\":\"nb-NO\"},{\"@type\":\"WebPage\",\"@id\":\"https:\/\/nordnesrepublikken.no\/index.php\/2025\/09\/02\/hva-som-er-og-i-hvilke-tilfeller-damnatio-memoriae-ble-brukt\/\",\"url\":\"https:\/\/nordnesrepublikken.no\/index.php\/2025\/09\/02\/hva-som-er-og-i-hvilke-tilfeller-damnatio-memoriae-ble-brukt\/\",\"name\":\"Hva som er og i hvilke tilfeller damnatio memoriae ble brukt - Nordnesrepublikken\",\"isPartOf\":{\"@id\":\"https:\/\/nordnesrepublikken.no\/#website\"},\"primaryImageOfPage\":{\"@id\":\"https:\/\/nordnesrepublikken.no\/index.php\/2025\/09\/02\/hva-som-er-og-i-hvilke-tilfeller-damnatio-memoriae-ble-brukt\/#primaryimage\"},\"image\":{\"@id\":\"https:\/\/nordnesrepublikken.no\/index.php\/2025\/09\/02\/hva-som-er-og-i-hvilke-tilfeller-damnatio-memoriae-ble-brukt\/#primaryimage\"},\"thumbnailUrl\":\"https:\/\/nordnesrepublikken.no\/wp-content\/uploads\/2025\/09\/1756799377_Hva-som-er-og-i-hvilke-tilfeller-damnatio-memoriae-ble-scaled.jpg\",\"datePublished\":\"2025-09-02T07:49:36+00:00\",\"dateModified\":\"2025-09-02T07:49:51+00:00\",\"breadcrumb\":{\"@id\":\"https:\/\/nordnesrepublikken.no\/index.php\/2025\/09\/02\/hva-som-er-og-i-hvilke-tilfeller-damnatio-memoriae-ble-brukt\/#breadcrumb\"},\"inLanguage\":\"nb-NO\",\"potentialAction\":[{\"@type\":\"ReadAction\",\"target\":[\"https:\/\/nordnesrepublikken.no\/index.php\/2025\/09\/02\/hva-som-er-og-i-hvilke-tilfeller-damnatio-memoriae-ble-brukt\/\"]}]},{\"@type\":\"ImageObject\",\"inLanguage\":\"nb-NO\",\"@id\":\"https:\/\/nordnesrepublikken.no\/index.php\/2025\/09\/02\/hva-som-er-og-i-hvilke-tilfeller-damnatio-memoriae-ble-brukt\/#primaryimage\",\"url\":\"https:\/\/nordnesrepublikken.no\/wp-content\/uploads\/2025\/09\/1756799377_Hva-som-er-og-i-hvilke-tilfeller-damnatio-memoriae-ble-scaled.jpg\",\"contentUrl\":\"https:\/\/nordnesrepublikken.no\/wp-content\/uploads\/2025\/09\/1756799377_Hva-som-er-og-i-hvilke-tilfeller-damnatio-memoriae-ble-scaled.jpg\",\"width\":2560,\"height\":1428,\"caption\":\"damnatie memoriae\"},{\"@type\":\"BreadcrumbList\",\"@id\":\"https:\/\/nordnesrepublikken.no\/index.php\/2025\/09\/02\/hva-som-er-og-i-hvilke-tilfeller-damnatio-memoriae-ble-brukt\/#breadcrumb\",\"itemListElement\":[{\"@type\":\"ListItem\",\"position\":1,\"name\":\"Home\",\"item\":\"https:\/\/nordnesrepublikken.no\/\"},{\"@type\":\"ListItem\",\"position\":2,\"name\":\"Hva som er og i hvilke tilfeller damnatio memoriae ble brukt\"}]},{\"@type\":\"WebSite\",\"@id\":\"https:\/\/nordnesrepublikken.no\/#website\",\"url\":\"https:\/\/nordnesrepublikken.no\/\",\"name\":\"Nordnesrepublikken\",\"description\":\"Stemmer og Visjoner fra Republikkens Hjerte\",\"publisher\":{\"@id\":\"https:\/\/nordnesrepublikken.no\/#organization\"},\"potentialAction\":[{\"@type\":\"SearchAction\",\"target\":{\"@type\":\"EntryPoint\",\"urlTemplate\":\"https:\/\/nordnesrepublikken.no\/?s={search_term_string}\"},\"query-input\":{\"@type\":\"PropertyValueSpecification\",\"valueRequired\":true,\"valueName\":\"search_term_string\"}}],\"inLanguage\":\"nb-NO\"},{\"@type\":\"Organization\",\"@id\":\"https:\/\/nordnesrepublikken.no\/#organization\",\"name\":\"Nordnesrepublikken\",\"url\":\"https:\/\/nordnesrepublikken.no\/\",\"logo\":{\"@type\":\"ImageObject\",\"inLanguage\":\"nb-NO\",\"@id\":\"https:\/\/nordnesrepublikken.no\/#\/schema\/logo\/image\/\",\"url\":\"https:\/\/nordnesrepublikken.no\/wp-content\/uploads\/2025\/02\/cropped-nordnesrepublikken-2.png\",\"contentUrl\":\"https:\/\/nordnesrepublikken.no\/wp-content\/uploads\/2025\/02\/cropped-nordnesrepublikken-2.png\",\"width\":1248,\"height\":362,\"caption\":\"Nordnesrepublikken\"},\"image\":{\"@id\":\"https:\/\/nordnesrepublikken.no\/#\/schema\/logo\/image\/\"}},{\"@type\":\"Person\",\"@id\":\"https:\/\/nordnesrepublikken.no\/#\/schema\/person\/2e7e81935bab77882fffb79296240ff1\",\"name\":\"Ole Andersen\",\"image\":{\"@type\":\"ImageObject\",\"inLanguage\":\"nb-NO\",\"@id\":\"https:\/\/nordnesrepublikken.no\/#\/schema\/person\/image\/\",\"url\":\"https:\/\/nordnesrepublikken.no\/wp-content\/uploads\/2025\/02\/nordnesrepublikken-2-2-150x150.jpg\",\"contentUrl\":\"https:\/\/nordnesrepublikken.no\/wp-content\/uploads\/2025\/02\/nordnesrepublikken-2-2-150x150.jpg\",\"caption\":\"Ole Andersen\"},\"description\":\"Ettersom jeg vokste opp i Oslo, har jeg alltid v\u00e6rt fascinert av ordenes kraft og deres evne til \u00e5 skape endringer. Etter \u00e5 ha fullf\u00f8rt min utdannelse i kommunikasjon ved Universitetet i Bergen, fikk jeg muligheten til \u00e5 jobbe innen ulike medier, der jeg har s\u00f8kt \u00e5 belyse viktige samfunnssp\u00f8rsm\u00e5l. I dag, som redakt\u00f8r for Nordnesrepublikken, pr\u00f8ver jeg \u00e5 forene min kj\u00e6rlighet for journalistikk med min lidenskap for innovasjon og eventyr.\",\"sameAs\":[\"https:\/\/nordnesrepublikken.no\/\"]}]}<\/script>\n<!-- \/ Yoast SEO plugin. -->","yoast_head_json":{"title":"Hva som er og i hvilke tilfeller damnatio memoriae ble brukt - Nordnesrepublikken","robots":{"index":"index","follow":"follow","max-snippet":"max-snippet:-1","max-image-preview":"max-image-preview:large","max-video-preview":"max-video-preview:-1"},"canonical":"https:\/\/nordnesrepublikken.no\/index.php\/2025\/09\/02\/hva-som-er-og-i-hvilke-tilfeller-damnatio-memoriae-ble-brukt\/","og_locale":"nb_NO","og_type":"article","og_title":"Hva som er og i hvilke tilfeller damnatio memoriae ble brukt - Nordnesrepublikken","og_description":"Der Damnatio Memoriae (ford\u00f8mmelse av hukommelse) er Avbestilling av minnet av en person eller, mer","og_url":"https:\/\/nordnesrepublikken.no\/index.php\/2025\/09\/02\/hva-som-er-og-i-hvilke-tilfeller-damnatio-memoriae-ble-brukt\/","og_site_name":"Nordnesrepublikken","article_published_time":"2025-09-02T07:49:36+00:00","article_modified_time":"2025-09-02T07:49:51+00:00","og_image":[{"width":2560,"height":1428,"url":"https:\/\/nordnesrepublikken.no\/wp-content\/uploads\/2025\/09\/1756799377_Hva-som-er-og-i-hvilke-tilfeller-damnatio-memoriae-ble-scaled.jpg","type":"image\/jpeg"}],"author":"Ole Andersen","twitter_card":"summary_large_image","twitter_misc":{"Skrevet av":"Ole Andersen","Ansl. lesetid":"4 minutter"},"schema":{"@context":"https:\/\/schema.org","@graph":[{"@type":"Article","@id":"https:\/\/nordnesrepublikken.no\/index.php\/2025\/09\/02\/hva-som-er-og-i-hvilke-tilfeller-damnatio-memoriae-ble-brukt\/#article","isPartOf":{"@id":"https:\/\/nordnesrepublikken.no\/index.php\/2025\/09\/02\/hva-som-er-og-i-hvilke-tilfeller-damnatio-memoriae-ble-brukt\/"},"author":{"name":"Ole Andersen","@id":"https:\/\/nordnesrepublikken.no\/#\/schema\/person\/2e7e81935bab77882fffb79296240ff1"},"headline":"Hva som er og i hvilke tilfeller damnatio memoriae ble brukt","datePublished":"2025-09-02T07:49:36+00:00","dateModified":"2025-09-02T07:49:51+00:00","mainEntityOfPage":{"@id":"https:\/\/nordnesrepublikken.no\/index.php\/2025\/09\/02\/hva-som-er-og-i-hvilke-tilfeller-damnatio-memoriae-ble-brukt\/"},"wordCount":787,"publisher":{"@id":"https:\/\/nordnesrepublikken.no\/#organization"},"image":{"@id":"https:\/\/nordnesrepublikken.no\/index.php\/2025\/09\/02\/hva-som-er-og-i-hvilke-tilfeller-damnatio-memoriae-ble-brukt\/#primaryimage"},"thumbnailUrl":"https:\/\/nordnesrepublikken.no\/wp-content\/uploads\/2025\/09\/1756799377_Hva-som-er-og-i-hvilke-tilfeller-damnatio-memoriae-ble-scaled.jpg","keywords":["ble","brukt","damnatio","Hva","hvilke","memoriae","som","tilfeller"],"articleSection":["Samfunn"],"inLanguage":"nb-NO"},{"@type":"WebPage","@id":"https:\/\/nordnesrepublikken.no\/index.php\/2025\/09\/02\/hva-som-er-og-i-hvilke-tilfeller-damnatio-memoriae-ble-brukt\/","url":"https:\/\/nordnesrepublikken.no\/index.php\/2025\/09\/02\/hva-som-er-og-i-hvilke-tilfeller-damnatio-memoriae-ble-brukt\/","name":"Hva som er og i hvilke tilfeller damnatio memoriae ble brukt - Nordnesrepublikken","isPartOf":{"@id":"https:\/\/nordnesrepublikken.no\/#website"},"primaryImageOfPage":{"@id":"https:\/\/nordnesrepublikken.no\/index.php\/2025\/09\/02\/hva-som-er-og-i-hvilke-tilfeller-damnatio-memoriae-ble-brukt\/#primaryimage"},"image":{"@id":"https:\/\/nordnesrepublikken.no\/index.php\/2025\/09\/02\/hva-som-er-og-i-hvilke-tilfeller-damnatio-memoriae-ble-brukt\/#primaryimage"},"thumbnailUrl":"https:\/\/nordnesrepublikken.no\/wp-content\/uploads\/2025\/09\/1756799377_Hva-som-er-og-i-hvilke-tilfeller-damnatio-memoriae-ble-scaled.jpg","datePublished":"2025-09-02T07:49:36+00:00","dateModified":"2025-09-02T07:49:51+00:00","breadcrumb":{"@id":"https:\/\/nordnesrepublikken.no\/index.php\/2025\/09\/02\/hva-som-er-og-i-hvilke-tilfeller-damnatio-memoriae-ble-brukt\/#breadcrumb"},"inLanguage":"nb-NO","potentialAction":[{"@type":"ReadAction","target":["https:\/\/nordnesrepublikken.no\/index.php\/2025\/09\/02\/hva-som-er-og-i-hvilke-tilfeller-damnatio-memoriae-ble-brukt\/"]}]},{"@type":"ImageObject","inLanguage":"nb-NO","@id":"https:\/\/nordnesrepublikken.no\/index.php\/2025\/09\/02\/hva-som-er-og-i-hvilke-tilfeller-damnatio-memoriae-ble-brukt\/#primaryimage","url":"https:\/\/nordnesrepublikken.no\/wp-content\/uploads\/2025\/09\/1756799377_Hva-som-er-og-i-hvilke-tilfeller-damnatio-memoriae-ble-scaled.jpg","contentUrl":"https:\/\/nordnesrepublikken.no\/wp-content\/uploads\/2025\/09\/1756799377_Hva-som-er-og-i-hvilke-tilfeller-damnatio-memoriae-ble-scaled.jpg","width":2560,"height":1428,"caption":"damnatie memoriae"},{"@type":"BreadcrumbList","@id":"https:\/\/nordnesrepublikken.no\/index.php\/2025\/09\/02\/hva-som-er-og-i-hvilke-tilfeller-damnatio-memoriae-ble-brukt\/#breadcrumb","itemListElement":[{"@type":"ListItem","position":1,"name":"Home","item":"https:\/\/nordnesrepublikken.no\/"},{"@type":"ListItem","position":2,"name":"Hva som er og i hvilke tilfeller damnatio memoriae ble brukt"}]},{"@type":"WebSite","@id":"https:\/\/nordnesrepublikken.no\/#website","url":"https:\/\/nordnesrepublikken.no\/","name":"Nordnesrepublikken","description":"Stemmer og Visjoner fra Republikkens Hjerte","publisher":{"@id":"https:\/\/nordnesrepublikken.no\/#organization"},"potentialAction":[{"@type":"SearchAction","target":{"@type":"EntryPoint","urlTemplate":"https:\/\/nordnesrepublikken.no\/?s={search_term_string}"},"query-input":{"@type":"PropertyValueSpecification","valueRequired":true,"valueName":"search_term_string"}}],"inLanguage":"nb-NO"},{"@type":"Organization","@id":"https:\/\/nordnesrepublikken.no\/#organization","name":"Nordnesrepublikken","url":"https:\/\/nordnesrepublikken.no\/","logo":{"@type":"ImageObject","inLanguage":"nb-NO","@id":"https:\/\/nordnesrepublikken.no\/#\/schema\/logo\/image\/","url":"https:\/\/nordnesrepublikken.no\/wp-content\/uploads\/2025\/02\/cropped-nordnesrepublikken-2.png","contentUrl":"https:\/\/nordnesrepublikken.no\/wp-content\/uploads\/2025\/02\/cropped-nordnesrepublikken-2.png","width":1248,"height":362,"caption":"Nordnesrepublikken"},"image":{"@id":"https:\/\/nordnesrepublikken.no\/#\/schema\/logo\/image\/"}},{"@type":"Person","@id":"https:\/\/nordnesrepublikken.no\/#\/schema\/person\/2e7e81935bab77882fffb79296240ff1","name":"Ole Andersen","image":{"@type":"ImageObject","inLanguage":"nb-NO","@id":"https:\/\/nordnesrepublikken.no\/#\/schema\/person\/image\/","url":"https:\/\/nordnesrepublikken.no\/wp-content\/uploads\/2025\/02\/nordnesrepublikken-2-2-150x150.jpg","contentUrl":"https:\/\/nordnesrepublikken.no\/wp-content\/uploads\/2025\/02\/nordnesrepublikken-2-2-150x150.jpg","caption":"Ole Andersen"},"description":"Ettersom jeg vokste opp i Oslo, har jeg alltid v\u00e6rt fascinert av ordenes kraft og deres evne til \u00e5 skape endringer. Etter \u00e5 ha fullf\u00f8rt min utdannelse i kommunikasjon ved Universitetet i Bergen, fikk jeg muligheten til \u00e5 jobbe innen ulike medier, der jeg har s\u00f8kt \u00e5 belyse viktige samfunnssp\u00f8rsm\u00e5l. I dag, som redakt\u00f8r for Nordnesrepublikken, pr\u00f8ver jeg \u00e5 forene min kj\u00e6rlighet for journalistikk med min lidenskap for innovasjon og eventyr.","sameAs":["https:\/\/nordnesrepublikken.no\/"]}]}},"_links":{"self":[{"href":"https:\/\/nordnesrepublikken.no\/index.php\/wp-json\/wp\/v2\/posts\/9049","targetHints":{"allow":["GET"]}}],"collection":[{"href":"https:\/\/nordnesrepublikken.no\/index.php\/wp-json\/wp\/v2\/posts"}],"about":[{"href":"https:\/\/nordnesrepublikken.no\/index.php\/wp-json\/wp\/v2\/types\/post"}],"author":[{"embeddable":true,"href":"https:\/\/nordnesrepublikken.no\/index.php\/wp-json\/wp\/v2\/users\/1"}],"replies":[{"embeddable":true,"href":"https:\/\/nordnesrepublikken.no\/index.php\/wp-json\/wp\/v2\/comments?post=9049"}],"version-history":[{"count":1,"href":"https:\/\/nordnesrepublikken.no\/index.php\/wp-json\/wp\/v2\/posts\/9049\/revisions"}],"predecessor-version":[{"id":9051,"href":"https:\/\/nordnesrepublikken.no\/index.php\/wp-json\/wp\/v2\/posts\/9049\/revisions\/9051"}],"wp:featuredmedia":[{"embeddable":true,"href":"https:\/\/nordnesrepublikken.no\/index.php\/wp-json\/wp\/v2\/media\/9050"}],"wp:attachment":[{"href":"https:\/\/nordnesrepublikken.no\/index.php\/wp-json\/wp\/v2\/media?parent=9049"}],"wp:term":[{"taxonomy":"category","embeddable":true,"href":"https:\/\/nordnesrepublikken.no\/index.php\/wp-json\/wp\/v2\/categories?post=9049"},{"taxonomy":"post_tag","embeddable":true,"href":"https:\/\/nordnesrepublikken.no\/index.php\/wp-json\/wp\/v2\/tags?post=9049"}],"curies":[{"name":"wp","href":"https:\/\/api.w.org\/{rel}","templated":true}]}}