{"id":9029,"date":"2025-09-01T22:50:06","date_gmt":"2025-09-01T20:50:06","guid":{"rendered":"https:\/\/nordnesrepublikken.no\/index.php\/2025\/09\/01\/en-hjernekapasitet-som-er-nyttig-for-a-forhindre-farer\/"},"modified":"2025-09-01T22:50:24","modified_gmt":"2025-09-01T20:50:24","slug":"en-hjernekapasitet-som-er-nyttig-for-a-forhindre-farer","status":"publish","type":"post","link":"https:\/\/nordnesrepublikken.no\/index.php\/2025\/09\/01\/en-hjernekapasitet-som-er-nyttig-for-a-forhindre-farer\/","title":{"rendered":"en hjernekapasitet som er nyttig for \u00e5 forhindre farer"},"content":{"rendered":"<div>\n<div class=\"cp_wrapper cp_wrapper--fw mb-30 mb-20@tablet\">\n<figure class=\"mm\"><picture class=\"img\" style=\"padding-top:56.25%\"><source  media=\"(min-width: 1024px)\"><source  media=\"(min-width: 768px)\"><\/source><\/source><\/picture><\/figure>\n<\/p><\/div>\n<p>F\u00f8lelsen av \u00e5 v\u00e6re <strong>observert<\/strong>selv n\u00e5r vi vet at vi er alene, er det s\u00e5 spesielt og stemningsfullt at det ogs\u00e5 har inspirert stor litteratur, som i den urovekkende historien av Guy de Maupassant, &laquo;Le Horla&raquo;<\/p>\n<blockquote>\n<p>&laquo;Alt et slag hadde jeg inntrykk av det <strong>Noen fulgte meg<\/strong>gikk bak meg, n\u00e6r nok til \u00e5 kunne ber\u00f8re meg. (&#8230;) Og plutselig h\u00f8rte jeg, jeg var sikker p\u00e5 at han leste ovenfra skulderen min, som var n\u00e6r der og r\u00f8rte \u00f8ret mitt. &laquo;&raquo;<\/p>\n<\/blockquote>\n<p>Som ham, blir vi noen ganger offer for denne enest\u00e5ende f\u00f8lelsen av \u00e5 bli observert, men hvor kommer den fra? Det er en <strong>bedrageri<\/strong> av den menneskelige hjernen, utstyrt med<strong> spesifikke omr\u00e5der<\/strong> Aktiv allerede i de f\u00f8rste m\u00e5nedene av livet og grunnleggende for v\u00e5r utvikling, som lar oss gjenkjenne om noen ser p\u00e5 oss og tolker utseendet til de som er i n\u00e6rheten av oss til \u00e5 forst\u00e5 deres intensjoner. Kort sagt: hjernen skaper &laquo;falske alarmer&raquo; for <strong>forutsi potensielle farer. <\/strong>Denne overv\u00e5kningen av ansiktene og andres blikk, ogs\u00e5 knyttet til Pareidolia, er avgj\u00f8rende i en <strong>dypt sosiale arter<\/strong> Som v\u00e5r.<\/p>\n<h2>Hva betyr det hvis vi f\u00f8ler oss observert: bedraget som beskytter oss<\/h2>\n<p>Det er tegn p\u00e5 at mennesker for oss er s\u00e5 viktig at evolusjonen har betydd at hjernen er dedikert <strong>spesifikke omr\u00e5der<\/strong> til behandlingen deres. For en sosial art som v\u00e5r er <strong>grunnleggende for \u00e5 gjenkjenne ansiktene<\/strong> N\u00e5r vi ser en, eller vet hvor v\u00e5r medmann ser p\u00e5, for <strong>Forutse noen trusler<\/strong> eller forst\u00e5 intensjonene til de foran oss: et bekymret blikk i retning av en busk kan bety tilstedev\u00e6relsen av en slange; Et truende blikk rettet mot oss kan bety en aggressiv intensjon.<\/p>\n<p><strong>\u00c5 vite hvordan du kan stjele et utseende<\/strong> Det er derfor for oss og for v\u00e5r evolusjonshistorie en sentral kapasitet: \u00e5 legge merke til en <strong>rovdyr<\/strong> eller en <strong>fiende<\/strong> Som observerer at du kan bety forskjellen mellom liv og d\u00f8d. I v\u00e5r evolusjonshistorie har denne evnen blitt s\u00e5 avgj\u00f8rende at hjernen foretrekker \u00e5 skape &laquo;<strong>falske alarmer<\/strong>&laquo;.<\/p>\n<p>Generelt sett er jo mer <strong>viktig<\/strong>jo mer vi sp\u00e5r <strong>Oppmerksomhet<\/strong> til hver <strong>Minimumssignal<\/strong> Noe som ang\u00e5r henne. Vi tenker p\u00e5 n\u00e5r vi venter p\u00e5 en pakke med noe vi vil ha s\u00e5 mye: vi vil sannsynligvis ha <strong>inntrykket<\/strong> At intercomen h\u00f8res flere ganger selv om det ikke er sant, fordi noen lignende st\u00f8y f\u00e5r oss til \u00e5 tro at den virkelig spiller: v\u00e5r <strong>Varslingsterskel er h\u00f8y<\/strong>og vi kan ikke risikere ikke \u00e5 \u00e5pne for kureren!<\/p>\n<p>Betydningen av dette &laquo;varselet&raquo; i hjernen v\u00e5r er den samme som forklarer oss ogs\u00e5 hvorfor vi blir brakt for \u00e5 se ansikter overalt, i skyene, i treet p\u00e5 treverket eller mellom steinene: dette fenomenet som ogs\u00e5 kalles <strong>Pareidolia<\/strong> Det er en<strong>illusjon<\/strong> Underbevissthet som den menneskelige hjernen automatisk produserer. Viktigheten som m\u00e5 finne menneskelige ansikter for oss i v\u00e5rt visuelle spekter er s\u00e5 h\u00f8y at det ogs\u00e5 er <strong>Det som ser ut som et ansikt<\/strong> (men at det ikke er) aktiverer hjerneomr\u00e5det v\u00e5rt dedikert til anerkjennelse av ansikter E <strong>Det f\u00e5r oss til \u00e5 f\u00f8le oss &laquo;observert&raquo;.<\/strong><\/p>\n<h2>Hvordan oppdager hjernen et utseende?<\/h2>\n<p>Hjernen v\u00e5r er s\u00e5 f\u00f8lsom for de menneskelige \u00f8ynene vi har <strong>omr\u00e5der<\/strong> Og <strong>nettverk<\/strong> spesifikk hjerne som aktiveres n\u00e5r <strong>La oss se eller oppfatte \u00e5 bli observert<\/strong>. The Upper Temporal Furrow (STS) omhandler utdypende <strong>Visuelle signaler<\/strong> Som blikkets retning, kroppsbevegelsene og uttrykkene i ansiktet, og fungerer parallelt med<strong>Amigdala<\/strong> som spiller en viktig rolle av <strong>Tolkning av f\u00f8lelser<\/strong> fra \u00f8ynene og ansiktet, spesielt for uttrykk for frykt.<\/p>\n<div class=\"cp_wrapper cp_wrapper--fw mb-50\">\n<figure class=\"mm\"><picture class=\"img\" style=\"padding-top:66.666666666667%\"><source  media=\"(min-width: 1024px)\"><source  media=\"(min-width: 768px)\"><img decoding=\"async\" loading=\"lazy\" src=\"https:\/\/nordnesrepublikken.no\/wp-content\/uploads\/2025\/09\/1756759806_860_en-hjernekapasitet-som-er-nyttig-for-a-forhindre-farer.jpg\" alt=\"gjenkjenne nyf\u00f8dte ansikter\" width=\"3864\" height=\"2576\"><\/source><\/source><\/picture><\/figure>\n<\/p><\/div>\n<p>En studie publisert i hjernen har faktisk klart \u00e5 sl\u00e5 fast at amygdalaen, spesielt den rette, er mer aktiv n\u00e5r emnet oppfatter en <strong>Direkte blikk mot seg selv<\/strong>. Et annet omr\u00e5de, Fusiform Face Area (FFA), er i stedet spesialisert p\u00e5 \u00e5 gjenkjenne <strong>menneskelige ansikter<\/strong>.<\/p>\n<p>Denne h\u00f8ye f\u00f8lsomheten og spesialiseringen i \u00e5 gjenkjenne ansikter og utseende forklarer hvorfor vi ender opp med \u00e5 oppfatte dem selv n\u00e5r det ikke er, muligheter som noen ganger kan f\u00f8re til reelle plager, som for eksempel <strong>HENSIKT, <\/strong>Det vil si frykten for \u00e5 bli observert.<\/p>\n<h2>Viktigheten av \u00f8yne for mennesker<\/h2>\n<p>Vi ville ikke vite om \u00f8ynene er sjelens speil, men de er absolutt blant elementene i kroppen som <strong>overf\u00f8re<\/strong> <strong>Mer informasjon<\/strong>: tretthet, velv\u00e6re, oppmerksomhetsretning, tilstedev\u00e6relse av trusler. Selv mange av f\u00f8lelsene vi uttrykker passerer fra \u00f8ynene og blikket.<\/p>\n<p>Allerede fra veldig unge kan vi lese noen <strong>intensjoner<\/strong> ser p\u00e5 andres \u00f8yne. Et eksperiment av 2011 publisert p\u00e5 <em>British Journal of Developmental Psychology <\/em>Han sier at vi rundt 18 m\u00e5neder er i stand til \u00e5 bruke \u00f8yebevegelsene til de voksne som er ved siden av oss til \u00e5 forutsi ankomsten av noe, basert p\u00e5 retningen p\u00e5 blikket. \u00c5 kunne f\u00f8lge blikket er ogs\u00e5 grunnleggende i alle disse operasjonene av <strong>Delt oppmerksomhet<\/strong> som dukker opp noen m\u00e5neder etter f\u00f8dselen, og som lar oss gj\u00f8re det <strong>Fokus<\/strong>sammen med en voksen eller andre barn, p\u00e5 en <strong>gjenstand<\/strong> og utforske det i fellesskap.<\/p>\n<div class=\"cp_wrapper cp_wrapper--fw mb-50\">\n<figure class=\"mm\"><picture class=\"img\" style=\"padding-top:56.230529595016%\"><source  media=\"(min-width: 1024px)\"><source  media=\"(min-width: 768px)\"><img decoding=\"async\" loading=\"lazy\" src=\"https:\/\/nordnesrepublikken.no\/wp-content\/uploads\/2025\/09\/1756759806_193_en-hjernekapasitet-som-er-nyttig-for-a-forhindre-farer.jpg\" alt=\"Primatutseende\" width=\"1284\" height=\"722\" class=\"js-seedtag-img\"><\/source><\/source><\/picture><\/figure>\n<\/p><\/div>\n<p>S\u00e5 er det en<strong>hypotese<\/strong>ring <em>\u00d8yehypotese kooperativer<\/em>som hevder at v\u00e5r typiske <strong>Konformasjon av \u00f8yet<\/strong> (unik blant primater, med en <strong>Sclera<\/strong> hvitt uten pigmentering, tydelig synlig og godt kontrast med hensyn til iris) er <strong>Evolusjonalt valgt<\/strong> som en fordel for \u00e5 lette<strong>Sosialt samspill<\/strong> Og kooperativ, bare for \u00e5 gj\u00f8re det lettere \u00e5 oppfatte og f\u00f8lge andres blikk.<\/p>\n<\/p><\/div>\n","protected":false},"excerpt":{"rendered":"<p>F\u00f8lelsen av \u00e5 v\u00e6re observertselv n\u00e5r vi vet at vi er alene, er det s\u00e5<\/p>\n","protected":false},"author":1,"featured_media":9030,"comment_status":"closed","ping_status":"open","sticky":false,"template":"","format":"standard","meta":{"footnotes":""},"categories":[24],"tags":[5928,1220,5927,1592,31],"class_list":["post-9029","post","type-post","status-publish","format-standard","has-post-thumbnail","hentry","category-vitenskap","tag-farer","tag-forhindre","tag-hjernekapasitet","tag-nyttig","tag-som","generate-columns","tablet-grid-50","mobile-grid-100","grid-parent","grid-33","resize-featured-image"],"yoast_head":"<!-- This site is optimized with the Yoast SEO plugin v24.4 - https:\/\/yoast.com\/wordpress\/plugins\/seo\/ -->\n<title>en hjernekapasitet som er nyttig for \u00e5 forhindre farer - Nordnesrepublikken<\/title>\n<meta name=\"robots\" content=\"index, follow, max-snippet:-1, max-image-preview:large, max-video-preview:-1\" \/>\n<link rel=\"canonical\" href=\"https:\/\/nordnesrepublikken.no\/index.php\/2025\/09\/01\/en-hjernekapasitet-som-er-nyttig-for-a-forhindre-farer\/\" \/>\n<meta property=\"og:locale\" content=\"nb_NO\" \/>\n<meta property=\"og:type\" content=\"article\" \/>\n<meta property=\"og:title\" content=\"en hjernekapasitet som er nyttig for \u00e5 forhindre farer - Nordnesrepublikken\" \/>\n<meta property=\"og:description\" content=\"F\u00f8lelsen av \u00e5 v\u00e6re observertselv n\u00e5r vi vet at vi er alene, er det s\u00e5\" \/>\n<meta property=\"og:url\" content=\"https:\/\/nordnesrepublikken.no\/index.php\/2025\/09\/01\/en-hjernekapasitet-som-er-nyttig-for-a-forhindre-farer\/\" \/>\n<meta property=\"og:site_name\" content=\"Nordnesrepublikken\" \/>\n<meta property=\"article:published_time\" content=\"2025-09-01T20:50:06+00:00\" \/>\n<meta property=\"article:modified_time\" content=\"2025-09-01T20:50:24+00:00\" \/>\n<meta property=\"og:image\" content=\"https:\/\/nordnesrepublikken.no\/wp-content\/uploads\/2025\/09\/1756759807_en-hjernekapasitet-som-er-nyttig-for-a-forhindre-farer-scaled.jpg\" \/>\n\t<meta property=\"og:image:width\" content=\"2560\" \/>\n\t<meta property=\"og:image:height\" content=\"1622\" \/>\n\t<meta property=\"og:image:type\" content=\"image\/jpeg\" \/>\n<meta name=\"author\" content=\"Ole Andersen\" \/>\n<meta name=\"twitter:card\" content=\"summary_large_image\" \/>\n<meta name=\"twitter:label1\" content=\"Skrevet av\" \/>\n\t<meta name=\"twitter:data1\" content=\"Ole Andersen\" \/>\n\t<meta name=\"twitter:label2\" content=\"Ansl. lesetid\" \/>\n\t<meta name=\"twitter:data2\" content=\"4 minutter\" \/>\n<script type=\"application\/ld+json\" class=\"yoast-schema-graph\">{\"@context\":\"https:\/\/schema.org\",\"@graph\":[{\"@type\":\"Article\",\"@id\":\"https:\/\/nordnesrepublikken.no\/index.php\/2025\/09\/01\/en-hjernekapasitet-som-er-nyttig-for-a-forhindre-farer\/#article\",\"isPartOf\":{\"@id\":\"https:\/\/nordnesrepublikken.no\/index.php\/2025\/09\/01\/en-hjernekapasitet-som-er-nyttig-for-a-forhindre-farer\/\"},\"author\":{\"name\":\"Ole Andersen\",\"@id\":\"https:\/\/nordnesrepublikken.no\/#\/schema\/person\/2e7e81935bab77882fffb79296240ff1\"},\"headline\":\"en hjernekapasitet som er nyttig for \u00e5 forhindre farer\",\"datePublished\":\"2025-09-01T20:50:06+00:00\",\"dateModified\":\"2025-09-01T20:50:24+00:00\",\"mainEntityOfPage\":{\"@id\":\"https:\/\/nordnesrepublikken.no\/index.php\/2025\/09\/01\/en-hjernekapasitet-som-er-nyttig-for-a-forhindre-farer\/\"},\"wordCount\":907,\"publisher\":{\"@id\":\"https:\/\/nordnesrepublikken.no\/#organization\"},\"image\":{\"@id\":\"https:\/\/nordnesrepublikken.no\/index.php\/2025\/09\/01\/en-hjernekapasitet-som-er-nyttig-for-a-forhindre-farer\/#primaryimage\"},\"thumbnailUrl\":\"https:\/\/nordnesrepublikken.no\/wp-content\/uploads\/2025\/09\/1756759807_en-hjernekapasitet-som-er-nyttig-for-a-forhindre-farer-scaled.jpg\",\"keywords\":[\"farer\",\"forhindre\",\"hjernekapasitet\",\"nyttig\",\"som\"],\"articleSection\":[\"Vitenskap\"],\"inLanguage\":\"nb-NO\"},{\"@type\":\"WebPage\",\"@id\":\"https:\/\/nordnesrepublikken.no\/index.php\/2025\/09\/01\/en-hjernekapasitet-som-er-nyttig-for-a-forhindre-farer\/\",\"url\":\"https:\/\/nordnesrepublikken.no\/index.php\/2025\/09\/01\/en-hjernekapasitet-som-er-nyttig-for-a-forhindre-farer\/\",\"name\":\"en hjernekapasitet som er nyttig for \u00e5 forhindre farer - Nordnesrepublikken\",\"isPartOf\":{\"@id\":\"https:\/\/nordnesrepublikken.no\/#website\"},\"primaryImageOfPage\":{\"@id\":\"https:\/\/nordnesrepublikken.no\/index.php\/2025\/09\/01\/en-hjernekapasitet-som-er-nyttig-for-a-forhindre-farer\/#primaryimage\"},\"image\":{\"@id\":\"https:\/\/nordnesrepublikken.no\/index.php\/2025\/09\/01\/en-hjernekapasitet-som-er-nyttig-for-a-forhindre-farer\/#primaryimage\"},\"thumbnailUrl\":\"https:\/\/nordnesrepublikken.no\/wp-content\/uploads\/2025\/09\/1756759807_en-hjernekapasitet-som-er-nyttig-for-a-forhindre-farer-scaled.jpg\",\"datePublished\":\"2025-09-01T20:50:06+00:00\",\"dateModified\":\"2025-09-01T20:50:24+00:00\",\"breadcrumb\":{\"@id\":\"https:\/\/nordnesrepublikken.no\/index.php\/2025\/09\/01\/en-hjernekapasitet-som-er-nyttig-for-a-forhindre-farer\/#breadcrumb\"},\"inLanguage\":\"nb-NO\",\"potentialAction\":[{\"@type\":\"ReadAction\",\"target\":[\"https:\/\/nordnesrepublikken.no\/index.php\/2025\/09\/01\/en-hjernekapasitet-som-er-nyttig-for-a-forhindre-farer\/\"]}]},{\"@type\":\"ImageObject\",\"inLanguage\":\"nb-NO\",\"@id\":\"https:\/\/nordnesrepublikken.no\/index.php\/2025\/09\/01\/en-hjernekapasitet-som-er-nyttig-for-a-forhindre-farer\/#primaryimage\",\"url\":\"https:\/\/nordnesrepublikken.no\/wp-content\/uploads\/2025\/09\/1756759807_en-hjernekapasitet-som-er-nyttig-for-a-forhindre-farer-scaled.jpg\",\"contentUrl\":\"https:\/\/nordnesrepublikken.no\/wp-content\/uploads\/2025\/09\/1756759807_en-hjernekapasitet-som-er-nyttig-for-a-forhindre-farer-scaled.jpg\",\"width\":2560,\"height\":1622,\"caption\":\"sensazione di essere osservati\"},{\"@type\":\"BreadcrumbList\",\"@id\":\"https:\/\/nordnesrepublikken.no\/index.php\/2025\/09\/01\/en-hjernekapasitet-som-er-nyttig-for-a-forhindre-farer\/#breadcrumb\",\"itemListElement\":[{\"@type\":\"ListItem\",\"position\":1,\"name\":\"Home\",\"item\":\"https:\/\/nordnesrepublikken.no\/\"},{\"@type\":\"ListItem\",\"position\":2,\"name\":\"en hjernekapasitet som er nyttig for \u00e5 forhindre farer\"}]},{\"@type\":\"WebSite\",\"@id\":\"https:\/\/nordnesrepublikken.no\/#website\",\"url\":\"https:\/\/nordnesrepublikken.no\/\",\"name\":\"Nordnesrepublikken\",\"description\":\"Stemmer og Visjoner fra Republikkens Hjerte\",\"publisher\":{\"@id\":\"https:\/\/nordnesrepublikken.no\/#organization\"},\"potentialAction\":[{\"@type\":\"SearchAction\",\"target\":{\"@type\":\"EntryPoint\",\"urlTemplate\":\"https:\/\/nordnesrepublikken.no\/?s={search_term_string}\"},\"query-input\":{\"@type\":\"PropertyValueSpecification\",\"valueRequired\":true,\"valueName\":\"search_term_string\"}}],\"inLanguage\":\"nb-NO\"},{\"@type\":\"Organization\",\"@id\":\"https:\/\/nordnesrepublikken.no\/#organization\",\"name\":\"Nordnesrepublikken\",\"url\":\"https:\/\/nordnesrepublikken.no\/\",\"logo\":{\"@type\":\"ImageObject\",\"inLanguage\":\"nb-NO\",\"@id\":\"https:\/\/nordnesrepublikken.no\/#\/schema\/logo\/image\/\",\"url\":\"https:\/\/nordnesrepublikken.no\/wp-content\/uploads\/2025\/02\/cropped-nordnesrepublikken-2.png\",\"contentUrl\":\"https:\/\/nordnesrepublikken.no\/wp-content\/uploads\/2025\/02\/cropped-nordnesrepublikken-2.png\",\"width\":1248,\"height\":362,\"caption\":\"Nordnesrepublikken\"},\"image\":{\"@id\":\"https:\/\/nordnesrepublikken.no\/#\/schema\/logo\/image\/\"}},{\"@type\":\"Person\",\"@id\":\"https:\/\/nordnesrepublikken.no\/#\/schema\/person\/2e7e81935bab77882fffb79296240ff1\",\"name\":\"Ole Andersen\",\"image\":{\"@type\":\"ImageObject\",\"inLanguage\":\"nb-NO\",\"@id\":\"https:\/\/nordnesrepublikken.no\/#\/schema\/person\/image\/\",\"url\":\"https:\/\/nordnesrepublikken.no\/wp-content\/uploads\/2025\/02\/nordnesrepublikken-2-2-150x150.jpg\",\"contentUrl\":\"https:\/\/nordnesrepublikken.no\/wp-content\/uploads\/2025\/02\/nordnesrepublikken-2-2-150x150.jpg\",\"caption\":\"Ole Andersen\"},\"description\":\"Ettersom jeg vokste opp i Oslo, har jeg alltid v\u00e6rt fascinert av ordenes kraft og deres evne til \u00e5 skape endringer. Etter \u00e5 ha fullf\u00f8rt min utdannelse i kommunikasjon ved Universitetet i Bergen, fikk jeg muligheten til \u00e5 jobbe innen ulike medier, der jeg har s\u00f8kt \u00e5 belyse viktige samfunnssp\u00f8rsm\u00e5l. I dag, som redakt\u00f8r for Nordnesrepublikken, pr\u00f8ver jeg \u00e5 forene min kj\u00e6rlighet for journalistikk med min lidenskap for innovasjon og eventyr.\",\"sameAs\":[\"https:\/\/nordnesrepublikken.no\/\"]}]}<\/script>\n<!-- \/ Yoast SEO plugin. -->","yoast_head_json":{"title":"en hjernekapasitet som er nyttig for \u00e5 forhindre farer - Nordnesrepublikken","robots":{"index":"index","follow":"follow","max-snippet":"max-snippet:-1","max-image-preview":"max-image-preview:large","max-video-preview":"max-video-preview:-1"},"canonical":"https:\/\/nordnesrepublikken.no\/index.php\/2025\/09\/01\/en-hjernekapasitet-som-er-nyttig-for-a-forhindre-farer\/","og_locale":"nb_NO","og_type":"article","og_title":"en hjernekapasitet som er nyttig for \u00e5 forhindre farer - Nordnesrepublikken","og_description":"F\u00f8lelsen av \u00e5 v\u00e6re observertselv n\u00e5r vi vet at vi er alene, er det s\u00e5","og_url":"https:\/\/nordnesrepublikken.no\/index.php\/2025\/09\/01\/en-hjernekapasitet-som-er-nyttig-for-a-forhindre-farer\/","og_site_name":"Nordnesrepublikken","article_published_time":"2025-09-01T20:50:06+00:00","article_modified_time":"2025-09-01T20:50:24+00:00","og_image":[{"width":2560,"height":1622,"url":"https:\/\/nordnesrepublikken.no\/wp-content\/uploads\/2025\/09\/1756759807_en-hjernekapasitet-som-er-nyttig-for-a-forhindre-farer-scaled.jpg","type":"image\/jpeg"}],"author":"Ole Andersen","twitter_card":"summary_large_image","twitter_misc":{"Skrevet av":"Ole Andersen","Ansl. lesetid":"4 minutter"},"schema":{"@context":"https:\/\/schema.org","@graph":[{"@type":"Article","@id":"https:\/\/nordnesrepublikken.no\/index.php\/2025\/09\/01\/en-hjernekapasitet-som-er-nyttig-for-a-forhindre-farer\/#article","isPartOf":{"@id":"https:\/\/nordnesrepublikken.no\/index.php\/2025\/09\/01\/en-hjernekapasitet-som-er-nyttig-for-a-forhindre-farer\/"},"author":{"name":"Ole Andersen","@id":"https:\/\/nordnesrepublikken.no\/#\/schema\/person\/2e7e81935bab77882fffb79296240ff1"},"headline":"en hjernekapasitet som er nyttig for \u00e5 forhindre farer","datePublished":"2025-09-01T20:50:06+00:00","dateModified":"2025-09-01T20:50:24+00:00","mainEntityOfPage":{"@id":"https:\/\/nordnesrepublikken.no\/index.php\/2025\/09\/01\/en-hjernekapasitet-som-er-nyttig-for-a-forhindre-farer\/"},"wordCount":907,"publisher":{"@id":"https:\/\/nordnesrepublikken.no\/#organization"},"image":{"@id":"https:\/\/nordnesrepublikken.no\/index.php\/2025\/09\/01\/en-hjernekapasitet-som-er-nyttig-for-a-forhindre-farer\/#primaryimage"},"thumbnailUrl":"https:\/\/nordnesrepublikken.no\/wp-content\/uploads\/2025\/09\/1756759807_en-hjernekapasitet-som-er-nyttig-for-a-forhindre-farer-scaled.jpg","keywords":["farer","forhindre","hjernekapasitet","nyttig","som"],"articleSection":["Vitenskap"],"inLanguage":"nb-NO"},{"@type":"WebPage","@id":"https:\/\/nordnesrepublikken.no\/index.php\/2025\/09\/01\/en-hjernekapasitet-som-er-nyttig-for-a-forhindre-farer\/","url":"https:\/\/nordnesrepublikken.no\/index.php\/2025\/09\/01\/en-hjernekapasitet-som-er-nyttig-for-a-forhindre-farer\/","name":"en hjernekapasitet som er nyttig for \u00e5 forhindre farer - Nordnesrepublikken","isPartOf":{"@id":"https:\/\/nordnesrepublikken.no\/#website"},"primaryImageOfPage":{"@id":"https:\/\/nordnesrepublikken.no\/index.php\/2025\/09\/01\/en-hjernekapasitet-som-er-nyttig-for-a-forhindre-farer\/#primaryimage"},"image":{"@id":"https:\/\/nordnesrepublikken.no\/index.php\/2025\/09\/01\/en-hjernekapasitet-som-er-nyttig-for-a-forhindre-farer\/#primaryimage"},"thumbnailUrl":"https:\/\/nordnesrepublikken.no\/wp-content\/uploads\/2025\/09\/1756759807_en-hjernekapasitet-som-er-nyttig-for-a-forhindre-farer-scaled.jpg","datePublished":"2025-09-01T20:50:06+00:00","dateModified":"2025-09-01T20:50:24+00:00","breadcrumb":{"@id":"https:\/\/nordnesrepublikken.no\/index.php\/2025\/09\/01\/en-hjernekapasitet-som-er-nyttig-for-a-forhindre-farer\/#breadcrumb"},"inLanguage":"nb-NO","potentialAction":[{"@type":"ReadAction","target":["https:\/\/nordnesrepublikken.no\/index.php\/2025\/09\/01\/en-hjernekapasitet-som-er-nyttig-for-a-forhindre-farer\/"]}]},{"@type":"ImageObject","inLanguage":"nb-NO","@id":"https:\/\/nordnesrepublikken.no\/index.php\/2025\/09\/01\/en-hjernekapasitet-som-er-nyttig-for-a-forhindre-farer\/#primaryimage","url":"https:\/\/nordnesrepublikken.no\/wp-content\/uploads\/2025\/09\/1756759807_en-hjernekapasitet-som-er-nyttig-for-a-forhindre-farer-scaled.jpg","contentUrl":"https:\/\/nordnesrepublikken.no\/wp-content\/uploads\/2025\/09\/1756759807_en-hjernekapasitet-som-er-nyttig-for-a-forhindre-farer-scaled.jpg","width":2560,"height":1622,"caption":"sensazione di essere osservati"},{"@type":"BreadcrumbList","@id":"https:\/\/nordnesrepublikken.no\/index.php\/2025\/09\/01\/en-hjernekapasitet-som-er-nyttig-for-a-forhindre-farer\/#breadcrumb","itemListElement":[{"@type":"ListItem","position":1,"name":"Home","item":"https:\/\/nordnesrepublikken.no\/"},{"@type":"ListItem","position":2,"name":"en hjernekapasitet som er nyttig for \u00e5 forhindre farer"}]},{"@type":"WebSite","@id":"https:\/\/nordnesrepublikken.no\/#website","url":"https:\/\/nordnesrepublikken.no\/","name":"Nordnesrepublikken","description":"Stemmer og Visjoner fra Republikkens Hjerte","publisher":{"@id":"https:\/\/nordnesrepublikken.no\/#organization"},"potentialAction":[{"@type":"SearchAction","target":{"@type":"EntryPoint","urlTemplate":"https:\/\/nordnesrepublikken.no\/?s={search_term_string}"},"query-input":{"@type":"PropertyValueSpecification","valueRequired":true,"valueName":"search_term_string"}}],"inLanguage":"nb-NO"},{"@type":"Organization","@id":"https:\/\/nordnesrepublikken.no\/#organization","name":"Nordnesrepublikken","url":"https:\/\/nordnesrepublikken.no\/","logo":{"@type":"ImageObject","inLanguage":"nb-NO","@id":"https:\/\/nordnesrepublikken.no\/#\/schema\/logo\/image\/","url":"https:\/\/nordnesrepublikken.no\/wp-content\/uploads\/2025\/02\/cropped-nordnesrepublikken-2.png","contentUrl":"https:\/\/nordnesrepublikken.no\/wp-content\/uploads\/2025\/02\/cropped-nordnesrepublikken-2.png","width":1248,"height":362,"caption":"Nordnesrepublikken"},"image":{"@id":"https:\/\/nordnesrepublikken.no\/#\/schema\/logo\/image\/"}},{"@type":"Person","@id":"https:\/\/nordnesrepublikken.no\/#\/schema\/person\/2e7e81935bab77882fffb79296240ff1","name":"Ole Andersen","image":{"@type":"ImageObject","inLanguage":"nb-NO","@id":"https:\/\/nordnesrepublikken.no\/#\/schema\/person\/image\/","url":"https:\/\/nordnesrepublikken.no\/wp-content\/uploads\/2025\/02\/nordnesrepublikken-2-2-150x150.jpg","contentUrl":"https:\/\/nordnesrepublikken.no\/wp-content\/uploads\/2025\/02\/nordnesrepublikken-2-2-150x150.jpg","caption":"Ole Andersen"},"description":"Ettersom jeg vokste opp i Oslo, har jeg alltid v\u00e6rt fascinert av ordenes kraft og deres evne til \u00e5 skape endringer. Etter \u00e5 ha fullf\u00f8rt min utdannelse i kommunikasjon ved Universitetet i Bergen, fikk jeg muligheten til \u00e5 jobbe innen ulike medier, der jeg har s\u00f8kt \u00e5 belyse viktige samfunnssp\u00f8rsm\u00e5l. I dag, som redakt\u00f8r for Nordnesrepublikken, pr\u00f8ver jeg \u00e5 forene min kj\u00e6rlighet for journalistikk med min lidenskap for innovasjon og eventyr.","sameAs":["https:\/\/nordnesrepublikken.no\/"]}]}},"_links":{"self":[{"href":"https:\/\/nordnesrepublikken.no\/index.php\/wp-json\/wp\/v2\/posts\/9029","targetHints":{"allow":["GET"]}}],"collection":[{"href":"https:\/\/nordnesrepublikken.no\/index.php\/wp-json\/wp\/v2\/posts"}],"about":[{"href":"https:\/\/nordnesrepublikken.no\/index.php\/wp-json\/wp\/v2\/types\/post"}],"author":[{"embeddable":true,"href":"https:\/\/nordnesrepublikken.no\/index.php\/wp-json\/wp\/v2\/users\/1"}],"replies":[{"embeddable":true,"href":"https:\/\/nordnesrepublikken.no\/index.php\/wp-json\/wp\/v2\/comments?post=9029"}],"version-history":[{"count":1,"href":"https:\/\/nordnesrepublikken.no\/index.php\/wp-json\/wp\/v2\/posts\/9029\/revisions"}],"predecessor-version":[{"id":9031,"href":"https:\/\/nordnesrepublikken.no\/index.php\/wp-json\/wp\/v2\/posts\/9029\/revisions\/9031"}],"wp:featuredmedia":[{"embeddable":true,"href":"https:\/\/nordnesrepublikken.no\/index.php\/wp-json\/wp\/v2\/media\/9030"}],"wp:attachment":[{"href":"https:\/\/nordnesrepublikken.no\/index.php\/wp-json\/wp\/v2\/media?parent=9029"}],"wp:term":[{"taxonomy":"category","embeddable":true,"href":"https:\/\/nordnesrepublikken.no\/index.php\/wp-json\/wp\/v2\/categories?post=9029"},{"taxonomy":"post_tag","embeddable":true,"href":"https:\/\/nordnesrepublikken.no\/index.php\/wp-json\/wp\/v2\/tags?post=9029"}],"curies":[{"name":"wp","href":"https:\/\/api.w.org\/{rel}","templated":true}]}}