{"id":9026,"date":"2025-09-01T19:49:31","date_gmt":"2025-09-01T17:49:31","guid":{"rendered":"https:\/\/nordnesrepublikken.no\/index.php\/2025\/09\/01\/hvem-de-virkelig-var-folkens-historie-og-aktuelle-forhold\/"},"modified":"2025-09-01T19:49:33","modified_gmt":"2025-09-01T17:49:33","slug":"hvem-de-virkelig-var-folkens-historie-og-aktuelle-forhold","status":"publish","type":"post","link":"https:\/\/nordnesrepublikken.no\/index.php\/2025\/09\/01\/hvem-de-virkelig-var-folkens-historie-og-aktuelle-forhold\/","title":{"rendered":"Hvem de virkelig var, folkens historie og aktuelle forhold"},"content":{"rendered":"<div>\n<div class=\"cp_wrapper cp_wrapper--fw mb-30 mb-20@tablet\">\n<figure class=\"mm\"><picture class=\"img\" style=\"padding-top:56.25%\"><source  media=\"(min-width: 1024px)\"><source  media=\"(min-width: 768px)\"><\/source><\/source><\/picture><\/figure>\n<\/p><\/div>\n<p>Mayaene er en av <strong>Precolombianske mesoamerikanske folk<\/strong>f\u00f8dt mellom tredje og 900 -tallet e.Kr. og fremdeles eksisterende i dag, kjent for sin kunst og deres astronomiske og matematiske kunnskap. Historien deres er generelt delt inn i <strong>Tre store faser<\/strong>:<strong>PREKKLAXIC ERA<\/strong>fra det andre \u00e5rtusenet a. C. til det tredje \u00e5rhundre e.Kr. C., hvor maya -folket dannet og startet utviklingen; de<strong>Klassisk epoke<\/strong>fra III til 900 -tallet e.Kr. C., hvor mayaene n\u00e5dde den maksimale prakt fra et politisk og kulturelt synspunkt; De <strong>avsl\u00e5<\/strong>: Fra 900 -tallets annonse fremover er det en periode som f\u00f8rst er karakterisert av domenet til andre amerikanske folkeslag, deretter fra <strong>Spansk erobring<\/strong>.<\/p>\n<p>I det siste er mayaene utstyrt med et system av <strong>Giraglifica Writing<\/strong> og de var i stand til \u00e5 utvikle <strong>Kunst og vitenskap<\/strong>. De n\u00e5v\u00e6rende mayaene, selv om de stort sett assimilerte seg til moderne livsstil, beholder noen elementer i sin opprinnelige kultur.<\/p>\n<h2>Hvem er mayaene og hvor de bor i dag<\/h2>\n<p>Maya -folket i dag best\u00e5r av omtrent <strong>seks millioner individer<\/strong>stort sett<strong> D\u00e5rlig og dedikert til jordbruk<\/strong>tildelt stort sett i <strong>Guatemala<\/strong> og i mindre grad, i <strong>S\u00f8rlige Mexico<\/strong>. Tidligere okkuperte folket grovt de n\u00e5v\u00e6rende delstatene Chiapas, Tabasco, Campeche, Yucatan og Quintana Roo og territoriene i dag som tilh\u00f8rer noen sentralamerikanske stater: Guatemala Belize, Honduras.<\/p>\n<div class=\"cp_wrapper cp_wrapper--fw mb-50\">\n<figure class=\"mm\"><picture class=\"img\" style=\"padding-top:66.312056737589%\"><source  media=\"(min-width: 1024px)\"><source  media=\"(min-width: 768px)\"><img decoding=\"async\" loading=\"lazy\" src=\"https:\/\/nordnesrepublikken.no\/wp-content\/uploads\/2025\/09\/1756748971_243_Hvem-de-virkelig-var-folkens-historie-og-aktuelle-forhold.jpg\" alt=\"Maya i Guatemala i 2007\" width=\"1128\" height=\"748\"><\/source><\/source><\/picture><\/figure>\n<\/p><\/div>\n<p>I dag bekjenner Maya <strong>Katolsk religion<\/strong> Og de snakker <strong>Spansk spr\u00e5k<\/strong>men de holder noen <strong>forfedres kulturelle trekk<\/strong>spesielt innen muntlig kultur, magisk-religi\u00f8s tro og h\u00e5ndverk. Videre snakker deres ved siden av spanjolen <strong>Tradisjonelle spr\u00e5k<\/strong>.<\/p>\n<h2>Opprinnelsen til maya -sivilisasjonen: etnogenese og prexaxic epoke<\/h2>\n<p>Opprinnelsen til mayaene m\u00e5 spores, etter all sannsynlighet, i den st\u00f8rre belastningen av <strong>Olmeca -befolkningen<\/strong>som dukket opp i Mellom -Amerika i det andre \u00e5rtusenet a. C. i en tidsalder plassert rundt <strong>2000-1500 \u00e5r f\u00f8r Kristus<\/strong> Disse menneskene differensierte fra den andre Olmechi, og startet dermed den forh\u00e5ndsklaksiske perioden av Maya -historien, som varte omtrent til det tredje \u00e5rhundre e.Kr. C. I l\u00f8pet av denne epoken grunnla mayaene seg for landsbyene og senere, <strong>Ekte byer<\/strong>; utviklet ogs\u00e5 en <strong>Sillabisk skrivesystem<\/strong>basert p\u00e5 hieroglyfer; Fra et \u00f8konomisk synspunkt viste de seg \u00e5 v\u00e6re <strong>dedikert til jordbruk<\/strong>: Den viktigste kulturen var <strong>korn<\/strong>et grunnleggende element ikke bare av ern\u00e6ring, men ogs\u00e5 av deres kultur.<\/p>\n<div class=\"cp_wrapper cp_wrapper--fw mb-50\">\n<figure class=\"mm\"><picture class=\"img\" style=\"padding-top:73.463687150838%\"><source  media=\"(min-width: 1024px)\"><source  media=\"(min-width: 768px)\"><img decoding=\"async\" loading=\"lazy\" src=\"https:\/\/nordnesrepublikken.no\/wp-content\/uploads\/2025\/09\/1756748971_859_Hvem-de-virkelig-var-folkens-historie-og-aktuelle-forhold.jpg\" alt=\"Historieomr\u00e5det til Maya -folket, i r\u00f8dt (studiepoeng Kmusser)\" width=\"1074\" height=\"789\" class=\"js-seedtag-img\"><\/source><\/source><\/picture><\/figure>\n<\/p><\/div>\n<h2><strong>Den klassiske alderen til Maya<\/strong><\/h2>\n<p>I det tredje \u00e5rhundre annonse gikk maya -sivilisasjonen mot en <strong>Florid utvikling<\/strong>: bysentre ble mer omfattende og ble bygget store <strong>trinn med trinn<\/strong>som hadde templets funksjon og noen ganger av begravelser for suverene og andre mektige mennesker. De fleste av bygningene var imidlertid ikke innebygd stein, men med tre og jord, overlevde det ikke \u00e5rhundrene. Den st\u00f8rste byen var <strong>Tikal<\/strong>som ligger i den n\u00e5v\u00e6rende Guatemala, hvorav de arkeologiske restene kan bes\u00f8kes i dag.<\/p>\n<div class=\"cp_wrapper cp_wrapper--fw mb-50\">\n<figure class=\"mm\"><picture class=\"img\" style=\"padding-top:66.640625%\"><source  media=\"(min-width: 1024px)\"><source  media=\"(min-width: 768px)\"><img decoding=\"async\" loading=\"lazy\" src=\"https:\/\/nordnesrepublikken.no\/wp-content\/uploads\/2025\/09\/1756748971_170_Hvem-de-virkelig-var-folkens-historie-og-aktuelle-forhold.jpg\" alt=\"Templet I (Temple Del Giaguaro) av Tikal\" width=\"1280\" height=\"853\"><\/source><\/source><\/picture><\/figure>\n<\/p><\/div>\n<p>I klassiske tider perfeksjonerte mayaene jordbruk, som ble mer produktivt, og utviklet handelen med andre mesoamerikanske folk. Etter en kort periode med nedgang rundt 600 -tallet, kom sivilisasjonen tilbake til prakt, og ved siden av Tikal ble det opprettet nye byer, inkludert blant annet <strong>Palenque<\/strong> i Chiapas (Mexico), <strong>Chich\u00e9n Itz\u00e1<\/strong> i Yucatan (Mexico) e <strong>Cop\u00e1n<\/strong> I Honduras. Maya -byer var uavhengige av hverandre og ble aldri konstituert<strong> et imperium<\/strong> Eller et enhetlig rike, i motsetning til andre f\u00f8rkolumbiske folk som aztekerne og Inca, som i stedet klarte \u00e5 strukturere sine riker i henhold til disse politiske modellene. I byen, den <strong>Makt ble varetektsfengslet av en suveren<\/strong>betraktet som et guddommelig vesen og f\u00f8lgelig utstyrt med en nesten absolutt autoritet.<\/p>\n<h2>Maya -folkets tilbakegang: Den spanske erobringen<\/h2>\n<p>Nedgangen i Maya begynte rundt 900 -tallet e.Kr. <strong>\u00c5rsakene er ikke klare<\/strong> Og l\u00e6rde har gjort flere forklaringer: overdreven <strong>Utnyttelse av naturressurser<\/strong>som ville ha for\u00e5rsaket en &laquo;\u00f8kologisk kollaps&raquo;; <strong>Sosiopolitiske faktorer<\/strong>som styrking av oligarkier p\u00e5 bekostning av monarkens autoritet; <strong>invasjoner<\/strong> av folk i det sentrale Mexico. Det som er sikkert er at fra 900 -tallet forlot mayaene en del av territoriet de bodde i: p\u00e5 1500 -tallet, da <strong>Spansk<\/strong>De led erobring uten \u00e5 kunne motsette seg betydelig motstand. Den siste uavhengige byen, <strong>Itza Tayasal<\/strong>ble erobret i 1697.<\/p>\n<div class=\"cp_wrapper cp_wrapper--fw mb-50\">\n<figure class=\"mm\"><picture class=\"img\" style=\"padding-top:216.75%\"><source  media=\"(min-width: 1024px)\"><source  media=\"(min-width: 768px)\"><img decoding=\"async\" loading=\"lazy\" src=\"https:\/\/nordnesrepublikken.no\/wp-content\/uploads\/2025\/09\/1756748971_469_Hvem-de-virkelig-var-folkens-historie-og-aktuelle-forhold.jpg\" alt=\"Maya-kode fra det 11-12 \u00e5rhundre\" width=\"800\" height=\"1734\" class=\"js-seedtag-img\"><\/source><\/source><\/picture><\/figure>\n<\/p><\/div>\n<h2><strong>Mayaens kultur: Astronomi, matematikk, sport, religion<\/strong><\/h2>\n<p>Mayaene utstyrte seg med <strong>En veldig raffinert kultur<\/strong>som blomstret fremfor alt i klassisk tidsalder. F\u00f8rst av alt var de im\u00f8tekommende observat\u00f8rer av himmelen og for \u00e5 m\u00e5le tid de utviklet en <strong>365 dagers kalender<\/strong>. I tillegg til \u00e5 telle \u00e5rene, st\u00f8ttet de teorien om <strong>Cycles of Civilization:<\/strong> Syklusen som var i gang under maksimal blomstring av mayaene hadde begynt i <strong>3114 f.Kr.<\/strong>. og <strong>21. desember 2012<\/strong> (Dato der, som vi husker, noen mennesker virkelig fryktet &laquo;verdens ende&raquo;). Mayaene utmerket seg ogs\u00e5 i <strong>matematikk<\/strong> Og de utviklet et vigesimalt beregningssystem, de var ogs\u00e5 gode arkitekter, artister og musikere.<\/p>\n<p>Som andre pre -kolumbianske folk, utviklet mayaene noen <strong>Rekreasjonssportaktiviteter<\/strong>inkludert et spill med ballen som sannsynligvis var lik, i det minste i noen henseender, til <strong>Basketball<\/strong> (Men de eksakte reglene er ikke kjent). Fra religionens synspunkt var de det <strong>Polyteister<\/strong>: Kulten ble administrert av spesielle prester og ogs\u00e5 gitt <strong>menneskelige ofre<\/strong>.<\/p>\n<\/p><\/div>\n","protected":false},"excerpt":{"rendered":"<p>Mayaene er en av Precolombianske mesoamerikanske folkf\u00f8dt mellom tredje og 900 -tallet e.Kr. og fremdeles<\/p>\n","protected":false},"author":1,"featured_media":9027,"comment_status":"closed","ping_status":"open","sticky":false,"template":"","format":"standard","meta":{"footnotes":""},"categories":[104],"tags":[5926,5925,3266,331,99,100,227],"class_list":["post-9026","post","type-post","status-publish","format-standard","has-post-thumbnail","hentry","category-samfunn","tag-aktuelle","tag-folkens","tag-forhold","tag-historie","tag-hvem","tag-var","tag-virkelig","generate-columns","tablet-grid-50","mobile-grid-100","grid-parent","grid-33","resize-featured-image"],"yoast_head":"<!-- This site is optimized with the Yoast SEO plugin v24.4 - https:\/\/yoast.com\/wordpress\/plugins\/seo\/ -->\n<title>Hvem de virkelig var, folkens historie og aktuelle forhold - Nordnesrepublikken<\/title>\n<meta name=\"robots\" content=\"index, follow, max-snippet:-1, max-image-preview:large, max-video-preview:-1\" \/>\n<link rel=\"canonical\" href=\"https:\/\/nordnesrepublikken.no\/index.php\/2025\/09\/01\/hvem-de-virkelig-var-folkens-historie-og-aktuelle-forhold\/\" \/>\n<meta property=\"og:locale\" content=\"nb_NO\" \/>\n<meta property=\"og:type\" content=\"article\" \/>\n<meta property=\"og:title\" content=\"Hvem de virkelig var, folkens historie og aktuelle forhold - Nordnesrepublikken\" \/>\n<meta property=\"og:description\" content=\"Mayaene er en av Precolombianske mesoamerikanske folkf\u00f8dt mellom tredje og 900 -tallet e.Kr. og fremdeles\" \/>\n<meta property=\"og:url\" content=\"https:\/\/nordnesrepublikken.no\/index.php\/2025\/09\/01\/hvem-de-virkelig-var-folkens-historie-og-aktuelle-forhold\/\" \/>\n<meta property=\"og:site_name\" content=\"Nordnesrepublikken\" \/>\n<meta property=\"article:published_time\" content=\"2025-09-01T17:49:31+00:00\" \/>\n<meta property=\"article:modified_time\" content=\"2025-09-01T17:49:33+00:00\" \/>\n<meta property=\"og:image\" content=\"https:\/\/nordnesrepublikken.no\/wp-content\/uploads\/2025\/09\/Hvem-de-virkelig-var-folkens-historie-og-aktuelle-forhold.jpg\" \/>\n\t<meta property=\"og:image:width\" content=\"1920\" \/>\n\t<meta property=\"og:image:height\" content=\"1080\" \/>\n\t<meta property=\"og:image:type\" content=\"image\/jpeg\" \/>\n<meta name=\"author\" content=\"Ole Andersen\" \/>\n<meta name=\"twitter:card\" content=\"summary_large_image\" \/>\n<meta name=\"twitter:label1\" content=\"Skrevet av\" \/>\n\t<meta name=\"twitter:data1\" content=\"Ole Andersen\" \/>\n\t<meta name=\"twitter:label2\" content=\"Ansl. lesetid\" \/>\n\t<meta name=\"twitter:data2\" content=\"4 minutter\" \/>\n<script type=\"application\/ld+json\" class=\"yoast-schema-graph\">{\"@context\":\"https:\/\/schema.org\",\"@graph\":[{\"@type\":\"Article\",\"@id\":\"https:\/\/nordnesrepublikken.no\/index.php\/2025\/09\/01\/hvem-de-virkelig-var-folkens-historie-og-aktuelle-forhold\/#article\",\"isPartOf\":{\"@id\":\"https:\/\/nordnesrepublikken.no\/index.php\/2025\/09\/01\/hvem-de-virkelig-var-folkens-historie-og-aktuelle-forhold\/\"},\"author\":{\"name\":\"Ole Andersen\",\"@id\":\"https:\/\/nordnesrepublikken.no\/#\/schema\/person\/2e7e81935bab77882fffb79296240ff1\"},\"headline\":\"Hvem de virkelig var, folkens historie og aktuelle forhold\",\"datePublished\":\"2025-09-01T17:49:31+00:00\",\"dateModified\":\"2025-09-01T17:49:33+00:00\",\"mainEntityOfPage\":{\"@id\":\"https:\/\/nordnesrepublikken.no\/index.php\/2025\/09\/01\/hvem-de-virkelig-var-folkens-historie-og-aktuelle-forhold\/\"},\"wordCount\":832,\"publisher\":{\"@id\":\"https:\/\/nordnesrepublikken.no\/#organization\"},\"image\":{\"@id\":\"https:\/\/nordnesrepublikken.no\/index.php\/2025\/09\/01\/hvem-de-virkelig-var-folkens-historie-og-aktuelle-forhold\/#primaryimage\"},\"thumbnailUrl\":\"https:\/\/nordnesrepublikken.no\/wp-content\/uploads\/2025\/09\/Hvem-de-virkelig-var-folkens-historie-og-aktuelle-forhold.jpg\",\"keywords\":[\"aktuelle\",\"folkens\",\"forhold\",\"historie\",\"Hvem\",\"var\",\"virkelig\"],\"articleSection\":[\"Samfunn\"],\"inLanguage\":\"nb-NO\"},{\"@type\":\"WebPage\",\"@id\":\"https:\/\/nordnesrepublikken.no\/index.php\/2025\/09\/01\/hvem-de-virkelig-var-folkens-historie-og-aktuelle-forhold\/\",\"url\":\"https:\/\/nordnesrepublikken.no\/index.php\/2025\/09\/01\/hvem-de-virkelig-var-folkens-historie-og-aktuelle-forhold\/\",\"name\":\"Hvem de virkelig var, folkens historie og aktuelle forhold - Nordnesrepublikken\",\"isPartOf\":{\"@id\":\"https:\/\/nordnesrepublikken.no\/#website\"},\"primaryImageOfPage\":{\"@id\":\"https:\/\/nordnesrepublikken.no\/index.php\/2025\/09\/01\/hvem-de-virkelig-var-folkens-historie-og-aktuelle-forhold\/#primaryimage\"},\"image\":{\"@id\":\"https:\/\/nordnesrepublikken.no\/index.php\/2025\/09\/01\/hvem-de-virkelig-var-folkens-historie-og-aktuelle-forhold\/#primaryimage\"},\"thumbnailUrl\":\"https:\/\/nordnesrepublikken.no\/wp-content\/uploads\/2025\/09\/Hvem-de-virkelig-var-folkens-historie-og-aktuelle-forhold.jpg\",\"datePublished\":\"2025-09-01T17:49:31+00:00\",\"dateModified\":\"2025-09-01T17:49:33+00:00\",\"breadcrumb\":{\"@id\":\"https:\/\/nordnesrepublikken.no\/index.php\/2025\/09\/01\/hvem-de-virkelig-var-folkens-historie-og-aktuelle-forhold\/#breadcrumb\"},\"inLanguage\":\"nb-NO\",\"potentialAction\":[{\"@type\":\"ReadAction\",\"target\":[\"https:\/\/nordnesrepublikken.no\/index.php\/2025\/09\/01\/hvem-de-virkelig-var-folkens-historie-og-aktuelle-forhold\/\"]}]},{\"@type\":\"ImageObject\",\"inLanguage\":\"nb-NO\",\"@id\":\"https:\/\/nordnesrepublikken.no\/index.php\/2025\/09\/01\/hvem-de-virkelig-var-folkens-historie-og-aktuelle-forhold\/#primaryimage\",\"url\":\"https:\/\/nordnesrepublikken.no\/wp-content\/uploads\/2025\/09\/Hvem-de-virkelig-var-folkens-historie-og-aktuelle-forhold.jpg\",\"contentUrl\":\"https:\/\/nordnesrepublikken.no\/wp-content\/uploads\/2025\/09\/Hvem-de-virkelig-var-folkens-historie-og-aktuelle-forhold.jpg\",\"width\":1920,\"height\":1080,\"caption\":\"Maya\"},{\"@type\":\"BreadcrumbList\",\"@id\":\"https:\/\/nordnesrepublikken.no\/index.php\/2025\/09\/01\/hvem-de-virkelig-var-folkens-historie-og-aktuelle-forhold\/#breadcrumb\",\"itemListElement\":[{\"@type\":\"ListItem\",\"position\":1,\"name\":\"Home\",\"item\":\"https:\/\/nordnesrepublikken.no\/\"},{\"@type\":\"ListItem\",\"position\":2,\"name\":\"Hvem de virkelig var, folkens historie og aktuelle forhold\"}]},{\"@type\":\"WebSite\",\"@id\":\"https:\/\/nordnesrepublikken.no\/#website\",\"url\":\"https:\/\/nordnesrepublikken.no\/\",\"name\":\"Nordnesrepublikken\",\"description\":\"Stemmer og Visjoner fra Republikkens Hjerte\",\"publisher\":{\"@id\":\"https:\/\/nordnesrepublikken.no\/#organization\"},\"potentialAction\":[{\"@type\":\"SearchAction\",\"target\":{\"@type\":\"EntryPoint\",\"urlTemplate\":\"https:\/\/nordnesrepublikken.no\/?s={search_term_string}\"},\"query-input\":{\"@type\":\"PropertyValueSpecification\",\"valueRequired\":true,\"valueName\":\"search_term_string\"}}],\"inLanguage\":\"nb-NO\"},{\"@type\":\"Organization\",\"@id\":\"https:\/\/nordnesrepublikken.no\/#organization\",\"name\":\"Nordnesrepublikken\",\"url\":\"https:\/\/nordnesrepublikken.no\/\",\"logo\":{\"@type\":\"ImageObject\",\"inLanguage\":\"nb-NO\",\"@id\":\"https:\/\/nordnesrepublikken.no\/#\/schema\/logo\/image\/\",\"url\":\"https:\/\/nordnesrepublikken.no\/wp-content\/uploads\/2025\/02\/cropped-nordnesrepublikken-2.png\",\"contentUrl\":\"https:\/\/nordnesrepublikken.no\/wp-content\/uploads\/2025\/02\/cropped-nordnesrepublikken-2.png\",\"width\":1248,\"height\":362,\"caption\":\"Nordnesrepublikken\"},\"image\":{\"@id\":\"https:\/\/nordnesrepublikken.no\/#\/schema\/logo\/image\/\"}},{\"@type\":\"Person\",\"@id\":\"https:\/\/nordnesrepublikken.no\/#\/schema\/person\/2e7e81935bab77882fffb79296240ff1\",\"name\":\"Ole Andersen\",\"image\":{\"@type\":\"ImageObject\",\"inLanguage\":\"nb-NO\",\"@id\":\"https:\/\/nordnesrepublikken.no\/#\/schema\/person\/image\/\",\"url\":\"https:\/\/nordnesrepublikken.no\/wp-content\/uploads\/2025\/02\/nordnesrepublikken-2-2-150x150.jpg\",\"contentUrl\":\"https:\/\/nordnesrepublikken.no\/wp-content\/uploads\/2025\/02\/nordnesrepublikken-2-2-150x150.jpg\",\"caption\":\"Ole Andersen\"},\"description\":\"Ettersom jeg vokste opp i Oslo, har jeg alltid v\u00e6rt fascinert av ordenes kraft og deres evne til \u00e5 skape endringer. Etter \u00e5 ha fullf\u00f8rt min utdannelse i kommunikasjon ved Universitetet i Bergen, fikk jeg muligheten til \u00e5 jobbe innen ulike medier, der jeg har s\u00f8kt \u00e5 belyse viktige samfunnssp\u00f8rsm\u00e5l. I dag, som redakt\u00f8r for Nordnesrepublikken, pr\u00f8ver jeg \u00e5 forene min kj\u00e6rlighet for journalistikk med min lidenskap for innovasjon og eventyr.\",\"sameAs\":[\"https:\/\/nordnesrepublikken.no\/\"]}]}<\/script>\n<!-- \/ Yoast SEO plugin. -->","yoast_head_json":{"title":"Hvem de virkelig var, folkens historie og aktuelle forhold - Nordnesrepublikken","robots":{"index":"index","follow":"follow","max-snippet":"max-snippet:-1","max-image-preview":"max-image-preview:large","max-video-preview":"max-video-preview:-1"},"canonical":"https:\/\/nordnesrepublikken.no\/index.php\/2025\/09\/01\/hvem-de-virkelig-var-folkens-historie-og-aktuelle-forhold\/","og_locale":"nb_NO","og_type":"article","og_title":"Hvem de virkelig var, folkens historie og aktuelle forhold - Nordnesrepublikken","og_description":"Mayaene er en av Precolombianske mesoamerikanske folkf\u00f8dt mellom tredje og 900 -tallet e.Kr. og fremdeles","og_url":"https:\/\/nordnesrepublikken.no\/index.php\/2025\/09\/01\/hvem-de-virkelig-var-folkens-historie-og-aktuelle-forhold\/","og_site_name":"Nordnesrepublikken","article_published_time":"2025-09-01T17:49:31+00:00","article_modified_time":"2025-09-01T17:49:33+00:00","og_image":[{"width":1920,"height":1080,"url":"https:\/\/nordnesrepublikken.no\/wp-content\/uploads\/2025\/09\/Hvem-de-virkelig-var-folkens-historie-og-aktuelle-forhold.jpg","type":"image\/jpeg"}],"author":"Ole Andersen","twitter_card":"summary_large_image","twitter_misc":{"Skrevet av":"Ole Andersen","Ansl. lesetid":"4 minutter"},"schema":{"@context":"https:\/\/schema.org","@graph":[{"@type":"Article","@id":"https:\/\/nordnesrepublikken.no\/index.php\/2025\/09\/01\/hvem-de-virkelig-var-folkens-historie-og-aktuelle-forhold\/#article","isPartOf":{"@id":"https:\/\/nordnesrepublikken.no\/index.php\/2025\/09\/01\/hvem-de-virkelig-var-folkens-historie-og-aktuelle-forhold\/"},"author":{"name":"Ole Andersen","@id":"https:\/\/nordnesrepublikken.no\/#\/schema\/person\/2e7e81935bab77882fffb79296240ff1"},"headline":"Hvem de virkelig var, folkens historie og aktuelle forhold","datePublished":"2025-09-01T17:49:31+00:00","dateModified":"2025-09-01T17:49:33+00:00","mainEntityOfPage":{"@id":"https:\/\/nordnesrepublikken.no\/index.php\/2025\/09\/01\/hvem-de-virkelig-var-folkens-historie-og-aktuelle-forhold\/"},"wordCount":832,"publisher":{"@id":"https:\/\/nordnesrepublikken.no\/#organization"},"image":{"@id":"https:\/\/nordnesrepublikken.no\/index.php\/2025\/09\/01\/hvem-de-virkelig-var-folkens-historie-og-aktuelle-forhold\/#primaryimage"},"thumbnailUrl":"https:\/\/nordnesrepublikken.no\/wp-content\/uploads\/2025\/09\/Hvem-de-virkelig-var-folkens-historie-og-aktuelle-forhold.jpg","keywords":["aktuelle","folkens","forhold","historie","Hvem","var","virkelig"],"articleSection":["Samfunn"],"inLanguage":"nb-NO"},{"@type":"WebPage","@id":"https:\/\/nordnesrepublikken.no\/index.php\/2025\/09\/01\/hvem-de-virkelig-var-folkens-historie-og-aktuelle-forhold\/","url":"https:\/\/nordnesrepublikken.no\/index.php\/2025\/09\/01\/hvem-de-virkelig-var-folkens-historie-og-aktuelle-forhold\/","name":"Hvem de virkelig var, folkens historie og aktuelle forhold - Nordnesrepublikken","isPartOf":{"@id":"https:\/\/nordnesrepublikken.no\/#website"},"primaryImageOfPage":{"@id":"https:\/\/nordnesrepublikken.no\/index.php\/2025\/09\/01\/hvem-de-virkelig-var-folkens-historie-og-aktuelle-forhold\/#primaryimage"},"image":{"@id":"https:\/\/nordnesrepublikken.no\/index.php\/2025\/09\/01\/hvem-de-virkelig-var-folkens-historie-og-aktuelle-forhold\/#primaryimage"},"thumbnailUrl":"https:\/\/nordnesrepublikken.no\/wp-content\/uploads\/2025\/09\/Hvem-de-virkelig-var-folkens-historie-og-aktuelle-forhold.jpg","datePublished":"2025-09-01T17:49:31+00:00","dateModified":"2025-09-01T17:49:33+00:00","breadcrumb":{"@id":"https:\/\/nordnesrepublikken.no\/index.php\/2025\/09\/01\/hvem-de-virkelig-var-folkens-historie-og-aktuelle-forhold\/#breadcrumb"},"inLanguage":"nb-NO","potentialAction":[{"@type":"ReadAction","target":["https:\/\/nordnesrepublikken.no\/index.php\/2025\/09\/01\/hvem-de-virkelig-var-folkens-historie-og-aktuelle-forhold\/"]}]},{"@type":"ImageObject","inLanguage":"nb-NO","@id":"https:\/\/nordnesrepublikken.no\/index.php\/2025\/09\/01\/hvem-de-virkelig-var-folkens-historie-og-aktuelle-forhold\/#primaryimage","url":"https:\/\/nordnesrepublikken.no\/wp-content\/uploads\/2025\/09\/Hvem-de-virkelig-var-folkens-historie-og-aktuelle-forhold.jpg","contentUrl":"https:\/\/nordnesrepublikken.no\/wp-content\/uploads\/2025\/09\/Hvem-de-virkelig-var-folkens-historie-og-aktuelle-forhold.jpg","width":1920,"height":1080,"caption":"Maya"},{"@type":"BreadcrumbList","@id":"https:\/\/nordnesrepublikken.no\/index.php\/2025\/09\/01\/hvem-de-virkelig-var-folkens-historie-og-aktuelle-forhold\/#breadcrumb","itemListElement":[{"@type":"ListItem","position":1,"name":"Home","item":"https:\/\/nordnesrepublikken.no\/"},{"@type":"ListItem","position":2,"name":"Hvem de virkelig var, folkens historie og aktuelle forhold"}]},{"@type":"WebSite","@id":"https:\/\/nordnesrepublikken.no\/#website","url":"https:\/\/nordnesrepublikken.no\/","name":"Nordnesrepublikken","description":"Stemmer og Visjoner fra Republikkens Hjerte","publisher":{"@id":"https:\/\/nordnesrepublikken.no\/#organization"},"potentialAction":[{"@type":"SearchAction","target":{"@type":"EntryPoint","urlTemplate":"https:\/\/nordnesrepublikken.no\/?s={search_term_string}"},"query-input":{"@type":"PropertyValueSpecification","valueRequired":true,"valueName":"search_term_string"}}],"inLanguage":"nb-NO"},{"@type":"Organization","@id":"https:\/\/nordnesrepublikken.no\/#organization","name":"Nordnesrepublikken","url":"https:\/\/nordnesrepublikken.no\/","logo":{"@type":"ImageObject","inLanguage":"nb-NO","@id":"https:\/\/nordnesrepublikken.no\/#\/schema\/logo\/image\/","url":"https:\/\/nordnesrepublikken.no\/wp-content\/uploads\/2025\/02\/cropped-nordnesrepublikken-2.png","contentUrl":"https:\/\/nordnesrepublikken.no\/wp-content\/uploads\/2025\/02\/cropped-nordnesrepublikken-2.png","width":1248,"height":362,"caption":"Nordnesrepublikken"},"image":{"@id":"https:\/\/nordnesrepublikken.no\/#\/schema\/logo\/image\/"}},{"@type":"Person","@id":"https:\/\/nordnesrepublikken.no\/#\/schema\/person\/2e7e81935bab77882fffb79296240ff1","name":"Ole Andersen","image":{"@type":"ImageObject","inLanguage":"nb-NO","@id":"https:\/\/nordnesrepublikken.no\/#\/schema\/person\/image\/","url":"https:\/\/nordnesrepublikken.no\/wp-content\/uploads\/2025\/02\/nordnesrepublikken-2-2-150x150.jpg","contentUrl":"https:\/\/nordnesrepublikken.no\/wp-content\/uploads\/2025\/02\/nordnesrepublikken-2-2-150x150.jpg","caption":"Ole Andersen"},"description":"Ettersom jeg vokste opp i Oslo, har jeg alltid v\u00e6rt fascinert av ordenes kraft og deres evne til \u00e5 skape endringer. Etter \u00e5 ha fullf\u00f8rt min utdannelse i kommunikasjon ved Universitetet i Bergen, fikk jeg muligheten til \u00e5 jobbe innen ulike medier, der jeg har s\u00f8kt \u00e5 belyse viktige samfunnssp\u00f8rsm\u00e5l. I dag, som redakt\u00f8r for Nordnesrepublikken, pr\u00f8ver jeg \u00e5 forene min kj\u00e6rlighet for journalistikk med min lidenskap for innovasjon og eventyr.","sameAs":["https:\/\/nordnesrepublikken.no\/"]}]}},"_links":{"self":[{"href":"https:\/\/nordnesrepublikken.no\/index.php\/wp-json\/wp\/v2\/posts\/9026","targetHints":{"allow":["GET"]}}],"collection":[{"href":"https:\/\/nordnesrepublikken.no\/index.php\/wp-json\/wp\/v2\/posts"}],"about":[{"href":"https:\/\/nordnesrepublikken.no\/index.php\/wp-json\/wp\/v2\/types\/post"}],"author":[{"embeddable":true,"href":"https:\/\/nordnesrepublikken.no\/index.php\/wp-json\/wp\/v2\/users\/1"}],"replies":[{"embeddable":true,"href":"https:\/\/nordnesrepublikken.no\/index.php\/wp-json\/wp\/v2\/comments?post=9026"}],"version-history":[{"count":1,"href":"https:\/\/nordnesrepublikken.no\/index.php\/wp-json\/wp\/v2\/posts\/9026\/revisions"}],"predecessor-version":[{"id":9028,"href":"https:\/\/nordnesrepublikken.no\/index.php\/wp-json\/wp\/v2\/posts\/9026\/revisions\/9028"}],"wp:featuredmedia":[{"embeddable":true,"href":"https:\/\/nordnesrepublikken.no\/index.php\/wp-json\/wp\/v2\/media\/9027"}],"wp:attachment":[{"href":"https:\/\/nordnesrepublikken.no\/index.php\/wp-json\/wp\/v2\/media?parent=9026"}],"wp:term":[{"taxonomy":"category","embeddable":true,"href":"https:\/\/nordnesrepublikken.no\/index.php\/wp-json\/wp\/v2\/categories?post=9026"},{"taxonomy":"post_tag","embeddable":true,"href":"https:\/\/nordnesrepublikken.no\/index.php\/wp-json\/wp\/v2\/tags?post=9026"}],"curies":[{"name":"wp","href":"https:\/\/api.w.org\/{rel}","templated":true}]}}