{"id":9023,"date":"2025-09-01T18:49:42","date_gmt":"2025-09-01T16:49:42","guid":{"rendered":"https:\/\/nordnesrepublikken.no\/index.php\/2025\/09\/01\/operasjon-return-spanias-fartsfeller-du-vil-lofte-av-for\/"},"modified":"2025-09-01T18:49:44","modified_gmt":"2025-09-01T16:49:44","slug":"operasjon-return-spanias-fartsfeller-du-vil-lofte-av-for","status":"publish","type":"post","link":"https:\/\/nordnesrepublikken.no\/index.php\/2025\/09\/01\/operasjon-return-spanias-fartsfeller-du-vil-lofte-av-for\/","title":{"rendered":"Operasjon &#8216;Return&#8217;: Spanias fartsfeller du vil l\u00f8fte av for"},"content":{"rendered":"<p><\/p>\n<div class=\"wordpress-content\">\n                    <!-- Article Start --><\/p>\n<p><strong>Ferie over, bilpakket, l\u00f8rnav sett &#8230; og en skog med kameraer som venter p\u00e5 vei hjem. Spanias slutt p\u00e5 sommeren Operaci\u00f3n Retorno betyr alltid tyngre trafikk-og g\u00e5r etter de siste tallene fra Motorists &#8216;Group AEA, en st\u00f8tfangeravling av billetter.<\/strong><\/p>\n<p>Hastigheten utgj\u00f8r n\u00e5 omtrent to i tre DGT -b\u00f8ter, med 3.440.655 straffer som ble utstedt i 2024 &#8211; opp 4 prosent i fjor. Arnestedet? Andaluc\u00eda, med 959 592 varsler, nesten 28 prosent av den nasjonale totalen.<\/p>\n<h2>Spanias verste fartsfeller i 2024<\/h2>\n<p>La oss v\u00e6re sl\u00f8v: en h\u00e5ndfull enheter gj\u00f8r en stor mengde arbeid. I Madrid er M-40 p\u00e5 PK 20 fremdeles landets st\u00f8rste billettforfatter-74.873 b\u00f8ter i 2024, selv etter et fall p\u00e5 36 prosent. M\u00e1lagas kystarterie er like utilgivende: A-7 PK 968 klokket 67.502 sj\u00e5f\u00f8rer, mens Navarras A-15 PK 127 n\u00e5dde 60.878. Nede i C\u00e1diz hoppet A-381 PK 74 til 54.835, og M\u00e1lagas A-45 PK 128 traff 49.378.<\/p>\n<div class=\"sra_unit\"><link rel=\"stylesheet\" id=\"block-sra\" href=\"https:\/\/euroweeklynews.com\/wp-content\/plugins\/snack-related-articles\/dist\/css\/snack-related.min.css?250312-193541\" type=\"text\/css\" media=\"all\">\n<\/div>\n<p>Det er noen \u00f8ye\u00e5pnere ogs\u00e5. Ja\u00e9ns A-4 PK 245 gikk fra to b\u00f8ter i 2023 til 24.189 p\u00e5 et \u00e5r. MA-20 PK 10 (M\u00e1laga) tredoblet seg nesten til 33.061. \u00d8yene er heller ikke en trygg havn: Balearics EI-600 PK 9 logget 39.202, mens Lanzarotes LZ-67 PK 20 racket opp 25.375.<\/p>\n<p>Hvis du tr\u00e5kker hovedstaden, m\u00e5 du merke M-40 PK 52 (33.057) og A-4 PK 13 (18.263). I \u00f8st postet Alicantes A-70 PK 8 18.196. Nord, A-66 PK 35 (Asturias) biter fremdeles, og Castilla Y Le\u00f3ns A-1 PK 234 hoppet til 26.617.<\/p>\n<p>Kortversjon: Forvent travle kameraer p\u00e5 Madrids ringveier, M\u00e1laga-korridoren (A-7\/A-45\/MA-20), Navarras A-15, C\u00e1dizs A-381, strekk av A-4, og turisttunge ruter i Balearics og -ariene.<\/p>\n<h2>Hvorfor disse stedene fanger s\u00e5 mange sj\u00e5f\u00f8rer<\/h2>\n<p>Det er ikke bare en tung h\u00f8yre fot. Mange av topphastighetskameraene sitter der grensene dypper &#8211; n\u00e6rmer seg veikryss, tunneler, bane sammensl\u00e5ing og urbane frynser &#8211; eller p\u00e5 lange, rette seksjoner der hastigheten rolig kryper opp. Bland inn ferietrafikk, baneendring og bremsing i siste sekund, og du har den perfekte oppskriften p\u00e5 et blunk.<\/p>\n<p>Andaluc\u00edas dominans er ikke noe mysterium: ren kj\u00f8relengde, travle kyst-til-kyst-turismeruter og overbelastning \u00e5ret rundt. Madrids M-40\/M-50-ring trakter ogs\u00e5 enorme str\u00f8mmer, s\u00e5 et lite bortfall blir en fin rask.<\/p>\n<h2>Hvordan unng\u00e5 en billett p\u00e5 kj\u00f8returen hjem<\/h2>\n<p>Du trenger ikke en grad i veisloven; Du trenger bare en plan.<\/p>\n<p>Lett av tidlig. N\u00e5r du ser en grense faller foran, l\u00f8fter du av gassen raskere enn du tror &#8211; Gentle -retardasjon holder deg under antallet uten \u00e5 stampe p\u00e5 bremsene.<\/p>\n<p>Bruk teknologien du har. Hastighetsbegrensning eller cruisekontroll p\u00e5 lange motorvei -strekk fungerer underverker. Sett varsler i sanntid i NAV og se PK-mark\u00f8rene slik at du vet n\u00e5r et beryktet kamera kommer opp.<\/p>\n<p>Husk \u201cklempoengene.\u201d Kryss p\u00e5 A-7 rundt M\u00e1laga, M-40 i Madrid, A-15 i Navarra og A-381 i C\u00e1diz er klassiske steder for plutselige dr\u00e5per.<\/p>\n<p>Ta en pust i bakken. Hvis du treffer en av de kjente korridorene p\u00e5 topptid, kan et kaffestopp v\u00e6re forskjellen mellom en ren lisens og en poengklipp.<\/p>\n<p>Spania kj\u00f8rer mer enn tusen trinnskameraer, men en relativt liten gruppe enheter utstedt over 1,15 millioner b\u00f8ter i fjor. Hvis du husker de vanlige mistenkte og kj\u00f8rer til de utsendte grensene, vil du seile gjennom <em>Operaci\u00f3n Retorno<\/em> uten en u\u00f8nsket suvenir.<\/p>\n<p>                    <!-- This article has been originally published at https:\/\/euroweeklynews.com\/2025\/08\/31\/operation-return-spains-speed-traps-youll-want-to-lift-off-for\/ on 31 Aug 2025 at 12:36 by Farah Mokrani --><br \/>\n                    <!-- Article End -->\n                <\/div>\n","protected":false},"excerpt":{"rendered":"<p>Ferie over, bilpakket, l\u00f8rnav sett &#8230; og en skog med kameraer som venter p\u00e5 vei<\/p>\n","protected":false},"author":1,"featured_media":9024,"comment_status":"closed","ping_status":"open","sticky":false,"template":"","format":"standard","meta":{"footnotes":""},"categories":[105],"tags":[5924,2346,5923,1282,1892,149],"class_list":["post-9023","post","type-post","status-publish","format-standard","has-post-thumbnail","hentry","category-livsstil","tag-fartsfeller","tag-lofte","tag-operasjon","tag-return","tag-spanias","tag-vil","generate-columns","tablet-grid-50","mobile-grid-100","grid-parent","grid-33","resize-featured-image"],"yoast_head":"<!-- This site is optimized with the Yoast SEO plugin v24.4 - https:\/\/yoast.com\/wordpress\/plugins\/seo\/ -->\n<title>Operasjon &#039;Return&#039;: Spanias fartsfeller du vil l\u00f8fte av for - Nordnesrepublikken<\/title>\n<meta name=\"robots\" content=\"index, follow, max-snippet:-1, max-image-preview:large, max-video-preview:-1\" \/>\n<link rel=\"canonical\" href=\"https:\/\/nordnesrepublikken.no\/index.php\/2025\/09\/01\/operasjon-return-spanias-fartsfeller-du-vil-lofte-av-for\/\" \/>\n<meta property=\"og:locale\" content=\"nb_NO\" \/>\n<meta property=\"og:type\" content=\"article\" \/>\n<meta property=\"og:title\" content=\"Operasjon &#039;Return&#039;: Spanias fartsfeller du vil l\u00f8fte av for - Nordnesrepublikken\" \/>\n<meta property=\"og:description\" content=\"Ferie over, bilpakket, l\u00f8rnav sett &#8230; og en skog med kameraer som venter p\u00e5 vei\" \/>\n<meta property=\"og:url\" content=\"https:\/\/nordnesrepublikken.no\/index.php\/2025\/09\/01\/operasjon-return-spanias-fartsfeller-du-vil-lofte-av-for\/\" \/>\n<meta property=\"og:site_name\" content=\"Nordnesrepublikken\" \/>\n<meta property=\"article:published_time\" content=\"2025-09-01T16:49:42+00:00\" \/>\n<meta property=\"article:modified_time\" content=\"2025-09-01T16:49:44+00:00\" \/>\n<meta property=\"og:image\" content=\"https:\/\/nordnesrepublikken.no\/wp-content\/uploads\/2025\/09\/1756745382_Operasjon-Return-Spanias-fartsfeller-du-vil-lofte-av-for.jpg\" \/>\n\t<meta property=\"og:image:width\" content=\"1200\" \/>\n\t<meta property=\"og:image:height\" content=\"800\" \/>\n\t<meta property=\"og:image:type\" content=\"image\/jpeg\" \/>\n<meta name=\"author\" content=\"Ole Andersen\" \/>\n<meta name=\"twitter:card\" content=\"summary_large_image\" \/>\n<meta name=\"twitter:label1\" content=\"Skrevet av\" \/>\n\t<meta name=\"twitter:data1\" content=\"Ole Andersen\" \/>\n\t<meta name=\"twitter:label2\" content=\"Ansl. lesetid\" \/>\n\t<meta name=\"twitter:data2\" content=\"3 minutter\" \/>\n<script type=\"application\/ld+json\" class=\"yoast-schema-graph\">{\"@context\":\"https:\/\/schema.org\",\"@graph\":[{\"@type\":\"Article\",\"@id\":\"https:\/\/nordnesrepublikken.no\/index.php\/2025\/09\/01\/operasjon-return-spanias-fartsfeller-du-vil-lofte-av-for\/#article\",\"isPartOf\":{\"@id\":\"https:\/\/nordnesrepublikken.no\/index.php\/2025\/09\/01\/operasjon-return-spanias-fartsfeller-du-vil-lofte-av-for\/\"},\"author\":{\"name\":\"Ole Andersen\",\"@id\":\"https:\/\/nordnesrepublikken.no\/#\/schema\/person\/2e7e81935bab77882fffb79296240ff1\"},\"headline\":\"Operasjon &#8216;Return&#8217;: Spanias fartsfeller du vil l\u00f8fte av for\",\"datePublished\":\"2025-09-01T16:49:42+00:00\",\"dateModified\":\"2025-09-01T16:49:44+00:00\",\"mainEntityOfPage\":{\"@id\":\"https:\/\/nordnesrepublikken.no\/index.php\/2025\/09\/01\/operasjon-return-spanias-fartsfeller-du-vil-lofte-av-for\/\"},\"wordCount\":546,\"publisher\":{\"@id\":\"https:\/\/nordnesrepublikken.no\/#organization\"},\"image\":{\"@id\":\"https:\/\/nordnesrepublikken.no\/index.php\/2025\/09\/01\/operasjon-return-spanias-fartsfeller-du-vil-lofte-av-for\/#primaryimage\"},\"thumbnailUrl\":\"https:\/\/nordnesrepublikken.no\/wp-content\/uploads\/2025\/09\/1756745382_Operasjon-Return-Spanias-fartsfeller-du-vil-lofte-av-for.jpg\",\"keywords\":[\"fartsfeller\",\"l\u00f8fte\",\"Operasjon\",\"Return\",\"Spanias\",\"vil\"],\"articleSection\":[\"Livsstil\"],\"inLanguage\":\"nb-NO\"},{\"@type\":\"WebPage\",\"@id\":\"https:\/\/nordnesrepublikken.no\/index.php\/2025\/09\/01\/operasjon-return-spanias-fartsfeller-du-vil-lofte-av-for\/\",\"url\":\"https:\/\/nordnesrepublikken.no\/index.php\/2025\/09\/01\/operasjon-return-spanias-fartsfeller-du-vil-lofte-av-for\/\",\"name\":\"Operasjon 'Return': Spanias fartsfeller du vil l\u00f8fte av for - Nordnesrepublikken\",\"isPartOf\":{\"@id\":\"https:\/\/nordnesrepublikken.no\/#website\"},\"primaryImageOfPage\":{\"@id\":\"https:\/\/nordnesrepublikken.no\/index.php\/2025\/09\/01\/operasjon-return-spanias-fartsfeller-du-vil-lofte-av-for\/#primaryimage\"},\"image\":{\"@id\":\"https:\/\/nordnesrepublikken.no\/index.php\/2025\/09\/01\/operasjon-return-spanias-fartsfeller-du-vil-lofte-av-for\/#primaryimage\"},\"thumbnailUrl\":\"https:\/\/nordnesrepublikken.no\/wp-content\/uploads\/2025\/09\/1756745382_Operasjon-Return-Spanias-fartsfeller-du-vil-lofte-av-for.jpg\",\"datePublished\":\"2025-09-01T16:49:42+00:00\",\"dateModified\":\"2025-09-01T16:49:44+00:00\",\"breadcrumb\":{\"@id\":\"https:\/\/nordnesrepublikken.no\/index.php\/2025\/09\/01\/operasjon-return-spanias-fartsfeller-du-vil-lofte-av-for\/#breadcrumb\"},\"inLanguage\":\"nb-NO\",\"potentialAction\":[{\"@type\":\"ReadAction\",\"target\":[\"https:\/\/nordnesrepublikken.no\/index.php\/2025\/09\/01\/operasjon-return-spanias-fartsfeller-du-vil-lofte-av-for\/\"]}]},{\"@type\":\"ImageObject\",\"inLanguage\":\"nb-NO\",\"@id\":\"https:\/\/nordnesrepublikken.no\/index.php\/2025\/09\/01\/operasjon-return-spanias-fartsfeller-du-vil-lofte-av-for\/#primaryimage\",\"url\":\"https:\/\/nordnesrepublikken.no\/wp-content\/uploads\/2025\/09\/1756745382_Operasjon-Return-Spanias-fartsfeller-du-vil-lofte-av-for.jpg\",\"contentUrl\":\"https:\/\/nordnesrepublikken.no\/wp-content\/uploads\/2025\/09\/1756745382_Operasjon-Return-Spanias-fartsfeller-du-vil-lofte-av-for.jpg\",\"width\":1200,\"height\":800,\"caption\":\"Operasjon 'Return': Spanias fartsfeller du vil l\u00f8fte av for\"},{\"@type\":\"BreadcrumbList\",\"@id\":\"https:\/\/nordnesrepublikken.no\/index.php\/2025\/09\/01\/operasjon-return-spanias-fartsfeller-du-vil-lofte-av-for\/#breadcrumb\",\"itemListElement\":[{\"@type\":\"ListItem\",\"position\":1,\"name\":\"Home\",\"item\":\"https:\/\/nordnesrepublikken.no\/\"},{\"@type\":\"ListItem\",\"position\":2,\"name\":\"Operasjon &#8216;Return&#8217;: Spanias fartsfeller du vil l\u00f8fte av for\"}]},{\"@type\":\"WebSite\",\"@id\":\"https:\/\/nordnesrepublikken.no\/#website\",\"url\":\"https:\/\/nordnesrepublikken.no\/\",\"name\":\"Nordnesrepublikken\",\"description\":\"Stemmer og Visjoner fra Republikkens Hjerte\",\"publisher\":{\"@id\":\"https:\/\/nordnesrepublikken.no\/#organization\"},\"potentialAction\":[{\"@type\":\"SearchAction\",\"target\":{\"@type\":\"EntryPoint\",\"urlTemplate\":\"https:\/\/nordnesrepublikken.no\/?s={search_term_string}\"},\"query-input\":{\"@type\":\"PropertyValueSpecification\",\"valueRequired\":true,\"valueName\":\"search_term_string\"}}],\"inLanguage\":\"nb-NO\"},{\"@type\":\"Organization\",\"@id\":\"https:\/\/nordnesrepublikken.no\/#organization\",\"name\":\"Nordnesrepublikken\",\"url\":\"https:\/\/nordnesrepublikken.no\/\",\"logo\":{\"@type\":\"ImageObject\",\"inLanguage\":\"nb-NO\",\"@id\":\"https:\/\/nordnesrepublikken.no\/#\/schema\/logo\/image\/\",\"url\":\"https:\/\/nordnesrepublikken.no\/wp-content\/uploads\/2025\/02\/cropped-nordnesrepublikken-2.png\",\"contentUrl\":\"https:\/\/nordnesrepublikken.no\/wp-content\/uploads\/2025\/02\/cropped-nordnesrepublikken-2.png\",\"width\":1248,\"height\":362,\"caption\":\"Nordnesrepublikken\"},\"image\":{\"@id\":\"https:\/\/nordnesrepublikken.no\/#\/schema\/logo\/image\/\"}},{\"@type\":\"Person\",\"@id\":\"https:\/\/nordnesrepublikken.no\/#\/schema\/person\/2e7e81935bab77882fffb79296240ff1\",\"name\":\"Ole Andersen\",\"image\":{\"@type\":\"ImageObject\",\"inLanguage\":\"nb-NO\",\"@id\":\"https:\/\/nordnesrepublikken.no\/#\/schema\/person\/image\/\",\"url\":\"https:\/\/nordnesrepublikken.no\/wp-content\/uploads\/2025\/02\/nordnesrepublikken-2-2-150x150.jpg\",\"contentUrl\":\"https:\/\/nordnesrepublikken.no\/wp-content\/uploads\/2025\/02\/nordnesrepublikken-2-2-150x150.jpg\",\"caption\":\"Ole Andersen\"},\"description\":\"Ettersom jeg vokste opp i Oslo, har jeg alltid v\u00e6rt fascinert av ordenes kraft og deres evne til \u00e5 skape endringer. Etter \u00e5 ha fullf\u00f8rt min utdannelse i kommunikasjon ved Universitetet i Bergen, fikk jeg muligheten til \u00e5 jobbe innen ulike medier, der jeg har s\u00f8kt \u00e5 belyse viktige samfunnssp\u00f8rsm\u00e5l. I dag, som redakt\u00f8r for Nordnesrepublikken, pr\u00f8ver jeg \u00e5 forene min kj\u00e6rlighet for journalistikk med min lidenskap for innovasjon og eventyr.\",\"sameAs\":[\"https:\/\/nordnesrepublikken.no\/\"]}]}<\/script>\n<!-- \/ Yoast SEO plugin. -->","yoast_head_json":{"title":"Operasjon 'Return': Spanias fartsfeller du vil l\u00f8fte av for - Nordnesrepublikken","robots":{"index":"index","follow":"follow","max-snippet":"max-snippet:-1","max-image-preview":"max-image-preview:large","max-video-preview":"max-video-preview:-1"},"canonical":"https:\/\/nordnesrepublikken.no\/index.php\/2025\/09\/01\/operasjon-return-spanias-fartsfeller-du-vil-lofte-av-for\/","og_locale":"nb_NO","og_type":"article","og_title":"Operasjon 'Return': Spanias fartsfeller du vil l\u00f8fte av for - Nordnesrepublikken","og_description":"Ferie over, bilpakket, l\u00f8rnav sett &#8230; og en skog med kameraer som venter p\u00e5 vei","og_url":"https:\/\/nordnesrepublikken.no\/index.php\/2025\/09\/01\/operasjon-return-spanias-fartsfeller-du-vil-lofte-av-for\/","og_site_name":"Nordnesrepublikken","article_published_time":"2025-09-01T16:49:42+00:00","article_modified_time":"2025-09-01T16:49:44+00:00","og_image":[{"width":1200,"height":800,"url":"https:\/\/nordnesrepublikken.no\/wp-content\/uploads\/2025\/09\/1756745382_Operasjon-Return-Spanias-fartsfeller-du-vil-lofte-av-for.jpg","type":"image\/jpeg"}],"author":"Ole Andersen","twitter_card":"summary_large_image","twitter_misc":{"Skrevet av":"Ole Andersen","Ansl. lesetid":"3 minutter"},"schema":{"@context":"https:\/\/schema.org","@graph":[{"@type":"Article","@id":"https:\/\/nordnesrepublikken.no\/index.php\/2025\/09\/01\/operasjon-return-spanias-fartsfeller-du-vil-lofte-av-for\/#article","isPartOf":{"@id":"https:\/\/nordnesrepublikken.no\/index.php\/2025\/09\/01\/operasjon-return-spanias-fartsfeller-du-vil-lofte-av-for\/"},"author":{"name":"Ole Andersen","@id":"https:\/\/nordnesrepublikken.no\/#\/schema\/person\/2e7e81935bab77882fffb79296240ff1"},"headline":"Operasjon &#8216;Return&#8217;: Spanias fartsfeller du vil l\u00f8fte av for","datePublished":"2025-09-01T16:49:42+00:00","dateModified":"2025-09-01T16:49:44+00:00","mainEntityOfPage":{"@id":"https:\/\/nordnesrepublikken.no\/index.php\/2025\/09\/01\/operasjon-return-spanias-fartsfeller-du-vil-lofte-av-for\/"},"wordCount":546,"publisher":{"@id":"https:\/\/nordnesrepublikken.no\/#organization"},"image":{"@id":"https:\/\/nordnesrepublikken.no\/index.php\/2025\/09\/01\/operasjon-return-spanias-fartsfeller-du-vil-lofte-av-for\/#primaryimage"},"thumbnailUrl":"https:\/\/nordnesrepublikken.no\/wp-content\/uploads\/2025\/09\/1756745382_Operasjon-Return-Spanias-fartsfeller-du-vil-lofte-av-for.jpg","keywords":["fartsfeller","l\u00f8fte","Operasjon","Return","Spanias","vil"],"articleSection":["Livsstil"],"inLanguage":"nb-NO"},{"@type":"WebPage","@id":"https:\/\/nordnesrepublikken.no\/index.php\/2025\/09\/01\/operasjon-return-spanias-fartsfeller-du-vil-lofte-av-for\/","url":"https:\/\/nordnesrepublikken.no\/index.php\/2025\/09\/01\/operasjon-return-spanias-fartsfeller-du-vil-lofte-av-for\/","name":"Operasjon 'Return': Spanias fartsfeller du vil l\u00f8fte av for - Nordnesrepublikken","isPartOf":{"@id":"https:\/\/nordnesrepublikken.no\/#website"},"primaryImageOfPage":{"@id":"https:\/\/nordnesrepublikken.no\/index.php\/2025\/09\/01\/operasjon-return-spanias-fartsfeller-du-vil-lofte-av-for\/#primaryimage"},"image":{"@id":"https:\/\/nordnesrepublikken.no\/index.php\/2025\/09\/01\/operasjon-return-spanias-fartsfeller-du-vil-lofte-av-for\/#primaryimage"},"thumbnailUrl":"https:\/\/nordnesrepublikken.no\/wp-content\/uploads\/2025\/09\/1756745382_Operasjon-Return-Spanias-fartsfeller-du-vil-lofte-av-for.jpg","datePublished":"2025-09-01T16:49:42+00:00","dateModified":"2025-09-01T16:49:44+00:00","breadcrumb":{"@id":"https:\/\/nordnesrepublikken.no\/index.php\/2025\/09\/01\/operasjon-return-spanias-fartsfeller-du-vil-lofte-av-for\/#breadcrumb"},"inLanguage":"nb-NO","potentialAction":[{"@type":"ReadAction","target":["https:\/\/nordnesrepublikken.no\/index.php\/2025\/09\/01\/operasjon-return-spanias-fartsfeller-du-vil-lofte-av-for\/"]}]},{"@type":"ImageObject","inLanguage":"nb-NO","@id":"https:\/\/nordnesrepublikken.no\/index.php\/2025\/09\/01\/operasjon-return-spanias-fartsfeller-du-vil-lofte-av-for\/#primaryimage","url":"https:\/\/nordnesrepublikken.no\/wp-content\/uploads\/2025\/09\/1756745382_Operasjon-Return-Spanias-fartsfeller-du-vil-lofte-av-for.jpg","contentUrl":"https:\/\/nordnesrepublikken.no\/wp-content\/uploads\/2025\/09\/1756745382_Operasjon-Return-Spanias-fartsfeller-du-vil-lofte-av-for.jpg","width":1200,"height":800,"caption":"Operasjon 'Return': Spanias fartsfeller du vil l\u00f8fte av for"},{"@type":"BreadcrumbList","@id":"https:\/\/nordnesrepublikken.no\/index.php\/2025\/09\/01\/operasjon-return-spanias-fartsfeller-du-vil-lofte-av-for\/#breadcrumb","itemListElement":[{"@type":"ListItem","position":1,"name":"Home","item":"https:\/\/nordnesrepublikken.no\/"},{"@type":"ListItem","position":2,"name":"Operasjon &#8216;Return&#8217;: Spanias fartsfeller du vil l\u00f8fte av for"}]},{"@type":"WebSite","@id":"https:\/\/nordnesrepublikken.no\/#website","url":"https:\/\/nordnesrepublikken.no\/","name":"Nordnesrepublikken","description":"Stemmer og Visjoner fra Republikkens Hjerte","publisher":{"@id":"https:\/\/nordnesrepublikken.no\/#organization"},"potentialAction":[{"@type":"SearchAction","target":{"@type":"EntryPoint","urlTemplate":"https:\/\/nordnesrepublikken.no\/?s={search_term_string}"},"query-input":{"@type":"PropertyValueSpecification","valueRequired":true,"valueName":"search_term_string"}}],"inLanguage":"nb-NO"},{"@type":"Organization","@id":"https:\/\/nordnesrepublikken.no\/#organization","name":"Nordnesrepublikken","url":"https:\/\/nordnesrepublikken.no\/","logo":{"@type":"ImageObject","inLanguage":"nb-NO","@id":"https:\/\/nordnesrepublikken.no\/#\/schema\/logo\/image\/","url":"https:\/\/nordnesrepublikken.no\/wp-content\/uploads\/2025\/02\/cropped-nordnesrepublikken-2.png","contentUrl":"https:\/\/nordnesrepublikken.no\/wp-content\/uploads\/2025\/02\/cropped-nordnesrepublikken-2.png","width":1248,"height":362,"caption":"Nordnesrepublikken"},"image":{"@id":"https:\/\/nordnesrepublikken.no\/#\/schema\/logo\/image\/"}},{"@type":"Person","@id":"https:\/\/nordnesrepublikken.no\/#\/schema\/person\/2e7e81935bab77882fffb79296240ff1","name":"Ole Andersen","image":{"@type":"ImageObject","inLanguage":"nb-NO","@id":"https:\/\/nordnesrepublikken.no\/#\/schema\/person\/image\/","url":"https:\/\/nordnesrepublikken.no\/wp-content\/uploads\/2025\/02\/nordnesrepublikken-2-2-150x150.jpg","contentUrl":"https:\/\/nordnesrepublikken.no\/wp-content\/uploads\/2025\/02\/nordnesrepublikken-2-2-150x150.jpg","caption":"Ole Andersen"},"description":"Ettersom jeg vokste opp i Oslo, har jeg alltid v\u00e6rt fascinert av ordenes kraft og deres evne til \u00e5 skape endringer. Etter \u00e5 ha fullf\u00f8rt min utdannelse i kommunikasjon ved Universitetet i Bergen, fikk jeg muligheten til \u00e5 jobbe innen ulike medier, der jeg har s\u00f8kt \u00e5 belyse viktige samfunnssp\u00f8rsm\u00e5l. I dag, som redakt\u00f8r for Nordnesrepublikken, pr\u00f8ver jeg \u00e5 forene min kj\u00e6rlighet for journalistikk med min lidenskap for innovasjon og eventyr.","sameAs":["https:\/\/nordnesrepublikken.no\/"]}]}},"_links":{"self":[{"href":"https:\/\/nordnesrepublikken.no\/index.php\/wp-json\/wp\/v2\/posts\/9023","targetHints":{"allow":["GET"]}}],"collection":[{"href":"https:\/\/nordnesrepublikken.no\/index.php\/wp-json\/wp\/v2\/posts"}],"about":[{"href":"https:\/\/nordnesrepublikken.no\/index.php\/wp-json\/wp\/v2\/types\/post"}],"author":[{"embeddable":true,"href":"https:\/\/nordnesrepublikken.no\/index.php\/wp-json\/wp\/v2\/users\/1"}],"replies":[{"embeddable":true,"href":"https:\/\/nordnesrepublikken.no\/index.php\/wp-json\/wp\/v2\/comments?post=9023"}],"version-history":[{"count":1,"href":"https:\/\/nordnesrepublikken.no\/index.php\/wp-json\/wp\/v2\/posts\/9023\/revisions"}],"predecessor-version":[{"id":9025,"href":"https:\/\/nordnesrepublikken.no\/index.php\/wp-json\/wp\/v2\/posts\/9023\/revisions\/9025"}],"wp:featuredmedia":[{"embeddable":true,"href":"https:\/\/nordnesrepublikken.no\/index.php\/wp-json\/wp\/v2\/media\/9024"}],"wp:attachment":[{"href":"https:\/\/nordnesrepublikken.no\/index.php\/wp-json\/wp\/v2\/media?parent=9023"}],"wp:term":[{"taxonomy":"category","embeddable":true,"href":"https:\/\/nordnesrepublikken.no\/index.php\/wp-json\/wp\/v2\/categories?post=9023"},{"taxonomy":"post_tag","embeddable":true,"href":"https:\/\/nordnesrepublikken.no\/index.php\/wp-json\/wp\/v2\/tags?post=9023"}],"curies":[{"name":"wp","href":"https:\/\/api.w.org\/{rel}","templated":true}]}}