{"id":9020,"date":"2025-09-01T15:49:36","date_gmt":"2025-09-01T13:49:36","guid":{"rendered":"https:\/\/nordnesrepublikken.no\/index.php\/2025\/09\/01\/fordi-det-var-sa-voldelig-2\/"},"modified":"2025-09-01T15:49:37","modified_gmt":"2025-09-01T13:49:37","slug":"fordi-det-var-sa-voldelig-2","status":"publish","type":"post","link":"https:\/\/nordnesrepublikken.no\/index.php\/2025\/09\/01\/fordi-det-var-sa-voldelig-2\/","title":{"rendered":"Fordi det var s\u00e5 voldelig"},"content":{"rendered":"<div>\n<div class=\"cp_wrapper cp_wrapper--fw mb-30 mb-20@tablet\">\n<figure class=\"mm\"><picture class=\"img\" style=\"padding-top:56.25%\"><source  media=\"(min-width: 1024px)\"><source  media=\"(min-width: 768px)\"><\/source><\/source><\/picture><\/figure>\n<\/p><\/div>\n<p>Et voldelig jordskjelv av<strong> st\u00f8rrelse<\/strong> <strong>6.0<\/strong> slo den \u00f8stlige regionen av<strong>Afghanistan<\/strong>om <strong>27 km<\/strong> fra byen <strong>Jalalabad<\/strong>en av de mest folkerike i landet, i g\u00e5r p\u00e5 timer <strong>23:47<\/strong> (lokal tid). Det var et veldig overfladisk jordskjelv &#8211; vi snakker bare om et hypocenter som ligger <strong>8 km dyp<\/strong> &#8211; hvis effekter p\u00e5 overflaten har v\u00e6rt \u00f8deleggende: i henhold til det som rapporteres av <em>Til Jazeera<\/em>regjeringens talsperson <strong>Mawlawi Zabihullah Mujahid<\/strong> har kunngjort et forel\u00f8pig budsjett p\u00e5 pressekonferansen til <strong>800 ofre<\/strong> Og <strong>2500 skadet,<\/strong> Selv om tallet er bestemt til \u00e5 klatre i l\u00f8pet av de neste timene.<\/p>\n<p>Disse dataene er knyttet til en serie faktorer: i tillegg til jordskjelvets egen energi, b\u00f8r det vurderes at jordskjelvet skjedde om natten, at omr\u00e5det er fjellaktig (dermed blir sammensatt for redningsmenn) og veldig d\u00e5rlige, derfor har bygningene ikke blitt bygget etter spesielle anti -segismiske kriterier (&laquo;husene er bygget essensielt med Mud&raquo;, sa han sa sa sa sa saismiske kriterier (&laquo;husene er bygget essensielt med Mud&raquo;, sa han saisismiske kriterier (&laquo;husene er bygget essensielt med Mud&raquo;, sa han. <strong>Thamindri de Silva<\/strong>Nasjonal direkt\u00f8r for World Vision Afghanistan). Foreningen av alle disse faktorene for\u00e5rsaket et ekstremt h\u00f8yt antall ofre og s\u00e5r. For hjelp ber Taliban -regjeringen om hjelp fra internasjonale organisasjoner som ogs\u00e5 er gitt kompleksiteten p\u00e5 grunn av skredene som har blokkert flere veier.<\/p>\n<p>Jordskjelvet f\u00f8ltes ogs\u00e5 tydelig i fjerne omr\u00e5der <strong>140 km<\/strong> Og for \u00f8yeblikket er informasjonen vi har om hendelsen ganske fragmentert: tydeligere detaljer vil dukke opp i l\u00f8pet av de neste timene. Men fra det geologiske synspunktet, hva var \u00e5rsakene? For \u00e5 ha et tydeligere syn kan vi analysere f\u00f8lgende kart levert av United States Geological Survey (USGS):<\/p>\n<div class=\"cp_wrapper cp_wrapper--fw mb-50\">\n<figure class=\"mm\"><picture class=\"img\" style=\"padding-top:80.597014925373%\"><source  media=\"(min-width: 1024px)\"><source  media=\"(min-width: 768px)\"><img decoding=\"async\" loading=\"lazy\" src=\"https:\/\/nordnesrepublikken.no\/wp-content\/uploads\/2025\/09\/1756734576_395_Fordi-det-var-sa-voldelig.jpg\" alt=\"Bilde\" width=\"603\" height=\"486\"><\/source><\/source><\/picture><\/figure>\n<\/p><\/div>\n<p>Omr\u00e5det som er ber\u00f8rt av jordskjelvet er representert innenfor bildet, hvis <strong>Episenter<\/strong> Det ligger i n\u00e6rheten av de lilla sirklene. Hvert punkt p\u00e5 kartet representerer en <strong>Historisk jordskjelv<\/strong> skjedde i omr\u00e5det: jo st\u00f8rre sirkel og h\u00f8yere st\u00f8rrelsesorden, mens fargen er proporsjonal med dybden. Som vi kan se p\u00e5 dette omr\u00e5det er det mange <strong>Svarte linjer<\/strong>: hver representerer et feilsystem. Deres tilstedev\u00e6relse i et s\u00e5 h\u00f8yt antall forteller oss derfor en ganske kompleks geologisk situasjon, knyttet til makroskalaen &#8211; til kollisjonen mellom <strong>Indisk plakett<\/strong> Og det <strong>Eurasisk.<\/strong> For \u00e5 v\u00e6re tydelig er det nettopp denne kollisjonen som tidligere har generert fjellkjeden <strong>av Himalaya!<\/strong><\/p>\n<p>Akkumulering av stress i dette omr\u00e5det gir liv til jordskjelv med en ganske h\u00f8y styrke, som skjedde i dagens tilfelle.<\/p>\n<\/p><\/div>\n","protected":false},"excerpt":{"rendered":"<p>Et voldelig jordskjelv av st\u00f8rrelse 6.0 slo den \u00f8stlige regionen avAfghanistanom 27 km fra byen<\/p>\n","protected":false},"author":1,"featured_media":9021,"comment_status":"closed","ping_status":"open","sticky":false,"template":"","format":"standard","meta":{"footnotes":""},"categories":[24],"tags":[66,83,1472,100,3055],"class_list":["post-9020","post","type-post","status-publish","format-standard","has-post-thumbnail","hentry","category-vitenskap","tag-det","tag-fordi","tag-sa","tag-var","tag-voldelig","generate-columns","tablet-grid-50","mobile-grid-100","grid-parent","grid-33","resize-featured-image"],"yoast_head":"<!-- This site is optimized with the Yoast SEO plugin v24.4 - https:\/\/yoast.com\/wordpress\/plugins\/seo\/ -->\n<title>Fordi det var s\u00e5 voldelig - Nordnesrepublikken<\/title>\n<meta name=\"robots\" content=\"index, follow, max-snippet:-1, max-image-preview:large, max-video-preview:-1\" \/>\n<link rel=\"canonical\" href=\"https:\/\/nordnesrepublikken.no\/index.php\/2025\/09\/01\/fordi-det-var-sa-voldelig-2\/\" \/>\n<meta property=\"og:locale\" content=\"nb_NO\" \/>\n<meta property=\"og:type\" content=\"article\" \/>\n<meta property=\"og:title\" content=\"Fordi det var s\u00e5 voldelig - Nordnesrepublikken\" \/>\n<meta property=\"og:description\" content=\"Et voldelig jordskjelv av st\u00f8rrelse 6.0 slo den \u00f8stlige regionen avAfghanistanom 27 km fra byen\" \/>\n<meta property=\"og:url\" content=\"https:\/\/nordnesrepublikken.no\/index.php\/2025\/09\/01\/fordi-det-var-sa-voldelig-2\/\" \/>\n<meta property=\"og:site_name\" content=\"Nordnesrepublikken\" \/>\n<meta property=\"article:published_time\" content=\"2025-09-01T13:49:36+00:00\" \/>\n<meta property=\"article:modified_time\" content=\"2025-09-01T13:49:37+00:00\" \/>\n<meta property=\"og:image\" content=\"https:\/\/nordnesrepublikken.no\/wp-content\/uploads\/2025\/09\/Fordi-det-var-sa-voldelig.jpg\" \/>\n\t<meta property=\"og:image:width\" content=\"1280\" \/>\n\t<meta property=\"og:image:height\" content=\"720\" \/>\n\t<meta property=\"og:image:type\" content=\"image\/jpeg\" \/>\n<meta name=\"author\" content=\"Ole Andersen\" \/>\n<meta name=\"twitter:card\" content=\"summary_large_image\" \/>\n<meta name=\"twitter:label1\" content=\"Skrevet av\" \/>\n\t<meta name=\"twitter:data1\" content=\"Ole Andersen\" \/>\n\t<meta name=\"twitter:label2\" content=\"Ansl. lesetid\" \/>\n\t<meta name=\"twitter:data2\" content=\"2 minutter\" \/>\n<script type=\"application\/ld+json\" class=\"yoast-schema-graph\">{\"@context\":\"https:\/\/schema.org\",\"@graph\":[{\"@type\":\"Article\",\"@id\":\"https:\/\/nordnesrepublikken.no\/index.php\/2025\/09\/01\/fordi-det-var-sa-voldelig-2\/#article\",\"isPartOf\":{\"@id\":\"https:\/\/nordnesrepublikken.no\/index.php\/2025\/09\/01\/fordi-det-var-sa-voldelig-2\/\"},\"author\":{\"name\":\"Ole Andersen\",\"@id\":\"https:\/\/nordnesrepublikken.no\/#\/schema\/person\/2e7e81935bab77882fffb79296240ff1\"},\"headline\":\"Fordi det var s\u00e5 voldelig\",\"datePublished\":\"2025-09-01T13:49:36+00:00\",\"dateModified\":\"2025-09-01T13:49:37+00:00\",\"mainEntityOfPage\":{\"@id\":\"https:\/\/nordnesrepublikken.no\/index.php\/2025\/09\/01\/fordi-det-var-sa-voldelig-2\/\"},\"wordCount\":420,\"publisher\":{\"@id\":\"https:\/\/nordnesrepublikken.no\/#organization\"},\"image\":{\"@id\":\"https:\/\/nordnesrepublikken.no\/index.php\/2025\/09\/01\/fordi-det-var-sa-voldelig-2\/#primaryimage\"},\"thumbnailUrl\":\"https:\/\/nordnesrepublikken.no\/wp-content\/uploads\/2025\/09\/Fordi-det-var-sa-voldelig.jpg\",\"keywords\":[\"Det\",\"Fordi\",\"s\u00e5\",\"var\",\"voldelig\"],\"articleSection\":[\"Vitenskap\"],\"inLanguage\":\"nb-NO\"},{\"@type\":\"WebPage\",\"@id\":\"https:\/\/nordnesrepublikken.no\/index.php\/2025\/09\/01\/fordi-det-var-sa-voldelig-2\/\",\"url\":\"https:\/\/nordnesrepublikken.no\/index.php\/2025\/09\/01\/fordi-det-var-sa-voldelig-2\/\",\"name\":\"Fordi det var s\u00e5 voldelig - Nordnesrepublikken\",\"isPartOf\":{\"@id\":\"https:\/\/nordnesrepublikken.no\/#website\"},\"primaryImageOfPage\":{\"@id\":\"https:\/\/nordnesrepublikken.no\/index.php\/2025\/09\/01\/fordi-det-var-sa-voldelig-2\/#primaryimage\"},\"image\":{\"@id\":\"https:\/\/nordnesrepublikken.no\/index.php\/2025\/09\/01\/fordi-det-var-sa-voldelig-2\/#primaryimage\"},\"thumbnailUrl\":\"https:\/\/nordnesrepublikken.no\/wp-content\/uploads\/2025\/09\/Fordi-det-var-sa-voldelig.jpg\",\"datePublished\":\"2025-09-01T13:49:36+00:00\",\"dateModified\":\"2025-09-01T13:49:37+00:00\",\"breadcrumb\":{\"@id\":\"https:\/\/nordnesrepublikken.no\/index.php\/2025\/09\/01\/fordi-det-var-sa-voldelig-2\/#breadcrumb\"},\"inLanguage\":\"nb-NO\",\"potentialAction\":[{\"@type\":\"ReadAction\",\"target\":[\"https:\/\/nordnesrepublikken.no\/index.php\/2025\/09\/01\/fordi-det-var-sa-voldelig-2\/\"]}]},{\"@type\":\"ImageObject\",\"inLanguage\":\"nb-NO\",\"@id\":\"https:\/\/nordnesrepublikken.no\/index.php\/2025\/09\/01\/fordi-det-var-sa-voldelig-2\/#primaryimage\",\"url\":\"https:\/\/nordnesrepublikken.no\/wp-content\/uploads\/2025\/09\/Fordi-det-var-sa-voldelig.jpg\",\"contentUrl\":\"https:\/\/nordnesrepublikken.no\/wp-content\/uploads\/2025\/09\/Fordi-det-var-sa-voldelig.jpg\",\"width\":1280,\"height\":720,\"caption\":\"Immagine\"},{\"@type\":\"BreadcrumbList\",\"@id\":\"https:\/\/nordnesrepublikken.no\/index.php\/2025\/09\/01\/fordi-det-var-sa-voldelig-2\/#breadcrumb\",\"itemListElement\":[{\"@type\":\"ListItem\",\"position\":1,\"name\":\"Home\",\"item\":\"https:\/\/nordnesrepublikken.no\/\"},{\"@type\":\"ListItem\",\"position\":2,\"name\":\"Fordi det var s\u00e5 voldelig\"}]},{\"@type\":\"WebSite\",\"@id\":\"https:\/\/nordnesrepublikken.no\/#website\",\"url\":\"https:\/\/nordnesrepublikken.no\/\",\"name\":\"Nordnesrepublikken\",\"description\":\"Stemmer og Visjoner fra Republikkens Hjerte\",\"publisher\":{\"@id\":\"https:\/\/nordnesrepublikken.no\/#organization\"},\"potentialAction\":[{\"@type\":\"SearchAction\",\"target\":{\"@type\":\"EntryPoint\",\"urlTemplate\":\"https:\/\/nordnesrepublikken.no\/?s={search_term_string}\"},\"query-input\":{\"@type\":\"PropertyValueSpecification\",\"valueRequired\":true,\"valueName\":\"search_term_string\"}}],\"inLanguage\":\"nb-NO\"},{\"@type\":\"Organization\",\"@id\":\"https:\/\/nordnesrepublikken.no\/#organization\",\"name\":\"Nordnesrepublikken\",\"url\":\"https:\/\/nordnesrepublikken.no\/\",\"logo\":{\"@type\":\"ImageObject\",\"inLanguage\":\"nb-NO\",\"@id\":\"https:\/\/nordnesrepublikken.no\/#\/schema\/logo\/image\/\",\"url\":\"https:\/\/nordnesrepublikken.no\/wp-content\/uploads\/2025\/02\/cropped-nordnesrepublikken-2.png\",\"contentUrl\":\"https:\/\/nordnesrepublikken.no\/wp-content\/uploads\/2025\/02\/cropped-nordnesrepublikken-2.png\",\"width\":1248,\"height\":362,\"caption\":\"Nordnesrepublikken\"},\"image\":{\"@id\":\"https:\/\/nordnesrepublikken.no\/#\/schema\/logo\/image\/\"}},{\"@type\":\"Person\",\"@id\":\"https:\/\/nordnesrepublikken.no\/#\/schema\/person\/2e7e81935bab77882fffb79296240ff1\",\"name\":\"Ole Andersen\",\"image\":{\"@type\":\"ImageObject\",\"inLanguage\":\"nb-NO\",\"@id\":\"https:\/\/nordnesrepublikken.no\/#\/schema\/person\/image\/\",\"url\":\"https:\/\/nordnesrepublikken.no\/wp-content\/uploads\/2025\/02\/nordnesrepublikken-2-2-150x150.jpg\",\"contentUrl\":\"https:\/\/nordnesrepublikken.no\/wp-content\/uploads\/2025\/02\/nordnesrepublikken-2-2-150x150.jpg\",\"caption\":\"Ole Andersen\"},\"description\":\"Ettersom jeg vokste opp i Oslo, har jeg alltid v\u00e6rt fascinert av ordenes kraft og deres evne til \u00e5 skape endringer. Etter \u00e5 ha fullf\u00f8rt min utdannelse i kommunikasjon ved Universitetet i Bergen, fikk jeg muligheten til \u00e5 jobbe innen ulike medier, der jeg har s\u00f8kt \u00e5 belyse viktige samfunnssp\u00f8rsm\u00e5l. I dag, som redakt\u00f8r for Nordnesrepublikken, pr\u00f8ver jeg \u00e5 forene min kj\u00e6rlighet for journalistikk med min lidenskap for innovasjon og eventyr.\",\"sameAs\":[\"https:\/\/nordnesrepublikken.no\/\"]}]}<\/script>\n<!-- \/ Yoast SEO plugin. -->","yoast_head_json":{"title":"Fordi det var s\u00e5 voldelig - Nordnesrepublikken","robots":{"index":"index","follow":"follow","max-snippet":"max-snippet:-1","max-image-preview":"max-image-preview:large","max-video-preview":"max-video-preview:-1"},"canonical":"https:\/\/nordnesrepublikken.no\/index.php\/2025\/09\/01\/fordi-det-var-sa-voldelig-2\/","og_locale":"nb_NO","og_type":"article","og_title":"Fordi det var s\u00e5 voldelig - Nordnesrepublikken","og_description":"Et voldelig jordskjelv av st\u00f8rrelse 6.0 slo den \u00f8stlige regionen avAfghanistanom 27 km fra byen","og_url":"https:\/\/nordnesrepublikken.no\/index.php\/2025\/09\/01\/fordi-det-var-sa-voldelig-2\/","og_site_name":"Nordnesrepublikken","article_published_time":"2025-09-01T13:49:36+00:00","article_modified_time":"2025-09-01T13:49:37+00:00","og_image":[{"width":1280,"height":720,"url":"https:\/\/nordnesrepublikken.no\/wp-content\/uploads\/2025\/09\/Fordi-det-var-sa-voldelig.jpg","type":"image\/jpeg"}],"author":"Ole Andersen","twitter_card":"summary_large_image","twitter_misc":{"Skrevet av":"Ole Andersen","Ansl. lesetid":"2 minutter"},"schema":{"@context":"https:\/\/schema.org","@graph":[{"@type":"Article","@id":"https:\/\/nordnesrepublikken.no\/index.php\/2025\/09\/01\/fordi-det-var-sa-voldelig-2\/#article","isPartOf":{"@id":"https:\/\/nordnesrepublikken.no\/index.php\/2025\/09\/01\/fordi-det-var-sa-voldelig-2\/"},"author":{"name":"Ole Andersen","@id":"https:\/\/nordnesrepublikken.no\/#\/schema\/person\/2e7e81935bab77882fffb79296240ff1"},"headline":"Fordi det var s\u00e5 voldelig","datePublished":"2025-09-01T13:49:36+00:00","dateModified":"2025-09-01T13:49:37+00:00","mainEntityOfPage":{"@id":"https:\/\/nordnesrepublikken.no\/index.php\/2025\/09\/01\/fordi-det-var-sa-voldelig-2\/"},"wordCount":420,"publisher":{"@id":"https:\/\/nordnesrepublikken.no\/#organization"},"image":{"@id":"https:\/\/nordnesrepublikken.no\/index.php\/2025\/09\/01\/fordi-det-var-sa-voldelig-2\/#primaryimage"},"thumbnailUrl":"https:\/\/nordnesrepublikken.no\/wp-content\/uploads\/2025\/09\/Fordi-det-var-sa-voldelig.jpg","keywords":["Det","Fordi","s\u00e5","var","voldelig"],"articleSection":["Vitenskap"],"inLanguage":"nb-NO"},{"@type":"WebPage","@id":"https:\/\/nordnesrepublikken.no\/index.php\/2025\/09\/01\/fordi-det-var-sa-voldelig-2\/","url":"https:\/\/nordnesrepublikken.no\/index.php\/2025\/09\/01\/fordi-det-var-sa-voldelig-2\/","name":"Fordi det var s\u00e5 voldelig - Nordnesrepublikken","isPartOf":{"@id":"https:\/\/nordnesrepublikken.no\/#website"},"primaryImageOfPage":{"@id":"https:\/\/nordnesrepublikken.no\/index.php\/2025\/09\/01\/fordi-det-var-sa-voldelig-2\/#primaryimage"},"image":{"@id":"https:\/\/nordnesrepublikken.no\/index.php\/2025\/09\/01\/fordi-det-var-sa-voldelig-2\/#primaryimage"},"thumbnailUrl":"https:\/\/nordnesrepublikken.no\/wp-content\/uploads\/2025\/09\/Fordi-det-var-sa-voldelig.jpg","datePublished":"2025-09-01T13:49:36+00:00","dateModified":"2025-09-01T13:49:37+00:00","breadcrumb":{"@id":"https:\/\/nordnesrepublikken.no\/index.php\/2025\/09\/01\/fordi-det-var-sa-voldelig-2\/#breadcrumb"},"inLanguage":"nb-NO","potentialAction":[{"@type":"ReadAction","target":["https:\/\/nordnesrepublikken.no\/index.php\/2025\/09\/01\/fordi-det-var-sa-voldelig-2\/"]}]},{"@type":"ImageObject","inLanguage":"nb-NO","@id":"https:\/\/nordnesrepublikken.no\/index.php\/2025\/09\/01\/fordi-det-var-sa-voldelig-2\/#primaryimage","url":"https:\/\/nordnesrepublikken.no\/wp-content\/uploads\/2025\/09\/Fordi-det-var-sa-voldelig.jpg","contentUrl":"https:\/\/nordnesrepublikken.no\/wp-content\/uploads\/2025\/09\/Fordi-det-var-sa-voldelig.jpg","width":1280,"height":720,"caption":"Immagine"},{"@type":"BreadcrumbList","@id":"https:\/\/nordnesrepublikken.no\/index.php\/2025\/09\/01\/fordi-det-var-sa-voldelig-2\/#breadcrumb","itemListElement":[{"@type":"ListItem","position":1,"name":"Home","item":"https:\/\/nordnesrepublikken.no\/"},{"@type":"ListItem","position":2,"name":"Fordi det var s\u00e5 voldelig"}]},{"@type":"WebSite","@id":"https:\/\/nordnesrepublikken.no\/#website","url":"https:\/\/nordnesrepublikken.no\/","name":"Nordnesrepublikken","description":"Stemmer og Visjoner fra Republikkens Hjerte","publisher":{"@id":"https:\/\/nordnesrepublikken.no\/#organization"},"potentialAction":[{"@type":"SearchAction","target":{"@type":"EntryPoint","urlTemplate":"https:\/\/nordnesrepublikken.no\/?s={search_term_string}"},"query-input":{"@type":"PropertyValueSpecification","valueRequired":true,"valueName":"search_term_string"}}],"inLanguage":"nb-NO"},{"@type":"Organization","@id":"https:\/\/nordnesrepublikken.no\/#organization","name":"Nordnesrepublikken","url":"https:\/\/nordnesrepublikken.no\/","logo":{"@type":"ImageObject","inLanguage":"nb-NO","@id":"https:\/\/nordnesrepublikken.no\/#\/schema\/logo\/image\/","url":"https:\/\/nordnesrepublikken.no\/wp-content\/uploads\/2025\/02\/cropped-nordnesrepublikken-2.png","contentUrl":"https:\/\/nordnesrepublikken.no\/wp-content\/uploads\/2025\/02\/cropped-nordnesrepublikken-2.png","width":1248,"height":362,"caption":"Nordnesrepublikken"},"image":{"@id":"https:\/\/nordnesrepublikken.no\/#\/schema\/logo\/image\/"}},{"@type":"Person","@id":"https:\/\/nordnesrepublikken.no\/#\/schema\/person\/2e7e81935bab77882fffb79296240ff1","name":"Ole Andersen","image":{"@type":"ImageObject","inLanguage":"nb-NO","@id":"https:\/\/nordnesrepublikken.no\/#\/schema\/person\/image\/","url":"https:\/\/nordnesrepublikken.no\/wp-content\/uploads\/2025\/02\/nordnesrepublikken-2-2-150x150.jpg","contentUrl":"https:\/\/nordnesrepublikken.no\/wp-content\/uploads\/2025\/02\/nordnesrepublikken-2-2-150x150.jpg","caption":"Ole Andersen"},"description":"Ettersom jeg vokste opp i Oslo, har jeg alltid v\u00e6rt fascinert av ordenes kraft og deres evne til \u00e5 skape endringer. Etter \u00e5 ha fullf\u00f8rt min utdannelse i kommunikasjon ved Universitetet i Bergen, fikk jeg muligheten til \u00e5 jobbe innen ulike medier, der jeg har s\u00f8kt \u00e5 belyse viktige samfunnssp\u00f8rsm\u00e5l. I dag, som redakt\u00f8r for Nordnesrepublikken, pr\u00f8ver jeg \u00e5 forene min kj\u00e6rlighet for journalistikk med min lidenskap for innovasjon og eventyr.","sameAs":["https:\/\/nordnesrepublikken.no\/"]}]}},"_links":{"self":[{"href":"https:\/\/nordnesrepublikken.no\/index.php\/wp-json\/wp\/v2\/posts\/9020","targetHints":{"allow":["GET"]}}],"collection":[{"href":"https:\/\/nordnesrepublikken.no\/index.php\/wp-json\/wp\/v2\/posts"}],"about":[{"href":"https:\/\/nordnesrepublikken.no\/index.php\/wp-json\/wp\/v2\/types\/post"}],"author":[{"embeddable":true,"href":"https:\/\/nordnesrepublikken.no\/index.php\/wp-json\/wp\/v2\/users\/1"}],"replies":[{"embeddable":true,"href":"https:\/\/nordnesrepublikken.no\/index.php\/wp-json\/wp\/v2\/comments?post=9020"}],"version-history":[{"count":1,"href":"https:\/\/nordnesrepublikken.no\/index.php\/wp-json\/wp\/v2\/posts\/9020\/revisions"}],"predecessor-version":[{"id":9022,"href":"https:\/\/nordnesrepublikken.no\/index.php\/wp-json\/wp\/v2\/posts\/9020\/revisions\/9022"}],"wp:featuredmedia":[{"embeddable":true,"href":"https:\/\/nordnesrepublikken.no\/index.php\/wp-json\/wp\/v2\/media\/9021"}],"wp:attachment":[{"href":"https:\/\/nordnesrepublikken.no\/index.php\/wp-json\/wp\/v2\/media?parent=9020"}],"wp:term":[{"taxonomy":"category","embeddable":true,"href":"https:\/\/nordnesrepublikken.no\/index.php\/wp-json\/wp\/v2\/categories?post=9020"},{"taxonomy":"post_tag","embeddable":true,"href":"https:\/\/nordnesrepublikken.no\/index.php\/wp-json\/wp\/v2\/tags?post=9020"}],"curies":[{"name":"wp","href":"https:\/\/api.w.org\/{rel}","templated":true}]}}