{"id":9017,"date":"2025-09-01T14:49:31","date_gmt":"2025-09-01T12:49:31","guid":{"rendered":"https:\/\/nordnesrepublikken.no\/index.php\/2025\/09\/01\/malene-og-deltakerne\/"},"modified":"2025-09-01T14:49:32","modified_gmt":"2025-09-01T12:49:32","slug":"malene-og-deltakerne","status":"publish","type":"post","link":"https:\/\/nordnesrepublikken.no\/index.php\/2025\/09\/01\/malene-og-deltakerne\/","title":{"rendered":"M\u00e5lene og deltakerne"},"content":{"rendered":"<div>\n<div class=\"cp_wrapper cp_wrapper--fw mb-30 mb-20@tablet\">\n<figure class=\"mm\"><picture class=\"img\" style=\"padding-top:56.25%\"><source  media=\"(min-width: 1024px)\"><source  media=\"(min-width: 768px)\"><\/source><\/source><\/picture><\/figure>\n<\/p><\/div>\n<p>Det internasjonale humanit\u00e6re oppdraget har endelig startet fra havnen i Barcelona <strong>Global Sumud Flotilla<\/strong>som har som m\u00e5l \u00e5 bryte marineblokken p\u00e5lagt av Israel p\u00e5 Gazastripen og la mat, vann og medisiner komme inn. I Gaza har disse grunnleggende n\u00f8dvendighetene manglet i flere m\u00e5neder n\u00e5, og befolkningen pr\u00f8ver \u00e5 gj\u00f8re det <strong>motst\u00e5<\/strong> til en menneskelig uholdbar situasjon. Begrepet &laquo;<strong><em>Sumud<\/em><\/strong>&laquo;Faktisk ble det ikke valgt tilfeldig: p\u00e5 arabisk betyr det&raquo; motstandskraft &laquo;, og derfor evnen til \u00e5 motst\u00e5 og holde hardt, ogs\u00e5 t\u00e5le de verste motgangene.<\/p>\n<p>Dette selskapet, som startet 31. august 2025, er virkelig bemerkelsesverdig, fordi det er <strong>Det st\u00f8rste uavhengige initiativet i verden noensinne<\/strong>: Flotilla er lansert av hundrevis av borgere fra 44 land, og best\u00e5r av dusinvis og dusinvis av b\u00e5ter, og en annen avgang fra Tunis er planlagt til torsdag 4. september. Noen sm\u00e5 b\u00e5ter startet ogs\u00e5 fra <strong>Genoa<\/strong> Og andre fra forskjellige sicilianske havner, og ble deretter gjenforent med resten av fl\u00e5ten i Middelhavet.<\/p>\n<h2>Fra hvem ideen om den globale Sumund Flotilla ble f\u00f8dt, for akkurat n\u00e5 og hva er m\u00e5let<\/h2>\n<p>Ideen om \u00e5 lage <strong>Global Sumud Flotilla<\/strong> Det har dukket opp de siste m\u00e5nedene hvordan <strong>Kollektiv respons p\u00e5 den humanit\u00e6re krisen i Gaza<\/strong> og til blokkering av humanit\u00e6r og marinehjelp p\u00e5lagt av Israel de siste m\u00e5nedene. Initiativet er resultatet av foreningen av flere bevegelser av nasjonale og internasjonale aktivister, og blant de fire internasjonale grunnleggende bevegelsene er det:<\/p>\n<ul>\n<li><strong>Freedom Flotilla Coalition<\/strong>: Merk til The Chronicles for sitt oppdrag i juni 2025 ombord p\u00e5 &laquo;Madleen&raquo;, for \u00e5 bringe hjelp til Gaza. Om bord var det ogs\u00e5 den ber\u00f8mte aktivisten Greta Thunberg. Skipet ble blokkert av israelske styrker i internasjonale farvann i juni i fjor, og aktivister ble arrestert.<\/li>\n<li><strong>Global bevegelse til Gaza<\/strong>: kjent fremfor alt som &laquo;<em>Global marsj til Gaza<\/em>&laquo;, Fremmet han marsjer og sivile aksjer for \u00e5 \u00f8ke bevisstheten om situasjonen i Gaza.<\/li>\n<li><strong>Maghreb Sumud Flotilla<\/strong>: Solidaritetskoalisjon fra Nord -Afrika, driver ogs\u00e5 med forskjellige hjelpemisjoner i Gaza.<\/li>\n<li><strong>Sumud Nusantara<\/strong>: Initiativ fra S\u00f8r\u00f8st -Asia, spesielt fra Malaysia, som organiserte bistandskonvoier for Gaza.<\/li>\n<\/ul>\n<p>Initiativet, som er en <strong>Ikke -voldelig sivil motstand<\/strong>ble f\u00f8dt for \u00e5 pr\u00f8ve \u00e5 <strong>Sett et stykke til den alvorlige isolasjonssituasjonen<\/strong> <strong>og hungersn\u00f8d<\/strong> av stripen og \u00e5 pr\u00f8ve \u00e5 <strong>Sett en slutt p\u00e5 den maritime beleiringen p\u00e5lagt av Israel<\/strong>. Forbundet lager styrke, og aktivister om bord vil alle pr\u00f8ve \u00e5 \u00e5pne en stor humanit\u00e6r korridor.<\/p>\n<p>Alle b\u00e5ter vil transportere mat, medisiner og andre viktige eiendeler for Gazawi, i h\u00e5p om \u00e5 lindre, selv om det er lite, deres lidelse. Samtidig gj\u00f8res alt dette for \u00e5 sende en melding om<strong> solidaritet og n\u00e6rhet til det palestinske folket<\/strong>som i nesten to \u00e5r har pr\u00f8vd \u00e5 overleve en helvete situasjon uten at noen institusjoner alvorlig har pr\u00f8vd \u00e5 stoppe eller boikotte Israel. I denne forstand er den globale Sumud Flotilla <strong>Den tomme retorikken til mange europeiske regjeringer og institusjoner som hittil har lansert intetsigende appeller, men ingen handlinger masker<\/strong> (\u00f8konomisk og geopolitisk type) rettet mot \u00e5 stoppe handlingene til regjeringen i Tel Aviv.<\/p>\n<p>Den globale Sumud Flotilla vil imidlertid ikke bare riste regjeringer og institusjoner, men ogs\u00e5 <strong>\u00f8ke bevisstheten om offentlig<\/strong>: Initiativet tar sikte p\u00e5 \u00e5 tiltrekke seg oppmerksomhet fra alle, fra enkeltborgere til de store institusjonene, om stripens situasjon, i h\u00e5p om at starten av en serie konkrete handlinger som setter et punkt p\u00e5 en tragedie av enorm st\u00f8rrelse.<\/p>\n<h2>Sumud -fl\u00e5ten: Hvem er deltakerne og hvor b\u00e5tene startet fra<\/h2>\n<p>Etter appellene ble mobiliseringene av de virkelige og virtuelle rutene, og de mange nasjonale og lokale initiativene, 31. august, den f\u00f8rste delen av den globale Sumud Flotilla startet fra Port of Barcelona med de st\u00f8rre b\u00e5tene (hver b\u00e5t er vert for rundt 25 personer). Men Sumud Flotilla er hovedsakelig sammensatt av sm\u00e5 og mellomstore b\u00e5ter (12-16 meter i lengde), som st\u00e5r uten problemer i det \u00e5pne havet.<\/p>\n<p>Om bord er det <strong>Leger, aktivister, advokater, journalister og kunstnere<\/strong> <strong>av 44 forskjellige flagg<\/strong>. En annen gruppe vil spare torsdag 4. september fra <strong>Tunis<\/strong>og s\u00e5 vil de to fl\u00e5tene m\u00f8tes i Middelhavet for \u00e5 ta turen sammen mot Gaza. For dem vil de italienske b\u00e5tene ogs\u00e5 bli sl\u00e5tt sammen, alle utstyrt med <strong>videokameraer<\/strong> og tilkobling a <strong>Starlink<\/strong>SpaceX Satellite Communication Network. Mannskapene ble sammensatt p\u00e5 en slik m\u00e5te at det alltid er en aktivist, en journalist eller en politisk personlighet som kan garantere et tilstrekkelig beskyttelsesniv\u00e5, og det er alltid minst to personer med nautiske og mekaniske ferdigheter for \u00e5 helbrede tekniske problemer.<\/p>\n<p>De f\u00f8rste italienske b\u00e5tene startet i g\u00e5r fra <strong>Genoa<\/strong>og de ble kj\u00f8pt p\u00e5 det andre h\u00e5ndmarkedet ogs\u00e5 takket v\u00e6re fondssamlingene der mange italienske statsborgere deltok. B\u00f8lgen av solidaritet beveget seg raskt: P\u00e5 mindre enn to uker ble omtrent 250 tonn mat til Gaza samlet i den liguriske hovedstaden av lokale grupper og innbyggere. Resten av hjelpen vil bli holdt i beholdningen av b\u00e5tene til <strong>Catania<\/strong>starter neste torsdag. I alt vil det fra Italia starte 25, dvs. halvparten av de totale b\u00e5tene (som er omtrent 50, nettopp), og den st\u00f8rste av den har plass til 10 personer om bord. Ankomsten av hele fl\u00e5ten p\u00e5 Gaza -kysten forventes <strong>I midten av september<\/strong>.<\/p>\n<h2>Protokollen ved ankomst og hvordan menneskene om bord ble valgt<\/h2>\n<p>Den globale sumud flotilla &#8211; &laquo;global&raquo; som global, &laquo;sumud&raquo; som motstand (enda bedre, spenst) og &laquo;flotilla&raquo;, det vil si en liten fl\u00e5te. Men s\u00e5 er det ikke, fordi dette er <strong>Det st\u00f8rste sivile maritime oppdraget til den internasjonale anledningen organisert s\u00e5 langt<\/strong>. Ikke alle vet imidlertid at det f\u00f8r henne hadde v\u00e6rt et initiativ av denne typen, i 2010, med <strong>Frihet Flotilla<\/strong> som hadde pr\u00f8vd en f\u00f8rste gang \u00e5 bryte marineblokkeringen p\u00e5lagt Gaza ogs\u00e5 den gangen. Ved den anledningen var det tyrkiske skipet Mavi Marmara rimelig av den israelske marinen i internasjonale farvann, noe som for\u00e5rsaket d\u00f8d av ti aktivister.<\/p>\n<p>Foresp\u00f8rslene om deltakelse for det ferskspilloppdraget var mange, men stedene p\u00e5 b\u00e5tene var begrenset. Derfor ble flere holdt <strong>intervjuer<\/strong> For \u00e5 teste motivasjonen og utarbeidelsen av de deltagende menneskene, som har fulgt kurs for \u00e5 m\u00f8te alle mulige motganger de vil m\u00f8te. Spesielt er alle menneskene ombord p\u00e5lagt ikke \u00e5 svare p\u00e5 provokasjonene til IDF, og for alltid \u00e5 respektere lovene i folkeretten. Hvis det ikke vil v\u00e6re mulig \u00e5 fortsette, vil skipene stoppe der de er, men men <strong>De vil ikke g\u00e5 tilbake<\/strong> Inntil situasjonen er l\u00e5st opp, p\u00e5 bekostning av \u00e5 bli blokkert i internasjonalt farvann. M\u00e5let, som den italienske koordinatoren Maria Elena Delia sa, er den av <strong>Lag en tidligere<\/strong> som f\u00f8rer til en definitiv \u00e5pning av en humanit\u00e6r korridor, muligens administrert av FN.<\/p>\n<p>Blant de fremtredende personlighetene om bord er det ogs\u00e5 aktivisten <strong>Greta Thunberg<\/strong>som som forventet allerede hadde pr\u00f8vd i juni i fjor \u00e5 bryte blokken om bord p\u00e5 Madleen, men uten \u00e5 lykkes. N\u00e5, takket v\u00e6re den store internasjonale oppmerksomheten i saken, er h\u00e5pet veldig h\u00f8yt. Alt som gjenst\u00e5r er \u00e5 vente p\u00e5 fl\u00e5teoppdateringene og h\u00e5pe at blokkeringen vil bli \u00f8delagt definitivt, og tiltrekker seg oppmerksomhet og konkrete handlinger fra alle vestlige regjeringer.<\/p>\n<blockquote>\n<p><strong>Oppdatering 11.57 1. september 2025<\/strong>: P\u00e5 grunn av den sterke vinden (over 30 knop), har b\u00e5tene m\u00e5ttet finne sted \u00f8yeblikkelig i de n\u00e6rmeste portene, og venter p\u00e5 \u00e5 kunne starte p\u00e5 nytt.<\/p>\n<\/blockquote><\/div>\n","protected":false},"excerpt":{"rendered":"<p>Det internasjonale humanit\u00e6re oppdraget har endelig startet fra havnen i Barcelona Global Sumud Flotillasom har<\/p>\n","protected":false},"author":1,"featured_media":9018,"comment_status":"closed","ping_status":"open","sticky":false,"template":"","format":"standard","meta":{"footnotes":""},"categories":[23],"tags":[5922,5921],"class_list":["post-9017","post","type-post","status-publish","format-standard","has-post-thumbnail","hentry","category-politikk","tag-deltakerne","tag-malene","generate-columns","tablet-grid-50","mobile-grid-100","grid-parent","grid-33","resize-featured-image"],"yoast_head":"<!-- This site is optimized with the Yoast SEO plugin v24.4 - https:\/\/yoast.com\/wordpress\/plugins\/seo\/ -->\n<title>M\u00e5lene og deltakerne - Nordnesrepublikken<\/title>\n<meta name=\"robots\" content=\"index, follow, max-snippet:-1, max-image-preview:large, max-video-preview:-1\" \/>\n<link rel=\"canonical\" href=\"https:\/\/nordnesrepublikken.no\/index.php\/2025\/09\/01\/malene-og-deltakerne\/\" \/>\n<meta property=\"og:locale\" content=\"nb_NO\" \/>\n<meta property=\"og:type\" content=\"article\" \/>\n<meta property=\"og:title\" content=\"M\u00e5lene og deltakerne - Nordnesrepublikken\" \/>\n<meta property=\"og:description\" content=\"Det internasjonale humanit\u00e6re oppdraget har endelig startet fra havnen i Barcelona Global Sumud Flotillasom har\" \/>\n<meta property=\"og:url\" content=\"https:\/\/nordnesrepublikken.no\/index.php\/2025\/09\/01\/malene-og-deltakerne\/\" \/>\n<meta property=\"og:site_name\" content=\"Nordnesrepublikken\" \/>\n<meta property=\"article:published_time\" content=\"2025-09-01T12:49:31+00:00\" \/>\n<meta property=\"article:modified_time\" content=\"2025-09-01T12:49:32+00:00\" \/>\n<meta property=\"og:image\" content=\"https:\/\/nordnesrepublikken.no\/wp-content\/uploads\/2025\/09\/Malene-og-deltakerne.jpg\" \/>\n\t<meta property=\"og:image:width\" content=\"1408\" \/>\n\t<meta property=\"og:image:height\" content=\"792\" \/>\n\t<meta property=\"og:image:type\" content=\"image\/jpeg\" \/>\n<meta name=\"author\" content=\"Ole Andersen\" \/>\n<meta name=\"twitter:card\" content=\"summary_large_image\" \/>\n<meta name=\"twitter:label1\" content=\"Skrevet av\" \/>\n\t<meta name=\"twitter:data1\" content=\"Ole Andersen\" \/>\n\t<meta name=\"twitter:label2\" content=\"Ansl. lesetid\" \/>\n\t<meta name=\"twitter:data2\" content=\"6 minutter\" \/>\n<script type=\"application\/ld+json\" class=\"yoast-schema-graph\">{\"@context\":\"https:\/\/schema.org\",\"@graph\":[{\"@type\":\"Article\",\"@id\":\"https:\/\/nordnesrepublikken.no\/index.php\/2025\/09\/01\/malene-og-deltakerne\/#article\",\"isPartOf\":{\"@id\":\"https:\/\/nordnesrepublikken.no\/index.php\/2025\/09\/01\/malene-og-deltakerne\/\"},\"author\":{\"name\":\"Ole Andersen\",\"@id\":\"https:\/\/nordnesrepublikken.no\/#\/schema\/person\/2e7e81935bab77882fffb79296240ff1\"},\"headline\":\"M\u00e5lene og deltakerne\",\"datePublished\":\"2025-09-01T12:49:31+00:00\",\"dateModified\":\"2025-09-01T12:49:32+00:00\",\"mainEntityOfPage\":{\"@id\":\"https:\/\/nordnesrepublikken.no\/index.php\/2025\/09\/01\/malene-og-deltakerne\/\"},\"wordCount\":1227,\"publisher\":{\"@id\":\"https:\/\/nordnesrepublikken.no\/#organization\"},\"image\":{\"@id\":\"https:\/\/nordnesrepublikken.no\/index.php\/2025\/09\/01\/malene-og-deltakerne\/#primaryimage\"},\"thumbnailUrl\":\"https:\/\/nordnesrepublikken.no\/wp-content\/uploads\/2025\/09\/Malene-og-deltakerne.jpg\",\"keywords\":[\"deltakerne\",\"M\u00e5lene\"],\"articleSection\":[\"Politikk\"],\"inLanguage\":\"nb-NO\"},{\"@type\":\"WebPage\",\"@id\":\"https:\/\/nordnesrepublikken.no\/index.php\/2025\/09\/01\/malene-og-deltakerne\/\",\"url\":\"https:\/\/nordnesrepublikken.no\/index.php\/2025\/09\/01\/malene-og-deltakerne\/\",\"name\":\"M\u00e5lene og deltakerne - Nordnesrepublikken\",\"isPartOf\":{\"@id\":\"https:\/\/nordnesrepublikken.no\/#website\"},\"primaryImageOfPage\":{\"@id\":\"https:\/\/nordnesrepublikken.no\/index.php\/2025\/09\/01\/malene-og-deltakerne\/#primaryimage\"},\"image\":{\"@id\":\"https:\/\/nordnesrepublikken.no\/index.php\/2025\/09\/01\/malene-og-deltakerne\/#primaryimage\"},\"thumbnailUrl\":\"https:\/\/nordnesrepublikken.no\/wp-content\/uploads\/2025\/09\/Malene-og-deltakerne.jpg\",\"datePublished\":\"2025-09-01T12:49:31+00:00\",\"dateModified\":\"2025-09-01T12:49:32+00:00\",\"breadcrumb\":{\"@id\":\"https:\/\/nordnesrepublikken.no\/index.php\/2025\/09\/01\/malene-og-deltakerne\/#breadcrumb\"},\"inLanguage\":\"nb-NO\",\"potentialAction\":[{\"@type\":\"ReadAction\",\"target\":[\"https:\/\/nordnesrepublikken.no\/index.php\/2025\/09\/01\/malene-og-deltakerne\/\"]}]},{\"@type\":\"ImageObject\",\"inLanguage\":\"nb-NO\",\"@id\":\"https:\/\/nordnesrepublikken.no\/index.php\/2025\/09\/01\/malene-og-deltakerne\/#primaryimage\",\"url\":\"https:\/\/nordnesrepublikken.no\/wp-content\/uploads\/2025\/09\/Malene-og-deltakerne.jpg\",\"contentUrl\":\"https:\/\/nordnesrepublikken.no\/wp-content\/uploads\/2025\/09\/Malene-og-deltakerne.jpg\",\"width\":1408,\"height\":792,\"caption\":\"Immagine\"},{\"@type\":\"BreadcrumbList\",\"@id\":\"https:\/\/nordnesrepublikken.no\/index.php\/2025\/09\/01\/malene-og-deltakerne\/#breadcrumb\",\"itemListElement\":[{\"@type\":\"ListItem\",\"position\":1,\"name\":\"Home\",\"item\":\"https:\/\/nordnesrepublikken.no\/\"},{\"@type\":\"ListItem\",\"position\":2,\"name\":\"M\u00e5lene og deltakerne\"}]},{\"@type\":\"WebSite\",\"@id\":\"https:\/\/nordnesrepublikken.no\/#website\",\"url\":\"https:\/\/nordnesrepublikken.no\/\",\"name\":\"Nordnesrepublikken\",\"description\":\"Stemmer og Visjoner fra Republikkens Hjerte\",\"publisher\":{\"@id\":\"https:\/\/nordnesrepublikken.no\/#organization\"},\"potentialAction\":[{\"@type\":\"SearchAction\",\"target\":{\"@type\":\"EntryPoint\",\"urlTemplate\":\"https:\/\/nordnesrepublikken.no\/?s={search_term_string}\"},\"query-input\":{\"@type\":\"PropertyValueSpecification\",\"valueRequired\":true,\"valueName\":\"search_term_string\"}}],\"inLanguage\":\"nb-NO\"},{\"@type\":\"Organization\",\"@id\":\"https:\/\/nordnesrepublikken.no\/#organization\",\"name\":\"Nordnesrepublikken\",\"url\":\"https:\/\/nordnesrepublikken.no\/\",\"logo\":{\"@type\":\"ImageObject\",\"inLanguage\":\"nb-NO\",\"@id\":\"https:\/\/nordnesrepublikken.no\/#\/schema\/logo\/image\/\",\"url\":\"https:\/\/nordnesrepublikken.no\/wp-content\/uploads\/2025\/02\/cropped-nordnesrepublikken-2.png\",\"contentUrl\":\"https:\/\/nordnesrepublikken.no\/wp-content\/uploads\/2025\/02\/cropped-nordnesrepublikken-2.png\",\"width\":1248,\"height\":362,\"caption\":\"Nordnesrepublikken\"},\"image\":{\"@id\":\"https:\/\/nordnesrepublikken.no\/#\/schema\/logo\/image\/\"}},{\"@type\":\"Person\",\"@id\":\"https:\/\/nordnesrepublikken.no\/#\/schema\/person\/2e7e81935bab77882fffb79296240ff1\",\"name\":\"Ole Andersen\",\"image\":{\"@type\":\"ImageObject\",\"inLanguage\":\"nb-NO\",\"@id\":\"https:\/\/nordnesrepublikken.no\/#\/schema\/person\/image\/\",\"url\":\"https:\/\/nordnesrepublikken.no\/wp-content\/uploads\/2025\/02\/nordnesrepublikken-2-2-150x150.jpg\",\"contentUrl\":\"https:\/\/nordnesrepublikken.no\/wp-content\/uploads\/2025\/02\/nordnesrepublikken-2-2-150x150.jpg\",\"caption\":\"Ole Andersen\"},\"description\":\"Ettersom jeg vokste opp i Oslo, har jeg alltid v\u00e6rt fascinert av ordenes kraft og deres evne til \u00e5 skape endringer. Etter \u00e5 ha fullf\u00f8rt min utdannelse i kommunikasjon ved Universitetet i Bergen, fikk jeg muligheten til \u00e5 jobbe innen ulike medier, der jeg har s\u00f8kt \u00e5 belyse viktige samfunnssp\u00f8rsm\u00e5l. I dag, som redakt\u00f8r for Nordnesrepublikken, pr\u00f8ver jeg \u00e5 forene min kj\u00e6rlighet for journalistikk med min lidenskap for innovasjon og eventyr.\",\"sameAs\":[\"https:\/\/nordnesrepublikken.no\/\"]}]}<\/script>\n<!-- \/ Yoast SEO plugin. -->","yoast_head_json":{"title":"M\u00e5lene og deltakerne - Nordnesrepublikken","robots":{"index":"index","follow":"follow","max-snippet":"max-snippet:-1","max-image-preview":"max-image-preview:large","max-video-preview":"max-video-preview:-1"},"canonical":"https:\/\/nordnesrepublikken.no\/index.php\/2025\/09\/01\/malene-og-deltakerne\/","og_locale":"nb_NO","og_type":"article","og_title":"M\u00e5lene og deltakerne - Nordnesrepublikken","og_description":"Det internasjonale humanit\u00e6re oppdraget har endelig startet fra havnen i Barcelona Global Sumud Flotillasom har","og_url":"https:\/\/nordnesrepublikken.no\/index.php\/2025\/09\/01\/malene-og-deltakerne\/","og_site_name":"Nordnesrepublikken","article_published_time":"2025-09-01T12:49:31+00:00","article_modified_time":"2025-09-01T12:49:32+00:00","og_image":[{"width":1408,"height":792,"url":"https:\/\/nordnesrepublikken.no\/wp-content\/uploads\/2025\/09\/Malene-og-deltakerne.jpg","type":"image\/jpeg"}],"author":"Ole Andersen","twitter_card":"summary_large_image","twitter_misc":{"Skrevet av":"Ole Andersen","Ansl. lesetid":"6 minutter"},"schema":{"@context":"https:\/\/schema.org","@graph":[{"@type":"Article","@id":"https:\/\/nordnesrepublikken.no\/index.php\/2025\/09\/01\/malene-og-deltakerne\/#article","isPartOf":{"@id":"https:\/\/nordnesrepublikken.no\/index.php\/2025\/09\/01\/malene-og-deltakerne\/"},"author":{"name":"Ole Andersen","@id":"https:\/\/nordnesrepublikken.no\/#\/schema\/person\/2e7e81935bab77882fffb79296240ff1"},"headline":"M\u00e5lene og deltakerne","datePublished":"2025-09-01T12:49:31+00:00","dateModified":"2025-09-01T12:49:32+00:00","mainEntityOfPage":{"@id":"https:\/\/nordnesrepublikken.no\/index.php\/2025\/09\/01\/malene-og-deltakerne\/"},"wordCount":1227,"publisher":{"@id":"https:\/\/nordnesrepublikken.no\/#organization"},"image":{"@id":"https:\/\/nordnesrepublikken.no\/index.php\/2025\/09\/01\/malene-og-deltakerne\/#primaryimage"},"thumbnailUrl":"https:\/\/nordnesrepublikken.no\/wp-content\/uploads\/2025\/09\/Malene-og-deltakerne.jpg","keywords":["deltakerne","M\u00e5lene"],"articleSection":["Politikk"],"inLanguage":"nb-NO"},{"@type":"WebPage","@id":"https:\/\/nordnesrepublikken.no\/index.php\/2025\/09\/01\/malene-og-deltakerne\/","url":"https:\/\/nordnesrepublikken.no\/index.php\/2025\/09\/01\/malene-og-deltakerne\/","name":"M\u00e5lene og deltakerne - Nordnesrepublikken","isPartOf":{"@id":"https:\/\/nordnesrepublikken.no\/#website"},"primaryImageOfPage":{"@id":"https:\/\/nordnesrepublikken.no\/index.php\/2025\/09\/01\/malene-og-deltakerne\/#primaryimage"},"image":{"@id":"https:\/\/nordnesrepublikken.no\/index.php\/2025\/09\/01\/malene-og-deltakerne\/#primaryimage"},"thumbnailUrl":"https:\/\/nordnesrepublikken.no\/wp-content\/uploads\/2025\/09\/Malene-og-deltakerne.jpg","datePublished":"2025-09-01T12:49:31+00:00","dateModified":"2025-09-01T12:49:32+00:00","breadcrumb":{"@id":"https:\/\/nordnesrepublikken.no\/index.php\/2025\/09\/01\/malene-og-deltakerne\/#breadcrumb"},"inLanguage":"nb-NO","potentialAction":[{"@type":"ReadAction","target":["https:\/\/nordnesrepublikken.no\/index.php\/2025\/09\/01\/malene-og-deltakerne\/"]}]},{"@type":"ImageObject","inLanguage":"nb-NO","@id":"https:\/\/nordnesrepublikken.no\/index.php\/2025\/09\/01\/malene-og-deltakerne\/#primaryimage","url":"https:\/\/nordnesrepublikken.no\/wp-content\/uploads\/2025\/09\/Malene-og-deltakerne.jpg","contentUrl":"https:\/\/nordnesrepublikken.no\/wp-content\/uploads\/2025\/09\/Malene-og-deltakerne.jpg","width":1408,"height":792,"caption":"Immagine"},{"@type":"BreadcrumbList","@id":"https:\/\/nordnesrepublikken.no\/index.php\/2025\/09\/01\/malene-og-deltakerne\/#breadcrumb","itemListElement":[{"@type":"ListItem","position":1,"name":"Home","item":"https:\/\/nordnesrepublikken.no\/"},{"@type":"ListItem","position":2,"name":"M\u00e5lene og deltakerne"}]},{"@type":"WebSite","@id":"https:\/\/nordnesrepublikken.no\/#website","url":"https:\/\/nordnesrepublikken.no\/","name":"Nordnesrepublikken","description":"Stemmer og Visjoner fra Republikkens Hjerte","publisher":{"@id":"https:\/\/nordnesrepublikken.no\/#organization"},"potentialAction":[{"@type":"SearchAction","target":{"@type":"EntryPoint","urlTemplate":"https:\/\/nordnesrepublikken.no\/?s={search_term_string}"},"query-input":{"@type":"PropertyValueSpecification","valueRequired":true,"valueName":"search_term_string"}}],"inLanguage":"nb-NO"},{"@type":"Organization","@id":"https:\/\/nordnesrepublikken.no\/#organization","name":"Nordnesrepublikken","url":"https:\/\/nordnesrepublikken.no\/","logo":{"@type":"ImageObject","inLanguage":"nb-NO","@id":"https:\/\/nordnesrepublikken.no\/#\/schema\/logo\/image\/","url":"https:\/\/nordnesrepublikken.no\/wp-content\/uploads\/2025\/02\/cropped-nordnesrepublikken-2.png","contentUrl":"https:\/\/nordnesrepublikken.no\/wp-content\/uploads\/2025\/02\/cropped-nordnesrepublikken-2.png","width":1248,"height":362,"caption":"Nordnesrepublikken"},"image":{"@id":"https:\/\/nordnesrepublikken.no\/#\/schema\/logo\/image\/"}},{"@type":"Person","@id":"https:\/\/nordnesrepublikken.no\/#\/schema\/person\/2e7e81935bab77882fffb79296240ff1","name":"Ole Andersen","image":{"@type":"ImageObject","inLanguage":"nb-NO","@id":"https:\/\/nordnesrepublikken.no\/#\/schema\/person\/image\/","url":"https:\/\/nordnesrepublikken.no\/wp-content\/uploads\/2025\/02\/nordnesrepublikken-2-2-150x150.jpg","contentUrl":"https:\/\/nordnesrepublikken.no\/wp-content\/uploads\/2025\/02\/nordnesrepublikken-2-2-150x150.jpg","caption":"Ole Andersen"},"description":"Ettersom jeg vokste opp i Oslo, har jeg alltid v\u00e6rt fascinert av ordenes kraft og deres evne til \u00e5 skape endringer. Etter \u00e5 ha fullf\u00f8rt min utdannelse i kommunikasjon ved Universitetet i Bergen, fikk jeg muligheten til \u00e5 jobbe innen ulike medier, der jeg har s\u00f8kt \u00e5 belyse viktige samfunnssp\u00f8rsm\u00e5l. I dag, som redakt\u00f8r for Nordnesrepublikken, pr\u00f8ver jeg \u00e5 forene min kj\u00e6rlighet for journalistikk med min lidenskap for innovasjon og eventyr.","sameAs":["https:\/\/nordnesrepublikken.no\/"]}]}},"_links":{"self":[{"href":"https:\/\/nordnesrepublikken.no\/index.php\/wp-json\/wp\/v2\/posts\/9017","targetHints":{"allow":["GET"]}}],"collection":[{"href":"https:\/\/nordnesrepublikken.no\/index.php\/wp-json\/wp\/v2\/posts"}],"about":[{"href":"https:\/\/nordnesrepublikken.no\/index.php\/wp-json\/wp\/v2\/types\/post"}],"author":[{"embeddable":true,"href":"https:\/\/nordnesrepublikken.no\/index.php\/wp-json\/wp\/v2\/users\/1"}],"replies":[{"embeddable":true,"href":"https:\/\/nordnesrepublikken.no\/index.php\/wp-json\/wp\/v2\/comments?post=9017"}],"version-history":[{"count":1,"href":"https:\/\/nordnesrepublikken.no\/index.php\/wp-json\/wp\/v2\/posts\/9017\/revisions"}],"predecessor-version":[{"id":9019,"href":"https:\/\/nordnesrepublikken.no\/index.php\/wp-json\/wp\/v2\/posts\/9017\/revisions\/9019"}],"wp:featuredmedia":[{"embeddable":true,"href":"https:\/\/nordnesrepublikken.no\/index.php\/wp-json\/wp\/v2\/media\/9018"}],"wp:attachment":[{"href":"https:\/\/nordnesrepublikken.no\/index.php\/wp-json\/wp\/v2\/media?parent=9017"}],"wp:term":[{"taxonomy":"category","embeddable":true,"href":"https:\/\/nordnesrepublikken.no\/index.php\/wp-json\/wp\/v2\/categories?post=9017"},{"taxonomy":"post_tag","embeddable":true,"href":"https:\/\/nordnesrepublikken.no\/index.php\/wp-json\/wp\/v2\/tags?post=9017"}],"curies":[{"name":"wp","href":"https:\/\/api.w.org\/{rel}","templated":true}]}}