{"id":8981,"date":"2025-08-31T15:49:29","date_gmt":"2025-08-31T13:49:29","guid":{"rendered":"https:\/\/nordnesrepublikken.no\/index.php\/2025\/08\/31\/historien-om-nadezda-durova-den-offisielle-kavalerikvinnen-i-haeren-av-tsarist-russland\/"},"modified":"2025-08-31T15:49:30","modified_gmt":"2025-08-31T13:49:30","slug":"historien-om-nadezda-durova-den-offisielle-kavalerikvinnen-i-haeren-av-tsarist-russland","status":"publish","type":"post","link":"https:\/\/nordnesrepublikken.no\/index.php\/2025\/08\/31\/historien-om-nadezda-durova-den-offisielle-kavalerikvinnen-i-haeren-av-tsarist-russland\/","title":{"rendered":"Historien om Nadezda Durova, den offisielle kavalerikvinnen i h\u00e6ren av tsarist Russland"},"content":{"rendered":"<div>\n<div class=\"cp_wrapper cp_wrapper--fw mb-30 mb-20@tablet\">\n<figure class=\"mm\"><picture class=\"img\" style=\"padding-top:56.25%\"><source  media=\"(min-width: 1024px)\"><source  media=\"(min-width: 768px)\"><\/source><\/source><\/picture><\/figure>\n<\/p><\/div>\n<p><strong>Nadezda Durova<\/strong>f\u00f8dt i Kiev i 1783 og d\u00f8de i Ebaluga i 1866, var en <strong>Kavalerioffiser<\/strong> av tsaristh\u00e6ren, i tjeneste fra 1806 til 1816. P\u00e5meldt mannskl\u00e6r med navnet Aleksander Sololov, deltok han i <strong>PRUSSISK landsbygda<\/strong> og til <strong>Russisk kampanje av 1812<\/strong> Mot den bev\u00e6pnede av Napoleon, og fikk ber\u00f8mmelsen til uredd og effektiv soldat. Tsaren Alexander jeg \u00f8nsket \u00e5 m\u00f8te henne personlig og ga en \u00e6re. Pensjonert fra tjenesten i 1816 fortsatte Nadezda \u00e5 bruke mannlige kl\u00e6r, men forblir under diskusjon om en <strong>transkj\u00f8nn person<\/strong> eller ikke. Etter sin milit\u00e6re karriere var Nadezda forfatteren av <strong>Noen romaner<\/strong> Og fremfor alt av et minnesmerke basert p\u00e5 krigsdagboken hans, &laquo;<strong>Memoars of Cavalier Pulzella<\/strong>&laquo;, Som ga henne stor ber\u00f8mmelse ikke bare i Russland, men ogs\u00e5 i Vesten.<\/p>\n<h2><strong>En jenteh\u00f8st: Nadezdas barndom og bryllup Andreevna Durova<\/strong><\/h2>\n<p>Nadezda Andreevna Durova ble f\u00f8dt i Kiev, dav\u00e6rende en del av det russiske imperiet, 17. september 1783. Faren hans var en USSARI -offiser, en spesiell kavalerienhet. Som barn var Nadezda offer for en ulykke og falt fra vinduet i en racingvogn. Faren overlot henne til omsorgen for soldatene sine. S\u00e5 det var det l\u00e6rte jeg <strong>reisekommandoer<\/strong> Og han begynte \u00e5 bli lidenskapelig opptatt av armer: hans favoritt tidsfordriv var \u00e5 leke med r\u00e5tnet utskrevne pistoler. I 1801, 18 \u00e5r, Nadezda <strong>Han giftet seg med et bryllup<\/strong> Med sorenskriveren Vasily Stefanovich Cherno og i 1803 f\u00f8dte han en s\u00f8nn. Imidlertid overtok lidenskapen for milit\u00e6rt liv og v\u00e5pen snart: i 1806 (1805 if\u00f8lge andre kilder) forlot kvinnen familien og,<strong> Forkledning i mannlige kl\u00e6r, vervet i h\u00e6ren<\/strong>p\u00e5 den tiden engasjerte seg i krigene mot Napoleons Frankrike.<\/p>\n<div class=\"cp_wrapper cp_wrapper--fw mb-50\">\n<figure class=\"mm\"><picture class=\"img\" style=\"padding-top:133.33333333333%\"><source  media=\"(min-width: 1024px)\"><source  media=\"(min-width: 768px)\"><img decoding=\"async\" loading=\"lazy\" src=\"https:\/\/nordnesrepublikken.no\/wp-content\/uploads\/2025\/08\/1756648169_795_Historien-om-Nadezda-Durova-den-offisielle-kavalerikvinnen-i-haeren-av.jpg\" alt=\"Nadezda p\u00e5 omtrent 14 \u00e5r (Wikimedia Commons)\" width=\"300\" height=\"400\"><\/source><\/source><\/picture><\/figure>\n<\/p><\/div>\n<h2><strong>Den milit\u00e6re karrieren<\/strong><\/h2>\n<p>Nadezda valgte \u00e5 melde seg inn i et regiment av riddere, den <strong>Ulani<\/strong>med navnet p\u00e5 <strong>Aleksander Sokolov<\/strong>. Han deltok i denne skikkelsen p\u00e5 <strong>PRUSSISK landsbygda<\/strong>hvor den fjerde koalisjonen (sammensatt av Russland, England, Preussen og andre stater) m\u00f8tte Napoleons Frankrike, og viste seg veldig modig. I f\u00f8lge det hun selv fortalte i minnene sine, lyktes hun under kampene <strong>Redd to s\u00e5rede f\u00f8lgesvenner<\/strong>. Det pr\u00f8yssiske landskapet endte med den franske seieren, sanksjonert av freden til Tilsit mellom Napoleon og det <strong>Tsar alessandro i<\/strong>. Sistnevnte, informert om tilstedev\u00e6relsen av Nadezda blant soldatene, \u00f8nsket \u00e5 m\u00f8te henne personlig: Han mottok den ved retten <strong>I St. Petersburg<\/strong> Og han ga det en viktig \u00e6re, <strong>Cross of San Giorgio<\/strong>. Nadezda ble ogs\u00e5 forfremmet til l\u00f8ytn <strong>Pseudonym av Aleksandrov<\/strong>personlig valgt av tsaren. Han deltok i <strong>Kampanje mot Napoleon av 1812<\/strong> Og i slaget ved Borodino ble han skadet i det ene benet. Han ble v\u00e6rende i h\u00e6ren mer fire \u00e5r, og var vitne til det endelige nederlaget til Napoleon i 1815. I 1816 trakk han seg tilbake fra tjenesten.<\/p>\n<div class=\"cp_wrapper cp_wrapper--fw mb-50\">\n<figure class=\"mm\"><picture class=\"img\" style=\"padding-top:135.66666666667%\"><source  media=\"(min-width: 1024px)\"><source  media=\"(min-width: 768px)\"><img decoding=\"async\" loading=\"lazy\" src=\"https:\/\/nordnesrepublikken.no\/wp-content\/uploads\/2025\/08\/1756648169_64_Historien-om-Nadezda-Durova-den-offisielle-kavalerikvinnen-i-haeren-av.jpg\" alt=\"Nadezda i Uniform Officer (Wikimedia Commons)\" width=\"300\" height=\"407\" class=\"js-seedtag-img\"><\/source><\/source><\/picture><\/figure>\n<\/p><\/div>\n<h2><strong>De siste \u00e5rene og memorboken av Nadezda Andreevna Durova<\/strong><\/h2>\n<p>I l\u00f8pet av sin milit\u00e6re karriere skrev Nadezda en <strong>Dagbok<\/strong> og i 1836 dikteren og forfatteren<strong> Aleksander Pushkin<\/strong> Han overbeviste henne om \u00e5 publisere den. Boken kom ut med tittelen &laquo;<strong>Memoirs of Aleksandrov<\/strong>&laquo;, Men forlagene forandret ham, av kommersielle grunner, i&raquo;<strong>Memoirs of the Virgin Knight<\/strong>&laquo;eller&raquo;<strong>Memoars of Cavalier Pulzella<\/strong>&laquo;(Med denne tittelen er de utgitt p\u00e5 italiensk). Boken regnes som en viktig kilde for studiet av Napoleonskriger. Nadezda skrev ogs\u00e5 romaner E <strong>Han fortsatte \u00e5 kle mannlige kl\u00e6r<\/strong>. Det diskuteres imidlertid hvis en <strong>transkj\u00f8nn person<\/strong> eller <strong>en crossdresser<\/strong>det vil si en kvinne som hadde herrekl\u00e6r. Det som er sikkert er at Nadezda d\u00f8de <strong>21. mars 1866 i byen Ebaluga<\/strong> og ble gravlagt med milit\u00e6r utmerkelse.<\/p>\n<div class=\"cp_wrapper  mb-50\">\n<div class=\"cbx\">\n<div class=\"cbx__collection\">\n<p>Kilder<\/p>\n<div class=\"cbx__sources\">\n<p>Nade\u017eda Durova, Memoirs of Cavalier-Pulzella, Sellerio 1988<\/p>\n<p>                                                                                 HistoryNet, Nade\u017eda Durova                                                                                 <\/p>\n<p>Andreas Schonle, kj\u00f8nnsfors\u00f8k og gotisk spenning: Nadezhda Durovas undergravende selvutforskning, i<\/p>\n<\/p><\/div>\n<\/p><\/div>\n<\/p><\/div>\n<\/p><\/div>\n<\/p><\/div>\n","protected":false},"excerpt":{"rendered":"<p>Nadezda Durovaf\u00f8dt i Kiev i 1783 og d\u00f8de i Ebaluga i 1866, var en Kavalerioffiser<\/p>\n","protected":false},"author":1,"featured_media":8982,"comment_status":"closed","ping_status":"open","sticky":false,"template":"","format":"standard","meta":{"footnotes":""},"categories":[104],"tags":[74,5888,2768,521,5890,5887,5889,398,5891],"class_list":["post-8981","post","type-post","status-publish","format-standard","has-post-thumbnail","hentry","category-samfunn","tag-den","tag-durova","tag-haeren","tag-historien","tag-kavalerikvinnen","tag-nadezda","tag-offisielle","tag-russland","tag-tsarist","generate-columns","tablet-grid-50","mobile-grid-100","grid-parent","grid-33","resize-featured-image"],"yoast_head":"<!-- This site is optimized with the Yoast SEO plugin v24.4 - https:\/\/yoast.com\/wordpress\/plugins\/seo\/ -->\n<title>Historien om Nadezda Durova, den offisielle kavalerikvinnen i h\u00e6ren av tsarist Russland - Nordnesrepublikken<\/title>\n<meta name=\"robots\" content=\"index, follow, max-snippet:-1, max-image-preview:large, max-video-preview:-1\" \/>\n<link rel=\"canonical\" href=\"https:\/\/nordnesrepublikken.no\/index.php\/2025\/08\/31\/historien-om-nadezda-durova-den-offisielle-kavalerikvinnen-i-haeren-av-tsarist-russland\/\" \/>\n<meta property=\"og:locale\" content=\"nb_NO\" \/>\n<meta property=\"og:type\" content=\"article\" \/>\n<meta property=\"og:title\" content=\"Historien om Nadezda Durova, den offisielle kavalerikvinnen i h\u00e6ren av tsarist Russland - Nordnesrepublikken\" \/>\n<meta property=\"og:description\" content=\"Nadezda Durovaf\u00f8dt i Kiev i 1783 og d\u00f8de i Ebaluga i 1866, var en Kavalerioffiser\" \/>\n<meta property=\"og:url\" content=\"https:\/\/nordnesrepublikken.no\/index.php\/2025\/08\/31\/historien-om-nadezda-durova-den-offisielle-kavalerikvinnen-i-haeren-av-tsarist-russland\/\" \/>\n<meta property=\"og:site_name\" content=\"Nordnesrepublikken\" \/>\n<meta property=\"article:published_time\" content=\"2025-08-31T13:49:29+00:00\" \/>\n<meta property=\"article:modified_time\" content=\"2025-08-31T13:49:30+00:00\" \/>\n<meta property=\"og:image\" content=\"https:\/\/nordnesrepublikken.no\/wp-content\/uploads\/2025\/08\/1756648169_Historien-om-Nadezda-Durova-den-offisielle-kavalerikvinnen-i-haeren-av.jpg\" \/>\n\t<meta property=\"og:image:width\" content=\"1536\" \/>\n\t<meta property=\"og:image:height\" content=\"1024\" \/>\n\t<meta property=\"og:image:type\" content=\"image\/jpeg\" \/>\n<meta name=\"author\" content=\"Ole Andersen\" \/>\n<meta name=\"twitter:card\" content=\"summary_large_image\" \/>\n<meta name=\"twitter:label1\" content=\"Skrevet av\" \/>\n\t<meta name=\"twitter:data1\" content=\"Ole Andersen\" \/>\n\t<meta name=\"twitter:label2\" content=\"Ansl. lesetid\" \/>\n\t<meta name=\"twitter:data2\" content=\"3 minutter\" \/>\n<script type=\"application\/ld+json\" class=\"yoast-schema-graph\">{\"@context\":\"https:\/\/schema.org\",\"@graph\":[{\"@type\":\"Article\",\"@id\":\"https:\/\/nordnesrepublikken.no\/index.php\/2025\/08\/31\/historien-om-nadezda-durova-den-offisielle-kavalerikvinnen-i-haeren-av-tsarist-russland\/#article\",\"isPartOf\":{\"@id\":\"https:\/\/nordnesrepublikken.no\/index.php\/2025\/08\/31\/historien-om-nadezda-durova-den-offisielle-kavalerikvinnen-i-haeren-av-tsarist-russland\/\"},\"author\":{\"name\":\"Ole Andersen\",\"@id\":\"https:\/\/nordnesrepublikken.no\/#\/schema\/person\/2e7e81935bab77882fffb79296240ff1\"},\"headline\":\"Historien om Nadezda Durova, den offisielle kavalerikvinnen i h\u00e6ren av tsarist Russland\",\"datePublished\":\"2025-08-31T13:49:29+00:00\",\"dateModified\":\"2025-08-31T13:49:30+00:00\",\"mainEntityOfPage\":{\"@id\":\"https:\/\/nordnesrepublikken.no\/index.php\/2025\/08\/31\/historien-om-nadezda-durova-den-offisielle-kavalerikvinnen-i-haeren-av-tsarist-russland\/\"},\"wordCount\":618,\"publisher\":{\"@id\":\"https:\/\/nordnesrepublikken.no\/#organization\"},\"image\":{\"@id\":\"https:\/\/nordnesrepublikken.no\/index.php\/2025\/08\/31\/historien-om-nadezda-durova-den-offisielle-kavalerikvinnen-i-haeren-av-tsarist-russland\/#primaryimage\"},\"thumbnailUrl\":\"https:\/\/nordnesrepublikken.no\/wp-content\/uploads\/2025\/08\/1756648169_Historien-om-Nadezda-Durova-den-offisielle-kavalerikvinnen-i-haeren-av.jpg\",\"keywords\":[\"den\",\"Durova\",\"h\u00e6ren\",\"Historien\",\"kavalerikvinnen\",\"Nadezda\",\"offisielle\",\"Russland\",\"tsarist\"],\"articleSection\":[\"Samfunn\"],\"inLanguage\":\"nb-NO\"},{\"@type\":\"WebPage\",\"@id\":\"https:\/\/nordnesrepublikken.no\/index.php\/2025\/08\/31\/historien-om-nadezda-durova-den-offisielle-kavalerikvinnen-i-haeren-av-tsarist-russland\/\",\"url\":\"https:\/\/nordnesrepublikken.no\/index.php\/2025\/08\/31\/historien-om-nadezda-durova-den-offisielle-kavalerikvinnen-i-haeren-av-tsarist-russland\/\",\"name\":\"Historien om Nadezda Durova, den offisielle kavalerikvinnen i h\u00e6ren av tsarist Russland - Nordnesrepublikken\",\"isPartOf\":{\"@id\":\"https:\/\/nordnesrepublikken.no\/#website\"},\"primaryImageOfPage\":{\"@id\":\"https:\/\/nordnesrepublikken.no\/index.php\/2025\/08\/31\/historien-om-nadezda-durova-den-offisielle-kavalerikvinnen-i-haeren-av-tsarist-russland\/#primaryimage\"},\"image\":{\"@id\":\"https:\/\/nordnesrepublikken.no\/index.php\/2025\/08\/31\/historien-om-nadezda-durova-den-offisielle-kavalerikvinnen-i-haeren-av-tsarist-russland\/#primaryimage\"},\"thumbnailUrl\":\"https:\/\/nordnesrepublikken.no\/wp-content\/uploads\/2025\/08\/1756648169_Historien-om-Nadezda-Durova-den-offisielle-kavalerikvinnen-i-haeren-av.jpg\",\"datePublished\":\"2025-08-31T13:49:29+00:00\",\"dateModified\":\"2025-08-31T13:49:30+00:00\",\"breadcrumb\":{\"@id\":\"https:\/\/nordnesrepublikken.no\/index.php\/2025\/08\/31\/historien-om-nadezda-durova-den-offisielle-kavalerikvinnen-i-haeren-av-tsarist-russland\/#breadcrumb\"},\"inLanguage\":\"nb-NO\",\"potentialAction\":[{\"@type\":\"ReadAction\",\"target\":[\"https:\/\/nordnesrepublikken.no\/index.php\/2025\/08\/31\/historien-om-nadezda-durova-den-offisielle-kavalerikvinnen-i-haeren-av-tsarist-russland\/\"]}]},{\"@type\":\"ImageObject\",\"inLanguage\":\"nb-NO\",\"@id\":\"https:\/\/nordnesrepublikken.no\/index.php\/2025\/08\/31\/historien-om-nadezda-durova-den-offisielle-kavalerikvinnen-i-haeren-av-tsarist-russland\/#primaryimage\",\"url\":\"https:\/\/nordnesrepublikken.no\/wp-content\/uploads\/2025\/08\/1756648169_Historien-om-Nadezda-Durova-den-offisielle-kavalerikvinnen-i-haeren-av.jpg\",\"contentUrl\":\"https:\/\/nordnesrepublikken.no\/wp-content\/uploads\/2025\/08\/1756648169_Historien-om-Nadezda-Durova-den-offisielle-kavalerikvinnen-i-haeren-av.jpg\",\"width\":1536,\"height\":1024,\"caption\":\"Nazedna copertina. Rappresentazione grafica generata con IA\"},{\"@type\":\"BreadcrumbList\",\"@id\":\"https:\/\/nordnesrepublikken.no\/index.php\/2025\/08\/31\/historien-om-nadezda-durova-den-offisielle-kavalerikvinnen-i-haeren-av-tsarist-russland\/#breadcrumb\",\"itemListElement\":[{\"@type\":\"ListItem\",\"position\":1,\"name\":\"Home\",\"item\":\"https:\/\/nordnesrepublikken.no\/\"},{\"@type\":\"ListItem\",\"position\":2,\"name\":\"Historien om Nadezda Durova, den offisielle kavalerikvinnen i h\u00e6ren av tsarist Russland\"}]},{\"@type\":\"WebSite\",\"@id\":\"https:\/\/nordnesrepublikken.no\/#website\",\"url\":\"https:\/\/nordnesrepublikken.no\/\",\"name\":\"Nordnesrepublikken\",\"description\":\"Stemmer og Visjoner fra Republikkens Hjerte\",\"publisher\":{\"@id\":\"https:\/\/nordnesrepublikken.no\/#organization\"},\"potentialAction\":[{\"@type\":\"SearchAction\",\"target\":{\"@type\":\"EntryPoint\",\"urlTemplate\":\"https:\/\/nordnesrepublikken.no\/?s={search_term_string}\"},\"query-input\":{\"@type\":\"PropertyValueSpecification\",\"valueRequired\":true,\"valueName\":\"search_term_string\"}}],\"inLanguage\":\"nb-NO\"},{\"@type\":\"Organization\",\"@id\":\"https:\/\/nordnesrepublikken.no\/#organization\",\"name\":\"Nordnesrepublikken\",\"url\":\"https:\/\/nordnesrepublikken.no\/\",\"logo\":{\"@type\":\"ImageObject\",\"inLanguage\":\"nb-NO\",\"@id\":\"https:\/\/nordnesrepublikken.no\/#\/schema\/logo\/image\/\",\"url\":\"https:\/\/nordnesrepublikken.no\/wp-content\/uploads\/2025\/02\/cropped-nordnesrepublikken-2.png\",\"contentUrl\":\"https:\/\/nordnesrepublikken.no\/wp-content\/uploads\/2025\/02\/cropped-nordnesrepublikken-2.png\",\"width\":1248,\"height\":362,\"caption\":\"Nordnesrepublikken\"},\"image\":{\"@id\":\"https:\/\/nordnesrepublikken.no\/#\/schema\/logo\/image\/\"}},{\"@type\":\"Person\",\"@id\":\"https:\/\/nordnesrepublikken.no\/#\/schema\/person\/2e7e81935bab77882fffb79296240ff1\",\"name\":\"Ole Andersen\",\"image\":{\"@type\":\"ImageObject\",\"inLanguage\":\"nb-NO\",\"@id\":\"https:\/\/nordnesrepublikken.no\/#\/schema\/person\/image\/\",\"url\":\"https:\/\/nordnesrepublikken.no\/wp-content\/uploads\/2025\/02\/nordnesrepublikken-2-2-150x150.jpg\",\"contentUrl\":\"https:\/\/nordnesrepublikken.no\/wp-content\/uploads\/2025\/02\/nordnesrepublikken-2-2-150x150.jpg\",\"caption\":\"Ole Andersen\"},\"description\":\"Ettersom jeg vokste opp i Oslo, har jeg alltid v\u00e6rt fascinert av ordenes kraft og deres evne til \u00e5 skape endringer. Etter \u00e5 ha fullf\u00f8rt min utdannelse i kommunikasjon ved Universitetet i Bergen, fikk jeg muligheten til \u00e5 jobbe innen ulike medier, der jeg har s\u00f8kt \u00e5 belyse viktige samfunnssp\u00f8rsm\u00e5l. I dag, som redakt\u00f8r for Nordnesrepublikken, pr\u00f8ver jeg \u00e5 forene min kj\u00e6rlighet for journalistikk med min lidenskap for innovasjon og eventyr.\",\"sameAs\":[\"https:\/\/nordnesrepublikken.no\/\"]}]}<\/script>\n<!-- \/ Yoast SEO plugin. -->","yoast_head_json":{"title":"Historien om Nadezda Durova, den offisielle kavalerikvinnen i h\u00e6ren av tsarist Russland - Nordnesrepublikken","robots":{"index":"index","follow":"follow","max-snippet":"max-snippet:-1","max-image-preview":"max-image-preview:large","max-video-preview":"max-video-preview:-1"},"canonical":"https:\/\/nordnesrepublikken.no\/index.php\/2025\/08\/31\/historien-om-nadezda-durova-den-offisielle-kavalerikvinnen-i-haeren-av-tsarist-russland\/","og_locale":"nb_NO","og_type":"article","og_title":"Historien om Nadezda Durova, den offisielle kavalerikvinnen i h\u00e6ren av tsarist Russland - Nordnesrepublikken","og_description":"Nadezda Durovaf\u00f8dt i Kiev i 1783 og d\u00f8de i Ebaluga i 1866, var en Kavalerioffiser","og_url":"https:\/\/nordnesrepublikken.no\/index.php\/2025\/08\/31\/historien-om-nadezda-durova-den-offisielle-kavalerikvinnen-i-haeren-av-tsarist-russland\/","og_site_name":"Nordnesrepublikken","article_published_time":"2025-08-31T13:49:29+00:00","article_modified_time":"2025-08-31T13:49:30+00:00","og_image":[{"width":1536,"height":1024,"url":"https:\/\/nordnesrepublikken.no\/wp-content\/uploads\/2025\/08\/1756648169_Historien-om-Nadezda-Durova-den-offisielle-kavalerikvinnen-i-haeren-av.jpg","type":"image\/jpeg"}],"author":"Ole Andersen","twitter_card":"summary_large_image","twitter_misc":{"Skrevet av":"Ole Andersen","Ansl. lesetid":"3 minutter"},"schema":{"@context":"https:\/\/schema.org","@graph":[{"@type":"Article","@id":"https:\/\/nordnesrepublikken.no\/index.php\/2025\/08\/31\/historien-om-nadezda-durova-den-offisielle-kavalerikvinnen-i-haeren-av-tsarist-russland\/#article","isPartOf":{"@id":"https:\/\/nordnesrepublikken.no\/index.php\/2025\/08\/31\/historien-om-nadezda-durova-den-offisielle-kavalerikvinnen-i-haeren-av-tsarist-russland\/"},"author":{"name":"Ole Andersen","@id":"https:\/\/nordnesrepublikken.no\/#\/schema\/person\/2e7e81935bab77882fffb79296240ff1"},"headline":"Historien om Nadezda Durova, den offisielle kavalerikvinnen i h\u00e6ren av tsarist Russland","datePublished":"2025-08-31T13:49:29+00:00","dateModified":"2025-08-31T13:49:30+00:00","mainEntityOfPage":{"@id":"https:\/\/nordnesrepublikken.no\/index.php\/2025\/08\/31\/historien-om-nadezda-durova-den-offisielle-kavalerikvinnen-i-haeren-av-tsarist-russland\/"},"wordCount":618,"publisher":{"@id":"https:\/\/nordnesrepublikken.no\/#organization"},"image":{"@id":"https:\/\/nordnesrepublikken.no\/index.php\/2025\/08\/31\/historien-om-nadezda-durova-den-offisielle-kavalerikvinnen-i-haeren-av-tsarist-russland\/#primaryimage"},"thumbnailUrl":"https:\/\/nordnesrepublikken.no\/wp-content\/uploads\/2025\/08\/1756648169_Historien-om-Nadezda-Durova-den-offisielle-kavalerikvinnen-i-haeren-av.jpg","keywords":["den","Durova","h\u00e6ren","Historien","kavalerikvinnen","Nadezda","offisielle","Russland","tsarist"],"articleSection":["Samfunn"],"inLanguage":"nb-NO"},{"@type":"WebPage","@id":"https:\/\/nordnesrepublikken.no\/index.php\/2025\/08\/31\/historien-om-nadezda-durova-den-offisielle-kavalerikvinnen-i-haeren-av-tsarist-russland\/","url":"https:\/\/nordnesrepublikken.no\/index.php\/2025\/08\/31\/historien-om-nadezda-durova-den-offisielle-kavalerikvinnen-i-haeren-av-tsarist-russland\/","name":"Historien om Nadezda Durova, den offisielle kavalerikvinnen i h\u00e6ren av tsarist Russland - Nordnesrepublikken","isPartOf":{"@id":"https:\/\/nordnesrepublikken.no\/#website"},"primaryImageOfPage":{"@id":"https:\/\/nordnesrepublikken.no\/index.php\/2025\/08\/31\/historien-om-nadezda-durova-den-offisielle-kavalerikvinnen-i-haeren-av-tsarist-russland\/#primaryimage"},"image":{"@id":"https:\/\/nordnesrepublikken.no\/index.php\/2025\/08\/31\/historien-om-nadezda-durova-den-offisielle-kavalerikvinnen-i-haeren-av-tsarist-russland\/#primaryimage"},"thumbnailUrl":"https:\/\/nordnesrepublikken.no\/wp-content\/uploads\/2025\/08\/1756648169_Historien-om-Nadezda-Durova-den-offisielle-kavalerikvinnen-i-haeren-av.jpg","datePublished":"2025-08-31T13:49:29+00:00","dateModified":"2025-08-31T13:49:30+00:00","breadcrumb":{"@id":"https:\/\/nordnesrepublikken.no\/index.php\/2025\/08\/31\/historien-om-nadezda-durova-den-offisielle-kavalerikvinnen-i-haeren-av-tsarist-russland\/#breadcrumb"},"inLanguage":"nb-NO","potentialAction":[{"@type":"ReadAction","target":["https:\/\/nordnesrepublikken.no\/index.php\/2025\/08\/31\/historien-om-nadezda-durova-den-offisielle-kavalerikvinnen-i-haeren-av-tsarist-russland\/"]}]},{"@type":"ImageObject","inLanguage":"nb-NO","@id":"https:\/\/nordnesrepublikken.no\/index.php\/2025\/08\/31\/historien-om-nadezda-durova-den-offisielle-kavalerikvinnen-i-haeren-av-tsarist-russland\/#primaryimage","url":"https:\/\/nordnesrepublikken.no\/wp-content\/uploads\/2025\/08\/1756648169_Historien-om-Nadezda-Durova-den-offisielle-kavalerikvinnen-i-haeren-av.jpg","contentUrl":"https:\/\/nordnesrepublikken.no\/wp-content\/uploads\/2025\/08\/1756648169_Historien-om-Nadezda-Durova-den-offisielle-kavalerikvinnen-i-haeren-av.jpg","width":1536,"height":1024,"caption":"Nazedna copertina. Rappresentazione grafica generata con IA"},{"@type":"BreadcrumbList","@id":"https:\/\/nordnesrepublikken.no\/index.php\/2025\/08\/31\/historien-om-nadezda-durova-den-offisielle-kavalerikvinnen-i-haeren-av-tsarist-russland\/#breadcrumb","itemListElement":[{"@type":"ListItem","position":1,"name":"Home","item":"https:\/\/nordnesrepublikken.no\/"},{"@type":"ListItem","position":2,"name":"Historien om Nadezda Durova, den offisielle kavalerikvinnen i h\u00e6ren av tsarist Russland"}]},{"@type":"WebSite","@id":"https:\/\/nordnesrepublikken.no\/#website","url":"https:\/\/nordnesrepublikken.no\/","name":"Nordnesrepublikken","description":"Stemmer og Visjoner fra Republikkens Hjerte","publisher":{"@id":"https:\/\/nordnesrepublikken.no\/#organization"},"potentialAction":[{"@type":"SearchAction","target":{"@type":"EntryPoint","urlTemplate":"https:\/\/nordnesrepublikken.no\/?s={search_term_string}"},"query-input":{"@type":"PropertyValueSpecification","valueRequired":true,"valueName":"search_term_string"}}],"inLanguage":"nb-NO"},{"@type":"Organization","@id":"https:\/\/nordnesrepublikken.no\/#organization","name":"Nordnesrepublikken","url":"https:\/\/nordnesrepublikken.no\/","logo":{"@type":"ImageObject","inLanguage":"nb-NO","@id":"https:\/\/nordnesrepublikken.no\/#\/schema\/logo\/image\/","url":"https:\/\/nordnesrepublikken.no\/wp-content\/uploads\/2025\/02\/cropped-nordnesrepublikken-2.png","contentUrl":"https:\/\/nordnesrepublikken.no\/wp-content\/uploads\/2025\/02\/cropped-nordnesrepublikken-2.png","width":1248,"height":362,"caption":"Nordnesrepublikken"},"image":{"@id":"https:\/\/nordnesrepublikken.no\/#\/schema\/logo\/image\/"}},{"@type":"Person","@id":"https:\/\/nordnesrepublikken.no\/#\/schema\/person\/2e7e81935bab77882fffb79296240ff1","name":"Ole Andersen","image":{"@type":"ImageObject","inLanguage":"nb-NO","@id":"https:\/\/nordnesrepublikken.no\/#\/schema\/person\/image\/","url":"https:\/\/nordnesrepublikken.no\/wp-content\/uploads\/2025\/02\/nordnesrepublikken-2-2-150x150.jpg","contentUrl":"https:\/\/nordnesrepublikken.no\/wp-content\/uploads\/2025\/02\/nordnesrepublikken-2-2-150x150.jpg","caption":"Ole Andersen"},"description":"Ettersom jeg vokste opp i Oslo, har jeg alltid v\u00e6rt fascinert av ordenes kraft og deres evne til \u00e5 skape endringer. Etter \u00e5 ha fullf\u00f8rt min utdannelse i kommunikasjon ved Universitetet i Bergen, fikk jeg muligheten til \u00e5 jobbe innen ulike medier, der jeg har s\u00f8kt \u00e5 belyse viktige samfunnssp\u00f8rsm\u00e5l. I dag, som redakt\u00f8r for Nordnesrepublikken, pr\u00f8ver jeg \u00e5 forene min kj\u00e6rlighet for journalistikk med min lidenskap for innovasjon og eventyr.","sameAs":["https:\/\/nordnesrepublikken.no\/"]}]}},"_links":{"self":[{"href":"https:\/\/nordnesrepublikken.no\/index.php\/wp-json\/wp\/v2\/posts\/8981","targetHints":{"allow":["GET"]}}],"collection":[{"href":"https:\/\/nordnesrepublikken.no\/index.php\/wp-json\/wp\/v2\/posts"}],"about":[{"href":"https:\/\/nordnesrepublikken.no\/index.php\/wp-json\/wp\/v2\/types\/post"}],"author":[{"embeddable":true,"href":"https:\/\/nordnesrepublikken.no\/index.php\/wp-json\/wp\/v2\/users\/1"}],"replies":[{"embeddable":true,"href":"https:\/\/nordnesrepublikken.no\/index.php\/wp-json\/wp\/v2\/comments?post=8981"}],"version-history":[{"count":1,"href":"https:\/\/nordnesrepublikken.no\/index.php\/wp-json\/wp\/v2\/posts\/8981\/revisions"}],"predecessor-version":[{"id":8983,"href":"https:\/\/nordnesrepublikken.no\/index.php\/wp-json\/wp\/v2\/posts\/8981\/revisions\/8983"}],"wp:featuredmedia":[{"embeddable":true,"href":"https:\/\/nordnesrepublikken.no\/index.php\/wp-json\/wp\/v2\/media\/8982"}],"wp:attachment":[{"href":"https:\/\/nordnesrepublikken.no\/index.php\/wp-json\/wp\/v2\/media?parent=8981"}],"wp:term":[{"taxonomy":"category","embeddable":true,"href":"https:\/\/nordnesrepublikken.no\/index.php\/wp-json\/wp\/v2\/categories?post=8981"},{"taxonomy":"post_tag","embeddable":true,"href":"https:\/\/nordnesrepublikken.no\/index.php\/wp-json\/wp\/v2\/tags?post=8981"}],"curies":[{"name":"wp","href":"https:\/\/api.w.org\/{rel}","templated":true}]}}