{"id":8972,"date":"2025-08-31T08:51:28","date_gmt":"2025-08-31T06:51:28","guid":{"rendered":"https:\/\/nordnesrepublikken.no\/index.php\/2025\/08\/31\/hvorfor-er-den-rode-loperen-rod-opprinnelsen-til-tradisjonen-kom-til-venezia-film-festival\/"},"modified":"2025-08-31T08:51:30","modified_gmt":"2025-08-31T06:51:30","slug":"hvorfor-er-den-rode-loperen-rod-opprinnelsen-til-tradisjonen-kom-til-venezia-film-festival","status":"publish","type":"post","link":"https:\/\/nordnesrepublikken.no\/index.php\/2025\/08\/31\/hvorfor-er-den-rode-loperen-rod-opprinnelsen-til-tradisjonen-kom-til-venezia-film-festival\/","title":{"rendered":"Hvorfor er den r\u00f8de l\u00f8peren r\u00f8d? Opprinnelsen til tradisjonen kom til Venezia Film Festival"},"content":{"rendered":"<div>\n<div class=\"cp_wrapper cp_wrapper--fw mb-30 mb-20@tablet\">\n<figure class=\"mm\"><picture class=\"img\" style=\"padding-top:56.25%\"><source  media=\"(min-width: 1024px)\"><source  media=\"(min-width: 768px)\"><\/source><\/source><\/picture><\/figure>\n<\/p><\/div>\n<p>\u00d8ynene til underholdningens verden er fokusert p\u00e5 <strong>Venezia Film Festival<\/strong>der skuespillere, regiss\u00f8rer og kjente mennesker fra hele verden vil parade p\u00e5 den ikoniske r\u00f8de l\u00f8peren. Men hvorfor<em> R\u00f8d l\u00f8per<\/em> Er det virkelig r\u00f8dt, og fremfor alt, n\u00e5r kom tradisjonen med \u00e5 spre et teppe for \u00e5 \u00f8nske de viktigste gjestene velkommen? I virkeligheten er opprinnelsen til denne skikken mye fjernere enn vi kunne forvente, og de drar til og med tilbake til det gamle Hellas: den r\u00f8de l\u00f8peren har imidlertid blitt en virkelig skikk for underholdningsverdenen f\u00f8rst i 1922, med den f\u00f8rste <em>R\u00f8d l\u00f8per<\/em> Organisert i Hollywood.<\/p>\n<h2>Det &laquo;lilla&raquo; teppet som er nevnt i skriptene til Aeschylus<\/h2>\n<p>Som forventet, skikken med \u00e5 spre en <strong>R\u00f8d l\u00f8per<\/strong> (eller enda bedre, lilla) for \u00e5 hylle og feire de viktigste gjestene stammer tilbake til det gamle Hellas: allerede i forestillingen av <strong>Agamennon av Eschilo<\/strong>Faktisk snakker vi om r\u00f8de billedvev som ligger fra den hevngjerrige kona til kong Clytemnestra, som forberedte seg p\u00e5 den triumferende velkomsten til ektemannens hus, og kom tilbake fra trojanskrigen.<\/p>\n<p>Generelt har den r\u00f8de lenge v\u00e6rt assosiert med <strong>prestisje<\/strong>p\u00e5 <strong>Royalitet<\/strong> og til<strong>aristokrati<\/strong>\u00e5 v\u00e6re en av de vanskeligste og dyre fargene \u00e5 produsere. Der <strong>Cochineal<\/strong> Eller Carminia Tincture var &#8211; og det er fremdeles &#8211; laget av insektet av Cochineal Squam og ble brukt i det femtende \u00e5rhundre av aztekerne og mayaene i Nord- og Mellom -Amerika for \u00e5 fargelegge vevene.<\/p>\n<h2>Ankomsten av den r\u00f8de l\u00f8peren i Hollywood<\/h2>\n<p>Det er sant at tradisjonen med \u00e5 spre en r\u00f8d teppe for prestisjetunge gjester stammer fra antikken, men bruken av den <strong>Hollywood<\/strong> I <strong>1922<\/strong>. Det \u00e5ret, faktisk et langt teppe <strong>Crimson<\/strong> Han ble utplassert foran det egyptiske teatret for det f\u00f8rste Hollywood av <strong>Robin Hood<\/strong>med Douglas Fairbanks. Og i ti\u00e5rene som fulgte, ble den r\u00f8de l\u00f8peren da et av de f\u00e5 stedene der publikum kunne skimte karismatisk stjerne som <strong>Clark Gable<\/strong>, <strong>Jimmy Stewart<\/strong> Og <strong>Grace Kelly<\/strong>.<\/p>\n<p>I f\u00f8lge noen rekonstruksjoner var introduksjonen av den r\u00f8de l\u00f8peren til Hollywood avhengig av spredningen av denne nye tradisjonen i USA med start fra <strong>1821<\/strong>n\u00e5r i Georgetown, i South Carolina, presidenten <strong>James Monroe<\/strong> Han ble \u00f8nsket velkommen med en r\u00f8d teppe ved ankomst til byen.<\/p>\n<h2>Den r\u00f8de l\u00f8peren p\u00e5 Venezia Film Festival<\/h2>\n<p>N\u00e5r det gjelder <strong>Venezia Film Festival<\/strong>I stedet har den r\u00f8de l\u00f8peren blitt en sentral del av filmarrangementet gjennom \u00e5rene: Festivalen ble faktisk f\u00f8dt i 1932, men ble avbrutt noen \u00e5r senere p\u00e5 grunn av utbruddet av andre verdenskrig, og offisielt gjenopptok i 1946.<\/p>\n<p>Fra 1950 -tallet, ogs\u00e5 takket v\u00e6re den \u00f8konomiske boom og blomstringen av italiensk kino, ble paradene p\u00e5 den r\u00f8de l\u00f8peren til Venezia gradvis et av de mest omtalte og verdsatte \u00f8yeblikkene, og var vertskap <strong>Sophia Loren<\/strong> til <strong>Maria Callas<\/strong> Og <strong>Sandra Milo<\/strong>.<\/p>\n<\/p><\/div>\n","protected":false},"excerpt":{"rendered":"<p>\u00d8ynene til underholdningens verden er fokusert p\u00e5 Venezia Film Festivalder skuespillere, regiss\u00f8rer og kjente mennesker<\/p>\n","protected":false},"author":1,"featured_media":8973,"comment_status":"closed","ping_status":"open","sticky":false,"template":"","format":"standard","meta":{"footnotes":""},"categories":[104],"tags":[74,5437,5880,101,3912,5879,2162,2314,2071,117,2072,4729],"class_list":["post-8972","post","type-post","status-publish","format-standard","has-post-thumbnail","hentry","category-samfunn","tag-den","tag-festival","tag-film","tag-hvorfor","tag-kom","tag-loperen","tag-opprinnelsen","tag-rod","tag-rode","tag-til","tag-tradisjonen","tag-venezia","generate-columns","tablet-grid-50","mobile-grid-100","grid-parent","grid-33","resize-featured-image"],"yoast_head":"<!-- This site is optimized with the Yoast SEO plugin v24.4 - https:\/\/yoast.com\/wordpress\/plugins\/seo\/ -->\n<title>Hvorfor er den r\u00f8de l\u00f8peren r\u00f8d? Opprinnelsen til tradisjonen kom til Venezia Film Festival - Nordnesrepublikken<\/title>\n<meta name=\"robots\" content=\"index, follow, max-snippet:-1, max-image-preview:large, max-video-preview:-1\" \/>\n<link rel=\"canonical\" href=\"https:\/\/nordnesrepublikken.no\/index.php\/2025\/08\/31\/hvorfor-er-den-rode-loperen-rod-opprinnelsen-til-tradisjonen-kom-til-venezia-film-festival\/\" \/>\n<meta property=\"og:locale\" content=\"nb_NO\" \/>\n<meta property=\"og:type\" content=\"article\" \/>\n<meta property=\"og:title\" content=\"Hvorfor er den r\u00f8de l\u00f8peren r\u00f8d? Opprinnelsen til tradisjonen kom til Venezia Film Festival - Nordnesrepublikken\" \/>\n<meta property=\"og:description\" content=\"\u00d8ynene til underholdningens verden er fokusert p\u00e5 Venezia Film Festivalder skuespillere, regiss\u00f8rer og kjente mennesker\" \/>\n<meta property=\"og:url\" content=\"https:\/\/nordnesrepublikken.no\/index.php\/2025\/08\/31\/hvorfor-er-den-rode-loperen-rod-opprinnelsen-til-tradisjonen-kom-til-venezia-film-festival\/\" \/>\n<meta property=\"og:site_name\" content=\"Nordnesrepublikken\" \/>\n<meta property=\"article:published_time\" content=\"2025-08-31T06:51:28+00:00\" \/>\n<meta property=\"article:modified_time\" content=\"2025-08-31T06:51:30+00:00\" \/>\n<meta property=\"og:image\" content=\"https:\/\/nordnesrepublikken.no\/wp-content\/uploads\/2025\/08\/1756623089_Hvorfor-er-den-rode-loperen-rod-Opprinnelsen-til-tradisjonen-kom.jpg\" \/>\n\t<meta property=\"og:image:width\" content=\"1253\" \/>\n\t<meta property=\"og:image:height\" content=\"836\" \/>\n\t<meta property=\"og:image:type\" content=\"image\/jpeg\" \/>\n<meta name=\"author\" content=\"Ole Andersen\" \/>\n<meta name=\"twitter:card\" content=\"summary_large_image\" \/>\n<meta name=\"twitter:label1\" content=\"Skrevet av\" \/>\n\t<meta name=\"twitter:data1\" content=\"Ole Andersen\" \/>\n\t<meta name=\"twitter:label2\" content=\"Ansl. lesetid\" \/>\n\t<meta name=\"twitter:data2\" content=\"2 minutter\" \/>\n<script type=\"application\/ld+json\" class=\"yoast-schema-graph\">{\"@context\":\"https:\/\/schema.org\",\"@graph\":[{\"@type\":\"Article\",\"@id\":\"https:\/\/nordnesrepublikken.no\/index.php\/2025\/08\/31\/hvorfor-er-den-rode-loperen-rod-opprinnelsen-til-tradisjonen-kom-til-venezia-film-festival\/#article\",\"isPartOf\":{\"@id\":\"https:\/\/nordnesrepublikken.no\/index.php\/2025\/08\/31\/hvorfor-er-den-rode-loperen-rod-opprinnelsen-til-tradisjonen-kom-til-venezia-film-festival\/\"},\"author\":{\"name\":\"Ole Andersen\",\"@id\":\"https:\/\/nordnesrepublikken.no\/#\/schema\/person\/2e7e81935bab77882fffb79296240ff1\"},\"headline\":\"Hvorfor er den r\u00f8de l\u00f8peren r\u00f8d? Opprinnelsen til tradisjonen kom til Venezia Film Festival\",\"datePublished\":\"2025-08-31T06:51:28+00:00\",\"dateModified\":\"2025-08-31T06:51:30+00:00\",\"mainEntityOfPage\":{\"@id\":\"https:\/\/nordnesrepublikken.no\/index.php\/2025\/08\/31\/hvorfor-er-den-rode-loperen-rod-opprinnelsen-til-tradisjonen-kom-til-venezia-film-festival\/\"},\"wordCount\":495,\"publisher\":{\"@id\":\"https:\/\/nordnesrepublikken.no\/#organization\"},\"image\":{\"@id\":\"https:\/\/nordnesrepublikken.no\/index.php\/2025\/08\/31\/hvorfor-er-den-rode-loperen-rod-opprinnelsen-til-tradisjonen-kom-til-venezia-film-festival\/#primaryimage\"},\"thumbnailUrl\":\"https:\/\/nordnesrepublikken.no\/wp-content\/uploads\/2025\/08\/1756623089_Hvorfor-er-den-rode-loperen-rod-Opprinnelsen-til-tradisjonen-kom.jpg\",\"keywords\":[\"den\",\"Festival\",\"Film\",\"hvorfor\",\"kom\",\"l\u00f8peren\",\"Opprinnelsen\",\"Rod\",\"r\u00f8de\",\"til\",\"tradisjonen\",\"Venezia\"],\"articleSection\":[\"Samfunn\"],\"inLanguage\":\"nb-NO\"},{\"@type\":\"WebPage\",\"@id\":\"https:\/\/nordnesrepublikken.no\/index.php\/2025\/08\/31\/hvorfor-er-den-rode-loperen-rod-opprinnelsen-til-tradisjonen-kom-til-venezia-film-festival\/\",\"url\":\"https:\/\/nordnesrepublikken.no\/index.php\/2025\/08\/31\/hvorfor-er-den-rode-loperen-rod-opprinnelsen-til-tradisjonen-kom-til-venezia-film-festival\/\",\"name\":\"Hvorfor er den r\u00f8de l\u00f8peren r\u00f8d? Opprinnelsen til tradisjonen kom til Venezia Film Festival - Nordnesrepublikken\",\"isPartOf\":{\"@id\":\"https:\/\/nordnesrepublikken.no\/#website\"},\"primaryImageOfPage\":{\"@id\":\"https:\/\/nordnesrepublikken.no\/index.php\/2025\/08\/31\/hvorfor-er-den-rode-loperen-rod-opprinnelsen-til-tradisjonen-kom-til-venezia-film-festival\/#primaryimage\"},\"image\":{\"@id\":\"https:\/\/nordnesrepublikken.no\/index.php\/2025\/08\/31\/hvorfor-er-den-rode-loperen-rod-opprinnelsen-til-tradisjonen-kom-til-venezia-film-festival\/#primaryimage\"},\"thumbnailUrl\":\"https:\/\/nordnesrepublikken.no\/wp-content\/uploads\/2025\/08\/1756623089_Hvorfor-er-den-rode-loperen-rod-Opprinnelsen-til-tradisjonen-kom.jpg\",\"datePublished\":\"2025-08-31T06:51:28+00:00\",\"dateModified\":\"2025-08-31T06:51:30+00:00\",\"breadcrumb\":{\"@id\":\"https:\/\/nordnesrepublikken.no\/index.php\/2025\/08\/31\/hvorfor-er-den-rode-loperen-rod-opprinnelsen-til-tradisjonen-kom-til-venezia-film-festival\/#breadcrumb\"},\"inLanguage\":\"nb-NO\",\"potentialAction\":[{\"@type\":\"ReadAction\",\"target\":[\"https:\/\/nordnesrepublikken.no\/index.php\/2025\/08\/31\/hvorfor-er-den-rode-loperen-rod-opprinnelsen-til-tradisjonen-kom-til-venezia-film-festival\/\"]}]},{\"@type\":\"ImageObject\",\"inLanguage\":\"nb-NO\",\"@id\":\"https:\/\/nordnesrepublikken.no\/index.php\/2025\/08\/31\/hvorfor-er-den-rode-loperen-rod-opprinnelsen-til-tradisjonen-kom-til-venezia-film-festival\/#primaryimage\",\"url\":\"https:\/\/nordnesrepublikken.no\/wp-content\/uploads\/2025\/08\/1756623089_Hvorfor-er-den-rode-loperen-rod-Opprinnelsen-til-tradisjonen-kom.jpg\",\"contentUrl\":\"https:\/\/nordnesrepublikken.no\/wp-content\/uploads\/2025\/08\/1756623089_Hvorfor-er-den-rode-loperen-rod-Opprinnelsen-til-tradisjonen-kom.jpg\",\"width\":1253,\"height\":836,\"caption\":\"tappeto-rosso-mostra-cinema-venezia\"},{\"@type\":\"BreadcrumbList\",\"@id\":\"https:\/\/nordnesrepublikken.no\/index.php\/2025\/08\/31\/hvorfor-er-den-rode-loperen-rod-opprinnelsen-til-tradisjonen-kom-til-venezia-film-festival\/#breadcrumb\",\"itemListElement\":[{\"@type\":\"ListItem\",\"position\":1,\"name\":\"Home\",\"item\":\"https:\/\/nordnesrepublikken.no\/\"},{\"@type\":\"ListItem\",\"position\":2,\"name\":\"Hvorfor er den r\u00f8de l\u00f8peren r\u00f8d? Opprinnelsen til tradisjonen kom til Venezia Film Festival\"}]},{\"@type\":\"WebSite\",\"@id\":\"https:\/\/nordnesrepublikken.no\/#website\",\"url\":\"https:\/\/nordnesrepublikken.no\/\",\"name\":\"Nordnesrepublikken\",\"description\":\"Stemmer og Visjoner fra Republikkens Hjerte\",\"publisher\":{\"@id\":\"https:\/\/nordnesrepublikken.no\/#organization\"},\"potentialAction\":[{\"@type\":\"SearchAction\",\"target\":{\"@type\":\"EntryPoint\",\"urlTemplate\":\"https:\/\/nordnesrepublikken.no\/?s={search_term_string}\"},\"query-input\":{\"@type\":\"PropertyValueSpecification\",\"valueRequired\":true,\"valueName\":\"search_term_string\"}}],\"inLanguage\":\"nb-NO\"},{\"@type\":\"Organization\",\"@id\":\"https:\/\/nordnesrepublikken.no\/#organization\",\"name\":\"Nordnesrepublikken\",\"url\":\"https:\/\/nordnesrepublikken.no\/\",\"logo\":{\"@type\":\"ImageObject\",\"inLanguage\":\"nb-NO\",\"@id\":\"https:\/\/nordnesrepublikken.no\/#\/schema\/logo\/image\/\",\"url\":\"https:\/\/nordnesrepublikken.no\/wp-content\/uploads\/2025\/02\/cropped-nordnesrepublikken-2.png\",\"contentUrl\":\"https:\/\/nordnesrepublikken.no\/wp-content\/uploads\/2025\/02\/cropped-nordnesrepublikken-2.png\",\"width\":1248,\"height\":362,\"caption\":\"Nordnesrepublikken\"},\"image\":{\"@id\":\"https:\/\/nordnesrepublikken.no\/#\/schema\/logo\/image\/\"}},{\"@type\":\"Person\",\"@id\":\"https:\/\/nordnesrepublikken.no\/#\/schema\/person\/2e7e81935bab77882fffb79296240ff1\",\"name\":\"Ole Andersen\",\"image\":{\"@type\":\"ImageObject\",\"inLanguage\":\"nb-NO\",\"@id\":\"https:\/\/nordnesrepublikken.no\/#\/schema\/person\/image\/\",\"url\":\"https:\/\/nordnesrepublikken.no\/wp-content\/uploads\/2025\/02\/nordnesrepublikken-2-2-150x150.jpg\",\"contentUrl\":\"https:\/\/nordnesrepublikken.no\/wp-content\/uploads\/2025\/02\/nordnesrepublikken-2-2-150x150.jpg\",\"caption\":\"Ole Andersen\"},\"description\":\"Ettersom jeg vokste opp i Oslo, har jeg alltid v\u00e6rt fascinert av ordenes kraft og deres evne til \u00e5 skape endringer. Etter \u00e5 ha fullf\u00f8rt min utdannelse i kommunikasjon ved Universitetet i Bergen, fikk jeg muligheten til \u00e5 jobbe innen ulike medier, der jeg har s\u00f8kt \u00e5 belyse viktige samfunnssp\u00f8rsm\u00e5l. I dag, som redakt\u00f8r for Nordnesrepublikken, pr\u00f8ver jeg \u00e5 forene min kj\u00e6rlighet for journalistikk med min lidenskap for innovasjon og eventyr.\",\"sameAs\":[\"https:\/\/nordnesrepublikken.no\/\"]}]}<\/script>\n<!-- \/ Yoast SEO plugin. -->","yoast_head_json":{"title":"Hvorfor er den r\u00f8de l\u00f8peren r\u00f8d? Opprinnelsen til tradisjonen kom til Venezia Film Festival - Nordnesrepublikken","robots":{"index":"index","follow":"follow","max-snippet":"max-snippet:-1","max-image-preview":"max-image-preview:large","max-video-preview":"max-video-preview:-1"},"canonical":"https:\/\/nordnesrepublikken.no\/index.php\/2025\/08\/31\/hvorfor-er-den-rode-loperen-rod-opprinnelsen-til-tradisjonen-kom-til-venezia-film-festival\/","og_locale":"nb_NO","og_type":"article","og_title":"Hvorfor er den r\u00f8de l\u00f8peren r\u00f8d? Opprinnelsen til tradisjonen kom til Venezia Film Festival - Nordnesrepublikken","og_description":"\u00d8ynene til underholdningens verden er fokusert p\u00e5 Venezia Film Festivalder skuespillere, regiss\u00f8rer og kjente mennesker","og_url":"https:\/\/nordnesrepublikken.no\/index.php\/2025\/08\/31\/hvorfor-er-den-rode-loperen-rod-opprinnelsen-til-tradisjonen-kom-til-venezia-film-festival\/","og_site_name":"Nordnesrepublikken","article_published_time":"2025-08-31T06:51:28+00:00","article_modified_time":"2025-08-31T06:51:30+00:00","og_image":[{"width":1253,"height":836,"url":"https:\/\/nordnesrepublikken.no\/wp-content\/uploads\/2025\/08\/1756623089_Hvorfor-er-den-rode-loperen-rod-Opprinnelsen-til-tradisjonen-kom.jpg","type":"image\/jpeg"}],"author":"Ole Andersen","twitter_card":"summary_large_image","twitter_misc":{"Skrevet av":"Ole Andersen","Ansl. lesetid":"2 minutter"},"schema":{"@context":"https:\/\/schema.org","@graph":[{"@type":"Article","@id":"https:\/\/nordnesrepublikken.no\/index.php\/2025\/08\/31\/hvorfor-er-den-rode-loperen-rod-opprinnelsen-til-tradisjonen-kom-til-venezia-film-festival\/#article","isPartOf":{"@id":"https:\/\/nordnesrepublikken.no\/index.php\/2025\/08\/31\/hvorfor-er-den-rode-loperen-rod-opprinnelsen-til-tradisjonen-kom-til-venezia-film-festival\/"},"author":{"name":"Ole Andersen","@id":"https:\/\/nordnesrepublikken.no\/#\/schema\/person\/2e7e81935bab77882fffb79296240ff1"},"headline":"Hvorfor er den r\u00f8de l\u00f8peren r\u00f8d? Opprinnelsen til tradisjonen kom til Venezia Film Festival","datePublished":"2025-08-31T06:51:28+00:00","dateModified":"2025-08-31T06:51:30+00:00","mainEntityOfPage":{"@id":"https:\/\/nordnesrepublikken.no\/index.php\/2025\/08\/31\/hvorfor-er-den-rode-loperen-rod-opprinnelsen-til-tradisjonen-kom-til-venezia-film-festival\/"},"wordCount":495,"publisher":{"@id":"https:\/\/nordnesrepublikken.no\/#organization"},"image":{"@id":"https:\/\/nordnesrepublikken.no\/index.php\/2025\/08\/31\/hvorfor-er-den-rode-loperen-rod-opprinnelsen-til-tradisjonen-kom-til-venezia-film-festival\/#primaryimage"},"thumbnailUrl":"https:\/\/nordnesrepublikken.no\/wp-content\/uploads\/2025\/08\/1756623089_Hvorfor-er-den-rode-loperen-rod-Opprinnelsen-til-tradisjonen-kom.jpg","keywords":["den","Festival","Film","hvorfor","kom","l\u00f8peren","Opprinnelsen","Rod","r\u00f8de","til","tradisjonen","Venezia"],"articleSection":["Samfunn"],"inLanguage":"nb-NO"},{"@type":"WebPage","@id":"https:\/\/nordnesrepublikken.no\/index.php\/2025\/08\/31\/hvorfor-er-den-rode-loperen-rod-opprinnelsen-til-tradisjonen-kom-til-venezia-film-festival\/","url":"https:\/\/nordnesrepublikken.no\/index.php\/2025\/08\/31\/hvorfor-er-den-rode-loperen-rod-opprinnelsen-til-tradisjonen-kom-til-venezia-film-festival\/","name":"Hvorfor er den r\u00f8de l\u00f8peren r\u00f8d? Opprinnelsen til tradisjonen kom til Venezia Film Festival - Nordnesrepublikken","isPartOf":{"@id":"https:\/\/nordnesrepublikken.no\/#website"},"primaryImageOfPage":{"@id":"https:\/\/nordnesrepublikken.no\/index.php\/2025\/08\/31\/hvorfor-er-den-rode-loperen-rod-opprinnelsen-til-tradisjonen-kom-til-venezia-film-festival\/#primaryimage"},"image":{"@id":"https:\/\/nordnesrepublikken.no\/index.php\/2025\/08\/31\/hvorfor-er-den-rode-loperen-rod-opprinnelsen-til-tradisjonen-kom-til-venezia-film-festival\/#primaryimage"},"thumbnailUrl":"https:\/\/nordnesrepublikken.no\/wp-content\/uploads\/2025\/08\/1756623089_Hvorfor-er-den-rode-loperen-rod-Opprinnelsen-til-tradisjonen-kom.jpg","datePublished":"2025-08-31T06:51:28+00:00","dateModified":"2025-08-31T06:51:30+00:00","breadcrumb":{"@id":"https:\/\/nordnesrepublikken.no\/index.php\/2025\/08\/31\/hvorfor-er-den-rode-loperen-rod-opprinnelsen-til-tradisjonen-kom-til-venezia-film-festival\/#breadcrumb"},"inLanguage":"nb-NO","potentialAction":[{"@type":"ReadAction","target":["https:\/\/nordnesrepublikken.no\/index.php\/2025\/08\/31\/hvorfor-er-den-rode-loperen-rod-opprinnelsen-til-tradisjonen-kom-til-venezia-film-festival\/"]}]},{"@type":"ImageObject","inLanguage":"nb-NO","@id":"https:\/\/nordnesrepublikken.no\/index.php\/2025\/08\/31\/hvorfor-er-den-rode-loperen-rod-opprinnelsen-til-tradisjonen-kom-til-venezia-film-festival\/#primaryimage","url":"https:\/\/nordnesrepublikken.no\/wp-content\/uploads\/2025\/08\/1756623089_Hvorfor-er-den-rode-loperen-rod-Opprinnelsen-til-tradisjonen-kom.jpg","contentUrl":"https:\/\/nordnesrepublikken.no\/wp-content\/uploads\/2025\/08\/1756623089_Hvorfor-er-den-rode-loperen-rod-Opprinnelsen-til-tradisjonen-kom.jpg","width":1253,"height":836,"caption":"tappeto-rosso-mostra-cinema-venezia"},{"@type":"BreadcrumbList","@id":"https:\/\/nordnesrepublikken.no\/index.php\/2025\/08\/31\/hvorfor-er-den-rode-loperen-rod-opprinnelsen-til-tradisjonen-kom-til-venezia-film-festival\/#breadcrumb","itemListElement":[{"@type":"ListItem","position":1,"name":"Home","item":"https:\/\/nordnesrepublikken.no\/"},{"@type":"ListItem","position":2,"name":"Hvorfor er den r\u00f8de l\u00f8peren r\u00f8d? Opprinnelsen til tradisjonen kom til Venezia Film Festival"}]},{"@type":"WebSite","@id":"https:\/\/nordnesrepublikken.no\/#website","url":"https:\/\/nordnesrepublikken.no\/","name":"Nordnesrepublikken","description":"Stemmer og Visjoner fra Republikkens Hjerte","publisher":{"@id":"https:\/\/nordnesrepublikken.no\/#organization"},"potentialAction":[{"@type":"SearchAction","target":{"@type":"EntryPoint","urlTemplate":"https:\/\/nordnesrepublikken.no\/?s={search_term_string}"},"query-input":{"@type":"PropertyValueSpecification","valueRequired":true,"valueName":"search_term_string"}}],"inLanguage":"nb-NO"},{"@type":"Organization","@id":"https:\/\/nordnesrepublikken.no\/#organization","name":"Nordnesrepublikken","url":"https:\/\/nordnesrepublikken.no\/","logo":{"@type":"ImageObject","inLanguage":"nb-NO","@id":"https:\/\/nordnesrepublikken.no\/#\/schema\/logo\/image\/","url":"https:\/\/nordnesrepublikken.no\/wp-content\/uploads\/2025\/02\/cropped-nordnesrepublikken-2.png","contentUrl":"https:\/\/nordnesrepublikken.no\/wp-content\/uploads\/2025\/02\/cropped-nordnesrepublikken-2.png","width":1248,"height":362,"caption":"Nordnesrepublikken"},"image":{"@id":"https:\/\/nordnesrepublikken.no\/#\/schema\/logo\/image\/"}},{"@type":"Person","@id":"https:\/\/nordnesrepublikken.no\/#\/schema\/person\/2e7e81935bab77882fffb79296240ff1","name":"Ole Andersen","image":{"@type":"ImageObject","inLanguage":"nb-NO","@id":"https:\/\/nordnesrepublikken.no\/#\/schema\/person\/image\/","url":"https:\/\/nordnesrepublikken.no\/wp-content\/uploads\/2025\/02\/nordnesrepublikken-2-2-150x150.jpg","contentUrl":"https:\/\/nordnesrepublikken.no\/wp-content\/uploads\/2025\/02\/nordnesrepublikken-2-2-150x150.jpg","caption":"Ole Andersen"},"description":"Ettersom jeg vokste opp i Oslo, har jeg alltid v\u00e6rt fascinert av ordenes kraft og deres evne til \u00e5 skape endringer. Etter \u00e5 ha fullf\u00f8rt min utdannelse i kommunikasjon ved Universitetet i Bergen, fikk jeg muligheten til \u00e5 jobbe innen ulike medier, der jeg har s\u00f8kt \u00e5 belyse viktige samfunnssp\u00f8rsm\u00e5l. I dag, som redakt\u00f8r for Nordnesrepublikken, pr\u00f8ver jeg \u00e5 forene min kj\u00e6rlighet for journalistikk med min lidenskap for innovasjon og eventyr.","sameAs":["https:\/\/nordnesrepublikken.no\/"]}]}},"_links":{"self":[{"href":"https:\/\/nordnesrepublikken.no\/index.php\/wp-json\/wp\/v2\/posts\/8972","targetHints":{"allow":["GET"]}}],"collection":[{"href":"https:\/\/nordnesrepublikken.no\/index.php\/wp-json\/wp\/v2\/posts"}],"about":[{"href":"https:\/\/nordnesrepublikken.no\/index.php\/wp-json\/wp\/v2\/types\/post"}],"author":[{"embeddable":true,"href":"https:\/\/nordnesrepublikken.no\/index.php\/wp-json\/wp\/v2\/users\/1"}],"replies":[{"embeddable":true,"href":"https:\/\/nordnesrepublikken.no\/index.php\/wp-json\/wp\/v2\/comments?post=8972"}],"version-history":[{"count":1,"href":"https:\/\/nordnesrepublikken.no\/index.php\/wp-json\/wp\/v2\/posts\/8972\/revisions"}],"predecessor-version":[{"id":8974,"href":"https:\/\/nordnesrepublikken.no\/index.php\/wp-json\/wp\/v2\/posts\/8972\/revisions\/8974"}],"wp:featuredmedia":[{"embeddable":true,"href":"https:\/\/nordnesrepublikken.no\/index.php\/wp-json\/wp\/v2\/media\/8973"}],"wp:attachment":[{"href":"https:\/\/nordnesrepublikken.no\/index.php\/wp-json\/wp\/v2\/media?parent=8972"}],"wp:term":[{"taxonomy":"category","embeddable":true,"href":"https:\/\/nordnesrepublikken.no\/index.php\/wp-json\/wp\/v2\/categories?post=8972"},{"taxonomy":"post_tag","embeddable":true,"href":"https:\/\/nordnesrepublikken.no\/index.php\/wp-json\/wp\/v2\/tags?post=8972"}],"curies":[{"name":"wp","href":"https:\/\/api.w.org\/{rel}","templated":true}]}}