{"id":8960,"date":"2025-08-30T23:50:17","date_gmt":"2025-08-30T21:50:17","guid":{"rendered":"https:\/\/nordnesrepublikken.no\/index.php\/2025\/08\/30\/norges-suverene-fond-i-rift-med-oss-over-bulldozer-sales\/"},"modified":"2025-08-30T23:50:19","modified_gmt":"2025-08-30T21:50:19","slug":"norges-suverene-fond-i-rift-med-oss-over-bulldozer-sales","status":"publish","type":"post","link":"https:\/\/nordnesrepublikken.no\/index.php\/2025\/08\/30\/norges-suverene-fond-i-rift-med-oss-over-bulldozer-sales\/","title":{"rendered":"Norges suverene fond i Rift med oss \u200b\u200bover Bulldozer Sales"},"content":{"rendered":"<p><\/p>\n<div class=\"wordpress-content\">\n                    <!-- Article Start --><\/p>\n<p class=\"p1\"><strong>Norges statsminister Jonas Gahr Stoere har n\u00e5dd ut til den amerikanske senatoren Lindsey Graham for \u00e5 pr\u00f8ve \u00e5 berolige spenninger over den norske suverene formuesfondets beslutning om \u00e5 avhende sine aksjer i Caterpillar p\u00e5 grunn av etiske bekymringer. <\/strong><\/p>\n<p class=\"p1\">Fondet p\u00e5 2 billioner dollar, verdens st\u00f8rste, solgte sin eierandel i det amerikanske anleggsutstyrsselskapet fordi bulldozerne selges av Israel i Gaza og Vestbredden, som for fondet reiser etiske sp\u00f8rsm\u00e5l under retningslinjene.<\/p>\n<p class=\"p1\">Graham, en n\u00e6r alliert av president Donald Trump, smalt flyttingen som &laquo;krenkende&raquo; og foreslo Norge p\u00e5 nytt, med trusselen om potensielle amerikanske handelstakster eller visumbegrensninger for fondets ledere. Over halvparten av fondets eiendeler, mer enn 1 billion dollar, investeres i USA, inkludert i aksjer, statskasser og eiendom.<\/p>\n<div class=\"sra_unit\"><link rel=\"stylesheet\" id=\"block-sra\" href=\"https:\/\/euroweeklynews.com\/wp-content\/plugins\/snack-related-articles\/dist\/css\/snack-related.min.css?250312-193541\" type=\"text\/css\" media=\"all\">\n<\/div>\n<p class=\"p1\">Fondet opererer uavhengig av den norske regjeringen, med avhendingsbeslutninger tatt av sentralbankens styre basert p\u00e5 anbefalinger fra Council on Ethics, et organ opprettet av Finansdepartementet for \u00e5 sikre at investeringer er i samsvar med parlamentariske etiske standarder. Stoere sa at Caterpillar -avhendingen ikke var en politisk avgj\u00f8relse da han sendte en tekstmelding til Graham.<\/p>\n<p class=\"p1\">Det enorme fondet, som ble bygget fra Norges olje- og gassinntekter, holder innsatser i omtrent 8 400 selskaper globalt, og eier 1,5 prosent av alle b\u00f8rsnoterte aksjer globalt. Noen norske forst\u00e5segp\u00e5ere har reist bekymring for risiko for fondets amerikanske eiendeler, for eksempel potensielt beslag eller tvangsavgifter, spesielt gitt usikkerhet rundt \u00f8konomisk politikk under en mulig Trump -administrasjon. Fondets administrerende direkt\u00f8r, Nicolai Tangen, avskjediget imidlertid tidligere anfall som enhver troverdig risiko.<\/p>\n<p class=\"p1\">Graham bekreftet \u00e5 motta Stoeres melding, men kontoret hans kommenterte ikke ytterligere. Caterpillar har ikke svart p\u00e5 fondets avhendingsavgj\u00f8relse.<\/p>\n<p>                    <!-- This article has been originally published at https:\/\/euroweeklynews.com\/2025\/08\/30\/norways-sovereign-fund-in-rift-with-us-over-bulldozer-sales\/ on 30 Aug 2025 at 18:24 by Adam Woodward --><br \/>\n                    <!-- Article End -->\n                <\/div>\n","protected":false},"excerpt":{"rendered":"<p>Norges statsminister Jonas Gahr Stoere har n\u00e5dd ut til den amerikanske senatoren Lindsey Graham for<\/p>\n","protected":false},"author":1,"featured_media":8961,"comment_status":"closed","ping_status":"open","sticky":false,"template":"","format":"standard","meta":{"footnotes":""},"categories":[22],"tags":[5869,5867,79,134,657,5868,4558,5866],"class_list":["post-8960","post","type-post","status-publish","format-standard","has-post-thumbnail","hentry","category-nasjonal","tag-bulldozer","tag-fond","tag-med","tag-norges","tag-oss","tag-rift","tag-sales","tag-suverene","generate-columns","tablet-grid-50","mobile-grid-100","grid-parent","grid-33","resize-featured-image"],"yoast_head":"<!-- This site is optimized with the Yoast SEO plugin v24.4 - https:\/\/yoast.com\/wordpress\/plugins\/seo\/ -->\n<title>Norges suverene fond i Rift med oss \u200b\u200bover Bulldozer Sales - Nordnesrepublikken<\/title>\n<meta name=\"robots\" content=\"index, follow, max-snippet:-1, max-image-preview:large, max-video-preview:-1\" \/>\n<link rel=\"canonical\" href=\"https:\/\/nordnesrepublikken.no\/index.php\/2025\/08\/30\/norges-suverene-fond-i-rift-med-oss-over-bulldozer-sales\/\" \/>\n<meta property=\"og:locale\" content=\"nb_NO\" \/>\n<meta property=\"og:type\" content=\"article\" \/>\n<meta property=\"og:title\" content=\"Norges suverene fond i Rift med oss \u200b\u200bover Bulldozer Sales - Nordnesrepublikken\" \/>\n<meta property=\"og:description\" content=\"Norges statsminister Jonas Gahr Stoere har n\u00e5dd ut til den amerikanske senatoren Lindsey Graham for\" \/>\n<meta property=\"og:url\" content=\"https:\/\/nordnesrepublikken.no\/index.php\/2025\/08\/30\/norges-suverene-fond-i-rift-med-oss-over-bulldozer-sales\/\" \/>\n<meta property=\"og:site_name\" content=\"Nordnesrepublikken\" \/>\n<meta property=\"article:published_time\" content=\"2025-08-30T21:50:17+00:00\" \/>\n<meta property=\"article:modified_time\" content=\"2025-08-30T21:50:19+00:00\" \/>\n<meta property=\"og:image\" content=\"https:\/\/nordnesrepublikken.no\/wp-content\/uploads\/2025\/08\/1756590618_Norges-suverene-fond-i-Rift-med-oss-\u200b\u200bover-Bulldozer-Sales.jpg\" \/>\n\t<meta property=\"og:image:width\" content=\"1200\" \/>\n\t<meta property=\"og:image:height\" content=\"800\" \/>\n\t<meta property=\"og:image:type\" content=\"image\/jpeg\" \/>\n<meta name=\"author\" content=\"Ole Andersen\" \/>\n<meta name=\"twitter:card\" content=\"summary_large_image\" \/>\n<meta name=\"twitter:label1\" content=\"Skrevet av\" \/>\n\t<meta name=\"twitter:data1\" content=\"Ole Andersen\" \/>\n\t<meta name=\"twitter:label2\" content=\"Ansl. lesetid\" \/>\n\t<meta name=\"twitter:data2\" content=\"1 minutt\" \/>\n<script type=\"application\/ld+json\" class=\"yoast-schema-graph\">{\"@context\":\"https:\/\/schema.org\",\"@graph\":[{\"@type\":\"Article\",\"@id\":\"https:\/\/nordnesrepublikken.no\/index.php\/2025\/08\/30\/norges-suverene-fond-i-rift-med-oss-over-bulldozer-sales\/#article\",\"isPartOf\":{\"@id\":\"https:\/\/nordnesrepublikken.no\/index.php\/2025\/08\/30\/norges-suverene-fond-i-rift-med-oss-over-bulldozer-sales\/\"},\"author\":{\"name\":\"Ole Andersen\",\"@id\":\"https:\/\/nordnesrepublikken.no\/#\/schema\/person\/2e7e81935bab77882fffb79296240ff1\"},\"headline\":\"Norges suverene fond i Rift med oss \u200b\u200bover Bulldozer Sales\",\"datePublished\":\"2025-08-30T21:50:17+00:00\",\"dateModified\":\"2025-08-30T21:50:19+00:00\",\"mainEntityOfPage\":{\"@id\":\"https:\/\/nordnesrepublikken.no\/index.php\/2025\/08\/30\/norges-suverene-fond-i-rift-med-oss-over-bulldozer-sales\/\"},\"wordCount\":271,\"publisher\":{\"@id\":\"https:\/\/nordnesrepublikken.no\/#organization\"},\"image\":{\"@id\":\"https:\/\/nordnesrepublikken.no\/index.php\/2025\/08\/30\/norges-suverene-fond-i-rift-med-oss-over-bulldozer-sales\/#primaryimage\"},\"thumbnailUrl\":\"https:\/\/nordnesrepublikken.no\/wp-content\/uploads\/2025\/08\/1756590618_Norges-suverene-fond-i-Rift-med-oss-\u200b\u200bover-Bulldozer-Sales.jpg\",\"keywords\":[\"Bulldozer\",\"fond\",\"med\",\"Norges\",\"oss\",\"Rift\",\"Sales\",\"suverene\"],\"articleSection\":[\"Nasjonal\"],\"inLanguage\":\"nb-NO\"},{\"@type\":\"WebPage\",\"@id\":\"https:\/\/nordnesrepublikken.no\/index.php\/2025\/08\/30\/norges-suverene-fond-i-rift-med-oss-over-bulldozer-sales\/\",\"url\":\"https:\/\/nordnesrepublikken.no\/index.php\/2025\/08\/30\/norges-suverene-fond-i-rift-med-oss-over-bulldozer-sales\/\",\"name\":\"Norges suverene fond i Rift med oss \u200b\u200bover Bulldozer Sales - Nordnesrepublikken\",\"isPartOf\":{\"@id\":\"https:\/\/nordnesrepublikken.no\/#website\"},\"primaryImageOfPage\":{\"@id\":\"https:\/\/nordnesrepublikken.no\/index.php\/2025\/08\/30\/norges-suverene-fond-i-rift-med-oss-over-bulldozer-sales\/#primaryimage\"},\"image\":{\"@id\":\"https:\/\/nordnesrepublikken.no\/index.php\/2025\/08\/30\/norges-suverene-fond-i-rift-med-oss-over-bulldozer-sales\/#primaryimage\"},\"thumbnailUrl\":\"https:\/\/nordnesrepublikken.no\/wp-content\/uploads\/2025\/08\/1756590618_Norges-suverene-fond-i-Rift-med-oss-\u200b\u200bover-Bulldozer-Sales.jpg\",\"datePublished\":\"2025-08-30T21:50:17+00:00\",\"dateModified\":\"2025-08-30T21:50:19+00:00\",\"breadcrumb\":{\"@id\":\"https:\/\/nordnesrepublikken.no\/index.php\/2025\/08\/30\/norges-suverene-fond-i-rift-med-oss-over-bulldozer-sales\/#breadcrumb\"},\"inLanguage\":\"nb-NO\",\"potentialAction\":[{\"@type\":\"ReadAction\",\"target\":[\"https:\/\/nordnesrepublikken.no\/index.php\/2025\/08\/30\/norges-suverene-fond-i-rift-med-oss-over-bulldozer-sales\/\"]}]},{\"@type\":\"ImageObject\",\"inLanguage\":\"nb-NO\",\"@id\":\"https:\/\/nordnesrepublikken.no\/index.php\/2025\/08\/30\/norges-suverene-fond-i-rift-med-oss-over-bulldozer-sales\/#primaryimage\",\"url\":\"https:\/\/nordnesrepublikken.no\/wp-content\/uploads\/2025\/08\/1756590618_Norges-suverene-fond-i-Rift-med-oss-\u200b\u200bover-Bulldozer-Sales.jpg\",\"contentUrl\":\"https:\/\/nordnesrepublikken.no\/wp-content\/uploads\/2025\/08\/1756590618_Norges-suverene-fond-i-Rift-med-oss-\u200b\u200bover-Bulldozer-Sales.jpg\",\"width\":1200,\"height\":800,\"caption\":\"Norges suverene fond i Rift med oss \u200b\u200bover Bulldozer Sales\"},{\"@type\":\"BreadcrumbList\",\"@id\":\"https:\/\/nordnesrepublikken.no\/index.php\/2025\/08\/30\/norges-suverene-fond-i-rift-med-oss-over-bulldozer-sales\/#breadcrumb\",\"itemListElement\":[{\"@type\":\"ListItem\",\"position\":1,\"name\":\"Home\",\"item\":\"https:\/\/nordnesrepublikken.no\/\"},{\"@type\":\"ListItem\",\"position\":2,\"name\":\"Norges suverene fond i Rift med oss \u200b\u200bover Bulldozer Sales\"}]},{\"@type\":\"WebSite\",\"@id\":\"https:\/\/nordnesrepublikken.no\/#website\",\"url\":\"https:\/\/nordnesrepublikken.no\/\",\"name\":\"Nordnesrepublikken\",\"description\":\"Stemmer og Visjoner fra Republikkens Hjerte\",\"publisher\":{\"@id\":\"https:\/\/nordnesrepublikken.no\/#organization\"},\"potentialAction\":[{\"@type\":\"SearchAction\",\"target\":{\"@type\":\"EntryPoint\",\"urlTemplate\":\"https:\/\/nordnesrepublikken.no\/?s={search_term_string}\"},\"query-input\":{\"@type\":\"PropertyValueSpecification\",\"valueRequired\":true,\"valueName\":\"search_term_string\"}}],\"inLanguage\":\"nb-NO\"},{\"@type\":\"Organization\",\"@id\":\"https:\/\/nordnesrepublikken.no\/#organization\",\"name\":\"Nordnesrepublikken\",\"url\":\"https:\/\/nordnesrepublikken.no\/\",\"logo\":{\"@type\":\"ImageObject\",\"inLanguage\":\"nb-NO\",\"@id\":\"https:\/\/nordnesrepublikken.no\/#\/schema\/logo\/image\/\",\"url\":\"https:\/\/nordnesrepublikken.no\/wp-content\/uploads\/2025\/02\/cropped-nordnesrepublikken-2.png\",\"contentUrl\":\"https:\/\/nordnesrepublikken.no\/wp-content\/uploads\/2025\/02\/cropped-nordnesrepublikken-2.png\",\"width\":1248,\"height\":362,\"caption\":\"Nordnesrepublikken\"},\"image\":{\"@id\":\"https:\/\/nordnesrepublikken.no\/#\/schema\/logo\/image\/\"}},{\"@type\":\"Person\",\"@id\":\"https:\/\/nordnesrepublikken.no\/#\/schema\/person\/2e7e81935bab77882fffb79296240ff1\",\"name\":\"Ole Andersen\",\"image\":{\"@type\":\"ImageObject\",\"inLanguage\":\"nb-NO\",\"@id\":\"https:\/\/nordnesrepublikken.no\/#\/schema\/person\/image\/\",\"url\":\"https:\/\/nordnesrepublikken.no\/wp-content\/uploads\/2025\/02\/nordnesrepublikken-2-2-150x150.jpg\",\"contentUrl\":\"https:\/\/nordnesrepublikken.no\/wp-content\/uploads\/2025\/02\/nordnesrepublikken-2-2-150x150.jpg\",\"caption\":\"Ole Andersen\"},\"description\":\"Ettersom jeg vokste opp i Oslo, har jeg alltid v\u00e6rt fascinert av ordenes kraft og deres evne til \u00e5 skape endringer. Etter \u00e5 ha fullf\u00f8rt min utdannelse i kommunikasjon ved Universitetet i Bergen, fikk jeg muligheten til \u00e5 jobbe innen ulike medier, der jeg har s\u00f8kt \u00e5 belyse viktige samfunnssp\u00f8rsm\u00e5l. I dag, som redakt\u00f8r for Nordnesrepublikken, pr\u00f8ver jeg \u00e5 forene min kj\u00e6rlighet for journalistikk med min lidenskap for innovasjon og eventyr.\",\"sameAs\":[\"https:\/\/nordnesrepublikken.no\/\"]}]}<\/script>\n<!-- \/ Yoast SEO plugin. -->","yoast_head_json":{"title":"Norges suverene fond i Rift med oss \u200b\u200bover Bulldozer Sales - Nordnesrepublikken","robots":{"index":"index","follow":"follow","max-snippet":"max-snippet:-1","max-image-preview":"max-image-preview:large","max-video-preview":"max-video-preview:-1"},"canonical":"https:\/\/nordnesrepublikken.no\/index.php\/2025\/08\/30\/norges-suverene-fond-i-rift-med-oss-over-bulldozer-sales\/","og_locale":"nb_NO","og_type":"article","og_title":"Norges suverene fond i Rift med oss \u200b\u200bover Bulldozer Sales - Nordnesrepublikken","og_description":"Norges statsminister Jonas Gahr Stoere har n\u00e5dd ut til den amerikanske senatoren Lindsey Graham for","og_url":"https:\/\/nordnesrepublikken.no\/index.php\/2025\/08\/30\/norges-suverene-fond-i-rift-med-oss-over-bulldozer-sales\/","og_site_name":"Nordnesrepublikken","article_published_time":"2025-08-30T21:50:17+00:00","article_modified_time":"2025-08-30T21:50:19+00:00","og_image":[{"width":1200,"height":800,"url":"https:\/\/nordnesrepublikken.no\/wp-content\/uploads\/2025\/08\/1756590618_Norges-suverene-fond-i-Rift-med-oss-\u200b\u200bover-Bulldozer-Sales.jpg","type":"image\/jpeg"}],"author":"Ole Andersen","twitter_card":"summary_large_image","twitter_misc":{"Skrevet av":"Ole Andersen","Ansl. lesetid":"1 minutt"},"schema":{"@context":"https:\/\/schema.org","@graph":[{"@type":"Article","@id":"https:\/\/nordnesrepublikken.no\/index.php\/2025\/08\/30\/norges-suverene-fond-i-rift-med-oss-over-bulldozer-sales\/#article","isPartOf":{"@id":"https:\/\/nordnesrepublikken.no\/index.php\/2025\/08\/30\/norges-suverene-fond-i-rift-med-oss-over-bulldozer-sales\/"},"author":{"name":"Ole Andersen","@id":"https:\/\/nordnesrepublikken.no\/#\/schema\/person\/2e7e81935bab77882fffb79296240ff1"},"headline":"Norges suverene fond i Rift med oss \u200b\u200bover Bulldozer Sales","datePublished":"2025-08-30T21:50:17+00:00","dateModified":"2025-08-30T21:50:19+00:00","mainEntityOfPage":{"@id":"https:\/\/nordnesrepublikken.no\/index.php\/2025\/08\/30\/norges-suverene-fond-i-rift-med-oss-over-bulldozer-sales\/"},"wordCount":271,"publisher":{"@id":"https:\/\/nordnesrepublikken.no\/#organization"},"image":{"@id":"https:\/\/nordnesrepublikken.no\/index.php\/2025\/08\/30\/norges-suverene-fond-i-rift-med-oss-over-bulldozer-sales\/#primaryimage"},"thumbnailUrl":"https:\/\/nordnesrepublikken.no\/wp-content\/uploads\/2025\/08\/1756590618_Norges-suverene-fond-i-Rift-med-oss-\u200b\u200bover-Bulldozer-Sales.jpg","keywords":["Bulldozer","fond","med","Norges","oss","Rift","Sales","suverene"],"articleSection":["Nasjonal"],"inLanguage":"nb-NO"},{"@type":"WebPage","@id":"https:\/\/nordnesrepublikken.no\/index.php\/2025\/08\/30\/norges-suverene-fond-i-rift-med-oss-over-bulldozer-sales\/","url":"https:\/\/nordnesrepublikken.no\/index.php\/2025\/08\/30\/norges-suverene-fond-i-rift-med-oss-over-bulldozer-sales\/","name":"Norges suverene fond i Rift med oss \u200b\u200bover Bulldozer Sales - Nordnesrepublikken","isPartOf":{"@id":"https:\/\/nordnesrepublikken.no\/#website"},"primaryImageOfPage":{"@id":"https:\/\/nordnesrepublikken.no\/index.php\/2025\/08\/30\/norges-suverene-fond-i-rift-med-oss-over-bulldozer-sales\/#primaryimage"},"image":{"@id":"https:\/\/nordnesrepublikken.no\/index.php\/2025\/08\/30\/norges-suverene-fond-i-rift-med-oss-over-bulldozer-sales\/#primaryimage"},"thumbnailUrl":"https:\/\/nordnesrepublikken.no\/wp-content\/uploads\/2025\/08\/1756590618_Norges-suverene-fond-i-Rift-med-oss-\u200b\u200bover-Bulldozer-Sales.jpg","datePublished":"2025-08-30T21:50:17+00:00","dateModified":"2025-08-30T21:50:19+00:00","breadcrumb":{"@id":"https:\/\/nordnesrepublikken.no\/index.php\/2025\/08\/30\/norges-suverene-fond-i-rift-med-oss-over-bulldozer-sales\/#breadcrumb"},"inLanguage":"nb-NO","potentialAction":[{"@type":"ReadAction","target":["https:\/\/nordnesrepublikken.no\/index.php\/2025\/08\/30\/norges-suverene-fond-i-rift-med-oss-over-bulldozer-sales\/"]}]},{"@type":"ImageObject","inLanguage":"nb-NO","@id":"https:\/\/nordnesrepublikken.no\/index.php\/2025\/08\/30\/norges-suverene-fond-i-rift-med-oss-over-bulldozer-sales\/#primaryimage","url":"https:\/\/nordnesrepublikken.no\/wp-content\/uploads\/2025\/08\/1756590618_Norges-suverene-fond-i-Rift-med-oss-\u200b\u200bover-Bulldozer-Sales.jpg","contentUrl":"https:\/\/nordnesrepublikken.no\/wp-content\/uploads\/2025\/08\/1756590618_Norges-suverene-fond-i-Rift-med-oss-\u200b\u200bover-Bulldozer-Sales.jpg","width":1200,"height":800,"caption":"Norges suverene fond i Rift med oss \u200b\u200bover Bulldozer Sales"},{"@type":"BreadcrumbList","@id":"https:\/\/nordnesrepublikken.no\/index.php\/2025\/08\/30\/norges-suverene-fond-i-rift-med-oss-over-bulldozer-sales\/#breadcrumb","itemListElement":[{"@type":"ListItem","position":1,"name":"Home","item":"https:\/\/nordnesrepublikken.no\/"},{"@type":"ListItem","position":2,"name":"Norges suverene fond i Rift med oss \u200b\u200bover Bulldozer Sales"}]},{"@type":"WebSite","@id":"https:\/\/nordnesrepublikken.no\/#website","url":"https:\/\/nordnesrepublikken.no\/","name":"Nordnesrepublikken","description":"Stemmer og Visjoner fra Republikkens Hjerte","publisher":{"@id":"https:\/\/nordnesrepublikken.no\/#organization"},"potentialAction":[{"@type":"SearchAction","target":{"@type":"EntryPoint","urlTemplate":"https:\/\/nordnesrepublikken.no\/?s={search_term_string}"},"query-input":{"@type":"PropertyValueSpecification","valueRequired":true,"valueName":"search_term_string"}}],"inLanguage":"nb-NO"},{"@type":"Organization","@id":"https:\/\/nordnesrepublikken.no\/#organization","name":"Nordnesrepublikken","url":"https:\/\/nordnesrepublikken.no\/","logo":{"@type":"ImageObject","inLanguage":"nb-NO","@id":"https:\/\/nordnesrepublikken.no\/#\/schema\/logo\/image\/","url":"https:\/\/nordnesrepublikken.no\/wp-content\/uploads\/2025\/02\/cropped-nordnesrepublikken-2.png","contentUrl":"https:\/\/nordnesrepublikken.no\/wp-content\/uploads\/2025\/02\/cropped-nordnesrepublikken-2.png","width":1248,"height":362,"caption":"Nordnesrepublikken"},"image":{"@id":"https:\/\/nordnesrepublikken.no\/#\/schema\/logo\/image\/"}},{"@type":"Person","@id":"https:\/\/nordnesrepublikken.no\/#\/schema\/person\/2e7e81935bab77882fffb79296240ff1","name":"Ole Andersen","image":{"@type":"ImageObject","inLanguage":"nb-NO","@id":"https:\/\/nordnesrepublikken.no\/#\/schema\/person\/image\/","url":"https:\/\/nordnesrepublikken.no\/wp-content\/uploads\/2025\/02\/nordnesrepublikken-2-2-150x150.jpg","contentUrl":"https:\/\/nordnesrepublikken.no\/wp-content\/uploads\/2025\/02\/nordnesrepublikken-2-2-150x150.jpg","caption":"Ole Andersen"},"description":"Ettersom jeg vokste opp i Oslo, har jeg alltid v\u00e6rt fascinert av ordenes kraft og deres evne til \u00e5 skape endringer. Etter \u00e5 ha fullf\u00f8rt min utdannelse i kommunikasjon ved Universitetet i Bergen, fikk jeg muligheten til \u00e5 jobbe innen ulike medier, der jeg har s\u00f8kt \u00e5 belyse viktige samfunnssp\u00f8rsm\u00e5l. I dag, som redakt\u00f8r for Nordnesrepublikken, pr\u00f8ver jeg \u00e5 forene min kj\u00e6rlighet for journalistikk med min lidenskap for innovasjon og eventyr.","sameAs":["https:\/\/nordnesrepublikken.no\/"]}]}},"_links":{"self":[{"href":"https:\/\/nordnesrepublikken.no\/index.php\/wp-json\/wp\/v2\/posts\/8960","targetHints":{"allow":["GET"]}}],"collection":[{"href":"https:\/\/nordnesrepublikken.no\/index.php\/wp-json\/wp\/v2\/posts"}],"about":[{"href":"https:\/\/nordnesrepublikken.no\/index.php\/wp-json\/wp\/v2\/types\/post"}],"author":[{"embeddable":true,"href":"https:\/\/nordnesrepublikken.no\/index.php\/wp-json\/wp\/v2\/users\/1"}],"replies":[{"embeddable":true,"href":"https:\/\/nordnesrepublikken.no\/index.php\/wp-json\/wp\/v2\/comments?post=8960"}],"version-history":[{"count":1,"href":"https:\/\/nordnesrepublikken.no\/index.php\/wp-json\/wp\/v2\/posts\/8960\/revisions"}],"predecessor-version":[{"id":8962,"href":"https:\/\/nordnesrepublikken.no\/index.php\/wp-json\/wp\/v2\/posts\/8960\/revisions\/8962"}],"wp:featuredmedia":[{"embeddable":true,"href":"https:\/\/nordnesrepublikken.no\/index.php\/wp-json\/wp\/v2\/media\/8961"}],"wp:attachment":[{"href":"https:\/\/nordnesrepublikken.no\/index.php\/wp-json\/wp\/v2\/media?parent=8960"}],"wp:term":[{"taxonomy":"category","embeddable":true,"href":"https:\/\/nordnesrepublikken.no\/index.php\/wp-json\/wp\/v2\/categories?post=8960"},{"taxonomy":"post_tag","embeddable":true,"href":"https:\/\/nordnesrepublikken.no\/index.php\/wp-json\/wp\/v2\/tags?post=8960"}],"curies":[{"name":"wp","href":"https:\/\/api.w.org\/{rel}","templated":true}]}}