{"id":8936,"date":"2025-08-30T04:49:37","date_gmt":"2025-08-30T02:49:37","guid":{"rendered":"https:\/\/nordnesrepublikken.no\/index.php\/2025\/08\/30\/trenden-fra-2000-til-i-dag\/"},"modified":"2025-08-30T04:49:39","modified_gmt":"2025-08-30T02:49:39","slug":"trenden-fra-2000-til-i-dag","status":"publish","type":"post","link":"https:\/\/nordnesrepublikken.no\/index.php\/2025\/08\/30\/trenden-fra-2000-til-i-dag\/","title":{"rendered":"Trenden fra 2000 til i dag"},"content":{"rendered":"<div>\n<div class=\"cp_wrapper cp_wrapper--fw mb-30 mb-20@tablet\">\n<figure class=\"mm\"><picture class=\"img\" style=\"padding-top:56.25%\"><source  media=\"(min-width: 1024px)\"><source  media=\"(min-width: 768px)\"><\/source><\/source><\/picture><\/figure>\n<\/p><\/div>\n<p>P\u00e5 Rimini 2025 M\u00f8te for nattverd og frigj\u00f8ring, utdanningsminister og fortjeneste <strong>Giuseppe Valditara<\/strong> I et av hans inngripen erkl\u00e6rte han at i Italia \u00abden <strong>statlig finansiering<\/strong> Det er absolutt ikke lavere enn for mange andre europeiske land, jeg tror at i forhold til BNP er enda h\u00f8yere enn Tyskland. Det er den private finansieringen som er dramatisk lavere \u00bb. I virkeligheten, if\u00f8lge de siste offisielle dataene utstedt av<strong>Eurostat<\/strong> og ogs\u00e5 rapportert av<strong>Istat<\/strong>p\u00e5 2023 (siste data tilgjengelig) <strong>Italia er blant EU -landene som investerer mindre i utdanningssektoren<\/strong>med offentlige utgifter lik <strong>3,9%<\/strong> av <strong>BNP<\/strong> (Bruttonasjonalprodukt), sammenlignet med et EU -gjennomsnitt p\u00e5 4,7%. Tyskland, sitert av Valditara, destinerte i 2023 4,7% av BNP til utdanning. Dette er ikke en isolert data: I f\u00f8lge ISTAT -data har italienske investeringer for verden av skole, universitet og forskning sunket de siste \u00e5rene, uten noen gang \u00e5 n\u00e5 4,5% av italiensk BNP siden 2000. Investeringer i Italia er imidlertid h\u00f8yere enn det europeiske gjennomsnittet n\u00e5r det gjelder hensyn <strong>grunnskole<\/strong>.<\/p>\n<h2>Offentlige utgifter beregnet p\u00e5 utdanning i 2023<\/h2>\n<p>Som forventet, de siste tilgjengelige dataene utstedt av Eurostat (og rapportert ogs\u00e5 i rapporten <strong>Istat<\/strong> <em>Vi Italia 2025<\/em>) Bekymring \u00e5ret <strong>2023<\/strong>da utgiftene hadde til hensikt av den italienske staten for utdanning n\u00e5dde <strong>3,9%<\/strong> av v\u00e5rt bruttonasjonalprodukt (<strong>BNP<\/strong>), i m\u00f8te med et EU -gjennomsnitt som i stedet har n\u00e5dd <strong>4,7%<\/strong>. For \u00e5 v\u00e6re tydelig betyr det totalt omtrent <strong>82,9 milliarder euro<\/strong>mot et italiensk BNP 2023 lik <strong>2.128 milliarder euro<\/strong>. Dette posisjonerer oss <strong>I k\u00f8en av rangeringen<\/strong> av EU -landene for investeringer dedikert til utdanning: bak oss, p\u00e5 listen over 27 EU -land, alene <strong>Romania<\/strong> (3,3%) e <strong>Irland<\/strong> (2,8%).<\/p>\n<div class=\"cp_wrapper cp_wrapper--fw mb-50\">\n<figure class=\"mm\"><picture class=\"img\" style=\"padding-top:65.245901639344%\"><source  media=\"(min-width: 1024px)\"><source  media=\"(min-width: 768px)\"><img decoding=\"async\" loading=\"lazy\" src=\"https:\/\/nordnesrepublikken.no\/wp-content\/uploads\/2025\/08\/1756522177_782_Trenden-fra-2000-til-i-dag.jpg\" alt=\"utgifter til offentlig-for-l-utdanning og formasjon.-\" width=\"1220\" height=\"796\"><\/source><\/source><\/picture><\/figure>\n<\/p><\/div>\n<p>I Italia var derfor offentlige investeringer beregnet p\u00e5 utdanning i 2023 <strong>De var ikke overlegne de i Tyskland<\/strong>som i stedet brukte 4,5% av BNP for en verden av skole, universitet og forskning. P\u00e5 h\u00f8yden av rangeringen er det land som <strong>Sverige<\/strong> (7,2% av BNP), <strong>Belgia<\/strong> (6,3%), <strong>Estland<\/strong> (6,3%) e <strong>Finland<\/strong> (6,1%).<\/p>\n<h2>Trenden med offentlige utgifter til utdanning siden 2000<\/h2>\n<p>\u00c5 bli vurdert, men det er ogs\u00e5 fremdriften for offentlige utgifter til utdanning under<strong> siste 23 \u00e5r<\/strong>. Fra 2000, faktisk, har italienske investeringer mot denne sektoren vist seg \u00e5 v\u00e6re ganske svingende, med en <strong>Konstant reduksjon siden 2010<\/strong>med utelukkelse av en topp registrert mellom <strong>2018<\/strong> og <strong>2020<\/strong>.<\/p>\n<div class=\"cp_wrapper cp_wrapper--fw mb-50\">\n<figure class=\"mm\"><picture class=\"img\" style=\"padding-top:57.040229885057%\"><source  media=\"(min-width: 1024px)\"><source  media=\"(min-width: 768px)\"><img decoding=\"async\" loading=\"lazy\" src=\"https:\/\/nordnesrepublikken.no\/wp-content\/uploads\/2025\/08\/1756522177_716_Trenden-fra-2000-til-i-dag.jpg\" alt=\"Trend-pumping-offentlig utdanning\" width=\"1392\" height=\"794\" class=\"js-seedtag-img\"><\/source><\/source><\/picture><\/figure>\n<\/p><\/div>\n<p>Som synlig ogs\u00e5 fra grafen, endres ikke situasjonen mye hvis vi vurderer resultatene som er beregnet p\u00e5 utdanning<strong> Sammenlignet med den totale mengden offentlige utgifter<\/strong>: I 2023 var for eksempel investeringer for skole, universitet og forskning lik <strong>6,5%<\/strong> samlet offentlige utgifter, en verdi som i 2000 kom nesten til <strong>9%<\/strong> av statens totale utganger.<\/p>\n<p>Mens du vurderer det demografiske fallet,<strong> Utgifter per student i forhold til PDP Capita<\/strong>g\u00e5tt fra <strong>23%<\/strong> I 2000 til en verdi mindre enn <strong>20%<\/strong> I 2023: Denne reduksjonen varierer imidlertid i henhold til <strong>utdanningsniv\u00e5 vurdert<\/strong> (grunnskole, ungdomsskole, universitet eller f\u00f8rskoleutdanning).<\/p>\n<p>Spesielt de siste 23 \u00e5rene har offentlige utgifter beregnet p\u00e5 universitetsutdanning g\u00e5tt <strong>fra<\/strong> <strong>20% til 15% av BNP per innbygger<\/strong>: Det m\u00e5 imidlertid understrekes at denne nedgangen ikke er s\u00e5 mye \u00e5 tilskrives reduksjon av offentlige tildelinger for universitetet (som forble ganske lik med tanke p\u00e5 inflasjonsraten), men snarere til<strong>\u00d8k i antall universitetsstudenter<\/strong> I l\u00f8pet av de siste 23 \u00e5rene.<\/p>\n<div class=\"cp_wrapper cp_wrapper--fw mb-50\">\n<figure class=\"mm\"><picture class=\"img\" style=\"padding-top:87.591240875912%\"><source  media=\"(min-width: 1024px)\"><source  media=\"(min-width: 768px)\"><img decoding=\"async\" loading=\"lazy\" src=\"https:\/\/nordnesrepublikken.no\/wp-content\/uploads\/2025\/08\/1756522177_104_Trenden-fra-2000-til-i-dag.jpg\" alt=\"Bilde\" width=\"1370\" height=\"1200\"><\/source><\/source><\/picture><\/figure>\n<\/p><\/div>\n<p>Som ogs\u00e5 rapportert i grafen ovenfor, i 2021 italienske offentlige investeringer for<strong>grunnskoleutdanning<\/strong> I stedet har de v\u00e6rt blant de h\u00f8yeste sammenlignet med de i de \u00f8konomisk avanserte landene, med en utgift per student som tilsvarer 25% av BNP per innbygger.<\/p>\n<p>Tvert imot, n\u00e5r det gjelder<strong>Videreg\u00e5ende og terti\u00e6r utdanning<\/strong> (Universitet), den italienske stillingen er faktisk blant de verste: \u00e5 ha en ide, i absolutte termer i 2021 Italia har brukt om <strong>7.200 euro for universitetsstudent<\/strong> (eller p\u00e5meldt andre terti\u00e6re institusjoner), <strong>mindre enn halvparten<\/strong> Sammenlignet med det som brukes av <strong>Tyskland<\/strong> (16.300 euro), men ogs\u00e5 mindre enn utgiftene til <strong>Frankrike<\/strong> (12 500 euro) e <strong>Spania<\/strong> (10 500 euro).<\/p>\n<\/p><\/div>\n","protected":false},"excerpt":{"rendered":"<p>P\u00e5 Rimini 2025 M\u00f8te for nattverd og frigj\u00f8ring, utdanningsminister og fortjeneste Giuseppe Valditara I et<\/p>\n","protected":false},"author":1,"featured_media":8937,"comment_status":"closed","ping_status":"open","sticky":false,"template":"","format":"standard","meta":{"footnotes":""},"categories":[104],"tags":[568,125,117,1819],"class_list":["post-8936","post","type-post","status-publish","format-standard","has-post-thumbnail","hentry","category-samfunn","tag-dag","tag-fra","tag-til","tag-trenden","generate-columns","tablet-grid-50","mobile-grid-100","grid-parent","grid-33","resize-featured-image"],"yoast_head":"<!-- This site is optimized with the Yoast SEO plugin v24.4 - https:\/\/yoast.com\/wordpress\/plugins\/seo\/ -->\n<title>Trenden fra 2000 til i dag - Nordnesrepublikken<\/title>\n<meta name=\"robots\" content=\"index, follow, max-snippet:-1, max-image-preview:large, max-video-preview:-1\" \/>\n<link rel=\"canonical\" href=\"https:\/\/nordnesrepublikken.no\/index.php\/2025\/08\/30\/trenden-fra-2000-til-i-dag\/\" \/>\n<meta property=\"og:locale\" content=\"nb_NO\" \/>\n<meta property=\"og:type\" content=\"article\" \/>\n<meta property=\"og:title\" content=\"Trenden fra 2000 til i dag - Nordnesrepublikken\" \/>\n<meta property=\"og:description\" content=\"P\u00e5 Rimini 2025 M\u00f8te for nattverd og frigj\u00f8ring, utdanningsminister og fortjeneste Giuseppe Valditara I et\" \/>\n<meta property=\"og:url\" content=\"https:\/\/nordnesrepublikken.no\/index.php\/2025\/08\/30\/trenden-fra-2000-til-i-dag\/\" \/>\n<meta property=\"og:site_name\" content=\"Nordnesrepublikken\" \/>\n<meta property=\"article:published_time\" content=\"2025-08-30T02:49:37+00:00\" \/>\n<meta property=\"article:modified_time\" content=\"2025-08-30T02:49:39+00:00\" \/>\n<meta property=\"og:image\" content=\"https:\/\/nordnesrepublikken.no\/wp-content\/uploads\/2025\/08\/Trenden-fra-2000-til-i-dag.jpg\" \/>\n\t<meta property=\"og:image:width\" content=\"1365\" \/>\n\t<meta property=\"og:image:height\" content=\"768\" \/>\n\t<meta property=\"og:image:type\" content=\"image\/jpeg\" \/>\n<meta name=\"author\" content=\"Ole Andersen\" \/>\n<meta name=\"twitter:card\" content=\"summary_large_image\" \/>\n<meta name=\"twitter:label1\" content=\"Skrevet av\" \/>\n\t<meta name=\"twitter:data1\" content=\"Ole Andersen\" \/>\n\t<meta name=\"twitter:label2\" content=\"Ansl. lesetid\" \/>\n\t<meta name=\"twitter:data2\" content=\"3 minutter\" \/>\n<script type=\"application\/ld+json\" class=\"yoast-schema-graph\">{\"@context\":\"https:\/\/schema.org\",\"@graph\":[{\"@type\":\"Article\",\"@id\":\"https:\/\/nordnesrepublikken.no\/index.php\/2025\/08\/30\/trenden-fra-2000-til-i-dag\/#article\",\"isPartOf\":{\"@id\":\"https:\/\/nordnesrepublikken.no\/index.php\/2025\/08\/30\/trenden-fra-2000-til-i-dag\/\"},\"author\":{\"name\":\"Ole Andersen\",\"@id\":\"https:\/\/nordnesrepublikken.no\/#\/schema\/person\/2e7e81935bab77882fffb79296240ff1\"},\"headline\":\"Trenden fra 2000 til i dag\",\"datePublished\":\"2025-08-30T02:49:37+00:00\",\"dateModified\":\"2025-08-30T02:49:39+00:00\",\"mainEntityOfPage\":{\"@id\":\"https:\/\/nordnesrepublikken.no\/index.php\/2025\/08\/30\/trenden-fra-2000-til-i-dag\/\"},\"wordCount\":608,\"publisher\":{\"@id\":\"https:\/\/nordnesrepublikken.no\/#organization\"},\"image\":{\"@id\":\"https:\/\/nordnesrepublikken.no\/index.php\/2025\/08\/30\/trenden-fra-2000-til-i-dag\/#primaryimage\"},\"thumbnailUrl\":\"https:\/\/nordnesrepublikken.no\/wp-content\/uploads\/2025\/08\/Trenden-fra-2000-til-i-dag.jpg\",\"keywords\":[\"dag\",\"fra\",\"til\",\"trenden\"],\"articleSection\":[\"Samfunn\"],\"inLanguage\":\"nb-NO\"},{\"@type\":\"WebPage\",\"@id\":\"https:\/\/nordnesrepublikken.no\/index.php\/2025\/08\/30\/trenden-fra-2000-til-i-dag\/\",\"url\":\"https:\/\/nordnesrepublikken.no\/index.php\/2025\/08\/30\/trenden-fra-2000-til-i-dag\/\",\"name\":\"Trenden fra 2000 til i dag - Nordnesrepublikken\",\"isPartOf\":{\"@id\":\"https:\/\/nordnesrepublikken.no\/#website\"},\"primaryImageOfPage\":{\"@id\":\"https:\/\/nordnesrepublikken.no\/index.php\/2025\/08\/30\/trenden-fra-2000-til-i-dag\/#primaryimage\"},\"image\":{\"@id\":\"https:\/\/nordnesrepublikken.no\/index.php\/2025\/08\/30\/trenden-fra-2000-til-i-dag\/#primaryimage\"},\"thumbnailUrl\":\"https:\/\/nordnesrepublikken.no\/wp-content\/uploads\/2025\/08\/Trenden-fra-2000-til-i-dag.jpg\",\"datePublished\":\"2025-08-30T02:49:37+00:00\",\"dateModified\":\"2025-08-30T02:49:39+00:00\",\"breadcrumb\":{\"@id\":\"https:\/\/nordnesrepublikken.no\/index.php\/2025\/08\/30\/trenden-fra-2000-til-i-dag\/#breadcrumb\"},\"inLanguage\":\"nb-NO\",\"potentialAction\":[{\"@type\":\"ReadAction\",\"target\":[\"https:\/\/nordnesrepublikken.no\/index.php\/2025\/08\/30\/trenden-fra-2000-til-i-dag\/\"]}]},{\"@type\":\"ImageObject\",\"inLanguage\":\"nb-NO\",\"@id\":\"https:\/\/nordnesrepublikken.no\/index.php\/2025\/08\/30\/trenden-fra-2000-til-i-dag\/#primaryimage\",\"url\":\"https:\/\/nordnesrepublikken.no\/wp-content\/uploads\/2025\/08\/Trenden-fra-2000-til-i-dag.jpg\",\"contentUrl\":\"https:\/\/nordnesrepublikken.no\/wp-content\/uploads\/2025\/08\/Trenden-fra-2000-til-i-dag.jpg\",\"width\":1365,\"height\":768,\"caption\":\"spesa-pubblica-scuola-italia-pil\"},{\"@type\":\"BreadcrumbList\",\"@id\":\"https:\/\/nordnesrepublikken.no\/index.php\/2025\/08\/30\/trenden-fra-2000-til-i-dag\/#breadcrumb\",\"itemListElement\":[{\"@type\":\"ListItem\",\"position\":1,\"name\":\"Home\",\"item\":\"https:\/\/nordnesrepublikken.no\/\"},{\"@type\":\"ListItem\",\"position\":2,\"name\":\"Trenden fra 2000 til i dag\"}]},{\"@type\":\"WebSite\",\"@id\":\"https:\/\/nordnesrepublikken.no\/#website\",\"url\":\"https:\/\/nordnesrepublikken.no\/\",\"name\":\"Nordnesrepublikken\",\"description\":\"Stemmer og Visjoner fra Republikkens Hjerte\",\"publisher\":{\"@id\":\"https:\/\/nordnesrepublikken.no\/#organization\"},\"potentialAction\":[{\"@type\":\"SearchAction\",\"target\":{\"@type\":\"EntryPoint\",\"urlTemplate\":\"https:\/\/nordnesrepublikken.no\/?s={search_term_string}\"},\"query-input\":{\"@type\":\"PropertyValueSpecification\",\"valueRequired\":true,\"valueName\":\"search_term_string\"}}],\"inLanguage\":\"nb-NO\"},{\"@type\":\"Organization\",\"@id\":\"https:\/\/nordnesrepublikken.no\/#organization\",\"name\":\"Nordnesrepublikken\",\"url\":\"https:\/\/nordnesrepublikken.no\/\",\"logo\":{\"@type\":\"ImageObject\",\"inLanguage\":\"nb-NO\",\"@id\":\"https:\/\/nordnesrepublikken.no\/#\/schema\/logo\/image\/\",\"url\":\"https:\/\/nordnesrepublikken.no\/wp-content\/uploads\/2025\/02\/cropped-nordnesrepublikken-2.png\",\"contentUrl\":\"https:\/\/nordnesrepublikken.no\/wp-content\/uploads\/2025\/02\/cropped-nordnesrepublikken-2.png\",\"width\":1248,\"height\":362,\"caption\":\"Nordnesrepublikken\"},\"image\":{\"@id\":\"https:\/\/nordnesrepublikken.no\/#\/schema\/logo\/image\/\"}},{\"@type\":\"Person\",\"@id\":\"https:\/\/nordnesrepublikken.no\/#\/schema\/person\/2e7e81935bab77882fffb79296240ff1\",\"name\":\"Ole Andersen\",\"image\":{\"@type\":\"ImageObject\",\"inLanguage\":\"nb-NO\",\"@id\":\"https:\/\/nordnesrepublikken.no\/#\/schema\/person\/image\/\",\"url\":\"https:\/\/nordnesrepublikken.no\/wp-content\/uploads\/2025\/02\/nordnesrepublikken-2-2-150x150.jpg\",\"contentUrl\":\"https:\/\/nordnesrepublikken.no\/wp-content\/uploads\/2025\/02\/nordnesrepublikken-2-2-150x150.jpg\",\"caption\":\"Ole Andersen\"},\"description\":\"Ettersom jeg vokste opp i Oslo, har jeg alltid v\u00e6rt fascinert av ordenes kraft og deres evne til \u00e5 skape endringer. Etter \u00e5 ha fullf\u00f8rt min utdannelse i kommunikasjon ved Universitetet i Bergen, fikk jeg muligheten til \u00e5 jobbe innen ulike medier, der jeg har s\u00f8kt \u00e5 belyse viktige samfunnssp\u00f8rsm\u00e5l. I dag, som redakt\u00f8r for Nordnesrepublikken, pr\u00f8ver jeg \u00e5 forene min kj\u00e6rlighet for journalistikk med min lidenskap for innovasjon og eventyr.\",\"sameAs\":[\"https:\/\/nordnesrepublikken.no\/\"]}]}<\/script>\n<!-- \/ Yoast SEO plugin. -->","yoast_head_json":{"title":"Trenden fra 2000 til i dag - Nordnesrepublikken","robots":{"index":"index","follow":"follow","max-snippet":"max-snippet:-1","max-image-preview":"max-image-preview:large","max-video-preview":"max-video-preview:-1"},"canonical":"https:\/\/nordnesrepublikken.no\/index.php\/2025\/08\/30\/trenden-fra-2000-til-i-dag\/","og_locale":"nb_NO","og_type":"article","og_title":"Trenden fra 2000 til i dag - Nordnesrepublikken","og_description":"P\u00e5 Rimini 2025 M\u00f8te for nattverd og frigj\u00f8ring, utdanningsminister og fortjeneste Giuseppe Valditara I et","og_url":"https:\/\/nordnesrepublikken.no\/index.php\/2025\/08\/30\/trenden-fra-2000-til-i-dag\/","og_site_name":"Nordnesrepublikken","article_published_time":"2025-08-30T02:49:37+00:00","article_modified_time":"2025-08-30T02:49:39+00:00","og_image":[{"width":1365,"height":768,"url":"https:\/\/nordnesrepublikken.no\/wp-content\/uploads\/2025\/08\/Trenden-fra-2000-til-i-dag.jpg","type":"image\/jpeg"}],"author":"Ole Andersen","twitter_card":"summary_large_image","twitter_misc":{"Skrevet av":"Ole Andersen","Ansl. lesetid":"3 minutter"},"schema":{"@context":"https:\/\/schema.org","@graph":[{"@type":"Article","@id":"https:\/\/nordnesrepublikken.no\/index.php\/2025\/08\/30\/trenden-fra-2000-til-i-dag\/#article","isPartOf":{"@id":"https:\/\/nordnesrepublikken.no\/index.php\/2025\/08\/30\/trenden-fra-2000-til-i-dag\/"},"author":{"name":"Ole Andersen","@id":"https:\/\/nordnesrepublikken.no\/#\/schema\/person\/2e7e81935bab77882fffb79296240ff1"},"headline":"Trenden fra 2000 til i dag","datePublished":"2025-08-30T02:49:37+00:00","dateModified":"2025-08-30T02:49:39+00:00","mainEntityOfPage":{"@id":"https:\/\/nordnesrepublikken.no\/index.php\/2025\/08\/30\/trenden-fra-2000-til-i-dag\/"},"wordCount":608,"publisher":{"@id":"https:\/\/nordnesrepublikken.no\/#organization"},"image":{"@id":"https:\/\/nordnesrepublikken.no\/index.php\/2025\/08\/30\/trenden-fra-2000-til-i-dag\/#primaryimage"},"thumbnailUrl":"https:\/\/nordnesrepublikken.no\/wp-content\/uploads\/2025\/08\/Trenden-fra-2000-til-i-dag.jpg","keywords":["dag","fra","til","trenden"],"articleSection":["Samfunn"],"inLanguage":"nb-NO"},{"@type":"WebPage","@id":"https:\/\/nordnesrepublikken.no\/index.php\/2025\/08\/30\/trenden-fra-2000-til-i-dag\/","url":"https:\/\/nordnesrepublikken.no\/index.php\/2025\/08\/30\/trenden-fra-2000-til-i-dag\/","name":"Trenden fra 2000 til i dag - Nordnesrepublikken","isPartOf":{"@id":"https:\/\/nordnesrepublikken.no\/#website"},"primaryImageOfPage":{"@id":"https:\/\/nordnesrepublikken.no\/index.php\/2025\/08\/30\/trenden-fra-2000-til-i-dag\/#primaryimage"},"image":{"@id":"https:\/\/nordnesrepublikken.no\/index.php\/2025\/08\/30\/trenden-fra-2000-til-i-dag\/#primaryimage"},"thumbnailUrl":"https:\/\/nordnesrepublikken.no\/wp-content\/uploads\/2025\/08\/Trenden-fra-2000-til-i-dag.jpg","datePublished":"2025-08-30T02:49:37+00:00","dateModified":"2025-08-30T02:49:39+00:00","breadcrumb":{"@id":"https:\/\/nordnesrepublikken.no\/index.php\/2025\/08\/30\/trenden-fra-2000-til-i-dag\/#breadcrumb"},"inLanguage":"nb-NO","potentialAction":[{"@type":"ReadAction","target":["https:\/\/nordnesrepublikken.no\/index.php\/2025\/08\/30\/trenden-fra-2000-til-i-dag\/"]}]},{"@type":"ImageObject","inLanguage":"nb-NO","@id":"https:\/\/nordnesrepublikken.no\/index.php\/2025\/08\/30\/trenden-fra-2000-til-i-dag\/#primaryimage","url":"https:\/\/nordnesrepublikken.no\/wp-content\/uploads\/2025\/08\/Trenden-fra-2000-til-i-dag.jpg","contentUrl":"https:\/\/nordnesrepublikken.no\/wp-content\/uploads\/2025\/08\/Trenden-fra-2000-til-i-dag.jpg","width":1365,"height":768,"caption":"spesa-pubblica-scuola-italia-pil"},{"@type":"BreadcrumbList","@id":"https:\/\/nordnesrepublikken.no\/index.php\/2025\/08\/30\/trenden-fra-2000-til-i-dag\/#breadcrumb","itemListElement":[{"@type":"ListItem","position":1,"name":"Home","item":"https:\/\/nordnesrepublikken.no\/"},{"@type":"ListItem","position":2,"name":"Trenden fra 2000 til i dag"}]},{"@type":"WebSite","@id":"https:\/\/nordnesrepublikken.no\/#website","url":"https:\/\/nordnesrepublikken.no\/","name":"Nordnesrepublikken","description":"Stemmer og Visjoner fra Republikkens Hjerte","publisher":{"@id":"https:\/\/nordnesrepublikken.no\/#organization"},"potentialAction":[{"@type":"SearchAction","target":{"@type":"EntryPoint","urlTemplate":"https:\/\/nordnesrepublikken.no\/?s={search_term_string}"},"query-input":{"@type":"PropertyValueSpecification","valueRequired":true,"valueName":"search_term_string"}}],"inLanguage":"nb-NO"},{"@type":"Organization","@id":"https:\/\/nordnesrepublikken.no\/#organization","name":"Nordnesrepublikken","url":"https:\/\/nordnesrepublikken.no\/","logo":{"@type":"ImageObject","inLanguage":"nb-NO","@id":"https:\/\/nordnesrepublikken.no\/#\/schema\/logo\/image\/","url":"https:\/\/nordnesrepublikken.no\/wp-content\/uploads\/2025\/02\/cropped-nordnesrepublikken-2.png","contentUrl":"https:\/\/nordnesrepublikken.no\/wp-content\/uploads\/2025\/02\/cropped-nordnesrepublikken-2.png","width":1248,"height":362,"caption":"Nordnesrepublikken"},"image":{"@id":"https:\/\/nordnesrepublikken.no\/#\/schema\/logo\/image\/"}},{"@type":"Person","@id":"https:\/\/nordnesrepublikken.no\/#\/schema\/person\/2e7e81935bab77882fffb79296240ff1","name":"Ole Andersen","image":{"@type":"ImageObject","inLanguage":"nb-NO","@id":"https:\/\/nordnesrepublikken.no\/#\/schema\/person\/image\/","url":"https:\/\/nordnesrepublikken.no\/wp-content\/uploads\/2025\/02\/nordnesrepublikken-2-2-150x150.jpg","contentUrl":"https:\/\/nordnesrepublikken.no\/wp-content\/uploads\/2025\/02\/nordnesrepublikken-2-2-150x150.jpg","caption":"Ole Andersen"},"description":"Ettersom jeg vokste opp i Oslo, har jeg alltid v\u00e6rt fascinert av ordenes kraft og deres evne til \u00e5 skape endringer. Etter \u00e5 ha fullf\u00f8rt min utdannelse i kommunikasjon ved Universitetet i Bergen, fikk jeg muligheten til \u00e5 jobbe innen ulike medier, der jeg har s\u00f8kt \u00e5 belyse viktige samfunnssp\u00f8rsm\u00e5l. I dag, som redakt\u00f8r for Nordnesrepublikken, pr\u00f8ver jeg \u00e5 forene min kj\u00e6rlighet for journalistikk med min lidenskap for innovasjon og eventyr.","sameAs":["https:\/\/nordnesrepublikken.no\/"]}]}},"_links":{"self":[{"href":"https:\/\/nordnesrepublikken.no\/index.php\/wp-json\/wp\/v2\/posts\/8936","targetHints":{"allow":["GET"]}}],"collection":[{"href":"https:\/\/nordnesrepublikken.no\/index.php\/wp-json\/wp\/v2\/posts"}],"about":[{"href":"https:\/\/nordnesrepublikken.no\/index.php\/wp-json\/wp\/v2\/types\/post"}],"author":[{"embeddable":true,"href":"https:\/\/nordnesrepublikken.no\/index.php\/wp-json\/wp\/v2\/users\/1"}],"replies":[{"embeddable":true,"href":"https:\/\/nordnesrepublikken.no\/index.php\/wp-json\/wp\/v2\/comments?post=8936"}],"version-history":[{"count":1,"href":"https:\/\/nordnesrepublikken.no\/index.php\/wp-json\/wp\/v2\/posts\/8936\/revisions"}],"predecessor-version":[{"id":8938,"href":"https:\/\/nordnesrepublikken.no\/index.php\/wp-json\/wp\/v2\/posts\/8936\/revisions\/8938"}],"wp:featuredmedia":[{"embeddable":true,"href":"https:\/\/nordnesrepublikken.no\/index.php\/wp-json\/wp\/v2\/media\/8937"}],"wp:attachment":[{"href":"https:\/\/nordnesrepublikken.no\/index.php\/wp-json\/wp\/v2\/media?parent=8936"}],"wp:term":[{"taxonomy":"category","embeddable":true,"href":"https:\/\/nordnesrepublikken.no\/index.php\/wp-json\/wp\/v2\/categories?post=8936"},{"taxonomy":"post_tag","embeddable":true,"href":"https:\/\/nordnesrepublikken.no\/index.php\/wp-json\/wp\/v2\/tags?post=8936"}],"curies":[{"name":"wp","href":"https:\/\/api.w.org\/{rel}","templated":true}]}}