{"id":8915,"date":"2025-08-29T17:49:38","date_gmt":"2025-08-29T15:49:38","guid":{"rendered":"https:\/\/nordnesrepublikken.no\/index.php\/2025\/08\/29\/jordskjelvet-ved-fugrei-campi-storrelsens-sjokk-3-0-folte-seg-i-de-vestlige-nabolagene-i-napoli\/"},"modified":"2025-08-29T17:49:39","modified_gmt":"2025-08-29T15:49:39","slug":"jordskjelvet-ved-fugrei-campi-storrelsens-sjokk-3-0-folte-seg-i-de-vestlige-nabolagene-i-napoli","status":"publish","type":"post","link":"https:\/\/nordnesrepublikken.no\/index.php\/2025\/08\/29\/jordskjelvet-ved-fugrei-campi-storrelsens-sjokk-3-0-folte-seg-i-de-vestlige-nabolagene-i-napoli\/","title":{"rendered":"Jordskjelvet ved Fugrei Campi, St\u00f8rrelsens sjokk 3.0 f\u00f8lte seg i de vestlige nabolagene i Napoli"},"content":{"rendered":"<div>\n<div class=\"cp_wrapper cp_wrapper--fw mb-30 mb-20@tablet\">\n<figure class=\"mm\"><picture class=\"img\" style=\"padding-top:56.25%\"><source  media=\"(min-width: 1024px)\"><source  media=\"(min-width: 768px)\"><\/source><\/source><\/picture><\/figure>\n<\/p><\/div>\n<p>Til <strong>CAMPI FREGREI<\/strong> Et jordskjelv med st\u00f8rrelsesorden 3.0 ved <strong>21:53<\/strong> av i g\u00e5r, torsdag 28. august. Som ogs\u00e5 bekreftet av INGV, l\u00e5 episenteret langs kysten, mellom Lucrino og Felice Arco, p\u00e5 en dybde p\u00e5 1,9 km.<\/p>\n<p>Jordskjelvet ble advart av innbyggerne i det flegraiske omr\u00e5det, fra Baia og Bacoli, opp til Monte di Procida og Felice Arco, men sjokket ble ogs\u00e5 oppfattet i noen vestlige nabolag i Napoli, inkludert Agnano, Fuorigrotta og Bagnoli. Noen borgere rapporterte at de hadde h\u00f8rt et br\u00f8l f\u00f8r sjokket, noe som imidlertid ikke for\u00e5rsaket s\u00e6rlig skade p\u00e5 bygninger eller mennesker.<\/p>\n<p>Fra et geologisk synspunkt er det et jordskjelv som kan tilskrives det vulkanske fenomenet bradisisme, det vil si at periodisk heving og senking av jorda i omr\u00e5det til Campi Fogrei. For litt over en m\u00e5ned siden, 18. juli, var det registrert et jordskjelv med st\u00f8rrelsesorden 4.0, tydelig advart i Napoli.<\/p>\n<p>I f\u00f8lge National Institute of Geophysics and Volcanology, siden begynnelsen av \u00e5ret, er phlegraean -leirene blitt oppdaget <b>5 742 seismiske hendelser<\/b>men de fleste av sjokkene hadde lav intensitet. Disse sismene representerer imidlertid ikke et overhengende utbruddssignal: For \u00f8yeblikket er det faktisk ingen bevis i denne forbindelse, men det er mulig \u00e5 alltid v\u00e6re informert etter de offisielle sidene i INGV og den sivile beskyttelsen.<\/p>\n<\/p><\/div>\n","protected":false},"excerpt":{"rendered":"<p>Til CAMPI FREGREI Et jordskjelv med st\u00f8rrelsesorden 3.0 ved 21:53 av i g\u00e5r, torsdag 28.<\/p>\n","protected":false},"author":1,"featured_media":8916,"comment_status":"closed","ping_status":"open","sticky":false,"template":"","format":"standard","meta":{"footnotes":""},"categories":[24],"tags":[432,1169,431,623,5841,2476,96,557,2075,231,5840],"class_list":["post-8915","post","type-post","status-publish","format-standard","has-post-thumbnail","hentry","category-vitenskap","tag-campi","tag-folte","tag-fugrei","tag-jordskjelvet","tag-nabolagene","tag-napoli","tag-seg","tag-sjokk","tag-storrelsens","tag-ved","tag-vestlige","generate-columns","tablet-grid-50","mobile-grid-100","grid-parent","grid-33","resize-featured-image"],"yoast_head":"<!-- This site is optimized with the Yoast SEO plugin v24.4 - https:\/\/yoast.com\/wordpress\/plugins\/seo\/ -->\n<title>Jordskjelvet ved Fugrei Campi, St\u00f8rrelsens sjokk 3.0 f\u00f8lte seg i de vestlige nabolagene i Napoli - Nordnesrepublikken<\/title>\n<meta name=\"robots\" content=\"index, follow, max-snippet:-1, max-image-preview:large, max-video-preview:-1\" \/>\n<link rel=\"canonical\" href=\"https:\/\/nordnesrepublikken.no\/index.php\/2025\/08\/29\/jordskjelvet-ved-fugrei-campi-storrelsens-sjokk-3-0-folte-seg-i-de-vestlige-nabolagene-i-napoli\/\" \/>\n<meta property=\"og:locale\" content=\"nb_NO\" \/>\n<meta property=\"og:type\" content=\"article\" \/>\n<meta property=\"og:title\" content=\"Jordskjelvet ved Fugrei Campi, St\u00f8rrelsens sjokk 3.0 f\u00f8lte seg i de vestlige nabolagene i Napoli - Nordnesrepublikken\" \/>\n<meta property=\"og:description\" content=\"Til CAMPI FREGREI Et jordskjelv med st\u00f8rrelsesorden 3.0 ved 21:53 av i g\u00e5r, torsdag 28.\" \/>\n<meta property=\"og:url\" content=\"https:\/\/nordnesrepublikken.no\/index.php\/2025\/08\/29\/jordskjelvet-ved-fugrei-campi-storrelsens-sjokk-3-0-folte-seg-i-de-vestlige-nabolagene-i-napoli\/\" \/>\n<meta property=\"og:site_name\" content=\"Nordnesrepublikken\" \/>\n<meta property=\"article:published_time\" content=\"2025-08-29T15:49:38+00:00\" \/>\n<meta property=\"article:modified_time\" content=\"2025-08-29T15:49:39+00:00\" \/>\n<meta property=\"og:image\" content=\"https:\/\/nordnesrepublikken.no\/wp-content\/uploads\/2025\/08\/Jordskjelvet-ved-Fugrei-Campi-Storrelsens-sjokk-30-folte-seg-i.jpg\" \/>\n\t<meta property=\"og:image:width\" content=\"1280\" \/>\n\t<meta property=\"og:image:height\" content=\"720\" \/>\n\t<meta property=\"og:image:type\" content=\"image\/jpeg\" \/>\n<meta name=\"author\" content=\"Ole Andersen\" \/>\n<meta name=\"twitter:card\" content=\"summary_large_image\" \/>\n<meta name=\"twitter:label1\" content=\"Skrevet av\" \/>\n\t<meta name=\"twitter:data1\" content=\"Ole Andersen\" \/>\n\t<meta name=\"twitter:label2\" content=\"Ansl. lesetid\" \/>\n\t<meta name=\"twitter:data2\" content=\"1 minutt\" \/>\n<script type=\"application\/ld+json\" class=\"yoast-schema-graph\">{\"@context\":\"https:\/\/schema.org\",\"@graph\":[{\"@type\":\"Article\",\"@id\":\"https:\/\/nordnesrepublikken.no\/index.php\/2025\/08\/29\/jordskjelvet-ved-fugrei-campi-storrelsens-sjokk-3-0-folte-seg-i-de-vestlige-nabolagene-i-napoli\/#article\",\"isPartOf\":{\"@id\":\"https:\/\/nordnesrepublikken.no\/index.php\/2025\/08\/29\/jordskjelvet-ved-fugrei-campi-storrelsens-sjokk-3-0-folte-seg-i-de-vestlige-nabolagene-i-napoli\/\"},\"author\":{\"name\":\"Ole Andersen\",\"@id\":\"https:\/\/nordnesrepublikken.no\/#\/schema\/person\/2e7e81935bab77882fffb79296240ff1\"},\"headline\":\"Jordskjelvet ved Fugrei Campi, St\u00f8rrelsens sjokk 3.0 f\u00f8lte seg i de vestlige nabolagene i Napoli\",\"datePublished\":\"2025-08-29T15:49:38+00:00\",\"dateModified\":\"2025-08-29T15:49:39+00:00\",\"mainEntityOfPage\":{\"@id\":\"https:\/\/nordnesrepublikken.no\/index.php\/2025\/08\/29\/jordskjelvet-ved-fugrei-campi-storrelsens-sjokk-3-0-folte-seg-i-de-vestlige-nabolagene-i-napoli\/\"},\"wordCount\":229,\"publisher\":{\"@id\":\"https:\/\/nordnesrepublikken.no\/#organization\"},\"image\":{\"@id\":\"https:\/\/nordnesrepublikken.no\/index.php\/2025\/08\/29\/jordskjelvet-ved-fugrei-campi-storrelsens-sjokk-3-0-folte-seg-i-de-vestlige-nabolagene-i-napoli\/#primaryimage\"},\"thumbnailUrl\":\"https:\/\/nordnesrepublikken.no\/wp-content\/uploads\/2025\/08\/Jordskjelvet-ved-Fugrei-Campi-Storrelsens-sjokk-30-folte-seg-i.jpg\",\"keywords\":[\"Campi\",\"f\u00f8lte\",\"Fugrei\",\"Jordskjelvet\",\"nabolagene\",\"Napoli\",\"seg\",\"sjokk\",\"St\u00f8rrelsens\",\"ved\",\"vestlige\"],\"articleSection\":[\"Vitenskap\"],\"inLanguage\":\"nb-NO\"},{\"@type\":\"WebPage\",\"@id\":\"https:\/\/nordnesrepublikken.no\/index.php\/2025\/08\/29\/jordskjelvet-ved-fugrei-campi-storrelsens-sjokk-3-0-folte-seg-i-de-vestlige-nabolagene-i-napoli\/\",\"url\":\"https:\/\/nordnesrepublikken.no\/index.php\/2025\/08\/29\/jordskjelvet-ved-fugrei-campi-storrelsens-sjokk-3-0-folte-seg-i-de-vestlige-nabolagene-i-napoli\/\",\"name\":\"Jordskjelvet ved Fugrei Campi, St\u00f8rrelsens sjokk 3.0 f\u00f8lte seg i de vestlige nabolagene i Napoli - Nordnesrepublikken\",\"isPartOf\":{\"@id\":\"https:\/\/nordnesrepublikken.no\/#website\"},\"primaryImageOfPage\":{\"@id\":\"https:\/\/nordnesrepublikken.no\/index.php\/2025\/08\/29\/jordskjelvet-ved-fugrei-campi-storrelsens-sjokk-3-0-folte-seg-i-de-vestlige-nabolagene-i-napoli\/#primaryimage\"},\"image\":{\"@id\":\"https:\/\/nordnesrepublikken.no\/index.php\/2025\/08\/29\/jordskjelvet-ved-fugrei-campi-storrelsens-sjokk-3-0-folte-seg-i-de-vestlige-nabolagene-i-napoli\/#primaryimage\"},\"thumbnailUrl\":\"https:\/\/nordnesrepublikken.no\/wp-content\/uploads\/2025\/08\/Jordskjelvet-ved-Fugrei-Campi-Storrelsens-sjokk-30-folte-seg-i.jpg\",\"datePublished\":\"2025-08-29T15:49:38+00:00\",\"dateModified\":\"2025-08-29T15:49:39+00:00\",\"breadcrumb\":{\"@id\":\"https:\/\/nordnesrepublikken.no\/index.php\/2025\/08\/29\/jordskjelvet-ved-fugrei-campi-storrelsens-sjokk-3-0-folte-seg-i-de-vestlige-nabolagene-i-napoli\/#breadcrumb\"},\"inLanguage\":\"nb-NO\",\"potentialAction\":[{\"@type\":\"ReadAction\",\"target\":[\"https:\/\/nordnesrepublikken.no\/index.php\/2025\/08\/29\/jordskjelvet-ved-fugrei-campi-storrelsens-sjokk-3-0-folte-seg-i-de-vestlige-nabolagene-i-napoli\/\"]}]},{\"@type\":\"ImageObject\",\"inLanguage\":\"nb-NO\",\"@id\":\"https:\/\/nordnesrepublikken.no\/index.php\/2025\/08\/29\/jordskjelvet-ved-fugrei-campi-storrelsens-sjokk-3-0-folte-seg-i-de-vestlige-nabolagene-i-napoli\/#primaryimage\",\"url\":\"https:\/\/nordnesrepublikken.no\/wp-content\/uploads\/2025\/08\/Jordskjelvet-ved-Fugrei-Campi-Storrelsens-sjokk-30-folte-seg-i.jpg\",\"contentUrl\":\"https:\/\/nordnesrepublikken.no\/wp-content\/uploads\/2025\/08\/Jordskjelvet-ved-Fugrei-Campi-Storrelsens-sjokk-30-folte-seg-i.jpg\",\"width\":1280,\"height\":720,\"caption\":\"terremoto-campi-flegrei\"},{\"@type\":\"BreadcrumbList\",\"@id\":\"https:\/\/nordnesrepublikken.no\/index.php\/2025\/08\/29\/jordskjelvet-ved-fugrei-campi-storrelsens-sjokk-3-0-folte-seg-i-de-vestlige-nabolagene-i-napoli\/#breadcrumb\",\"itemListElement\":[{\"@type\":\"ListItem\",\"position\":1,\"name\":\"Home\",\"item\":\"https:\/\/nordnesrepublikken.no\/\"},{\"@type\":\"ListItem\",\"position\":2,\"name\":\"Jordskjelvet ved Fugrei Campi, St\u00f8rrelsens sjokk 3.0 f\u00f8lte seg i de vestlige nabolagene i Napoli\"}]},{\"@type\":\"WebSite\",\"@id\":\"https:\/\/nordnesrepublikken.no\/#website\",\"url\":\"https:\/\/nordnesrepublikken.no\/\",\"name\":\"Nordnesrepublikken\",\"description\":\"Stemmer og Visjoner fra Republikkens Hjerte\",\"publisher\":{\"@id\":\"https:\/\/nordnesrepublikken.no\/#organization\"},\"potentialAction\":[{\"@type\":\"SearchAction\",\"target\":{\"@type\":\"EntryPoint\",\"urlTemplate\":\"https:\/\/nordnesrepublikken.no\/?s={search_term_string}\"},\"query-input\":{\"@type\":\"PropertyValueSpecification\",\"valueRequired\":true,\"valueName\":\"search_term_string\"}}],\"inLanguage\":\"nb-NO\"},{\"@type\":\"Organization\",\"@id\":\"https:\/\/nordnesrepublikken.no\/#organization\",\"name\":\"Nordnesrepublikken\",\"url\":\"https:\/\/nordnesrepublikken.no\/\",\"logo\":{\"@type\":\"ImageObject\",\"inLanguage\":\"nb-NO\",\"@id\":\"https:\/\/nordnesrepublikken.no\/#\/schema\/logo\/image\/\",\"url\":\"https:\/\/nordnesrepublikken.no\/wp-content\/uploads\/2025\/02\/cropped-nordnesrepublikken-2.png\",\"contentUrl\":\"https:\/\/nordnesrepublikken.no\/wp-content\/uploads\/2025\/02\/cropped-nordnesrepublikken-2.png\",\"width\":1248,\"height\":362,\"caption\":\"Nordnesrepublikken\"},\"image\":{\"@id\":\"https:\/\/nordnesrepublikken.no\/#\/schema\/logo\/image\/\"}},{\"@type\":\"Person\",\"@id\":\"https:\/\/nordnesrepublikken.no\/#\/schema\/person\/2e7e81935bab77882fffb79296240ff1\",\"name\":\"Ole Andersen\",\"image\":{\"@type\":\"ImageObject\",\"inLanguage\":\"nb-NO\",\"@id\":\"https:\/\/nordnesrepublikken.no\/#\/schema\/person\/image\/\",\"url\":\"https:\/\/nordnesrepublikken.no\/wp-content\/uploads\/2025\/02\/nordnesrepublikken-2-2-150x150.jpg\",\"contentUrl\":\"https:\/\/nordnesrepublikken.no\/wp-content\/uploads\/2025\/02\/nordnesrepublikken-2-2-150x150.jpg\",\"caption\":\"Ole Andersen\"},\"description\":\"Ettersom jeg vokste opp i Oslo, har jeg alltid v\u00e6rt fascinert av ordenes kraft og deres evne til \u00e5 skape endringer. Etter \u00e5 ha fullf\u00f8rt min utdannelse i kommunikasjon ved Universitetet i Bergen, fikk jeg muligheten til \u00e5 jobbe innen ulike medier, der jeg har s\u00f8kt \u00e5 belyse viktige samfunnssp\u00f8rsm\u00e5l. I dag, som redakt\u00f8r for Nordnesrepublikken, pr\u00f8ver jeg \u00e5 forene min kj\u00e6rlighet for journalistikk med min lidenskap for innovasjon og eventyr.\",\"sameAs\":[\"https:\/\/nordnesrepublikken.no\/\"]}]}<\/script>\n<!-- \/ Yoast SEO plugin. -->","yoast_head_json":{"title":"Jordskjelvet ved Fugrei Campi, St\u00f8rrelsens sjokk 3.0 f\u00f8lte seg i de vestlige nabolagene i Napoli - Nordnesrepublikken","robots":{"index":"index","follow":"follow","max-snippet":"max-snippet:-1","max-image-preview":"max-image-preview:large","max-video-preview":"max-video-preview:-1"},"canonical":"https:\/\/nordnesrepublikken.no\/index.php\/2025\/08\/29\/jordskjelvet-ved-fugrei-campi-storrelsens-sjokk-3-0-folte-seg-i-de-vestlige-nabolagene-i-napoli\/","og_locale":"nb_NO","og_type":"article","og_title":"Jordskjelvet ved Fugrei Campi, St\u00f8rrelsens sjokk 3.0 f\u00f8lte seg i de vestlige nabolagene i Napoli - Nordnesrepublikken","og_description":"Til CAMPI FREGREI Et jordskjelv med st\u00f8rrelsesorden 3.0 ved 21:53 av i g\u00e5r, torsdag 28.","og_url":"https:\/\/nordnesrepublikken.no\/index.php\/2025\/08\/29\/jordskjelvet-ved-fugrei-campi-storrelsens-sjokk-3-0-folte-seg-i-de-vestlige-nabolagene-i-napoli\/","og_site_name":"Nordnesrepublikken","article_published_time":"2025-08-29T15:49:38+00:00","article_modified_time":"2025-08-29T15:49:39+00:00","og_image":[{"width":1280,"height":720,"url":"https:\/\/nordnesrepublikken.no\/wp-content\/uploads\/2025\/08\/Jordskjelvet-ved-Fugrei-Campi-Storrelsens-sjokk-30-folte-seg-i.jpg","type":"image\/jpeg"}],"author":"Ole Andersen","twitter_card":"summary_large_image","twitter_misc":{"Skrevet av":"Ole Andersen","Ansl. lesetid":"1 minutt"},"schema":{"@context":"https:\/\/schema.org","@graph":[{"@type":"Article","@id":"https:\/\/nordnesrepublikken.no\/index.php\/2025\/08\/29\/jordskjelvet-ved-fugrei-campi-storrelsens-sjokk-3-0-folte-seg-i-de-vestlige-nabolagene-i-napoli\/#article","isPartOf":{"@id":"https:\/\/nordnesrepublikken.no\/index.php\/2025\/08\/29\/jordskjelvet-ved-fugrei-campi-storrelsens-sjokk-3-0-folte-seg-i-de-vestlige-nabolagene-i-napoli\/"},"author":{"name":"Ole Andersen","@id":"https:\/\/nordnesrepublikken.no\/#\/schema\/person\/2e7e81935bab77882fffb79296240ff1"},"headline":"Jordskjelvet ved Fugrei Campi, St\u00f8rrelsens sjokk 3.0 f\u00f8lte seg i de vestlige nabolagene i Napoli","datePublished":"2025-08-29T15:49:38+00:00","dateModified":"2025-08-29T15:49:39+00:00","mainEntityOfPage":{"@id":"https:\/\/nordnesrepublikken.no\/index.php\/2025\/08\/29\/jordskjelvet-ved-fugrei-campi-storrelsens-sjokk-3-0-folte-seg-i-de-vestlige-nabolagene-i-napoli\/"},"wordCount":229,"publisher":{"@id":"https:\/\/nordnesrepublikken.no\/#organization"},"image":{"@id":"https:\/\/nordnesrepublikken.no\/index.php\/2025\/08\/29\/jordskjelvet-ved-fugrei-campi-storrelsens-sjokk-3-0-folte-seg-i-de-vestlige-nabolagene-i-napoli\/#primaryimage"},"thumbnailUrl":"https:\/\/nordnesrepublikken.no\/wp-content\/uploads\/2025\/08\/Jordskjelvet-ved-Fugrei-Campi-Storrelsens-sjokk-30-folte-seg-i.jpg","keywords":["Campi","f\u00f8lte","Fugrei","Jordskjelvet","nabolagene","Napoli","seg","sjokk","St\u00f8rrelsens","ved","vestlige"],"articleSection":["Vitenskap"],"inLanguage":"nb-NO"},{"@type":"WebPage","@id":"https:\/\/nordnesrepublikken.no\/index.php\/2025\/08\/29\/jordskjelvet-ved-fugrei-campi-storrelsens-sjokk-3-0-folte-seg-i-de-vestlige-nabolagene-i-napoli\/","url":"https:\/\/nordnesrepublikken.no\/index.php\/2025\/08\/29\/jordskjelvet-ved-fugrei-campi-storrelsens-sjokk-3-0-folte-seg-i-de-vestlige-nabolagene-i-napoli\/","name":"Jordskjelvet ved Fugrei Campi, St\u00f8rrelsens sjokk 3.0 f\u00f8lte seg i de vestlige nabolagene i Napoli - Nordnesrepublikken","isPartOf":{"@id":"https:\/\/nordnesrepublikken.no\/#website"},"primaryImageOfPage":{"@id":"https:\/\/nordnesrepublikken.no\/index.php\/2025\/08\/29\/jordskjelvet-ved-fugrei-campi-storrelsens-sjokk-3-0-folte-seg-i-de-vestlige-nabolagene-i-napoli\/#primaryimage"},"image":{"@id":"https:\/\/nordnesrepublikken.no\/index.php\/2025\/08\/29\/jordskjelvet-ved-fugrei-campi-storrelsens-sjokk-3-0-folte-seg-i-de-vestlige-nabolagene-i-napoli\/#primaryimage"},"thumbnailUrl":"https:\/\/nordnesrepublikken.no\/wp-content\/uploads\/2025\/08\/Jordskjelvet-ved-Fugrei-Campi-Storrelsens-sjokk-30-folte-seg-i.jpg","datePublished":"2025-08-29T15:49:38+00:00","dateModified":"2025-08-29T15:49:39+00:00","breadcrumb":{"@id":"https:\/\/nordnesrepublikken.no\/index.php\/2025\/08\/29\/jordskjelvet-ved-fugrei-campi-storrelsens-sjokk-3-0-folte-seg-i-de-vestlige-nabolagene-i-napoli\/#breadcrumb"},"inLanguage":"nb-NO","potentialAction":[{"@type":"ReadAction","target":["https:\/\/nordnesrepublikken.no\/index.php\/2025\/08\/29\/jordskjelvet-ved-fugrei-campi-storrelsens-sjokk-3-0-folte-seg-i-de-vestlige-nabolagene-i-napoli\/"]}]},{"@type":"ImageObject","inLanguage":"nb-NO","@id":"https:\/\/nordnesrepublikken.no\/index.php\/2025\/08\/29\/jordskjelvet-ved-fugrei-campi-storrelsens-sjokk-3-0-folte-seg-i-de-vestlige-nabolagene-i-napoli\/#primaryimage","url":"https:\/\/nordnesrepublikken.no\/wp-content\/uploads\/2025\/08\/Jordskjelvet-ved-Fugrei-Campi-Storrelsens-sjokk-30-folte-seg-i.jpg","contentUrl":"https:\/\/nordnesrepublikken.no\/wp-content\/uploads\/2025\/08\/Jordskjelvet-ved-Fugrei-Campi-Storrelsens-sjokk-30-folte-seg-i.jpg","width":1280,"height":720,"caption":"terremoto-campi-flegrei"},{"@type":"BreadcrumbList","@id":"https:\/\/nordnesrepublikken.no\/index.php\/2025\/08\/29\/jordskjelvet-ved-fugrei-campi-storrelsens-sjokk-3-0-folte-seg-i-de-vestlige-nabolagene-i-napoli\/#breadcrumb","itemListElement":[{"@type":"ListItem","position":1,"name":"Home","item":"https:\/\/nordnesrepublikken.no\/"},{"@type":"ListItem","position":2,"name":"Jordskjelvet ved Fugrei Campi, St\u00f8rrelsens sjokk 3.0 f\u00f8lte seg i de vestlige nabolagene i Napoli"}]},{"@type":"WebSite","@id":"https:\/\/nordnesrepublikken.no\/#website","url":"https:\/\/nordnesrepublikken.no\/","name":"Nordnesrepublikken","description":"Stemmer og Visjoner fra Republikkens Hjerte","publisher":{"@id":"https:\/\/nordnesrepublikken.no\/#organization"},"potentialAction":[{"@type":"SearchAction","target":{"@type":"EntryPoint","urlTemplate":"https:\/\/nordnesrepublikken.no\/?s={search_term_string}"},"query-input":{"@type":"PropertyValueSpecification","valueRequired":true,"valueName":"search_term_string"}}],"inLanguage":"nb-NO"},{"@type":"Organization","@id":"https:\/\/nordnesrepublikken.no\/#organization","name":"Nordnesrepublikken","url":"https:\/\/nordnesrepublikken.no\/","logo":{"@type":"ImageObject","inLanguage":"nb-NO","@id":"https:\/\/nordnesrepublikken.no\/#\/schema\/logo\/image\/","url":"https:\/\/nordnesrepublikken.no\/wp-content\/uploads\/2025\/02\/cropped-nordnesrepublikken-2.png","contentUrl":"https:\/\/nordnesrepublikken.no\/wp-content\/uploads\/2025\/02\/cropped-nordnesrepublikken-2.png","width":1248,"height":362,"caption":"Nordnesrepublikken"},"image":{"@id":"https:\/\/nordnesrepublikken.no\/#\/schema\/logo\/image\/"}},{"@type":"Person","@id":"https:\/\/nordnesrepublikken.no\/#\/schema\/person\/2e7e81935bab77882fffb79296240ff1","name":"Ole Andersen","image":{"@type":"ImageObject","inLanguage":"nb-NO","@id":"https:\/\/nordnesrepublikken.no\/#\/schema\/person\/image\/","url":"https:\/\/nordnesrepublikken.no\/wp-content\/uploads\/2025\/02\/nordnesrepublikken-2-2-150x150.jpg","contentUrl":"https:\/\/nordnesrepublikken.no\/wp-content\/uploads\/2025\/02\/nordnesrepublikken-2-2-150x150.jpg","caption":"Ole Andersen"},"description":"Ettersom jeg vokste opp i Oslo, har jeg alltid v\u00e6rt fascinert av ordenes kraft og deres evne til \u00e5 skape endringer. Etter \u00e5 ha fullf\u00f8rt min utdannelse i kommunikasjon ved Universitetet i Bergen, fikk jeg muligheten til \u00e5 jobbe innen ulike medier, der jeg har s\u00f8kt \u00e5 belyse viktige samfunnssp\u00f8rsm\u00e5l. I dag, som redakt\u00f8r for Nordnesrepublikken, pr\u00f8ver jeg \u00e5 forene min kj\u00e6rlighet for journalistikk med min lidenskap for innovasjon og eventyr.","sameAs":["https:\/\/nordnesrepublikken.no\/"]}]}},"_links":{"self":[{"href":"https:\/\/nordnesrepublikken.no\/index.php\/wp-json\/wp\/v2\/posts\/8915","targetHints":{"allow":["GET"]}}],"collection":[{"href":"https:\/\/nordnesrepublikken.no\/index.php\/wp-json\/wp\/v2\/posts"}],"about":[{"href":"https:\/\/nordnesrepublikken.no\/index.php\/wp-json\/wp\/v2\/types\/post"}],"author":[{"embeddable":true,"href":"https:\/\/nordnesrepublikken.no\/index.php\/wp-json\/wp\/v2\/users\/1"}],"replies":[{"embeddable":true,"href":"https:\/\/nordnesrepublikken.no\/index.php\/wp-json\/wp\/v2\/comments?post=8915"}],"version-history":[{"count":1,"href":"https:\/\/nordnesrepublikken.no\/index.php\/wp-json\/wp\/v2\/posts\/8915\/revisions"}],"predecessor-version":[{"id":8917,"href":"https:\/\/nordnesrepublikken.no\/index.php\/wp-json\/wp\/v2\/posts\/8915\/revisions\/8917"}],"wp:featuredmedia":[{"embeddable":true,"href":"https:\/\/nordnesrepublikken.no\/index.php\/wp-json\/wp\/v2\/media\/8916"}],"wp:attachment":[{"href":"https:\/\/nordnesrepublikken.no\/index.php\/wp-json\/wp\/v2\/media?parent=8915"}],"wp:term":[{"taxonomy":"category","embeddable":true,"href":"https:\/\/nordnesrepublikken.no\/index.php\/wp-json\/wp\/v2\/categories?post=8915"},{"taxonomy":"post_tag","embeddable":true,"href":"https:\/\/nordnesrepublikken.no\/index.php\/wp-json\/wp\/v2\/tags?post=8915"}],"curies":[{"name":"wp","href":"https:\/\/api.w.org\/{rel}","templated":true}]}}