{"id":8903,"date":"2025-08-29T11:50:50","date_gmt":"2025-08-29T09:50:50","guid":{"rendered":"https:\/\/nordnesrepublikken.no\/index.php\/2025\/08\/29\/20-ar-fra-orkanen-katrina-den-mest-odeleggende-som-noen-gang-er-registrert-fordi-den-var-sa-katastrofalt\/"},"modified":"2025-08-29T11:50:58","modified_gmt":"2025-08-29T09:50:58","slug":"20-ar-fra-orkanen-katrina-den-mest-odeleggende-som-noen-gang-er-registrert-fordi-den-var-sa-katastrofalt","status":"publish","type":"post","link":"https:\/\/nordnesrepublikken.no\/index.php\/2025\/08\/29\/20-ar-fra-orkanen-katrina-den-mest-odeleggende-som-noen-gang-er-registrert-fordi-den-var-sa-katastrofalt\/","title":{"rendered":"20 \u00e5r fra orkanen Katrina, den mest \u00f8deleggende som noen gang er registrert: fordi den var s\u00e5 katastrofalt"},"content":{"rendered":"<div>\n<div class=\"cp_wrapper cp_wrapper--fw mb-30 mb-20@tablet\">\n<figure class=\"mm\"><picture class=\"img\" style=\"padding-top:56.25%\"><source  media=\"(min-width: 1024px)\"><source  media=\"(min-width: 768px)\"><\/source><\/source><\/picture><\/figure>\n<\/p><\/div>\n<p>DE&#8217;<strong>Orkanen Katrina<\/strong>som traff Florida, Louisiana, Mississippi og Alabama i slutten av august 2005, var<strong>Mer destruktiv orkan noensinne har spilt inn<\/strong> Og den dyreste naturkatastrofen i USAs historie. Selv om det ikke har v\u00e6rt den mest voldelige noensinne har observert (forresten g\u00e5r til Eragano Allen fra 1980) og heller ikke den som for\u00e5rsaket de mest konstaterte ofrene, er orkanen som for\u00e5rsaket mer skade, med et budsjett p\u00e5 omtrent omtrent <strong>125 milliarder dollar<\/strong> av tiden (over 200 milliarder n\u00e5v\u00e6rende) og <strong>1836 ofre<\/strong> Som blir lagt utover <strong>700 mangler<\/strong>. \u00d8deleggelsene for\u00e5rsaket av Katrina var slik at dette navnet ikke en gang kan tildeles en orkan: en virkelig &laquo;perfekt storm&raquo; som skylder sin destruktive kapasitet til en serie av <strong>tull<\/strong> Ikke bare av en rent meteorologisk karakter, men ogs\u00e5 ingeni\u00f8rfag og sosial. Tjue \u00e5r etter tragedien g\u00e5r vi tilbake den meteorologiske historien og dens dramatiske effekter p\u00e5 USA, spesielt for byen <strong>New Orleans<\/strong>.<\/p>\n<h2>Katrinas v\u00e6rhistorie<\/h2>\n<p>Som mange orkaner begynner historien om Katrina med en <strong>tropisk depresjon<\/strong>det vil si et lavt trykkomr\u00e5de som enn\u00e5 ikke er organisert med en rotasjonsmotorsykkel og et &laquo;\u00f8ye&raquo;, med tjue opp til <strong>63 km\/t<\/strong>. Depresjon, dannet utenfor kysten av Vest -Afrika, n\u00e5r forholdene for \u00e5 utvikle seg i orkanen <strong>23. august 2005<\/strong>n\u00e5r det ligger utenfor Bahamas omtrent 560 km fra byen Miami.<\/p>\n<p>Dagen etter, <strong>24. august<\/strong>hastigheten p\u00e5 vindene &laquo;fremme&raquo; hva som var en tropisk depresjon i en <strong>tropisk storm<\/strong>det vil si et stormfullt system med tjue mellom <strong>63 og 118 km\/t<\/strong>. Det er p\u00e5 dette tidspunktet at forstyrrelsen offisielt tar navnet <strong>Katrine<\/strong>.<\/p>\n<p>Mens han drar vestover i retning Florida -kysten, fortsetter Katrina \u00e5 vokse ogs\u00e5 drevet av Gulf -str\u00f8mmen, og <strong>25. august<\/strong> er klassifisert som <strong>Kategori orkan 1 <\/strong>Bare to timer f\u00f8r hans f\u00f8rste m\u00f8te med fastlandet, p\u00e5 s\u00f8rspissen av Florida. Forresten, &laquo;kategoriene&raquo; av orkanene refererer til <strong>Saffir-SMPSON-skala<\/strong> P\u00e5 intensiteten av tropiske sykloner: I kategori 1, som er den laveste, er orkaner inkludert hvis vind g\u00e5r <strong>fra 119 og 153 km\/t<\/strong>.<\/p>\n<p>Men det verste er bestemt til \u00e5 komme fra og med start fra <strong>26. august<\/strong>etter <em>Landfall<\/em> I Florida, n\u00e5r Katrina kommer inn i Mexicogulfen. Her fungerer den h\u00f8ye temperaturen p\u00e5 vannet som et drivstoff som mater Oragan -motoren: den <strong>27. august<\/strong> Katrina n\u00e5r <strong>Kategori 3 <\/strong>(tjue mellom 178 og 208 km\/t) og <strong>28. august<\/strong> der <strong>Kategori 5<\/strong>maksimalt av Saffir-Socson-skalaen med tjue over 252 km\/t: qui tjue av Katrina har n\u00e5dd maksimalt p\u00e5 <strong>278 km\/t<\/strong>.<\/p>\n<div class=\"cp_wrapper cp_wrapper--fw mb-50\">\n<figure class=\"mm\"><picture class=\"img\" style=\"padding-top:58.333333333333%\"><source  media=\"(min-width: 1024px)\"><source  media=\"(min-width: 768px)\"><img decoding=\"async\" loading=\"lazy\" src=\"https:\/\/nordnesrepublikken.no\/wp-content\/uploads\/2025\/08\/1756461050_761_20-ar-fra-orkanen-Katrina-den-mest-odeleggende-som-noen.jpg\" alt=\"Orkanen Katrina\" width=\"1848\" height=\"1078\"><\/source><\/source><\/picture><\/figure>\n<\/p><\/div>\n<p>Det er p\u00e5 dette tidspunktet orkanen avleder nord, drevet av atmosf\u00e6riske str\u00f8mmer. Heldigvis, i Gulf of Northern Mexico <strong>Vannet er kaldere <\/strong>Til og med 1 \u00b0 C sammenlignet med resten av bukten: det er som om str\u00f8mmen av drivstoff i motoren avtar, og dermed svekker raseri av Katrina. Vindene g\u00e5r ned til et maksimum <strong>205 km\/t<\/strong>bringe Katrina til Uragano av <strong>Kategori 3<\/strong>. Denne svekkelsen er en formue, fordi Katrina er i ferd med \u00e5 n\u00e5 jorden igjen. Kl. 04:10 om morgenen <strong>29. august<\/strong> Orkanen bryter ut p\u00e5 kysten av Louisiana og Mississippi, med en ny <em>Landfall<\/em> til <strong>Buras<\/strong>Small Town 100 km s\u00f8r for New Orleans.<\/p>\n<p>Den mest folkerike byen Louisiana og dens 400 000 innbyggere er nesten p\u00e5 banen til det som den gang var den tredje mest voldelige orkanen som rammet USAs kyster. Og det er her Katrina bringer henne <strong>mer \u00f8deleggende effekter<\/strong>. N\u00e5r jorda er n\u00e5dd, uten &laquo;drivstoffet&raquo; representert av vannet, sl\u00e5s orkanen sakte av i omtrent 15 timer f\u00f8r den er <strong>Tropisk storm ned<\/strong> Har allerede reist <strong>240 km innover<\/strong> av staten Mississippi. Forstyrrelsen fortsetter \u00e5 ende helt nesten ved portene til de store innsj\u00f8ene.<\/p>\n<div class=\"cp_wrapper cp_wrapper--fw mb-50\">\n<figure class=\"mm\"><picture class=\"img\" style=\"padding-top:61.8%\"><source  media=\"(min-width: 1024px)\"><source  media=\"(min-width: 768px)\"><img decoding=\"async\" loading=\"lazy\" src=\"https:\/\/nordnesrepublikken.no\/wp-content\/uploads\/2025\/08\/1756461050_416_20-ar-fra-orkanen-Katrina-den-mest-odeleggende-som-noen.jpg\" alt=\"Bane Uragano Katrina\" width=\"3000\" height=\"1854\" class=\"js-seedtag-img\"><\/source><\/source><\/picture><\/figure>\n<\/p><\/div>\n<h2>Skaden produsert fra orkanen til New Orleans<\/h2>\n<p>N\u00e5r en voldelig orkan sl\u00e5r en kyst, er det siste du \u00f8nsker at p\u00e5 den kysten er det en folkerik by hvis overflate ligger 80% under havniv\u00e5et. Likevel var dette nettopp situasjonen p\u00e5 tidspunktet for Katrinas inntreden i \u00f8stkysten av USA: hovedstadsomr\u00e5det i <strong>New Orleans<\/strong> Det st\u00e5r faktisk i en <strong>Naturlig depresjon av jorda<\/strong> Ligger mellom Atlanterhavet og Pontchartrain Lake, beskyttet av begge sider takket v\u00e6re <strong>Argini omtrent 7 meter h\u00f8y<\/strong>.<\/p>\n<div class=\"cp_wrapper cp_wrapper--fw mb-50\">\n<figure class=\"mm\"><picture class=\"img\" style=\"padding-top:69.209302325581%\"><source  media=\"(min-width: 1024px)\"><source  media=\"(min-width: 768px)\"><img decoding=\"async\" loading=\"lazy\" src=\"https:\/\/nordnesrepublikken.no\/wp-content\/uploads\/2025\/08\/1756461050_994_20-ar-fra-orkanen-Katrina-den-mest-odeleggende-som-noen.jpg\" alt=\"New Orleans altimetrisk profil\" width=\"2150\" height=\"1488\"><\/source><\/source><\/picture><\/figure>\n<\/p><\/div>\n<p>Denne spesielle omstendigheten var d\u00f8delig for byen. En sterk orkan kan faktisk produsere den s\u00e5 -kalt <strong>Stormb\u00f8lger<\/strong>et fenomen som det sterke vind og lavt atmosf\u00e6retrykk har som sin effekt a <strong>Betydelig heving av havniv\u00e5<\/strong>. Fra et fysisk synspunkt betyr faktisk lavt trykk nettopp dette: Atmosf\u00e6ren gir en skyvende svakest til overflaten av vannet, som derfor er friere til \u00e5 \u00f8ke for virkningen av den intense vinden.<\/p>\n<p>Vel, stormb\u00f8lgen produsert av Katrina var eksepsjonell, ogs\u00e5 fordi Katrinas bane nesten var vinkelrett p\u00e5 kysten. Vi snakker om<strong>Storm Wave<\/strong> <strong>H\u00f8yere noen gang registrert i USA<\/strong>med en h\u00f8yde som ogs\u00e5 n\u00e5dde <strong>8,5 meter<\/strong>mer enn nok til \u00e5 bryte gjennom argumentene til New Orleans og la Atlanterhavet invadere byen. Til dette m\u00e5 legges til omtrent <strong>25 centimeter regn<\/strong> som hastet til byen.<\/p>\n<p>Konsekvensene var \u00f8deleggende: <strong>Bankene br\u00f8t i 53 poeng<\/strong> (Unders\u00f8kelsene etter katastrofen ville da ha trukket frem <strong>Realization defekter<\/strong> av disse strukturene som ville ha bidratt til sagging) og<strong>80% av New Orleans Metropolitan Area <\/strong>Det ble voldsomt oversv\u00f8mmet. Dette skjedde ikke bare i New Orleans, men p\u00e5 alle kysten av Louisiana, Mississippi og Alabama. Vannet trengte inn til <strong>10 km innover<\/strong>. Kort sagt, Katrinas skade kom ikke direkte fra vinden, men fra deres virkning p\u00e5 havniv\u00e5et.<\/p>\n<div class=\"cp_wrapper cp_wrapper--fw mb-50\">\n<figure class=\"mm\"><picture class=\"img\" style=\"padding-top:56.190476190476%\"><source  media=\"(min-width: 1024px)\"><source  media=\"(min-width: 768px)\"><img decoding=\"async\" loading=\"lazy\" src=\"https:\/\/nordnesrepublikken.no\/wp-content\/uploads\/2025\/08\/1756461050_709_20-ar-fra-orkanen-Katrina-den-mest-odeleggende-som-noen.jpg\" alt=\"New Orleans Breed Katrina\" width=\"1470\" height=\"826\" class=\"js-seedtag-img\"><\/source><\/source><\/picture><\/figure>\n<\/p><\/div>\n<p>New Orleans var imidlertid hovedofferet for katastrofen. I hele omr\u00e5det var det en evakueringsordre, som tok bort hjemmene sine <strong>1,2 millioner mennesker<\/strong>men i titusenvis av ikke \u00e5 forlate byen, etter deres vilje eller fordi evakueringsoperasjonene &#8211; if\u00f8lge forskjellige kritiske stemmer &#8211; fant sted for sakte. Resultatet var det <strong>Over 1200 mennesker d\u00f8de druknet under flommen <\/strong>Bare i New Orleans: Omtrent to tredjedeler av de totale ofrene for orkanen, for ikke \u00e5 snakke om de hundrevis av kropper som aldri ble funnet.<\/p>\n<p>Etter katastrofen, <strong>Vannet ble igjen p\u00e5 byen i 43 dager<\/strong>Fram til 11. oktober, noe som gj\u00f8r det vanskelig \u00e5 f\u00e5 tilgang til grunnleggende n\u00f8dvendigheter som drikkevann, mat og husly de f\u00f8rste dagene. Nasjonalgarden grep inn for \u00e5 distribuere vann og mat f\u00f8rst 2. september. I mellomtiden skapte bakteriene i vannet som hadde invadert New Orleans en<strong>Helsemessige n\u00f8dsituasjoner<\/strong> Blant befolkningen.<\/p>\n<div class=\"cp_wrapper cp_wrapper--fw mb-50\">\n<figure class=\"mm\"><picture class=\"img\" style=\"padding-top:57.300884955752%\"><source  media=\"(min-width: 1024px)\"><source  media=\"(min-width: 768px)\"><img decoding=\"async\" loading=\"lazy\" src=\"https:\/\/nordnesrepublikken.no\/wp-content\/uploads\/2025\/08\/1756461050_929_20-ar-fra-orkanen-Katrina-den-mest-odeleggende-som-noen.jpg\" alt=\"National Guard New Orleans Katrina\" width=\"1808\" height=\"1036\"><\/source><\/source><\/picture><\/figure>\n<\/p><\/div>\n<p>Utallige bygninger ble \u00f8delagt: Omtrent en million mennesker forble hjeml\u00f8se og ble tvunget til \u00e5 flytte. New Orleans alene tapte om <strong>30%<\/strong> av befolkningen. Og skaden ville v\u00e6rt langt verre hvis byen hadde funnet seg rett langs orkanen.<\/p>\n<\/p><\/div>\n","protected":false},"excerpt":{"rendered":"<p>DE&#8217;Orkanen Katrinasom traff Florida, Louisiana, Mississippi og Alabama i slutten av august 2005, varMer destruktiv<\/p>\n","protected":false},"author":1,"featured_media":8904,"comment_status":"closed","ping_status":"open","sticky":false,"template":"","format":"standard","meta":{"footnotes":""},"categories":[26],"tags":[595,74,83,125,677,5836,5835,167,676,748,5813,628,1472,31,100],"class_list":["post-8903","post","type-post","status-publish","format-standard","has-post-thumbnail","hentry","category-miljo","tag-ar","tag-den","tag-fordi","tag-fra","tag-gang","tag-katastrofalt","tag-katrina","tag-mest","tag-noen","tag-odeleggende","tag-orkanen","tag-registrert","tag-sa","tag-som","tag-var","generate-columns","tablet-grid-50","mobile-grid-100","grid-parent","grid-33","resize-featured-image"],"yoast_head":"<!-- This site is optimized with the Yoast SEO plugin v24.4 - https:\/\/yoast.com\/wordpress\/plugins\/seo\/ -->\n<title>20 \u00e5r fra orkanen Katrina, den mest \u00f8deleggende som noen gang er registrert: fordi den var s\u00e5 katastrofalt - Nordnesrepublikken<\/title>\n<meta name=\"robots\" content=\"index, follow, max-snippet:-1, max-image-preview:large, max-video-preview:-1\" \/>\n<link rel=\"canonical\" href=\"https:\/\/nordnesrepublikken.no\/index.php\/2025\/08\/29\/20-ar-fra-orkanen-katrina-den-mest-odeleggende-som-noen-gang-er-registrert-fordi-den-var-sa-katastrofalt\/\" \/>\n<meta property=\"og:locale\" content=\"nb_NO\" \/>\n<meta property=\"og:type\" content=\"article\" \/>\n<meta property=\"og:title\" content=\"20 \u00e5r fra orkanen Katrina, den mest \u00f8deleggende som noen gang er registrert: fordi den var s\u00e5 katastrofalt - Nordnesrepublikken\" \/>\n<meta property=\"og:description\" content=\"DE&#8217;Orkanen Katrinasom traff Florida, Louisiana, Mississippi og Alabama i slutten av august 2005, varMer destruktiv\" \/>\n<meta property=\"og:url\" content=\"https:\/\/nordnesrepublikken.no\/index.php\/2025\/08\/29\/20-ar-fra-orkanen-katrina-den-mest-odeleggende-som-noen-gang-er-registrert-fordi-den-var-sa-katastrofalt\/\" \/>\n<meta property=\"og:site_name\" content=\"Nordnesrepublikken\" \/>\n<meta property=\"article:published_time\" content=\"2025-08-29T09:50:50+00:00\" \/>\n<meta property=\"article:modified_time\" content=\"2025-08-29T09:50:58+00:00\" \/>\n<meta property=\"og:image\" content=\"https:\/\/nordnesrepublikken.no\/wp-content\/uploads\/2025\/08\/1756461051_20-ar-fra-orkanen-Katrina-den-mest-odeleggende-som-noen-scaled.jpg\" \/>\n\t<meta property=\"og:image:width\" content=\"2560\" \/>\n\t<meta property=\"og:image:height\" content=\"1679\" \/>\n\t<meta property=\"og:image:type\" content=\"image\/jpeg\" \/>\n<meta name=\"author\" content=\"Ole Andersen\" \/>\n<meta name=\"twitter:card\" content=\"summary_large_image\" \/>\n<meta name=\"twitter:label1\" content=\"Skrevet av\" \/>\n\t<meta name=\"twitter:data1\" content=\"Ole Andersen\" \/>\n\t<meta name=\"twitter:label2\" content=\"Ansl. lesetid\" \/>\n\t<meta name=\"twitter:data2\" content=\"5 minutter\" \/>\n<script type=\"application\/ld+json\" class=\"yoast-schema-graph\">{\"@context\":\"https:\/\/schema.org\",\"@graph\":[{\"@type\":\"Article\",\"@id\":\"https:\/\/nordnesrepublikken.no\/index.php\/2025\/08\/29\/20-ar-fra-orkanen-katrina-den-mest-odeleggende-som-noen-gang-er-registrert-fordi-den-var-sa-katastrofalt\/#article\",\"isPartOf\":{\"@id\":\"https:\/\/nordnesrepublikken.no\/index.php\/2025\/08\/29\/20-ar-fra-orkanen-katrina-den-mest-odeleggende-som-noen-gang-er-registrert-fordi-den-var-sa-katastrofalt\/\"},\"author\":{\"name\":\"Ole Andersen\",\"@id\":\"https:\/\/nordnesrepublikken.no\/#\/schema\/person\/2e7e81935bab77882fffb79296240ff1\"},\"headline\":\"20 \u00e5r fra orkanen Katrina, den mest \u00f8deleggende som noen gang er registrert: fordi den var s\u00e5 katastrofalt\",\"datePublished\":\"2025-08-29T09:50:50+00:00\",\"dateModified\":\"2025-08-29T09:50:58+00:00\",\"mainEntityOfPage\":{\"@id\":\"https:\/\/nordnesrepublikken.no\/index.php\/2025\/08\/29\/20-ar-fra-orkanen-katrina-den-mest-odeleggende-som-noen-gang-er-registrert-fordi-den-var-sa-katastrofalt\/\"},\"wordCount\":1068,\"publisher\":{\"@id\":\"https:\/\/nordnesrepublikken.no\/#organization\"},\"image\":{\"@id\":\"https:\/\/nordnesrepublikken.no\/index.php\/2025\/08\/29\/20-ar-fra-orkanen-katrina-den-mest-odeleggende-som-noen-gang-er-registrert-fordi-den-var-sa-katastrofalt\/#primaryimage\"},\"thumbnailUrl\":\"https:\/\/nordnesrepublikken.no\/wp-content\/uploads\/2025\/08\/1756461051_20-ar-fra-orkanen-Katrina-den-mest-odeleggende-som-noen-scaled.jpg\",\"keywords\":[\"\u00e5r\",\"den\",\"Fordi\",\"fra\",\"gang\",\"katastrofalt\",\"Katrina\",\"mest\",\"noen\",\"\u00f8deleggende\",\"orkanen\",\"registrert\",\"s\u00e5\",\"som\",\"var\"],\"articleSection\":[\"Milj\u00f8\"],\"inLanguage\":\"nb-NO\"},{\"@type\":\"WebPage\",\"@id\":\"https:\/\/nordnesrepublikken.no\/index.php\/2025\/08\/29\/20-ar-fra-orkanen-katrina-den-mest-odeleggende-som-noen-gang-er-registrert-fordi-den-var-sa-katastrofalt\/\",\"url\":\"https:\/\/nordnesrepublikken.no\/index.php\/2025\/08\/29\/20-ar-fra-orkanen-katrina-den-mest-odeleggende-som-noen-gang-er-registrert-fordi-den-var-sa-katastrofalt\/\",\"name\":\"20 \u00e5r fra orkanen Katrina, den mest \u00f8deleggende som noen gang er registrert: fordi den var s\u00e5 katastrofalt - Nordnesrepublikken\",\"isPartOf\":{\"@id\":\"https:\/\/nordnesrepublikken.no\/#website\"},\"primaryImageOfPage\":{\"@id\":\"https:\/\/nordnesrepublikken.no\/index.php\/2025\/08\/29\/20-ar-fra-orkanen-katrina-den-mest-odeleggende-som-noen-gang-er-registrert-fordi-den-var-sa-katastrofalt\/#primaryimage\"},\"image\":{\"@id\":\"https:\/\/nordnesrepublikken.no\/index.php\/2025\/08\/29\/20-ar-fra-orkanen-katrina-den-mest-odeleggende-som-noen-gang-er-registrert-fordi-den-var-sa-katastrofalt\/#primaryimage\"},\"thumbnailUrl\":\"https:\/\/nordnesrepublikken.no\/wp-content\/uploads\/2025\/08\/1756461051_20-ar-fra-orkanen-Katrina-den-mest-odeleggende-som-noen-scaled.jpg\",\"datePublished\":\"2025-08-29T09:50:50+00:00\",\"dateModified\":\"2025-08-29T09:50:58+00:00\",\"breadcrumb\":{\"@id\":\"https:\/\/nordnesrepublikken.no\/index.php\/2025\/08\/29\/20-ar-fra-orkanen-katrina-den-mest-odeleggende-som-noen-gang-er-registrert-fordi-den-var-sa-katastrofalt\/#breadcrumb\"},\"inLanguage\":\"nb-NO\",\"potentialAction\":[{\"@type\":\"ReadAction\",\"target\":[\"https:\/\/nordnesrepublikken.no\/index.php\/2025\/08\/29\/20-ar-fra-orkanen-katrina-den-mest-odeleggende-som-noen-gang-er-registrert-fordi-den-var-sa-katastrofalt\/\"]}]},{\"@type\":\"ImageObject\",\"inLanguage\":\"nb-NO\",\"@id\":\"https:\/\/nordnesrepublikken.no\/index.php\/2025\/08\/29\/20-ar-fra-orkanen-katrina-den-mest-odeleggende-som-noen-gang-er-registrert-fordi-den-var-sa-katastrofalt\/#primaryimage\",\"url\":\"https:\/\/nordnesrepublikken.no\/wp-content\/uploads\/2025\/08\/1756461051_20-ar-fra-orkanen-Katrina-den-mest-odeleggende-som-noen-scaled.jpg\",\"contentUrl\":\"https:\/\/nordnesrepublikken.no\/wp-content\/uploads\/2025\/08\/1756461051_20-ar-fra-orkanen-Katrina-den-mest-odeleggende-som-noen-scaled.jpg\",\"width\":2560,\"height\":1679,\"caption\":\"new orleans katrina\"},{\"@type\":\"BreadcrumbList\",\"@id\":\"https:\/\/nordnesrepublikken.no\/index.php\/2025\/08\/29\/20-ar-fra-orkanen-katrina-den-mest-odeleggende-som-noen-gang-er-registrert-fordi-den-var-sa-katastrofalt\/#breadcrumb\",\"itemListElement\":[{\"@type\":\"ListItem\",\"position\":1,\"name\":\"Home\",\"item\":\"https:\/\/nordnesrepublikken.no\/\"},{\"@type\":\"ListItem\",\"position\":2,\"name\":\"20 \u00e5r fra orkanen Katrina, den mest \u00f8deleggende som noen gang er registrert: fordi den var s\u00e5 katastrofalt\"}]},{\"@type\":\"WebSite\",\"@id\":\"https:\/\/nordnesrepublikken.no\/#website\",\"url\":\"https:\/\/nordnesrepublikken.no\/\",\"name\":\"Nordnesrepublikken\",\"description\":\"Stemmer og Visjoner fra Republikkens Hjerte\",\"publisher\":{\"@id\":\"https:\/\/nordnesrepublikken.no\/#organization\"},\"potentialAction\":[{\"@type\":\"SearchAction\",\"target\":{\"@type\":\"EntryPoint\",\"urlTemplate\":\"https:\/\/nordnesrepublikken.no\/?s={search_term_string}\"},\"query-input\":{\"@type\":\"PropertyValueSpecification\",\"valueRequired\":true,\"valueName\":\"search_term_string\"}}],\"inLanguage\":\"nb-NO\"},{\"@type\":\"Organization\",\"@id\":\"https:\/\/nordnesrepublikken.no\/#organization\",\"name\":\"Nordnesrepublikken\",\"url\":\"https:\/\/nordnesrepublikken.no\/\",\"logo\":{\"@type\":\"ImageObject\",\"inLanguage\":\"nb-NO\",\"@id\":\"https:\/\/nordnesrepublikken.no\/#\/schema\/logo\/image\/\",\"url\":\"https:\/\/nordnesrepublikken.no\/wp-content\/uploads\/2025\/02\/cropped-nordnesrepublikken-2.png\",\"contentUrl\":\"https:\/\/nordnesrepublikken.no\/wp-content\/uploads\/2025\/02\/cropped-nordnesrepublikken-2.png\",\"width\":1248,\"height\":362,\"caption\":\"Nordnesrepublikken\"},\"image\":{\"@id\":\"https:\/\/nordnesrepublikken.no\/#\/schema\/logo\/image\/\"}},{\"@type\":\"Person\",\"@id\":\"https:\/\/nordnesrepublikken.no\/#\/schema\/person\/2e7e81935bab77882fffb79296240ff1\",\"name\":\"Ole Andersen\",\"image\":{\"@type\":\"ImageObject\",\"inLanguage\":\"nb-NO\",\"@id\":\"https:\/\/nordnesrepublikken.no\/#\/schema\/person\/image\/\",\"url\":\"https:\/\/nordnesrepublikken.no\/wp-content\/uploads\/2025\/02\/nordnesrepublikken-2-2-150x150.jpg\",\"contentUrl\":\"https:\/\/nordnesrepublikken.no\/wp-content\/uploads\/2025\/02\/nordnesrepublikken-2-2-150x150.jpg\",\"caption\":\"Ole Andersen\"},\"description\":\"Ettersom jeg vokste opp i Oslo, har jeg alltid v\u00e6rt fascinert av ordenes kraft og deres evne til \u00e5 skape endringer. Etter \u00e5 ha fullf\u00f8rt min utdannelse i kommunikasjon ved Universitetet i Bergen, fikk jeg muligheten til \u00e5 jobbe innen ulike medier, der jeg har s\u00f8kt \u00e5 belyse viktige samfunnssp\u00f8rsm\u00e5l. I dag, som redakt\u00f8r for Nordnesrepublikken, pr\u00f8ver jeg \u00e5 forene min kj\u00e6rlighet for journalistikk med min lidenskap for innovasjon og eventyr.\",\"sameAs\":[\"https:\/\/nordnesrepublikken.no\/\"]}]}<\/script>\n<!-- \/ Yoast SEO plugin. -->","yoast_head_json":{"title":"20 \u00e5r fra orkanen Katrina, den mest \u00f8deleggende som noen gang er registrert: fordi den var s\u00e5 katastrofalt - Nordnesrepublikken","robots":{"index":"index","follow":"follow","max-snippet":"max-snippet:-1","max-image-preview":"max-image-preview:large","max-video-preview":"max-video-preview:-1"},"canonical":"https:\/\/nordnesrepublikken.no\/index.php\/2025\/08\/29\/20-ar-fra-orkanen-katrina-den-mest-odeleggende-som-noen-gang-er-registrert-fordi-den-var-sa-katastrofalt\/","og_locale":"nb_NO","og_type":"article","og_title":"20 \u00e5r fra orkanen Katrina, den mest \u00f8deleggende som noen gang er registrert: fordi den var s\u00e5 katastrofalt - Nordnesrepublikken","og_description":"DE&#8217;Orkanen Katrinasom traff Florida, Louisiana, Mississippi og Alabama i slutten av august 2005, varMer destruktiv","og_url":"https:\/\/nordnesrepublikken.no\/index.php\/2025\/08\/29\/20-ar-fra-orkanen-katrina-den-mest-odeleggende-som-noen-gang-er-registrert-fordi-den-var-sa-katastrofalt\/","og_site_name":"Nordnesrepublikken","article_published_time":"2025-08-29T09:50:50+00:00","article_modified_time":"2025-08-29T09:50:58+00:00","og_image":[{"width":2560,"height":1679,"url":"https:\/\/nordnesrepublikken.no\/wp-content\/uploads\/2025\/08\/1756461051_20-ar-fra-orkanen-Katrina-den-mest-odeleggende-som-noen-scaled.jpg","type":"image\/jpeg"}],"author":"Ole Andersen","twitter_card":"summary_large_image","twitter_misc":{"Skrevet av":"Ole Andersen","Ansl. lesetid":"5 minutter"},"schema":{"@context":"https:\/\/schema.org","@graph":[{"@type":"Article","@id":"https:\/\/nordnesrepublikken.no\/index.php\/2025\/08\/29\/20-ar-fra-orkanen-katrina-den-mest-odeleggende-som-noen-gang-er-registrert-fordi-den-var-sa-katastrofalt\/#article","isPartOf":{"@id":"https:\/\/nordnesrepublikken.no\/index.php\/2025\/08\/29\/20-ar-fra-orkanen-katrina-den-mest-odeleggende-som-noen-gang-er-registrert-fordi-den-var-sa-katastrofalt\/"},"author":{"name":"Ole Andersen","@id":"https:\/\/nordnesrepublikken.no\/#\/schema\/person\/2e7e81935bab77882fffb79296240ff1"},"headline":"20 \u00e5r fra orkanen Katrina, den mest \u00f8deleggende som noen gang er registrert: fordi den var s\u00e5 katastrofalt","datePublished":"2025-08-29T09:50:50+00:00","dateModified":"2025-08-29T09:50:58+00:00","mainEntityOfPage":{"@id":"https:\/\/nordnesrepublikken.no\/index.php\/2025\/08\/29\/20-ar-fra-orkanen-katrina-den-mest-odeleggende-som-noen-gang-er-registrert-fordi-den-var-sa-katastrofalt\/"},"wordCount":1068,"publisher":{"@id":"https:\/\/nordnesrepublikken.no\/#organization"},"image":{"@id":"https:\/\/nordnesrepublikken.no\/index.php\/2025\/08\/29\/20-ar-fra-orkanen-katrina-den-mest-odeleggende-som-noen-gang-er-registrert-fordi-den-var-sa-katastrofalt\/#primaryimage"},"thumbnailUrl":"https:\/\/nordnesrepublikken.no\/wp-content\/uploads\/2025\/08\/1756461051_20-ar-fra-orkanen-Katrina-den-mest-odeleggende-som-noen-scaled.jpg","keywords":["\u00e5r","den","Fordi","fra","gang","katastrofalt","Katrina","mest","noen","\u00f8deleggende","orkanen","registrert","s\u00e5","som","var"],"articleSection":["Milj\u00f8"],"inLanguage":"nb-NO"},{"@type":"WebPage","@id":"https:\/\/nordnesrepublikken.no\/index.php\/2025\/08\/29\/20-ar-fra-orkanen-katrina-den-mest-odeleggende-som-noen-gang-er-registrert-fordi-den-var-sa-katastrofalt\/","url":"https:\/\/nordnesrepublikken.no\/index.php\/2025\/08\/29\/20-ar-fra-orkanen-katrina-den-mest-odeleggende-som-noen-gang-er-registrert-fordi-den-var-sa-katastrofalt\/","name":"20 \u00e5r fra orkanen Katrina, den mest \u00f8deleggende som noen gang er registrert: fordi den var s\u00e5 katastrofalt - Nordnesrepublikken","isPartOf":{"@id":"https:\/\/nordnesrepublikken.no\/#website"},"primaryImageOfPage":{"@id":"https:\/\/nordnesrepublikken.no\/index.php\/2025\/08\/29\/20-ar-fra-orkanen-katrina-den-mest-odeleggende-som-noen-gang-er-registrert-fordi-den-var-sa-katastrofalt\/#primaryimage"},"image":{"@id":"https:\/\/nordnesrepublikken.no\/index.php\/2025\/08\/29\/20-ar-fra-orkanen-katrina-den-mest-odeleggende-som-noen-gang-er-registrert-fordi-den-var-sa-katastrofalt\/#primaryimage"},"thumbnailUrl":"https:\/\/nordnesrepublikken.no\/wp-content\/uploads\/2025\/08\/1756461051_20-ar-fra-orkanen-Katrina-den-mest-odeleggende-som-noen-scaled.jpg","datePublished":"2025-08-29T09:50:50+00:00","dateModified":"2025-08-29T09:50:58+00:00","breadcrumb":{"@id":"https:\/\/nordnesrepublikken.no\/index.php\/2025\/08\/29\/20-ar-fra-orkanen-katrina-den-mest-odeleggende-som-noen-gang-er-registrert-fordi-den-var-sa-katastrofalt\/#breadcrumb"},"inLanguage":"nb-NO","potentialAction":[{"@type":"ReadAction","target":["https:\/\/nordnesrepublikken.no\/index.php\/2025\/08\/29\/20-ar-fra-orkanen-katrina-den-mest-odeleggende-som-noen-gang-er-registrert-fordi-den-var-sa-katastrofalt\/"]}]},{"@type":"ImageObject","inLanguage":"nb-NO","@id":"https:\/\/nordnesrepublikken.no\/index.php\/2025\/08\/29\/20-ar-fra-orkanen-katrina-den-mest-odeleggende-som-noen-gang-er-registrert-fordi-den-var-sa-katastrofalt\/#primaryimage","url":"https:\/\/nordnesrepublikken.no\/wp-content\/uploads\/2025\/08\/1756461051_20-ar-fra-orkanen-Katrina-den-mest-odeleggende-som-noen-scaled.jpg","contentUrl":"https:\/\/nordnesrepublikken.no\/wp-content\/uploads\/2025\/08\/1756461051_20-ar-fra-orkanen-Katrina-den-mest-odeleggende-som-noen-scaled.jpg","width":2560,"height":1679,"caption":"new orleans katrina"},{"@type":"BreadcrumbList","@id":"https:\/\/nordnesrepublikken.no\/index.php\/2025\/08\/29\/20-ar-fra-orkanen-katrina-den-mest-odeleggende-som-noen-gang-er-registrert-fordi-den-var-sa-katastrofalt\/#breadcrumb","itemListElement":[{"@type":"ListItem","position":1,"name":"Home","item":"https:\/\/nordnesrepublikken.no\/"},{"@type":"ListItem","position":2,"name":"20 \u00e5r fra orkanen Katrina, den mest \u00f8deleggende som noen gang er registrert: fordi den var s\u00e5 katastrofalt"}]},{"@type":"WebSite","@id":"https:\/\/nordnesrepublikken.no\/#website","url":"https:\/\/nordnesrepublikken.no\/","name":"Nordnesrepublikken","description":"Stemmer og Visjoner fra Republikkens Hjerte","publisher":{"@id":"https:\/\/nordnesrepublikken.no\/#organization"},"potentialAction":[{"@type":"SearchAction","target":{"@type":"EntryPoint","urlTemplate":"https:\/\/nordnesrepublikken.no\/?s={search_term_string}"},"query-input":{"@type":"PropertyValueSpecification","valueRequired":true,"valueName":"search_term_string"}}],"inLanguage":"nb-NO"},{"@type":"Organization","@id":"https:\/\/nordnesrepublikken.no\/#organization","name":"Nordnesrepublikken","url":"https:\/\/nordnesrepublikken.no\/","logo":{"@type":"ImageObject","inLanguage":"nb-NO","@id":"https:\/\/nordnesrepublikken.no\/#\/schema\/logo\/image\/","url":"https:\/\/nordnesrepublikken.no\/wp-content\/uploads\/2025\/02\/cropped-nordnesrepublikken-2.png","contentUrl":"https:\/\/nordnesrepublikken.no\/wp-content\/uploads\/2025\/02\/cropped-nordnesrepublikken-2.png","width":1248,"height":362,"caption":"Nordnesrepublikken"},"image":{"@id":"https:\/\/nordnesrepublikken.no\/#\/schema\/logo\/image\/"}},{"@type":"Person","@id":"https:\/\/nordnesrepublikken.no\/#\/schema\/person\/2e7e81935bab77882fffb79296240ff1","name":"Ole Andersen","image":{"@type":"ImageObject","inLanguage":"nb-NO","@id":"https:\/\/nordnesrepublikken.no\/#\/schema\/person\/image\/","url":"https:\/\/nordnesrepublikken.no\/wp-content\/uploads\/2025\/02\/nordnesrepublikken-2-2-150x150.jpg","contentUrl":"https:\/\/nordnesrepublikken.no\/wp-content\/uploads\/2025\/02\/nordnesrepublikken-2-2-150x150.jpg","caption":"Ole Andersen"},"description":"Ettersom jeg vokste opp i Oslo, har jeg alltid v\u00e6rt fascinert av ordenes kraft og deres evne til \u00e5 skape endringer. Etter \u00e5 ha fullf\u00f8rt min utdannelse i kommunikasjon ved Universitetet i Bergen, fikk jeg muligheten til \u00e5 jobbe innen ulike medier, der jeg har s\u00f8kt \u00e5 belyse viktige samfunnssp\u00f8rsm\u00e5l. I dag, som redakt\u00f8r for Nordnesrepublikken, pr\u00f8ver jeg \u00e5 forene min kj\u00e6rlighet for journalistikk med min lidenskap for innovasjon og eventyr.","sameAs":["https:\/\/nordnesrepublikken.no\/"]}]}},"_links":{"self":[{"href":"https:\/\/nordnesrepublikken.no\/index.php\/wp-json\/wp\/v2\/posts\/8903","targetHints":{"allow":["GET"]}}],"collection":[{"href":"https:\/\/nordnesrepublikken.no\/index.php\/wp-json\/wp\/v2\/posts"}],"about":[{"href":"https:\/\/nordnesrepublikken.no\/index.php\/wp-json\/wp\/v2\/types\/post"}],"author":[{"embeddable":true,"href":"https:\/\/nordnesrepublikken.no\/index.php\/wp-json\/wp\/v2\/users\/1"}],"replies":[{"embeddable":true,"href":"https:\/\/nordnesrepublikken.no\/index.php\/wp-json\/wp\/v2\/comments?post=8903"}],"version-history":[{"count":1,"href":"https:\/\/nordnesrepublikken.no\/index.php\/wp-json\/wp\/v2\/posts\/8903\/revisions"}],"predecessor-version":[{"id":8905,"href":"https:\/\/nordnesrepublikken.no\/index.php\/wp-json\/wp\/v2\/posts\/8903\/revisions\/8905"}],"wp:featuredmedia":[{"embeddable":true,"href":"https:\/\/nordnesrepublikken.no\/index.php\/wp-json\/wp\/v2\/media\/8904"}],"wp:attachment":[{"href":"https:\/\/nordnesrepublikken.no\/index.php\/wp-json\/wp\/v2\/media?parent=8903"}],"wp:term":[{"taxonomy":"category","embeddable":true,"href":"https:\/\/nordnesrepublikken.no\/index.php\/wp-json\/wp\/v2\/categories?post=8903"},{"taxonomy":"post_tag","embeddable":true,"href":"https:\/\/nordnesrepublikken.no\/index.php\/wp-json\/wp\/v2\/tags?post=8903"}],"curies":[{"name":"wp","href":"https:\/\/api.w.org\/{rel}","templated":true}]}}