{"id":8875,"date":"2025-08-28T23:51:30","date_gmt":"2025-08-28T21:51:30","guid":{"rendered":"https:\/\/nordnesrepublikken.no\/index.php\/2025\/08\/28\/madrid-barcelona-lavpris-avlo-tog-utrangert\/"},"modified":"2025-08-28T23:51:40","modified_gmt":"2025-08-28T21:51:40","slug":"madrid-barcelona-lavpris-avlo-tog-utrangert","status":"publish","type":"post","link":"https:\/\/nordnesrepublikken.no\/index.php\/2025\/08\/28\/madrid-barcelona-lavpris-avlo-tog-utrangert\/","title":{"rendered":"Madrid-Barcelona Lavpris Avlo-tog utrangert"},"content":{"rendered":"<p><\/p>\n<div class=\"wordpress-content\">\n                    <!-- Article Start --><\/p>\n<p class=\"p1\"><b>Renfe har kunngjort at fra 8. september vil de lave kostnadene AVLO-tjenestene mellom Madrid, Zaragoza og Barcelona bli trukket tilbake og erstattet med Ave h\u00f8yhastighetstog. Avgj\u00f8relsen markerer slutten p\u00e5 det lilla merkede Avlo-togene p\u00e5 en av Spanias travleste h\u00f8yhastighets jernbanekorridorer, selv om Renfe insisterer p\u00e5 at passasjerer ikke vil m\u00f8te h\u00f8yere kostnader.<\/b><\/p>\n<p class=\"p1\">I f\u00f8lge selskapet vil Ave -togene operere med de samme frekvensene og tidsplanene som den avviklede Avlo -tjenesten, og sikre at kapasitet og reisealternativer forblir up\u00e5virket. Avgj\u00f8rende har Renfe ogs\u00e5 lovet at billettprisene vil holde seg konkurransedyktige, og fortsetter \u00e5 tilby reisende rimelig tilgang til h\u00f8yhastighetslinjen til tross for ommarkeringen. Kunngj\u00f8ringen har f\u00f8rt til sp\u00f8rsm\u00e5l blant vanlige passasjerer, ettersom AVLO -merket ble introdusert spesielt for \u00e5 gi et budsjettalternativ til Standard Ave -priser. Renfe argumenterer imidlertid for at AVE kan opprettholde lignende prisniv\u00e5er mens han tilbyr en mer str\u00f8mlinjeformet tjeneste over ruten.<\/p>\n<p class=\"p1\">For reisende som allerede hadde kj\u00f8pt Avlo -billetter til reiser planlagt etter 7. september, bekreftet Renfe at de automatisk vil bli overf\u00f8rt til tilsvarende Ave -tjenester uten ekstra kostnad. Eventuelle ekstra kostnader som er betalt for valgfrie tjenester, for eksempel setereservasjoner, bagasje eller andre kosttilskudd, vil ogs\u00e5 bli tilbakebetalt fullt ut.<\/p>\n<div class=\"sra_unit\"><link rel=\"stylesheet\" id=\"block-sra\" href=\"https:\/\/euroweeklynews.com\/wp-content\/plugins\/snack-related-articles\/dist\/css\/snack-related.min.css?250312-193541\" type=\"text\/css\" media=\"all\">\n<\/div>\n<p class=\"p1\">Avgj\u00f8relsen gjenspeiler Renfes p\u00e5g\u00e5ende innsats for \u00e5 tilpasse seg \u00f8kende konkurranse i det spanske h\u00f8yhastighets jernbanemarkedet, spesielt fra private operat\u00f8rer som Ouigo og Iryo, som har tiltrukket seg passasjerer med aggressive prisstrategier. Ved \u00e5 eliminere Avlo -merket p\u00e5 landets travleste rute, konsoliderer Renfe effektivt tilbudet under Ave -banneret, og plasserer tjenesten som b\u00e5de premium og konkurransedyktig i pris.<\/p>\n<p class=\"p1\">Mens Renfe ikke har avsl\u00f8rt om dette skiftet er permanent eller en del av en bredere strategisk tilpasning, fremhever trekket utfordringene med \u00e5 balansere prisgunstigheten med driftseffektivitet i Spanias liberaliserte jernbanesektor. Selskapet har lagt vekt p\u00e5 at reisende vil fortsette \u00e5 glede seg over tilgjengelige priser, selv uten Avlo -etiketten. Tilbaketrekkingen av Avlo p\u00e5 Madrid &#8211; Barcelona -linjen signaliserer ikke n\u00f8dvendigvis slutten av merket andre steder. Renfe driver fortsatt rimelige tjenester p\u00e5 andre ruter, for eksempel Madrid-Valencia og Madrid-Alicante, selv om det ikke er kunngjort noen endringer for disse korridorene.<\/p>\n<p class=\"p1\">Passasjerer som planlegger \u00e5 reise p\u00e5 den ber\u00f8rte linjen etter begynnelsen av september, anbefales \u00e5 sjekke deres oppdaterte reiseruter, ettersom alle fremtidige tjenester vil bli markedsf\u00f8rt og billettert som Ave. Til tross for forsvinningen av Avlo -merket fra flaggskip -ruten, er Renfe opptatt av \u00e5 forsikre kundene om at overgangen vil v\u00e6re s\u00f8ml\u00f8s, med tidsplaner, kapasitet og prisstrukturer som opprettholdes. For tiden forblir Madrid-Barcelona-korridoren Spanias mest brukte h\u00f8yhastighetsforbindelse, og b\u00e6rer millioner av passasjerer \u00e5rlig. Renfes beslutning om \u00e5 konsolidere tjenester under Ave -etiketten antyder en strategisk innsats for \u00e5 styrke sin posisjon mot rivaler, samtidig som kundelojaliteten og p\u00e5liteligheten og p\u00e5liteligheten.<\/p>\n<p>                    <!-- This article has been originally published at https:\/\/euroweeklynews.com\/2025\/08\/28\/madrid-barcelona-low-cost-avlo-trains-scrapped\/ on 28 Aug 2025 at 23:49 by Molly Grace --><br \/>\n                    <!-- Article End -->\n                <\/div>\n","protected":false},"excerpt":{"rendered":"<p>Renfe har kunngjort at fra 8. september vil de lave kostnadene AVLO-tjenestene mellom Madrid, Zaragoza<\/p>\n","protected":false},"author":1,"featured_media":8876,"comment_status":"closed","ping_status":"open","sticky":false,"template":"","format":"standard","meta":{"footnotes":""},"categories":[105],"tags":[5825,5824,5823,5826],"class_list":["post-8875","post","type-post","status-publish","format-standard","has-post-thumbnail","hentry","category-livsstil","tag-avlotog","tag-lavpris","tag-madridbarcelona","tag-utrangert","generate-columns","tablet-grid-50","mobile-grid-100","grid-parent","grid-33","resize-featured-image"],"yoast_head":"<!-- This site is optimized with the Yoast SEO plugin v24.4 - https:\/\/yoast.com\/wordpress\/plugins\/seo\/ -->\n<title>Madrid-Barcelona Lavpris Avlo-tog utrangert - Nordnesrepublikken<\/title>\n<meta name=\"robots\" content=\"index, follow, max-snippet:-1, max-image-preview:large, max-video-preview:-1\" \/>\n<link rel=\"canonical\" href=\"https:\/\/nordnesrepublikken.no\/index.php\/2025\/08\/28\/madrid-barcelona-lavpris-avlo-tog-utrangert\/\" \/>\n<meta property=\"og:locale\" content=\"nb_NO\" \/>\n<meta property=\"og:type\" content=\"article\" \/>\n<meta property=\"og:title\" content=\"Madrid-Barcelona Lavpris Avlo-tog utrangert - Nordnesrepublikken\" \/>\n<meta property=\"og:description\" content=\"Renfe har kunngjort at fra 8. september vil de lave kostnadene AVLO-tjenestene mellom Madrid, Zaragoza\" \/>\n<meta property=\"og:url\" content=\"https:\/\/nordnesrepublikken.no\/index.php\/2025\/08\/28\/madrid-barcelona-lavpris-avlo-tog-utrangert\/\" \/>\n<meta property=\"og:site_name\" content=\"Nordnesrepublikken\" \/>\n<meta property=\"article:published_time\" content=\"2025-08-28T21:51:30+00:00\" \/>\n<meta property=\"article:modified_time\" content=\"2025-08-28T21:51:40+00:00\" \/>\n<meta property=\"og:image\" content=\"https:\/\/nordnesrepublikken.no\/wp-content\/uploads\/2025\/08\/1756417891_Madrid-Barcelona-Lavpris-Avlo-tog-utrangert.png\" \/>\n\t<meta property=\"og:image:width\" content=\"1200\" \/>\n\t<meta property=\"og:image:height\" content=\"762\" \/>\n\t<meta property=\"og:image:type\" content=\"image\/png\" \/>\n<meta name=\"author\" content=\"Ole Andersen\" \/>\n<meta name=\"twitter:card\" content=\"summary_large_image\" \/>\n<meta name=\"twitter:label1\" content=\"Skrevet av\" \/>\n\t<meta name=\"twitter:data1\" content=\"Ole Andersen\" \/>\n\t<meta name=\"twitter:label2\" content=\"Ansl. lesetid\" \/>\n\t<meta name=\"twitter:data2\" content=\"2 minutter\" \/>\n<script type=\"application\/ld+json\" class=\"yoast-schema-graph\">{\"@context\":\"https:\/\/schema.org\",\"@graph\":[{\"@type\":\"Article\",\"@id\":\"https:\/\/nordnesrepublikken.no\/index.php\/2025\/08\/28\/madrid-barcelona-lavpris-avlo-tog-utrangert\/#article\",\"isPartOf\":{\"@id\":\"https:\/\/nordnesrepublikken.no\/index.php\/2025\/08\/28\/madrid-barcelona-lavpris-avlo-tog-utrangert\/\"},\"author\":{\"name\":\"Ole Andersen\",\"@id\":\"https:\/\/nordnesrepublikken.no\/#\/schema\/person\/2e7e81935bab77882fffb79296240ff1\"},\"headline\":\"Madrid-Barcelona Lavpris Avlo-tog utrangert\",\"datePublished\":\"2025-08-28T21:51:30+00:00\",\"dateModified\":\"2025-08-28T21:51:40+00:00\",\"mainEntityOfPage\":{\"@id\":\"https:\/\/nordnesrepublikken.no\/index.php\/2025\/08\/28\/madrid-barcelona-lavpris-avlo-tog-utrangert\/\"},\"wordCount\":469,\"publisher\":{\"@id\":\"https:\/\/nordnesrepublikken.no\/#organization\"},\"image\":{\"@id\":\"https:\/\/nordnesrepublikken.no\/index.php\/2025\/08\/28\/madrid-barcelona-lavpris-avlo-tog-utrangert\/#primaryimage\"},\"thumbnailUrl\":\"https:\/\/nordnesrepublikken.no\/wp-content\/uploads\/2025\/08\/1756417891_Madrid-Barcelona-Lavpris-Avlo-tog-utrangert.png\",\"keywords\":[\"Avlotog\",\"Lavpris\",\"MadridBarcelona\",\"utrangert\"],\"articleSection\":[\"Livsstil\"],\"inLanguage\":\"nb-NO\"},{\"@type\":\"WebPage\",\"@id\":\"https:\/\/nordnesrepublikken.no\/index.php\/2025\/08\/28\/madrid-barcelona-lavpris-avlo-tog-utrangert\/\",\"url\":\"https:\/\/nordnesrepublikken.no\/index.php\/2025\/08\/28\/madrid-barcelona-lavpris-avlo-tog-utrangert\/\",\"name\":\"Madrid-Barcelona Lavpris Avlo-tog utrangert - Nordnesrepublikken\",\"isPartOf\":{\"@id\":\"https:\/\/nordnesrepublikken.no\/#website\"},\"primaryImageOfPage\":{\"@id\":\"https:\/\/nordnesrepublikken.no\/index.php\/2025\/08\/28\/madrid-barcelona-lavpris-avlo-tog-utrangert\/#primaryimage\"},\"image\":{\"@id\":\"https:\/\/nordnesrepublikken.no\/index.php\/2025\/08\/28\/madrid-barcelona-lavpris-avlo-tog-utrangert\/#primaryimage\"},\"thumbnailUrl\":\"https:\/\/nordnesrepublikken.no\/wp-content\/uploads\/2025\/08\/1756417891_Madrid-Barcelona-Lavpris-Avlo-tog-utrangert.png\",\"datePublished\":\"2025-08-28T21:51:30+00:00\",\"dateModified\":\"2025-08-28T21:51:40+00:00\",\"breadcrumb\":{\"@id\":\"https:\/\/nordnesrepublikken.no\/index.php\/2025\/08\/28\/madrid-barcelona-lavpris-avlo-tog-utrangert\/#breadcrumb\"},\"inLanguage\":\"nb-NO\",\"potentialAction\":[{\"@type\":\"ReadAction\",\"target\":[\"https:\/\/nordnesrepublikken.no\/index.php\/2025\/08\/28\/madrid-barcelona-lavpris-avlo-tog-utrangert\/\"]}]},{\"@type\":\"ImageObject\",\"inLanguage\":\"nb-NO\",\"@id\":\"https:\/\/nordnesrepublikken.no\/index.php\/2025\/08\/28\/madrid-barcelona-lavpris-avlo-tog-utrangert\/#primaryimage\",\"url\":\"https:\/\/nordnesrepublikken.no\/wp-content\/uploads\/2025\/08\/1756417891_Madrid-Barcelona-Lavpris-Avlo-tog-utrangert.png\",\"contentUrl\":\"https:\/\/nordnesrepublikken.no\/wp-content\/uploads\/2025\/08\/1756417891_Madrid-Barcelona-Lavpris-Avlo-tog-utrangert.png\",\"width\":1200,\"height\":762,\"caption\":\"Madrid-Barcelona Lavpris Avlo-tog utrangert\"},{\"@type\":\"BreadcrumbList\",\"@id\":\"https:\/\/nordnesrepublikken.no\/index.php\/2025\/08\/28\/madrid-barcelona-lavpris-avlo-tog-utrangert\/#breadcrumb\",\"itemListElement\":[{\"@type\":\"ListItem\",\"position\":1,\"name\":\"Home\",\"item\":\"https:\/\/nordnesrepublikken.no\/\"},{\"@type\":\"ListItem\",\"position\":2,\"name\":\"Madrid-Barcelona Lavpris Avlo-tog utrangert\"}]},{\"@type\":\"WebSite\",\"@id\":\"https:\/\/nordnesrepublikken.no\/#website\",\"url\":\"https:\/\/nordnesrepublikken.no\/\",\"name\":\"Nordnesrepublikken\",\"description\":\"Stemmer og Visjoner fra Republikkens Hjerte\",\"publisher\":{\"@id\":\"https:\/\/nordnesrepublikken.no\/#organization\"},\"potentialAction\":[{\"@type\":\"SearchAction\",\"target\":{\"@type\":\"EntryPoint\",\"urlTemplate\":\"https:\/\/nordnesrepublikken.no\/?s={search_term_string}\"},\"query-input\":{\"@type\":\"PropertyValueSpecification\",\"valueRequired\":true,\"valueName\":\"search_term_string\"}}],\"inLanguage\":\"nb-NO\"},{\"@type\":\"Organization\",\"@id\":\"https:\/\/nordnesrepublikken.no\/#organization\",\"name\":\"Nordnesrepublikken\",\"url\":\"https:\/\/nordnesrepublikken.no\/\",\"logo\":{\"@type\":\"ImageObject\",\"inLanguage\":\"nb-NO\",\"@id\":\"https:\/\/nordnesrepublikken.no\/#\/schema\/logo\/image\/\",\"url\":\"https:\/\/nordnesrepublikken.no\/wp-content\/uploads\/2025\/02\/cropped-nordnesrepublikken-2.png\",\"contentUrl\":\"https:\/\/nordnesrepublikken.no\/wp-content\/uploads\/2025\/02\/cropped-nordnesrepublikken-2.png\",\"width\":1248,\"height\":362,\"caption\":\"Nordnesrepublikken\"},\"image\":{\"@id\":\"https:\/\/nordnesrepublikken.no\/#\/schema\/logo\/image\/\"}},{\"@type\":\"Person\",\"@id\":\"https:\/\/nordnesrepublikken.no\/#\/schema\/person\/2e7e81935bab77882fffb79296240ff1\",\"name\":\"Ole Andersen\",\"image\":{\"@type\":\"ImageObject\",\"inLanguage\":\"nb-NO\",\"@id\":\"https:\/\/nordnesrepublikken.no\/#\/schema\/person\/image\/\",\"url\":\"https:\/\/nordnesrepublikken.no\/wp-content\/uploads\/2025\/02\/nordnesrepublikken-2-2-150x150.jpg\",\"contentUrl\":\"https:\/\/nordnesrepublikken.no\/wp-content\/uploads\/2025\/02\/nordnesrepublikken-2-2-150x150.jpg\",\"caption\":\"Ole Andersen\"},\"description\":\"Ettersom jeg vokste opp i Oslo, har jeg alltid v\u00e6rt fascinert av ordenes kraft og deres evne til \u00e5 skape endringer. Etter \u00e5 ha fullf\u00f8rt min utdannelse i kommunikasjon ved Universitetet i Bergen, fikk jeg muligheten til \u00e5 jobbe innen ulike medier, der jeg har s\u00f8kt \u00e5 belyse viktige samfunnssp\u00f8rsm\u00e5l. I dag, som redakt\u00f8r for Nordnesrepublikken, pr\u00f8ver jeg \u00e5 forene min kj\u00e6rlighet for journalistikk med min lidenskap for innovasjon og eventyr.\",\"sameAs\":[\"https:\/\/nordnesrepublikken.no\/\"]}]}<\/script>\n<!-- \/ Yoast SEO plugin. -->","yoast_head_json":{"title":"Madrid-Barcelona Lavpris Avlo-tog utrangert - Nordnesrepublikken","robots":{"index":"index","follow":"follow","max-snippet":"max-snippet:-1","max-image-preview":"max-image-preview:large","max-video-preview":"max-video-preview:-1"},"canonical":"https:\/\/nordnesrepublikken.no\/index.php\/2025\/08\/28\/madrid-barcelona-lavpris-avlo-tog-utrangert\/","og_locale":"nb_NO","og_type":"article","og_title":"Madrid-Barcelona Lavpris Avlo-tog utrangert - Nordnesrepublikken","og_description":"Renfe har kunngjort at fra 8. september vil de lave kostnadene AVLO-tjenestene mellom Madrid, Zaragoza","og_url":"https:\/\/nordnesrepublikken.no\/index.php\/2025\/08\/28\/madrid-barcelona-lavpris-avlo-tog-utrangert\/","og_site_name":"Nordnesrepublikken","article_published_time":"2025-08-28T21:51:30+00:00","article_modified_time":"2025-08-28T21:51:40+00:00","og_image":[{"width":1200,"height":762,"url":"https:\/\/nordnesrepublikken.no\/wp-content\/uploads\/2025\/08\/1756417891_Madrid-Barcelona-Lavpris-Avlo-tog-utrangert.png","type":"image\/png"}],"author":"Ole Andersen","twitter_card":"summary_large_image","twitter_misc":{"Skrevet av":"Ole Andersen","Ansl. lesetid":"2 minutter"},"schema":{"@context":"https:\/\/schema.org","@graph":[{"@type":"Article","@id":"https:\/\/nordnesrepublikken.no\/index.php\/2025\/08\/28\/madrid-barcelona-lavpris-avlo-tog-utrangert\/#article","isPartOf":{"@id":"https:\/\/nordnesrepublikken.no\/index.php\/2025\/08\/28\/madrid-barcelona-lavpris-avlo-tog-utrangert\/"},"author":{"name":"Ole Andersen","@id":"https:\/\/nordnesrepublikken.no\/#\/schema\/person\/2e7e81935bab77882fffb79296240ff1"},"headline":"Madrid-Barcelona Lavpris Avlo-tog utrangert","datePublished":"2025-08-28T21:51:30+00:00","dateModified":"2025-08-28T21:51:40+00:00","mainEntityOfPage":{"@id":"https:\/\/nordnesrepublikken.no\/index.php\/2025\/08\/28\/madrid-barcelona-lavpris-avlo-tog-utrangert\/"},"wordCount":469,"publisher":{"@id":"https:\/\/nordnesrepublikken.no\/#organization"},"image":{"@id":"https:\/\/nordnesrepublikken.no\/index.php\/2025\/08\/28\/madrid-barcelona-lavpris-avlo-tog-utrangert\/#primaryimage"},"thumbnailUrl":"https:\/\/nordnesrepublikken.no\/wp-content\/uploads\/2025\/08\/1756417891_Madrid-Barcelona-Lavpris-Avlo-tog-utrangert.png","keywords":["Avlotog","Lavpris","MadridBarcelona","utrangert"],"articleSection":["Livsstil"],"inLanguage":"nb-NO"},{"@type":"WebPage","@id":"https:\/\/nordnesrepublikken.no\/index.php\/2025\/08\/28\/madrid-barcelona-lavpris-avlo-tog-utrangert\/","url":"https:\/\/nordnesrepublikken.no\/index.php\/2025\/08\/28\/madrid-barcelona-lavpris-avlo-tog-utrangert\/","name":"Madrid-Barcelona Lavpris Avlo-tog utrangert - Nordnesrepublikken","isPartOf":{"@id":"https:\/\/nordnesrepublikken.no\/#website"},"primaryImageOfPage":{"@id":"https:\/\/nordnesrepublikken.no\/index.php\/2025\/08\/28\/madrid-barcelona-lavpris-avlo-tog-utrangert\/#primaryimage"},"image":{"@id":"https:\/\/nordnesrepublikken.no\/index.php\/2025\/08\/28\/madrid-barcelona-lavpris-avlo-tog-utrangert\/#primaryimage"},"thumbnailUrl":"https:\/\/nordnesrepublikken.no\/wp-content\/uploads\/2025\/08\/1756417891_Madrid-Barcelona-Lavpris-Avlo-tog-utrangert.png","datePublished":"2025-08-28T21:51:30+00:00","dateModified":"2025-08-28T21:51:40+00:00","breadcrumb":{"@id":"https:\/\/nordnesrepublikken.no\/index.php\/2025\/08\/28\/madrid-barcelona-lavpris-avlo-tog-utrangert\/#breadcrumb"},"inLanguage":"nb-NO","potentialAction":[{"@type":"ReadAction","target":["https:\/\/nordnesrepublikken.no\/index.php\/2025\/08\/28\/madrid-barcelona-lavpris-avlo-tog-utrangert\/"]}]},{"@type":"ImageObject","inLanguage":"nb-NO","@id":"https:\/\/nordnesrepublikken.no\/index.php\/2025\/08\/28\/madrid-barcelona-lavpris-avlo-tog-utrangert\/#primaryimage","url":"https:\/\/nordnesrepublikken.no\/wp-content\/uploads\/2025\/08\/1756417891_Madrid-Barcelona-Lavpris-Avlo-tog-utrangert.png","contentUrl":"https:\/\/nordnesrepublikken.no\/wp-content\/uploads\/2025\/08\/1756417891_Madrid-Barcelona-Lavpris-Avlo-tog-utrangert.png","width":1200,"height":762,"caption":"Madrid-Barcelona Lavpris Avlo-tog utrangert"},{"@type":"BreadcrumbList","@id":"https:\/\/nordnesrepublikken.no\/index.php\/2025\/08\/28\/madrid-barcelona-lavpris-avlo-tog-utrangert\/#breadcrumb","itemListElement":[{"@type":"ListItem","position":1,"name":"Home","item":"https:\/\/nordnesrepublikken.no\/"},{"@type":"ListItem","position":2,"name":"Madrid-Barcelona Lavpris Avlo-tog utrangert"}]},{"@type":"WebSite","@id":"https:\/\/nordnesrepublikken.no\/#website","url":"https:\/\/nordnesrepublikken.no\/","name":"Nordnesrepublikken","description":"Stemmer og Visjoner fra Republikkens Hjerte","publisher":{"@id":"https:\/\/nordnesrepublikken.no\/#organization"},"potentialAction":[{"@type":"SearchAction","target":{"@type":"EntryPoint","urlTemplate":"https:\/\/nordnesrepublikken.no\/?s={search_term_string}"},"query-input":{"@type":"PropertyValueSpecification","valueRequired":true,"valueName":"search_term_string"}}],"inLanguage":"nb-NO"},{"@type":"Organization","@id":"https:\/\/nordnesrepublikken.no\/#organization","name":"Nordnesrepublikken","url":"https:\/\/nordnesrepublikken.no\/","logo":{"@type":"ImageObject","inLanguage":"nb-NO","@id":"https:\/\/nordnesrepublikken.no\/#\/schema\/logo\/image\/","url":"https:\/\/nordnesrepublikken.no\/wp-content\/uploads\/2025\/02\/cropped-nordnesrepublikken-2.png","contentUrl":"https:\/\/nordnesrepublikken.no\/wp-content\/uploads\/2025\/02\/cropped-nordnesrepublikken-2.png","width":1248,"height":362,"caption":"Nordnesrepublikken"},"image":{"@id":"https:\/\/nordnesrepublikken.no\/#\/schema\/logo\/image\/"}},{"@type":"Person","@id":"https:\/\/nordnesrepublikken.no\/#\/schema\/person\/2e7e81935bab77882fffb79296240ff1","name":"Ole Andersen","image":{"@type":"ImageObject","inLanguage":"nb-NO","@id":"https:\/\/nordnesrepublikken.no\/#\/schema\/person\/image\/","url":"https:\/\/nordnesrepublikken.no\/wp-content\/uploads\/2025\/02\/nordnesrepublikken-2-2-150x150.jpg","contentUrl":"https:\/\/nordnesrepublikken.no\/wp-content\/uploads\/2025\/02\/nordnesrepublikken-2-2-150x150.jpg","caption":"Ole Andersen"},"description":"Ettersom jeg vokste opp i Oslo, har jeg alltid v\u00e6rt fascinert av ordenes kraft og deres evne til \u00e5 skape endringer. Etter \u00e5 ha fullf\u00f8rt min utdannelse i kommunikasjon ved Universitetet i Bergen, fikk jeg muligheten til \u00e5 jobbe innen ulike medier, der jeg har s\u00f8kt \u00e5 belyse viktige samfunnssp\u00f8rsm\u00e5l. I dag, som redakt\u00f8r for Nordnesrepublikken, pr\u00f8ver jeg \u00e5 forene min kj\u00e6rlighet for journalistikk med min lidenskap for innovasjon og eventyr.","sameAs":["https:\/\/nordnesrepublikken.no\/"]}]}},"_links":{"self":[{"href":"https:\/\/nordnesrepublikken.no\/index.php\/wp-json\/wp\/v2\/posts\/8875","targetHints":{"allow":["GET"]}}],"collection":[{"href":"https:\/\/nordnesrepublikken.no\/index.php\/wp-json\/wp\/v2\/posts"}],"about":[{"href":"https:\/\/nordnesrepublikken.no\/index.php\/wp-json\/wp\/v2\/types\/post"}],"author":[{"embeddable":true,"href":"https:\/\/nordnesrepublikken.no\/index.php\/wp-json\/wp\/v2\/users\/1"}],"replies":[{"embeddable":true,"href":"https:\/\/nordnesrepublikken.no\/index.php\/wp-json\/wp\/v2\/comments?post=8875"}],"version-history":[{"count":1,"href":"https:\/\/nordnesrepublikken.no\/index.php\/wp-json\/wp\/v2\/posts\/8875\/revisions"}],"predecessor-version":[{"id":8877,"href":"https:\/\/nordnesrepublikken.no\/index.php\/wp-json\/wp\/v2\/posts\/8875\/revisions\/8877"}],"wp:featuredmedia":[{"embeddable":true,"href":"https:\/\/nordnesrepublikken.no\/index.php\/wp-json\/wp\/v2\/media\/8876"}],"wp:attachment":[{"href":"https:\/\/nordnesrepublikken.no\/index.php\/wp-json\/wp\/v2\/media?parent=8875"}],"wp:term":[{"taxonomy":"category","embeddable":true,"href":"https:\/\/nordnesrepublikken.no\/index.php\/wp-json\/wp\/v2\/categories?post=8875"},{"taxonomy":"post_tag","embeddable":true,"href":"https:\/\/nordnesrepublikken.no\/index.php\/wp-json\/wp\/v2\/tags?post=8875"}],"curies":[{"name":"wp","href":"https:\/\/api.w.org\/{rel}","templated":true}]}}