{"id":8866,"date":"2025-08-28T16:49:55","date_gmt":"2025-08-28T14:49:55","guid":{"rendered":"https:\/\/nordnesrepublikken.no\/index.php\/2025\/08\/28\/stormforstyrrelser-avbryter-flyreiser-over-cataluna\/"},"modified":"2025-08-28T16:49:57","modified_gmt":"2025-08-28T14:49:57","slug":"stormforstyrrelser-avbryter-flyreiser-over-cataluna","status":"publish","type":"post","link":"https:\/\/nordnesrepublikken.no\/index.php\/2025\/08\/28\/stormforstyrrelser-avbryter-flyreiser-over-cataluna\/","title":{"rendered":"Stormforstyrrelser avbryter flyreiser over Catalu\u00f1a"},"content":{"rendered":"<p><\/p>\n<div class=\"wordpress-content\">\n                    <!-- Article Start --><\/p>\n<p class=\"p1\"><b>Alvorlige tordenv\u00e6r langs den katalanske kysten har tvunget st\u00f8rre forstyrrelser ved Josep Tarradellas Barcelona &#8211; El Prat flyplass. Flyplassmyndigheter og bransjekilder bekreftet at rundt 30 flyreiser ble kansellert og mer enn 40 forsinket torsdag ettermiddag da intense stormer beveget seg over regionen<\/b>.<\/p>\n<p class=\"p1\">Generalitat of Catalonia aktiverte sin inuncat flom-n\u00f8dplan som svar p\u00e5 prognoser for kraftig nedb\u00f8r og ugunstig v\u00e6r. Den katalanske meteorologiske tjenesten fremhevet risikoen for spesielt intense nedb\u00f8r i Costa Daurada, pre-kystenesonene i Barcelona og s\u00f8rkysten. Spanias statlige v\u00e6rbyr\u00e5, AEMET, utstedte et oransje varsel for Catalonia, Balears\u00f8yene og Valencian -samfunnet, advarsel om hagl, sterke vindkast og nedb\u00f8r p\u00e5 opptil 40 liter per kvadratmeter p\u00e5 bare en time. Tall fra flyplassoperat\u00f8rer indikerte at Josep Tarradellas Barcelona &#8211; El Prat jobbet med rundt 60 prosent av kapasiteten som et resultat av stormene. Rapporter uttalte at 29 flyreiser hadde blitt kansellert etter ettermiddagen, mens rundt 50 hadde blitt forsinket. Noen kilder bemerket at antall avbestillinger var litt h\u00f8yere, mer enn 30, med forsinkelser mellom 60 og 90 minutter.<\/p>\n<p class=\"p1\">Ruter som er mest ber\u00f8rt av forstyrrelsen inkluderte forbindelser mellom Barcelona og destinasjoner som Balears\u00f8yene, Milano, Lisboa, Paris, Wien, London, Frankfurt, Luxembourg, Dublin og Roma. Vueling, den st\u00f8rste operat\u00f8ren ved El Prat, ble rapportert som flyselskapet som var mest ber\u00f8rt av kanselleringer og forsinkelser.<\/p>\n<div class=\"sra_unit\"><link rel=\"stylesheet\" id=\"block-sra\" href=\"https:\/\/euroweeklynews.com\/wp-content\/plugins\/snack-related-articles\/dist\/css\/snack-related.min.css?250312-193541\" type=\"text\/css\" media=\"all\">\n<\/div>\n<p class=\"p1\">Spanias lufttrafikkkontrollmyndighet, Enaire, bekreftet at v\u00e6ret p\u00e5virket ruter, avganger og landinger i Barcelona og p\u00e5 Palma de Mallorca. Organisasjonen r\u00e5det reisende til \u00e5 sjekke med flyselskapene sine f\u00f8r de dro til flyplassen for \u00e5 unng\u00e5 ytterligere forstyrrelser. I Palma var virkningen lik, med 64 forsinkede flyreiser og et mindre antall kanselleringer som ogs\u00e5 ble registrert torsdag ettermiddag. V\u00e6rvarsler var p\u00e5 plass for Balear\u00f8yene da det samme stormsystemet fortsatte \u00e5 spore over det vestlige Middelhavet.<\/p>\n<p class=\"p1\">De alvorlige stormene ankom p\u00e5 toppen av sommerreisesesongen, og forsterket omfanget av forstyrrelsen. Flyplasskilder bekreftet at driften ble begrenset gjennom ettermiddagen og at en etterslep av forsinkelser hadde bygget seg opp p\u00e5 tvers av avganger og ankomster. Mens de n\u00f8yaktige totalene varierte litt mellom rapportene, var den generelle situasjonen konsistent: omtrent tretti flyreiser ble kansellert ved El Prat og i det minste f\u00f8rti forsinket. Situasjonen p\u00e5 Barcelonas flyplass ble speilet over deler av Catalonia, der kraftig nedb\u00f8r, hagl og plutselige skvetter for\u00e5rsaket forstyrrelser p\u00e5 veier og lokal infrastruktur. Generalitat opprettholdt sine n\u00f8dtiltak gjennom ettermiddagen da prognoser antydet at ytterligere tordenv\u00e6r kunne utvikle seg. Tjenestemenn la vekt p\u00e5 at varslene ville forbli p\u00e5 plass til forholdene lettet. Hos El Prat fortsatte Airlines \u00e5 justere tidsplanene gjennom ettermiddagen, med passasjerer r\u00e5det til \u00e5 bekrefte flystatus f\u00f8r de reiste til flyplassen. Informasjonsskjermer og flyselskapsoppdateringer reflekterte avbestillinger over b\u00e5de kortdistanse- og middelsdistanser, mens forsinkelsene fortsatte inn i sen ettermiddagsperioden.<\/p>\n<p>                    <!-- This article has been originally published at https:\/\/euroweeklynews.com\/2025\/08\/28\/storm-disruptions-cancel-flights-across-cataluna\/ on 28 Aug 2025 at 15:59 by Molly Grace --><br \/>\n                    <!-- Article End -->\n                <\/div>\n","protected":false},"excerpt":{"rendered":"<p>Alvorlige tordenv\u00e6r langs den katalanske kysten har tvunget st\u00f8rre forstyrrelser ved Josep Tarradellas Barcelona &#8211;<\/p>\n","protected":false},"author":1,"featured_media":8867,"comment_status":"closed","ping_status":"open","sticky":false,"template":"","format":"standard","meta":{"footnotes":""},"categories":[105],"tags":[5816,5817,805,5815],"class_list":["post-8866","post","type-post","status-publish","format-standard","has-post-thumbnail","hentry","category-livsstil","tag-avbryter","tag-cataluna","tag-flyreiser","tag-stormforstyrrelser","generate-columns","tablet-grid-50","mobile-grid-100","grid-parent","grid-33","resize-featured-image"],"yoast_head":"<!-- This site is optimized with the Yoast SEO plugin v24.4 - https:\/\/yoast.com\/wordpress\/plugins\/seo\/ -->\n<title>Stormforstyrrelser avbryter flyreiser over Catalu\u00f1a - Nordnesrepublikken<\/title>\n<meta name=\"robots\" content=\"index, follow, max-snippet:-1, max-image-preview:large, max-video-preview:-1\" \/>\n<link rel=\"canonical\" href=\"https:\/\/nordnesrepublikken.no\/index.php\/2025\/08\/28\/stormforstyrrelser-avbryter-flyreiser-over-cataluna\/\" \/>\n<meta property=\"og:locale\" content=\"nb_NO\" \/>\n<meta property=\"og:type\" content=\"article\" \/>\n<meta property=\"og:title\" content=\"Stormforstyrrelser avbryter flyreiser over Catalu\u00f1a - Nordnesrepublikken\" \/>\n<meta property=\"og:description\" content=\"Alvorlige tordenv\u00e6r langs den katalanske kysten har tvunget st\u00f8rre forstyrrelser ved Josep Tarradellas Barcelona &#8211;\" \/>\n<meta property=\"og:url\" content=\"https:\/\/nordnesrepublikken.no\/index.php\/2025\/08\/28\/stormforstyrrelser-avbryter-flyreiser-over-cataluna\/\" \/>\n<meta property=\"og:site_name\" content=\"Nordnesrepublikken\" \/>\n<meta property=\"article:published_time\" content=\"2025-08-28T14:49:55+00:00\" \/>\n<meta property=\"article:modified_time\" content=\"2025-08-28T14:49:57+00:00\" \/>\n<meta property=\"og:image\" content=\"https:\/\/nordnesrepublikken.no\/wp-content\/uploads\/2025\/08\/1756392595_Stormforstyrrelser-avbryter-flyreiser-over-Cataluna.jpg\" \/>\n\t<meta property=\"og:image:width\" content=\"1200\" \/>\n\t<meta property=\"og:image:height\" content=\"796\" \/>\n\t<meta property=\"og:image:type\" content=\"image\/jpeg\" \/>\n<meta name=\"author\" content=\"Ole Andersen\" \/>\n<meta name=\"twitter:card\" content=\"summary_large_image\" \/>\n<meta name=\"twitter:label1\" content=\"Skrevet av\" \/>\n\t<meta name=\"twitter:data1\" content=\"Ole Andersen\" \/>\n\t<meta name=\"twitter:label2\" content=\"Ansl. lesetid\" \/>\n\t<meta name=\"twitter:data2\" content=\"2 minutter\" \/>\n<script type=\"application\/ld+json\" class=\"yoast-schema-graph\">{\"@context\":\"https:\/\/schema.org\",\"@graph\":[{\"@type\":\"Article\",\"@id\":\"https:\/\/nordnesrepublikken.no\/index.php\/2025\/08\/28\/stormforstyrrelser-avbryter-flyreiser-over-cataluna\/#article\",\"isPartOf\":{\"@id\":\"https:\/\/nordnesrepublikken.no\/index.php\/2025\/08\/28\/stormforstyrrelser-avbryter-flyreiser-over-cataluna\/\"},\"author\":{\"name\":\"Ole Andersen\",\"@id\":\"https:\/\/nordnesrepublikken.no\/#\/schema\/person\/2e7e81935bab77882fffb79296240ff1\"},\"headline\":\"Stormforstyrrelser avbryter flyreiser over Catalu\u00f1a\",\"datePublished\":\"2025-08-28T14:49:55+00:00\",\"dateModified\":\"2025-08-28T14:49:57+00:00\",\"mainEntityOfPage\":{\"@id\":\"https:\/\/nordnesrepublikken.no\/index.php\/2025\/08\/28\/stormforstyrrelser-avbryter-flyreiser-over-cataluna\/\"},\"wordCount\":462,\"publisher\":{\"@id\":\"https:\/\/nordnesrepublikken.no\/#organization\"},\"image\":{\"@id\":\"https:\/\/nordnesrepublikken.no\/index.php\/2025\/08\/28\/stormforstyrrelser-avbryter-flyreiser-over-cataluna\/#primaryimage\"},\"thumbnailUrl\":\"https:\/\/nordnesrepublikken.no\/wp-content\/uploads\/2025\/08\/1756392595_Stormforstyrrelser-avbryter-flyreiser-over-Cataluna.jpg\",\"keywords\":[\"avbryter\",\"Catalu\u00f1a\",\"flyreiser\",\"Stormforstyrrelser\"],\"articleSection\":[\"Livsstil\"],\"inLanguage\":\"nb-NO\"},{\"@type\":\"WebPage\",\"@id\":\"https:\/\/nordnesrepublikken.no\/index.php\/2025\/08\/28\/stormforstyrrelser-avbryter-flyreiser-over-cataluna\/\",\"url\":\"https:\/\/nordnesrepublikken.no\/index.php\/2025\/08\/28\/stormforstyrrelser-avbryter-flyreiser-over-cataluna\/\",\"name\":\"Stormforstyrrelser avbryter flyreiser over Catalu\u00f1a - Nordnesrepublikken\",\"isPartOf\":{\"@id\":\"https:\/\/nordnesrepublikken.no\/#website\"},\"primaryImageOfPage\":{\"@id\":\"https:\/\/nordnesrepublikken.no\/index.php\/2025\/08\/28\/stormforstyrrelser-avbryter-flyreiser-over-cataluna\/#primaryimage\"},\"image\":{\"@id\":\"https:\/\/nordnesrepublikken.no\/index.php\/2025\/08\/28\/stormforstyrrelser-avbryter-flyreiser-over-cataluna\/#primaryimage\"},\"thumbnailUrl\":\"https:\/\/nordnesrepublikken.no\/wp-content\/uploads\/2025\/08\/1756392595_Stormforstyrrelser-avbryter-flyreiser-over-Cataluna.jpg\",\"datePublished\":\"2025-08-28T14:49:55+00:00\",\"dateModified\":\"2025-08-28T14:49:57+00:00\",\"breadcrumb\":{\"@id\":\"https:\/\/nordnesrepublikken.no\/index.php\/2025\/08\/28\/stormforstyrrelser-avbryter-flyreiser-over-cataluna\/#breadcrumb\"},\"inLanguage\":\"nb-NO\",\"potentialAction\":[{\"@type\":\"ReadAction\",\"target\":[\"https:\/\/nordnesrepublikken.no\/index.php\/2025\/08\/28\/stormforstyrrelser-avbryter-flyreiser-over-cataluna\/\"]}]},{\"@type\":\"ImageObject\",\"inLanguage\":\"nb-NO\",\"@id\":\"https:\/\/nordnesrepublikken.no\/index.php\/2025\/08\/28\/stormforstyrrelser-avbryter-flyreiser-over-cataluna\/#primaryimage\",\"url\":\"https:\/\/nordnesrepublikken.no\/wp-content\/uploads\/2025\/08\/1756392595_Stormforstyrrelser-avbryter-flyreiser-over-Cataluna.jpg\",\"contentUrl\":\"https:\/\/nordnesrepublikken.no\/wp-content\/uploads\/2025\/08\/1756392595_Stormforstyrrelser-avbryter-flyreiser-over-Cataluna.jpg\",\"width\":1200,\"height\":796,\"caption\":\"Stormforstyrrelser avbryter flyreiser over Catalu\u00f1a\"},{\"@type\":\"BreadcrumbList\",\"@id\":\"https:\/\/nordnesrepublikken.no\/index.php\/2025\/08\/28\/stormforstyrrelser-avbryter-flyreiser-over-cataluna\/#breadcrumb\",\"itemListElement\":[{\"@type\":\"ListItem\",\"position\":1,\"name\":\"Home\",\"item\":\"https:\/\/nordnesrepublikken.no\/\"},{\"@type\":\"ListItem\",\"position\":2,\"name\":\"Stormforstyrrelser avbryter flyreiser over Catalu\u00f1a\"}]},{\"@type\":\"WebSite\",\"@id\":\"https:\/\/nordnesrepublikken.no\/#website\",\"url\":\"https:\/\/nordnesrepublikken.no\/\",\"name\":\"Nordnesrepublikken\",\"description\":\"Stemmer og Visjoner fra Republikkens Hjerte\",\"publisher\":{\"@id\":\"https:\/\/nordnesrepublikken.no\/#organization\"},\"potentialAction\":[{\"@type\":\"SearchAction\",\"target\":{\"@type\":\"EntryPoint\",\"urlTemplate\":\"https:\/\/nordnesrepublikken.no\/?s={search_term_string}\"},\"query-input\":{\"@type\":\"PropertyValueSpecification\",\"valueRequired\":true,\"valueName\":\"search_term_string\"}}],\"inLanguage\":\"nb-NO\"},{\"@type\":\"Organization\",\"@id\":\"https:\/\/nordnesrepublikken.no\/#organization\",\"name\":\"Nordnesrepublikken\",\"url\":\"https:\/\/nordnesrepublikken.no\/\",\"logo\":{\"@type\":\"ImageObject\",\"inLanguage\":\"nb-NO\",\"@id\":\"https:\/\/nordnesrepublikken.no\/#\/schema\/logo\/image\/\",\"url\":\"https:\/\/nordnesrepublikken.no\/wp-content\/uploads\/2025\/02\/cropped-nordnesrepublikken-2.png\",\"contentUrl\":\"https:\/\/nordnesrepublikken.no\/wp-content\/uploads\/2025\/02\/cropped-nordnesrepublikken-2.png\",\"width\":1248,\"height\":362,\"caption\":\"Nordnesrepublikken\"},\"image\":{\"@id\":\"https:\/\/nordnesrepublikken.no\/#\/schema\/logo\/image\/\"}},{\"@type\":\"Person\",\"@id\":\"https:\/\/nordnesrepublikken.no\/#\/schema\/person\/2e7e81935bab77882fffb79296240ff1\",\"name\":\"Ole Andersen\",\"image\":{\"@type\":\"ImageObject\",\"inLanguage\":\"nb-NO\",\"@id\":\"https:\/\/nordnesrepublikken.no\/#\/schema\/person\/image\/\",\"url\":\"https:\/\/nordnesrepublikken.no\/wp-content\/uploads\/2025\/02\/nordnesrepublikken-2-2-150x150.jpg\",\"contentUrl\":\"https:\/\/nordnesrepublikken.no\/wp-content\/uploads\/2025\/02\/nordnesrepublikken-2-2-150x150.jpg\",\"caption\":\"Ole Andersen\"},\"description\":\"Ettersom jeg vokste opp i Oslo, har jeg alltid v\u00e6rt fascinert av ordenes kraft og deres evne til \u00e5 skape endringer. Etter \u00e5 ha fullf\u00f8rt min utdannelse i kommunikasjon ved Universitetet i Bergen, fikk jeg muligheten til \u00e5 jobbe innen ulike medier, der jeg har s\u00f8kt \u00e5 belyse viktige samfunnssp\u00f8rsm\u00e5l. I dag, som redakt\u00f8r for Nordnesrepublikken, pr\u00f8ver jeg \u00e5 forene min kj\u00e6rlighet for journalistikk med min lidenskap for innovasjon og eventyr.\",\"sameAs\":[\"https:\/\/nordnesrepublikken.no\/\"]}]}<\/script>\n<!-- \/ Yoast SEO plugin. -->","yoast_head_json":{"title":"Stormforstyrrelser avbryter flyreiser over Catalu\u00f1a - Nordnesrepublikken","robots":{"index":"index","follow":"follow","max-snippet":"max-snippet:-1","max-image-preview":"max-image-preview:large","max-video-preview":"max-video-preview:-1"},"canonical":"https:\/\/nordnesrepublikken.no\/index.php\/2025\/08\/28\/stormforstyrrelser-avbryter-flyreiser-over-cataluna\/","og_locale":"nb_NO","og_type":"article","og_title":"Stormforstyrrelser avbryter flyreiser over Catalu\u00f1a - Nordnesrepublikken","og_description":"Alvorlige tordenv\u00e6r langs den katalanske kysten har tvunget st\u00f8rre forstyrrelser ved Josep Tarradellas Barcelona &#8211;","og_url":"https:\/\/nordnesrepublikken.no\/index.php\/2025\/08\/28\/stormforstyrrelser-avbryter-flyreiser-over-cataluna\/","og_site_name":"Nordnesrepublikken","article_published_time":"2025-08-28T14:49:55+00:00","article_modified_time":"2025-08-28T14:49:57+00:00","og_image":[{"width":1200,"height":796,"url":"https:\/\/nordnesrepublikken.no\/wp-content\/uploads\/2025\/08\/1756392595_Stormforstyrrelser-avbryter-flyreiser-over-Cataluna.jpg","type":"image\/jpeg"}],"author":"Ole Andersen","twitter_card":"summary_large_image","twitter_misc":{"Skrevet av":"Ole Andersen","Ansl. lesetid":"2 minutter"},"schema":{"@context":"https:\/\/schema.org","@graph":[{"@type":"Article","@id":"https:\/\/nordnesrepublikken.no\/index.php\/2025\/08\/28\/stormforstyrrelser-avbryter-flyreiser-over-cataluna\/#article","isPartOf":{"@id":"https:\/\/nordnesrepublikken.no\/index.php\/2025\/08\/28\/stormforstyrrelser-avbryter-flyreiser-over-cataluna\/"},"author":{"name":"Ole Andersen","@id":"https:\/\/nordnesrepublikken.no\/#\/schema\/person\/2e7e81935bab77882fffb79296240ff1"},"headline":"Stormforstyrrelser avbryter flyreiser over Catalu\u00f1a","datePublished":"2025-08-28T14:49:55+00:00","dateModified":"2025-08-28T14:49:57+00:00","mainEntityOfPage":{"@id":"https:\/\/nordnesrepublikken.no\/index.php\/2025\/08\/28\/stormforstyrrelser-avbryter-flyreiser-over-cataluna\/"},"wordCount":462,"publisher":{"@id":"https:\/\/nordnesrepublikken.no\/#organization"},"image":{"@id":"https:\/\/nordnesrepublikken.no\/index.php\/2025\/08\/28\/stormforstyrrelser-avbryter-flyreiser-over-cataluna\/#primaryimage"},"thumbnailUrl":"https:\/\/nordnesrepublikken.no\/wp-content\/uploads\/2025\/08\/1756392595_Stormforstyrrelser-avbryter-flyreiser-over-Cataluna.jpg","keywords":["avbryter","Catalu\u00f1a","flyreiser","Stormforstyrrelser"],"articleSection":["Livsstil"],"inLanguage":"nb-NO"},{"@type":"WebPage","@id":"https:\/\/nordnesrepublikken.no\/index.php\/2025\/08\/28\/stormforstyrrelser-avbryter-flyreiser-over-cataluna\/","url":"https:\/\/nordnesrepublikken.no\/index.php\/2025\/08\/28\/stormforstyrrelser-avbryter-flyreiser-over-cataluna\/","name":"Stormforstyrrelser avbryter flyreiser over Catalu\u00f1a - Nordnesrepublikken","isPartOf":{"@id":"https:\/\/nordnesrepublikken.no\/#website"},"primaryImageOfPage":{"@id":"https:\/\/nordnesrepublikken.no\/index.php\/2025\/08\/28\/stormforstyrrelser-avbryter-flyreiser-over-cataluna\/#primaryimage"},"image":{"@id":"https:\/\/nordnesrepublikken.no\/index.php\/2025\/08\/28\/stormforstyrrelser-avbryter-flyreiser-over-cataluna\/#primaryimage"},"thumbnailUrl":"https:\/\/nordnesrepublikken.no\/wp-content\/uploads\/2025\/08\/1756392595_Stormforstyrrelser-avbryter-flyreiser-over-Cataluna.jpg","datePublished":"2025-08-28T14:49:55+00:00","dateModified":"2025-08-28T14:49:57+00:00","breadcrumb":{"@id":"https:\/\/nordnesrepublikken.no\/index.php\/2025\/08\/28\/stormforstyrrelser-avbryter-flyreiser-over-cataluna\/#breadcrumb"},"inLanguage":"nb-NO","potentialAction":[{"@type":"ReadAction","target":["https:\/\/nordnesrepublikken.no\/index.php\/2025\/08\/28\/stormforstyrrelser-avbryter-flyreiser-over-cataluna\/"]}]},{"@type":"ImageObject","inLanguage":"nb-NO","@id":"https:\/\/nordnesrepublikken.no\/index.php\/2025\/08\/28\/stormforstyrrelser-avbryter-flyreiser-over-cataluna\/#primaryimage","url":"https:\/\/nordnesrepublikken.no\/wp-content\/uploads\/2025\/08\/1756392595_Stormforstyrrelser-avbryter-flyreiser-over-Cataluna.jpg","contentUrl":"https:\/\/nordnesrepublikken.no\/wp-content\/uploads\/2025\/08\/1756392595_Stormforstyrrelser-avbryter-flyreiser-over-Cataluna.jpg","width":1200,"height":796,"caption":"Stormforstyrrelser avbryter flyreiser over Catalu\u00f1a"},{"@type":"BreadcrumbList","@id":"https:\/\/nordnesrepublikken.no\/index.php\/2025\/08\/28\/stormforstyrrelser-avbryter-flyreiser-over-cataluna\/#breadcrumb","itemListElement":[{"@type":"ListItem","position":1,"name":"Home","item":"https:\/\/nordnesrepublikken.no\/"},{"@type":"ListItem","position":2,"name":"Stormforstyrrelser avbryter flyreiser over Catalu\u00f1a"}]},{"@type":"WebSite","@id":"https:\/\/nordnesrepublikken.no\/#website","url":"https:\/\/nordnesrepublikken.no\/","name":"Nordnesrepublikken","description":"Stemmer og Visjoner fra Republikkens Hjerte","publisher":{"@id":"https:\/\/nordnesrepublikken.no\/#organization"},"potentialAction":[{"@type":"SearchAction","target":{"@type":"EntryPoint","urlTemplate":"https:\/\/nordnesrepublikken.no\/?s={search_term_string}"},"query-input":{"@type":"PropertyValueSpecification","valueRequired":true,"valueName":"search_term_string"}}],"inLanguage":"nb-NO"},{"@type":"Organization","@id":"https:\/\/nordnesrepublikken.no\/#organization","name":"Nordnesrepublikken","url":"https:\/\/nordnesrepublikken.no\/","logo":{"@type":"ImageObject","inLanguage":"nb-NO","@id":"https:\/\/nordnesrepublikken.no\/#\/schema\/logo\/image\/","url":"https:\/\/nordnesrepublikken.no\/wp-content\/uploads\/2025\/02\/cropped-nordnesrepublikken-2.png","contentUrl":"https:\/\/nordnesrepublikken.no\/wp-content\/uploads\/2025\/02\/cropped-nordnesrepublikken-2.png","width":1248,"height":362,"caption":"Nordnesrepublikken"},"image":{"@id":"https:\/\/nordnesrepublikken.no\/#\/schema\/logo\/image\/"}},{"@type":"Person","@id":"https:\/\/nordnesrepublikken.no\/#\/schema\/person\/2e7e81935bab77882fffb79296240ff1","name":"Ole Andersen","image":{"@type":"ImageObject","inLanguage":"nb-NO","@id":"https:\/\/nordnesrepublikken.no\/#\/schema\/person\/image\/","url":"https:\/\/nordnesrepublikken.no\/wp-content\/uploads\/2025\/02\/nordnesrepublikken-2-2-150x150.jpg","contentUrl":"https:\/\/nordnesrepublikken.no\/wp-content\/uploads\/2025\/02\/nordnesrepublikken-2-2-150x150.jpg","caption":"Ole Andersen"},"description":"Ettersom jeg vokste opp i Oslo, har jeg alltid v\u00e6rt fascinert av ordenes kraft og deres evne til \u00e5 skape endringer. Etter \u00e5 ha fullf\u00f8rt min utdannelse i kommunikasjon ved Universitetet i Bergen, fikk jeg muligheten til \u00e5 jobbe innen ulike medier, der jeg har s\u00f8kt \u00e5 belyse viktige samfunnssp\u00f8rsm\u00e5l. I dag, som redakt\u00f8r for Nordnesrepublikken, pr\u00f8ver jeg \u00e5 forene min kj\u00e6rlighet for journalistikk med min lidenskap for innovasjon og eventyr.","sameAs":["https:\/\/nordnesrepublikken.no\/"]}]}},"_links":{"self":[{"href":"https:\/\/nordnesrepublikken.no\/index.php\/wp-json\/wp\/v2\/posts\/8866","targetHints":{"allow":["GET"]}}],"collection":[{"href":"https:\/\/nordnesrepublikken.no\/index.php\/wp-json\/wp\/v2\/posts"}],"about":[{"href":"https:\/\/nordnesrepublikken.no\/index.php\/wp-json\/wp\/v2\/types\/post"}],"author":[{"embeddable":true,"href":"https:\/\/nordnesrepublikken.no\/index.php\/wp-json\/wp\/v2\/users\/1"}],"replies":[{"embeddable":true,"href":"https:\/\/nordnesrepublikken.no\/index.php\/wp-json\/wp\/v2\/comments?post=8866"}],"version-history":[{"count":1,"href":"https:\/\/nordnesrepublikken.no\/index.php\/wp-json\/wp\/v2\/posts\/8866\/revisions"}],"predecessor-version":[{"id":8868,"href":"https:\/\/nordnesrepublikken.no\/index.php\/wp-json\/wp\/v2\/posts\/8866\/revisions\/8868"}],"wp:featuredmedia":[{"embeddable":true,"href":"https:\/\/nordnesrepublikken.no\/index.php\/wp-json\/wp\/v2\/media\/8867"}],"wp:attachment":[{"href":"https:\/\/nordnesrepublikken.no\/index.php\/wp-json\/wp\/v2\/media?parent=8866"}],"wp:term":[{"taxonomy":"category","embeddable":true,"href":"https:\/\/nordnesrepublikken.no\/index.php\/wp-json\/wp\/v2\/categories?post=8866"},{"taxonomy":"post_tag","embeddable":true,"href":"https:\/\/nordnesrepublikken.no\/index.php\/wp-json\/wp\/v2\/tags?post=8866"}],"curies":[{"name":"wp","href":"https:\/\/api.w.org\/{rel}","templated":true}]}}