{"id":8857,"date":"2025-08-28T12:50:51","date_gmt":"2025-08-28T10:50:51","guid":{"rendered":"https:\/\/nordnesrepublikken.no\/index.php\/2025\/08\/28\/hva-betyr-det-for-den-praktiske-handlingen-og-annektering-er-mulig\/"},"modified":"2025-08-28T12:50:55","modified_gmt":"2025-08-28T10:50:55","slug":"hva-betyr-det-for-den-praktiske-handlingen-og-annektering-er-mulig","status":"publish","type":"post","link":"https:\/\/nordnesrepublikken.no\/index.php\/2025\/08\/28\/hva-betyr-det-for-den-praktiske-handlingen-og-annektering-er-mulig\/","title":{"rendered":"Hva betyr det for den praktiske handlingen og annektering er mulig?"},"content":{"rendered":"<div>\n<div class=\"cp_wrapper cp_wrapper--fw mb-30 mb-20@tablet\">\n<figure class=\"mm\"><picture class=\"img\" style=\"padding-top:56.25%\"><source  media=\"(min-width: 1024px)\"><source  media=\"(min-width: 768px)\"><\/source><\/source><\/picture><\/figure>\n<\/p><\/div>\n<p>Fra 21. august har israelske myndigheter startet <strong>okkupere hele stripen av Gaza<\/strong>: Men hva betyr yrke? I den praktiske loven vil sysselsetting bety \u00e5 g\u00e5 <strong>fra lettere til<\/strong> <strong>Direkte kontroll av territoriet<\/strong>. Form\u00e5lene som Israel erkl\u00e6rt, henviser til \u00f8nsket om \u00e5 beseire Hamas, men siden den j\u00f8diske staten aldri har gjort en hemmelighet om \u00e5 ville forhindre f\u00f8dselen av en palestinsk stat, vil ideen om at Netanyahus planer om \u00e5 ta kontroll over hele stripen bli overf\u00f8rt til annekteringen av stripen. Annektering og overf\u00f8ring av innbyggerne til ansatte territorier er imidlertid <strong>Ulovlig for folkerett<\/strong>som nylig gjentatt av den internasjonale domstolen.<\/p>\n<h2><strong>Hva er territoriene okkupert av israelske tropper: situasjonen <\/strong><\/h2>\n<p>De palestinske territoriene okkupert av Israel, i \u00e5revis, er <strong>Gazastrip <\/strong>Og <strong>Vestbredden<\/strong>.<\/p>\n<p>Sistnevnte ble delt inn i tre omr\u00e5der etter Oslo -avtalene, men det meste av territoriet (60%) er <strong>Under total israelsk kontroll<\/strong> (Bosetninger, naturressurser og administrasjon) og de to gjenv\u00e6rende omr\u00e5dene har sett hyppige milit\u00e6re operasjoner av IDF i \u00e5revis (den siste i januar 2025, &laquo;Iron Wall&raquo;, med okkupasjonen av flyktningleirene til Jenin og Nur Shams). F\u00f8rst 20. august godkjente regjeringen i Tel Aviv en oppgj\u00f8rsplan mellom Jerusalem Est og Ma&#8217;alo Adumim, som kunne dele Vestbredden i to, og vitner om sin makt igjen i omr\u00e5det.<\/p>\n<p>Men tilbake til Gazastripen, som alle \u00f8yne har v\u00e6rt fokusert i to \u00e5r: Denne lille delen av territoriet har offisielt blitt styrt av Hamas siden 2007, selv om det &#8211; spesielt i Nord -territoriene &#8211; har sett ekspropriasjonen av land med styrken flere ganger av de israelske nybyggerne, uten Hamas faktisk kunne hevde at de aforetionerte landene. Videre, siden den gang, er stripen nedenfor <strong>blokkering og kontroll <\/strong>(Kontrollert tilstr\u00f8mning av varer og mennesker b\u00e5de fra sj\u00f8 og fra bakken) <strong>Israelsk<\/strong>som ut\u00f8ver full kontroll over grensene, inkludert luftrommet. Blokken, som forvandlet stripen til en skjebne med \u00e5pent fengsel, opprettet en kort <strong>alvorlig humanit\u00e6r krise<\/strong>som gradvis forverret seg etter 7. oktober 2023.<\/p>\n<div class=\"cp_wrapper cp_wrapper--fw mb-50\">\n<figure class=\"mm\"><picture class=\"img\" style=\"padding-top:132.17247097844%\"><source  media=\"(min-width: 1024px)\"><source  media=\"(min-width: 768px)\"><img decoding=\"async\" loading=\"lazy\" src=\"https:\/\/nordnesrepublikken.no\/wp-content\/uploads\/2025\/08\/1756378251_525_Hva-betyr-det-for-den-praktiske-handlingen-og-annektering-er.jpg\" alt=\"Block of Gaza (Un.org)\" width=\"603\" height=\"797\"><\/source><\/source><\/picture><\/figure>\n<\/p><\/div>\n<p>For tiden, <b>Den israelske h\u00e6ren har kontroll over mer enn 85% av territoriet<\/b>: Etter luftangrepene og raidene ved land i Gaza City &#8211; der de israelske styrkene ogs\u00e5 tok kontroll over forstedene &#8211; ble bombingene ogs\u00e5 intensivert i nabolagene til <strong>Zeitoun, Shuja&#8217;iyya og Sabra<\/strong>og det er grunnen til at de siste sivile forble en utvandring i en usikker retning. Andre divisjoner er allerede en <strong>Khan Youunis <\/strong> Og <strong>Rafah<\/strong>og kontrollen utvides med brann i distriktet de okkuperte omr\u00e5dene. Selv om de v\u00e6pnede sammenst\u00f8tene ikke er ferdige, er det n\u00e5 stadig mer komplisert \u00e5 gjette hvor Hamas er, og det er vanskelig \u00e5 si at stripen fremdeles er styring.<\/p>\n<h2>Hva betyr det, i konkrete termer, &laquo;Occupy Gaza&raquo; og hva som endres i dag med inntreden av troppene<\/h2>\n<p>I f\u00f8lge de siste uttalelsene fra den israelske statsministeren, vil h\u00e6ren ikke stoppe i disse omr\u00e5dene, men vil snart ta seg av<strong> hele omr\u00e5det<\/strong>. Oversatt i praktiske termer vil antall soldater og pansrede kj\u00f8ret\u00f8yer som vil kontrollere byer og alle kommunikasjonsrutene \u00f8ke, og for de gjenv\u00e6rende innbyggerne vil det v\u00e6re nesten umulig &#8211; eller i det minste hindret &#8211; flytte eller g\u00e5 sammen med andre familiemedlemmer. I tillegg kunne Israel til og med etablere ekte <strong>separasjonsomr\u00e5der<\/strong>begrenser mobiliteten til den palestinske befolkningen fullstendig.<\/p>\n<p>De israelske bosetningene i stripen vil utvide seg, og presser sivile til \u00e5 bo i stadig mer begrensede omr\u00e5der. N\u00e5r nettverket av viktige tjenester (vann, str\u00f8m, helsehjelp) er gjenopprettet, vil Tel Aviv ta p\u00e5 seg total kontroll over administrasjonen deres, slik det allerede har blitt gjort i \u00e5revis p\u00e5 Vestbredden.<\/p>\n<div class=\"cp_wrapper cp_wrapper--fw mb-50\">\n<figure class=\"mm\"><picture class=\"img\" style=\"padding-top:56.266666666667%\"><source  media=\"(min-width: 1024px)\"><source  media=\"(min-width: 768px)\"><img decoding=\"async\" loading=\"lazy\" src=\"https:\/\/nordnesrepublikken.no\/wp-content\/uploads\/2025\/08\/Hva-betyr-det-for-den-praktiske-handlingen-og-annektering-er.jpeg\" alt=\"Bilde\" width=\"1500\" height=\"844\" class=\"js-seedtag-img\"><\/source><\/source><\/picture><\/figure>\n<\/p><\/div>\n<p>Som bekreftet av den italienske h\u00e6rens general- og milit\u00e6rhistoriske professor <strong>Paolo Capitini<\/strong>evaluerer den israelske regjeringen konstruksjonen (innenfor stripen) av &laquo;<strong>Humanit\u00e6r by<\/strong>&laquo;, Bosetter bemannet av h\u00e6ren beregnet p\u00e5 palestinere:<\/p>\n<blockquote>\n<p>Tilgang til denne typen strukturer skal v\u00e6re &laquo;frivillig&raquo;, men avkj\u00f8rselen fra dem ville v\u00e6re forbudt. Som ville gj\u00f8re humanit\u00e6re byer til de virkelige konsentrasjonsleirene.<\/p>\n<\/blockquote>\n<p>Men det sies ikke at palestinerne klarer \u00e5 holde seg i stripen. Faktisk ser alle handlinger som er gjort av IDF ut til \u00e5 f\u00f8re til ideen om at det ikke vil v\u00e6re noe reelt rom for dem. Selv om de ble v\u00e6rende, vil det ta lang tid \u00e5 gjenopprette hele nettverket av tjenester, og volden ville v\u00e6re p\u00e5 dagsordenen. Som Capitini la til, ville israelske myndigheter allerede pr\u00f8ve \u00e5 forst\u00e5 hvor de skal lede de f\u00e5 gjenv\u00e6rende sivile:<\/p>\n<blockquote>\n<p>\u00d8deleggelsen av boligarven, sammen med bombeangrepene, til begrensningene for tilveiebringelse av vann, mat og medisinsk behandling er rettet mot spontant overbevist om at palestinerne overlever til \u00e5 forlate andre destinasjoner som ikke lenger er Gazastripen. Faktisk er kontakter mellom israelske myndigheter og S\u00f8r -Sudan, Somalia, Libya, Syria eller til og med Indonesia aktive fordi de \u00f8nsker palestinerne velkommen som &#8211; plassert i umuligheten av \u00e5 fortsette \u00e5 bo i Gaza &#8211; bestemmer seg for \u00e5 forlate det for andre destinasjoner.<\/p>\n<\/blockquote>\n<h2><strong>Hvorfor \u00f8nsker Israel \u00e5 okkupere stripen, hvis det er et nesten fullstendig \u00f8delagt territorium?<\/strong><\/h2>\n<p>Israelske myndigheter har erkl\u00e6rt at ansettelse &laquo;<strong>Det brukes til \u00e5 beseire Hamas &laquo;<\/strong>men det er n\u00e5 klart for geopolitiske analytikere fra hele verden at Tel Aviv -regjeringen \u00f8nsker \u00e5 tilpasse omr\u00e5det for \u00e5 utvise palestinere, som alltid har blitt sett p\u00e5 som en trussel mot den j\u00f8diske statens integritet.<\/p>\n<p>Nyere uttalelser fra Donald Trump &#8211; i henhold til hvilket territoriet m\u00e5 selges til USA, noe som vil forvandle det til en slags <strong>Flott badested<\/strong> &#8211; og av den h\u00f8yre -rettslige ministeren <strong>Bezalel Smotrich<\/strong> De ser ut til \u00e5 st\u00f8tte denne hypotesen, men prosjektet, i det minste for n\u00e5, virker faktisk. I f\u00f8lge andre analytikere \u00f8nsket Israel \u00e5 ta besittelse av jordsmonnene som er rike p\u00e5 oliventr\u00e6r, men i flere dager har de sirkulert p\u00e5 nettvideoen til bulldozerne som fullstendig utrydder disse \u00e5rhundrer -gamle tr\u00e6r, som om de vil ha ytterligere sletting av det palestinerne koblet til landet sitt i \u00e5rhundrer.<\/p>\n<p>Men det er ogs\u00e5 en annen teori, som general Capitini husker:<\/p>\n<blockquote>\n<p>Muligheten for direkte \u00e5 kontrollere en jordstripe som menneskeheten allerede har bebodd fra de gamle egypterne, har objektive \u00f8konomiske fordeler. Jeg nevner bare to: den f\u00f8rste er at Gaza blir m\u00f8tt med <strong>En av de st\u00f8rste naturgassforekomstene i Middelhavet<\/strong> Og det andre som en av inngangene som ville koble R\u00f8dehavet til Middelhavet ved land, skal v\u00e6re p\u00e5 disse delene, faktisk bli en duplikat, men ogs\u00e5 en <strong>Konkurrenten til den n\u00e5v\u00e6rende Suez -kanalen<\/strong>.<\/p>\n<\/blockquote>\n<p>Det som er sikkert er at den israelske regjeringsklassen ikke har noen intensjon om \u00e5 tillate f\u00f8dselen av en <strong>Palestinsk stat<\/strong>verken i Gaza eller p\u00e5 Vestbredden, slik det er erkl\u00e6rt flere ganger av hans ministre, fordi de anser disse territoriene som tilh\u00f8rende det &laquo;det j\u00f8diske folks historiske hjemland&raquo;.<\/p>\n<p>I denne forbindelse uttrykte Smotrich sin intensjon om for noen dager siden <strong>tilbygg<\/strong> Gazastripen i Israel, st\u00f8ttet av andre politikere. Men, <strong>Oppmerksomhet<\/strong>:<strong> Okkupat betyr ikke vedlegg<\/strong>.<\/p>\n<h2>Occupy betyr ikke vedlegg: hva folkeretten sier<\/h2>\n<p>For \u00f8yeblikket, som nevnt, har h\u00e6ren okkupert det meste av stripen milit\u00e6rt om noen dager, men uten \u00e5 ha hevdet <strong>suverenitet<\/strong> av det samme. Ansettelsen, for \u00e5 v\u00e6re slik, m\u00e5 v\u00e6re <strong>midlertidig<\/strong>og Israel har allerede vist<strong> Kontinuerlig og permanent yrke<\/strong> P\u00e5 Vestbredden, okkupert av etter krigen i 1967 (det internasjonale samfunnet har aldri anerkjent annekteringen av disse territoriene). Videre b\u00f8r sysselsettingen <strong>Respekter internasjonale lover<\/strong> (Spesielt de som er relatert til beskyttelse av menneskerettigheter og styring av sysselsatte territorier, som etablert av <strong>Gen\u00e8ve stevne<\/strong>), men dette er lite sannsynlig at dette skjer, og observerer mediedokumentene fra stripen.<\/p>\n<p>DE&#8217;<strong>annektering<\/strong>er derimot<strong>formell inkorporering<\/strong> av et territorium (i dette tilfellet stripen) til staten som har okkupert det: dette betyr at den integrerer den i sin juridiske og politiske struktur, og tar p\u00e5 seg full suverenitet p\u00e5 den. Basert p\u00e5 folkerett (som etablert av <strong>FNs charter<\/strong>), er annekteringen av et territorium med makt alltid <strong>ulovlig<\/strong>og hever en internasjonal forakt. Blant de nylige sakene, bare tenk p\u00e5 de t\u00f8ffe reaksjonene som vekker seg av<strong>Sysselsetting av Kuwait <\/strong>av Irak i 1990, hvorfra den f\u00f8rste Gulf -krigen oppsto, eller <strong>Russisk krim yrke<\/strong> av 2014, som det ble p\u00e5lagt tunge straffer for Russland.<\/p>\n<p>For \u00f8yeblikket er det ikke kjent (til tross for de tidligere offentlige uttalelsene fra Tel Aviv -regjeringen) hvis Israel formelt vil angripe alle de palestinske territoriene. Det m\u00e5 imidlertid vurderes at den j\u00f8diske staten har p\u00e5 begynnelsen av \u00e5ttitallet <strong>Den \u00f8stlige delen av Jerusalem er annektert uten spesielle hindringer<\/strong>okkupert i 1967 og hevdet av palestinerne som deres hovedstad. Ogs\u00e5 etter <strong>Seks dagers krig<\/strong> FN stammer <strong>Oppl\u00f8sning 242<\/strong>som p\u00e5f\u00f8res <strong>J\u00f8disk stat for \u00e5 forlate territoriene opptatt<\/strong>. Israel har imidlertid aldri gjort det, bortsett fra en del av de aktuelle territoriene (Sinai, returnert til Egypt), og det er ikke iverksatt tiltak.<\/p>\n<div class=\"cp_wrapper cp_wrapper--fw mb-50\">\n<figure class=\"mm\"><picture class=\"img\" style=\"padding-top:150.62656641604%\"><source  media=\"(min-width: 1024px)\"><source  media=\"(min-width: 768px)\"><img decoding=\"async\" loading=\"lazy\" src=\"https:\/\/nordnesrepublikken.no\/wp-content\/uploads\/2025\/08\/1756378251_280_Hva-betyr-det-for-den-praktiske-handlingen-og-annektering-er.jpg\" alt=\"Territoriene okkupert av Israel i 1967\" width=\"399\" height=\"601\"><\/source><\/source><\/picture><\/figure>\n<\/p><\/div>\n<p>P\u00e5 90 -tallet bestemte Israel seg imidlertid for \u00e5 gi <strong>Administrativ kontroll<\/strong> &#8211; Ikke suvereniteten &#8211; av noen sektorer av territoriene til den palestinske nasjonale myndigheten, men ting har ikke blitt mer rosenr\u00f8de. Gjennom \u00e5rene, faktisk har voldelige handlinger mangedoblet seg mot innbyggerne av kolonistene og h\u00e6ren, angriper som med at den n\u00e5v\u00e6rende risikoen blir mer og mer voldelig.<\/p>\n<div class=\"cp_wrapper cp_wrapper--fw mb-50\">\n<figure class=\"mm\"><picture class=\"img\" style=\"padding-top:157.33333333333%\"><source  media=\"(min-width: 1024px)\"><source  media=\"(min-width: 768px)\"><img decoding=\"async\" loading=\"lazy\" src=\"https:\/\/nordnesrepublikken.no\/wp-content\/uploads\/2025\/08\/1756378251_679_Hva-betyr-det-for-den-praktiske-handlingen-og-annektering-er.jpg\" alt=\"Vestbredden. I hvite territoriene administrert av den palestinske autoriteten (Terrasanta.net)\" width=\"450\" height=\"708\" class=\"js-seedtag-img\"><\/source><\/source><\/picture><\/figure>\n<\/p><\/div>\n<p>Vestbredden. I hvite territoriene administrert av den palestinske autoriteten (Terrasanta.net)<\/p>\n<p>Uansett hva<strong>utfall<\/strong> Av denne yrket er det lett \u00e5 forutsi at over tid vil situasjonen til stripen v\u00e6re veldig lik den p\u00e5 Vestbredden &#8211; i det minste fra det administrative synspunktet &#8211; og, de facto, ville ikke internasjonale tiltak bli iverksatt.<\/p>\n<\/p><\/div>\n","protected":false},"excerpt":{"rendered":"<p>Fra 21. august har israelske myndigheter startet okkupere hele stripen av Gaza: Men hva betyr<\/p>\n","protected":false},"author":1,"featured_media":8858,"comment_status":"closed","ping_status":"open","sticky":false,"template":"","format":"standard","meta":{"footnotes":""},"categories":[23],"tags":[5811,186,74,66,5810,144,316,1144],"class_list":["post-8857","post","type-post","status-publish","format-standard","has-post-thumbnail","hentry","category-politikk","tag-annektering","tag-betyr","tag-den","tag-det","tag-handlingen","tag-hva","tag-mulig","tag-praktiske","generate-columns","tablet-grid-50","mobile-grid-100","grid-parent","grid-33","resize-featured-image"],"yoast_head":"<!-- This site is optimized with the Yoast SEO plugin v24.4 - https:\/\/yoast.com\/wordpress\/plugins\/seo\/ -->\n<title>Hva betyr det for den praktiske handlingen og annektering er mulig? - Nordnesrepublikken<\/title>\n<meta name=\"robots\" content=\"index, follow, max-snippet:-1, max-image-preview:large, max-video-preview:-1\" \/>\n<link rel=\"canonical\" href=\"https:\/\/nordnesrepublikken.no\/index.php\/2025\/08\/28\/hva-betyr-det-for-den-praktiske-handlingen-og-annektering-er-mulig\/\" \/>\n<meta property=\"og:locale\" content=\"nb_NO\" \/>\n<meta property=\"og:type\" content=\"article\" \/>\n<meta property=\"og:title\" content=\"Hva betyr det for den praktiske handlingen og annektering er mulig? - Nordnesrepublikken\" \/>\n<meta property=\"og:description\" content=\"Fra 21. august har israelske myndigheter startet okkupere hele stripen av Gaza: Men hva betyr\" \/>\n<meta property=\"og:url\" content=\"https:\/\/nordnesrepublikken.no\/index.php\/2025\/08\/28\/hva-betyr-det-for-den-praktiske-handlingen-og-annektering-er-mulig\/\" \/>\n<meta property=\"og:site_name\" content=\"Nordnesrepublikken\" \/>\n<meta property=\"article:published_time\" content=\"2025-08-28T10:50:51+00:00\" \/>\n<meta property=\"article:modified_time\" content=\"2025-08-28T10:50:55+00:00\" \/>\n<meta property=\"og:image\" content=\"https:\/\/nordnesrepublikken.no\/wp-content\/uploads\/2025\/08\/1756378251_Hva-betyr-det-for-den-praktiske-handlingen-og-annektering-er.jpg\" \/>\n\t<meta property=\"og:image:width\" content=\"2121\" \/>\n\t<meta property=\"og:image:height\" content=\"1414\" \/>\n\t<meta property=\"og:image:type\" content=\"image\/jpeg\" \/>\n<meta name=\"author\" content=\"Ole Andersen\" \/>\n<meta name=\"twitter:card\" content=\"summary_large_image\" \/>\n<meta name=\"twitter:label1\" content=\"Skrevet av\" \/>\n\t<meta name=\"twitter:data1\" content=\"Ole Andersen\" \/>\n\t<meta name=\"twitter:label2\" content=\"Ansl. lesetid\" \/>\n\t<meta name=\"twitter:data2\" content=\"8 minutter\" \/>\n<script type=\"application\/ld+json\" class=\"yoast-schema-graph\">{\"@context\":\"https:\/\/schema.org\",\"@graph\":[{\"@type\":\"Article\",\"@id\":\"https:\/\/nordnesrepublikken.no\/index.php\/2025\/08\/28\/hva-betyr-det-for-den-praktiske-handlingen-og-annektering-er-mulig\/#article\",\"isPartOf\":{\"@id\":\"https:\/\/nordnesrepublikken.no\/index.php\/2025\/08\/28\/hva-betyr-det-for-den-praktiske-handlingen-og-annektering-er-mulig\/\"},\"author\":{\"name\":\"Ole Andersen\",\"@id\":\"https:\/\/nordnesrepublikken.no\/#\/schema\/person\/2e7e81935bab77882fffb79296240ff1\"},\"headline\":\"Hva betyr det for den praktiske handlingen og annektering er mulig?\",\"datePublished\":\"2025-08-28T10:50:51+00:00\",\"dateModified\":\"2025-08-28T10:50:55+00:00\",\"mainEntityOfPage\":{\"@id\":\"https:\/\/nordnesrepublikken.no\/index.php\/2025\/08\/28\/hva-betyr-det-for-den-praktiske-handlingen-og-annektering-er-mulig\/\"},\"wordCount\":1576,\"publisher\":{\"@id\":\"https:\/\/nordnesrepublikken.no\/#organization\"},\"image\":{\"@id\":\"https:\/\/nordnesrepublikken.no\/index.php\/2025\/08\/28\/hva-betyr-det-for-den-praktiske-handlingen-og-annektering-er-mulig\/#primaryimage\"},\"thumbnailUrl\":\"https:\/\/nordnesrepublikken.no\/wp-content\/uploads\/2025\/08\/1756378251_Hva-betyr-det-for-den-praktiske-handlingen-og-annektering-er.jpg\",\"keywords\":[\"annektering\",\"betyr\",\"den\",\"Det\",\"handlingen\",\"Hva\",\"mulig\",\"praktiske\"],\"articleSection\":[\"Politikk\"],\"inLanguage\":\"nb-NO\"},{\"@type\":\"WebPage\",\"@id\":\"https:\/\/nordnesrepublikken.no\/index.php\/2025\/08\/28\/hva-betyr-det-for-den-praktiske-handlingen-og-annektering-er-mulig\/\",\"url\":\"https:\/\/nordnesrepublikken.no\/index.php\/2025\/08\/28\/hva-betyr-det-for-den-praktiske-handlingen-og-annektering-er-mulig\/\",\"name\":\"Hva betyr det for den praktiske handlingen og annektering er mulig? - Nordnesrepublikken\",\"isPartOf\":{\"@id\":\"https:\/\/nordnesrepublikken.no\/#website\"},\"primaryImageOfPage\":{\"@id\":\"https:\/\/nordnesrepublikken.no\/index.php\/2025\/08\/28\/hva-betyr-det-for-den-praktiske-handlingen-og-annektering-er-mulig\/#primaryimage\"},\"image\":{\"@id\":\"https:\/\/nordnesrepublikken.no\/index.php\/2025\/08\/28\/hva-betyr-det-for-den-praktiske-handlingen-og-annektering-er-mulig\/#primaryimage\"},\"thumbnailUrl\":\"https:\/\/nordnesrepublikken.no\/wp-content\/uploads\/2025\/08\/1756378251_Hva-betyr-det-for-den-praktiske-handlingen-og-annektering-er.jpg\",\"datePublished\":\"2025-08-28T10:50:51+00:00\",\"dateModified\":\"2025-08-28T10:50:55+00:00\",\"breadcrumb\":{\"@id\":\"https:\/\/nordnesrepublikken.no\/index.php\/2025\/08\/28\/hva-betyr-det-for-den-praktiske-handlingen-og-annektering-er-mulig\/#breadcrumb\"},\"inLanguage\":\"nb-NO\",\"potentialAction\":[{\"@type\":\"ReadAction\",\"target\":[\"https:\/\/nordnesrepublikken.no\/index.php\/2025\/08\/28\/hva-betyr-det-for-den-praktiske-handlingen-og-annektering-er-mulig\/\"]}]},{\"@type\":\"ImageObject\",\"inLanguage\":\"nb-NO\",\"@id\":\"https:\/\/nordnesrepublikken.no\/index.php\/2025\/08\/28\/hva-betyr-det-for-den-praktiske-handlingen-og-annektering-er-mulig\/#primaryimage\",\"url\":\"https:\/\/nordnesrepublikken.no\/wp-content\/uploads\/2025\/08\/1756378251_Hva-betyr-det-for-den-praktiske-handlingen-og-annektering-er.jpg\",\"contentUrl\":\"https:\/\/nordnesrepublikken.no\/wp-content\/uploads\/2025\/08\/1756378251_Hva-betyr-det-for-den-praktiske-handlingen-og-annektering-er.jpg\",\"width\":2121,\"height\":1414,\"caption\":\"Immagine\"},{\"@type\":\"BreadcrumbList\",\"@id\":\"https:\/\/nordnesrepublikken.no\/index.php\/2025\/08\/28\/hva-betyr-det-for-den-praktiske-handlingen-og-annektering-er-mulig\/#breadcrumb\",\"itemListElement\":[{\"@type\":\"ListItem\",\"position\":1,\"name\":\"Home\",\"item\":\"https:\/\/nordnesrepublikken.no\/\"},{\"@type\":\"ListItem\",\"position\":2,\"name\":\"Hva betyr det for den praktiske handlingen og annektering er mulig?\"}]},{\"@type\":\"WebSite\",\"@id\":\"https:\/\/nordnesrepublikken.no\/#website\",\"url\":\"https:\/\/nordnesrepublikken.no\/\",\"name\":\"Nordnesrepublikken\",\"description\":\"Stemmer og Visjoner fra Republikkens Hjerte\",\"publisher\":{\"@id\":\"https:\/\/nordnesrepublikken.no\/#organization\"},\"potentialAction\":[{\"@type\":\"SearchAction\",\"target\":{\"@type\":\"EntryPoint\",\"urlTemplate\":\"https:\/\/nordnesrepublikken.no\/?s={search_term_string}\"},\"query-input\":{\"@type\":\"PropertyValueSpecification\",\"valueRequired\":true,\"valueName\":\"search_term_string\"}}],\"inLanguage\":\"nb-NO\"},{\"@type\":\"Organization\",\"@id\":\"https:\/\/nordnesrepublikken.no\/#organization\",\"name\":\"Nordnesrepublikken\",\"url\":\"https:\/\/nordnesrepublikken.no\/\",\"logo\":{\"@type\":\"ImageObject\",\"inLanguage\":\"nb-NO\",\"@id\":\"https:\/\/nordnesrepublikken.no\/#\/schema\/logo\/image\/\",\"url\":\"https:\/\/nordnesrepublikken.no\/wp-content\/uploads\/2025\/02\/cropped-nordnesrepublikken-2.png\",\"contentUrl\":\"https:\/\/nordnesrepublikken.no\/wp-content\/uploads\/2025\/02\/cropped-nordnesrepublikken-2.png\",\"width\":1248,\"height\":362,\"caption\":\"Nordnesrepublikken\"},\"image\":{\"@id\":\"https:\/\/nordnesrepublikken.no\/#\/schema\/logo\/image\/\"}},{\"@type\":\"Person\",\"@id\":\"https:\/\/nordnesrepublikken.no\/#\/schema\/person\/2e7e81935bab77882fffb79296240ff1\",\"name\":\"Ole Andersen\",\"image\":{\"@type\":\"ImageObject\",\"inLanguage\":\"nb-NO\",\"@id\":\"https:\/\/nordnesrepublikken.no\/#\/schema\/person\/image\/\",\"url\":\"https:\/\/nordnesrepublikken.no\/wp-content\/uploads\/2025\/02\/nordnesrepublikken-2-2-150x150.jpg\",\"contentUrl\":\"https:\/\/nordnesrepublikken.no\/wp-content\/uploads\/2025\/02\/nordnesrepublikken-2-2-150x150.jpg\",\"caption\":\"Ole Andersen\"},\"description\":\"Ettersom jeg vokste opp i Oslo, har jeg alltid v\u00e6rt fascinert av ordenes kraft og deres evne til \u00e5 skape endringer. Etter \u00e5 ha fullf\u00f8rt min utdannelse i kommunikasjon ved Universitetet i Bergen, fikk jeg muligheten til \u00e5 jobbe innen ulike medier, der jeg har s\u00f8kt \u00e5 belyse viktige samfunnssp\u00f8rsm\u00e5l. I dag, som redakt\u00f8r for Nordnesrepublikken, pr\u00f8ver jeg \u00e5 forene min kj\u00e6rlighet for journalistikk med min lidenskap for innovasjon og eventyr.\",\"sameAs\":[\"https:\/\/nordnesrepublikken.no\/\"]}]}<\/script>\n<!-- \/ Yoast SEO plugin. -->","yoast_head_json":{"title":"Hva betyr det for den praktiske handlingen og annektering er mulig? - Nordnesrepublikken","robots":{"index":"index","follow":"follow","max-snippet":"max-snippet:-1","max-image-preview":"max-image-preview:large","max-video-preview":"max-video-preview:-1"},"canonical":"https:\/\/nordnesrepublikken.no\/index.php\/2025\/08\/28\/hva-betyr-det-for-den-praktiske-handlingen-og-annektering-er-mulig\/","og_locale":"nb_NO","og_type":"article","og_title":"Hva betyr det for den praktiske handlingen og annektering er mulig? - Nordnesrepublikken","og_description":"Fra 21. august har israelske myndigheter startet okkupere hele stripen av Gaza: Men hva betyr","og_url":"https:\/\/nordnesrepublikken.no\/index.php\/2025\/08\/28\/hva-betyr-det-for-den-praktiske-handlingen-og-annektering-er-mulig\/","og_site_name":"Nordnesrepublikken","article_published_time":"2025-08-28T10:50:51+00:00","article_modified_time":"2025-08-28T10:50:55+00:00","og_image":[{"width":2121,"height":1414,"url":"https:\/\/nordnesrepublikken.no\/wp-content\/uploads\/2025\/08\/1756378251_Hva-betyr-det-for-den-praktiske-handlingen-og-annektering-er.jpg","type":"image\/jpeg"}],"author":"Ole Andersen","twitter_card":"summary_large_image","twitter_misc":{"Skrevet av":"Ole Andersen","Ansl. lesetid":"8 minutter"},"schema":{"@context":"https:\/\/schema.org","@graph":[{"@type":"Article","@id":"https:\/\/nordnesrepublikken.no\/index.php\/2025\/08\/28\/hva-betyr-det-for-den-praktiske-handlingen-og-annektering-er-mulig\/#article","isPartOf":{"@id":"https:\/\/nordnesrepublikken.no\/index.php\/2025\/08\/28\/hva-betyr-det-for-den-praktiske-handlingen-og-annektering-er-mulig\/"},"author":{"name":"Ole Andersen","@id":"https:\/\/nordnesrepublikken.no\/#\/schema\/person\/2e7e81935bab77882fffb79296240ff1"},"headline":"Hva betyr det for den praktiske handlingen og annektering er mulig?","datePublished":"2025-08-28T10:50:51+00:00","dateModified":"2025-08-28T10:50:55+00:00","mainEntityOfPage":{"@id":"https:\/\/nordnesrepublikken.no\/index.php\/2025\/08\/28\/hva-betyr-det-for-den-praktiske-handlingen-og-annektering-er-mulig\/"},"wordCount":1576,"publisher":{"@id":"https:\/\/nordnesrepublikken.no\/#organization"},"image":{"@id":"https:\/\/nordnesrepublikken.no\/index.php\/2025\/08\/28\/hva-betyr-det-for-den-praktiske-handlingen-og-annektering-er-mulig\/#primaryimage"},"thumbnailUrl":"https:\/\/nordnesrepublikken.no\/wp-content\/uploads\/2025\/08\/1756378251_Hva-betyr-det-for-den-praktiske-handlingen-og-annektering-er.jpg","keywords":["annektering","betyr","den","Det","handlingen","Hva","mulig","praktiske"],"articleSection":["Politikk"],"inLanguage":"nb-NO"},{"@type":"WebPage","@id":"https:\/\/nordnesrepublikken.no\/index.php\/2025\/08\/28\/hva-betyr-det-for-den-praktiske-handlingen-og-annektering-er-mulig\/","url":"https:\/\/nordnesrepublikken.no\/index.php\/2025\/08\/28\/hva-betyr-det-for-den-praktiske-handlingen-og-annektering-er-mulig\/","name":"Hva betyr det for den praktiske handlingen og annektering er mulig? - Nordnesrepublikken","isPartOf":{"@id":"https:\/\/nordnesrepublikken.no\/#website"},"primaryImageOfPage":{"@id":"https:\/\/nordnesrepublikken.no\/index.php\/2025\/08\/28\/hva-betyr-det-for-den-praktiske-handlingen-og-annektering-er-mulig\/#primaryimage"},"image":{"@id":"https:\/\/nordnesrepublikken.no\/index.php\/2025\/08\/28\/hva-betyr-det-for-den-praktiske-handlingen-og-annektering-er-mulig\/#primaryimage"},"thumbnailUrl":"https:\/\/nordnesrepublikken.no\/wp-content\/uploads\/2025\/08\/1756378251_Hva-betyr-det-for-den-praktiske-handlingen-og-annektering-er.jpg","datePublished":"2025-08-28T10:50:51+00:00","dateModified":"2025-08-28T10:50:55+00:00","breadcrumb":{"@id":"https:\/\/nordnesrepublikken.no\/index.php\/2025\/08\/28\/hva-betyr-det-for-den-praktiske-handlingen-og-annektering-er-mulig\/#breadcrumb"},"inLanguage":"nb-NO","potentialAction":[{"@type":"ReadAction","target":["https:\/\/nordnesrepublikken.no\/index.php\/2025\/08\/28\/hva-betyr-det-for-den-praktiske-handlingen-og-annektering-er-mulig\/"]}]},{"@type":"ImageObject","inLanguage":"nb-NO","@id":"https:\/\/nordnesrepublikken.no\/index.php\/2025\/08\/28\/hva-betyr-det-for-den-praktiske-handlingen-og-annektering-er-mulig\/#primaryimage","url":"https:\/\/nordnesrepublikken.no\/wp-content\/uploads\/2025\/08\/1756378251_Hva-betyr-det-for-den-praktiske-handlingen-og-annektering-er.jpg","contentUrl":"https:\/\/nordnesrepublikken.no\/wp-content\/uploads\/2025\/08\/1756378251_Hva-betyr-det-for-den-praktiske-handlingen-og-annektering-er.jpg","width":2121,"height":1414,"caption":"Immagine"},{"@type":"BreadcrumbList","@id":"https:\/\/nordnesrepublikken.no\/index.php\/2025\/08\/28\/hva-betyr-det-for-den-praktiske-handlingen-og-annektering-er-mulig\/#breadcrumb","itemListElement":[{"@type":"ListItem","position":1,"name":"Home","item":"https:\/\/nordnesrepublikken.no\/"},{"@type":"ListItem","position":2,"name":"Hva betyr det for den praktiske handlingen og annektering er mulig?"}]},{"@type":"WebSite","@id":"https:\/\/nordnesrepublikken.no\/#website","url":"https:\/\/nordnesrepublikken.no\/","name":"Nordnesrepublikken","description":"Stemmer og Visjoner fra Republikkens Hjerte","publisher":{"@id":"https:\/\/nordnesrepublikken.no\/#organization"},"potentialAction":[{"@type":"SearchAction","target":{"@type":"EntryPoint","urlTemplate":"https:\/\/nordnesrepublikken.no\/?s={search_term_string}"},"query-input":{"@type":"PropertyValueSpecification","valueRequired":true,"valueName":"search_term_string"}}],"inLanguage":"nb-NO"},{"@type":"Organization","@id":"https:\/\/nordnesrepublikken.no\/#organization","name":"Nordnesrepublikken","url":"https:\/\/nordnesrepublikken.no\/","logo":{"@type":"ImageObject","inLanguage":"nb-NO","@id":"https:\/\/nordnesrepublikken.no\/#\/schema\/logo\/image\/","url":"https:\/\/nordnesrepublikken.no\/wp-content\/uploads\/2025\/02\/cropped-nordnesrepublikken-2.png","contentUrl":"https:\/\/nordnesrepublikken.no\/wp-content\/uploads\/2025\/02\/cropped-nordnesrepublikken-2.png","width":1248,"height":362,"caption":"Nordnesrepublikken"},"image":{"@id":"https:\/\/nordnesrepublikken.no\/#\/schema\/logo\/image\/"}},{"@type":"Person","@id":"https:\/\/nordnesrepublikken.no\/#\/schema\/person\/2e7e81935bab77882fffb79296240ff1","name":"Ole Andersen","image":{"@type":"ImageObject","inLanguage":"nb-NO","@id":"https:\/\/nordnesrepublikken.no\/#\/schema\/person\/image\/","url":"https:\/\/nordnesrepublikken.no\/wp-content\/uploads\/2025\/02\/nordnesrepublikken-2-2-150x150.jpg","contentUrl":"https:\/\/nordnesrepublikken.no\/wp-content\/uploads\/2025\/02\/nordnesrepublikken-2-2-150x150.jpg","caption":"Ole Andersen"},"description":"Ettersom jeg vokste opp i Oslo, har jeg alltid v\u00e6rt fascinert av ordenes kraft og deres evne til \u00e5 skape endringer. Etter \u00e5 ha fullf\u00f8rt min utdannelse i kommunikasjon ved Universitetet i Bergen, fikk jeg muligheten til \u00e5 jobbe innen ulike medier, der jeg har s\u00f8kt \u00e5 belyse viktige samfunnssp\u00f8rsm\u00e5l. I dag, som redakt\u00f8r for Nordnesrepublikken, pr\u00f8ver jeg \u00e5 forene min kj\u00e6rlighet for journalistikk med min lidenskap for innovasjon og eventyr.","sameAs":["https:\/\/nordnesrepublikken.no\/"]}]}},"_links":{"self":[{"href":"https:\/\/nordnesrepublikken.no\/index.php\/wp-json\/wp\/v2\/posts\/8857","targetHints":{"allow":["GET"]}}],"collection":[{"href":"https:\/\/nordnesrepublikken.no\/index.php\/wp-json\/wp\/v2\/posts"}],"about":[{"href":"https:\/\/nordnesrepublikken.no\/index.php\/wp-json\/wp\/v2\/types\/post"}],"author":[{"embeddable":true,"href":"https:\/\/nordnesrepublikken.no\/index.php\/wp-json\/wp\/v2\/users\/1"}],"replies":[{"embeddable":true,"href":"https:\/\/nordnesrepublikken.no\/index.php\/wp-json\/wp\/v2\/comments?post=8857"}],"version-history":[{"count":1,"href":"https:\/\/nordnesrepublikken.no\/index.php\/wp-json\/wp\/v2\/posts\/8857\/revisions"}],"predecessor-version":[{"id":8859,"href":"https:\/\/nordnesrepublikken.no\/index.php\/wp-json\/wp\/v2\/posts\/8857\/revisions\/8859"}],"wp:featuredmedia":[{"embeddable":true,"href":"https:\/\/nordnesrepublikken.no\/index.php\/wp-json\/wp\/v2\/media\/8858"}],"wp:attachment":[{"href":"https:\/\/nordnesrepublikken.no\/index.php\/wp-json\/wp\/v2\/media?parent=8857"}],"wp:term":[{"taxonomy":"category","embeddable":true,"href":"https:\/\/nordnesrepublikken.no\/index.php\/wp-json\/wp\/v2\/categories?post=8857"},{"taxonomy":"post_tag","embeddable":true,"href":"https:\/\/nordnesrepublikken.no\/index.php\/wp-json\/wp\/v2\/tags?post=8857"}],"curies":[{"name":"wp","href":"https:\/\/api.w.org\/{rel}","templated":true}]}}