{"id":8845,"date":"2025-08-28T06:49:35","date_gmt":"2025-08-28T04:49:35","guid":{"rendered":"https:\/\/nordnesrepublikken.no\/index.php\/2025\/08\/28\/statistikken-og-kartet-over-observasjoner\/"},"modified":"2025-08-28T06:49:51","modified_gmt":"2025-08-28T04:49:51","slug":"statistikken-og-kartet-over-observasjoner","status":"publish","type":"post","link":"https:\/\/nordnesrepublikken.no\/index.php\/2025\/08\/28\/statistikken-og-kartet-over-observasjoner\/","title":{"rendered":"Statistikken og kartet over observasjoner"},"content":{"rendered":"<div>\n<div class=\"cp_wrapper cp_wrapper--fw mb-30 mb-20@tablet\">\n<figure class=\"mm\"><picture class=\"img\" style=\"padding-top:56.25%\"><source  media=\"(min-width: 1024px)\"><source  media=\"(min-width: 768px)\"><\/source><\/source><\/picture><\/figure>\n<\/p><\/div>\n<p>Hvert \u00e5r dukker det opp en &laquo;alarm&raquo; p\u00e5 grunn av tilstedev\u00e6relsen av <strong>Portugisisk Caravel<\/strong> (<em>Physalia Physalis<\/em>) i <strong>Italia<\/strong> og inn <strong>Middelhavet<\/strong>men hva er den virkelige situasjonen i havene v\u00e5re? Selv om de de siste \u00e5rene har blitt rapportert i <strong>Sicilia<\/strong> (Strait of Messina og Coste of Catania), <strong>Sardinia<\/strong> Og <strong>Ligurisk hav<\/strong> eksemplarer av denne kroppen hvis <strong>lange tentakler<\/strong> for\u00e5rsake <strong>Brenner<\/strong>For \u00f8yeblikket er det ingen bekreftelse fra de offisielle forskningsorganene, noe som gj\u00f8r at denne nyheten skal behandles med forsiktighet. Som zoologen rapporterer <strong>Stefano Piraino<\/strong> til <em>Fanpage.it<\/em>I \u00e5r har det ikke kommet noen rapporter om observasjoner p\u00e5 italienske strender, og for \u00f8yeblikket fremst\u00e5r en p\u00e5st\u00e5tt &laquo;portugisisk Caravel -alarm&raquo; i v\u00e5rt land helt uberettiget.<\/p>\n<p>I alle fall ville hans tilstedev\u00e6relse i Middelhavet ikke v\u00e6re en ny hendelse (en studie fra 2022 rapporterer om observasjoner i hoppen Nostrum f\u00f8r <strong>1850<\/strong>). Ogs\u00e5 i det italienske hav ble den portugisiske Caravel sett om v\u00e5ren og forbi somrene, med en betydelig b\u00f8lge i <strong>2010<\/strong> Og sporadiske observasjoner nesten hvert \u00e5r. Det som er sikkert er situasjonen p\u00e5 kysten av <strong>Frankrike<\/strong> Og <strong>Spania<\/strong>hvor flere strender ble stengt sommeren 2025 p\u00e5 grunn av de mange observasjonene. Imidlertid blir de ber\u00f8rte omr\u00e5dene (baskiske land og den franske regionen til landene) badet av<strong>Atlanterhavet<\/strong>der arten er mye mer vanlig. De <strong>Konstant overv\u00e5king<\/strong> Imidlertid er det fortsatt viktig for offentlig sikkerhet, gitt <strong>fare<\/strong> av hans lange tentakler, som kan for\u00e5rsake sterke smerter og allergiske reaksjoner selv n\u00e5r dyret er strandet.<\/p>\n<h2>Hva studiet av observasjonene av den portugisiske karavelen i Middelhavsstatene<\/h2>\n<p>Forfatterne av studien <em>Det portugisiske krigsmannen har alltid kommet inn i Middelhavet-tr\u00e5der, sukk og museumssamlinger <\/em>De opprettet en database med informasjonen hentet fra forskjellige kilder inkludert <strong>Vitenskapelig og historisk litteratur<\/strong>, <strong>Museumssamlinger<\/strong>, <strong>Nyhetsarkiver<\/strong> Og <strong>Analyse av sosiale medier<\/strong>. Starter fra de f\u00f8rste observasjonene som er dokumentert i <strong>1850<\/strong> De rapporterte utover <strong>8.000<\/strong> Rapporter om portugisiske karavellekolonier i Middelhavet til 2019. De hyppigst ber\u00f8rte omr\u00e5dene inkluderer de nevnte kystene av <b>Spania<\/b> og Italia, spesielt de to \u00f8yene <b>Sicilia<\/b> Og <b>Sardinia<\/b>.<\/p>\n<div class=\"cp_wrapper cp_wrapper--fw mb-50\">\n<figure class=\"mm\"><picture class=\"img\" style=\"padding-top:132.88888888889%\"><source  media=\"(min-width: 1024px)\"><source  media=\"(min-width: 768px)\"><img decoding=\"async\" loading=\"lazy\" src=\"https:\/\/nordnesrepublikken.no\/wp-content\/uploads\/2025\/08\/1756356575_777_Statistikken-og-kartet-over-observasjoner.jpg\" alt=\"Portugisisk Caravel Map\" width=\"3150\" height=\"4186\"><\/source><\/source><\/picture><\/figure>\n<\/p><\/div>\n<p>Prosessen med &laquo;<strong>tropikalisering<\/strong>&laquo;av Middelhavet, som med \u00f8kningen i temperaturen i vannet blir egnet for inntreden av <strong>fremmede arter<\/strong> Kommer fra tropiske regioner, kan det for\u00e5rsake &#8211; sammen med endringene i de marine str\u00f8mningene i selve middelhavet, ogs\u00e5 for \u00e5 bli sporet tilbake til klimaendringer &#8211; en \u00f8kning i observasjonene av Caravel de kommende \u00e5rene i det italienske hav, men nye studier og offisielle data vil v\u00e6re n\u00f8dvendig for \u00e5 forst\u00e5 virkningen av denne &laquo;migrasjonen&raquo;. Utover den portugisiske tropikaliseringen av Middelhavet er det bekymringsfullt fordi <strong>fremmede arter<\/strong> De konkurrerer med de som allerede er til stede, endrer balansen mellom \u00f8kosystemer og representerer en trussel mot biologisk mangfold.<\/p>\n<h2>Hva er den portugisiske Caravel og hvor den bor<\/h2>\n<p>Den portugisiske Caravel er ofte forvekslet med en maneter eller &laquo;super medusa&raquo;, men i virkeligheten er det en <b>sifonofi<\/b>en gelatin\u00f8s kolonial kropp sammensatt av mange sm\u00e5 spesialiserte individer som kalles <b>Zoid<\/b> (eller polypper) som jobber sammen som en unik organisme. Morfologien, hvorfra den tar navnet sitt (p\u00e5 engelsk <em>mann-o-war<\/em>), husker det attende \u00e5rhundre portugisiske krigsskipene som furet havene med seilene forklart. Faktisk har den en gjennomsiktig pose full av gass (<strong>tneumator<\/strong>) som fungerer som et &laquo;seil&raquo; og er nyttig for flytende.<\/p>\n<p>Den portugisiske Caravel finnes hovedsakelig i <b>Tropiske og subtropiske varme vann i alle hav <\/b>(Atlantic, Stillehav og indisk) med st\u00f8rre konsentrasjon i<b>Atlanterhavet<\/b>. Hans tilstedev\u00e6relse i <b>Middelhavet <\/b>Det regnes i stedet som sporadisk og ikke stabilt &#8211; har ikke en befolkning <strong>innf\u00f8dt<\/strong> (dvs. innf\u00f8dt og reproduktiv) i v\u00e5re hav. Observasjonene som fant sted de siste ti\u00e5rene skyldes enkeltpersoner <b>Passivt transportert av Atlanterhavet gjennom Gibraltar -stredet<\/b> p\u00e5 grunn av gunstige vind og str\u00f8mmer. Dette dyret er faktisk ikke autonomt i bevegelsen, men beveger seg takket v\u00e6re havets styrker. Av disse grunner finner rapporter nesten alltid sted i <b>Western Basin<\/b>hovedsakelig p\u00e5virker kysten av <strong>Spania<\/strong>, <strong>Frankrike<\/strong>, <strong>Sicilia<\/strong> Og <strong>Sardinia<\/strong>. Bare i regionen med Cagliari -hovedstaden, i 2010 ble den eneste saken registrert <strong>d\u00f8delig<\/strong> M\u00f8te med en portugisisk Caravel i Middelhavet: en kvinne som sv\u00f8mte utenfor kysten hadde en allergisk reaksjon etter \u00e5 ha kommet i kontakt med tentaklene.<\/p>\n<\/p><\/div>\n","protected":false},"excerpt":{"rendered":"<p>Hvert \u00e5r dukker det opp en &laquo;alarm&raquo; p\u00e5 grunn av tilstedev\u00e6relsen av Portugisisk Caravel (Physalia<\/p>\n","protected":false},"author":1,"featured_media":8846,"comment_status":"closed","ping_status":"open","sticky":false,"template":"","format":"standard","meta":{"footnotes":""},"categories":[24],"tags":[495,5800,3063],"class_list":["post-8845","post","type-post","status-publish","format-standard","has-post-thumbnail","hentry","category-vitenskap","tag-kartet","tag-observasjoner","tag-statistikken","generate-columns","tablet-grid-50","mobile-grid-100","grid-parent","grid-33","resize-featured-image"],"yoast_head":"<!-- This site is optimized with the Yoast SEO plugin v24.4 - https:\/\/yoast.com\/wordpress\/plugins\/seo\/ -->\n<title>Statistikken og kartet over observasjoner - Nordnesrepublikken<\/title>\n<meta name=\"robots\" content=\"index, follow, max-snippet:-1, max-image-preview:large, max-video-preview:-1\" \/>\n<link rel=\"canonical\" href=\"https:\/\/nordnesrepublikken.no\/index.php\/2025\/08\/28\/statistikken-og-kartet-over-observasjoner\/\" \/>\n<meta property=\"og:locale\" content=\"nb_NO\" \/>\n<meta property=\"og:type\" content=\"article\" \/>\n<meta property=\"og:title\" content=\"Statistikken og kartet over observasjoner - Nordnesrepublikken\" \/>\n<meta property=\"og:description\" content=\"Hvert \u00e5r dukker det opp en &laquo;alarm&raquo; p\u00e5 grunn av tilstedev\u00e6relsen av Portugisisk Caravel (Physalia\" \/>\n<meta property=\"og:url\" content=\"https:\/\/nordnesrepublikken.no\/index.php\/2025\/08\/28\/statistikken-og-kartet-over-observasjoner\/\" \/>\n<meta property=\"og:site_name\" content=\"Nordnesrepublikken\" \/>\n<meta property=\"article:published_time\" content=\"2025-08-28T04:49:35+00:00\" \/>\n<meta property=\"article:modified_time\" content=\"2025-08-28T04:49:51+00:00\" \/>\n<meta property=\"og:image\" content=\"https:\/\/nordnesrepublikken.no\/wp-content\/uploads\/2025\/08\/1756356576_Statistikken-og-kartet-over-observasjoner-scaled.jpg\" \/>\n\t<meta property=\"og:image:width\" content=\"2560\" \/>\n\t<meta property=\"og:image:height\" content=\"1707\" \/>\n\t<meta property=\"og:image:type\" content=\"image\/jpeg\" \/>\n<meta name=\"author\" content=\"Ole Andersen\" \/>\n<meta name=\"twitter:card\" content=\"summary_large_image\" \/>\n<meta name=\"twitter:label1\" content=\"Skrevet av\" \/>\n\t<meta name=\"twitter:data1\" content=\"Ole Andersen\" \/>\n\t<meta name=\"twitter:label2\" content=\"Ansl. lesetid\" \/>\n\t<meta name=\"twitter:data2\" content=\"3 minutter\" \/>\n<script type=\"application\/ld+json\" class=\"yoast-schema-graph\">{\"@context\":\"https:\/\/schema.org\",\"@graph\":[{\"@type\":\"Article\",\"@id\":\"https:\/\/nordnesrepublikken.no\/index.php\/2025\/08\/28\/statistikken-og-kartet-over-observasjoner\/#article\",\"isPartOf\":{\"@id\":\"https:\/\/nordnesrepublikken.no\/index.php\/2025\/08\/28\/statistikken-og-kartet-over-observasjoner\/\"},\"author\":{\"name\":\"Ole Andersen\",\"@id\":\"https:\/\/nordnesrepublikken.no\/#\/schema\/person\/2e7e81935bab77882fffb79296240ff1\"},\"headline\":\"Statistikken og kartet over observasjoner\",\"datePublished\":\"2025-08-28T04:49:35+00:00\",\"dateModified\":\"2025-08-28T04:49:51+00:00\",\"mainEntityOfPage\":{\"@id\":\"https:\/\/nordnesrepublikken.no\/index.php\/2025\/08\/28\/statistikken-og-kartet-over-observasjoner\/\"},\"wordCount\":701,\"publisher\":{\"@id\":\"https:\/\/nordnesrepublikken.no\/#organization\"},\"image\":{\"@id\":\"https:\/\/nordnesrepublikken.no\/index.php\/2025\/08\/28\/statistikken-og-kartet-over-observasjoner\/#primaryimage\"},\"thumbnailUrl\":\"https:\/\/nordnesrepublikken.no\/wp-content\/uploads\/2025\/08\/1756356576_Statistikken-og-kartet-over-observasjoner-scaled.jpg\",\"keywords\":[\"kartet\",\"observasjoner\",\"statistikken\"],\"articleSection\":[\"Vitenskap\"],\"inLanguage\":\"nb-NO\"},{\"@type\":\"WebPage\",\"@id\":\"https:\/\/nordnesrepublikken.no\/index.php\/2025\/08\/28\/statistikken-og-kartet-over-observasjoner\/\",\"url\":\"https:\/\/nordnesrepublikken.no\/index.php\/2025\/08\/28\/statistikken-og-kartet-over-observasjoner\/\",\"name\":\"Statistikken og kartet over observasjoner - Nordnesrepublikken\",\"isPartOf\":{\"@id\":\"https:\/\/nordnesrepublikken.no\/#website\"},\"primaryImageOfPage\":{\"@id\":\"https:\/\/nordnesrepublikken.no\/index.php\/2025\/08\/28\/statistikken-og-kartet-over-observasjoner\/#primaryimage\"},\"image\":{\"@id\":\"https:\/\/nordnesrepublikken.no\/index.php\/2025\/08\/28\/statistikken-og-kartet-over-observasjoner\/#primaryimage\"},\"thumbnailUrl\":\"https:\/\/nordnesrepublikken.no\/wp-content\/uploads\/2025\/08\/1756356576_Statistikken-og-kartet-over-observasjoner-scaled.jpg\",\"datePublished\":\"2025-08-28T04:49:35+00:00\",\"dateModified\":\"2025-08-28T04:49:51+00:00\",\"breadcrumb\":{\"@id\":\"https:\/\/nordnesrepublikken.no\/index.php\/2025\/08\/28\/statistikken-og-kartet-over-observasjoner\/#breadcrumb\"},\"inLanguage\":\"nb-NO\",\"potentialAction\":[{\"@type\":\"ReadAction\",\"target\":[\"https:\/\/nordnesrepublikken.no\/index.php\/2025\/08\/28\/statistikken-og-kartet-over-observasjoner\/\"]}]},{\"@type\":\"ImageObject\",\"inLanguage\":\"nb-NO\",\"@id\":\"https:\/\/nordnesrepublikken.no\/index.php\/2025\/08\/28\/statistikken-og-kartet-over-observasjoner\/#primaryimage\",\"url\":\"https:\/\/nordnesrepublikken.no\/wp-content\/uploads\/2025\/08\/1756356576_Statistikken-og-kartet-over-observasjoner-scaled.jpg\",\"contentUrl\":\"https:\/\/nordnesrepublikken.no\/wp-content\/uploads\/2025\/08\/1756356576_Statistikken-og-kartet-over-observasjoner-scaled.jpg\",\"width\":2560,\"height\":1707,\"caption\":\"caravella portoghese\"},{\"@type\":\"BreadcrumbList\",\"@id\":\"https:\/\/nordnesrepublikken.no\/index.php\/2025\/08\/28\/statistikken-og-kartet-over-observasjoner\/#breadcrumb\",\"itemListElement\":[{\"@type\":\"ListItem\",\"position\":1,\"name\":\"Home\",\"item\":\"https:\/\/nordnesrepublikken.no\/\"},{\"@type\":\"ListItem\",\"position\":2,\"name\":\"Statistikken og kartet over observasjoner\"}]},{\"@type\":\"WebSite\",\"@id\":\"https:\/\/nordnesrepublikken.no\/#website\",\"url\":\"https:\/\/nordnesrepublikken.no\/\",\"name\":\"Nordnesrepublikken\",\"description\":\"Stemmer og Visjoner fra Republikkens Hjerte\",\"publisher\":{\"@id\":\"https:\/\/nordnesrepublikken.no\/#organization\"},\"potentialAction\":[{\"@type\":\"SearchAction\",\"target\":{\"@type\":\"EntryPoint\",\"urlTemplate\":\"https:\/\/nordnesrepublikken.no\/?s={search_term_string}\"},\"query-input\":{\"@type\":\"PropertyValueSpecification\",\"valueRequired\":true,\"valueName\":\"search_term_string\"}}],\"inLanguage\":\"nb-NO\"},{\"@type\":\"Organization\",\"@id\":\"https:\/\/nordnesrepublikken.no\/#organization\",\"name\":\"Nordnesrepublikken\",\"url\":\"https:\/\/nordnesrepublikken.no\/\",\"logo\":{\"@type\":\"ImageObject\",\"inLanguage\":\"nb-NO\",\"@id\":\"https:\/\/nordnesrepublikken.no\/#\/schema\/logo\/image\/\",\"url\":\"https:\/\/nordnesrepublikken.no\/wp-content\/uploads\/2025\/02\/cropped-nordnesrepublikken-2.png\",\"contentUrl\":\"https:\/\/nordnesrepublikken.no\/wp-content\/uploads\/2025\/02\/cropped-nordnesrepublikken-2.png\",\"width\":1248,\"height\":362,\"caption\":\"Nordnesrepublikken\"},\"image\":{\"@id\":\"https:\/\/nordnesrepublikken.no\/#\/schema\/logo\/image\/\"}},{\"@type\":\"Person\",\"@id\":\"https:\/\/nordnesrepublikken.no\/#\/schema\/person\/2e7e81935bab77882fffb79296240ff1\",\"name\":\"Ole Andersen\",\"image\":{\"@type\":\"ImageObject\",\"inLanguage\":\"nb-NO\",\"@id\":\"https:\/\/nordnesrepublikken.no\/#\/schema\/person\/image\/\",\"url\":\"https:\/\/nordnesrepublikken.no\/wp-content\/uploads\/2025\/02\/nordnesrepublikken-2-2-150x150.jpg\",\"contentUrl\":\"https:\/\/nordnesrepublikken.no\/wp-content\/uploads\/2025\/02\/nordnesrepublikken-2-2-150x150.jpg\",\"caption\":\"Ole Andersen\"},\"description\":\"Ettersom jeg vokste opp i Oslo, har jeg alltid v\u00e6rt fascinert av ordenes kraft og deres evne til \u00e5 skape endringer. Etter \u00e5 ha fullf\u00f8rt min utdannelse i kommunikasjon ved Universitetet i Bergen, fikk jeg muligheten til \u00e5 jobbe innen ulike medier, der jeg har s\u00f8kt \u00e5 belyse viktige samfunnssp\u00f8rsm\u00e5l. I dag, som redakt\u00f8r for Nordnesrepublikken, pr\u00f8ver jeg \u00e5 forene min kj\u00e6rlighet for journalistikk med min lidenskap for innovasjon og eventyr.\",\"sameAs\":[\"https:\/\/nordnesrepublikken.no\/\"]}]}<\/script>\n<!-- \/ Yoast SEO plugin. -->","yoast_head_json":{"title":"Statistikken og kartet over observasjoner - Nordnesrepublikken","robots":{"index":"index","follow":"follow","max-snippet":"max-snippet:-1","max-image-preview":"max-image-preview:large","max-video-preview":"max-video-preview:-1"},"canonical":"https:\/\/nordnesrepublikken.no\/index.php\/2025\/08\/28\/statistikken-og-kartet-over-observasjoner\/","og_locale":"nb_NO","og_type":"article","og_title":"Statistikken og kartet over observasjoner - Nordnesrepublikken","og_description":"Hvert \u00e5r dukker det opp en &laquo;alarm&raquo; p\u00e5 grunn av tilstedev\u00e6relsen av Portugisisk Caravel (Physalia","og_url":"https:\/\/nordnesrepublikken.no\/index.php\/2025\/08\/28\/statistikken-og-kartet-over-observasjoner\/","og_site_name":"Nordnesrepublikken","article_published_time":"2025-08-28T04:49:35+00:00","article_modified_time":"2025-08-28T04:49:51+00:00","og_image":[{"width":2560,"height":1707,"url":"https:\/\/nordnesrepublikken.no\/wp-content\/uploads\/2025\/08\/1756356576_Statistikken-og-kartet-over-observasjoner-scaled.jpg","type":"image\/jpeg"}],"author":"Ole Andersen","twitter_card":"summary_large_image","twitter_misc":{"Skrevet av":"Ole Andersen","Ansl. lesetid":"3 minutter"},"schema":{"@context":"https:\/\/schema.org","@graph":[{"@type":"Article","@id":"https:\/\/nordnesrepublikken.no\/index.php\/2025\/08\/28\/statistikken-og-kartet-over-observasjoner\/#article","isPartOf":{"@id":"https:\/\/nordnesrepublikken.no\/index.php\/2025\/08\/28\/statistikken-og-kartet-over-observasjoner\/"},"author":{"name":"Ole Andersen","@id":"https:\/\/nordnesrepublikken.no\/#\/schema\/person\/2e7e81935bab77882fffb79296240ff1"},"headline":"Statistikken og kartet over observasjoner","datePublished":"2025-08-28T04:49:35+00:00","dateModified":"2025-08-28T04:49:51+00:00","mainEntityOfPage":{"@id":"https:\/\/nordnesrepublikken.no\/index.php\/2025\/08\/28\/statistikken-og-kartet-over-observasjoner\/"},"wordCount":701,"publisher":{"@id":"https:\/\/nordnesrepublikken.no\/#organization"},"image":{"@id":"https:\/\/nordnesrepublikken.no\/index.php\/2025\/08\/28\/statistikken-og-kartet-over-observasjoner\/#primaryimage"},"thumbnailUrl":"https:\/\/nordnesrepublikken.no\/wp-content\/uploads\/2025\/08\/1756356576_Statistikken-og-kartet-over-observasjoner-scaled.jpg","keywords":["kartet","observasjoner","statistikken"],"articleSection":["Vitenskap"],"inLanguage":"nb-NO"},{"@type":"WebPage","@id":"https:\/\/nordnesrepublikken.no\/index.php\/2025\/08\/28\/statistikken-og-kartet-over-observasjoner\/","url":"https:\/\/nordnesrepublikken.no\/index.php\/2025\/08\/28\/statistikken-og-kartet-over-observasjoner\/","name":"Statistikken og kartet over observasjoner - Nordnesrepublikken","isPartOf":{"@id":"https:\/\/nordnesrepublikken.no\/#website"},"primaryImageOfPage":{"@id":"https:\/\/nordnesrepublikken.no\/index.php\/2025\/08\/28\/statistikken-og-kartet-over-observasjoner\/#primaryimage"},"image":{"@id":"https:\/\/nordnesrepublikken.no\/index.php\/2025\/08\/28\/statistikken-og-kartet-over-observasjoner\/#primaryimage"},"thumbnailUrl":"https:\/\/nordnesrepublikken.no\/wp-content\/uploads\/2025\/08\/1756356576_Statistikken-og-kartet-over-observasjoner-scaled.jpg","datePublished":"2025-08-28T04:49:35+00:00","dateModified":"2025-08-28T04:49:51+00:00","breadcrumb":{"@id":"https:\/\/nordnesrepublikken.no\/index.php\/2025\/08\/28\/statistikken-og-kartet-over-observasjoner\/#breadcrumb"},"inLanguage":"nb-NO","potentialAction":[{"@type":"ReadAction","target":["https:\/\/nordnesrepublikken.no\/index.php\/2025\/08\/28\/statistikken-og-kartet-over-observasjoner\/"]}]},{"@type":"ImageObject","inLanguage":"nb-NO","@id":"https:\/\/nordnesrepublikken.no\/index.php\/2025\/08\/28\/statistikken-og-kartet-over-observasjoner\/#primaryimage","url":"https:\/\/nordnesrepublikken.no\/wp-content\/uploads\/2025\/08\/1756356576_Statistikken-og-kartet-over-observasjoner-scaled.jpg","contentUrl":"https:\/\/nordnesrepublikken.no\/wp-content\/uploads\/2025\/08\/1756356576_Statistikken-og-kartet-over-observasjoner-scaled.jpg","width":2560,"height":1707,"caption":"caravella portoghese"},{"@type":"BreadcrumbList","@id":"https:\/\/nordnesrepublikken.no\/index.php\/2025\/08\/28\/statistikken-og-kartet-over-observasjoner\/#breadcrumb","itemListElement":[{"@type":"ListItem","position":1,"name":"Home","item":"https:\/\/nordnesrepublikken.no\/"},{"@type":"ListItem","position":2,"name":"Statistikken og kartet over observasjoner"}]},{"@type":"WebSite","@id":"https:\/\/nordnesrepublikken.no\/#website","url":"https:\/\/nordnesrepublikken.no\/","name":"Nordnesrepublikken","description":"Stemmer og Visjoner fra Republikkens Hjerte","publisher":{"@id":"https:\/\/nordnesrepublikken.no\/#organization"},"potentialAction":[{"@type":"SearchAction","target":{"@type":"EntryPoint","urlTemplate":"https:\/\/nordnesrepublikken.no\/?s={search_term_string}"},"query-input":{"@type":"PropertyValueSpecification","valueRequired":true,"valueName":"search_term_string"}}],"inLanguage":"nb-NO"},{"@type":"Organization","@id":"https:\/\/nordnesrepublikken.no\/#organization","name":"Nordnesrepublikken","url":"https:\/\/nordnesrepublikken.no\/","logo":{"@type":"ImageObject","inLanguage":"nb-NO","@id":"https:\/\/nordnesrepublikken.no\/#\/schema\/logo\/image\/","url":"https:\/\/nordnesrepublikken.no\/wp-content\/uploads\/2025\/02\/cropped-nordnesrepublikken-2.png","contentUrl":"https:\/\/nordnesrepublikken.no\/wp-content\/uploads\/2025\/02\/cropped-nordnesrepublikken-2.png","width":1248,"height":362,"caption":"Nordnesrepublikken"},"image":{"@id":"https:\/\/nordnesrepublikken.no\/#\/schema\/logo\/image\/"}},{"@type":"Person","@id":"https:\/\/nordnesrepublikken.no\/#\/schema\/person\/2e7e81935bab77882fffb79296240ff1","name":"Ole Andersen","image":{"@type":"ImageObject","inLanguage":"nb-NO","@id":"https:\/\/nordnesrepublikken.no\/#\/schema\/person\/image\/","url":"https:\/\/nordnesrepublikken.no\/wp-content\/uploads\/2025\/02\/nordnesrepublikken-2-2-150x150.jpg","contentUrl":"https:\/\/nordnesrepublikken.no\/wp-content\/uploads\/2025\/02\/nordnesrepublikken-2-2-150x150.jpg","caption":"Ole Andersen"},"description":"Ettersom jeg vokste opp i Oslo, har jeg alltid v\u00e6rt fascinert av ordenes kraft og deres evne til \u00e5 skape endringer. Etter \u00e5 ha fullf\u00f8rt min utdannelse i kommunikasjon ved Universitetet i Bergen, fikk jeg muligheten til \u00e5 jobbe innen ulike medier, der jeg har s\u00f8kt \u00e5 belyse viktige samfunnssp\u00f8rsm\u00e5l. I dag, som redakt\u00f8r for Nordnesrepublikken, pr\u00f8ver jeg \u00e5 forene min kj\u00e6rlighet for journalistikk med min lidenskap for innovasjon og eventyr.","sameAs":["https:\/\/nordnesrepublikken.no\/"]}]}},"_links":{"self":[{"href":"https:\/\/nordnesrepublikken.no\/index.php\/wp-json\/wp\/v2\/posts\/8845","targetHints":{"allow":["GET"]}}],"collection":[{"href":"https:\/\/nordnesrepublikken.no\/index.php\/wp-json\/wp\/v2\/posts"}],"about":[{"href":"https:\/\/nordnesrepublikken.no\/index.php\/wp-json\/wp\/v2\/types\/post"}],"author":[{"embeddable":true,"href":"https:\/\/nordnesrepublikken.no\/index.php\/wp-json\/wp\/v2\/users\/1"}],"replies":[{"embeddable":true,"href":"https:\/\/nordnesrepublikken.no\/index.php\/wp-json\/wp\/v2\/comments?post=8845"}],"version-history":[{"count":1,"href":"https:\/\/nordnesrepublikken.no\/index.php\/wp-json\/wp\/v2\/posts\/8845\/revisions"}],"predecessor-version":[{"id":8847,"href":"https:\/\/nordnesrepublikken.no\/index.php\/wp-json\/wp\/v2\/posts\/8845\/revisions\/8847"}],"wp:featuredmedia":[{"embeddable":true,"href":"https:\/\/nordnesrepublikken.no\/index.php\/wp-json\/wp\/v2\/media\/8846"}],"wp:attachment":[{"href":"https:\/\/nordnesrepublikken.no\/index.php\/wp-json\/wp\/v2\/media?parent=8845"}],"wp:term":[{"taxonomy":"category","embeddable":true,"href":"https:\/\/nordnesrepublikken.no\/index.php\/wp-json\/wp\/v2\/categories?post=8845"},{"taxonomy":"post_tag","embeddable":true,"href":"https:\/\/nordnesrepublikken.no\/index.php\/wp-json\/wp\/v2\/tags?post=8845"}],"curies":[{"name":"wp","href":"https:\/\/api.w.org\/{rel}","templated":true}]}}