{"id":8842,"date":"2025-08-28T02:50:06","date_gmt":"2025-08-28T00:50:06","guid":{"rendered":"https:\/\/nordnesrepublikken.no\/index.php\/2025\/08\/28\/orient-express-sileneas-setter-seil-juni-2026\/"},"modified":"2025-08-28T02:50:07","modified_gmt":"2025-08-28T00:50:07","slug":"orient-express-sileneas-setter-seil-juni-2026","status":"publish","type":"post","link":"https:\/\/nordnesrepublikken.no\/index.php\/2025\/08\/28\/orient-express-sileneas-setter-seil-juni-2026\/","title":{"rendered":"Orient Express Sileneas setter seil juni 2026"},"content":{"rendered":"<p><\/p>\n<div class=\"wordpress-content\">\n                    <!-- Article Start --><\/p>\n<p class=\"p1\"><strong>Det ser ut til at den luksuri\u00f8se Orient Express ikke bare kommer tilbake til skinnene neste \u00e5r; Det kartlegger ogs\u00e5 en dristig ny kurs over hele verdens hav. Orient Express Sileneas Superyacht tar sikte p\u00e5 \u00e5 bringe den samme elegansen, raffinementet og eksklusiviteten som har definert merkevaren i over et \u00e5rhundre, og gir passasjerer en virkelig unik maritim opplevelse.<\/strong><\/p>\n<p class=\"p1\">P\u00e5 220 meter lang er Silensas satt til \u00e5 bli den st\u00f8rste seilende yachten i verden, og overg\u00e5r alle eksisterende fart\u00f8yer i lengde og skala. Med bare 54 suiter tilbyr yachten et niv\u00e5 av privatliv og personlig service som langt overg\u00e5r de fleste tradisjonelle cruiseskip. Hver suite er omhyggelig designet for \u00e5 blande klassisk luksus med moderne komfort, og skaper en atmosf\u00e6re som minner om gullalderen til den franske rivieraen. Juvelen i kronen er Presidential Suite, med en privat terrasse, ekspansive oppholdsrom og skreddersydde m\u00f8bler som fremkaller elegansen til Orient Express Train -vogner som ble brakt til liv til sj\u00f8s.<\/p>\n<p class=\"p1\">Livet ombord er en feiring av fritid og overb\u00e6renhet. Sileneas kan skilte med to sv\u00f8mmebassenger, slik at passasjerene kan slappe av mens de nyter panoramautsikt over havet. Kulinariske opplevelser tar sentrum, med to fine restauranter som serverer menyer inspirert av de bes\u00f8kte regionene. Gjestene kan nippe til cocktailer i en bar i speaker-stil, fange forestillinger i Amphitheatre-Cabaret, eller dra nytte av det private innspillingsstudioet, en sjelden funksjon p\u00e5 hvilken som helst yacht. Det ombord spa tilbyr foryngende behandlinger, mens vannsportanlegg gir muligheter for eventyr under stopp p\u00e5 tropiske destinasjoner.<\/p>\n<div class=\"sra_unit\"><link rel=\"stylesheet\" id=\"block-sra\" href=\"https:\/\/euroweeklynews.com\/wp-content\/plugins\/snack-related-articles\/dist\/css\/snack-related.min.css?250312-193541\" type=\"text\/css\" media=\"all\">\n<\/div>\n<p class=\"p1\">Det som gj\u00f8r silensaene spesielt bemerkelsesverdig er ekteskapet med luksus med b\u00e6rekraft. De tre ruvende solids-riggene, hver over 300 fot h\u00f8y, lar yachten reise f\u00f8rst og fremst under vindkraft, og kombinerer storhet med \u00f8kobevisst innovasjon. Et hybrid fremdriftssystem drevet av flytende naturgass (LNG) kompletterer seilene, noe som muliggj\u00f8r effektiv, milj\u00f8vennlig cruising. Disse innovative funksjonene sikrer at passasjerer kan glede seg over en luksuri\u00f8s seilas mens de reduserer milj\u00f8p\u00e5virkningen, en stadig viktigere vurdering i verden av high-end reiser.<\/p>\n<p class=\"p1\">Yachten er designet ikke bare som transport, men som en destinasjon i seg selv. Hver detalj, fra interi\u00f8rdesign til valg av materialer, belysning og teksturer, har blitt n\u00f8ye ansett for \u00e5 gi en oppslukende opplevelse. Personalet er oppl\u00e6rt til \u00e5 levere service p\u00e5 niv\u00e5 med de fineste hotellene, og tilbyr gjester skreddersydde opplevelser, enten det er en privat middag p\u00e5 dekk, skreddersydde utflukter eller personaliserte velv\u00e6reprogrammer. Pikesesongen skal etter planen begynne i juni 2026, og begynner i Middelhavet. Passasjerer kan forvente \u00e5 bes\u00f8ke ikoniske kystdestinasjoner som den franske rivieraen, Amalfikysten og Adriaterhavet, og opplever b\u00e5de glamouren til historiske havner og roen til bortgjemte vekker. I vinterhalv\u00e5ret vil Silensas g\u00e5 over til Karibia, og tilbyr 14-netters transatlantiske seilaser og \u00f8yhoppende reiseruter til solfylte steder, og kombinerer eventyr med komfort og luksus.<\/p>\n<p class=\"p1\">Utover sine fysiske attributter representerer Orient Express Sileneas utviklingen av selve merket. Orient Express er kjent for \u00e5 lage reiser som handler like mye om opplevelsen som destinasjonen, og har utvidet denne filosofien til havene. Passasjerer blir ikke bare fraktet fra port til port; De er fordypet i en reise der alle aspekter, fra servering til underholdning til utflukter, har blitt kuratert for \u00e5 gjenspeile elegansen, foredlingen og oppmerksomheten p\u00e5 detaljer om merkevaren blir feiret for.<\/p>\n<p class=\"p1\">Silensas forventes \u00e5 appellere til en ny generasjon reisende: de som verdsetter eksklusivitet, komfort og eksepsjonell service, samtidig som de s\u00f8ker b\u00e6rekraftige og innovative reiseopplevelser. Den kombinerer arv med banebrytende teknologi, og tilbyr et luksuri\u00f8st og milj\u00f8ansvarlig alternativ til tradisjonell cruising. For de som er vant til det legendariske Orient Express -toget, gir Silensas en lignende f\u00f8lelse av oppdagelse, forventning og overb\u00e6renhet, bare i global skala. Det lover en reise der selve reisen er like minneverdig som destinasjonene, og der gjestene kan oppleve en livsstil som en gang er forbeholdt royalty og eliten. I et reiselandskap som i \u00f8kende grad domineres av store cruiseforinger, st\u00e5r Orient Express Sileneas fra hverandre som et fyrt\u00e5rn for personlig, raffinert og b\u00e6rekraftig luksus. For reisende som er ivrige etter \u00e5 oppleve eleganse p\u00e5 det \u00e5pne vannet, er det innstilt p\u00e5 \u00e5 bli den ultimate flukten med h\u00f8y seter n\u00e5r det setter seil neste \u00e5r.<\/p>\n<p>                    <!-- This article has been originally published at https:\/\/euroweeklynews.com\/2025\/08\/28\/orient-express-silenseas-sets-sail-june-2026\/ on 28 Aug 2025 at 0:21 by Molly Grace --><br \/>\n                    <!-- Article End -->\n                <\/div>\n","protected":false},"excerpt":{"rendered":"<p>Det ser ut til at den luksuri\u00f8se Orient Express ikke bare kommer tilbake til skinnene<\/p>\n","protected":false},"author":1,"featured_media":8843,"comment_status":"closed","ping_status":"open","sticky":false,"template":"","format":"standard","meta":{"footnotes":""},"categories":[105],"tags":[5797,2333,5796,5799,2747,5798],"class_list":["post-8842","post","type-post","status-publish","format-standard","has-post-thumbnail","hentry","category-livsstil","tag-express","tag-juni","tag-orient","tag-seil","tag-setter","tag-sileneas","generate-columns","tablet-grid-50","mobile-grid-100","grid-parent","grid-33","resize-featured-image"],"yoast_head":"<!-- This site is optimized with the Yoast SEO plugin v24.4 - https:\/\/yoast.com\/wordpress\/plugins\/seo\/ -->\n<title>Orient Express Sileneas setter seil juni 2026 - Nordnesrepublikken<\/title>\n<meta name=\"robots\" content=\"index, follow, max-snippet:-1, max-image-preview:large, max-video-preview:-1\" \/>\n<link rel=\"canonical\" href=\"https:\/\/nordnesrepublikken.no\/index.php\/2025\/08\/28\/orient-express-sileneas-setter-seil-juni-2026\/\" \/>\n<meta property=\"og:locale\" content=\"nb_NO\" \/>\n<meta property=\"og:type\" content=\"article\" \/>\n<meta property=\"og:title\" content=\"Orient Express Sileneas setter seil juni 2026 - Nordnesrepublikken\" \/>\n<meta property=\"og:description\" content=\"Det ser ut til at den luksuri\u00f8se Orient Express ikke bare kommer tilbake til skinnene\" \/>\n<meta property=\"og:url\" content=\"https:\/\/nordnesrepublikken.no\/index.php\/2025\/08\/28\/orient-express-sileneas-setter-seil-juni-2026\/\" \/>\n<meta property=\"og:site_name\" content=\"Nordnesrepublikken\" \/>\n<meta property=\"article:published_time\" content=\"2025-08-28T00:50:06+00:00\" \/>\n<meta property=\"article:modified_time\" content=\"2025-08-28T00:50:07+00:00\" \/>\n<meta property=\"og:image\" content=\"https:\/\/nordnesrepublikken.no\/wp-content\/uploads\/2025\/08\/1756342206_Orient-Express-Sileneas-setter-seil-juni-2026.jpg\" \/>\n\t<meta property=\"og:image:width\" content=\"1200\" \/>\n\t<meta property=\"og:image:height\" content=\"800\" \/>\n\t<meta property=\"og:image:type\" content=\"image\/jpeg\" \/>\n<meta name=\"author\" content=\"Ole Andersen\" \/>\n<meta name=\"twitter:card\" content=\"summary_large_image\" \/>\n<meta name=\"twitter:label1\" content=\"Skrevet av\" \/>\n\t<meta name=\"twitter:data1\" content=\"Ole Andersen\" \/>\n\t<meta name=\"twitter:label2\" content=\"Ansl. lesetid\" \/>\n\t<meta name=\"twitter:data2\" content=\"4 minutter\" \/>\n<script type=\"application\/ld+json\" class=\"yoast-schema-graph\">{\"@context\":\"https:\/\/schema.org\",\"@graph\":[{\"@type\":\"Article\",\"@id\":\"https:\/\/nordnesrepublikken.no\/index.php\/2025\/08\/28\/orient-express-sileneas-setter-seil-juni-2026\/#article\",\"isPartOf\":{\"@id\":\"https:\/\/nordnesrepublikken.no\/index.php\/2025\/08\/28\/orient-express-sileneas-setter-seil-juni-2026\/\"},\"author\":{\"name\":\"Ole Andersen\",\"@id\":\"https:\/\/nordnesrepublikken.no\/#\/schema\/person\/2e7e81935bab77882fffb79296240ff1\"},\"headline\":\"Orient Express Sileneas setter seil juni 2026\",\"datePublished\":\"2025-08-28T00:50:06+00:00\",\"dateModified\":\"2025-08-28T00:50:07+00:00\",\"mainEntityOfPage\":{\"@id\":\"https:\/\/nordnesrepublikken.no\/index.php\/2025\/08\/28\/orient-express-sileneas-setter-seil-juni-2026\/\"},\"wordCount\":710,\"publisher\":{\"@id\":\"https:\/\/nordnesrepublikken.no\/#organization\"},\"image\":{\"@id\":\"https:\/\/nordnesrepublikken.no\/index.php\/2025\/08\/28\/orient-express-sileneas-setter-seil-juni-2026\/#primaryimage\"},\"thumbnailUrl\":\"https:\/\/nordnesrepublikken.no\/wp-content\/uploads\/2025\/08\/1756342206_Orient-Express-Sileneas-setter-seil-juni-2026.jpg\",\"keywords\":[\"Express\",\"juni\",\"Orient\",\"seil\",\"setter\",\"Sileneas\"],\"articleSection\":[\"Livsstil\"],\"inLanguage\":\"nb-NO\"},{\"@type\":\"WebPage\",\"@id\":\"https:\/\/nordnesrepublikken.no\/index.php\/2025\/08\/28\/orient-express-sileneas-setter-seil-juni-2026\/\",\"url\":\"https:\/\/nordnesrepublikken.no\/index.php\/2025\/08\/28\/orient-express-sileneas-setter-seil-juni-2026\/\",\"name\":\"Orient Express Sileneas setter seil juni 2026 - Nordnesrepublikken\",\"isPartOf\":{\"@id\":\"https:\/\/nordnesrepublikken.no\/#website\"},\"primaryImageOfPage\":{\"@id\":\"https:\/\/nordnesrepublikken.no\/index.php\/2025\/08\/28\/orient-express-sileneas-setter-seil-juni-2026\/#primaryimage\"},\"image\":{\"@id\":\"https:\/\/nordnesrepublikken.no\/index.php\/2025\/08\/28\/orient-express-sileneas-setter-seil-juni-2026\/#primaryimage\"},\"thumbnailUrl\":\"https:\/\/nordnesrepublikken.no\/wp-content\/uploads\/2025\/08\/1756342206_Orient-Express-Sileneas-setter-seil-juni-2026.jpg\",\"datePublished\":\"2025-08-28T00:50:06+00:00\",\"dateModified\":\"2025-08-28T00:50:07+00:00\",\"breadcrumb\":{\"@id\":\"https:\/\/nordnesrepublikken.no\/index.php\/2025\/08\/28\/orient-express-sileneas-setter-seil-juni-2026\/#breadcrumb\"},\"inLanguage\":\"nb-NO\",\"potentialAction\":[{\"@type\":\"ReadAction\",\"target\":[\"https:\/\/nordnesrepublikken.no\/index.php\/2025\/08\/28\/orient-express-sileneas-setter-seil-juni-2026\/\"]}]},{\"@type\":\"ImageObject\",\"inLanguage\":\"nb-NO\",\"@id\":\"https:\/\/nordnesrepublikken.no\/index.php\/2025\/08\/28\/orient-express-sileneas-setter-seil-juni-2026\/#primaryimage\",\"url\":\"https:\/\/nordnesrepublikken.no\/wp-content\/uploads\/2025\/08\/1756342206_Orient-Express-Sileneas-setter-seil-juni-2026.jpg\",\"contentUrl\":\"https:\/\/nordnesrepublikken.no\/wp-content\/uploads\/2025\/08\/1756342206_Orient-Express-Sileneas-setter-seil-juni-2026.jpg\",\"width\":1200,\"height\":800,\"caption\":\"Orient Express Sileneas setter seil juni 2026\"},{\"@type\":\"BreadcrumbList\",\"@id\":\"https:\/\/nordnesrepublikken.no\/index.php\/2025\/08\/28\/orient-express-sileneas-setter-seil-juni-2026\/#breadcrumb\",\"itemListElement\":[{\"@type\":\"ListItem\",\"position\":1,\"name\":\"Home\",\"item\":\"https:\/\/nordnesrepublikken.no\/\"},{\"@type\":\"ListItem\",\"position\":2,\"name\":\"Orient Express Sileneas setter seil juni 2026\"}]},{\"@type\":\"WebSite\",\"@id\":\"https:\/\/nordnesrepublikken.no\/#website\",\"url\":\"https:\/\/nordnesrepublikken.no\/\",\"name\":\"Nordnesrepublikken\",\"description\":\"Stemmer og Visjoner fra Republikkens Hjerte\",\"publisher\":{\"@id\":\"https:\/\/nordnesrepublikken.no\/#organization\"},\"potentialAction\":[{\"@type\":\"SearchAction\",\"target\":{\"@type\":\"EntryPoint\",\"urlTemplate\":\"https:\/\/nordnesrepublikken.no\/?s={search_term_string}\"},\"query-input\":{\"@type\":\"PropertyValueSpecification\",\"valueRequired\":true,\"valueName\":\"search_term_string\"}}],\"inLanguage\":\"nb-NO\"},{\"@type\":\"Organization\",\"@id\":\"https:\/\/nordnesrepublikken.no\/#organization\",\"name\":\"Nordnesrepublikken\",\"url\":\"https:\/\/nordnesrepublikken.no\/\",\"logo\":{\"@type\":\"ImageObject\",\"inLanguage\":\"nb-NO\",\"@id\":\"https:\/\/nordnesrepublikken.no\/#\/schema\/logo\/image\/\",\"url\":\"https:\/\/nordnesrepublikken.no\/wp-content\/uploads\/2025\/02\/cropped-nordnesrepublikken-2.png\",\"contentUrl\":\"https:\/\/nordnesrepublikken.no\/wp-content\/uploads\/2025\/02\/cropped-nordnesrepublikken-2.png\",\"width\":1248,\"height\":362,\"caption\":\"Nordnesrepublikken\"},\"image\":{\"@id\":\"https:\/\/nordnesrepublikken.no\/#\/schema\/logo\/image\/\"}},{\"@type\":\"Person\",\"@id\":\"https:\/\/nordnesrepublikken.no\/#\/schema\/person\/2e7e81935bab77882fffb79296240ff1\",\"name\":\"Ole Andersen\",\"image\":{\"@type\":\"ImageObject\",\"inLanguage\":\"nb-NO\",\"@id\":\"https:\/\/nordnesrepublikken.no\/#\/schema\/person\/image\/\",\"url\":\"https:\/\/nordnesrepublikken.no\/wp-content\/uploads\/2025\/02\/nordnesrepublikken-2-2-150x150.jpg\",\"contentUrl\":\"https:\/\/nordnesrepublikken.no\/wp-content\/uploads\/2025\/02\/nordnesrepublikken-2-2-150x150.jpg\",\"caption\":\"Ole Andersen\"},\"description\":\"Ettersom jeg vokste opp i Oslo, har jeg alltid v\u00e6rt fascinert av ordenes kraft og deres evne til \u00e5 skape endringer. Etter \u00e5 ha fullf\u00f8rt min utdannelse i kommunikasjon ved Universitetet i Bergen, fikk jeg muligheten til \u00e5 jobbe innen ulike medier, der jeg har s\u00f8kt \u00e5 belyse viktige samfunnssp\u00f8rsm\u00e5l. I dag, som redakt\u00f8r for Nordnesrepublikken, pr\u00f8ver jeg \u00e5 forene min kj\u00e6rlighet for journalistikk med min lidenskap for innovasjon og eventyr.\",\"sameAs\":[\"https:\/\/nordnesrepublikken.no\/\"]}]}<\/script>\n<!-- \/ Yoast SEO plugin. -->","yoast_head_json":{"title":"Orient Express Sileneas setter seil juni 2026 - Nordnesrepublikken","robots":{"index":"index","follow":"follow","max-snippet":"max-snippet:-1","max-image-preview":"max-image-preview:large","max-video-preview":"max-video-preview:-1"},"canonical":"https:\/\/nordnesrepublikken.no\/index.php\/2025\/08\/28\/orient-express-sileneas-setter-seil-juni-2026\/","og_locale":"nb_NO","og_type":"article","og_title":"Orient Express Sileneas setter seil juni 2026 - Nordnesrepublikken","og_description":"Det ser ut til at den luksuri\u00f8se Orient Express ikke bare kommer tilbake til skinnene","og_url":"https:\/\/nordnesrepublikken.no\/index.php\/2025\/08\/28\/orient-express-sileneas-setter-seil-juni-2026\/","og_site_name":"Nordnesrepublikken","article_published_time":"2025-08-28T00:50:06+00:00","article_modified_time":"2025-08-28T00:50:07+00:00","og_image":[{"width":1200,"height":800,"url":"https:\/\/nordnesrepublikken.no\/wp-content\/uploads\/2025\/08\/1756342206_Orient-Express-Sileneas-setter-seil-juni-2026.jpg","type":"image\/jpeg"}],"author":"Ole Andersen","twitter_card":"summary_large_image","twitter_misc":{"Skrevet av":"Ole Andersen","Ansl. lesetid":"4 minutter"},"schema":{"@context":"https:\/\/schema.org","@graph":[{"@type":"Article","@id":"https:\/\/nordnesrepublikken.no\/index.php\/2025\/08\/28\/orient-express-sileneas-setter-seil-juni-2026\/#article","isPartOf":{"@id":"https:\/\/nordnesrepublikken.no\/index.php\/2025\/08\/28\/orient-express-sileneas-setter-seil-juni-2026\/"},"author":{"name":"Ole Andersen","@id":"https:\/\/nordnesrepublikken.no\/#\/schema\/person\/2e7e81935bab77882fffb79296240ff1"},"headline":"Orient Express Sileneas setter seil juni 2026","datePublished":"2025-08-28T00:50:06+00:00","dateModified":"2025-08-28T00:50:07+00:00","mainEntityOfPage":{"@id":"https:\/\/nordnesrepublikken.no\/index.php\/2025\/08\/28\/orient-express-sileneas-setter-seil-juni-2026\/"},"wordCount":710,"publisher":{"@id":"https:\/\/nordnesrepublikken.no\/#organization"},"image":{"@id":"https:\/\/nordnesrepublikken.no\/index.php\/2025\/08\/28\/orient-express-sileneas-setter-seil-juni-2026\/#primaryimage"},"thumbnailUrl":"https:\/\/nordnesrepublikken.no\/wp-content\/uploads\/2025\/08\/1756342206_Orient-Express-Sileneas-setter-seil-juni-2026.jpg","keywords":["Express","juni","Orient","seil","setter","Sileneas"],"articleSection":["Livsstil"],"inLanguage":"nb-NO"},{"@type":"WebPage","@id":"https:\/\/nordnesrepublikken.no\/index.php\/2025\/08\/28\/orient-express-sileneas-setter-seil-juni-2026\/","url":"https:\/\/nordnesrepublikken.no\/index.php\/2025\/08\/28\/orient-express-sileneas-setter-seil-juni-2026\/","name":"Orient Express Sileneas setter seil juni 2026 - Nordnesrepublikken","isPartOf":{"@id":"https:\/\/nordnesrepublikken.no\/#website"},"primaryImageOfPage":{"@id":"https:\/\/nordnesrepublikken.no\/index.php\/2025\/08\/28\/orient-express-sileneas-setter-seil-juni-2026\/#primaryimage"},"image":{"@id":"https:\/\/nordnesrepublikken.no\/index.php\/2025\/08\/28\/orient-express-sileneas-setter-seil-juni-2026\/#primaryimage"},"thumbnailUrl":"https:\/\/nordnesrepublikken.no\/wp-content\/uploads\/2025\/08\/1756342206_Orient-Express-Sileneas-setter-seil-juni-2026.jpg","datePublished":"2025-08-28T00:50:06+00:00","dateModified":"2025-08-28T00:50:07+00:00","breadcrumb":{"@id":"https:\/\/nordnesrepublikken.no\/index.php\/2025\/08\/28\/orient-express-sileneas-setter-seil-juni-2026\/#breadcrumb"},"inLanguage":"nb-NO","potentialAction":[{"@type":"ReadAction","target":["https:\/\/nordnesrepublikken.no\/index.php\/2025\/08\/28\/orient-express-sileneas-setter-seil-juni-2026\/"]}]},{"@type":"ImageObject","inLanguage":"nb-NO","@id":"https:\/\/nordnesrepublikken.no\/index.php\/2025\/08\/28\/orient-express-sileneas-setter-seil-juni-2026\/#primaryimage","url":"https:\/\/nordnesrepublikken.no\/wp-content\/uploads\/2025\/08\/1756342206_Orient-Express-Sileneas-setter-seil-juni-2026.jpg","contentUrl":"https:\/\/nordnesrepublikken.no\/wp-content\/uploads\/2025\/08\/1756342206_Orient-Express-Sileneas-setter-seil-juni-2026.jpg","width":1200,"height":800,"caption":"Orient Express Sileneas setter seil juni 2026"},{"@type":"BreadcrumbList","@id":"https:\/\/nordnesrepublikken.no\/index.php\/2025\/08\/28\/orient-express-sileneas-setter-seil-juni-2026\/#breadcrumb","itemListElement":[{"@type":"ListItem","position":1,"name":"Home","item":"https:\/\/nordnesrepublikken.no\/"},{"@type":"ListItem","position":2,"name":"Orient Express Sileneas setter seil juni 2026"}]},{"@type":"WebSite","@id":"https:\/\/nordnesrepublikken.no\/#website","url":"https:\/\/nordnesrepublikken.no\/","name":"Nordnesrepublikken","description":"Stemmer og Visjoner fra Republikkens Hjerte","publisher":{"@id":"https:\/\/nordnesrepublikken.no\/#organization"},"potentialAction":[{"@type":"SearchAction","target":{"@type":"EntryPoint","urlTemplate":"https:\/\/nordnesrepublikken.no\/?s={search_term_string}"},"query-input":{"@type":"PropertyValueSpecification","valueRequired":true,"valueName":"search_term_string"}}],"inLanguage":"nb-NO"},{"@type":"Organization","@id":"https:\/\/nordnesrepublikken.no\/#organization","name":"Nordnesrepublikken","url":"https:\/\/nordnesrepublikken.no\/","logo":{"@type":"ImageObject","inLanguage":"nb-NO","@id":"https:\/\/nordnesrepublikken.no\/#\/schema\/logo\/image\/","url":"https:\/\/nordnesrepublikken.no\/wp-content\/uploads\/2025\/02\/cropped-nordnesrepublikken-2.png","contentUrl":"https:\/\/nordnesrepublikken.no\/wp-content\/uploads\/2025\/02\/cropped-nordnesrepublikken-2.png","width":1248,"height":362,"caption":"Nordnesrepublikken"},"image":{"@id":"https:\/\/nordnesrepublikken.no\/#\/schema\/logo\/image\/"}},{"@type":"Person","@id":"https:\/\/nordnesrepublikken.no\/#\/schema\/person\/2e7e81935bab77882fffb79296240ff1","name":"Ole Andersen","image":{"@type":"ImageObject","inLanguage":"nb-NO","@id":"https:\/\/nordnesrepublikken.no\/#\/schema\/person\/image\/","url":"https:\/\/nordnesrepublikken.no\/wp-content\/uploads\/2025\/02\/nordnesrepublikken-2-2-150x150.jpg","contentUrl":"https:\/\/nordnesrepublikken.no\/wp-content\/uploads\/2025\/02\/nordnesrepublikken-2-2-150x150.jpg","caption":"Ole Andersen"},"description":"Ettersom jeg vokste opp i Oslo, har jeg alltid v\u00e6rt fascinert av ordenes kraft og deres evne til \u00e5 skape endringer. Etter \u00e5 ha fullf\u00f8rt min utdannelse i kommunikasjon ved Universitetet i Bergen, fikk jeg muligheten til \u00e5 jobbe innen ulike medier, der jeg har s\u00f8kt \u00e5 belyse viktige samfunnssp\u00f8rsm\u00e5l. I dag, som redakt\u00f8r for Nordnesrepublikken, pr\u00f8ver jeg \u00e5 forene min kj\u00e6rlighet for journalistikk med min lidenskap for innovasjon og eventyr.","sameAs":["https:\/\/nordnesrepublikken.no\/"]}]}},"_links":{"self":[{"href":"https:\/\/nordnesrepublikken.no\/index.php\/wp-json\/wp\/v2\/posts\/8842","targetHints":{"allow":["GET"]}}],"collection":[{"href":"https:\/\/nordnesrepublikken.no\/index.php\/wp-json\/wp\/v2\/posts"}],"about":[{"href":"https:\/\/nordnesrepublikken.no\/index.php\/wp-json\/wp\/v2\/types\/post"}],"author":[{"embeddable":true,"href":"https:\/\/nordnesrepublikken.no\/index.php\/wp-json\/wp\/v2\/users\/1"}],"replies":[{"embeddable":true,"href":"https:\/\/nordnesrepublikken.no\/index.php\/wp-json\/wp\/v2\/comments?post=8842"}],"version-history":[{"count":1,"href":"https:\/\/nordnesrepublikken.no\/index.php\/wp-json\/wp\/v2\/posts\/8842\/revisions"}],"predecessor-version":[{"id":8844,"href":"https:\/\/nordnesrepublikken.no\/index.php\/wp-json\/wp\/v2\/posts\/8842\/revisions\/8844"}],"wp:featuredmedia":[{"embeddable":true,"href":"https:\/\/nordnesrepublikken.no\/index.php\/wp-json\/wp\/v2\/media\/8843"}],"wp:attachment":[{"href":"https:\/\/nordnesrepublikken.no\/index.php\/wp-json\/wp\/v2\/media?parent=8842"}],"wp:term":[{"taxonomy":"category","embeddable":true,"href":"https:\/\/nordnesrepublikken.no\/index.php\/wp-json\/wp\/v2\/categories?post=8842"},{"taxonomy":"post_tag","embeddable":true,"href":"https:\/\/nordnesrepublikken.no\/index.php\/wp-json\/wp\/v2\/tags?post=8842"}],"curies":[{"name":"wp","href":"https:\/\/api.w.org\/{rel}","templated":true}]}}