{"id":8805,"date":"2025-08-29T08:00:00","date_gmt":"2025-08-29T06:00:00","guid":{"rendered":"https:\/\/nordnesrepublikken.no\/?p=8805"},"modified":"2025-08-27T12:24:28","modified_gmt":"2025-08-27T10:24:28","slug":"klimaendringer-kan-endre-menneskekroppens-storrelse-viser-forskere","status":"publish","type":"post","link":"https:\/\/nordnesrepublikken.no\/index.php\/2025\/08\/29\/klimaendringer-kan-endre-menneskekroppens-storrelse-viser-forskere\/","title":{"rendered":"Klimaendringer kan endre menneskekroppens st\u00f8rrelse, viser forskere"},"content":{"rendered":"\n<p><strong><em>Kan klimaet forme hvordan menneskekroppen ser ut? Nye funn peker p\u00e5 at klimaendringer ikke bare p\u00e5virker naturen rundt oss, men ogs\u00e5 kan ha hatt en direkte innvirkning p\u00e5 kroppsst\u00f8rrelse gjennom millioner av \u00e5r.<\/em><\/strong><\/p>\n\n\n\n<!--more-->\n\n\n\n<h2 class=\"wp-block-heading\">En studie med fossile spor<\/h2>\n\n\n\n<p>En forskergruppe fra Universitetet i Cambridge og Universitetet i T\u00fcbingen har analysert mer enn 300 fossiler fra slekten <strong>Homo<\/strong>, som ogs\u00e5 inkluderer moderne mennesker. Resultatene, publisert i tidsskriftet <em>Nature Communications<\/em>, tyder p\u00e5 at kroppens st\u00f8rrelse har variert i takt med klimaet.<\/p>\n\n\n\n<p>Forskerne kartla hvilke temperaturer og klimaforhold de ulike fossilene levde under. Sammenhengen var tydelig: mennesker som levde i kalde klima hadde <strong><a href=\"https:\/\/nordnesrepublikken.no\/index.php\/2025\/07\/21\/ombyggingsprosjektet-til-pirelli-39-tower-i-milano\/\">st\u00f8rre kropper<\/a><\/strong>, mens de som levde i varmere omr\u00e5der var mindre av vekst.<\/p>\n\n\n\n<h2 class=\"wp-block-heading\">Hvorfor kroppsst\u00f8rrelsen varierer<\/h2>\n\n\n\n<p>If\u00f8lge professor Andrea Manica ved Universitetet i Cambridge kan st\u00f8rre kropper v\u00e6re en fordel i kulde. Jo st\u00f8rre kroppen er, desto mindre overflate har man i forhold til volumet \u2013 og dermed beholdes varmen bedre. Dette prinsippet finnes hos mange dyr, og n\u00e5 har forskerne dokumentert det ogs\u00e5 hos mennesker gjennom historien.<\/p>\n\n\n\n<p>Med andre ord kan <strong>varme<\/strong> og <strong>kulde<\/strong> ha fungert som en evolusjon\u00e6r drivkraft som formet hvordan kroppen v\u00e5r tilpasset seg omgivelsene.<\/p>\n\n\n\n<h2 class=\"wp-block-heading\">Hva med hjernen?<\/h2>\n\n\n\n<p>N\u00e5r det gjelder hjernest\u00f8rrelse, er bildet mer sammensatt. Forskerne fant spor av at klima kan ha spilt en rolle, men sammenhengen var langt svakere. Menneskets <strong><a href=\"https:\/\/nordnesrepublikken.no\/index.php\/2025\/05\/29\/hvor-de-er-og-hvorfor-de-kalles-det\/\">hjerneutvikling<\/a><\/strong> ser ut til \u00e5 ha v\u00e6rt sterkt p\u00e5virket av andre faktorer, som mer komplekse sosiale strukturer, variert kosthold og teknologiske fremskritt.<\/p>\n\n\n\n<p>Dette antyder at mens kroppen har tilpasset seg temperaturer og klima, har hjernen i st\u00f8rre grad utviklet seg som svar p\u00e5 kognitive og kulturelle utfordringer.<\/p>\n\n\n\n<h2 class=\"wp-block-heading\">Ikke bare mennesker p\u00e5virkes<\/h2>\n\n\n\n<p>Studien minner oss om at mennesker ikke er alene om \u00e5 tilpasse seg klimaendringer. Allerede i 2019 viste en amerikansk studie at nordamerikanske <strong><a href=\"https:\/\/nordnesrepublikken.no\/index.php\/2025\/08\/20\/hva-ville-skje-hvis-myggene-forsvant\/\">trekkfugler<\/a><\/strong> hadde krympet i st\u00f8rrelse de siste 40 \u00e5rene \u2013 sannsynligvis som en respons p\u00e5 \u00f8kende temperaturer.<\/p>\n\n\n\n<p>Slike funn peker p\u00e5 en viktig realitet: klimaendringer er ikke bare et sp\u00f8rsm\u00e5l om milj\u00f8 og \u00f8kosystemer, men kan i det lange l\u00f8p ogs\u00e5 forme selve kroppen til de artene som lever i det.<\/p>\n\n\n\n<p><strong>Visste du?<\/strong> Forskere har lenge p\u00e5vist et m\u00f8nster kalt \u00abBergmanns regel\u00bb: dyr i kalde omr\u00e5der har en tendens til \u00e5 v\u00e6re st\u00f8rre enn sine slektninger i varme omr\u00e5der. N\u00e5 ser det ut til at mennesker f\u00f8lger det samme m\u00f8nsteret.<\/p>\n","protected":false},"excerpt":{"rendered":"<p>Kan klimaet forme hvordan menneskekroppen ser ut? Nye funn peker p\u00e5 at klimaendringer ikke bare<\/p>\n","protected":false},"author":4,"featured_media":8806,"comment_status":"closed","ping_status":"open","sticky":false,"template":"","format":"standard","meta":{"footnotes":""},"categories":[1287],"tags":[],"class_list":["post-8805","post","type-post","status-publish","format-standard","has-post-thumbnail","hentry","category-nyheter","generate-columns","tablet-grid-50","mobile-grid-100","grid-parent","grid-33","resize-featured-image"],"yoast_head":"<!-- This site is optimized with the Yoast SEO plugin v24.4 - https:\/\/yoast.com\/wordpress\/plugins\/seo\/ -->\n<title>Klimaendringer kan endre menneskekroppens st\u00f8rrelse, viser forskere - Nordnesrepublikken<\/title>\n<meta name=\"robots\" content=\"index, follow, max-snippet:-1, max-image-preview:large, max-video-preview:-1\" \/>\n<link rel=\"canonical\" href=\"https:\/\/nordnesrepublikken.no\/index.php\/2025\/08\/29\/klimaendringer-kan-endre-menneskekroppens-storrelse-viser-forskere\/\" \/>\n<meta property=\"og:locale\" content=\"nb_NO\" \/>\n<meta property=\"og:type\" content=\"article\" \/>\n<meta property=\"og:title\" content=\"Klimaendringer kan endre menneskekroppens st\u00f8rrelse, viser forskere - Nordnesrepublikken\" \/>\n<meta property=\"og:description\" content=\"Kan klimaet forme hvordan menneskekroppen ser ut? Nye funn peker p\u00e5 at klimaendringer ikke bare\" \/>\n<meta property=\"og:url\" content=\"https:\/\/nordnesrepublikken.no\/index.php\/2025\/08\/29\/klimaendringer-kan-endre-menneskekroppens-storrelse-viser-forskere\/\" \/>\n<meta property=\"og:site_name\" content=\"Nordnesrepublikken\" \/>\n<meta property=\"article:published_time\" content=\"2025-08-29T06:00:00+00:00\" \/>\n<meta property=\"og:image\" content=\"https:\/\/nordnesrepublikken.no\/wp-content\/uploads\/2025\/08\/Klimaendringer.jpg\" \/>\n\t<meta property=\"og:image:width\" content=\"1200\" \/>\n\t<meta property=\"og:image:height\" content=\"800\" \/>\n\t<meta property=\"og:image:type\" content=\"image\/jpeg\" \/>\n<meta name=\"author\" content=\"Erik Dahlgren\" \/>\n<meta name=\"twitter:card\" content=\"summary_large_image\" \/>\n<meta name=\"twitter:label1\" content=\"Skrevet av\" \/>\n\t<meta name=\"twitter:data1\" content=\"Erik Dahlgren\" \/>\n\t<meta name=\"twitter:label2\" content=\"Ansl. lesetid\" \/>\n\t<meta name=\"twitter:data2\" content=\"3 minutter\" \/>\n<script type=\"application\/ld+json\" class=\"yoast-schema-graph\">{\"@context\":\"https:\/\/schema.org\",\"@graph\":[{\"@type\":\"Article\",\"@id\":\"https:\/\/nordnesrepublikken.no\/index.php\/2025\/08\/29\/klimaendringer-kan-endre-menneskekroppens-storrelse-viser-forskere\/#article\",\"isPartOf\":{\"@id\":\"https:\/\/nordnesrepublikken.no\/index.php\/2025\/08\/29\/klimaendringer-kan-endre-menneskekroppens-storrelse-viser-forskere\/\"},\"author\":{\"name\":\"Erik Dahlgren\",\"@id\":\"https:\/\/nordnesrepublikken.no\/#\/schema\/person\/84c306b32f7a22b4f294a8756f3fde65\"},\"headline\":\"Klimaendringer kan endre menneskekroppens st\u00f8rrelse, viser forskere\",\"datePublished\":\"2025-08-29T06:00:00+00:00\",\"mainEntityOfPage\":{\"@id\":\"https:\/\/nordnesrepublikken.no\/index.php\/2025\/08\/29\/klimaendringer-kan-endre-menneskekroppens-storrelse-viser-forskere\/\"},\"wordCount\":412,\"publisher\":{\"@id\":\"https:\/\/nordnesrepublikken.no\/#organization\"},\"image\":{\"@id\":\"https:\/\/nordnesrepublikken.no\/index.php\/2025\/08\/29\/klimaendringer-kan-endre-menneskekroppens-storrelse-viser-forskere\/#primaryimage\"},\"thumbnailUrl\":\"https:\/\/nordnesrepublikken.no\/wp-content\/uploads\/2025\/08\/Klimaendringer.jpg\",\"articleSection\":[\"Nyheter\"],\"inLanguage\":\"nb-NO\"},{\"@type\":\"WebPage\",\"@id\":\"https:\/\/nordnesrepublikken.no\/index.php\/2025\/08\/29\/klimaendringer-kan-endre-menneskekroppens-storrelse-viser-forskere\/\",\"url\":\"https:\/\/nordnesrepublikken.no\/index.php\/2025\/08\/29\/klimaendringer-kan-endre-menneskekroppens-storrelse-viser-forskere\/\",\"name\":\"Klimaendringer kan endre menneskekroppens st\u00f8rrelse, viser forskere - Nordnesrepublikken\",\"isPartOf\":{\"@id\":\"https:\/\/nordnesrepublikken.no\/#website\"},\"primaryImageOfPage\":{\"@id\":\"https:\/\/nordnesrepublikken.no\/index.php\/2025\/08\/29\/klimaendringer-kan-endre-menneskekroppens-storrelse-viser-forskere\/#primaryimage\"},\"image\":{\"@id\":\"https:\/\/nordnesrepublikken.no\/index.php\/2025\/08\/29\/klimaendringer-kan-endre-menneskekroppens-storrelse-viser-forskere\/#primaryimage\"},\"thumbnailUrl\":\"https:\/\/nordnesrepublikken.no\/wp-content\/uploads\/2025\/08\/Klimaendringer.jpg\",\"datePublished\":\"2025-08-29T06:00:00+00:00\",\"breadcrumb\":{\"@id\":\"https:\/\/nordnesrepublikken.no\/index.php\/2025\/08\/29\/klimaendringer-kan-endre-menneskekroppens-storrelse-viser-forskere\/#breadcrumb\"},\"inLanguage\":\"nb-NO\",\"potentialAction\":[{\"@type\":\"ReadAction\",\"target\":[\"https:\/\/nordnesrepublikken.no\/index.php\/2025\/08\/29\/klimaendringer-kan-endre-menneskekroppens-storrelse-viser-forskere\/\"]}]},{\"@type\":\"ImageObject\",\"inLanguage\":\"nb-NO\",\"@id\":\"https:\/\/nordnesrepublikken.no\/index.php\/2025\/08\/29\/klimaendringer-kan-endre-menneskekroppens-storrelse-viser-forskere\/#primaryimage\",\"url\":\"https:\/\/nordnesrepublikken.no\/wp-content\/uploads\/2025\/08\/Klimaendringer.jpg\",\"contentUrl\":\"https:\/\/nordnesrepublikken.no\/wp-content\/uploads\/2025\/08\/Klimaendringer.jpg\",\"width\":1200,\"height\":800,\"caption\":\"Klimaendringer kan endre menneskekroppens st\u00f8rrelse, viser forskere\"},{\"@type\":\"BreadcrumbList\",\"@id\":\"https:\/\/nordnesrepublikken.no\/index.php\/2025\/08\/29\/klimaendringer-kan-endre-menneskekroppens-storrelse-viser-forskere\/#breadcrumb\",\"itemListElement\":[{\"@type\":\"ListItem\",\"position\":1,\"name\":\"Home\",\"item\":\"https:\/\/nordnesrepublikken.no\/\"},{\"@type\":\"ListItem\",\"position\":2,\"name\":\"Klimaendringer kan endre menneskekroppens st\u00f8rrelse, viser forskere\"}]},{\"@type\":\"WebSite\",\"@id\":\"https:\/\/nordnesrepublikken.no\/#website\",\"url\":\"https:\/\/nordnesrepublikken.no\/\",\"name\":\"Nordnesrepublikken\",\"description\":\"Stemmer og Visjoner fra Republikkens Hjerte\",\"publisher\":{\"@id\":\"https:\/\/nordnesrepublikken.no\/#organization\"},\"potentialAction\":[{\"@type\":\"SearchAction\",\"target\":{\"@type\":\"EntryPoint\",\"urlTemplate\":\"https:\/\/nordnesrepublikken.no\/?s={search_term_string}\"},\"query-input\":{\"@type\":\"PropertyValueSpecification\",\"valueRequired\":true,\"valueName\":\"search_term_string\"}}],\"inLanguage\":\"nb-NO\"},{\"@type\":\"Organization\",\"@id\":\"https:\/\/nordnesrepublikken.no\/#organization\",\"name\":\"Nordnesrepublikken\",\"url\":\"https:\/\/nordnesrepublikken.no\/\",\"logo\":{\"@type\":\"ImageObject\",\"inLanguage\":\"nb-NO\",\"@id\":\"https:\/\/nordnesrepublikken.no\/#\/schema\/logo\/image\/\",\"url\":\"https:\/\/nordnesrepublikken.no\/wp-content\/uploads\/2025\/02\/cropped-nordnesrepublikken-2.png\",\"contentUrl\":\"https:\/\/nordnesrepublikken.no\/wp-content\/uploads\/2025\/02\/cropped-nordnesrepublikken-2.png\",\"width\":1248,\"height\":362,\"caption\":\"Nordnesrepublikken\"},\"image\":{\"@id\":\"https:\/\/nordnesrepublikken.no\/#\/schema\/logo\/image\/\"}},{\"@type\":\"Person\",\"@id\":\"https:\/\/nordnesrepublikken.no\/#\/schema\/person\/84c306b32f7a22b4f294a8756f3fde65\",\"name\":\"Erik Dahlgren\",\"image\":{\"@type\":\"ImageObject\",\"inLanguage\":\"nb-NO\",\"@id\":\"https:\/\/nordnesrepublikken.no\/#\/schema\/person\/image\/\",\"url\":\"https:\/\/nordnesrepublikken.no\/wp-content\/uploads\/2025\/07\/Capture-decran-2025-07-31-a-15.22.01-150x150.png\",\"contentUrl\":\"https:\/\/nordnesrepublikken.no\/wp-content\/uploads\/2025\/07\/Capture-decran-2025-07-31-a-15.22.01-150x150.png\",\"caption\":\"Erik Dahlgren\"},\"description\":\"Erik Dahlgren er en allsidig journalist med base i Oslo, spesialisert p\u00e5 hus, hage og b\u00e6rekraftige boformer. Han kombinerer praktiske guider for byhager og interi\u00f8r med dypere milj\u00f8journalistikk og reportasjer. Med et tilgjengelig, engasjerende spr\u00e5k bidrar han til \u00e5 inspirere b\u00e5de huseiere og milj\u00f8bevisste lesere.\"}]}<\/script>\n<!-- \/ Yoast SEO plugin. -->","yoast_head_json":{"title":"Klimaendringer kan endre menneskekroppens st\u00f8rrelse, viser forskere - Nordnesrepublikken","robots":{"index":"index","follow":"follow","max-snippet":"max-snippet:-1","max-image-preview":"max-image-preview:large","max-video-preview":"max-video-preview:-1"},"canonical":"https:\/\/nordnesrepublikken.no\/index.php\/2025\/08\/29\/klimaendringer-kan-endre-menneskekroppens-storrelse-viser-forskere\/","og_locale":"nb_NO","og_type":"article","og_title":"Klimaendringer kan endre menneskekroppens st\u00f8rrelse, viser forskere - Nordnesrepublikken","og_description":"Kan klimaet forme hvordan menneskekroppen ser ut? Nye funn peker p\u00e5 at klimaendringer ikke bare","og_url":"https:\/\/nordnesrepublikken.no\/index.php\/2025\/08\/29\/klimaendringer-kan-endre-menneskekroppens-storrelse-viser-forskere\/","og_site_name":"Nordnesrepublikken","article_published_time":"2025-08-29T06:00:00+00:00","og_image":[{"width":1200,"height":800,"url":"https:\/\/nordnesrepublikken.no\/wp-content\/uploads\/2025\/08\/Klimaendringer.jpg","type":"image\/jpeg"}],"author":"Erik Dahlgren","twitter_card":"summary_large_image","twitter_misc":{"Skrevet av":"Erik Dahlgren","Ansl. lesetid":"3 minutter"},"schema":{"@context":"https:\/\/schema.org","@graph":[{"@type":"Article","@id":"https:\/\/nordnesrepublikken.no\/index.php\/2025\/08\/29\/klimaendringer-kan-endre-menneskekroppens-storrelse-viser-forskere\/#article","isPartOf":{"@id":"https:\/\/nordnesrepublikken.no\/index.php\/2025\/08\/29\/klimaendringer-kan-endre-menneskekroppens-storrelse-viser-forskere\/"},"author":{"name":"Erik Dahlgren","@id":"https:\/\/nordnesrepublikken.no\/#\/schema\/person\/84c306b32f7a22b4f294a8756f3fde65"},"headline":"Klimaendringer kan endre menneskekroppens st\u00f8rrelse, viser forskere","datePublished":"2025-08-29T06:00:00+00:00","mainEntityOfPage":{"@id":"https:\/\/nordnesrepublikken.no\/index.php\/2025\/08\/29\/klimaendringer-kan-endre-menneskekroppens-storrelse-viser-forskere\/"},"wordCount":412,"publisher":{"@id":"https:\/\/nordnesrepublikken.no\/#organization"},"image":{"@id":"https:\/\/nordnesrepublikken.no\/index.php\/2025\/08\/29\/klimaendringer-kan-endre-menneskekroppens-storrelse-viser-forskere\/#primaryimage"},"thumbnailUrl":"https:\/\/nordnesrepublikken.no\/wp-content\/uploads\/2025\/08\/Klimaendringer.jpg","articleSection":["Nyheter"],"inLanguage":"nb-NO"},{"@type":"WebPage","@id":"https:\/\/nordnesrepublikken.no\/index.php\/2025\/08\/29\/klimaendringer-kan-endre-menneskekroppens-storrelse-viser-forskere\/","url":"https:\/\/nordnesrepublikken.no\/index.php\/2025\/08\/29\/klimaendringer-kan-endre-menneskekroppens-storrelse-viser-forskere\/","name":"Klimaendringer kan endre menneskekroppens st\u00f8rrelse, viser forskere - Nordnesrepublikken","isPartOf":{"@id":"https:\/\/nordnesrepublikken.no\/#website"},"primaryImageOfPage":{"@id":"https:\/\/nordnesrepublikken.no\/index.php\/2025\/08\/29\/klimaendringer-kan-endre-menneskekroppens-storrelse-viser-forskere\/#primaryimage"},"image":{"@id":"https:\/\/nordnesrepublikken.no\/index.php\/2025\/08\/29\/klimaendringer-kan-endre-menneskekroppens-storrelse-viser-forskere\/#primaryimage"},"thumbnailUrl":"https:\/\/nordnesrepublikken.no\/wp-content\/uploads\/2025\/08\/Klimaendringer.jpg","datePublished":"2025-08-29T06:00:00+00:00","breadcrumb":{"@id":"https:\/\/nordnesrepublikken.no\/index.php\/2025\/08\/29\/klimaendringer-kan-endre-menneskekroppens-storrelse-viser-forskere\/#breadcrumb"},"inLanguage":"nb-NO","potentialAction":[{"@type":"ReadAction","target":["https:\/\/nordnesrepublikken.no\/index.php\/2025\/08\/29\/klimaendringer-kan-endre-menneskekroppens-storrelse-viser-forskere\/"]}]},{"@type":"ImageObject","inLanguage":"nb-NO","@id":"https:\/\/nordnesrepublikken.no\/index.php\/2025\/08\/29\/klimaendringer-kan-endre-menneskekroppens-storrelse-viser-forskere\/#primaryimage","url":"https:\/\/nordnesrepublikken.no\/wp-content\/uploads\/2025\/08\/Klimaendringer.jpg","contentUrl":"https:\/\/nordnesrepublikken.no\/wp-content\/uploads\/2025\/08\/Klimaendringer.jpg","width":1200,"height":800,"caption":"Klimaendringer kan endre menneskekroppens st\u00f8rrelse, viser forskere"},{"@type":"BreadcrumbList","@id":"https:\/\/nordnesrepublikken.no\/index.php\/2025\/08\/29\/klimaendringer-kan-endre-menneskekroppens-storrelse-viser-forskere\/#breadcrumb","itemListElement":[{"@type":"ListItem","position":1,"name":"Home","item":"https:\/\/nordnesrepublikken.no\/"},{"@type":"ListItem","position":2,"name":"Klimaendringer kan endre menneskekroppens st\u00f8rrelse, viser forskere"}]},{"@type":"WebSite","@id":"https:\/\/nordnesrepublikken.no\/#website","url":"https:\/\/nordnesrepublikken.no\/","name":"Nordnesrepublikken","description":"Stemmer og Visjoner fra Republikkens Hjerte","publisher":{"@id":"https:\/\/nordnesrepublikken.no\/#organization"},"potentialAction":[{"@type":"SearchAction","target":{"@type":"EntryPoint","urlTemplate":"https:\/\/nordnesrepublikken.no\/?s={search_term_string}"},"query-input":{"@type":"PropertyValueSpecification","valueRequired":true,"valueName":"search_term_string"}}],"inLanguage":"nb-NO"},{"@type":"Organization","@id":"https:\/\/nordnesrepublikken.no\/#organization","name":"Nordnesrepublikken","url":"https:\/\/nordnesrepublikken.no\/","logo":{"@type":"ImageObject","inLanguage":"nb-NO","@id":"https:\/\/nordnesrepublikken.no\/#\/schema\/logo\/image\/","url":"https:\/\/nordnesrepublikken.no\/wp-content\/uploads\/2025\/02\/cropped-nordnesrepublikken-2.png","contentUrl":"https:\/\/nordnesrepublikken.no\/wp-content\/uploads\/2025\/02\/cropped-nordnesrepublikken-2.png","width":1248,"height":362,"caption":"Nordnesrepublikken"},"image":{"@id":"https:\/\/nordnesrepublikken.no\/#\/schema\/logo\/image\/"}},{"@type":"Person","@id":"https:\/\/nordnesrepublikken.no\/#\/schema\/person\/84c306b32f7a22b4f294a8756f3fde65","name":"Erik Dahlgren","image":{"@type":"ImageObject","inLanguage":"nb-NO","@id":"https:\/\/nordnesrepublikken.no\/#\/schema\/person\/image\/","url":"https:\/\/nordnesrepublikken.no\/wp-content\/uploads\/2025\/07\/Capture-decran-2025-07-31-a-15.22.01-150x150.png","contentUrl":"https:\/\/nordnesrepublikken.no\/wp-content\/uploads\/2025\/07\/Capture-decran-2025-07-31-a-15.22.01-150x150.png","caption":"Erik Dahlgren"},"description":"Erik Dahlgren er en allsidig journalist med base i Oslo, spesialisert p\u00e5 hus, hage og b\u00e6rekraftige boformer. Han kombinerer praktiske guider for byhager og interi\u00f8r med dypere milj\u00f8journalistikk og reportasjer. Med et tilgjengelig, engasjerende spr\u00e5k bidrar han til \u00e5 inspirere b\u00e5de huseiere og milj\u00f8bevisste lesere."}]}},"_links":{"self":[{"href":"https:\/\/nordnesrepublikken.no\/index.php\/wp-json\/wp\/v2\/posts\/8805","targetHints":{"allow":["GET"]}}],"collection":[{"href":"https:\/\/nordnesrepublikken.no\/index.php\/wp-json\/wp\/v2\/posts"}],"about":[{"href":"https:\/\/nordnesrepublikken.no\/index.php\/wp-json\/wp\/v2\/types\/post"}],"author":[{"embeddable":true,"href":"https:\/\/nordnesrepublikken.no\/index.php\/wp-json\/wp\/v2\/users\/4"}],"replies":[{"embeddable":true,"href":"https:\/\/nordnesrepublikken.no\/index.php\/wp-json\/wp\/v2\/comments?post=8805"}],"version-history":[{"count":1,"href":"https:\/\/nordnesrepublikken.no\/index.php\/wp-json\/wp\/v2\/posts\/8805\/revisions"}],"predecessor-version":[{"id":8807,"href":"https:\/\/nordnesrepublikken.no\/index.php\/wp-json\/wp\/v2\/posts\/8805\/revisions\/8807"}],"wp:featuredmedia":[{"embeddable":true,"href":"https:\/\/nordnesrepublikken.no\/index.php\/wp-json\/wp\/v2\/media\/8806"}],"wp:attachment":[{"href":"https:\/\/nordnesrepublikken.no\/index.php\/wp-json\/wp\/v2\/media?parent=8805"}],"wp:term":[{"taxonomy":"category","embeddable":true,"href":"https:\/\/nordnesrepublikken.no\/index.php\/wp-json\/wp\/v2\/categories?post=8805"},{"taxonomy":"post_tag","embeddable":true,"href":"https:\/\/nordnesrepublikken.no\/index.php\/wp-json\/wp\/v2\/tags?post=8805"}],"curies":[{"name":"wp","href":"https:\/\/api.w.org\/{rel}","templated":true}]}}