{"id":8759,"date":"2025-08-26T14:49:38","date_gmt":"2025-08-26T12:49:38","guid":{"rendered":"https:\/\/nordnesrepublikken.no\/index.php\/2025\/08\/26\/norge-tar-ledelsen-i-lagring-av-co2-gass\/"},"modified":"2025-08-26T14:49:40","modified_gmt":"2025-08-26T12:49:40","slug":"norge-tar-ledelsen-i-lagring-av-co2-gass","status":"publish","type":"post","link":"https:\/\/nordnesrepublikken.no\/index.php\/2025\/08\/26\/norge-tar-ledelsen-i-lagring-av-co2-gass\/","title":{"rendered":"Norge tar ledelsen i lagring av CO2 -gass"},"content":{"rendered":"<p><\/p>\n<div class=\"wordpress-content\">\n                    <!-- Article Start --><\/p>\n<p><strong>Norge har skapt en sterk \u00f8konomi ved \u00e5 dra nytte av reserver av olje og gass, men har blitt kritisert for \u00e5 &laquo;ignorere&raquo; behovet for \u00e5 flytte til renere drivstoff.<\/strong><\/p>\n<p>Som Storbritannia erkl\u00e6rer at det ikke vil gi nye lisenser for videre leting av nordhavet (til tross for dens &#8216;farlige&#8217; \u00f8konomiske situasjon), har Norge sl\u00e5tt heldig med et nytt massivt funn som faktisk grenser til britiske farvann.<\/p>\n<h2>Norge tar ledelsen i lagring av CO2 -gass under vann<\/h2>\n<p>Ikke desto mindre er Norge ogs\u00e5 ute etter \u00e5 hjelpe til med \u00e5 redusere CO2 -utslipp gjennom opprettelsen av Europas f\u00f8rste lagringsanlegg under vann, og det er n\u00e5 offisielt i drift.<\/p>\n<div class=\"sra_unit\"><link rel=\"stylesheet\" id=\"block-sra\" href=\"https:\/\/euroweeklynews.com\/wp-content\/plugins\/snack-related-articles\/dist\/css\/snack-related.min.css?250312-193541\" type=\"text\/css\" media=\"all\">\n<\/div>\n<p>Northern Lights JV er et registrert, innlemmet generell partnerskap med delt ansvar (DA) som eies av Equinor, Totalenergies and Shell og er basert p\u00e5 Aurora -reservoaret som ligger 2600 meter under havbunnen til det norske Nordsj\u00f8en.<\/p>\n<p>Fra og med CO2 samlet fra Smokestacks i Norge, vil denne tjenesten se utslippene transportert via en 100 kilometer lang r\u00f8rledning eller med skip n\u00e5r tjenesten utvides til forskjellige land.<\/p>\n<p>I l\u00f8pet av 2025 vil nordlys konsentrere seg om lagring av CO2 samlet i Norge, men den regner med \u00e5 begynne \u00e5 akseptere volum av gassen fra Danmark, Sverige og Nederland i 2026.<\/p>\n<h2>Norge tar ledelse i lagring av CO2-gass og h\u00e5per \u00e5 tilby Europa-hele tjenesten<\/h2>\n<p>Alt kommer til en pris, og organisasjonen har til hensikt \u00e5 utvide for \u00e5 \u00f8ke transport- og lagringskapasiteten fra 1,5 millioner tonn CO2 per \u00e5r til minimum 5 millioner tonn CO2 per \u00e5r.<\/p>\n<p>Denne utvidelsen inkluderer ytterligere lagringstanker p\u00e5 land, pumper, en ny brygge, injeksjonsbr\u00f8nner og flere CO2 -transportskip og er mulig takket v\u00e6re en avtale med Stockholm Exergi st\u00f8ttet av et tilskudd fra Connecting Europe -anlegget for energi (CEF Energy) finansieringsordning.<\/p>\n<p>Den f\u00f8rste fasen av nordlys er en del av Longship, den norske regjeringens fullskala karbonfangst- og lagringsprosjekt, og det er h\u00e5pet at n\u00e5r stedet utvides, s\u00e5 vil flytende CO2 fra andre land bli transportert for lagring under jorden i Norge.<\/p>\n<p>                    <!-- This article has been originally published at https:\/\/euroweeklynews.com\/2025\/08\/26\/norway-takes-lead-in-storing-co2-gas\/ on 26 Aug 2025 at 12:55 by John Smith --><br \/>\n                    <!-- Article End -->\n                <\/div>\n","protected":false},"excerpt":{"rendered":"<p>Norge har skapt en sterk \u00f8konomi ved \u00e5 dra nytte av reserver av olje og<\/p>\n","protected":false},"author":1,"featured_media":8760,"comment_status":"closed","ping_status":"open","sticky":false,"template":"","format":"standard","meta":{"footnotes":""},"categories":[22],"tags":[4982,5757,5756,5755,153,114],"class_list":["post-8759","post","type-post","status-publish","format-standard","has-post-thumbnail","hentry","category-nasjonal","tag-co2","tag-gass","tag-lagring","tag-ledelsen","tag-norge","tag-tar","generate-columns","tablet-grid-50","mobile-grid-100","grid-parent","grid-33","resize-featured-image"],"yoast_head":"<!-- This site is optimized with the Yoast SEO plugin v24.4 - https:\/\/yoast.com\/wordpress\/plugins\/seo\/ -->\n<title>Norge tar ledelsen i lagring av CO2 -gass - Nordnesrepublikken<\/title>\n<meta name=\"robots\" content=\"index, follow, max-snippet:-1, max-image-preview:large, max-video-preview:-1\" \/>\n<link rel=\"canonical\" href=\"https:\/\/nordnesrepublikken.no\/index.php\/2025\/08\/26\/norge-tar-ledelsen-i-lagring-av-co2-gass\/\" \/>\n<meta property=\"og:locale\" content=\"nb_NO\" \/>\n<meta property=\"og:type\" content=\"article\" \/>\n<meta property=\"og:title\" content=\"Norge tar ledelsen i lagring av CO2 -gass - Nordnesrepublikken\" \/>\n<meta property=\"og:description\" content=\"Norge har skapt en sterk \u00f8konomi ved \u00e5 dra nytte av reserver av olje og\" \/>\n<meta property=\"og:url\" content=\"https:\/\/nordnesrepublikken.no\/index.php\/2025\/08\/26\/norge-tar-ledelsen-i-lagring-av-co2-gass\/\" \/>\n<meta property=\"og:site_name\" content=\"Nordnesrepublikken\" \/>\n<meta property=\"article:published_time\" content=\"2025-08-26T12:49:38+00:00\" \/>\n<meta property=\"article:modified_time\" content=\"2025-08-26T12:49:40+00:00\" \/>\n<meta property=\"og:image\" content=\"https:\/\/nordnesrepublikken.no\/wp-content\/uploads\/2025\/08\/1756212579_Norge-tar-ledelsen-i-lagring-av-CO2-gass.jpg\" \/>\n\t<meta property=\"og:image:width\" content=\"1200\" \/>\n\t<meta property=\"og:image:height\" content=\"801\" \/>\n\t<meta property=\"og:image:type\" content=\"image\/jpeg\" \/>\n<meta name=\"author\" content=\"Ole Andersen\" \/>\n<meta name=\"twitter:card\" content=\"summary_large_image\" \/>\n<meta name=\"twitter:label1\" content=\"Skrevet av\" \/>\n\t<meta name=\"twitter:data1\" content=\"Ole Andersen\" \/>\n\t<meta name=\"twitter:label2\" content=\"Ansl. lesetid\" \/>\n\t<meta name=\"twitter:data2\" content=\"2 minutter\" \/>\n<script type=\"application\/ld+json\" class=\"yoast-schema-graph\">{\"@context\":\"https:\/\/schema.org\",\"@graph\":[{\"@type\":\"Article\",\"@id\":\"https:\/\/nordnesrepublikken.no\/index.php\/2025\/08\/26\/norge-tar-ledelsen-i-lagring-av-co2-gass\/#article\",\"isPartOf\":{\"@id\":\"https:\/\/nordnesrepublikken.no\/index.php\/2025\/08\/26\/norge-tar-ledelsen-i-lagring-av-co2-gass\/\"},\"author\":{\"name\":\"Ole Andersen\",\"@id\":\"https:\/\/nordnesrepublikken.no\/#\/schema\/person\/2e7e81935bab77882fffb79296240ff1\"},\"headline\":\"Norge tar ledelsen i lagring av CO2 -gass\",\"datePublished\":\"2025-08-26T12:49:38+00:00\",\"dateModified\":\"2025-08-26T12:49:40+00:00\",\"mainEntityOfPage\":{\"@id\":\"https:\/\/nordnesrepublikken.no\/index.php\/2025\/08\/26\/norge-tar-ledelsen-i-lagring-av-co2-gass\/\"},\"wordCount\":339,\"publisher\":{\"@id\":\"https:\/\/nordnesrepublikken.no\/#organization\"},\"image\":{\"@id\":\"https:\/\/nordnesrepublikken.no\/index.php\/2025\/08\/26\/norge-tar-ledelsen-i-lagring-av-co2-gass\/#primaryimage\"},\"thumbnailUrl\":\"https:\/\/nordnesrepublikken.no\/wp-content\/uploads\/2025\/08\/1756212579_Norge-tar-ledelsen-i-lagring-av-CO2-gass.jpg\",\"keywords\":[\"CO2\",\"gass\",\"lagring\",\"ledelsen\",\"Norge\",\"tar\"],\"articleSection\":[\"Nasjonal\"],\"inLanguage\":\"nb-NO\"},{\"@type\":\"WebPage\",\"@id\":\"https:\/\/nordnesrepublikken.no\/index.php\/2025\/08\/26\/norge-tar-ledelsen-i-lagring-av-co2-gass\/\",\"url\":\"https:\/\/nordnesrepublikken.no\/index.php\/2025\/08\/26\/norge-tar-ledelsen-i-lagring-av-co2-gass\/\",\"name\":\"Norge tar ledelsen i lagring av CO2 -gass - Nordnesrepublikken\",\"isPartOf\":{\"@id\":\"https:\/\/nordnesrepublikken.no\/#website\"},\"primaryImageOfPage\":{\"@id\":\"https:\/\/nordnesrepublikken.no\/index.php\/2025\/08\/26\/norge-tar-ledelsen-i-lagring-av-co2-gass\/#primaryimage\"},\"image\":{\"@id\":\"https:\/\/nordnesrepublikken.no\/index.php\/2025\/08\/26\/norge-tar-ledelsen-i-lagring-av-co2-gass\/#primaryimage\"},\"thumbnailUrl\":\"https:\/\/nordnesrepublikken.no\/wp-content\/uploads\/2025\/08\/1756212579_Norge-tar-ledelsen-i-lagring-av-CO2-gass.jpg\",\"datePublished\":\"2025-08-26T12:49:38+00:00\",\"dateModified\":\"2025-08-26T12:49:40+00:00\",\"breadcrumb\":{\"@id\":\"https:\/\/nordnesrepublikken.no\/index.php\/2025\/08\/26\/norge-tar-ledelsen-i-lagring-av-co2-gass\/#breadcrumb\"},\"inLanguage\":\"nb-NO\",\"potentialAction\":[{\"@type\":\"ReadAction\",\"target\":[\"https:\/\/nordnesrepublikken.no\/index.php\/2025\/08\/26\/norge-tar-ledelsen-i-lagring-av-co2-gass\/\"]}]},{\"@type\":\"ImageObject\",\"inLanguage\":\"nb-NO\",\"@id\":\"https:\/\/nordnesrepublikken.no\/index.php\/2025\/08\/26\/norge-tar-ledelsen-i-lagring-av-co2-gass\/#primaryimage\",\"url\":\"https:\/\/nordnesrepublikken.no\/wp-content\/uploads\/2025\/08\/1756212579_Norge-tar-ledelsen-i-lagring-av-CO2-gass.jpg\",\"contentUrl\":\"https:\/\/nordnesrepublikken.no\/wp-content\/uploads\/2025\/08\/1756212579_Norge-tar-ledelsen-i-lagring-av-CO2-gass.jpg\",\"width\":1200,\"height\":801,\"caption\":\"Norge tar ledelsen i lagring av CO2 -gass\"},{\"@type\":\"BreadcrumbList\",\"@id\":\"https:\/\/nordnesrepublikken.no\/index.php\/2025\/08\/26\/norge-tar-ledelsen-i-lagring-av-co2-gass\/#breadcrumb\",\"itemListElement\":[{\"@type\":\"ListItem\",\"position\":1,\"name\":\"Home\",\"item\":\"https:\/\/nordnesrepublikken.no\/\"},{\"@type\":\"ListItem\",\"position\":2,\"name\":\"Norge tar ledelsen i lagring av CO2 -gass\"}]},{\"@type\":\"WebSite\",\"@id\":\"https:\/\/nordnesrepublikken.no\/#website\",\"url\":\"https:\/\/nordnesrepublikken.no\/\",\"name\":\"Nordnesrepublikken\",\"description\":\"Stemmer og Visjoner fra Republikkens Hjerte\",\"publisher\":{\"@id\":\"https:\/\/nordnesrepublikken.no\/#organization\"},\"potentialAction\":[{\"@type\":\"SearchAction\",\"target\":{\"@type\":\"EntryPoint\",\"urlTemplate\":\"https:\/\/nordnesrepublikken.no\/?s={search_term_string}\"},\"query-input\":{\"@type\":\"PropertyValueSpecification\",\"valueRequired\":true,\"valueName\":\"search_term_string\"}}],\"inLanguage\":\"nb-NO\"},{\"@type\":\"Organization\",\"@id\":\"https:\/\/nordnesrepublikken.no\/#organization\",\"name\":\"Nordnesrepublikken\",\"url\":\"https:\/\/nordnesrepublikken.no\/\",\"logo\":{\"@type\":\"ImageObject\",\"inLanguage\":\"nb-NO\",\"@id\":\"https:\/\/nordnesrepublikken.no\/#\/schema\/logo\/image\/\",\"url\":\"https:\/\/nordnesrepublikken.no\/wp-content\/uploads\/2025\/02\/cropped-nordnesrepublikken-2.png\",\"contentUrl\":\"https:\/\/nordnesrepublikken.no\/wp-content\/uploads\/2025\/02\/cropped-nordnesrepublikken-2.png\",\"width\":1248,\"height\":362,\"caption\":\"Nordnesrepublikken\"},\"image\":{\"@id\":\"https:\/\/nordnesrepublikken.no\/#\/schema\/logo\/image\/\"}},{\"@type\":\"Person\",\"@id\":\"https:\/\/nordnesrepublikken.no\/#\/schema\/person\/2e7e81935bab77882fffb79296240ff1\",\"name\":\"Ole Andersen\",\"image\":{\"@type\":\"ImageObject\",\"inLanguage\":\"nb-NO\",\"@id\":\"https:\/\/nordnesrepublikken.no\/#\/schema\/person\/image\/\",\"url\":\"https:\/\/nordnesrepublikken.no\/wp-content\/uploads\/2025\/02\/nordnesrepublikken-2-2-150x150.jpg\",\"contentUrl\":\"https:\/\/nordnesrepublikken.no\/wp-content\/uploads\/2025\/02\/nordnesrepublikken-2-2-150x150.jpg\",\"caption\":\"Ole Andersen\"},\"description\":\"Ettersom jeg vokste opp i Oslo, har jeg alltid v\u00e6rt fascinert av ordenes kraft og deres evne til \u00e5 skape endringer. Etter \u00e5 ha fullf\u00f8rt min utdannelse i kommunikasjon ved Universitetet i Bergen, fikk jeg muligheten til \u00e5 jobbe innen ulike medier, der jeg har s\u00f8kt \u00e5 belyse viktige samfunnssp\u00f8rsm\u00e5l. I dag, som redakt\u00f8r for Nordnesrepublikken, pr\u00f8ver jeg \u00e5 forene min kj\u00e6rlighet for journalistikk med min lidenskap for innovasjon og eventyr.\",\"sameAs\":[\"https:\/\/nordnesrepublikken.no\/\"]}]}<\/script>\n<!-- \/ Yoast SEO plugin. -->","yoast_head_json":{"title":"Norge tar ledelsen i lagring av CO2 -gass - Nordnesrepublikken","robots":{"index":"index","follow":"follow","max-snippet":"max-snippet:-1","max-image-preview":"max-image-preview:large","max-video-preview":"max-video-preview:-1"},"canonical":"https:\/\/nordnesrepublikken.no\/index.php\/2025\/08\/26\/norge-tar-ledelsen-i-lagring-av-co2-gass\/","og_locale":"nb_NO","og_type":"article","og_title":"Norge tar ledelsen i lagring av CO2 -gass - Nordnesrepublikken","og_description":"Norge har skapt en sterk \u00f8konomi ved \u00e5 dra nytte av reserver av olje og","og_url":"https:\/\/nordnesrepublikken.no\/index.php\/2025\/08\/26\/norge-tar-ledelsen-i-lagring-av-co2-gass\/","og_site_name":"Nordnesrepublikken","article_published_time":"2025-08-26T12:49:38+00:00","article_modified_time":"2025-08-26T12:49:40+00:00","og_image":[{"width":1200,"height":801,"url":"https:\/\/nordnesrepublikken.no\/wp-content\/uploads\/2025\/08\/1756212579_Norge-tar-ledelsen-i-lagring-av-CO2-gass.jpg","type":"image\/jpeg"}],"author":"Ole Andersen","twitter_card":"summary_large_image","twitter_misc":{"Skrevet av":"Ole Andersen","Ansl. lesetid":"2 minutter"},"schema":{"@context":"https:\/\/schema.org","@graph":[{"@type":"Article","@id":"https:\/\/nordnesrepublikken.no\/index.php\/2025\/08\/26\/norge-tar-ledelsen-i-lagring-av-co2-gass\/#article","isPartOf":{"@id":"https:\/\/nordnesrepublikken.no\/index.php\/2025\/08\/26\/norge-tar-ledelsen-i-lagring-av-co2-gass\/"},"author":{"name":"Ole Andersen","@id":"https:\/\/nordnesrepublikken.no\/#\/schema\/person\/2e7e81935bab77882fffb79296240ff1"},"headline":"Norge tar ledelsen i lagring av CO2 -gass","datePublished":"2025-08-26T12:49:38+00:00","dateModified":"2025-08-26T12:49:40+00:00","mainEntityOfPage":{"@id":"https:\/\/nordnesrepublikken.no\/index.php\/2025\/08\/26\/norge-tar-ledelsen-i-lagring-av-co2-gass\/"},"wordCount":339,"publisher":{"@id":"https:\/\/nordnesrepublikken.no\/#organization"},"image":{"@id":"https:\/\/nordnesrepublikken.no\/index.php\/2025\/08\/26\/norge-tar-ledelsen-i-lagring-av-co2-gass\/#primaryimage"},"thumbnailUrl":"https:\/\/nordnesrepublikken.no\/wp-content\/uploads\/2025\/08\/1756212579_Norge-tar-ledelsen-i-lagring-av-CO2-gass.jpg","keywords":["CO2","gass","lagring","ledelsen","Norge","tar"],"articleSection":["Nasjonal"],"inLanguage":"nb-NO"},{"@type":"WebPage","@id":"https:\/\/nordnesrepublikken.no\/index.php\/2025\/08\/26\/norge-tar-ledelsen-i-lagring-av-co2-gass\/","url":"https:\/\/nordnesrepublikken.no\/index.php\/2025\/08\/26\/norge-tar-ledelsen-i-lagring-av-co2-gass\/","name":"Norge tar ledelsen i lagring av CO2 -gass - Nordnesrepublikken","isPartOf":{"@id":"https:\/\/nordnesrepublikken.no\/#website"},"primaryImageOfPage":{"@id":"https:\/\/nordnesrepublikken.no\/index.php\/2025\/08\/26\/norge-tar-ledelsen-i-lagring-av-co2-gass\/#primaryimage"},"image":{"@id":"https:\/\/nordnesrepublikken.no\/index.php\/2025\/08\/26\/norge-tar-ledelsen-i-lagring-av-co2-gass\/#primaryimage"},"thumbnailUrl":"https:\/\/nordnesrepublikken.no\/wp-content\/uploads\/2025\/08\/1756212579_Norge-tar-ledelsen-i-lagring-av-CO2-gass.jpg","datePublished":"2025-08-26T12:49:38+00:00","dateModified":"2025-08-26T12:49:40+00:00","breadcrumb":{"@id":"https:\/\/nordnesrepublikken.no\/index.php\/2025\/08\/26\/norge-tar-ledelsen-i-lagring-av-co2-gass\/#breadcrumb"},"inLanguage":"nb-NO","potentialAction":[{"@type":"ReadAction","target":["https:\/\/nordnesrepublikken.no\/index.php\/2025\/08\/26\/norge-tar-ledelsen-i-lagring-av-co2-gass\/"]}]},{"@type":"ImageObject","inLanguage":"nb-NO","@id":"https:\/\/nordnesrepublikken.no\/index.php\/2025\/08\/26\/norge-tar-ledelsen-i-lagring-av-co2-gass\/#primaryimage","url":"https:\/\/nordnesrepublikken.no\/wp-content\/uploads\/2025\/08\/1756212579_Norge-tar-ledelsen-i-lagring-av-CO2-gass.jpg","contentUrl":"https:\/\/nordnesrepublikken.no\/wp-content\/uploads\/2025\/08\/1756212579_Norge-tar-ledelsen-i-lagring-av-CO2-gass.jpg","width":1200,"height":801,"caption":"Norge tar ledelsen i lagring av CO2 -gass"},{"@type":"BreadcrumbList","@id":"https:\/\/nordnesrepublikken.no\/index.php\/2025\/08\/26\/norge-tar-ledelsen-i-lagring-av-co2-gass\/#breadcrumb","itemListElement":[{"@type":"ListItem","position":1,"name":"Home","item":"https:\/\/nordnesrepublikken.no\/"},{"@type":"ListItem","position":2,"name":"Norge tar ledelsen i lagring av CO2 -gass"}]},{"@type":"WebSite","@id":"https:\/\/nordnesrepublikken.no\/#website","url":"https:\/\/nordnesrepublikken.no\/","name":"Nordnesrepublikken","description":"Stemmer og Visjoner fra Republikkens Hjerte","publisher":{"@id":"https:\/\/nordnesrepublikken.no\/#organization"},"potentialAction":[{"@type":"SearchAction","target":{"@type":"EntryPoint","urlTemplate":"https:\/\/nordnesrepublikken.no\/?s={search_term_string}"},"query-input":{"@type":"PropertyValueSpecification","valueRequired":true,"valueName":"search_term_string"}}],"inLanguage":"nb-NO"},{"@type":"Organization","@id":"https:\/\/nordnesrepublikken.no\/#organization","name":"Nordnesrepublikken","url":"https:\/\/nordnesrepublikken.no\/","logo":{"@type":"ImageObject","inLanguage":"nb-NO","@id":"https:\/\/nordnesrepublikken.no\/#\/schema\/logo\/image\/","url":"https:\/\/nordnesrepublikken.no\/wp-content\/uploads\/2025\/02\/cropped-nordnesrepublikken-2.png","contentUrl":"https:\/\/nordnesrepublikken.no\/wp-content\/uploads\/2025\/02\/cropped-nordnesrepublikken-2.png","width":1248,"height":362,"caption":"Nordnesrepublikken"},"image":{"@id":"https:\/\/nordnesrepublikken.no\/#\/schema\/logo\/image\/"}},{"@type":"Person","@id":"https:\/\/nordnesrepublikken.no\/#\/schema\/person\/2e7e81935bab77882fffb79296240ff1","name":"Ole Andersen","image":{"@type":"ImageObject","inLanguage":"nb-NO","@id":"https:\/\/nordnesrepublikken.no\/#\/schema\/person\/image\/","url":"https:\/\/nordnesrepublikken.no\/wp-content\/uploads\/2025\/02\/nordnesrepublikken-2-2-150x150.jpg","contentUrl":"https:\/\/nordnesrepublikken.no\/wp-content\/uploads\/2025\/02\/nordnesrepublikken-2-2-150x150.jpg","caption":"Ole Andersen"},"description":"Ettersom jeg vokste opp i Oslo, har jeg alltid v\u00e6rt fascinert av ordenes kraft og deres evne til \u00e5 skape endringer. Etter \u00e5 ha fullf\u00f8rt min utdannelse i kommunikasjon ved Universitetet i Bergen, fikk jeg muligheten til \u00e5 jobbe innen ulike medier, der jeg har s\u00f8kt \u00e5 belyse viktige samfunnssp\u00f8rsm\u00e5l. I dag, som redakt\u00f8r for Nordnesrepublikken, pr\u00f8ver jeg \u00e5 forene min kj\u00e6rlighet for journalistikk med min lidenskap for innovasjon og eventyr.","sameAs":["https:\/\/nordnesrepublikken.no\/"]}]}},"_links":{"self":[{"href":"https:\/\/nordnesrepublikken.no\/index.php\/wp-json\/wp\/v2\/posts\/8759","targetHints":{"allow":["GET"]}}],"collection":[{"href":"https:\/\/nordnesrepublikken.no\/index.php\/wp-json\/wp\/v2\/posts"}],"about":[{"href":"https:\/\/nordnesrepublikken.no\/index.php\/wp-json\/wp\/v2\/types\/post"}],"author":[{"embeddable":true,"href":"https:\/\/nordnesrepublikken.no\/index.php\/wp-json\/wp\/v2\/users\/1"}],"replies":[{"embeddable":true,"href":"https:\/\/nordnesrepublikken.no\/index.php\/wp-json\/wp\/v2\/comments?post=8759"}],"version-history":[{"count":1,"href":"https:\/\/nordnesrepublikken.no\/index.php\/wp-json\/wp\/v2\/posts\/8759\/revisions"}],"predecessor-version":[{"id":8761,"href":"https:\/\/nordnesrepublikken.no\/index.php\/wp-json\/wp\/v2\/posts\/8759\/revisions\/8761"}],"wp:featuredmedia":[{"embeddable":true,"href":"https:\/\/nordnesrepublikken.no\/index.php\/wp-json\/wp\/v2\/media\/8760"}],"wp:attachment":[{"href":"https:\/\/nordnesrepublikken.no\/index.php\/wp-json\/wp\/v2\/media?parent=8759"}],"wp:term":[{"taxonomy":"category","embeddable":true,"href":"https:\/\/nordnesrepublikken.no\/index.php\/wp-json\/wp\/v2\/categories?post=8759"},{"taxonomy":"post_tag","embeddable":true,"href":"https:\/\/nordnesrepublikken.no\/index.php\/wp-json\/wp\/v2\/tags?post=8759"}],"curies":[{"name":"wp","href":"https:\/\/api.w.org\/{rel}","templated":true}]}}