{"id":8745,"date":"2025-08-26T02:51:05","date_gmt":"2025-08-26T00:51:05","guid":{"rendered":"https:\/\/nordnesrepublikken.no\/index.php\/2025\/08\/26\/det-utrolige-spraket-til-quipu-i-pre-kolumbian-peru\/"},"modified":"2025-08-26T02:51:05","modified_gmt":"2025-08-26T00:51:05","slug":"det-utrolige-spraket-til-quipu-i-pre-kolumbian-peru","status":"publish","type":"post","link":"https:\/\/nordnesrepublikken.no\/index.php\/2025\/08\/26\/det-utrolige-spraket-til-quipu-i-pre-kolumbian-peru\/","title":{"rendered":"Det utrolige spr\u00e5ket til quipu i pre -kolumbian Peru"},"content":{"rendered":"<div>\n<div class=\"cp_wrapper cp_wrapper--fw mb-30 mb-20@tablet\">\n<figure class=\"mm\"><picture class=\"img\" style=\"padding-top:56.25%\"><source  media=\"(min-width: 1024px)\"><source  media=\"(min-width: 768px)\"><\/source><\/source><\/picture><\/figure>\n<\/p><\/div>\n<p>I <strong>For pre -kolumbian<\/strong> Det var en veldig effektiv m\u00e5te \u00e5 ta hensyn til viktig numerisk informasjon som regnskap, passering av tid, skatter og folketellinger: i <strong><em>Quiup<\/em><\/strong>(eller <em>Kipu<\/em>), betegne at p\u00e5 morsm\u00e5let p\u00e5 de peruanske plat\u00e5ene, den <strong>Quechua<\/strong>betyr bokstavelig talt &laquo;<strong>Node<\/strong>&laquo;. Inka -sivilisasjonen hadde ikke et skrivesystem, men jeg <em>Quiup<\/em> De utgjorde en effektiv metode for \u00e5 kommunisere informasjon n\u00e6rt knyttet til administrasjonen av bosetninger, matvarer og h\u00e6ren p\u00e5 avstand.<\/p>\n<p>DE <em>Quiup<\/em> De var sammensatt av <strong>En serie tr\u00e5der<\/strong>laget av bomull eller blad eller alpakkaull. De <strong>farge<\/strong> av tr\u00e5dene, deres <strong>tykkelse<\/strong>og <strong>stilling<\/strong> Noder utgjorde et standardisert desimalsystem for \u00e5 skrive ned numerisk informasjon av forskjellige slag. I det siste har noen l\u00e6rde pr\u00f8vd \u00e5 skimte i kombinasjonen av tr\u00e5dene et ekte alfabetisk system, men det er ingen konkrete bevis p\u00e5 dette. Det var et enkelt, men effektivt system: Fortsatt i dag noen quechua fra Peru bruker enkel <em>Quiup<\/em> \u00e5 ta hensyn til innenlandsk regnskap.<\/p>\n<div class=\"cp_wrapper cp_wrapper--fw mb-50\">\n<figure class=\"mm\"><picture class=\"img\" style=\"padding-top:143.48894348894%\"><source  media=\"(min-width: 1024px)\"><source  media=\"(min-width: 768px)\"><img decoding=\"async\" loading=\"lazy\" src=\"https:\/\/nordnesrepublikken.no\/wp-content\/uploads\/2025\/08\/Det-utrolige-spraket-til-quipu-i-pre-kolumbian-Peru.jpg\" alt=\"Bilde\" width=\"407\" height=\"584\"><\/source><\/source><\/picture><\/figure>\n<\/p><\/div>\n<p>EN <em>Quiup<\/em> det ble dannet av et hovedtau, hvorfra <strong>de b\u00f8yde seg<\/strong> mange sekund\u00e6re tau, ofte med videre <strong>grener<\/strong>. Knutene ble laget i spesifikke posisjoner og kunne v\u00e6re enkle eller komponerte. Fargen p\u00e5 tauene hadde ogs\u00e5 en mening, og inne i Inca Empire var det guder <strong>tjenestemenn<\/strong> Ansvarlig for deres lesing, jeg <strong><em>Quipucamayoc<\/em><\/strong>som tok hensyn til handel og folketelling. DE <em>Quiup<\/em> De var leselige fra den horisontale st\u00f8ttetr\u00e5den, hvorfra alle de andre hang fra. Knuterens plassering og knute -typen representerte tallene i et desimalsystem. De nedre knutene representerte <strong>enhet<\/strong>de h\u00f8yere <strong>TENS<\/strong>s\u00e5 <strong>hundrevis<\/strong>og s\u00e5 videre. De eksisterte sannsynligvis ogs\u00e5 <strong>Kombinasjoner<\/strong> som representerte standardiserte formler, hvis tolkning gikk tapt.<\/p>\n<p>Selv om det ser ut til at jeg <em>Quiup<\/em> var allerede brukt av<strong> Caul -kultur<\/strong> I det andre \u00e5rtusenet a. C., de f\u00f8rste gjenstandene av denne typen som er funnet av arkeologer som absolutt tolkes blir gitt til <strong>Slutten av det f\u00f8rste \u00e5rtusenet a. C.<\/strong>til perioden for <strong>Kulturparacas<\/strong>. Systemet til <em>Quiup<\/em> Det utviklet seg i l\u00f8pet av det f\u00f8rste \u00e5rtusenet av. C., og da <strong>forbedre<\/strong> I perioden med Inca Empire (xii-xvi \u00e5rhundre). P\u00e5 det peruanske plat\u00e5et, jeg <em>Quiup<\/em> De ble levert til de forskjellige administratorene av <strong><em>Chaski<\/em><\/strong>dyktig <strong>l\u00f8pere<\/strong> i stand til \u00e5 dekke tusenvis av km. Med <strong>Spansk erobring<\/strong> av Peru i <strong>Andre halvdel av 1500 -tallet<\/strong>systemet til <em>Quiup<\/em>s\u00e5 vel som hele den inkaiske sivilisasjonen, inngikk krise. Disse kontoverkt\u00f8yene, ansett som en arv fra fortidens l\u00f8nn, kom <strong>brent<\/strong> Og <strong>forbudt<\/strong>erstattet av spansk forfatterskap, og i dag er det veldig f\u00e5 som har blitt bevart fra Inca -perioden.<\/p>\n<div class=\"cp_wrapper cp_wrapper--fw mb-50\">\n<figure class=\"mm\"><picture class=\"img\" style=\"padding-top:140%\"><source  media=\"(min-width: 1024px)\"><source  media=\"(min-width: 768px)\"><img decoding=\"async\" loading=\"lazy\" src=\"https:\/\/nordnesrepublikken.no\/wp-content\/uploads\/2025\/08\/1756169465_727_Det-utrolige-spraket-til-quipu-i-pre-kolumbian-Peru.jpg\" alt=\"Bilde\" width=\"800\" height=\"1120\" class=\"js-seedtag-img\"><\/source><\/source><\/picture><\/figure>\n<\/p><\/div>\n<div class=\"cp_wrapper  mb-50\">\n<div class=\"cbx\">\n<div class=\"cbx__collection\">\n<p>Kilder<\/p>\n<div class=\"cbx__sources\">\n<p>Splitstoser, Jeffrey C., Practice and Meaning in Spiral-Wrappe batonger og ledninger fra Cerrillos, i Late Paracas-stedet i IICA-dalen, Peru, Arnold, Denise Y.; Dransart, Penelope Z., Tekstiler, teknisk praksis og kraft i Andesfjellene, Arketype Publications, 2014<\/p>\n<p>Frank L. Salomon, The Cord Keepers: Khipus and Cultural Life in a Peruvian Village; Duke University Press, 2004<\/p>\n<p>                                                                                 Quipu, Treccani                                                 <\/p><\/div>\n<\/p><\/div>\n<\/p><\/div>\n<\/p><\/div>\n<\/p><\/div>\n","protected":false},"excerpt":{"rendered":"<p>I For pre -kolumbian Det var en veldig effektiv m\u00e5te \u00e5 ta hensyn til viktig<\/p>\n","protected":false},"author":1,"featured_media":8746,"comment_status":"closed","ping_status":"open","sticky":false,"template":"","format":"standard","meta":{"footnotes":""},"categories":[104],"tags":[66,5745,4342,5744,5743,783,117,1339],"class_list":["post-8745","post","type-post","status-publish","format-standard","has-post-thumbnail","hentry","category-samfunn","tag-det","tag-kolumbian","tag-peru","tag-pre","tag-quipu","tag-spraket","tag-til","tag-utrolige","generate-columns","tablet-grid-50","mobile-grid-100","grid-parent","grid-33","resize-featured-image"],"yoast_head":"<!-- This site is optimized with the Yoast SEO plugin v24.4 - https:\/\/yoast.com\/wordpress\/plugins\/seo\/ -->\n<title>Det utrolige spr\u00e5ket til quipu i pre -kolumbian Peru - Nordnesrepublikken<\/title>\n<meta name=\"robots\" content=\"index, follow, max-snippet:-1, max-image-preview:large, max-video-preview:-1\" \/>\n<link rel=\"canonical\" href=\"https:\/\/nordnesrepublikken.no\/index.php\/2025\/08\/26\/det-utrolige-spraket-til-quipu-i-pre-kolumbian-peru\/\" \/>\n<meta property=\"og:locale\" content=\"nb_NO\" \/>\n<meta property=\"og:type\" content=\"article\" \/>\n<meta property=\"og:title\" content=\"Det utrolige spr\u00e5ket til quipu i pre -kolumbian Peru - Nordnesrepublikken\" \/>\n<meta property=\"og:description\" content=\"I For pre -kolumbian Det var en veldig effektiv m\u00e5te \u00e5 ta hensyn til viktig\" \/>\n<meta property=\"og:url\" content=\"https:\/\/nordnesrepublikken.no\/index.php\/2025\/08\/26\/det-utrolige-spraket-til-quipu-i-pre-kolumbian-peru\/\" \/>\n<meta property=\"og:site_name\" content=\"Nordnesrepublikken\" \/>\n<meta property=\"article:published_time\" content=\"2025-08-26T00:51:05+00:00\" \/>\n<meta property=\"og:image\" content=\"https:\/\/nordnesrepublikken.no\/wp-content\/uploads\/2025\/08\/Det-utrolige-spraket-til-quipu-i-pre-kolumbian-Peru.469.jpeg\" \/>\n\t<meta property=\"og:image:width\" content=\"800\" \/>\n\t<meta property=\"og:image:height\" content=\"664\" \/>\n\t<meta property=\"og:image:type\" content=\"image\/jpeg\" \/>\n<meta name=\"author\" content=\"Ole Andersen\" \/>\n<meta name=\"twitter:card\" content=\"summary_large_image\" \/>\n<meta name=\"twitter:label1\" content=\"Skrevet av\" \/>\n\t<meta name=\"twitter:data1\" content=\"Ole Andersen\" \/>\n\t<meta name=\"twitter:label2\" content=\"Ansl. lesetid\" \/>\n\t<meta name=\"twitter:data2\" content=\"2 minutter\" \/>\n<script type=\"application\/ld+json\" class=\"yoast-schema-graph\">{\"@context\":\"https:\/\/schema.org\",\"@graph\":[{\"@type\":\"Article\",\"@id\":\"https:\/\/nordnesrepublikken.no\/index.php\/2025\/08\/26\/det-utrolige-spraket-til-quipu-i-pre-kolumbian-peru\/#article\",\"isPartOf\":{\"@id\":\"https:\/\/nordnesrepublikken.no\/index.php\/2025\/08\/26\/det-utrolige-spraket-til-quipu-i-pre-kolumbian-peru\/\"},\"author\":{\"name\":\"Ole Andersen\",\"@id\":\"https:\/\/nordnesrepublikken.no\/#\/schema\/person\/2e7e81935bab77882fffb79296240ff1\"},\"headline\":\"Det utrolige spr\u00e5ket til quipu i pre -kolumbian Peru\",\"datePublished\":\"2025-08-26T00:51:05+00:00\",\"mainEntityOfPage\":{\"@id\":\"https:\/\/nordnesrepublikken.no\/index.php\/2025\/08\/26\/det-utrolige-spraket-til-quipu-i-pre-kolumbian-peru\/\"},\"wordCount\":493,\"publisher\":{\"@id\":\"https:\/\/nordnesrepublikken.no\/#organization\"},\"image\":{\"@id\":\"https:\/\/nordnesrepublikken.no\/index.php\/2025\/08\/26\/det-utrolige-spraket-til-quipu-i-pre-kolumbian-peru\/#primaryimage\"},\"thumbnailUrl\":\"https:\/\/nordnesrepublikken.no\/wp-content\/uploads\/2025\/08\/Det-utrolige-spraket-til-quipu-i-pre-kolumbian-Peru.469.jpeg\",\"keywords\":[\"Det\",\"kolumbian\",\"Peru\",\"pre\",\"quipu\",\"spr\u00e5ket\",\"til\",\"utrolige\"],\"articleSection\":[\"Samfunn\"],\"inLanguage\":\"nb-NO\"},{\"@type\":\"WebPage\",\"@id\":\"https:\/\/nordnesrepublikken.no\/index.php\/2025\/08\/26\/det-utrolige-spraket-til-quipu-i-pre-kolumbian-peru\/\",\"url\":\"https:\/\/nordnesrepublikken.no\/index.php\/2025\/08\/26\/det-utrolige-spraket-til-quipu-i-pre-kolumbian-peru\/\",\"name\":\"Det utrolige spr\u00e5ket til quipu i pre -kolumbian Peru - Nordnesrepublikken\",\"isPartOf\":{\"@id\":\"https:\/\/nordnesrepublikken.no\/#website\"},\"primaryImageOfPage\":{\"@id\":\"https:\/\/nordnesrepublikken.no\/index.php\/2025\/08\/26\/det-utrolige-spraket-til-quipu-i-pre-kolumbian-peru\/#primaryimage\"},\"image\":{\"@id\":\"https:\/\/nordnesrepublikken.no\/index.php\/2025\/08\/26\/det-utrolige-spraket-til-quipu-i-pre-kolumbian-peru\/#primaryimage\"},\"thumbnailUrl\":\"https:\/\/nordnesrepublikken.no\/wp-content\/uploads\/2025\/08\/Det-utrolige-spraket-til-quipu-i-pre-kolumbian-Peru.469.jpeg\",\"datePublished\":\"2025-08-26T00:51:05+00:00\",\"breadcrumb\":{\"@id\":\"https:\/\/nordnesrepublikken.no\/index.php\/2025\/08\/26\/det-utrolige-spraket-til-quipu-i-pre-kolumbian-peru\/#breadcrumb\"},\"inLanguage\":\"nb-NO\",\"potentialAction\":[{\"@type\":\"ReadAction\",\"target\":[\"https:\/\/nordnesrepublikken.no\/index.php\/2025\/08\/26\/det-utrolige-spraket-til-quipu-i-pre-kolumbian-peru\/\"]}]},{\"@type\":\"ImageObject\",\"inLanguage\":\"nb-NO\",\"@id\":\"https:\/\/nordnesrepublikken.no\/index.php\/2025\/08\/26\/det-utrolige-spraket-til-quipu-i-pre-kolumbian-peru\/#primaryimage\",\"url\":\"https:\/\/nordnesrepublikken.no\/wp-content\/uploads\/2025\/08\/Det-utrolige-spraket-til-quipu-i-pre-kolumbian-Peru.469.jpeg\",\"contentUrl\":\"https:\/\/nordnesrepublikken.no\/wp-content\/uploads\/2025\/08\/Det-utrolige-spraket-til-quipu-i-pre-kolumbian-Peru.469.jpeg\",\"width\":800,\"height\":664,\"caption\":\"Immagine\"},{\"@type\":\"BreadcrumbList\",\"@id\":\"https:\/\/nordnesrepublikken.no\/index.php\/2025\/08\/26\/det-utrolige-spraket-til-quipu-i-pre-kolumbian-peru\/#breadcrumb\",\"itemListElement\":[{\"@type\":\"ListItem\",\"position\":1,\"name\":\"Home\",\"item\":\"https:\/\/nordnesrepublikken.no\/\"},{\"@type\":\"ListItem\",\"position\":2,\"name\":\"Det utrolige spr\u00e5ket til quipu i pre -kolumbian Peru\"}]},{\"@type\":\"WebSite\",\"@id\":\"https:\/\/nordnesrepublikken.no\/#website\",\"url\":\"https:\/\/nordnesrepublikken.no\/\",\"name\":\"Nordnesrepublikken\",\"description\":\"Stemmer og Visjoner fra Republikkens Hjerte\",\"publisher\":{\"@id\":\"https:\/\/nordnesrepublikken.no\/#organization\"},\"potentialAction\":[{\"@type\":\"SearchAction\",\"target\":{\"@type\":\"EntryPoint\",\"urlTemplate\":\"https:\/\/nordnesrepublikken.no\/?s={search_term_string}\"},\"query-input\":{\"@type\":\"PropertyValueSpecification\",\"valueRequired\":true,\"valueName\":\"search_term_string\"}}],\"inLanguage\":\"nb-NO\"},{\"@type\":\"Organization\",\"@id\":\"https:\/\/nordnesrepublikken.no\/#organization\",\"name\":\"Nordnesrepublikken\",\"url\":\"https:\/\/nordnesrepublikken.no\/\",\"logo\":{\"@type\":\"ImageObject\",\"inLanguage\":\"nb-NO\",\"@id\":\"https:\/\/nordnesrepublikken.no\/#\/schema\/logo\/image\/\",\"url\":\"https:\/\/nordnesrepublikken.no\/wp-content\/uploads\/2025\/02\/cropped-nordnesrepublikken-2.png\",\"contentUrl\":\"https:\/\/nordnesrepublikken.no\/wp-content\/uploads\/2025\/02\/cropped-nordnesrepublikken-2.png\",\"width\":1248,\"height\":362,\"caption\":\"Nordnesrepublikken\"},\"image\":{\"@id\":\"https:\/\/nordnesrepublikken.no\/#\/schema\/logo\/image\/\"}},{\"@type\":\"Person\",\"@id\":\"https:\/\/nordnesrepublikken.no\/#\/schema\/person\/2e7e81935bab77882fffb79296240ff1\",\"name\":\"Ole Andersen\",\"image\":{\"@type\":\"ImageObject\",\"inLanguage\":\"nb-NO\",\"@id\":\"https:\/\/nordnesrepublikken.no\/#\/schema\/person\/image\/\",\"url\":\"https:\/\/nordnesrepublikken.no\/wp-content\/uploads\/2025\/02\/nordnesrepublikken-2-2-150x150.jpg\",\"contentUrl\":\"https:\/\/nordnesrepublikken.no\/wp-content\/uploads\/2025\/02\/nordnesrepublikken-2-2-150x150.jpg\",\"caption\":\"Ole Andersen\"},\"description\":\"Ettersom jeg vokste opp i Oslo, har jeg alltid v\u00e6rt fascinert av ordenes kraft og deres evne til \u00e5 skape endringer. Etter \u00e5 ha fullf\u00f8rt min utdannelse i kommunikasjon ved Universitetet i Bergen, fikk jeg muligheten til \u00e5 jobbe innen ulike medier, der jeg har s\u00f8kt \u00e5 belyse viktige samfunnssp\u00f8rsm\u00e5l. I dag, som redakt\u00f8r for Nordnesrepublikken, pr\u00f8ver jeg \u00e5 forene min kj\u00e6rlighet for journalistikk med min lidenskap for innovasjon og eventyr.\",\"sameAs\":[\"https:\/\/nordnesrepublikken.no\/\"]}]}<\/script>\n<!-- \/ Yoast SEO plugin. -->","yoast_head_json":{"title":"Det utrolige spr\u00e5ket til quipu i pre -kolumbian Peru - Nordnesrepublikken","robots":{"index":"index","follow":"follow","max-snippet":"max-snippet:-1","max-image-preview":"max-image-preview:large","max-video-preview":"max-video-preview:-1"},"canonical":"https:\/\/nordnesrepublikken.no\/index.php\/2025\/08\/26\/det-utrolige-spraket-til-quipu-i-pre-kolumbian-peru\/","og_locale":"nb_NO","og_type":"article","og_title":"Det utrolige spr\u00e5ket til quipu i pre -kolumbian Peru - Nordnesrepublikken","og_description":"I For pre -kolumbian Det var en veldig effektiv m\u00e5te \u00e5 ta hensyn til viktig","og_url":"https:\/\/nordnesrepublikken.no\/index.php\/2025\/08\/26\/det-utrolige-spraket-til-quipu-i-pre-kolumbian-peru\/","og_site_name":"Nordnesrepublikken","article_published_time":"2025-08-26T00:51:05+00:00","og_image":[{"width":800,"height":664,"url":"https:\/\/nordnesrepublikken.no\/wp-content\/uploads\/2025\/08\/Det-utrolige-spraket-til-quipu-i-pre-kolumbian-Peru.469.jpeg","type":"image\/jpeg"}],"author":"Ole Andersen","twitter_card":"summary_large_image","twitter_misc":{"Skrevet av":"Ole Andersen","Ansl. lesetid":"2 minutter"},"schema":{"@context":"https:\/\/schema.org","@graph":[{"@type":"Article","@id":"https:\/\/nordnesrepublikken.no\/index.php\/2025\/08\/26\/det-utrolige-spraket-til-quipu-i-pre-kolumbian-peru\/#article","isPartOf":{"@id":"https:\/\/nordnesrepublikken.no\/index.php\/2025\/08\/26\/det-utrolige-spraket-til-quipu-i-pre-kolumbian-peru\/"},"author":{"name":"Ole Andersen","@id":"https:\/\/nordnesrepublikken.no\/#\/schema\/person\/2e7e81935bab77882fffb79296240ff1"},"headline":"Det utrolige spr\u00e5ket til quipu i pre -kolumbian Peru","datePublished":"2025-08-26T00:51:05+00:00","mainEntityOfPage":{"@id":"https:\/\/nordnesrepublikken.no\/index.php\/2025\/08\/26\/det-utrolige-spraket-til-quipu-i-pre-kolumbian-peru\/"},"wordCount":493,"publisher":{"@id":"https:\/\/nordnesrepublikken.no\/#organization"},"image":{"@id":"https:\/\/nordnesrepublikken.no\/index.php\/2025\/08\/26\/det-utrolige-spraket-til-quipu-i-pre-kolumbian-peru\/#primaryimage"},"thumbnailUrl":"https:\/\/nordnesrepublikken.no\/wp-content\/uploads\/2025\/08\/Det-utrolige-spraket-til-quipu-i-pre-kolumbian-Peru.469.jpeg","keywords":["Det","kolumbian","Peru","pre","quipu","spr\u00e5ket","til","utrolige"],"articleSection":["Samfunn"],"inLanguage":"nb-NO"},{"@type":"WebPage","@id":"https:\/\/nordnesrepublikken.no\/index.php\/2025\/08\/26\/det-utrolige-spraket-til-quipu-i-pre-kolumbian-peru\/","url":"https:\/\/nordnesrepublikken.no\/index.php\/2025\/08\/26\/det-utrolige-spraket-til-quipu-i-pre-kolumbian-peru\/","name":"Det utrolige spr\u00e5ket til quipu i pre -kolumbian Peru - Nordnesrepublikken","isPartOf":{"@id":"https:\/\/nordnesrepublikken.no\/#website"},"primaryImageOfPage":{"@id":"https:\/\/nordnesrepublikken.no\/index.php\/2025\/08\/26\/det-utrolige-spraket-til-quipu-i-pre-kolumbian-peru\/#primaryimage"},"image":{"@id":"https:\/\/nordnesrepublikken.no\/index.php\/2025\/08\/26\/det-utrolige-spraket-til-quipu-i-pre-kolumbian-peru\/#primaryimage"},"thumbnailUrl":"https:\/\/nordnesrepublikken.no\/wp-content\/uploads\/2025\/08\/Det-utrolige-spraket-til-quipu-i-pre-kolumbian-Peru.469.jpeg","datePublished":"2025-08-26T00:51:05+00:00","breadcrumb":{"@id":"https:\/\/nordnesrepublikken.no\/index.php\/2025\/08\/26\/det-utrolige-spraket-til-quipu-i-pre-kolumbian-peru\/#breadcrumb"},"inLanguage":"nb-NO","potentialAction":[{"@type":"ReadAction","target":["https:\/\/nordnesrepublikken.no\/index.php\/2025\/08\/26\/det-utrolige-spraket-til-quipu-i-pre-kolumbian-peru\/"]}]},{"@type":"ImageObject","inLanguage":"nb-NO","@id":"https:\/\/nordnesrepublikken.no\/index.php\/2025\/08\/26\/det-utrolige-spraket-til-quipu-i-pre-kolumbian-peru\/#primaryimage","url":"https:\/\/nordnesrepublikken.no\/wp-content\/uploads\/2025\/08\/Det-utrolige-spraket-til-quipu-i-pre-kolumbian-Peru.469.jpeg","contentUrl":"https:\/\/nordnesrepublikken.no\/wp-content\/uploads\/2025\/08\/Det-utrolige-spraket-til-quipu-i-pre-kolumbian-Peru.469.jpeg","width":800,"height":664,"caption":"Immagine"},{"@type":"BreadcrumbList","@id":"https:\/\/nordnesrepublikken.no\/index.php\/2025\/08\/26\/det-utrolige-spraket-til-quipu-i-pre-kolumbian-peru\/#breadcrumb","itemListElement":[{"@type":"ListItem","position":1,"name":"Home","item":"https:\/\/nordnesrepublikken.no\/"},{"@type":"ListItem","position":2,"name":"Det utrolige spr\u00e5ket til quipu i pre -kolumbian Peru"}]},{"@type":"WebSite","@id":"https:\/\/nordnesrepublikken.no\/#website","url":"https:\/\/nordnesrepublikken.no\/","name":"Nordnesrepublikken","description":"Stemmer og Visjoner fra Republikkens Hjerte","publisher":{"@id":"https:\/\/nordnesrepublikken.no\/#organization"},"potentialAction":[{"@type":"SearchAction","target":{"@type":"EntryPoint","urlTemplate":"https:\/\/nordnesrepublikken.no\/?s={search_term_string}"},"query-input":{"@type":"PropertyValueSpecification","valueRequired":true,"valueName":"search_term_string"}}],"inLanguage":"nb-NO"},{"@type":"Organization","@id":"https:\/\/nordnesrepublikken.no\/#organization","name":"Nordnesrepublikken","url":"https:\/\/nordnesrepublikken.no\/","logo":{"@type":"ImageObject","inLanguage":"nb-NO","@id":"https:\/\/nordnesrepublikken.no\/#\/schema\/logo\/image\/","url":"https:\/\/nordnesrepublikken.no\/wp-content\/uploads\/2025\/02\/cropped-nordnesrepublikken-2.png","contentUrl":"https:\/\/nordnesrepublikken.no\/wp-content\/uploads\/2025\/02\/cropped-nordnesrepublikken-2.png","width":1248,"height":362,"caption":"Nordnesrepublikken"},"image":{"@id":"https:\/\/nordnesrepublikken.no\/#\/schema\/logo\/image\/"}},{"@type":"Person","@id":"https:\/\/nordnesrepublikken.no\/#\/schema\/person\/2e7e81935bab77882fffb79296240ff1","name":"Ole Andersen","image":{"@type":"ImageObject","inLanguage":"nb-NO","@id":"https:\/\/nordnesrepublikken.no\/#\/schema\/person\/image\/","url":"https:\/\/nordnesrepublikken.no\/wp-content\/uploads\/2025\/02\/nordnesrepublikken-2-2-150x150.jpg","contentUrl":"https:\/\/nordnesrepublikken.no\/wp-content\/uploads\/2025\/02\/nordnesrepublikken-2-2-150x150.jpg","caption":"Ole Andersen"},"description":"Ettersom jeg vokste opp i Oslo, har jeg alltid v\u00e6rt fascinert av ordenes kraft og deres evne til \u00e5 skape endringer. Etter \u00e5 ha fullf\u00f8rt min utdannelse i kommunikasjon ved Universitetet i Bergen, fikk jeg muligheten til \u00e5 jobbe innen ulike medier, der jeg har s\u00f8kt \u00e5 belyse viktige samfunnssp\u00f8rsm\u00e5l. I dag, som redakt\u00f8r for Nordnesrepublikken, pr\u00f8ver jeg \u00e5 forene min kj\u00e6rlighet for journalistikk med min lidenskap for innovasjon og eventyr.","sameAs":["https:\/\/nordnesrepublikken.no\/"]}]}},"_links":{"self":[{"href":"https:\/\/nordnesrepublikken.no\/index.php\/wp-json\/wp\/v2\/posts\/8745","targetHints":{"allow":["GET"]}}],"collection":[{"href":"https:\/\/nordnesrepublikken.no\/index.php\/wp-json\/wp\/v2\/posts"}],"about":[{"href":"https:\/\/nordnesrepublikken.no\/index.php\/wp-json\/wp\/v2\/types\/post"}],"author":[{"embeddable":true,"href":"https:\/\/nordnesrepublikken.no\/index.php\/wp-json\/wp\/v2\/users\/1"}],"replies":[{"embeddable":true,"href":"https:\/\/nordnesrepublikken.no\/index.php\/wp-json\/wp\/v2\/comments?post=8745"}],"version-history":[{"count":1,"href":"https:\/\/nordnesrepublikken.no\/index.php\/wp-json\/wp\/v2\/posts\/8745\/revisions"}],"predecessor-version":[{"id":8747,"href":"https:\/\/nordnesrepublikken.no\/index.php\/wp-json\/wp\/v2\/posts\/8745\/revisions\/8747"}],"wp:featuredmedia":[{"embeddable":true,"href":"https:\/\/nordnesrepublikken.no\/index.php\/wp-json\/wp\/v2\/media\/8746"}],"wp:attachment":[{"href":"https:\/\/nordnesrepublikken.no\/index.php\/wp-json\/wp\/v2\/media?parent=8745"}],"wp:term":[{"taxonomy":"category","embeddable":true,"href":"https:\/\/nordnesrepublikken.no\/index.php\/wp-json\/wp\/v2\/categories?post=8745"},{"taxonomy":"post_tag","embeddable":true,"href":"https:\/\/nordnesrepublikken.no\/index.php\/wp-json\/wp\/v2\/tags?post=8745"}],"curies":[{"name":"wp","href":"https:\/\/api.w.org\/{rel}","templated":true}]}}