{"id":8697,"date":"2025-08-25T04:50:22","date_gmt":"2025-08-25T02:50:22","guid":{"rendered":"https:\/\/nordnesrepublikken.no\/index.php\/2025\/08\/25\/jet2-gar-familie-forst-gratis-flyreiser-for-babyer-mer-bagasje-ogsa\/"},"modified":"2025-08-25T04:50:25","modified_gmt":"2025-08-25T02:50:25","slug":"jet2-gar-familie-forst-gratis-flyreiser-for-babyer-mer-bagasje-ogsa","status":"publish","type":"post","link":"https:\/\/nordnesrepublikken.no\/index.php\/2025\/08\/25\/jet2-gar-familie-forst-gratis-flyreiser-for-babyer-mer-bagasje-ogsa\/","title":{"rendered":"Jet2 g\u00e5r familie-f\u00f8rst: gratis flyreiser for babyer, mer bagasje ogs\u00e5"},"content":{"rendered":"<p><\/p>\n<div class=\"wordpress-content\">\n                    <!-- Article Start --><\/p>\n<p><strong>Jet2 har kastet en livline til foreldre: Den britiske transport\u00f8ren tilbyr n\u00e5 gratis flyreiser for barn under to p\u00e5 alle nye bestillinger-bare sete og Jet2Holidays-pakker-over hele Europa, Med og Kanari\u00f8yene.<\/strong><\/p>\n<p>Det er en f\u00f8rste for et britisk flyselskap og et klart spill for familiemarkedet i en tid der reisekostnadene fortsetter \u00e5 krype opp.<\/p>\n<h2>Gratis spedbarnsfly: Hvem kvalifiserer og hvor du kan dra<\/h2>\n<p>Hva er endret? Fra n\u00e5 av kan spedbarn under 2 \u00e5r fly for \u20ac 0 med Jet2 n\u00e5r de er booket p\u00e5 en ny flytur eller pakkeferie. De fleste rivaler lader fremdeles for babyer, selv n\u00e5r de reiser p\u00e5 en foreldres fang. Jet2s trekkservietter som koster helt ut, og setter flere destinasjoner tilbake innen rekkevidde for unge familier.<\/p>\n<div class=\"sra_unit\"><link rel=\"stylesheet\" id=\"block-sra\" href=\"https:\/\/euroweeklynews.com\/wp-content\/plugins\/snack-related-articles\/dist\/css\/snack-related.min.css?250312-193541\" type=\"text\/css\" media=\"all\">\n<\/div>\n<p>Hvor gjelder det? Politikken dekker Jet2s nettverk av europeiske solflekker og bypauser &#8211; fra fastlands -Spania, balearene og kanariene til Hellas, Portugal, Italia og utover. Enten du snapper opp bare seter eller l\u00e5ser inn en pakke, flyr spedbarnet gratis.<\/p>\n<p>Hvorfor det betyr noe: Alle som er priset opp en halvtidsflukt vet at babyavgiften raskt legger opp. \u00c5 fjerne den kutter den totale regningen uten \u00e5 kutte komfort, og gir foreldrene mer frihet til n\u00e5r og hvor de skal dra.<\/p>\n<h2>Bagasje\u00f8kning for foreldre: barnevogner, bilseter og barnesenger inkludert<\/h2>\n<p>Jet2 stopper ikke til billettprisen. Flyselskapet har ogs\u00e5 l\u00f8snet sine regler p\u00e5 babysett, slik at du kan ta det du faktisk trenger:<\/p>\n<ul>\n<li>To barnelementer per under-2 kan sjekkes inn gratis-tenk barnevogn\/barnevogn, bilsete, reise barneseng eller babyb\u00e6rer.<\/li>\n<li>Den forrige 10 kg -hetten p\u00e5 disse varene har g\u00e5tt, noe som gir familier velkommen pusterom.<\/li>\n<\/ul>\n<p>P\u00e5 vanlig engelsk betyr det mindre faff p\u00e5 flyplassen og f\u00e6rre valg i siste \u00f8yeblikk om hva du skal etterlate. For familier som sjonglerer lur tider med porttider, utgj\u00f8r f\u00e6rre gebyrer og f\u00e6rre b\u00f8yler en virkelig forskjell.<\/p>\n<h2>Det lille skriftet &#8211; og hvordan du kan f\u00e5 mest mulig ut av det<\/h2>\n<p>Slik bestiller du: Legg til spedbarnet ditt som normalt n\u00e5r du reserverer seter eller en Jet2Holidays -pakke; Prisen for under-2 vil prise til \u20ac 0. Gratis girfradrag for babyer legges til samtidig, slik at du kan registrere barnevognen eller bilsetet p\u00e5 forh\u00e5nd og ta turen rett til bag-drop.<\/p>\n<p>Setevalg: Som med alle flyselskaper, reiser under-2-er typisk p\u00e5 en voksnes omgang med mindre du velger \u00e5 kj\u00f8pe dem sitt eget sete. Hvis du foretrekker et eget sete for lur eller bilsetreiser, kan du fremdeles bestille en-du betaler bare den vanlige barneprisen for det ekstra setet.<\/p>\n<h3>Smarte lagringstips:<\/h3>\n<ul>\n<li>Reise utenfor toppen hvis du kan; \u00c5 sammenkoble gratis spedbarnspris med roligere uker, gir ofte den totale pakkeprisen.<\/li>\n<li>Bruk den gratis babyelementets godtgj\u00f8relse for \u00e5 unng\u00e5 ansettelsesutstyr p\u00e5 destinasjonen.<\/li>\n<li>Bestill tidlig i skoleferien: Ettersp\u00f8rselen er rask og familiens rader selger ut raskt.<\/li>\n<\/ul>\n<h2>Hvorfor dette er en spillbytter for foreldre<\/h2>\n<p>Kostnaden for \u00e5 ta sm\u00e5 i utlandet har lenge v\u00e6rt et smertepunkt &#8211; spedbarnskostnader her, barnevogn avgifter der, og det er f\u00f8r du kommer til overnatting. Jet2s nye politikk fjerner en av de st\u00f8rste skjulte kostnadene og letter bagasjebyrden i en hit. Det er et klart signal om at flyselskapet \u00f8nsker \u00e5 v\u00e6re Storbritannias mest familievennlige valg, og det vil sannsynligvis presse konkurrenter til \u00e5 se p\u00e5 sine egne regler.<\/p>\n<p>Hvis du har satt av en f\u00f8rste tur med babyen, har Jet2 nettopp gjort det enklere &#8211; og billigere &#8211; \u00e5 g\u00e5.<\/p>\n<p>                    <!-- This article has been originally published at https:\/\/euroweeklynews.com\/2025\/08\/24\/jet2-goes-family-first-free-flights-for-babies-more-baggage-too\/ on 24 Aug 2025 at 23:47 by Farah Mokrani --><br \/>\n                    <!-- Article End -->\n                <\/div>\n","protected":false},"excerpt":{"rendered":"<p>Jet2 har kastet en livline til foreldre: Den britiske transport\u00f8ren tilbyr n\u00e5 gratis flyreiser for<\/p>\n","protected":false},"author":1,"featured_media":8698,"comment_status":"closed","ping_status":"open","sticky":false,"template":"","format":"standard","meta":{"footnotes":""},"categories":[105],"tags":[790,5715,5714,805,300,1952,1080,379,753],"class_list":["post-8697","post","type-post","status-publish","format-standard","has-post-thumbnail","hentry","category-livsstil","tag-babyer","tag-bagasje","tag-familieforst","tag-flyreiser","tag-gar","tag-gratis","tag-jet2","tag-mer","tag-ogsa","generate-columns","tablet-grid-50","mobile-grid-100","grid-parent","grid-33","resize-featured-image"],"yoast_head":"<!-- This site is optimized with the Yoast SEO plugin v24.4 - https:\/\/yoast.com\/wordpress\/plugins\/seo\/ -->\n<title>Jet2 g\u00e5r familie-f\u00f8rst: gratis flyreiser for babyer, mer bagasje ogs\u00e5 - Nordnesrepublikken<\/title>\n<meta name=\"robots\" content=\"index, follow, max-snippet:-1, max-image-preview:large, max-video-preview:-1\" \/>\n<link rel=\"canonical\" href=\"https:\/\/nordnesrepublikken.no\/index.php\/2025\/08\/25\/jet2-gar-familie-forst-gratis-flyreiser-for-babyer-mer-bagasje-ogsa\/\" \/>\n<meta property=\"og:locale\" content=\"nb_NO\" \/>\n<meta property=\"og:type\" content=\"article\" \/>\n<meta property=\"og:title\" content=\"Jet2 g\u00e5r familie-f\u00f8rst: gratis flyreiser for babyer, mer bagasje ogs\u00e5 - Nordnesrepublikken\" \/>\n<meta property=\"og:description\" content=\"Jet2 har kastet en livline til foreldre: Den britiske transport\u00f8ren tilbyr n\u00e5 gratis flyreiser for\" \/>\n<meta property=\"og:url\" content=\"https:\/\/nordnesrepublikken.no\/index.php\/2025\/08\/25\/jet2-gar-familie-forst-gratis-flyreiser-for-babyer-mer-bagasje-ogsa\/\" \/>\n<meta property=\"og:site_name\" content=\"Nordnesrepublikken\" \/>\n<meta property=\"article:published_time\" content=\"2025-08-25T02:50:22+00:00\" \/>\n<meta property=\"article:modified_time\" content=\"2025-08-25T02:50:25+00:00\" \/>\n<meta property=\"og:image\" content=\"https:\/\/nordnesrepublikken.no\/wp-content\/uploads\/2025\/08\/1756090223_Jet2-gar-familie-forst-gratis-flyreiser-for-babyer-mer-bagasje-ogsa.jpg\" \/>\n\t<meta property=\"og:image:width\" content=\"1200\" \/>\n\t<meta property=\"og:image:height\" content=\"800\" \/>\n\t<meta property=\"og:image:type\" content=\"image\/jpeg\" \/>\n<meta name=\"author\" content=\"Ole Andersen\" \/>\n<meta name=\"twitter:card\" content=\"summary_large_image\" \/>\n<meta name=\"twitter:label1\" content=\"Skrevet av\" \/>\n\t<meta name=\"twitter:data1\" content=\"Ole Andersen\" \/>\n\t<meta name=\"twitter:label2\" content=\"Ansl. lesetid\" \/>\n\t<meta name=\"twitter:data2\" content=\"3 minutter\" \/>\n<script type=\"application\/ld+json\" class=\"yoast-schema-graph\">{\"@context\":\"https:\/\/schema.org\",\"@graph\":[{\"@type\":\"Article\",\"@id\":\"https:\/\/nordnesrepublikken.no\/index.php\/2025\/08\/25\/jet2-gar-familie-forst-gratis-flyreiser-for-babyer-mer-bagasje-ogsa\/#article\",\"isPartOf\":{\"@id\":\"https:\/\/nordnesrepublikken.no\/index.php\/2025\/08\/25\/jet2-gar-familie-forst-gratis-flyreiser-for-babyer-mer-bagasje-ogsa\/\"},\"author\":{\"name\":\"Ole Andersen\",\"@id\":\"https:\/\/nordnesrepublikken.no\/#\/schema\/person\/2e7e81935bab77882fffb79296240ff1\"},\"headline\":\"Jet2 g\u00e5r familie-f\u00f8rst: gratis flyreiser for babyer, mer bagasje ogs\u00e5\",\"datePublished\":\"2025-08-25T02:50:22+00:00\",\"dateModified\":\"2025-08-25T02:50:25+00:00\",\"mainEntityOfPage\":{\"@id\":\"https:\/\/nordnesrepublikken.no\/index.php\/2025\/08\/25\/jet2-gar-familie-forst-gratis-flyreiser-for-babyer-mer-bagasje-ogsa\/\"},\"wordCount\":576,\"publisher\":{\"@id\":\"https:\/\/nordnesrepublikken.no\/#organization\"},\"image\":{\"@id\":\"https:\/\/nordnesrepublikken.no\/index.php\/2025\/08\/25\/jet2-gar-familie-forst-gratis-flyreiser-for-babyer-mer-bagasje-ogsa\/#primaryimage\"},\"thumbnailUrl\":\"https:\/\/nordnesrepublikken.no\/wp-content\/uploads\/2025\/08\/1756090223_Jet2-gar-familie-forst-gratis-flyreiser-for-babyer-mer-bagasje-ogsa.jpg\",\"keywords\":[\"babyer\",\"bagasje\",\"familief\u00f8rst\",\"flyreiser\",\"g\u00e5r\",\"gratis\",\"Jet2\",\"mer\",\"ogs\u00e5\"],\"articleSection\":[\"Livsstil\"],\"inLanguage\":\"nb-NO\"},{\"@type\":\"WebPage\",\"@id\":\"https:\/\/nordnesrepublikken.no\/index.php\/2025\/08\/25\/jet2-gar-familie-forst-gratis-flyreiser-for-babyer-mer-bagasje-ogsa\/\",\"url\":\"https:\/\/nordnesrepublikken.no\/index.php\/2025\/08\/25\/jet2-gar-familie-forst-gratis-flyreiser-for-babyer-mer-bagasje-ogsa\/\",\"name\":\"Jet2 g\u00e5r familie-f\u00f8rst: gratis flyreiser for babyer, mer bagasje ogs\u00e5 - Nordnesrepublikken\",\"isPartOf\":{\"@id\":\"https:\/\/nordnesrepublikken.no\/#website\"},\"primaryImageOfPage\":{\"@id\":\"https:\/\/nordnesrepublikken.no\/index.php\/2025\/08\/25\/jet2-gar-familie-forst-gratis-flyreiser-for-babyer-mer-bagasje-ogsa\/#primaryimage\"},\"image\":{\"@id\":\"https:\/\/nordnesrepublikken.no\/index.php\/2025\/08\/25\/jet2-gar-familie-forst-gratis-flyreiser-for-babyer-mer-bagasje-ogsa\/#primaryimage\"},\"thumbnailUrl\":\"https:\/\/nordnesrepublikken.no\/wp-content\/uploads\/2025\/08\/1756090223_Jet2-gar-familie-forst-gratis-flyreiser-for-babyer-mer-bagasje-ogsa.jpg\",\"datePublished\":\"2025-08-25T02:50:22+00:00\",\"dateModified\":\"2025-08-25T02:50:25+00:00\",\"breadcrumb\":{\"@id\":\"https:\/\/nordnesrepublikken.no\/index.php\/2025\/08\/25\/jet2-gar-familie-forst-gratis-flyreiser-for-babyer-mer-bagasje-ogsa\/#breadcrumb\"},\"inLanguage\":\"nb-NO\",\"potentialAction\":[{\"@type\":\"ReadAction\",\"target\":[\"https:\/\/nordnesrepublikken.no\/index.php\/2025\/08\/25\/jet2-gar-familie-forst-gratis-flyreiser-for-babyer-mer-bagasje-ogsa\/\"]}]},{\"@type\":\"ImageObject\",\"inLanguage\":\"nb-NO\",\"@id\":\"https:\/\/nordnesrepublikken.no\/index.php\/2025\/08\/25\/jet2-gar-familie-forst-gratis-flyreiser-for-babyer-mer-bagasje-ogsa\/#primaryimage\",\"url\":\"https:\/\/nordnesrepublikken.no\/wp-content\/uploads\/2025\/08\/1756090223_Jet2-gar-familie-forst-gratis-flyreiser-for-babyer-mer-bagasje-ogsa.jpg\",\"contentUrl\":\"https:\/\/nordnesrepublikken.no\/wp-content\/uploads\/2025\/08\/1756090223_Jet2-gar-familie-forst-gratis-flyreiser-for-babyer-mer-bagasje-ogsa.jpg\",\"width\":1200,\"height\":800,\"caption\":\"Jet2 g\u00e5r familie-f\u00f8rst: gratis flyreiser for babyer, mer bagasje ogs\u00e5\"},{\"@type\":\"BreadcrumbList\",\"@id\":\"https:\/\/nordnesrepublikken.no\/index.php\/2025\/08\/25\/jet2-gar-familie-forst-gratis-flyreiser-for-babyer-mer-bagasje-ogsa\/#breadcrumb\",\"itemListElement\":[{\"@type\":\"ListItem\",\"position\":1,\"name\":\"Home\",\"item\":\"https:\/\/nordnesrepublikken.no\/\"},{\"@type\":\"ListItem\",\"position\":2,\"name\":\"Jet2 g\u00e5r familie-f\u00f8rst: gratis flyreiser for babyer, mer bagasje ogs\u00e5\"}]},{\"@type\":\"WebSite\",\"@id\":\"https:\/\/nordnesrepublikken.no\/#website\",\"url\":\"https:\/\/nordnesrepublikken.no\/\",\"name\":\"Nordnesrepublikken\",\"description\":\"Stemmer og Visjoner fra Republikkens Hjerte\",\"publisher\":{\"@id\":\"https:\/\/nordnesrepublikken.no\/#organization\"},\"potentialAction\":[{\"@type\":\"SearchAction\",\"target\":{\"@type\":\"EntryPoint\",\"urlTemplate\":\"https:\/\/nordnesrepublikken.no\/?s={search_term_string}\"},\"query-input\":{\"@type\":\"PropertyValueSpecification\",\"valueRequired\":true,\"valueName\":\"search_term_string\"}}],\"inLanguage\":\"nb-NO\"},{\"@type\":\"Organization\",\"@id\":\"https:\/\/nordnesrepublikken.no\/#organization\",\"name\":\"Nordnesrepublikken\",\"url\":\"https:\/\/nordnesrepublikken.no\/\",\"logo\":{\"@type\":\"ImageObject\",\"inLanguage\":\"nb-NO\",\"@id\":\"https:\/\/nordnesrepublikken.no\/#\/schema\/logo\/image\/\",\"url\":\"https:\/\/nordnesrepublikken.no\/wp-content\/uploads\/2025\/02\/cropped-nordnesrepublikken-2.png\",\"contentUrl\":\"https:\/\/nordnesrepublikken.no\/wp-content\/uploads\/2025\/02\/cropped-nordnesrepublikken-2.png\",\"width\":1248,\"height\":362,\"caption\":\"Nordnesrepublikken\"},\"image\":{\"@id\":\"https:\/\/nordnesrepublikken.no\/#\/schema\/logo\/image\/\"}},{\"@type\":\"Person\",\"@id\":\"https:\/\/nordnesrepublikken.no\/#\/schema\/person\/2e7e81935bab77882fffb79296240ff1\",\"name\":\"Ole Andersen\",\"image\":{\"@type\":\"ImageObject\",\"inLanguage\":\"nb-NO\",\"@id\":\"https:\/\/nordnesrepublikken.no\/#\/schema\/person\/image\/\",\"url\":\"https:\/\/nordnesrepublikken.no\/wp-content\/uploads\/2025\/02\/nordnesrepublikken-2-2-150x150.jpg\",\"contentUrl\":\"https:\/\/nordnesrepublikken.no\/wp-content\/uploads\/2025\/02\/nordnesrepublikken-2-2-150x150.jpg\",\"caption\":\"Ole Andersen\"},\"description\":\"Ettersom jeg vokste opp i Oslo, har jeg alltid v\u00e6rt fascinert av ordenes kraft og deres evne til \u00e5 skape endringer. Etter \u00e5 ha fullf\u00f8rt min utdannelse i kommunikasjon ved Universitetet i Bergen, fikk jeg muligheten til \u00e5 jobbe innen ulike medier, der jeg har s\u00f8kt \u00e5 belyse viktige samfunnssp\u00f8rsm\u00e5l. I dag, som redakt\u00f8r for Nordnesrepublikken, pr\u00f8ver jeg \u00e5 forene min kj\u00e6rlighet for journalistikk med min lidenskap for innovasjon og eventyr.\",\"sameAs\":[\"https:\/\/nordnesrepublikken.no\/\"]}]}<\/script>\n<!-- \/ Yoast SEO plugin. -->","yoast_head_json":{"title":"Jet2 g\u00e5r familie-f\u00f8rst: gratis flyreiser for babyer, mer bagasje ogs\u00e5 - Nordnesrepublikken","robots":{"index":"index","follow":"follow","max-snippet":"max-snippet:-1","max-image-preview":"max-image-preview:large","max-video-preview":"max-video-preview:-1"},"canonical":"https:\/\/nordnesrepublikken.no\/index.php\/2025\/08\/25\/jet2-gar-familie-forst-gratis-flyreiser-for-babyer-mer-bagasje-ogsa\/","og_locale":"nb_NO","og_type":"article","og_title":"Jet2 g\u00e5r familie-f\u00f8rst: gratis flyreiser for babyer, mer bagasje ogs\u00e5 - Nordnesrepublikken","og_description":"Jet2 har kastet en livline til foreldre: Den britiske transport\u00f8ren tilbyr n\u00e5 gratis flyreiser for","og_url":"https:\/\/nordnesrepublikken.no\/index.php\/2025\/08\/25\/jet2-gar-familie-forst-gratis-flyreiser-for-babyer-mer-bagasje-ogsa\/","og_site_name":"Nordnesrepublikken","article_published_time":"2025-08-25T02:50:22+00:00","article_modified_time":"2025-08-25T02:50:25+00:00","og_image":[{"width":1200,"height":800,"url":"https:\/\/nordnesrepublikken.no\/wp-content\/uploads\/2025\/08\/1756090223_Jet2-gar-familie-forst-gratis-flyreiser-for-babyer-mer-bagasje-ogsa.jpg","type":"image\/jpeg"}],"author":"Ole Andersen","twitter_card":"summary_large_image","twitter_misc":{"Skrevet av":"Ole Andersen","Ansl. lesetid":"3 minutter"},"schema":{"@context":"https:\/\/schema.org","@graph":[{"@type":"Article","@id":"https:\/\/nordnesrepublikken.no\/index.php\/2025\/08\/25\/jet2-gar-familie-forst-gratis-flyreiser-for-babyer-mer-bagasje-ogsa\/#article","isPartOf":{"@id":"https:\/\/nordnesrepublikken.no\/index.php\/2025\/08\/25\/jet2-gar-familie-forst-gratis-flyreiser-for-babyer-mer-bagasje-ogsa\/"},"author":{"name":"Ole Andersen","@id":"https:\/\/nordnesrepublikken.no\/#\/schema\/person\/2e7e81935bab77882fffb79296240ff1"},"headline":"Jet2 g\u00e5r familie-f\u00f8rst: gratis flyreiser for babyer, mer bagasje ogs\u00e5","datePublished":"2025-08-25T02:50:22+00:00","dateModified":"2025-08-25T02:50:25+00:00","mainEntityOfPage":{"@id":"https:\/\/nordnesrepublikken.no\/index.php\/2025\/08\/25\/jet2-gar-familie-forst-gratis-flyreiser-for-babyer-mer-bagasje-ogsa\/"},"wordCount":576,"publisher":{"@id":"https:\/\/nordnesrepublikken.no\/#organization"},"image":{"@id":"https:\/\/nordnesrepublikken.no\/index.php\/2025\/08\/25\/jet2-gar-familie-forst-gratis-flyreiser-for-babyer-mer-bagasje-ogsa\/#primaryimage"},"thumbnailUrl":"https:\/\/nordnesrepublikken.no\/wp-content\/uploads\/2025\/08\/1756090223_Jet2-gar-familie-forst-gratis-flyreiser-for-babyer-mer-bagasje-ogsa.jpg","keywords":["babyer","bagasje","familief\u00f8rst","flyreiser","g\u00e5r","gratis","Jet2","mer","ogs\u00e5"],"articleSection":["Livsstil"],"inLanguage":"nb-NO"},{"@type":"WebPage","@id":"https:\/\/nordnesrepublikken.no\/index.php\/2025\/08\/25\/jet2-gar-familie-forst-gratis-flyreiser-for-babyer-mer-bagasje-ogsa\/","url":"https:\/\/nordnesrepublikken.no\/index.php\/2025\/08\/25\/jet2-gar-familie-forst-gratis-flyreiser-for-babyer-mer-bagasje-ogsa\/","name":"Jet2 g\u00e5r familie-f\u00f8rst: gratis flyreiser for babyer, mer bagasje ogs\u00e5 - Nordnesrepublikken","isPartOf":{"@id":"https:\/\/nordnesrepublikken.no\/#website"},"primaryImageOfPage":{"@id":"https:\/\/nordnesrepublikken.no\/index.php\/2025\/08\/25\/jet2-gar-familie-forst-gratis-flyreiser-for-babyer-mer-bagasje-ogsa\/#primaryimage"},"image":{"@id":"https:\/\/nordnesrepublikken.no\/index.php\/2025\/08\/25\/jet2-gar-familie-forst-gratis-flyreiser-for-babyer-mer-bagasje-ogsa\/#primaryimage"},"thumbnailUrl":"https:\/\/nordnesrepublikken.no\/wp-content\/uploads\/2025\/08\/1756090223_Jet2-gar-familie-forst-gratis-flyreiser-for-babyer-mer-bagasje-ogsa.jpg","datePublished":"2025-08-25T02:50:22+00:00","dateModified":"2025-08-25T02:50:25+00:00","breadcrumb":{"@id":"https:\/\/nordnesrepublikken.no\/index.php\/2025\/08\/25\/jet2-gar-familie-forst-gratis-flyreiser-for-babyer-mer-bagasje-ogsa\/#breadcrumb"},"inLanguage":"nb-NO","potentialAction":[{"@type":"ReadAction","target":["https:\/\/nordnesrepublikken.no\/index.php\/2025\/08\/25\/jet2-gar-familie-forst-gratis-flyreiser-for-babyer-mer-bagasje-ogsa\/"]}]},{"@type":"ImageObject","inLanguage":"nb-NO","@id":"https:\/\/nordnesrepublikken.no\/index.php\/2025\/08\/25\/jet2-gar-familie-forst-gratis-flyreiser-for-babyer-mer-bagasje-ogsa\/#primaryimage","url":"https:\/\/nordnesrepublikken.no\/wp-content\/uploads\/2025\/08\/1756090223_Jet2-gar-familie-forst-gratis-flyreiser-for-babyer-mer-bagasje-ogsa.jpg","contentUrl":"https:\/\/nordnesrepublikken.no\/wp-content\/uploads\/2025\/08\/1756090223_Jet2-gar-familie-forst-gratis-flyreiser-for-babyer-mer-bagasje-ogsa.jpg","width":1200,"height":800,"caption":"Jet2 g\u00e5r familie-f\u00f8rst: gratis flyreiser for babyer, mer bagasje ogs\u00e5"},{"@type":"BreadcrumbList","@id":"https:\/\/nordnesrepublikken.no\/index.php\/2025\/08\/25\/jet2-gar-familie-forst-gratis-flyreiser-for-babyer-mer-bagasje-ogsa\/#breadcrumb","itemListElement":[{"@type":"ListItem","position":1,"name":"Home","item":"https:\/\/nordnesrepublikken.no\/"},{"@type":"ListItem","position":2,"name":"Jet2 g\u00e5r familie-f\u00f8rst: gratis flyreiser for babyer, mer bagasje ogs\u00e5"}]},{"@type":"WebSite","@id":"https:\/\/nordnesrepublikken.no\/#website","url":"https:\/\/nordnesrepublikken.no\/","name":"Nordnesrepublikken","description":"Stemmer og Visjoner fra Republikkens Hjerte","publisher":{"@id":"https:\/\/nordnesrepublikken.no\/#organization"},"potentialAction":[{"@type":"SearchAction","target":{"@type":"EntryPoint","urlTemplate":"https:\/\/nordnesrepublikken.no\/?s={search_term_string}"},"query-input":{"@type":"PropertyValueSpecification","valueRequired":true,"valueName":"search_term_string"}}],"inLanguage":"nb-NO"},{"@type":"Organization","@id":"https:\/\/nordnesrepublikken.no\/#organization","name":"Nordnesrepublikken","url":"https:\/\/nordnesrepublikken.no\/","logo":{"@type":"ImageObject","inLanguage":"nb-NO","@id":"https:\/\/nordnesrepublikken.no\/#\/schema\/logo\/image\/","url":"https:\/\/nordnesrepublikken.no\/wp-content\/uploads\/2025\/02\/cropped-nordnesrepublikken-2.png","contentUrl":"https:\/\/nordnesrepublikken.no\/wp-content\/uploads\/2025\/02\/cropped-nordnesrepublikken-2.png","width":1248,"height":362,"caption":"Nordnesrepublikken"},"image":{"@id":"https:\/\/nordnesrepublikken.no\/#\/schema\/logo\/image\/"}},{"@type":"Person","@id":"https:\/\/nordnesrepublikken.no\/#\/schema\/person\/2e7e81935bab77882fffb79296240ff1","name":"Ole Andersen","image":{"@type":"ImageObject","inLanguage":"nb-NO","@id":"https:\/\/nordnesrepublikken.no\/#\/schema\/person\/image\/","url":"https:\/\/nordnesrepublikken.no\/wp-content\/uploads\/2025\/02\/nordnesrepublikken-2-2-150x150.jpg","contentUrl":"https:\/\/nordnesrepublikken.no\/wp-content\/uploads\/2025\/02\/nordnesrepublikken-2-2-150x150.jpg","caption":"Ole Andersen"},"description":"Ettersom jeg vokste opp i Oslo, har jeg alltid v\u00e6rt fascinert av ordenes kraft og deres evne til \u00e5 skape endringer. Etter \u00e5 ha fullf\u00f8rt min utdannelse i kommunikasjon ved Universitetet i Bergen, fikk jeg muligheten til \u00e5 jobbe innen ulike medier, der jeg har s\u00f8kt \u00e5 belyse viktige samfunnssp\u00f8rsm\u00e5l. I dag, som redakt\u00f8r for Nordnesrepublikken, pr\u00f8ver jeg \u00e5 forene min kj\u00e6rlighet for journalistikk med min lidenskap for innovasjon og eventyr.","sameAs":["https:\/\/nordnesrepublikken.no\/"]}]}},"_links":{"self":[{"href":"https:\/\/nordnesrepublikken.no\/index.php\/wp-json\/wp\/v2\/posts\/8697","targetHints":{"allow":["GET"]}}],"collection":[{"href":"https:\/\/nordnesrepublikken.no\/index.php\/wp-json\/wp\/v2\/posts"}],"about":[{"href":"https:\/\/nordnesrepublikken.no\/index.php\/wp-json\/wp\/v2\/types\/post"}],"author":[{"embeddable":true,"href":"https:\/\/nordnesrepublikken.no\/index.php\/wp-json\/wp\/v2\/users\/1"}],"replies":[{"embeddable":true,"href":"https:\/\/nordnesrepublikken.no\/index.php\/wp-json\/wp\/v2\/comments?post=8697"}],"version-history":[{"count":1,"href":"https:\/\/nordnesrepublikken.no\/index.php\/wp-json\/wp\/v2\/posts\/8697\/revisions"}],"predecessor-version":[{"id":8699,"href":"https:\/\/nordnesrepublikken.no\/index.php\/wp-json\/wp\/v2\/posts\/8697\/revisions\/8699"}],"wp:featuredmedia":[{"embeddable":true,"href":"https:\/\/nordnesrepublikken.no\/index.php\/wp-json\/wp\/v2\/media\/8698"}],"wp:attachment":[{"href":"https:\/\/nordnesrepublikken.no\/index.php\/wp-json\/wp\/v2\/media?parent=8697"}],"wp:term":[{"taxonomy":"category","embeddable":true,"href":"https:\/\/nordnesrepublikken.no\/index.php\/wp-json\/wp\/v2\/categories?post=8697"},{"taxonomy":"post_tag","embeddable":true,"href":"https:\/\/nordnesrepublikken.no\/index.php\/wp-json\/wp\/v2\/tags?post=8697"}],"curies":[{"name":"wp","href":"https:\/\/api.w.org\/{rel}","templated":true}]}}