{"id":8688,"date":"2025-08-24T16:50:28","date_gmt":"2025-08-24T14:50:28","guid":{"rendered":"https:\/\/nordnesrepublikken.no\/index.php\/2025\/08\/24\/hva-er-karakteren-til-et-jeg-og-hvordan-du-kan-tilpasse-det\/"},"modified":"2025-08-24T16:50:29","modified_gmt":"2025-08-24T14:50:29","slug":"hva-er-karakteren-til-et-jeg-og-hvordan-du-kan-tilpasse-det","status":"publish","type":"post","link":"https:\/\/nordnesrepublikken.no\/index.php\/2025\/08\/24\/hva-er-karakteren-til-et-jeg-og-hvordan-du-kan-tilpasse-det\/","title":{"rendered":"Hva er &laquo;karakteren&raquo; til et jeg og hvordan du kan tilpasse det"},"content":{"rendered":"<div>\n<div class=\"cp_wrapper cp_wrapper--fw mb-30 mb-20@tablet\">\n<figure class=\"mm\"><picture class=\"img\" style=\"padding-top:56.25%\"><source  media=\"(min-width: 1024px)\"><source  media=\"(min-width: 768px)\"><\/source><\/source><\/picture><\/figure>\n<\/p><\/div>\n<p>N\u00e5r AI tar feil og vi p\u00e5peker det, mesteparten av tiden gj\u00f8r du det <strong>Unnskyld meg<\/strong> Og det gir oss grunn. Men hvorfor gj\u00f8r det det? Hvorfor reagerer det ikke d\u00e5rlig og ikke blir sint? Alt dette avhenger av &laquo;<strong>karakter<\/strong>&laquo;Og fra&raquo;<strong>personlighet<\/strong>&laquo;Sett opp av det utviklingsselskapet til modellen. Karakteren til en AI, sa med enkle ord, er <strong>vei<\/strong> der <strong>samhandler<\/strong> med <strong>verden<\/strong>.<\/p>\n<p>\u00c5 definere denne personligheten er en kompleks utfordring, fremfor alt fordi AI skylder <strong>grensesnitt<\/strong> med <strong>mennesker<\/strong> Av <strong>kulturer<\/strong>, <strong>ideer<\/strong> Og <strong>verdier<\/strong> Veldig <strong>forskjellig<\/strong>. Selv de mest erfarne selskapene kan gj\u00f8re feil: et nylig eksempel er <strong>GPT-5<\/strong>den nye chatgpt -modellen som ble utgitt i begynnelsen av august, som han mottok <strong>kritikk<\/strong> nettopp for noen aspekter relatert til hans &laquo;<strong>personlighet<\/strong>\u201d. For \u00e5 avhjelpe denne typen problemer, er det mulig <strong>tilpasse<\/strong>i det minste delvis, <strong>karakter<\/strong> av chatgpt.<\/p>\n<h2><b>Hva er karakteren til et jeg og hvorfor det er viktig<\/b><\/h2>\n<p>&laquo;<strong>karakter<\/strong>&laquo;Av en AI er settet med hans <strong>stilistiske trekk<\/strong>, <strong>kommunikativ<\/strong> Og <strong>atferd<\/strong>. Det manifesterer seg i tonen som vedtar (vennlig, formell, kreativ &#8230;), p\u00e5 den m\u00e5ten den bygger setningene og i sin &laquo;holdning&raquo;: hvor detaljert eller kortfattet det er, hvis det gj\u00f8r sp\u00f8rsm\u00e5l, hvis det er mer proaktiv eller passiv. Kort sagt, det er m\u00e5ten der <strong>snakker<\/strong> Vel ja <strong>relatert<\/strong> med <strong>verden<\/strong>.<\/p>\n<p>Dette aspektet har et stort <strong>p\u00e5virkning<\/strong> p\u00e5<strong>opplevelse av bruk<\/strong>. Hvis en AI er for nedlatende, langvarig eller har en tendens til \u00e5 finne opp svar, vil brukeren miste selvtilliten og slutte \u00e5 bruke den. Men ikke bare det: &laquo;personligheten&raquo; til AI bestemmer ogs\u00e5 m\u00e5ten den svarer p\u00e5 spiny sp\u00f8rsm\u00e5l og reagerer p\u00e5 de forskjellige scenariene. Hvis det var absurd, en jeg med en <strong>&laquo;ond&raquo; personlighet<\/strong> Og vi spurte henne hvordan vi skulle behandle dyr, hun ville svare p\u00e5 noe som &laquo;burde lide&raquo;. Dette svaret g\u00e5r selvf\u00f8lgelig <strong>mot v\u00e5re etiske prinsipper<\/strong> Og vi vil aldri \u00f8nske \u00e5 motta den fra en AI. Men <strong>Hvordan kan vi unng\u00e5<\/strong> At AI gir svar av denne typen?<\/p>\n<h2><b>Hvordan kontrollere karakteren av kunstig intelligens<\/b><\/h2>\n<p>Trening av kunstige intelligensmodeller for \u00e5 ha god &laquo;personlighet&raquo; er en del av <strong>&laquo;Justering&raquo; -prosesser<\/strong>det vil si alle de prosessene som tjener til \u00e5 sikre at <strong>svar<\/strong> generert av AI er &laquo;<strong>justert<\/strong>&laquo;til <strong>menneskelige verdier<\/strong> og til <strong>etiske prinsipper<\/strong> av selskapet som utvikler det. Der <strong>definisjon<\/strong> og <strong>opprettelse<\/strong> av karakteren til en AI -modell under<strong> Endelig utviklingsfase<\/strong> av modellen. N\u00e5r karakteren er etablert, kan det imidlertid skje at i fasen av bruken gj\u00f8r modellen <strong>fjerne<\/strong> fra det<strong>justering<\/strong> p\u00e5 grunn av <strong>interaksjoner<\/strong> med <strong>Brukere<\/strong>.<\/p>\n<p>Det er enn\u00e5 ikke helt klart hvordan disse skjer <strong>endringer<\/strong>men Anthropics forskerteam, selskapet som utvikler Claude, har publisert en studie i slutten av juli 2025 der han presenterer noen <strong>Mulige l\u00f8sninger for \u00e5 kontrollere dem<\/strong>. Ved \u00e5 studere Claude litt som om det var en hjerne, klarte de \u00e5 identifisere hvilke aktiviteter for aktivitet innen modellkontrollkaraktertrekk som &laquo;<strong>d\u00e5rlighet<\/strong>\u201d,<strong>smiger<\/strong> av brukeren og <strong>tilb\u00f8yelighet til \u00e5 finne opp<\/strong> Falsk informasjon.<\/p>\n<p>De kalte disse aktivitetsaktivitetene &laquo;<strong>Personlighetsvektorer<\/strong>&laquo;Og de viste at \u00e5 legge dem til og trekke dem fra modellen <strong>endre dem<\/strong>i det minste delvis, <strong>oppf\u00f8rsel<\/strong>. Takket v\u00e6re disse personlighetsb\u00e6rerne klarte de derfor \u00e5 <strong>f\u00f8lge<\/strong> Hvis og hvordan <strong>personlighet<\/strong> av en modell endret under en samtale, for \u00e5 rette opp skuddet og <strong>forhindre<\/strong> begynnelsen av <strong>Negative egenskaper<\/strong> under utviklingen av modellen.<\/p>\n<h2><b>Chatgpt har personlighetsproblemer<\/b><\/h2>\n<p>\u00c5 kunne kalibrere godt personligheten til en AI er en ekstremt vanskelig jobb selv de st\u00f8rste selskapene gj\u00f8r feil. TIL <strong>Sent i april 2025<\/strong> OpenII, selskapet som utvikler chatgpt, m\u00e5tte <strong>trekke en oppdatering<\/strong> innen 72 timer nettopp p\u00e5 grunn av hans &laquo;personlighet&raquo;. Den nye oppdateringen var faktisk for mye <strong>servile<\/strong>: Han ber\u00f8mmet og feiret enhver bruk av brukere, og genererte en f\u00f8lelse av ubehag og irritasjon.<\/p>\n<p>I disse dager ser det ut til at det er et nytt problem relatert til personligheten, denne tiden av <strong>GPT-5<\/strong>den siste modellen som ble utgitt for publikum. If\u00f8lge brukere, hans <strong>personlighet<\/strong> Det er for kaldt, &laquo;<strong>Robotikk<\/strong>\u201dOg ikke veldig vennlig. Administrerende direkt\u00f8r i Openai, <strong>Sam Altman<\/strong>sa om X at teamet allerede jobber med en oppdatering for \u00e5 forbedre personligheten til modellen. Samtidig understreket han selskapets langsiktige m\u00e5l: tilbud til <strong>Hver bruker<\/strong> muligheten for <strong>tilpasse<\/strong> Helt karakteren til <strong>Bare chatgpt<\/strong>.<\/p>\n<p>Et f\u00f8rste skritt i denne retningen er allerede tatt med<strong>introduksjon<\/strong> Av <strong>4 Personlighet<\/strong> Standard, for tiden i <strong>Testfase.<\/strong> La oss se hvordan du kan stille dem.<\/p>\n<h2><b>Hvordan du kan tilpasse karakteren til chatgpt<\/b><\/h2>\n<p>F\u00f8rst av alt er det viktig \u00e5 avklare at <strong>tilpasninger<\/strong> Tilgjengelig for chatgpt <strong>Ikke endre<\/strong> hva modellen kan eller ikke kan gj\u00f8re, og heller ikke endre reglene for <strong>sikkerhet<\/strong> oi <strong>etiske verdier<\/strong> Etablert av Openai. Selv om vi ber ham bruke et offensivt eller rasistisk spr\u00e5k, vil han ikke gj\u00f8re det: disse grensene forblir aktive for \u00e5 beskytte brukernes opplevelse.<\/p>\n<div class=\"cp_wrapper cp_wrapper--fw mb-50\">\n<figure class=\"mm\"><picture class=\"img\" style=\"padding-top:54.259501965924%\"><source  media=\"(min-width: 1024px)\"><source  media=\"(min-width: 768px)\"><img decoding=\"async\" loading=\"lazy\" src=\"https:\/\/nordnesrepublikken.no\/wp-content\/uploads\/2025\/08\/1756047028_666_Hva-er-karakteren-til-et-jeg-og-hvordan-du-kan.jpg\" alt=\"Bilde\" width=\"763\" height=\"414\"><\/source><\/source><\/picture><\/figure>\n<\/p><\/div>\n<p>N\u00e5r det er sagt, for \u00e5 tilpasse, i det minste delvis, personligheten til din chatgpt, bare g\u00e5 til <strong>egen profil<\/strong>klikk p\u00e5 &laquo;<strong>Tilpass chatgpt<\/strong>&laquo;Og til sp\u00f8rsm\u00e5let&raquo;<strong>Hva en personlighet skal ha chatgpt<\/strong>&laquo;Velg en av de 4 nye personlighetene som er tilgjengelige: <strong>kynisk<\/strong>, <strong>robot<\/strong>, <strong>i stand til \u00e5 lytte<\/strong>, <strong>nerd<\/strong>. N\u00e5r den nye personligheten er valgt, er det n\u00f8dvendig <strong>spare<\/strong> modifiseringen og start a <strong>Ny samtale<\/strong>fordi de som allerede p\u00e5g\u00e5r, vil opprettholde den forrige tonen. N\u00e5r som helst er det mulig \u00e5 vende tilbake til den opprinnelige personligheten.<\/p>\n<p>For en enda mer avansert tilpasning kan du gripe inn direkte p\u00e5 feltet &laquo;<strong>Hva slags interaksjon skal den bruke chatgpt<\/strong>&laquo;, Spesifiser for eksempel hvis du vil ha en profesjonell, ironisk, leken eller annen tone. P\u00e5 grunnlag av disse instruksjonene kan modellens oppf\u00f8rsel endres betydelig &#8211; alltid respektere de etiske retningslinjene til Openai.<\/p>\n<\/p><\/div>\n","protected":false},"excerpt":{"rendered":"<p>N\u00e5r AI tar feil og vi p\u00e5peker det, mesteparten av tiden gj\u00f8r du det Unnskyld<\/p>\n","protected":false},"author":1,"featured_media":8689,"comment_status":"closed","ping_status":"open","sticky":false,"template":"","format":"standard","meta":{"footnotes":""},"categories":[25],"tags":[66,144,112,813,339,5702,117,5703],"class_list":["post-8688","post","type-post","status-publish","format-standard","has-post-thumbnail","hentry","category-teknologi","tag-det","tag-hva","tag-hvordan","tag-jeg","tag-kan","tag-karakteren","tag-til","tag-tilpasse","generate-columns","tablet-grid-50","mobile-grid-100","grid-parent","grid-33","resize-featured-image"],"yoast_head":"<!-- This site is optimized with the Yoast SEO plugin v24.4 - https:\/\/yoast.com\/wordpress\/plugins\/seo\/ -->\n<title>Hva er &quot;karakteren&quot; til et jeg og hvordan du kan tilpasse det - Nordnesrepublikken<\/title>\n<meta name=\"robots\" content=\"index, follow, max-snippet:-1, max-image-preview:large, max-video-preview:-1\" \/>\n<link rel=\"canonical\" href=\"https:\/\/nordnesrepublikken.no\/index.php\/2025\/08\/24\/hva-er-karakteren-til-et-jeg-og-hvordan-du-kan-tilpasse-det\/\" \/>\n<meta property=\"og:locale\" content=\"nb_NO\" \/>\n<meta property=\"og:type\" content=\"article\" \/>\n<meta property=\"og:title\" content=\"Hva er &quot;karakteren&quot; til et jeg og hvordan du kan tilpasse det - Nordnesrepublikken\" \/>\n<meta property=\"og:description\" content=\"N\u00e5r AI tar feil og vi p\u00e5peker det, mesteparten av tiden gj\u00f8r du det Unnskyld\" \/>\n<meta property=\"og:url\" content=\"https:\/\/nordnesrepublikken.no\/index.php\/2025\/08\/24\/hva-er-karakteren-til-et-jeg-og-hvordan-du-kan-tilpasse-det\/\" \/>\n<meta property=\"og:site_name\" content=\"Nordnesrepublikken\" \/>\n<meta property=\"article:published_time\" content=\"2025-08-24T14:50:28+00:00\" \/>\n<meta property=\"article:modified_time\" content=\"2025-08-24T14:50:29+00:00\" \/>\n<meta property=\"og:image\" content=\"https:\/\/nordnesrepublikken.no\/wp-content\/uploads\/2025\/08\/Hva-er-karakteren-til-et-jeg-og-hvordan-du-kan.jpg\" \/>\n\t<meta property=\"og:image:width\" content=\"1365\" \/>\n\t<meta property=\"og:image:height\" content=\"768\" \/>\n\t<meta property=\"og:image:type\" content=\"image\/jpeg\" \/>\n<meta name=\"author\" content=\"Ole Andersen\" \/>\n<meta name=\"twitter:card\" content=\"summary_large_image\" \/>\n<meta name=\"twitter:label1\" content=\"Skrevet av\" \/>\n\t<meta name=\"twitter:data1\" content=\"Ole Andersen\" \/>\n\t<meta name=\"twitter:label2\" content=\"Ansl. lesetid\" \/>\n\t<meta name=\"twitter:data2\" content=\"5 minutter\" \/>\n<script type=\"application\/ld+json\" class=\"yoast-schema-graph\">{\"@context\":\"https:\/\/schema.org\",\"@graph\":[{\"@type\":\"Article\",\"@id\":\"https:\/\/nordnesrepublikken.no\/index.php\/2025\/08\/24\/hva-er-karakteren-til-et-jeg-og-hvordan-du-kan-tilpasse-det\/#article\",\"isPartOf\":{\"@id\":\"https:\/\/nordnesrepublikken.no\/index.php\/2025\/08\/24\/hva-er-karakteren-til-et-jeg-og-hvordan-du-kan-tilpasse-det\/\"},\"author\":{\"name\":\"Ole Andersen\",\"@id\":\"https:\/\/nordnesrepublikken.no\/#\/schema\/person\/2e7e81935bab77882fffb79296240ff1\"},\"headline\":\"Hva er &laquo;karakteren&raquo; til et jeg og hvordan du kan tilpasse det\",\"datePublished\":\"2025-08-24T14:50:28+00:00\",\"dateModified\":\"2025-08-24T14:50:29+00:00\",\"mainEntityOfPage\":{\"@id\":\"https:\/\/nordnesrepublikken.no\/index.php\/2025\/08\/24\/hva-er-karakteren-til-et-jeg-og-hvordan-du-kan-tilpasse-det\/\"},\"wordCount\":960,\"publisher\":{\"@id\":\"https:\/\/nordnesrepublikken.no\/#organization\"},\"image\":{\"@id\":\"https:\/\/nordnesrepublikken.no\/index.php\/2025\/08\/24\/hva-er-karakteren-til-et-jeg-og-hvordan-du-kan-tilpasse-det\/#primaryimage\"},\"thumbnailUrl\":\"https:\/\/nordnesrepublikken.no\/wp-content\/uploads\/2025\/08\/Hva-er-karakteren-til-et-jeg-og-hvordan-du-kan.jpg\",\"keywords\":[\"Det\",\"Hva\",\"Hvordan\",\"jeg\",\"kan\",\"karakteren\",\"til\",\"tilpasse\"],\"articleSection\":[\"Teknologi\"],\"inLanguage\":\"nb-NO\"},{\"@type\":\"WebPage\",\"@id\":\"https:\/\/nordnesrepublikken.no\/index.php\/2025\/08\/24\/hva-er-karakteren-til-et-jeg-og-hvordan-du-kan-tilpasse-det\/\",\"url\":\"https:\/\/nordnesrepublikken.no\/index.php\/2025\/08\/24\/hva-er-karakteren-til-et-jeg-og-hvordan-du-kan-tilpasse-det\/\",\"name\":\"Hva er \\\"karakteren\\\" til et jeg og hvordan du kan tilpasse det - Nordnesrepublikken\",\"isPartOf\":{\"@id\":\"https:\/\/nordnesrepublikken.no\/#website\"},\"primaryImageOfPage\":{\"@id\":\"https:\/\/nordnesrepublikken.no\/index.php\/2025\/08\/24\/hva-er-karakteren-til-et-jeg-og-hvordan-du-kan-tilpasse-det\/#primaryimage\"},\"image\":{\"@id\":\"https:\/\/nordnesrepublikken.no\/index.php\/2025\/08\/24\/hva-er-karakteren-til-et-jeg-og-hvordan-du-kan-tilpasse-det\/#primaryimage\"},\"thumbnailUrl\":\"https:\/\/nordnesrepublikken.no\/wp-content\/uploads\/2025\/08\/Hva-er-karakteren-til-et-jeg-og-hvordan-du-kan.jpg\",\"datePublished\":\"2025-08-24T14:50:28+00:00\",\"dateModified\":\"2025-08-24T14:50:29+00:00\",\"breadcrumb\":{\"@id\":\"https:\/\/nordnesrepublikken.no\/index.php\/2025\/08\/24\/hva-er-karakteren-til-et-jeg-og-hvordan-du-kan-tilpasse-det\/#breadcrumb\"},\"inLanguage\":\"nb-NO\",\"potentialAction\":[{\"@type\":\"ReadAction\",\"target\":[\"https:\/\/nordnesrepublikken.no\/index.php\/2025\/08\/24\/hva-er-karakteren-til-et-jeg-og-hvordan-du-kan-tilpasse-det\/\"]}]},{\"@type\":\"ImageObject\",\"inLanguage\":\"nb-NO\",\"@id\":\"https:\/\/nordnesrepublikken.no\/index.php\/2025\/08\/24\/hva-er-karakteren-til-et-jeg-og-hvordan-du-kan-tilpasse-det\/#primaryimage\",\"url\":\"https:\/\/nordnesrepublikken.no\/wp-content\/uploads\/2025\/08\/Hva-er-karakteren-til-et-jeg-og-hvordan-du-kan.jpg\",\"contentUrl\":\"https:\/\/nordnesrepublikken.no\/wp-content\/uploads\/2025\/08\/Hva-er-karakteren-til-et-jeg-og-hvordan-du-kan.jpg\",\"width\":1365,\"height\":768,\"caption\":\"AI\"},{\"@type\":\"BreadcrumbList\",\"@id\":\"https:\/\/nordnesrepublikken.no\/index.php\/2025\/08\/24\/hva-er-karakteren-til-et-jeg-og-hvordan-du-kan-tilpasse-det\/#breadcrumb\",\"itemListElement\":[{\"@type\":\"ListItem\",\"position\":1,\"name\":\"Home\",\"item\":\"https:\/\/nordnesrepublikken.no\/\"},{\"@type\":\"ListItem\",\"position\":2,\"name\":\"Hva er &laquo;karakteren&raquo; til et jeg og hvordan du kan tilpasse det\"}]},{\"@type\":\"WebSite\",\"@id\":\"https:\/\/nordnesrepublikken.no\/#website\",\"url\":\"https:\/\/nordnesrepublikken.no\/\",\"name\":\"Nordnesrepublikken\",\"description\":\"Stemmer og Visjoner fra Republikkens Hjerte\",\"publisher\":{\"@id\":\"https:\/\/nordnesrepublikken.no\/#organization\"},\"potentialAction\":[{\"@type\":\"SearchAction\",\"target\":{\"@type\":\"EntryPoint\",\"urlTemplate\":\"https:\/\/nordnesrepublikken.no\/?s={search_term_string}\"},\"query-input\":{\"@type\":\"PropertyValueSpecification\",\"valueRequired\":true,\"valueName\":\"search_term_string\"}}],\"inLanguage\":\"nb-NO\"},{\"@type\":\"Organization\",\"@id\":\"https:\/\/nordnesrepublikken.no\/#organization\",\"name\":\"Nordnesrepublikken\",\"url\":\"https:\/\/nordnesrepublikken.no\/\",\"logo\":{\"@type\":\"ImageObject\",\"inLanguage\":\"nb-NO\",\"@id\":\"https:\/\/nordnesrepublikken.no\/#\/schema\/logo\/image\/\",\"url\":\"https:\/\/nordnesrepublikken.no\/wp-content\/uploads\/2025\/02\/cropped-nordnesrepublikken-2.png\",\"contentUrl\":\"https:\/\/nordnesrepublikken.no\/wp-content\/uploads\/2025\/02\/cropped-nordnesrepublikken-2.png\",\"width\":1248,\"height\":362,\"caption\":\"Nordnesrepublikken\"},\"image\":{\"@id\":\"https:\/\/nordnesrepublikken.no\/#\/schema\/logo\/image\/\"}},{\"@type\":\"Person\",\"@id\":\"https:\/\/nordnesrepublikken.no\/#\/schema\/person\/2e7e81935bab77882fffb79296240ff1\",\"name\":\"Ole Andersen\",\"image\":{\"@type\":\"ImageObject\",\"inLanguage\":\"nb-NO\",\"@id\":\"https:\/\/nordnesrepublikken.no\/#\/schema\/person\/image\/\",\"url\":\"https:\/\/nordnesrepublikken.no\/wp-content\/uploads\/2025\/02\/nordnesrepublikken-2-2-150x150.jpg\",\"contentUrl\":\"https:\/\/nordnesrepublikken.no\/wp-content\/uploads\/2025\/02\/nordnesrepublikken-2-2-150x150.jpg\",\"caption\":\"Ole Andersen\"},\"description\":\"Ettersom jeg vokste opp i Oslo, har jeg alltid v\u00e6rt fascinert av ordenes kraft og deres evne til \u00e5 skape endringer. Etter \u00e5 ha fullf\u00f8rt min utdannelse i kommunikasjon ved Universitetet i Bergen, fikk jeg muligheten til \u00e5 jobbe innen ulike medier, der jeg har s\u00f8kt \u00e5 belyse viktige samfunnssp\u00f8rsm\u00e5l. I dag, som redakt\u00f8r for Nordnesrepublikken, pr\u00f8ver jeg \u00e5 forene min kj\u00e6rlighet for journalistikk med min lidenskap for innovasjon og eventyr.\",\"sameAs\":[\"https:\/\/nordnesrepublikken.no\/\"]}]}<\/script>\n<!-- \/ Yoast SEO plugin. -->","yoast_head_json":{"title":"Hva er \"karakteren\" til et jeg og hvordan du kan tilpasse det - Nordnesrepublikken","robots":{"index":"index","follow":"follow","max-snippet":"max-snippet:-1","max-image-preview":"max-image-preview:large","max-video-preview":"max-video-preview:-1"},"canonical":"https:\/\/nordnesrepublikken.no\/index.php\/2025\/08\/24\/hva-er-karakteren-til-et-jeg-og-hvordan-du-kan-tilpasse-det\/","og_locale":"nb_NO","og_type":"article","og_title":"Hva er \"karakteren\" til et jeg og hvordan du kan tilpasse det - Nordnesrepublikken","og_description":"N\u00e5r AI tar feil og vi p\u00e5peker det, mesteparten av tiden gj\u00f8r du det Unnskyld","og_url":"https:\/\/nordnesrepublikken.no\/index.php\/2025\/08\/24\/hva-er-karakteren-til-et-jeg-og-hvordan-du-kan-tilpasse-det\/","og_site_name":"Nordnesrepublikken","article_published_time":"2025-08-24T14:50:28+00:00","article_modified_time":"2025-08-24T14:50:29+00:00","og_image":[{"width":1365,"height":768,"url":"https:\/\/nordnesrepublikken.no\/wp-content\/uploads\/2025\/08\/Hva-er-karakteren-til-et-jeg-og-hvordan-du-kan.jpg","type":"image\/jpeg"}],"author":"Ole Andersen","twitter_card":"summary_large_image","twitter_misc":{"Skrevet av":"Ole Andersen","Ansl. lesetid":"5 minutter"},"schema":{"@context":"https:\/\/schema.org","@graph":[{"@type":"Article","@id":"https:\/\/nordnesrepublikken.no\/index.php\/2025\/08\/24\/hva-er-karakteren-til-et-jeg-og-hvordan-du-kan-tilpasse-det\/#article","isPartOf":{"@id":"https:\/\/nordnesrepublikken.no\/index.php\/2025\/08\/24\/hva-er-karakteren-til-et-jeg-og-hvordan-du-kan-tilpasse-det\/"},"author":{"name":"Ole Andersen","@id":"https:\/\/nordnesrepublikken.no\/#\/schema\/person\/2e7e81935bab77882fffb79296240ff1"},"headline":"Hva er &laquo;karakteren&raquo; til et jeg og hvordan du kan tilpasse det","datePublished":"2025-08-24T14:50:28+00:00","dateModified":"2025-08-24T14:50:29+00:00","mainEntityOfPage":{"@id":"https:\/\/nordnesrepublikken.no\/index.php\/2025\/08\/24\/hva-er-karakteren-til-et-jeg-og-hvordan-du-kan-tilpasse-det\/"},"wordCount":960,"publisher":{"@id":"https:\/\/nordnesrepublikken.no\/#organization"},"image":{"@id":"https:\/\/nordnesrepublikken.no\/index.php\/2025\/08\/24\/hva-er-karakteren-til-et-jeg-og-hvordan-du-kan-tilpasse-det\/#primaryimage"},"thumbnailUrl":"https:\/\/nordnesrepublikken.no\/wp-content\/uploads\/2025\/08\/Hva-er-karakteren-til-et-jeg-og-hvordan-du-kan.jpg","keywords":["Det","Hva","Hvordan","jeg","kan","karakteren","til","tilpasse"],"articleSection":["Teknologi"],"inLanguage":"nb-NO"},{"@type":"WebPage","@id":"https:\/\/nordnesrepublikken.no\/index.php\/2025\/08\/24\/hva-er-karakteren-til-et-jeg-og-hvordan-du-kan-tilpasse-det\/","url":"https:\/\/nordnesrepublikken.no\/index.php\/2025\/08\/24\/hva-er-karakteren-til-et-jeg-og-hvordan-du-kan-tilpasse-det\/","name":"Hva er \"karakteren\" til et jeg og hvordan du kan tilpasse det - Nordnesrepublikken","isPartOf":{"@id":"https:\/\/nordnesrepublikken.no\/#website"},"primaryImageOfPage":{"@id":"https:\/\/nordnesrepublikken.no\/index.php\/2025\/08\/24\/hva-er-karakteren-til-et-jeg-og-hvordan-du-kan-tilpasse-det\/#primaryimage"},"image":{"@id":"https:\/\/nordnesrepublikken.no\/index.php\/2025\/08\/24\/hva-er-karakteren-til-et-jeg-og-hvordan-du-kan-tilpasse-det\/#primaryimage"},"thumbnailUrl":"https:\/\/nordnesrepublikken.no\/wp-content\/uploads\/2025\/08\/Hva-er-karakteren-til-et-jeg-og-hvordan-du-kan.jpg","datePublished":"2025-08-24T14:50:28+00:00","dateModified":"2025-08-24T14:50:29+00:00","breadcrumb":{"@id":"https:\/\/nordnesrepublikken.no\/index.php\/2025\/08\/24\/hva-er-karakteren-til-et-jeg-og-hvordan-du-kan-tilpasse-det\/#breadcrumb"},"inLanguage":"nb-NO","potentialAction":[{"@type":"ReadAction","target":["https:\/\/nordnesrepublikken.no\/index.php\/2025\/08\/24\/hva-er-karakteren-til-et-jeg-og-hvordan-du-kan-tilpasse-det\/"]}]},{"@type":"ImageObject","inLanguage":"nb-NO","@id":"https:\/\/nordnesrepublikken.no\/index.php\/2025\/08\/24\/hva-er-karakteren-til-et-jeg-og-hvordan-du-kan-tilpasse-det\/#primaryimage","url":"https:\/\/nordnesrepublikken.no\/wp-content\/uploads\/2025\/08\/Hva-er-karakteren-til-et-jeg-og-hvordan-du-kan.jpg","contentUrl":"https:\/\/nordnesrepublikken.no\/wp-content\/uploads\/2025\/08\/Hva-er-karakteren-til-et-jeg-og-hvordan-du-kan.jpg","width":1365,"height":768,"caption":"AI"},{"@type":"BreadcrumbList","@id":"https:\/\/nordnesrepublikken.no\/index.php\/2025\/08\/24\/hva-er-karakteren-til-et-jeg-og-hvordan-du-kan-tilpasse-det\/#breadcrumb","itemListElement":[{"@type":"ListItem","position":1,"name":"Home","item":"https:\/\/nordnesrepublikken.no\/"},{"@type":"ListItem","position":2,"name":"Hva er &laquo;karakteren&raquo; til et jeg og hvordan du kan tilpasse det"}]},{"@type":"WebSite","@id":"https:\/\/nordnesrepublikken.no\/#website","url":"https:\/\/nordnesrepublikken.no\/","name":"Nordnesrepublikken","description":"Stemmer og Visjoner fra Republikkens Hjerte","publisher":{"@id":"https:\/\/nordnesrepublikken.no\/#organization"},"potentialAction":[{"@type":"SearchAction","target":{"@type":"EntryPoint","urlTemplate":"https:\/\/nordnesrepublikken.no\/?s={search_term_string}"},"query-input":{"@type":"PropertyValueSpecification","valueRequired":true,"valueName":"search_term_string"}}],"inLanguage":"nb-NO"},{"@type":"Organization","@id":"https:\/\/nordnesrepublikken.no\/#organization","name":"Nordnesrepublikken","url":"https:\/\/nordnesrepublikken.no\/","logo":{"@type":"ImageObject","inLanguage":"nb-NO","@id":"https:\/\/nordnesrepublikken.no\/#\/schema\/logo\/image\/","url":"https:\/\/nordnesrepublikken.no\/wp-content\/uploads\/2025\/02\/cropped-nordnesrepublikken-2.png","contentUrl":"https:\/\/nordnesrepublikken.no\/wp-content\/uploads\/2025\/02\/cropped-nordnesrepublikken-2.png","width":1248,"height":362,"caption":"Nordnesrepublikken"},"image":{"@id":"https:\/\/nordnesrepublikken.no\/#\/schema\/logo\/image\/"}},{"@type":"Person","@id":"https:\/\/nordnesrepublikken.no\/#\/schema\/person\/2e7e81935bab77882fffb79296240ff1","name":"Ole Andersen","image":{"@type":"ImageObject","inLanguage":"nb-NO","@id":"https:\/\/nordnesrepublikken.no\/#\/schema\/person\/image\/","url":"https:\/\/nordnesrepublikken.no\/wp-content\/uploads\/2025\/02\/nordnesrepublikken-2-2-150x150.jpg","contentUrl":"https:\/\/nordnesrepublikken.no\/wp-content\/uploads\/2025\/02\/nordnesrepublikken-2-2-150x150.jpg","caption":"Ole Andersen"},"description":"Ettersom jeg vokste opp i Oslo, har jeg alltid v\u00e6rt fascinert av ordenes kraft og deres evne til \u00e5 skape endringer. Etter \u00e5 ha fullf\u00f8rt min utdannelse i kommunikasjon ved Universitetet i Bergen, fikk jeg muligheten til \u00e5 jobbe innen ulike medier, der jeg har s\u00f8kt \u00e5 belyse viktige samfunnssp\u00f8rsm\u00e5l. I dag, som redakt\u00f8r for Nordnesrepublikken, pr\u00f8ver jeg \u00e5 forene min kj\u00e6rlighet for journalistikk med min lidenskap for innovasjon og eventyr.","sameAs":["https:\/\/nordnesrepublikken.no\/"]}]}},"_links":{"self":[{"href":"https:\/\/nordnesrepublikken.no\/index.php\/wp-json\/wp\/v2\/posts\/8688","targetHints":{"allow":["GET"]}}],"collection":[{"href":"https:\/\/nordnesrepublikken.no\/index.php\/wp-json\/wp\/v2\/posts"}],"about":[{"href":"https:\/\/nordnesrepublikken.no\/index.php\/wp-json\/wp\/v2\/types\/post"}],"author":[{"embeddable":true,"href":"https:\/\/nordnesrepublikken.no\/index.php\/wp-json\/wp\/v2\/users\/1"}],"replies":[{"embeddable":true,"href":"https:\/\/nordnesrepublikken.no\/index.php\/wp-json\/wp\/v2\/comments?post=8688"}],"version-history":[{"count":1,"href":"https:\/\/nordnesrepublikken.no\/index.php\/wp-json\/wp\/v2\/posts\/8688\/revisions"}],"predecessor-version":[{"id":8690,"href":"https:\/\/nordnesrepublikken.no\/index.php\/wp-json\/wp\/v2\/posts\/8688\/revisions\/8690"}],"wp:featuredmedia":[{"embeddable":true,"href":"https:\/\/nordnesrepublikken.no\/index.php\/wp-json\/wp\/v2\/media\/8689"}],"wp:attachment":[{"href":"https:\/\/nordnesrepublikken.no\/index.php\/wp-json\/wp\/v2\/media?parent=8688"}],"wp:term":[{"taxonomy":"category","embeddable":true,"href":"https:\/\/nordnesrepublikken.no\/index.php\/wp-json\/wp\/v2\/categories?post=8688"},{"taxonomy":"post_tag","embeddable":true,"href":"https:\/\/nordnesrepublikken.no\/index.php\/wp-json\/wp\/v2\/tags?post=8688"}],"curies":[{"name":"wp","href":"https:\/\/api.w.org\/{rel}","templated":true}]}}