{"id":8685,"date":"2025-08-24T15:49:47","date_gmt":"2025-08-24T13:49:47","guid":{"rendered":"https:\/\/nordnesrepublikken.no\/index.php\/2025\/08\/24\/hvem-er-det-som-kontrollerer-migranttrafikk-i-afrika\/"},"modified":"2025-08-24T15:49:55","modified_gmt":"2025-08-24T13:49:55","slug":"hvem-er-det-som-kontrollerer-migranttrafikk-i-afrika","status":"publish","type":"post","link":"https:\/\/nordnesrepublikken.no\/index.php\/2025\/08\/24\/hvem-er-det-som-kontrollerer-migranttrafikk-i-afrika\/","title":{"rendered":"Hvem er det som kontrollerer migranttrafikk i Afrika?"},"content":{"rendered":"<div>\n<div class=\"cp_wrapper cp_wrapper--fw mb-30 mb-20@tablet\">\n<figure class=\"mm\"><picture class=\"img\" style=\"padding-top:56.25%\"><source  media=\"(min-width: 1024px)\"><source  media=\"(min-width: 768px)\"><\/source><\/source><\/picture><\/figure>\n<\/p><\/div>\n<p>De <strong>trafikk av migranter<\/strong>i dag, m\u00e5 betraktes som en autentisk virksomhet, United (med beh\u00f8rige proporsjoner) til den beryktede handlingen av afrikanske slaver i koloniseringsperioden. P\u00e5 toppen av denne pyramiden av utnyttelse sitter en serie kraftige kriminelle tegn av en transnasjonal karakter som drar nytte av tilstanden til svakhet der mange afrikanske stater helles, for \u00e5 skape virkelige imperier av underverdenen. Blant alt er Libya landet som i kraft av dets svakhet og fragmentering s\u00f8ker om \u00e5 bli &laquo;hub&raquo; parfaring av denne ruten.<\/p>\n<h2><b>De demografiske dimensjonene ved handel med migranter<\/b><\/h2>\n<p>Selv om de fleste afrikanske migranter beveger seg p\u00e5 kontinentet, pr\u00f8ver en minoritetsdel fremdeles krysset til Europa, ofte ombord p\u00e5 den s\u00e5 -kalt <strong>&laquo;Havets vogn&raquo;<\/strong>prek\u00e6re b\u00e5ter som mater a<strong> lukrativ trafikk<\/strong>.<br \/>Sekund <strong>OCSE<\/strong> og den internasjonale organisasjonen for migrasjoner, mellom <strong>1965 og 2021<\/strong> om <strong>440 000 afrikanere i \u00e5ret<\/strong> De forlot kontinentet, lik <strong>0,05% av befolkningen<\/strong>. Til sammenligning, bare i <strong>2005<\/strong> godt <strong>17 millioner<\/strong> De beveget seg i Afrika, og bidro p\u00e5 den ene siden til \u00f8konomisk vekst, p\u00e5 den andre til sosiale spenninger.<\/p>\n<div class=\"cp_wrapper cp_wrapper--fw mb-50\">\n<figure class=\"mm\"><picture class=\"img\" style=\"padding-top:83.5%\"><source  media=\"(min-width: 1024px)\"><source  media=\"(min-width: 768px)\"><img decoding=\"async\" loading=\"lazy\" src=\"https:\/\/nordnesrepublikken.no\/wp-content\/uploads\/2025\/08\/1756043387_187_Hvem-er-det-som-kontrollerer-migranttrafikk-i-Afrika.jpg\" alt=\"Bilde\" width=\"800\" height=\"668\"><\/source><\/source><\/picture><\/figure>\n<\/p><\/div>\n<p>Mellom <strong>2010 og 2017<\/strong>Over en million afrikanere har bedt om asyl i Europa, if\u00f8lge Pew Research Center, med en \u00f8kning fra <strong>58 000 til 168 000 foresp\u00f8rsler<\/strong> om syv \u00e5r. Mange migranter ankommer lovlig, men blir igjen etter at visumets utl\u00f8p.<br \/>I mellomtiden ansl\u00e5s det at mellom <strong>Maghreb og Libya<\/strong> De handler om <strong>2 millioner uregelmessige migranter<\/strong>i veksten av <strong>120 000 enheter per \u00e5r<\/strong>. Bare <strong>10-15%<\/strong> Han pr\u00f8ver deretter middelhavsruten, men med kostnader<strong> Mellom $ 4000 og 6000 per person<\/strong>trafikken er fortsatt veldig l\u00f8nnsom for kriminelle grupper.<\/p>\n<h2><b>Trafikkrutene til migranter<\/b><\/h2>\n<p>Tallrike har utviklet seg i Maghreb <strong>Terrestriske ruter for trafikk av migranter<\/strong>men de mest relevante er to: den f\u00f8rste g\u00e5r fra Agad\u00e8s og Dirkou (Niger) til Sabha (Libya) og deretter mot kysten av Tripolitania for boarding mot Europa; Den andre delen fra Agad\u00e8s og Arlit passerer gjennom Bamako og Gao (Mali), n\u00e5r deretter Tamamasseet (Algerie) og til slutt Meghnia, mot de spanske enklavene til Ceuta og Melilla.<\/p>\n<div class=\"cp_wrapper cp_wrapper--fw mb-50\">\n<figure class=\"mm\"><picture class=\"img\" style=\"padding-top:138.34422657952%\"><source  media=\"(min-width: 1024px)\"><source  media=\"(min-width: 768px)\"><img decoding=\"async\" loading=\"lazy\" src=\"https:\/\/nordnesrepublikken.no\/wp-content\/uploads\/2025\/08\/1756043387_888_Hvem-er-det-som-kontrollerer-migranttrafikk-i-Afrika.jpg\" alt=\"Bilde\" width=\"1836\" height=\"2540\" class=\"js-seedtag-img\"><\/source><\/source><\/picture><\/figure>\n<\/p><\/div>\n<p>Ved siden av <strong>Saharan &laquo;terrestriske&raquo; ruter<\/strong>s\u00e5 er det s\u00e5 -kalt <strong>&laquo;Atlanterhavsruter&raquo;<\/strong> Har for destinasjonen, eller forbipasserende -av, Capo Verde, Kanari\u00f8yene eller direkte den iberiske halv\u00f8ya. F\u00f8rst ansett som hjelpestier, har &laquo;Atlantic Routes&raquo; sett en \u00f8kning i aktiviteten de siste \u00e5rene. Data fra den spanske regjeringen, med henvisning til \u00e5r 2024, snakker om en negativ registrering av <strong>10.547 d\u00f8dsfall<\/strong> Blant migrantene under krysset av Atlanterhavet for \u00e5 n\u00e5 den spanske kysten.<\/p>\n<p>Endelig er det <strong>&laquo;Middelhavsruter&raquo;<\/strong>Det vil si at krysset av Middelhavet, gjennom et heldigvis rettede provisoriske fart\u00f8yer til Spania, Malta, Italia og Hellas, og sistnevnte ogs\u00e5 p\u00e5virket av den s\u00e5kalte &laquo;Balkan -ruten&raquo; som imidlertid har en tendens til \u00e5 v\u00e6re forbeholdt str\u00f8mmen av migranter fra Midt -\u00d8sten, fra afghanistanen.<\/p>\n<h2><b>Mafias, Lords of War and Trafficers<\/b><\/h2>\n<p>Dimensjonene til trekkfenomenet har drillet interessene til<strong> Mafias, menneskehandlere og krigsherrer<\/strong> forent ved m\u00e5let om \u00e5 vinne p\u00e5 huden til de desperate fattige. De <strong>Utnyttelse av migranter<\/strong> Det begynner allerede i deres opprinnelsesland og fortsetter n\u00e5r de n\u00e5r destinasjonen, i Europa, gitt at de i mange tilfeller befinner seg i en virkelig slaveri -tilstand p\u00e5 grunn av gjeldskontraktene for \u00e5 betale turen. For kvinner inneb\u00e6rer dette nesten alltid fall i virvelen av markedet for <strong>prostitusjon<\/strong> der de har sk\u00e5ret ut en ledende stilling LE <strong>Nigerianske mafias<\/strong>.<\/p>\n<p>Migranttrafikkbransjen (men ogs\u00e5 av <strong>legemiddel<\/strong>fra<strong> V\u00e5pen<\/strong> og <strong>smuglet med varer av alle slag<\/strong>) sugde ogs\u00e5 befolkningen <strong>Tuareg<\/strong> av Saharan og Sahelian -omr\u00e5det, en gang edle hyrder og kj\u00f8pmenn av gull og salt og i dag assosiert med mye mer skyggefulle &laquo;b\u00f8rser&raquo; som f\u00f8rte dem til \u00e5 samarbeide, side om side, med de islamske jihadistene som kretser rundt galaksen av <strong>Al-Qaida<\/strong> f\u00f8r og av<strong>ISIS<\/strong> Da. Til slutt, la oss ikke glemme delingen av europeisk kriminalitet (italienske mafias, racing, Balkan -gjenger) p\u00e5 den nordlige Middelhavssiden.<\/p>\n<p>I <strong>Libya<\/strong>Trafikk av migranter styres av v\u00e6pnede militser relatert til politisk makt. Den dominerende figuren er <strong>Us\u0101ma al-Mauemr\u012b Na\u011f\u012bm<\/strong>st\u00f8ttet av militsen <strong>Al-Radaa (Rada)<\/strong>som faktisk administrerer virksomheten til migranter i kyst Tripolitania, og ut\u00f8ver en sterk utpressingskraft. Ogs\u00e5 <strong>Mohammed al-Khoja<\/strong>leder av avdelingen mot innvandring, ble anklaget av FN for \u00e5 v\u00e6re involvert i trafikk. P\u00e5 toppen er det funnet <strong>\u02bfD Mustafa Trabelsi<\/strong>Interi\u00f8rminister og tollsjef, som if\u00f8lge forskjellige internasjonale beskyldninger bevisst ignorerer disse aktivitetene. Alle tre er lederne for militser som forsvarte Tripoli fra general Haftar og regnes som s\u00f8yler i regjeringen i <strong>Abdul Hamid Dbeiboh<\/strong>den eneste som er anerkjent av Italia. Det er ogs\u00e5 takket v\u00e6re denne politiske dekningen at trafikken kan fortsette uforstyrret.<\/p>\n<\/p><\/div>\n","protected":false},"excerpt":{"rendered":"<p>De trafikk av migranteri dag, m\u00e5 betraktes som en autentisk virksomhet, United (med beh\u00f8rige proporsjoner)<\/p>\n","protected":false},"author":1,"featured_media":8686,"comment_status":"closed","ping_status":"open","sticky":false,"template":"","format":"standard","meta":{"footnotes":""},"categories":[104],"tags":[1914,66,99,939,5701,31],"class_list":["post-8685","post","type-post","status-publish","format-standard","has-post-thumbnail","hentry","category-samfunn","tag-afrika","tag-det","tag-hvem","tag-kontrollerer","tag-migranttrafikk","tag-som","generate-columns","tablet-grid-50","mobile-grid-100","grid-parent","grid-33","resize-featured-image"],"yoast_head":"<!-- This site is optimized with the Yoast SEO plugin v24.4 - https:\/\/yoast.com\/wordpress\/plugins\/seo\/ -->\n<title>Hvem er det som kontrollerer migranttrafikk i Afrika? - Nordnesrepublikken<\/title>\n<meta name=\"robots\" content=\"index, follow, max-snippet:-1, max-image-preview:large, max-video-preview:-1\" \/>\n<link rel=\"canonical\" href=\"https:\/\/nordnesrepublikken.no\/index.php\/2025\/08\/24\/hvem-er-det-som-kontrollerer-migranttrafikk-i-afrika\/\" \/>\n<meta property=\"og:locale\" content=\"nb_NO\" \/>\n<meta property=\"og:type\" content=\"article\" \/>\n<meta property=\"og:title\" content=\"Hvem er det som kontrollerer migranttrafikk i Afrika? - Nordnesrepublikken\" \/>\n<meta property=\"og:description\" content=\"De trafikk av migranteri dag, m\u00e5 betraktes som en autentisk virksomhet, United (med beh\u00f8rige proporsjoner)\" \/>\n<meta property=\"og:url\" content=\"https:\/\/nordnesrepublikken.no\/index.php\/2025\/08\/24\/hvem-er-det-som-kontrollerer-migranttrafikk-i-afrika\/\" \/>\n<meta property=\"og:site_name\" content=\"Nordnesrepublikken\" \/>\n<meta property=\"article:published_time\" content=\"2025-08-24T13:49:47+00:00\" \/>\n<meta property=\"article:modified_time\" content=\"2025-08-24T13:49:55+00:00\" \/>\n<meta property=\"og:image\" content=\"https:\/\/nordnesrepublikken.no\/wp-content\/uploads\/2025\/08\/1756043388_Hvem-er-det-som-kontrollerer-migranttrafikk-i-Afrika-scaled.jpg\" \/>\n\t<meta property=\"og:image:width\" content=\"2560\" \/>\n\t<meta property=\"og:image:height\" content=\"1714\" \/>\n\t<meta property=\"og:image:type\" content=\"image\/jpeg\" \/>\n<meta name=\"author\" content=\"Ole Andersen\" \/>\n<meta name=\"twitter:card\" content=\"summary_large_image\" \/>\n<meta name=\"twitter:label1\" content=\"Skrevet av\" \/>\n\t<meta name=\"twitter:data1\" content=\"Ole Andersen\" \/>\n\t<meta name=\"twitter:label2\" content=\"Ansl. lesetid\" \/>\n\t<meta name=\"twitter:data2\" content=\"4 minutter\" \/>\n<script type=\"application\/ld+json\" class=\"yoast-schema-graph\">{\"@context\":\"https:\/\/schema.org\",\"@graph\":[{\"@type\":\"Article\",\"@id\":\"https:\/\/nordnesrepublikken.no\/index.php\/2025\/08\/24\/hvem-er-det-som-kontrollerer-migranttrafikk-i-afrika\/#article\",\"isPartOf\":{\"@id\":\"https:\/\/nordnesrepublikken.no\/index.php\/2025\/08\/24\/hvem-er-det-som-kontrollerer-migranttrafikk-i-afrika\/\"},\"author\":{\"name\":\"Ole Andersen\",\"@id\":\"https:\/\/nordnesrepublikken.no\/#\/schema\/person\/2e7e81935bab77882fffb79296240ff1\"},\"headline\":\"Hvem er det som kontrollerer migranttrafikk i Afrika?\",\"datePublished\":\"2025-08-24T13:49:47+00:00\",\"dateModified\":\"2025-08-24T13:49:55+00:00\",\"mainEntityOfPage\":{\"@id\":\"https:\/\/nordnesrepublikken.no\/index.php\/2025\/08\/24\/hvem-er-det-som-kontrollerer-migranttrafikk-i-afrika\/\"},\"wordCount\":766,\"publisher\":{\"@id\":\"https:\/\/nordnesrepublikken.no\/#organization\"},\"image\":{\"@id\":\"https:\/\/nordnesrepublikken.no\/index.php\/2025\/08\/24\/hvem-er-det-som-kontrollerer-migranttrafikk-i-afrika\/#primaryimage\"},\"thumbnailUrl\":\"https:\/\/nordnesrepublikken.no\/wp-content\/uploads\/2025\/08\/1756043388_Hvem-er-det-som-kontrollerer-migranttrafikk-i-Afrika-scaled.jpg\",\"keywords\":[\"Afrika\",\"Det\",\"Hvem\",\"kontrollerer\",\"migranttrafikk\",\"som\"],\"articleSection\":[\"Samfunn\"],\"inLanguage\":\"nb-NO\"},{\"@type\":\"WebPage\",\"@id\":\"https:\/\/nordnesrepublikken.no\/index.php\/2025\/08\/24\/hvem-er-det-som-kontrollerer-migranttrafikk-i-afrika\/\",\"url\":\"https:\/\/nordnesrepublikken.no\/index.php\/2025\/08\/24\/hvem-er-det-som-kontrollerer-migranttrafikk-i-afrika\/\",\"name\":\"Hvem er det som kontrollerer migranttrafikk i Afrika? - Nordnesrepublikken\",\"isPartOf\":{\"@id\":\"https:\/\/nordnesrepublikken.no\/#website\"},\"primaryImageOfPage\":{\"@id\":\"https:\/\/nordnesrepublikken.no\/index.php\/2025\/08\/24\/hvem-er-det-som-kontrollerer-migranttrafikk-i-afrika\/#primaryimage\"},\"image\":{\"@id\":\"https:\/\/nordnesrepublikken.no\/index.php\/2025\/08\/24\/hvem-er-det-som-kontrollerer-migranttrafikk-i-afrika\/#primaryimage\"},\"thumbnailUrl\":\"https:\/\/nordnesrepublikken.no\/wp-content\/uploads\/2025\/08\/1756043388_Hvem-er-det-som-kontrollerer-migranttrafikk-i-Afrika-scaled.jpg\",\"datePublished\":\"2025-08-24T13:49:47+00:00\",\"dateModified\":\"2025-08-24T13:49:55+00:00\",\"breadcrumb\":{\"@id\":\"https:\/\/nordnesrepublikken.no\/index.php\/2025\/08\/24\/hvem-er-det-som-kontrollerer-migranttrafikk-i-afrika\/#breadcrumb\"},\"inLanguage\":\"nb-NO\",\"potentialAction\":[{\"@type\":\"ReadAction\",\"target\":[\"https:\/\/nordnesrepublikken.no\/index.php\/2025\/08\/24\/hvem-er-det-som-kontrollerer-migranttrafikk-i-afrika\/\"]}]},{\"@type\":\"ImageObject\",\"inLanguage\":\"nb-NO\",\"@id\":\"https:\/\/nordnesrepublikken.no\/index.php\/2025\/08\/24\/hvem-er-det-som-kontrollerer-migranttrafikk-i-afrika\/#primaryimage\",\"url\":\"https:\/\/nordnesrepublikken.no\/wp-content\/uploads\/2025\/08\/1756043388_Hvem-er-det-som-kontrollerer-migranttrafikk-i-Afrika-scaled.jpg\",\"contentUrl\":\"https:\/\/nordnesrepublikken.no\/wp-content\/uploads\/2025\/08\/1756043388_Hvem-er-det-som-kontrollerer-migranttrafikk-i-Afrika-scaled.jpg\",\"width\":2560,\"height\":1714,\"caption\":\"traffico migranti africa\"},{\"@type\":\"BreadcrumbList\",\"@id\":\"https:\/\/nordnesrepublikken.no\/index.php\/2025\/08\/24\/hvem-er-det-som-kontrollerer-migranttrafikk-i-afrika\/#breadcrumb\",\"itemListElement\":[{\"@type\":\"ListItem\",\"position\":1,\"name\":\"Home\",\"item\":\"https:\/\/nordnesrepublikken.no\/\"},{\"@type\":\"ListItem\",\"position\":2,\"name\":\"Hvem er det som kontrollerer migranttrafikk i Afrika?\"}]},{\"@type\":\"WebSite\",\"@id\":\"https:\/\/nordnesrepublikken.no\/#website\",\"url\":\"https:\/\/nordnesrepublikken.no\/\",\"name\":\"Nordnesrepublikken\",\"description\":\"Stemmer og Visjoner fra Republikkens Hjerte\",\"publisher\":{\"@id\":\"https:\/\/nordnesrepublikken.no\/#organization\"},\"potentialAction\":[{\"@type\":\"SearchAction\",\"target\":{\"@type\":\"EntryPoint\",\"urlTemplate\":\"https:\/\/nordnesrepublikken.no\/?s={search_term_string}\"},\"query-input\":{\"@type\":\"PropertyValueSpecification\",\"valueRequired\":true,\"valueName\":\"search_term_string\"}}],\"inLanguage\":\"nb-NO\"},{\"@type\":\"Organization\",\"@id\":\"https:\/\/nordnesrepublikken.no\/#organization\",\"name\":\"Nordnesrepublikken\",\"url\":\"https:\/\/nordnesrepublikken.no\/\",\"logo\":{\"@type\":\"ImageObject\",\"inLanguage\":\"nb-NO\",\"@id\":\"https:\/\/nordnesrepublikken.no\/#\/schema\/logo\/image\/\",\"url\":\"https:\/\/nordnesrepublikken.no\/wp-content\/uploads\/2025\/02\/cropped-nordnesrepublikken-2.png\",\"contentUrl\":\"https:\/\/nordnesrepublikken.no\/wp-content\/uploads\/2025\/02\/cropped-nordnesrepublikken-2.png\",\"width\":1248,\"height\":362,\"caption\":\"Nordnesrepublikken\"},\"image\":{\"@id\":\"https:\/\/nordnesrepublikken.no\/#\/schema\/logo\/image\/\"}},{\"@type\":\"Person\",\"@id\":\"https:\/\/nordnesrepublikken.no\/#\/schema\/person\/2e7e81935bab77882fffb79296240ff1\",\"name\":\"Ole Andersen\",\"image\":{\"@type\":\"ImageObject\",\"inLanguage\":\"nb-NO\",\"@id\":\"https:\/\/nordnesrepublikken.no\/#\/schema\/person\/image\/\",\"url\":\"https:\/\/nordnesrepublikken.no\/wp-content\/uploads\/2025\/02\/nordnesrepublikken-2-2-150x150.jpg\",\"contentUrl\":\"https:\/\/nordnesrepublikken.no\/wp-content\/uploads\/2025\/02\/nordnesrepublikken-2-2-150x150.jpg\",\"caption\":\"Ole Andersen\"},\"description\":\"Ettersom jeg vokste opp i Oslo, har jeg alltid v\u00e6rt fascinert av ordenes kraft og deres evne til \u00e5 skape endringer. Etter \u00e5 ha fullf\u00f8rt min utdannelse i kommunikasjon ved Universitetet i Bergen, fikk jeg muligheten til \u00e5 jobbe innen ulike medier, der jeg har s\u00f8kt \u00e5 belyse viktige samfunnssp\u00f8rsm\u00e5l. I dag, som redakt\u00f8r for Nordnesrepublikken, pr\u00f8ver jeg \u00e5 forene min kj\u00e6rlighet for journalistikk med min lidenskap for innovasjon og eventyr.\",\"sameAs\":[\"https:\/\/nordnesrepublikken.no\/\"]}]}<\/script>\n<!-- \/ Yoast SEO plugin. -->","yoast_head_json":{"title":"Hvem er det som kontrollerer migranttrafikk i Afrika? - Nordnesrepublikken","robots":{"index":"index","follow":"follow","max-snippet":"max-snippet:-1","max-image-preview":"max-image-preview:large","max-video-preview":"max-video-preview:-1"},"canonical":"https:\/\/nordnesrepublikken.no\/index.php\/2025\/08\/24\/hvem-er-det-som-kontrollerer-migranttrafikk-i-afrika\/","og_locale":"nb_NO","og_type":"article","og_title":"Hvem er det som kontrollerer migranttrafikk i Afrika? - Nordnesrepublikken","og_description":"De trafikk av migranteri dag, m\u00e5 betraktes som en autentisk virksomhet, United (med beh\u00f8rige proporsjoner)","og_url":"https:\/\/nordnesrepublikken.no\/index.php\/2025\/08\/24\/hvem-er-det-som-kontrollerer-migranttrafikk-i-afrika\/","og_site_name":"Nordnesrepublikken","article_published_time":"2025-08-24T13:49:47+00:00","article_modified_time":"2025-08-24T13:49:55+00:00","og_image":[{"width":2560,"height":1714,"url":"https:\/\/nordnesrepublikken.no\/wp-content\/uploads\/2025\/08\/1756043388_Hvem-er-det-som-kontrollerer-migranttrafikk-i-Afrika-scaled.jpg","type":"image\/jpeg"}],"author":"Ole Andersen","twitter_card":"summary_large_image","twitter_misc":{"Skrevet av":"Ole Andersen","Ansl. lesetid":"4 minutter"},"schema":{"@context":"https:\/\/schema.org","@graph":[{"@type":"Article","@id":"https:\/\/nordnesrepublikken.no\/index.php\/2025\/08\/24\/hvem-er-det-som-kontrollerer-migranttrafikk-i-afrika\/#article","isPartOf":{"@id":"https:\/\/nordnesrepublikken.no\/index.php\/2025\/08\/24\/hvem-er-det-som-kontrollerer-migranttrafikk-i-afrika\/"},"author":{"name":"Ole Andersen","@id":"https:\/\/nordnesrepublikken.no\/#\/schema\/person\/2e7e81935bab77882fffb79296240ff1"},"headline":"Hvem er det som kontrollerer migranttrafikk i Afrika?","datePublished":"2025-08-24T13:49:47+00:00","dateModified":"2025-08-24T13:49:55+00:00","mainEntityOfPage":{"@id":"https:\/\/nordnesrepublikken.no\/index.php\/2025\/08\/24\/hvem-er-det-som-kontrollerer-migranttrafikk-i-afrika\/"},"wordCount":766,"publisher":{"@id":"https:\/\/nordnesrepublikken.no\/#organization"},"image":{"@id":"https:\/\/nordnesrepublikken.no\/index.php\/2025\/08\/24\/hvem-er-det-som-kontrollerer-migranttrafikk-i-afrika\/#primaryimage"},"thumbnailUrl":"https:\/\/nordnesrepublikken.no\/wp-content\/uploads\/2025\/08\/1756043388_Hvem-er-det-som-kontrollerer-migranttrafikk-i-Afrika-scaled.jpg","keywords":["Afrika","Det","Hvem","kontrollerer","migranttrafikk","som"],"articleSection":["Samfunn"],"inLanguage":"nb-NO"},{"@type":"WebPage","@id":"https:\/\/nordnesrepublikken.no\/index.php\/2025\/08\/24\/hvem-er-det-som-kontrollerer-migranttrafikk-i-afrika\/","url":"https:\/\/nordnesrepublikken.no\/index.php\/2025\/08\/24\/hvem-er-det-som-kontrollerer-migranttrafikk-i-afrika\/","name":"Hvem er det som kontrollerer migranttrafikk i Afrika? - Nordnesrepublikken","isPartOf":{"@id":"https:\/\/nordnesrepublikken.no\/#website"},"primaryImageOfPage":{"@id":"https:\/\/nordnesrepublikken.no\/index.php\/2025\/08\/24\/hvem-er-det-som-kontrollerer-migranttrafikk-i-afrika\/#primaryimage"},"image":{"@id":"https:\/\/nordnesrepublikken.no\/index.php\/2025\/08\/24\/hvem-er-det-som-kontrollerer-migranttrafikk-i-afrika\/#primaryimage"},"thumbnailUrl":"https:\/\/nordnesrepublikken.no\/wp-content\/uploads\/2025\/08\/1756043388_Hvem-er-det-som-kontrollerer-migranttrafikk-i-Afrika-scaled.jpg","datePublished":"2025-08-24T13:49:47+00:00","dateModified":"2025-08-24T13:49:55+00:00","breadcrumb":{"@id":"https:\/\/nordnesrepublikken.no\/index.php\/2025\/08\/24\/hvem-er-det-som-kontrollerer-migranttrafikk-i-afrika\/#breadcrumb"},"inLanguage":"nb-NO","potentialAction":[{"@type":"ReadAction","target":["https:\/\/nordnesrepublikken.no\/index.php\/2025\/08\/24\/hvem-er-det-som-kontrollerer-migranttrafikk-i-afrika\/"]}]},{"@type":"ImageObject","inLanguage":"nb-NO","@id":"https:\/\/nordnesrepublikken.no\/index.php\/2025\/08\/24\/hvem-er-det-som-kontrollerer-migranttrafikk-i-afrika\/#primaryimage","url":"https:\/\/nordnesrepublikken.no\/wp-content\/uploads\/2025\/08\/1756043388_Hvem-er-det-som-kontrollerer-migranttrafikk-i-Afrika-scaled.jpg","contentUrl":"https:\/\/nordnesrepublikken.no\/wp-content\/uploads\/2025\/08\/1756043388_Hvem-er-det-som-kontrollerer-migranttrafikk-i-Afrika-scaled.jpg","width":2560,"height":1714,"caption":"traffico migranti africa"},{"@type":"BreadcrumbList","@id":"https:\/\/nordnesrepublikken.no\/index.php\/2025\/08\/24\/hvem-er-det-som-kontrollerer-migranttrafikk-i-afrika\/#breadcrumb","itemListElement":[{"@type":"ListItem","position":1,"name":"Home","item":"https:\/\/nordnesrepublikken.no\/"},{"@type":"ListItem","position":2,"name":"Hvem er det som kontrollerer migranttrafikk i Afrika?"}]},{"@type":"WebSite","@id":"https:\/\/nordnesrepublikken.no\/#website","url":"https:\/\/nordnesrepublikken.no\/","name":"Nordnesrepublikken","description":"Stemmer og Visjoner fra Republikkens Hjerte","publisher":{"@id":"https:\/\/nordnesrepublikken.no\/#organization"},"potentialAction":[{"@type":"SearchAction","target":{"@type":"EntryPoint","urlTemplate":"https:\/\/nordnesrepublikken.no\/?s={search_term_string}"},"query-input":{"@type":"PropertyValueSpecification","valueRequired":true,"valueName":"search_term_string"}}],"inLanguage":"nb-NO"},{"@type":"Organization","@id":"https:\/\/nordnesrepublikken.no\/#organization","name":"Nordnesrepublikken","url":"https:\/\/nordnesrepublikken.no\/","logo":{"@type":"ImageObject","inLanguage":"nb-NO","@id":"https:\/\/nordnesrepublikken.no\/#\/schema\/logo\/image\/","url":"https:\/\/nordnesrepublikken.no\/wp-content\/uploads\/2025\/02\/cropped-nordnesrepublikken-2.png","contentUrl":"https:\/\/nordnesrepublikken.no\/wp-content\/uploads\/2025\/02\/cropped-nordnesrepublikken-2.png","width":1248,"height":362,"caption":"Nordnesrepublikken"},"image":{"@id":"https:\/\/nordnesrepublikken.no\/#\/schema\/logo\/image\/"}},{"@type":"Person","@id":"https:\/\/nordnesrepublikken.no\/#\/schema\/person\/2e7e81935bab77882fffb79296240ff1","name":"Ole Andersen","image":{"@type":"ImageObject","inLanguage":"nb-NO","@id":"https:\/\/nordnesrepublikken.no\/#\/schema\/person\/image\/","url":"https:\/\/nordnesrepublikken.no\/wp-content\/uploads\/2025\/02\/nordnesrepublikken-2-2-150x150.jpg","contentUrl":"https:\/\/nordnesrepublikken.no\/wp-content\/uploads\/2025\/02\/nordnesrepublikken-2-2-150x150.jpg","caption":"Ole Andersen"},"description":"Ettersom jeg vokste opp i Oslo, har jeg alltid v\u00e6rt fascinert av ordenes kraft og deres evne til \u00e5 skape endringer. Etter \u00e5 ha fullf\u00f8rt min utdannelse i kommunikasjon ved Universitetet i Bergen, fikk jeg muligheten til \u00e5 jobbe innen ulike medier, der jeg har s\u00f8kt \u00e5 belyse viktige samfunnssp\u00f8rsm\u00e5l. I dag, som redakt\u00f8r for Nordnesrepublikken, pr\u00f8ver jeg \u00e5 forene min kj\u00e6rlighet for journalistikk med min lidenskap for innovasjon og eventyr.","sameAs":["https:\/\/nordnesrepublikken.no\/"]}]}},"_links":{"self":[{"href":"https:\/\/nordnesrepublikken.no\/index.php\/wp-json\/wp\/v2\/posts\/8685","targetHints":{"allow":["GET"]}}],"collection":[{"href":"https:\/\/nordnesrepublikken.no\/index.php\/wp-json\/wp\/v2\/posts"}],"about":[{"href":"https:\/\/nordnesrepublikken.no\/index.php\/wp-json\/wp\/v2\/types\/post"}],"author":[{"embeddable":true,"href":"https:\/\/nordnesrepublikken.no\/index.php\/wp-json\/wp\/v2\/users\/1"}],"replies":[{"embeddable":true,"href":"https:\/\/nordnesrepublikken.no\/index.php\/wp-json\/wp\/v2\/comments?post=8685"}],"version-history":[{"count":1,"href":"https:\/\/nordnesrepublikken.no\/index.php\/wp-json\/wp\/v2\/posts\/8685\/revisions"}],"predecessor-version":[{"id":8687,"href":"https:\/\/nordnesrepublikken.no\/index.php\/wp-json\/wp\/v2\/posts\/8685\/revisions\/8687"}],"wp:featuredmedia":[{"embeddable":true,"href":"https:\/\/nordnesrepublikken.no\/index.php\/wp-json\/wp\/v2\/media\/8686"}],"wp:attachment":[{"href":"https:\/\/nordnesrepublikken.no\/index.php\/wp-json\/wp\/v2\/media?parent=8685"}],"wp:term":[{"taxonomy":"category","embeddable":true,"href":"https:\/\/nordnesrepublikken.no\/index.php\/wp-json\/wp\/v2\/categories?post=8685"},{"taxonomy":"post_tag","embeddable":true,"href":"https:\/\/nordnesrepublikken.no\/index.php\/wp-json\/wp\/v2\/tags?post=8685"}],"curies":[{"name":"wp","href":"https:\/\/api.w.org\/{rel}","templated":true}]}}