{"id":8652,"date":"2025-08-23T15:49:54","date_gmt":"2025-08-23T13:49:54","guid":{"rendered":"https:\/\/nordnesrepublikken.no\/index.php\/2025\/08\/23\/latin-amerika-og-sor-amerika-er-ikke-det-samme\/"},"modified":"2025-08-23T15:49:56","modified_gmt":"2025-08-23T13:49:56","slug":"latin-amerika-og-sor-amerika-er-ikke-det-samme","status":"publish","type":"post","link":"https:\/\/nordnesrepublikken.no\/index.php\/2025\/08\/23\/latin-amerika-og-sor-amerika-er-ikke-det-samme\/","title":{"rendered":"Latin -Amerika og S\u00f8r -Amerika er ikke det samme"},"content":{"rendered":"<div>\n<div class=\"cp_wrapper cp_wrapper--fw mb-30 mb-20@tablet\">\n<figure class=\"mm\"><picture class=\"img\" style=\"padding-top:56.25%\"><source  media=\"(min-width: 1024px)\"><source  media=\"(min-width: 768px)\"><\/source><\/source><\/picture><\/figure>\n<\/p><\/div>\n<p>N\u00e5r vi snakker om geografi, sammenfaller definisjonene ikke alltid: ofte endres et konsept i henhold til synspunktet. Dette er tilfellet med to uttrykk som vi bruker nesten som synonymer: <strong>S\u00f8r -Amerika og Latin -Amerika<\/strong>. Indikerer de virkelig den samme virkeligheten? Ikke akkurat. Den f\u00f8rste er <strong>En rent geografisk klassifisering<\/strong>: Den enorme trekanten som faller til Cape Horn fra Panamas subtile isthmus, inkludert 12 stater og over 430 millioner innbyggere. Det andre har imidlertid <strong>Et kulturelt og spr\u00e5klig kriterium<\/strong>: Inkluderer alle landene som er kolonisert fra Spania, Portugal og Frankrike, derfor ogs\u00e5 Mexico, Mellom -Amerika og en del av Karibia, men ekskluderer territorier som Guyana, Surinam og Belize.<\/p>\n<h2>S\u00f8r -Amerika: Hvilke stater er en del av det<\/h2>\n<p>N\u00e5r vi snakker om <strong>Amerika<\/strong> <strong>s\u00f8r-<\/strong> (eller S\u00f8r- eller S\u00f8r -Amerika), vi driver en klassifisering p\u00e5 grunnlag rent <strong>geografisk<\/strong> Og tydelig identifiserbart bare ved \u00e5 observere et geografikort. S\u00f8r -Amerika er faktisk den store trekanten som strekker seg fra<strong>Istmo di Panama<\/strong> (Det &laquo;subtile&raquo; landets spr\u00e5k som forbinder Nord -Amerika og S\u00f8r -Amerika) opp til den ekstreme s\u00f8rspissen av kontinentet, p\u00e5 en total overflate av <strong>17 840 000 km\u00b2<\/strong>.<\/p>\n<p>Geografisk snakker vi derfor om et ekstremt stort og diversifisert territorium, avgrenset mot nord av <strong>Karibisk hav<\/strong>vest fra<strong>Stillehavet<\/strong> og \u00f8st fra<strong>Atlanterhavet<\/strong>og inni oss spaz fra den veldig lange kjeden av <strong>Ande<\/strong> al <strong>Bassopisk<\/strong> <strong>Amazonian<\/strong> med sin enorme tropiske regnskog og t\u00f8rr <strong>Atacama -\u00f8rkenen<\/strong> til sugekoppen <strong>pampa<\/strong>.<\/p>\n<p>S\u00f8r -Amerika inkluderer alle 12 stater som utvikler seg s\u00f8r for Panama og en befolkning p\u00e5 utover <strong>430 millioner innbyggere<\/strong> Preget av et betydelig kulturelt, etnisk og spr\u00e5klig mangfold. Dette er derfor Argentina, Bolivia, Brasil, Chile, Colombia, Ecuador, Guyana, Paraguay, Peru, Surinam, Uruguay og Venezuela.<\/p>\n<div class=\"cp_wrapper cp_wrapper--fw mb-50\">\n<figure class=\"mm\"><picture class=\"img\" style=\"padding-top:115.625%\"><source  media=\"(min-width: 1024px)\"><source  media=\"(min-width: 768px)\"><img decoding=\"async\" loading=\"lazy\" src=\"https:\/\/nordnesrepublikken.no\/wp-content\/uploads\/2025\/08\/1755956994_330_Latin-Amerika-og-Sor-Amerika-er-ikke-det-samme.jpg\" alt=\"Politisk kart over S\u00f8r -Amerika\" width=\"640\" height=\"740\"><\/source><\/source><\/picture><\/figure>\n<\/p><\/div>\n<h2>Hva som er ment for Latin -Amerika<\/h2>\n<p>Hvis vi snakker om <strong>Amerika<\/strong> <strong>Latin<\/strong>p\u00e5 den annen side driver vi ikke en klassifisering p\u00e5 en geografisk basis, men snarere en typeklassifisering <strong>kulturell<\/strong> Og <strong>spr\u00e5klig<\/strong>.<br \/>Faktisk inkluderer Latin -Amerika bare de territoriene som under de store unders\u00f8kelsene i moderne tid ble kolonisert av landene i<strong>omr\u00e5de<\/strong> <strong>Middelhavet<\/strong> snakker <strong>spr\u00e5k<\/strong> <strong>Neolatine<\/strong>Derfor <strong>Frankrike<\/strong>, <strong>Spania<\/strong> Og <strong>Portugal<\/strong>.<\/p>\n<p>I dag er Latin-Amerikas land forent av delte spr\u00e5klige og historisk-kulturelle egenskaper, for dette, n\u00e5r vi ser p\u00e5 et Latin-Amerika-kort, vil vi ikke se et stivt skille basert p\u00e5 inndelingen av det amerikanske kontinentet i nord, sentrum og s\u00f8r, men en serie territorier som ogs\u00e5 inkluderer landene i den<strong>Mellom -Amerika<\/strong> og guder <strong>Karibia<\/strong>som Mexico, Guatemala, Honduras, Nicaragua, El Salvador, Costa Rica, Panama, Cuba, Dominikanske republikk, Haiti og til og med Puerto Rico (der spansk snakkes til tross for at han er amerikansk territorium). P\u00e5 den annen side vil Surinam, Guyana og Belize bli ekskludert, som en tidligere nederlandsk eller britiske kolonier.<\/p>\n<p>Oppsummert, hvis vi snakker om geografiske grenser, er det bedre \u00e5 referere til S\u00f8r -Amerika; Hvis vi derimot \u00f8nsker \u00e5 omfavne talen v\u00e5r et stort samfunn med spr\u00e5klige og kulturelle egenskaper til felles, er det bedre \u00e5 snakke om Latin -Amerika.<\/p>\n<\/p><\/div>\n","protected":false},"excerpt":{"rendered":"<p>N\u00e5r vi snakker om geografi, sammenfaller definisjonene ikke alltid: ofte endres et konsept i henhold<\/p>\n","protected":false},"author":1,"featured_media":8653,"comment_status":"closed","ping_status":"open","sticky":false,"template":"","format":"standard","meta":{"footnotes":""},"categories":[26],"tags":[1497,66,187,5676,3753,646],"class_list":["post-8652","post","type-post","status-publish","format-standard","has-post-thumbnail","hentry","category-miljo","tag-amerika","tag-det","tag-ikke","tag-latin","tag-samme","tag-sor","generate-columns","tablet-grid-50","mobile-grid-100","grid-parent","grid-33","resize-featured-image"],"yoast_head":"<!-- This site is optimized with the Yoast SEO plugin v24.4 - https:\/\/yoast.com\/wordpress\/plugins\/seo\/ -->\n<title>Latin -Amerika og S\u00f8r -Amerika er ikke det samme - Nordnesrepublikken<\/title>\n<meta name=\"robots\" content=\"index, follow, max-snippet:-1, max-image-preview:large, max-video-preview:-1\" \/>\n<link rel=\"canonical\" href=\"https:\/\/nordnesrepublikken.no\/index.php\/2025\/08\/23\/latin-amerika-og-sor-amerika-er-ikke-det-samme\/\" \/>\n<meta property=\"og:locale\" content=\"nb_NO\" \/>\n<meta property=\"og:type\" content=\"article\" \/>\n<meta property=\"og:title\" content=\"Latin -Amerika og S\u00f8r -Amerika er ikke det samme - Nordnesrepublikken\" \/>\n<meta property=\"og:description\" content=\"N\u00e5r vi snakker om geografi, sammenfaller definisjonene ikke alltid: ofte endres et konsept i henhold\" \/>\n<meta property=\"og:url\" content=\"https:\/\/nordnesrepublikken.no\/index.php\/2025\/08\/23\/latin-amerika-og-sor-amerika-er-ikke-det-samme\/\" \/>\n<meta property=\"og:site_name\" content=\"Nordnesrepublikken\" \/>\n<meta property=\"article:published_time\" content=\"2025-08-23T13:49:54+00:00\" \/>\n<meta property=\"article:modified_time\" content=\"2025-08-23T13:49:56+00:00\" \/>\n<meta property=\"og:image\" content=\"https:\/\/nordnesrepublikken.no\/wp-content\/uploads\/2025\/08\/1755956995_Latin-Amerika-og-Sor-Amerika-er-ikke-det-samme.jpg\" \/>\n\t<meta property=\"og:image:width\" content=\"1254\" \/>\n\t<meta property=\"og:image:height\" content=\"836\" \/>\n\t<meta property=\"og:image:type\" content=\"image\/jpeg\" \/>\n<meta name=\"author\" content=\"Ole Andersen\" \/>\n<meta name=\"twitter:card\" content=\"summary_large_image\" \/>\n<meta name=\"twitter:label1\" content=\"Skrevet av\" \/>\n\t<meta name=\"twitter:data1\" content=\"Ole Andersen\" \/>\n\t<meta name=\"twitter:label2\" content=\"Ansl. lesetid\" \/>\n\t<meta name=\"twitter:data2\" content=\"2 minutter\" \/>\n<script type=\"application\/ld+json\" class=\"yoast-schema-graph\">{\"@context\":\"https:\/\/schema.org\",\"@graph\":[{\"@type\":\"Article\",\"@id\":\"https:\/\/nordnesrepublikken.no\/index.php\/2025\/08\/23\/latin-amerika-og-sor-amerika-er-ikke-det-samme\/#article\",\"isPartOf\":{\"@id\":\"https:\/\/nordnesrepublikken.no\/index.php\/2025\/08\/23\/latin-amerika-og-sor-amerika-er-ikke-det-samme\/\"},\"author\":{\"name\":\"Ole Andersen\",\"@id\":\"https:\/\/nordnesrepublikken.no\/#\/schema\/person\/2e7e81935bab77882fffb79296240ff1\"},\"headline\":\"Latin -Amerika og S\u00f8r -Amerika er ikke det samme\",\"datePublished\":\"2025-08-23T13:49:54+00:00\",\"dateModified\":\"2025-08-23T13:49:56+00:00\",\"mainEntityOfPage\":{\"@id\":\"https:\/\/nordnesrepublikken.no\/index.php\/2025\/08\/23\/latin-amerika-og-sor-amerika-er-ikke-det-samme\/\"},\"wordCount\":504,\"publisher\":{\"@id\":\"https:\/\/nordnesrepublikken.no\/#organization\"},\"image\":{\"@id\":\"https:\/\/nordnesrepublikken.no\/index.php\/2025\/08\/23\/latin-amerika-og-sor-amerika-er-ikke-det-samme\/#primaryimage\"},\"thumbnailUrl\":\"https:\/\/nordnesrepublikken.no\/wp-content\/uploads\/2025\/08\/1755956995_Latin-Amerika-og-Sor-Amerika-er-ikke-det-samme.jpg\",\"keywords\":[\"Amerika\",\"Det\",\"ikke\",\"Latin\",\"samme\",\"S\u00f8r\"],\"articleSection\":[\"Milj\u00f8\"],\"inLanguage\":\"nb-NO\"},{\"@type\":\"WebPage\",\"@id\":\"https:\/\/nordnesrepublikken.no\/index.php\/2025\/08\/23\/latin-amerika-og-sor-amerika-er-ikke-det-samme\/\",\"url\":\"https:\/\/nordnesrepublikken.no\/index.php\/2025\/08\/23\/latin-amerika-og-sor-amerika-er-ikke-det-samme\/\",\"name\":\"Latin -Amerika og S\u00f8r -Amerika er ikke det samme - Nordnesrepublikken\",\"isPartOf\":{\"@id\":\"https:\/\/nordnesrepublikken.no\/#website\"},\"primaryImageOfPage\":{\"@id\":\"https:\/\/nordnesrepublikken.no\/index.php\/2025\/08\/23\/latin-amerika-og-sor-amerika-er-ikke-det-samme\/#primaryimage\"},\"image\":{\"@id\":\"https:\/\/nordnesrepublikken.no\/index.php\/2025\/08\/23\/latin-amerika-og-sor-amerika-er-ikke-det-samme\/#primaryimage\"},\"thumbnailUrl\":\"https:\/\/nordnesrepublikken.no\/wp-content\/uploads\/2025\/08\/1755956995_Latin-Amerika-og-Sor-Amerika-er-ikke-det-samme.jpg\",\"datePublished\":\"2025-08-23T13:49:54+00:00\",\"dateModified\":\"2025-08-23T13:49:56+00:00\",\"breadcrumb\":{\"@id\":\"https:\/\/nordnesrepublikken.no\/index.php\/2025\/08\/23\/latin-amerika-og-sor-amerika-er-ikke-det-samme\/#breadcrumb\"},\"inLanguage\":\"nb-NO\",\"potentialAction\":[{\"@type\":\"ReadAction\",\"target\":[\"https:\/\/nordnesrepublikken.no\/index.php\/2025\/08\/23\/latin-amerika-og-sor-amerika-er-ikke-det-samme\/\"]}]},{\"@type\":\"ImageObject\",\"inLanguage\":\"nb-NO\",\"@id\":\"https:\/\/nordnesrepublikken.no\/index.php\/2025\/08\/23\/latin-amerika-og-sor-amerika-er-ikke-det-samme\/#primaryimage\",\"url\":\"https:\/\/nordnesrepublikken.no\/wp-content\/uploads\/2025\/08\/1755956995_Latin-Amerika-og-Sor-Amerika-er-ikke-det-samme.jpg\",\"contentUrl\":\"https:\/\/nordnesrepublikken.no\/wp-content\/uploads\/2025\/08\/1755956995_Latin-Amerika-og-Sor-Amerika-er-ikke-det-samme.jpg\",\"width\":1254,\"height\":836,\"caption\":\"america-latina-america-meridionale\"},{\"@type\":\"BreadcrumbList\",\"@id\":\"https:\/\/nordnesrepublikken.no\/index.php\/2025\/08\/23\/latin-amerika-og-sor-amerika-er-ikke-det-samme\/#breadcrumb\",\"itemListElement\":[{\"@type\":\"ListItem\",\"position\":1,\"name\":\"Home\",\"item\":\"https:\/\/nordnesrepublikken.no\/\"},{\"@type\":\"ListItem\",\"position\":2,\"name\":\"Latin -Amerika og S\u00f8r -Amerika er ikke det samme\"}]},{\"@type\":\"WebSite\",\"@id\":\"https:\/\/nordnesrepublikken.no\/#website\",\"url\":\"https:\/\/nordnesrepublikken.no\/\",\"name\":\"Nordnesrepublikken\",\"description\":\"Stemmer og Visjoner fra Republikkens Hjerte\",\"publisher\":{\"@id\":\"https:\/\/nordnesrepublikken.no\/#organization\"},\"potentialAction\":[{\"@type\":\"SearchAction\",\"target\":{\"@type\":\"EntryPoint\",\"urlTemplate\":\"https:\/\/nordnesrepublikken.no\/?s={search_term_string}\"},\"query-input\":{\"@type\":\"PropertyValueSpecification\",\"valueRequired\":true,\"valueName\":\"search_term_string\"}}],\"inLanguage\":\"nb-NO\"},{\"@type\":\"Organization\",\"@id\":\"https:\/\/nordnesrepublikken.no\/#organization\",\"name\":\"Nordnesrepublikken\",\"url\":\"https:\/\/nordnesrepublikken.no\/\",\"logo\":{\"@type\":\"ImageObject\",\"inLanguage\":\"nb-NO\",\"@id\":\"https:\/\/nordnesrepublikken.no\/#\/schema\/logo\/image\/\",\"url\":\"https:\/\/nordnesrepublikken.no\/wp-content\/uploads\/2025\/02\/cropped-nordnesrepublikken-2.png\",\"contentUrl\":\"https:\/\/nordnesrepublikken.no\/wp-content\/uploads\/2025\/02\/cropped-nordnesrepublikken-2.png\",\"width\":1248,\"height\":362,\"caption\":\"Nordnesrepublikken\"},\"image\":{\"@id\":\"https:\/\/nordnesrepublikken.no\/#\/schema\/logo\/image\/\"}},{\"@type\":\"Person\",\"@id\":\"https:\/\/nordnesrepublikken.no\/#\/schema\/person\/2e7e81935bab77882fffb79296240ff1\",\"name\":\"Ole Andersen\",\"image\":{\"@type\":\"ImageObject\",\"inLanguage\":\"nb-NO\",\"@id\":\"https:\/\/nordnesrepublikken.no\/#\/schema\/person\/image\/\",\"url\":\"https:\/\/nordnesrepublikken.no\/wp-content\/uploads\/2025\/02\/nordnesrepublikken-2-2-150x150.jpg\",\"contentUrl\":\"https:\/\/nordnesrepublikken.no\/wp-content\/uploads\/2025\/02\/nordnesrepublikken-2-2-150x150.jpg\",\"caption\":\"Ole Andersen\"},\"description\":\"Ettersom jeg vokste opp i Oslo, har jeg alltid v\u00e6rt fascinert av ordenes kraft og deres evne til \u00e5 skape endringer. Etter \u00e5 ha fullf\u00f8rt min utdannelse i kommunikasjon ved Universitetet i Bergen, fikk jeg muligheten til \u00e5 jobbe innen ulike medier, der jeg har s\u00f8kt \u00e5 belyse viktige samfunnssp\u00f8rsm\u00e5l. I dag, som redakt\u00f8r for Nordnesrepublikken, pr\u00f8ver jeg \u00e5 forene min kj\u00e6rlighet for journalistikk med min lidenskap for innovasjon og eventyr.\",\"sameAs\":[\"https:\/\/nordnesrepublikken.no\/\"]}]}<\/script>\n<!-- \/ Yoast SEO plugin. -->","yoast_head_json":{"title":"Latin -Amerika og S\u00f8r -Amerika er ikke det samme - Nordnesrepublikken","robots":{"index":"index","follow":"follow","max-snippet":"max-snippet:-1","max-image-preview":"max-image-preview:large","max-video-preview":"max-video-preview:-1"},"canonical":"https:\/\/nordnesrepublikken.no\/index.php\/2025\/08\/23\/latin-amerika-og-sor-amerika-er-ikke-det-samme\/","og_locale":"nb_NO","og_type":"article","og_title":"Latin -Amerika og S\u00f8r -Amerika er ikke det samme - Nordnesrepublikken","og_description":"N\u00e5r vi snakker om geografi, sammenfaller definisjonene ikke alltid: ofte endres et konsept i henhold","og_url":"https:\/\/nordnesrepublikken.no\/index.php\/2025\/08\/23\/latin-amerika-og-sor-amerika-er-ikke-det-samme\/","og_site_name":"Nordnesrepublikken","article_published_time":"2025-08-23T13:49:54+00:00","article_modified_time":"2025-08-23T13:49:56+00:00","og_image":[{"width":1254,"height":836,"url":"https:\/\/nordnesrepublikken.no\/wp-content\/uploads\/2025\/08\/1755956995_Latin-Amerika-og-Sor-Amerika-er-ikke-det-samme.jpg","type":"image\/jpeg"}],"author":"Ole Andersen","twitter_card":"summary_large_image","twitter_misc":{"Skrevet av":"Ole Andersen","Ansl. lesetid":"2 minutter"},"schema":{"@context":"https:\/\/schema.org","@graph":[{"@type":"Article","@id":"https:\/\/nordnesrepublikken.no\/index.php\/2025\/08\/23\/latin-amerika-og-sor-amerika-er-ikke-det-samme\/#article","isPartOf":{"@id":"https:\/\/nordnesrepublikken.no\/index.php\/2025\/08\/23\/latin-amerika-og-sor-amerika-er-ikke-det-samme\/"},"author":{"name":"Ole Andersen","@id":"https:\/\/nordnesrepublikken.no\/#\/schema\/person\/2e7e81935bab77882fffb79296240ff1"},"headline":"Latin -Amerika og S\u00f8r -Amerika er ikke det samme","datePublished":"2025-08-23T13:49:54+00:00","dateModified":"2025-08-23T13:49:56+00:00","mainEntityOfPage":{"@id":"https:\/\/nordnesrepublikken.no\/index.php\/2025\/08\/23\/latin-amerika-og-sor-amerika-er-ikke-det-samme\/"},"wordCount":504,"publisher":{"@id":"https:\/\/nordnesrepublikken.no\/#organization"},"image":{"@id":"https:\/\/nordnesrepublikken.no\/index.php\/2025\/08\/23\/latin-amerika-og-sor-amerika-er-ikke-det-samme\/#primaryimage"},"thumbnailUrl":"https:\/\/nordnesrepublikken.no\/wp-content\/uploads\/2025\/08\/1755956995_Latin-Amerika-og-Sor-Amerika-er-ikke-det-samme.jpg","keywords":["Amerika","Det","ikke","Latin","samme","S\u00f8r"],"articleSection":["Milj\u00f8"],"inLanguage":"nb-NO"},{"@type":"WebPage","@id":"https:\/\/nordnesrepublikken.no\/index.php\/2025\/08\/23\/latin-amerika-og-sor-amerika-er-ikke-det-samme\/","url":"https:\/\/nordnesrepublikken.no\/index.php\/2025\/08\/23\/latin-amerika-og-sor-amerika-er-ikke-det-samme\/","name":"Latin -Amerika og S\u00f8r -Amerika er ikke det samme - Nordnesrepublikken","isPartOf":{"@id":"https:\/\/nordnesrepublikken.no\/#website"},"primaryImageOfPage":{"@id":"https:\/\/nordnesrepublikken.no\/index.php\/2025\/08\/23\/latin-amerika-og-sor-amerika-er-ikke-det-samme\/#primaryimage"},"image":{"@id":"https:\/\/nordnesrepublikken.no\/index.php\/2025\/08\/23\/latin-amerika-og-sor-amerika-er-ikke-det-samme\/#primaryimage"},"thumbnailUrl":"https:\/\/nordnesrepublikken.no\/wp-content\/uploads\/2025\/08\/1755956995_Latin-Amerika-og-Sor-Amerika-er-ikke-det-samme.jpg","datePublished":"2025-08-23T13:49:54+00:00","dateModified":"2025-08-23T13:49:56+00:00","breadcrumb":{"@id":"https:\/\/nordnesrepublikken.no\/index.php\/2025\/08\/23\/latin-amerika-og-sor-amerika-er-ikke-det-samme\/#breadcrumb"},"inLanguage":"nb-NO","potentialAction":[{"@type":"ReadAction","target":["https:\/\/nordnesrepublikken.no\/index.php\/2025\/08\/23\/latin-amerika-og-sor-amerika-er-ikke-det-samme\/"]}]},{"@type":"ImageObject","inLanguage":"nb-NO","@id":"https:\/\/nordnesrepublikken.no\/index.php\/2025\/08\/23\/latin-amerika-og-sor-amerika-er-ikke-det-samme\/#primaryimage","url":"https:\/\/nordnesrepublikken.no\/wp-content\/uploads\/2025\/08\/1755956995_Latin-Amerika-og-Sor-Amerika-er-ikke-det-samme.jpg","contentUrl":"https:\/\/nordnesrepublikken.no\/wp-content\/uploads\/2025\/08\/1755956995_Latin-Amerika-og-Sor-Amerika-er-ikke-det-samme.jpg","width":1254,"height":836,"caption":"america-latina-america-meridionale"},{"@type":"BreadcrumbList","@id":"https:\/\/nordnesrepublikken.no\/index.php\/2025\/08\/23\/latin-amerika-og-sor-amerika-er-ikke-det-samme\/#breadcrumb","itemListElement":[{"@type":"ListItem","position":1,"name":"Home","item":"https:\/\/nordnesrepublikken.no\/"},{"@type":"ListItem","position":2,"name":"Latin -Amerika og S\u00f8r -Amerika er ikke det samme"}]},{"@type":"WebSite","@id":"https:\/\/nordnesrepublikken.no\/#website","url":"https:\/\/nordnesrepublikken.no\/","name":"Nordnesrepublikken","description":"Stemmer og Visjoner fra Republikkens Hjerte","publisher":{"@id":"https:\/\/nordnesrepublikken.no\/#organization"},"potentialAction":[{"@type":"SearchAction","target":{"@type":"EntryPoint","urlTemplate":"https:\/\/nordnesrepublikken.no\/?s={search_term_string}"},"query-input":{"@type":"PropertyValueSpecification","valueRequired":true,"valueName":"search_term_string"}}],"inLanguage":"nb-NO"},{"@type":"Organization","@id":"https:\/\/nordnesrepublikken.no\/#organization","name":"Nordnesrepublikken","url":"https:\/\/nordnesrepublikken.no\/","logo":{"@type":"ImageObject","inLanguage":"nb-NO","@id":"https:\/\/nordnesrepublikken.no\/#\/schema\/logo\/image\/","url":"https:\/\/nordnesrepublikken.no\/wp-content\/uploads\/2025\/02\/cropped-nordnesrepublikken-2.png","contentUrl":"https:\/\/nordnesrepublikken.no\/wp-content\/uploads\/2025\/02\/cropped-nordnesrepublikken-2.png","width":1248,"height":362,"caption":"Nordnesrepublikken"},"image":{"@id":"https:\/\/nordnesrepublikken.no\/#\/schema\/logo\/image\/"}},{"@type":"Person","@id":"https:\/\/nordnesrepublikken.no\/#\/schema\/person\/2e7e81935bab77882fffb79296240ff1","name":"Ole Andersen","image":{"@type":"ImageObject","inLanguage":"nb-NO","@id":"https:\/\/nordnesrepublikken.no\/#\/schema\/person\/image\/","url":"https:\/\/nordnesrepublikken.no\/wp-content\/uploads\/2025\/02\/nordnesrepublikken-2-2-150x150.jpg","contentUrl":"https:\/\/nordnesrepublikken.no\/wp-content\/uploads\/2025\/02\/nordnesrepublikken-2-2-150x150.jpg","caption":"Ole Andersen"},"description":"Ettersom jeg vokste opp i Oslo, har jeg alltid v\u00e6rt fascinert av ordenes kraft og deres evne til \u00e5 skape endringer. Etter \u00e5 ha fullf\u00f8rt min utdannelse i kommunikasjon ved Universitetet i Bergen, fikk jeg muligheten til \u00e5 jobbe innen ulike medier, der jeg har s\u00f8kt \u00e5 belyse viktige samfunnssp\u00f8rsm\u00e5l. I dag, som redakt\u00f8r for Nordnesrepublikken, pr\u00f8ver jeg \u00e5 forene min kj\u00e6rlighet for journalistikk med min lidenskap for innovasjon og eventyr.","sameAs":["https:\/\/nordnesrepublikken.no\/"]}]}},"_links":{"self":[{"href":"https:\/\/nordnesrepublikken.no\/index.php\/wp-json\/wp\/v2\/posts\/8652","targetHints":{"allow":["GET"]}}],"collection":[{"href":"https:\/\/nordnesrepublikken.no\/index.php\/wp-json\/wp\/v2\/posts"}],"about":[{"href":"https:\/\/nordnesrepublikken.no\/index.php\/wp-json\/wp\/v2\/types\/post"}],"author":[{"embeddable":true,"href":"https:\/\/nordnesrepublikken.no\/index.php\/wp-json\/wp\/v2\/users\/1"}],"replies":[{"embeddable":true,"href":"https:\/\/nordnesrepublikken.no\/index.php\/wp-json\/wp\/v2\/comments?post=8652"}],"version-history":[{"count":1,"href":"https:\/\/nordnesrepublikken.no\/index.php\/wp-json\/wp\/v2\/posts\/8652\/revisions"}],"predecessor-version":[{"id":8654,"href":"https:\/\/nordnesrepublikken.no\/index.php\/wp-json\/wp\/v2\/posts\/8652\/revisions\/8654"}],"wp:featuredmedia":[{"embeddable":true,"href":"https:\/\/nordnesrepublikken.no\/index.php\/wp-json\/wp\/v2\/media\/8653"}],"wp:attachment":[{"href":"https:\/\/nordnesrepublikken.no\/index.php\/wp-json\/wp\/v2\/media?parent=8652"}],"wp:term":[{"taxonomy":"category","embeddable":true,"href":"https:\/\/nordnesrepublikken.no\/index.php\/wp-json\/wp\/v2\/categories?post=8652"},{"taxonomy":"post_tag","embeddable":true,"href":"https:\/\/nordnesrepublikken.no\/index.php\/wp-json\/wp\/v2\/tags?post=8652"}],"curies":[{"name":"wp","href":"https:\/\/api.w.org\/{rel}","templated":true}]}}