{"id":8625,"date":"2025-08-22T20:50:17","date_gmt":"2025-08-22T18:50:17","guid":{"rendered":"https:\/\/nordnesrepublikken.no\/index.php\/2025\/08\/22\/europas-forste-logn-flat-nattbuss-twiliner-lanserer-november-2025\/"},"modified":"2025-08-22T20:50:21","modified_gmt":"2025-08-22T18:50:21","slug":"europas-forste-logn-flat-nattbuss-twiliner-lanserer-november-2025","status":"publish","type":"post","link":"https:\/\/nordnesrepublikken.no\/index.php\/2025\/08\/22\/europas-forste-logn-flat-nattbuss-twiliner-lanserer-november-2025\/","title":{"rendered":"Europas f\u00f8rste l\u00f8gn-flat nattbuss, Twiliner, lanserer november 2025"},"content":{"rendered":"<p><\/p>\n<div class=\"wordpress-content\">\n                    <!-- Article Start --><\/p>\n<p><strong>Et nytt sovende bussnett lanseres over hele Europa i november 2025, og tilbyr passasjerer sjansen til \u00e5 reise over natten i seter som blir til fulle senger.<\/strong><\/p>\n<p>Det sveitsiske selskapet Twiliner sier at tjenesten vil koble st\u00f8rre byer over Sveits, Luxembourg, Belgia, Nederland og Spania, med sikte p\u00e5 \u00e5 lukke &laquo;komfortgapet i langdistanse.&raquo;<\/p>\n<h2><strong>Sengelignende komfort mens du er p\u00e5 veien<\/strong><\/h2>\n<p>Twiliner&#8217;s busser er de f\u00f8rste i Europa som har seter som ligner p\u00e5 senger ved \u00e5 trykke p\u00e5 en knapp. Med bare 21 seter per trener, ligner interi\u00f8ret en hytte i forretningsklasse p\u00e5 et fly. Passasjerer vil v\u00e6re utstyrt med puter, tepper, leselys, bord, elektriske utsalgssteder og gratis wifi.<\/p>\n<div class=\"sra_unit\"><link rel=\"stylesheet\" id=\"block-sra\" href=\"https:\/\/euroweeklynews.com\/wp-content\/plugins\/snack-related-articles\/dist\/css\/snack-related.min.css?250312-193541\" type=\"text\/css\" media=\"all\">\n<\/div>\n<p>P\u00e5 nedre dekk er det toalett- og skiftende fasiliteter &#8211; store nok til \u00e5 bevege seg komfortabelt &#8211; men ingen dusjer. En snackbar vil ogs\u00e5 v\u00e6re tilgjengelig med lette forfriskninger.<\/p>\n<p>Twiliner fremhever at denne nye designen tilbyr en &laquo;premium reiseopplevelse til \u00f8konomipriser&raquo;, mens de lar reisende hoppe over hotellopphold og flyplass -problem ved \u00e5 g\u00e5 ombord direkte i bysentre.<\/p>\n<h2><strong>Ruter og destinasjoner<\/strong><\/h2>\n<p>De to f\u00f8rste rutene vil lenke:<\/p>\n<ul>\n<li>Z\u00fcrich til Amsterdam, via Basel, Luxembourg, Brussel og Rotterdam<\/li>\n<li>Z\u00fcrich til Barcelona, \u200b\u200bmed stopp i Girona<\/li>\n<\/ul>\n<p>Busser vil i utgangspunktet l\u00f8pe flere ganger per uke, med planer om \u00e5 utvide frekvensen i 2026. I 2028 har Twiliner som m\u00e5l \u00e5 koble 25 europeiske byer.<\/p>\n<h2><strong>Milj\u00f8vennlig alternativ til \u00e5 fly<\/strong><\/h2>\n<p>Twiliner sier at bussene sparer opptil 85 prosent av CO\u2082-utslippene sammenlignet med flyging, noe som gj\u00f8r dem til et gr\u00f8nnere alternativ for langdistanse reisende. Selskapet posisjonerer seg som et mellomgrunnlag mellom budsjettluftreiser og sovende tog, og kombinerer rimelig pris med komfort.<\/p>\n<p>Bagasjegodtgj\u00f8relser inkluderer en stor koffert (maks 23 kg), en b\u00e6reveske, og, hvis forh\u00e5ndsbestilt, gjenstander som sykler, ski eller surfebrett.<\/p>\n<p>Tjenesten er imidlertid ikke \u00e5pen for barn under fem \u00e5r, og selskapet understreker at familier b\u00f8r vurdere om eldre barn er egnet til det stille, s\u00f8vnvennlige milj\u00f8et om bord.<\/p>\n<h2><strong>Priser og tilgjengelighet<\/strong><\/h2>\n<p>Billettprisene starter p\u00e5 rundt \u20ac 180 en vei, og setter bussene i konkurranse med budsjettflyselskaper og jernbaneoperat\u00f8rer. Selv om det ikke kan betraktes som &laquo;budsjett&raquo; av noen, argumenterer Twiliner for at passasjerer sparer penger ved \u00e5 kutte ut flyplassoverf\u00f8ringer og hotellopphold.<\/p>\n<p>Med \u00f8kende bekymring for klimaendringer og fremtiden for europeisk flyreiser, reiser Twiliner lanseringen sp\u00f8rsm\u00e5let: Kunne nattbusser bli den nye normalen for milj\u00f8bevisste reisende over hele Europa?<\/p>\n<p>Se alle reisenyheter.<\/p>\n<p>Se alle milj\u00f8messige nyheter.<\/p>\n<p>                    <!-- This article has been originally published at https:\/\/euroweeklynews.com\/2025\/08\/22\/europes-first-lie-flat-night-bus-twiliner-launches-november-2025\/ on 22 Aug 2025 at 16:30 by Letara Draghia --><br \/>\n                    <!-- Article End -->\n                <\/div>\n","protected":false},"excerpt":{"rendered":"<p>Et nytt sovende bussnett lanseres over hele Europa i november 2025, og tilbyr passasjerer sjansen<\/p>\n","protected":false},"author":1,"featured_media":8626,"comment_status":"closed","ping_status":"open","sticky":false,"template":"","format":"standard","meta":{"footnotes":""},"categories":[105],"tags":[2372,67,417,5658,5659,5661,5660],"class_list":["post-8625","post","type-post","status-publish","format-standard","has-post-thumbnail","hentry","category-livsstil","tag-europas","tag-forste","tag-lanserer","tag-lognflat","tag-nattbuss","tag-november","tag-twiliner","generate-columns","tablet-grid-50","mobile-grid-100","grid-parent","grid-33","resize-featured-image"],"yoast_head":"<!-- This site is optimized with the Yoast SEO plugin v24.4 - https:\/\/yoast.com\/wordpress\/plugins\/seo\/ -->\n<title>Europas f\u00f8rste l\u00f8gn-flat nattbuss, Twiliner, lanserer november 2025 - Nordnesrepublikken<\/title>\n<meta name=\"robots\" content=\"index, follow, max-snippet:-1, max-image-preview:large, max-video-preview:-1\" \/>\n<link rel=\"canonical\" href=\"https:\/\/nordnesrepublikken.no\/index.php\/2025\/08\/22\/europas-forste-logn-flat-nattbuss-twiliner-lanserer-november-2025\/\" \/>\n<meta property=\"og:locale\" content=\"nb_NO\" \/>\n<meta property=\"og:type\" content=\"article\" \/>\n<meta property=\"og:title\" content=\"Europas f\u00f8rste l\u00f8gn-flat nattbuss, Twiliner, lanserer november 2025 - Nordnesrepublikken\" \/>\n<meta property=\"og:description\" content=\"Et nytt sovende bussnett lanseres over hele Europa i november 2025, og tilbyr passasjerer sjansen\" \/>\n<meta property=\"og:url\" content=\"https:\/\/nordnesrepublikken.no\/index.php\/2025\/08\/22\/europas-forste-logn-flat-nattbuss-twiliner-lanserer-november-2025\/\" \/>\n<meta property=\"og:site_name\" content=\"Nordnesrepublikken\" \/>\n<meta property=\"article:published_time\" content=\"2025-08-22T18:50:17+00:00\" \/>\n<meta property=\"article:modified_time\" content=\"2025-08-22T18:50:21+00:00\" \/>\n<meta property=\"og:image\" content=\"https:\/\/nordnesrepublikken.no\/wp-content\/uploads\/2025\/08\/1755888618_Europas-forste-logn-flat-nattbuss-Twiliner-lanserer-november-2025.png\" \/>\n\t<meta property=\"og:image:width\" content=\"1200\" \/>\n\t<meta property=\"og:image:height\" content=\"702\" \/>\n\t<meta property=\"og:image:type\" content=\"image\/png\" \/>\n<meta name=\"author\" content=\"Ole Andersen\" \/>\n<meta name=\"twitter:card\" content=\"summary_large_image\" \/>\n<meta name=\"twitter:label1\" content=\"Skrevet av\" \/>\n\t<meta name=\"twitter:data1\" content=\"Ole Andersen\" \/>\n\t<meta name=\"twitter:label2\" content=\"Ansl. lesetid\" \/>\n\t<meta name=\"twitter:data2\" content=\"2 minutter\" \/>\n<script type=\"application\/ld+json\" class=\"yoast-schema-graph\">{\"@context\":\"https:\/\/schema.org\",\"@graph\":[{\"@type\":\"Article\",\"@id\":\"https:\/\/nordnesrepublikken.no\/index.php\/2025\/08\/22\/europas-forste-logn-flat-nattbuss-twiliner-lanserer-november-2025\/#article\",\"isPartOf\":{\"@id\":\"https:\/\/nordnesrepublikken.no\/index.php\/2025\/08\/22\/europas-forste-logn-flat-nattbuss-twiliner-lanserer-november-2025\/\"},\"author\":{\"name\":\"Ole Andersen\",\"@id\":\"https:\/\/nordnesrepublikken.no\/#\/schema\/person\/2e7e81935bab77882fffb79296240ff1\"},\"headline\":\"Europas f\u00f8rste l\u00f8gn-flat nattbuss, Twiliner, lanserer november 2025\",\"datePublished\":\"2025-08-22T18:50:17+00:00\",\"dateModified\":\"2025-08-22T18:50:21+00:00\",\"mainEntityOfPage\":{\"@id\":\"https:\/\/nordnesrepublikken.no\/index.php\/2025\/08\/22\/europas-forste-logn-flat-nattbuss-twiliner-lanserer-november-2025\/\"},\"wordCount\":410,\"publisher\":{\"@id\":\"https:\/\/nordnesrepublikken.no\/#organization\"},\"image\":{\"@id\":\"https:\/\/nordnesrepublikken.no\/index.php\/2025\/08\/22\/europas-forste-logn-flat-nattbuss-twiliner-lanserer-november-2025\/#primaryimage\"},\"thumbnailUrl\":\"https:\/\/nordnesrepublikken.no\/wp-content\/uploads\/2025\/08\/1755888618_Europas-forste-logn-flat-nattbuss-Twiliner-lanserer-november-2025.png\",\"keywords\":[\"Europas\",\"f\u00f8rste\",\"lanserer\",\"l\u00f8gnflat\",\"nattbuss\",\"november\",\"Twiliner\"],\"articleSection\":[\"Livsstil\"],\"inLanguage\":\"nb-NO\"},{\"@type\":\"WebPage\",\"@id\":\"https:\/\/nordnesrepublikken.no\/index.php\/2025\/08\/22\/europas-forste-logn-flat-nattbuss-twiliner-lanserer-november-2025\/\",\"url\":\"https:\/\/nordnesrepublikken.no\/index.php\/2025\/08\/22\/europas-forste-logn-flat-nattbuss-twiliner-lanserer-november-2025\/\",\"name\":\"Europas f\u00f8rste l\u00f8gn-flat nattbuss, Twiliner, lanserer november 2025 - Nordnesrepublikken\",\"isPartOf\":{\"@id\":\"https:\/\/nordnesrepublikken.no\/#website\"},\"primaryImageOfPage\":{\"@id\":\"https:\/\/nordnesrepublikken.no\/index.php\/2025\/08\/22\/europas-forste-logn-flat-nattbuss-twiliner-lanserer-november-2025\/#primaryimage\"},\"image\":{\"@id\":\"https:\/\/nordnesrepublikken.no\/index.php\/2025\/08\/22\/europas-forste-logn-flat-nattbuss-twiliner-lanserer-november-2025\/#primaryimage\"},\"thumbnailUrl\":\"https:\/\/nordnesrepublikken.no\/wp-content\/uploads\/2025\/08\/1755888618_Europas-forste-logn-flat-nattbuss-Twiliner-lanserer-november-2025.png\",\"datePublished\":\"2025-08-22T18:50:17+00:00\",\"dateModified\":\"2025-08-22T18:50:21+00:00\",\"breadcrumb\":{\"@id\":\"https:\/\/nordnesrepublikken.no\/index.php\/2025\/08\/22\/europas-forste-logn-flat-nattbuss-twiliner-lanserer-november-2025\/#breadcrumb\"},\"inLanguage\":\"nb-NO\",\"potentialAction\":[{\"@type\":\"ReadAction\",\"target\":[\"https:\/\/nordnesrepublikken.no\/index.php\/2025\/08\/22\/europas-forste-logn-flat-nattbuss-twiliner-lanserer-november-2025\/\"]}]},{\"@type\":\"ImageObject\",\"inLanguage\":\"nb-NO\",\"@id\":\"https:\/\/nordnesrepublikken.no\/index.php\/2025\/08\/22\/europas-forste-logn-flat-nattbuss-twiliner-lanserer-november-2025\/#primaryimage\",\"url\":\"https:\/\/nordnesrepublikken.no\/wp-content\/uploads\/2025\/08\/1755888618_Europas-forste-logn-flat-nattbuss-Twiliner-lanserer-november-2025.png\",\"contentUrl\":\"https:\/\/nordnesrepublikken.no\/wp-content\/uploads\/2025\/08\/1755888618_Europas-forste-logn-flat-nattbuss-Twiliner-lanserer-november-2025.png\",\"width\":1200,\"height\":702,\"caption\":\"Europas f\u00f8rste l\u00f8gn-flat nattbuss, Twiliner, lanserer november 2025\"},{\"@type\":\"BreadcrumbList\",\"@id\":\"https:\/\/nordnesrepublikken.no\/index.php\/2025\/08\/22\/europas-forste-logn-flat-nattbuss-twiliner-lanserer-november-2025\/#breadcrumb\",\"itemListElement\":[{\"@type\":\"ListItem\",\"position\":1,\"name\":\"Home\",\"item\":\"https:\/\/nordnesrepublikken.no\/\"},{\"@type\":\"ListItem\",\"position\":2,\"name\":\"Europas f\u00f8rste l\u00f8gn-flat nattbuss, Twiliner, lanserer november 2025\"}]},{\"@type\":\"WebSite\",\"@id\":\"https:\/\/nordnesrepublikken.no\/#website\",\"url\":\"https:\/\/nordnesrepublikken.no\/\",\"name\":\"Nordnesrepublikken\",\"description\":\"Stemmer og Visjoner fra Republikkens Hjerte\",\"publisher\":{\"@id\":\"https:\/\/nordnesrepublikken.no\/#organization\"},\"potentialAction\":[{\"@type\":\"SearchAction\",\"target\":{\"@type\":\"EntryPoint\",\"urlTemplate\":\"https:\/\/nordnesrepublikken.no\/?s={search_term_string}\"},\"query-input\":{\"@type\":\"PropertyValueSpecification\",\"valueRequired\":true,\"valueName\":\"search_term_string\"}}],\"inLanguage\":\"nb-NO\"},{\"@type\":\"Organization\",\"@id\":\"https:\/\/nordnesrepublikken.no\/#organization\",\"name\":\"Nordnesrepublikken\",\"url\":\"https:\/\/nordnesrepublikken.no\/\",\"logo\":{\"@type\":\"ImageObject\",\"inLanguage\":\"nb-NO\",\"@id\":\"https:\/\/nordnesrepublikken.no\/#\/schema\/logo\/image\/\",\"url\":\"https:\/\/nordnesrepublikken.no\/wp-content\/uploads\/2025\/02\/cropped-nordnesrepublikken-2.png\",\"contentUrl\":\"https:\/\/nordnesrepublikken.no\/wp-content\/uploads\/2025\/02\/cropped-nordnesrepublikken-2.png\",\"width\":1248,\"height\":362,\"caption\":\"Nordnesrepublikken\"},\"image\":{\"@id\":\"https:\/\/nordnesrepublikken.no\/#\/schema\/logo\/image\/\"}},{\"@type\":\"Person\",\"@id\":\"https:\/\/nordnesrepublikken.no\/#\/schema\/person\/2e7e81935bab77882fffb79296240ff1\",\"name\":\"Ole Andersen\",\"image\":{\"@type\":\"ImageObject\",\"inLanguage\":\"nb-NO\",\"@id\":\"https:\/\/nordnesrepublikken.no\/#\/schema\/person\/image\/\",\"url\":\"https:\/\/nordnesrepublikken.no\/wp-content\/uploads\/2025\/02\/nordnesrepublikken-2-2-150x150.jpg\",\"contentUrl\":\"https:\/\/nordnesrepublikken.no\/wp-content\/uploads\/2025\/02\/nordnesrepublikken-2-2-150x150.jpg\",\"caption\":\"Ole Andersen\"},\"description\":\"Ettersom jeg vokste opp i Oslo, har jeg alltid v\u00e6rt fascinert av ordenes kraft og deres evne til \u00e5 skape endringer. Etter \u00e5 ha fullf\u00f8rt min utdannelse i kommunikasjon ved Universitetet i Bergen, fikk jeg muligheten til \u00e5 jobbe innen ulike medier, der jeg har s\u00f8kt \u00e5 belyse viktige samfunnssp\u00f8rsm\u00e5l. I dag, som redakt\u00f8r for Nordnesrepublikken, pr\u00f8ver jeg \u00e5 forene min kj\u00e6rlighet for journalistikk med min lidenskap for innovasjon og eventyr.\",\"sameAs\":[\"https:\/\/nordnesrepublikken.no\/\"]}]}<\/script>\n<!-- \/ Yoast SEO plugin. -->","yoast_head_json":{"title":"Europas f\u00f8rste l\u00f8gn-flat nattbuss, Twiliner, lanserer november 2025 - Nordnesrepublikken","robots":{"index":"index","follow":"follow","max-snippet":"max-snippet:-1","max-image-preview":"max-image-preview:large","max-video-preview":"max-video-preview:-1"},"canonical":"https:\/\/nordnesrepublikken.no\/index.php\/2025\/08\/22\/europas-forste-logn-flat-nattbuss-twiliner-lanserer-november-2025\/","og_locale":"nb_NO","og_type":"article","og_title":"Europas f\u00f8rste l\u00f8gn-flat nattbuss, Twiliner, lanserer november 2025 - Nordnesrepublikken","og_description":"Et nytt sovende bussnett lanseres over hele Europa i november 2025, og tilbyr passasjerer sjansen","og_url":"https:\/\/nordnesrepublikken.no\/index.php\/2025\/08\/22\/europas-forste-logn-flat-nattbuss-twiliner-lanserer-november-2025\/","og_site_name":"Nordnesrepublikken","article_published_time":"2025-08-22T18:50:17+00:00","article_modified_time":"2025-08-22T18:50:21+00:00","og_image":[{"width":1200,"height":702,"url":"https:\/\/nordnesrepublikken.no\/wp-content\/uploads\/2025\/08\/1755888618_Europas-forste-logn-flat-nattbuss-Twiliner-lanserer-november-2025.png","type":"image\/png"}],"author":"Ole Andersen","twitter_card":"summary_large_image","twitter_misc":{"Skrevet av":"Ole Andersen","Ansl. lesetid":"2 minutter"},"schema":{"@context":"https:\/\/schema.org","@graph":[{"@type":"Article","@id":"https:\/\/nordnesrepublikken.no\/index.php\/2025\/08\/22\/europas-forste-logn-flat-nattbuss-twiliner-lanserer-november-2025\/#article","isPartOf":{"@id":"https:\/\/nordnesrepublikken.no\/index.php\/2025\/08\/22\/europas-forste-logn-flat-nattbuss-twiliner-lanserer-november-2025\/"},"author":{"name":"Ole Andersen","@id":"https:\/\/nordnesrepublikken.no\/#\/schema\/person\/2e7e81935bab77882fffb79296240ff1"},"headline":"Europas f\u00f8rste l\u00f8gn-flat nattbuss, Twiliner, lanserer november 2025","datePublished":"2025-08-22T18:50:17+00:00","dateModified":"2025-08-22T18:50:21+00:00","mainEntityOfPage":{"@id":"https:\/\/nordnesrepublikken.no\/index.php\/2025\/08\/22\/europas-forste-logn-flat-nattbuss-twiliner-lanserer-november-2025\/"},"wordCount":410,"publisher":{"@id":"https:\/\/nordnesrepublikken.no\/#organization"},"image":{"@id":"https:\/\/nordnesrepublikken.no\/index.php\/2025\/08\/22\/europas-forste-logn-flat-nattbuss-twiliner-lanserer-november-2025\/#primaryimage"},"thumbnailUrl":"https:\/\/nordnesrepublikken.no\/wp-content\/uploads\/2025\/08\/1755888618_Europas-forste-logn-flat-nattbuss-Twiliner-lanserer-november-2025.png","keywords":["Europas","f\u00f8rste","lanserer","l\u00f8gnflat","nattbuss","november","Twiliner"],"articleSection":["Livsstil"],"inLanguage":"nb-NO"},{"@type":"WebPage","@id":"https:\/\/nordnesrepublikken.no\/index.php\/2025\/08\/22\/europas-forste-logn-flat-nattbuss-twiliner-lanserer-november-2025\/","url":"https:\/\/nordnesrepublikken.no\/index.php\/2025\/08\/22\/europas-forste-logn-flat-nattbuss-twiliner-lanserer-november-2025\/","name":"Europas f\u00f8rste l\u00f8gn-flat nattbuss, Twiliner, lanserer november 2025 - Nordnesrepublikken","isPartOf":{"@id":"https:\/\/nordnesrepublikken.no\/#website"},"primaryImageOfPage":{"@id":"https:\/\/nordnesrepublikken.no\/index.php\/2025\/08\/22\/europas-forste-logn-flat-nattbuss-twiliner-lanserer-november-2025\/#primaryimage"},"image":{"@id":"https:\/\/nordnesrepublikken.no\/index.php\/2025\/08\/22\/europas-forste-logn-flat-nattbuss-twiliner-lanserer-november-2025\/#primaryimage"},"thumbnailUrl":"https:\/\/nordnesrepublikken.no\/wp-content\/uploads\/2025\/08\/1755888618_Europas-forste-logn-flat-nattbuss-Twiliner-lanserer-november-2025.png","datePublished":"2025-08-22T18:50:17+00:00","dateModified":"2025-08-22T18:50:21+00:00","breadcrumb":{"@id":"https:\/\/nordnesrepublikken.no\/index.php\/2025\/08\/22\/europas-forste-logn-flat-nattbuss-twiliner-lanserer-november-2025\/#breadcrumb"},"inLanguage":"nb-NO","potentialAction":[{"@type":"ReadAction","target":["https:\/\/nordnesrepublikken.no\/index.php\/2025\/08\/22\/europas-forste-logn-flat-nattbuss-twiliner-lanserer-november-2025\/"]}]},{"@type":"ImageObject","inLanguage":"nb-NO","@id":"https:\/\/nordnesrepublikken.no\/index.php\/2025\/08\/22\/europas-forste-logn-flat-nattbuss-twiliner-lanserer-november-2025\/#primaryimage","url":"https:\/\/nordnesrepublikken.no\/wp-content\/uploads\/2025\/08\/1755888618_Europas-forste-logn-flat-nattbuss-Twiliner-lanserer-november-2025.png","contentUrl":"https:\/\/nordnesrepublikken.no\/wp-content\/uploads\/2025\/08\/1755888618_Europas-forste-logn-flat-nattbuss-Twiliner-lanserer-november-2025.png","width":1200,"height":702,"caption":"Europas f\u00f8rste l\u00f8gn-flat nattbuss, Twiliner, lanserer november 2025"},{"@type":"BreadcrumbList","@id":"https:\/\/nordnesrepublikken.no\/index.php\/2025\/08\/22\/europas-forste-logn-flat-nattbuss-twiliner-lanserer-november-2025\/#breadcrumb","itemListElement":[{"@type":"ListItem","position":1,"name":"Home","item":"https:\/\/nordnesrepublikken.no\/"},{"@type":"ListItem","position":2,"name":"Europas f\u00f8rste l\u00f8gn-flat nattbuss, Twiliner, lanserer november 2025"}]},{"@type":"WebSite","@id":"https:\/\/nordnesrepublikken.no\/#website","url":"https:\/\/nordnesrepublikken.no\/","name":"Nordnesrepublikken","description":"Stemmer og Visjoner fra Republikkens Hjerte","publisher":{"@id":"https:\/\/nordnesrepublikken.no\/#organization"},"potentialAction":[{"@type":"SearchAction","target":{"@type":"EntryPoint","urlTemplate":"https:\/\/nordnesrepublikken.no\/?s={search_term_string}"},"query-input":{"@type":"PropertyValueSpecification","valueRequired":true,"valueName":"search_term_string"}}],"inLanguage":"nb-NO"},{"@type":"Organization","@id":"https:\/\/nordnesrepublikken.no\/#organization","name":"Nordnesrepublikken","url":"https:\/\/nordnesrepublikken.no\/","logo":{"@type":"ImageObject","inLanguage":"nb-NO","@id":"https:\/\/nordnesrepublikken.no\/#\/schema\/logo\/image\/","url":"https:\/\/nordnesrepublikken.no\/wp-content\/uploads\/2025\/02\/cropped-nordnesrepublikken-2.png","contentUrl":"https:\/\/nordnesrepublikken.no\/wp-content\/uploads\/2025\/02\/cropped-nordnesrepublikken-2.png","width":1248,"height":362,"caption":"Nordnesrepublikken"},"image":{"@id":"https:\/\/nordnesrepublikken.no\/#\/schema\/logo\/image\/"}},{"@type":"Person","@id":"https:\/\/nordnesrepublikken.no\/#\/schema\/person\/2e7e81935bab77882fffb79296240ff1","name":"Ole Andersen","image":{"@type":"ImageObject","inLanguage":"nb-NO","@id":"https:\/\/nordnesrepublikken.no\/#\/schema\/person\/image\/","url":"https:\/\/nordnesrepublikken.no\/wp-content\/uploads\/2025\/02\/nordnesrepublikken-2-2-150x150.jpg","contentUrl":"https:\/\/nordnesrepublikken.no\/wp-content\/uploads\/2025\/02\/nordnesrepublikken-2-2-150x150.jpg","caption":"Ole Andersen"},"description":"Ettersom jeg vokste opp i Oslo, har jeg alltid v\u00e6rt fascinert av ordenes kraft og deres evne til \u00e5 skape endringer. Etter \u00e5 ha fullf\u00f8rt min utdannelse i kommunikasjon ved Universitetet i Bergen, fikk jeg muligheten til \u00e5 jobbe innen ulike medier, der jeg har s\u00f8kt \u00e5 belyse viktige samfunnssp\u00f8rsm\u00e5l. I dag, som redakt\u00f8r for Nordnesrepublikken, pr\u00f8ver jeg \u00e5 forene min kj\u00e6rlighet for journalistikk med min lidenskap for innovasjon og eventyr.","sameAs":["https:\/\/nordnesrepublikken.no\/"]}]}},"_links":{"self":[{"href":"https:\/\/nordnesrepublikken.no\/index.php\/wp-json\/wp\/v2\/posts\/8625","targetHints":{"allow":["GET"]}}],"collection":[{"href":"https:\/\/nordnesrepublikken.no\/index.php\/wp-json\/wp\/v2\/posts"}],"about":[{"href":"https:\/\/nordnesrepublikken.no\/index.php\/wp-json\/wp\/v2\/types\/post"}],"author":[{"embeddable":true,"href":"https:\/\/nordnesrepublikken.no\/index.php\/wp-json\/wp\/v2\/users\/1"}],"replies":[{"embeddable":true,"href":"https:\/\/nordnesrepublikken.no\/index.php\/wp-json\/wp\/v2\/comments?post=8625"}],"version-history":[{"count":1,"href":"https:\/\/nordnesrepublikken.no\/index.php\/wp-json\/wp\/v2\/posts\/8625\/revisions"}],"predecessor-version":[{"id":8627,"href":"https:\/\/nordnesrepublikken.no\/index.php\/wp-json\/wp\/v2\/posts\/8625\/revisions\/8627"}],"wp:featuredmedia":[{"embeddable":true,"href":"https:\/\/nordnesrepublikken.no\/index.php\/wp-json\/wp\/v2\/media\/8626"}],"wp:attachment":[{"href":"https:\/\/nordnesrepublikken.no\/index.php\/wp-json\/wp\/v2\/media?parent=8625"}],"wp:term":[{"taxonomy":"category","embeddable":true,"href":"https:\/\/nordnesrepublikken.no\/index.php\/wp-json\/wp\/v2\/categories?post=8625"},{"taxonomy":"post_tag","embeddable":true,"href":"https:\/\/nordnesrepublikken.no\/index.php\/wp-json\/wp\/v2\/tags?post=8625"}],"curies":[{"name":"wp","href":"https:\/\/api.w.org\/{rel}","templated":true}]}}