{"id":8622,"date":"2025-08-22T18:49:32","date_gmt":"2025-08-22T16:49:32","guid":{"rendered":"https:\/\/nordnesrepublikken.no\/index.php\/2025\/08\/22\/den-lengste-lynet-som-noensinne-har-registrert-829-km-hva-er-en-megaflash\/"},"modified":"2025-08-22T18:49:33","modified_gmt":"2025-08-22T16:49:33","slug":"den-lengste-lynet-som-noensinne-har-registrert-829-km-hva-er-en-megaflash","status":"publish","type":"post","link":"https:\/\/nordnesrepublikken.no\/index.php\/2025\/08\/22\/den-lengste-lynet-som-noensinne-har-registrert-829-km-hva-er-en-megaflash\/","title":{"rendered":"Den lengste lynet som noensinne har registrert 829 km: Hva er en megaflash"},"content":{"rendered":"<div>\n<div class=\"cp_wrapper cp_wrapper--fw mb-30 mb-20@tablet\">\n<figure class=\"mm\"><picture class=\"img\" style=\"padding-top:56.25%\"><source  media=\"(min-width: 1024px)\"><source  media=\"(min-width: 768px)\"><\/source><\/source><\/picture><\/figure>\n<\/p><\/div>\n<p>Den nyeste lynrekorden som noensinne <strong>Megaflash<\/strong> som har utvidet seg til skj\u00f8nnheten i <strong>829 km <\/strong>Under en storm i USA i <strong>2017<\/strong>overvinne <strong>61 km<\/strong> den forrige posten. Et fenomen som skjedde for noen \u00e5r siden, men bare nylig identifisert etter noen dataanmeldelser og bilder produsert av de geostasjon\u00e6re kartleggingssystemene for lyn om bord p\u00e5 satellitten <strong>G\u00e5r 16<\/strong> av NOAA.<\/p>\n<p>De <strong>Megaflash<\/strong> de <strong>22. oktober 2017<\/strong> i USA og dekket en horisontal avstand p\u00e5<strong> 829 km \u00b1 8 km<\/strong>strekker seg fra \u00d8st -Texas til Kansas City (Missouri). For \u00e5 v\u00e6re tydelig er dette avstanden mellom Venezia og Paris. Varigheten av hendelsen var av <strong>7 391 sekunder<\/strong>.<\/p>\n<p>World Meteorological Organization (WMO) har inkludert hendelsen i arkivet med ekstrem v\u00e6r og klimatiske hendelser, og klassifiserer det som <strong>Den st\u00f8rste lynet som noen gang er m\u00e5lt<\/strong>. Detaljene om hendelsen og m\u00e5lingene ble publisert i en studie i magasinet <em>Bulletin of the American Meteorological Society<\/em> i fjor 31. juli 2025.<\/p>\n<div class=\"cp_wrapper cp_wrapper--fw mb-50\">\n<figure class=\"mm\"><picture class=\"img\" style=\"padding-top:87.446808510638%\"><source  media=\"(min-width: 1024px)\"><source  media=\"(min-width: 768px)\"><img decoding=\"async\" loading=\"lazy\" src=\"https:\/\/nordnesrepublikken.no\/wp-content\/uploads\/2025\/08\/1755881372_548_Den-lengste-lynet-som-noensinne-har-registrert-829-km-Hva.jpg\" alt=\"Lenger lenger registrert aldri\" width=\"940\" height=\"822\"><\/source><\/source><\/picture><\/figure>\n<\/p><\/div>\n<p>I den vanlige fantasien blir lyn sett p\u00e5 som veldig meteorologiske fenomener <strong>lokalisert<\/strong> Og ofte synlig bare hvis du er n\u00e6r nok til stormen. Megaflash skiller seg imidlertid fra denne visjonen. Det er &laquo;<strong>Megaofulmini<\/strong>&laquo;, eller<strong> Individuelle horisontale blinker<\/strong> <strong>kontinuerlig<\/strong> med en minimumslengde p\u00e5 <strong>100<\/strong> <strong>km<\/strong>som forplanter seg gjennom skyene ved \u00e5 slippe hundrevis av<strong> Nube-Dorma utslipp<\/strong> langs deres vei. En megaflash er ikke i seg selv synlig for det blotte \u00f8ye, mens de er utslippene p\u00e5 bakken den genererer. Noen ganger oppst\u00e5r disse mega-lamene utover <strong>30 minutter<\/strong> Etter den siste torden oppfattet lokalt.<\/p>\n<p>Det er klart det er <strong>ekstreme v\u00e6rfenomener<\/strong> Og heller <strong>sjelden<\/strong>. Eksperter ansl\u00e5r at bare<strong>1%<\/strong> Tordenv\u00e6r kan produsere megaflash. Disse forekommer innenfor <strong>organiserte temporale systemer,<\/strong> Det vil si aggregater av konvektive celler som interagerer med hverandre som danner bredere og mer varige strukturer enn isolerte tordenv\u00e6r. Disse systemene, kjent som<strong> konvektive systemer i meso-scala<\/strong>kan strekke seg utover <strong>1000 km<\/strong> borte og siste over 12 timer.<\/p>\n<p>Selv om dette er sjeldne fenomener, vakte Megaflash interessen til mange forskere som p\u00e5 den ene siden tar sikte p\u00e5 \u00e5 forst\u00e5 deres natur og p\u00e5 den andre siden evaluere risikoen forbundet med deres tilstedev\u00e6relse. Selv om de til dags dato ofte er lokalisert i omr\u00e5der som ikke er tett befolket, representerer skyfargene som genereres av megaflashen en risiko for sikkerhet som fremdeles er lite forst\u00e5tt.<\/p>\n<div class=\"cp_wrapper cp_wrapper--fw mb-50\">\n<figure class=\"mm\"><picture class=\"img\" style=\"padding-top:56.25%\"><source  media=\"(min-width: 1024px)\"><source  media=\"(min-width: 768px)\"><img decoding=\"async\" loading=\"lazy\" src=\"https:\/\/nordnesrepublikken.no\/wp-content\/uploads\/2025\/08\/1755881372_320_Den-lengste-lynet-som-noensinne-har-registrert-829-km-Hva.jpg\" alt=\"Bilde\" width=\"1920\" height=\"1080\" class=\"js-seedtag-img\"><\/source><\/source><\/picture><\/figure>\n<\/p><\/div>\n<p>Den f\u00f8rste detaljstudiene p\u00e5 Megaflash -dato tilbake til i underkant av 20 \u00e5r siden. I <strong>2007<\/strong>en hendelse med en forlengelse av <strong>321<\/strong> <strong>km<\/strong> Det ble identifisert p\u00e5 himmelen til<strong>Oklahoma<\/strong> Takk til bruken av <strong>Lynkartlegging<\/strong> (<strong>LMA<\/strong>), Deteksjonsnettverk sammensatt av antenner, GPS -mottakere og behandlingssystemer som er i stand til \u00e5 registrere distribusjonen av lynet. Imidlertid er betydelig fremgang med \u00e5 identifisere og studere disse ekstreme fenomenene bare gjort fra november <strong>2016<\/strong>med lanseringen av geostasjon\u00e6re meteorologiske satellitter<strong> G\u00e5r 16<\/strong> Og <strong>G\u00e5r-17<\/strong> av <strong>NOAA<\/strong>. Begge er utstyrt med sensorer <strong>Geostasjon\u00e6r lyn Maper<\/strong> (<strong>GLM)<\/strong>som tillater kontinuerlig overv\u00e5king av tordenv\u00e6r p\u00e5 den vestlige halvkule.<\/p>\n<p>Takket v\u00e6re data produsert av Goes-16 var det mulig \u00e5 kartlegge 2017-posten Megaflash, som fant sted i <strong>Great Plains of North America<\/strong>et omr\u00e5de kjent for ekstreme tidsmessige hendelser. Spesielt lynet hadde ikke blitt identifisert i den opprinnelige analysen av stormen, men ble oppdaget senere under en ny datagjennomgang. Tidligere tilh\u00f8rte forresten en annen hendelse som skjedde blant <strong>USA og Mexicogulfen<\/strong> De <strong>29. april 2020<\/strong>med en lengde p\u00e5 <strong>768 km<\/strong>eller <strong>61 km<\/strong> i mindre enn den nye rekorden.<\/p>\n<div class=\"cp_wrapper  mb-50\">\n<div class=\"cbx\">\n<div class=\"cbx__collection\">\n<p>Kilder<\/p>\n<div class=\"cbx__sources\">                                                                                                                          WMO Peterson, MJ, Albrecht, R., Enno, SE, Holle, RL, Lang, T., Logan, Logan, Lyons, WA, Montanya, J., Sharma, S., Yair, Y. og Losego, J., 2025 Occhurring) Lyons, WA, Bruning, EC, Warner, TA, MacGerman, DR, Edgington, S., Tillier, C. og Mlynarczyk, J., 2020 Bulletin of the American Meteorological Society, 101 (1), pp.e73-e86. Peterson, MJ, Lang, TJ, Logan, T., Wee Kiong, C., Gijben, M., Holle, R., Kolmasova, I., Marisaldi, M., Montanya, J., Pawar, SD og Zhang, D., 2022 registrert fra verdensrommet. Bulletin of the American Meteorological Society, 103 (4), s.257-261. NOAA                                                 <\/div>\n<\/p><\/div>\n<\/p><\/div>\n<\/p><\/div>\n<\/p><\/div>\n","protected":false},"excerpt":{"rendered":"<p>Den nyeste lynrekorden som noensinne Megaflash som har utvidet seg til skj\u00f8nnheten i 829 km<\/p>\n","protected":false},"author":1,"featured_media":8623,"comment_status":"closed","ping_status":"open","sticky":false,"template":"","format":"standard","meta":{"footnotes":""},"categories":[26],"tags":[74,179,144,419,5656,5657,627,628,31],"class_list":["post-8622","post","type-post","status-publish","format-standard","has-post-thumbnail","hentry","category-miljo","tag-den","tag-har","tag-hva","tag-lengste","tag-lynet","tag-megaflash","tag-noensinne","tag-registrert","tag-som","generate-columns","tablet-grid-50","mobile-grid-100","grid-parent","grid-33","resize-featured-image"],"yoast_head":"<!-- This site is optimized with the Yoast SEO plugin v24.4 - https:\/\/yoast.com\/wordpress\/plugins\/seo\/ -->\n<title>Den lengste lynet som noensinne har registrert 829 km: Hva er en megaflash - Nordnesrepublikken<\/title>\n<meta name=\"robots\" content=\"index, follow, max-snippet:-1, max-image-preview:large, max-video-preview:-1\" \/>\n<link rel=\"canonical\" href=\"https:\/\/nordnesrepublikken.no\/index.php\/2025\/08\/22\/den-lengste-lynet-som-noensinne-har-registrert-829-km-hva-er-en-megaflash\/\" \/>\n<meta property=\"og:locale\" content=\"nb_NO\" \/>\n<meta property=\"og:type\" content=\"article\" \/>\n<meta property=\"og:title\" content=\"Den lengste lynet som noensinne har registrert 829 km: Hva er en megaflash - Nordnesrepublikken\" \/>\n<meta property=\"og:description\" content=\"Den nyeste lynrekorden som noensinne Megaflash som har utvidet seg til skj\u00f8nnheten i 829 km\" \/>\n<meta property=\"og:url\" content=\"https:\/\/nordnesrepublikken.no\/index.php\/2025\/08\/22\/den-lengste-lynet-som-noensinne-har-registrert-829-km-hva-er-en-megaflash\/\" \/>\n<meta property=\"og:site_name\" content=\"Nordnesrepublikken\" \/>\n<meta property=\"article:published_time\" content=\"2025-08-22T16:49:32+00:00\" \/>\n<meta property=\"article:modified_time\" content=\"2025-08-22T16:49:33+00:00\" \/>\n<meta property=\"og:image\" content=\"https:\/\/nordnesrepublikken.no\/wp-content\/uploads\/2025\/08\/1755881372_Den-lengste-lynet-som-noensinne-har-registrert-829-km-Hva.jpg\" \/>\n\t<meta property=\"og:image:width\" content=\"1536\" \/>\n\t<meta property=\"og:image:height\" content=\"1024\" \/>\n\t<meta property=\"og:image:type\" content=\"image\/jpeg\" \/>\n<meta name=\"author\" content=\"Ole Andersen\" \/>\n<meta name=\"twitter:card\" content=\"summary_large_image\" \/>\n<meta name=\"twitter:label1\" content=\"Skrevet av\" \/>\n\t<meta name=\"twitter:data1\" content=\"Ole Andersen\" \/>\n\t<meta name=\"twitter:label2\" content=\"Ansl. lesetid\" \/>\n\t<meta name=\"twitter:data2\" content=\"3 minutter\" \/>\n<script type=\"application\/ld+json\" class=\"yoast-schema-graph\">{\"@context\":\"https:\/\/schema.org\",\"@graph\":[{\"@type\":\"Article\",\"@id\":\"https:\/\/nordnesrepublikken.no\/index.php\/2025\/08\/22\/den-lengste-lynet-som-noensinne-har-registrert-829-km-hva-er-en-megaflash\/#article\",\"isPartOf\":{\"@id\":\"https:\/\/nordnesrepublikken.no\/index.php\/2025\/08\/22\/den-lengste-lynet-som-noensinne-har-registrert-829-km-hva-er-en-megaflash\/\"},\"author\":{\"name\":\"Ole Andersen\",\"@id\":\"https:\/\/nordnesrepublikken.no\/#\/schema\/person\/2e7e81935bab77882fffb79296240ff1\"},\"headline\":\"Den lengste lynet som noensinne har registrert 829 km: Hva er en megaflash\",\"datePublished\":\"2025-08-22T16:49:32+00:00\",\"dateModified\":\"2025-08-22T16:49:33+00:00\",\"mainEntityOfPage\":{\"@id\":\"https:\/\/nordnesrepublikken.no\/index.php\/2025\/08\/22\/den-lengste-lynet-som-noensinne-har-registrert-829-km-hva-er-en-megaflash\/\"},\"wordCount\":652,\"publisher\":{\"@id\":\"https:\/\/nordnesrepublikken.no\/#organization\"},\"image\":{\"@id\":\"https:\/\/nordnesrepublikken.no\/index.php\/2025\/08\/22\/den-lengste-lynet-som-noensinne-har-registrert-829-km-hva-er-en-megaflash\/#primaryimage\"},\"thumbnailUrl\":\"https:\/\/nordnesrepublikken.no\/wp-content\/uploads\/2025\/08\/1755881372_Den-lengste-lynet-som-noensinne-har-registrert-829-km-Hva.jpg\",\"keywords\":[\"den\",\"har\",\"Hva\",\"lengste\",\"lynet\",\"megaflash\",\"noensinne\",\"registrert\",\"som\"],\"articleSection\":[\"Milj\u00f8\"],\"inLanguage\":\"nb-NO\"},{\"@type\":\"WebPage\",\"@id\":\"https:\/\/nordnesrepublikken.no\/index.php\/2025\/08\/22\/den-lengste-lynet-som-noensinne-har-registrert-829-km-hva-er-en-megaflash\/\",\"url\":\"https:\/\/nordnesrepublikken.no\/index.php\/2025\/08\/22\/den-lengste-lynet-som-noensinne-har-registrert-829-km-hva-er-en-megaflash\/\",\"name\":\"Den lengste lynet som noensinne har registrert 829 km: Hva er en megaflash - Nordnesrepublikken\",\"isPartOf\":{\"@id\":\"https:\/\/nordnesrepublikken.no\/#website\"},\"primaryImageOfPage\":{\"@id\":\"https:\/\/nordnesrepublikken.no\/index.php\/2025\/08\/22\/den-lengste-lynet-som-noensinne-har-registrert-829-km-hva-er-en-megaflash\/#primaryimage\"},\"image\":{\"@id\":\"https:\/\/nordnesrepublikken.no\/index.php\/2025\/08\/22\/den-lengste-lynet-som-noensinne-har-registrert-829-km-hva-er-en-megaflash\/#primaryimage\"},\"thumbnailUrl\":\"https:\/\/nordnesrepublikken.no\/wp-content\/uploads\/2025\/08\/1755881372_Den-lengste-lynet-som-noensinne-har-registrert-829-km-Hva.jpg\",\"datePublished\":\"2025-08-22T16:49:32+00:00\",\"dateModified\":\"2025-08-22T16:49:33+00:00\",\"breadcrumb\":{\"@id\":\"https:\/\/nordnesrepublikken.no\/index.php\/2025\/08\/22\/den-lengste-lynet-som-noensinne-har-registrert-829-km-hva-er-en-megaflash\/#breadcrumb\"},\"inLanguage\":\"nb-NO\",\"potentialAction\":[{\"@type\":\"ReadAction\",\"target\":[\"https:\/\/nordnesrepublikken.no\/index.php\/2025\/08\/22\/den-lengste-lynet-som-noensinne-har-registrert-829-km-hva-er-en-megaflash\/\"]}]},{\"@type\":\"ImageObject\",\"inLanguage\":\"nb-NO\",\"@id\":\"https:\/\/nordnesrepublikken.no\/index.php\/2025\/08\/22\/den-lengste-lynet-som-noensinne-har-registrert-829-km-hva-er-en-megaflash\/#primaryimage\",\"url\":\"https:\/\/nordnesrepublikken.no\/wp-content\/uploads\/2025\/08\/1755881372_Den-lengste-lynet-som-noensinne-har-registrert-829-km-Hva.jpg\",\"contentUrl\":\"https:\/\/nordnesrepublikken.no\/wp-content\/uploads\/2025\/08\/1755881372_Den-lengste-lynet-som-noensinne-har-registrert-829-km-Hva.jpg\",\"width\":1536,\"height\":1024,\"caption\":\"fulmini\"},{\"@type\":\"BreadcrumbList\",\"@id\":\"https:\/\/nordnesrepublikken.no\/index.php\/2025\/08\/22\/den-lengste-lynet-som-noensinne-har-registrert-829-km-hva-er-en-megaflash\/#breadcrumb\",\"itemListElement\":[{\"@type\":\"ListItem\",\"position\":1,\"name\":\"Home\",\"item\":\"https:\/\/nordnesrepublikken.no\/\"},{\"@type\":\"ListItem\",\"position\":2,\"name\":\"Den lengste lynet som noensinne har registrert 829 km: Hva er en megaflash\"}]},{\"@type\":\"WebSite\",\"@id\":\"https:\/\/nordnesrepublikken.no\/#website\",\"url\":\"https:\/\/nordnesrepublikken.no\/\",\"name\":\"Nordnesrepublikken\",\"description\":\"Stemmer og Visjoner fra Republikkens Hjerte\",\"publisher\":{\"@id\":\"https:\/\/nordnesrepublikken.no\/#organization\"},\"potentialAction\":[{\"@type\":\"SearchAction\",\"target\":{\"@type\":\"EntryPoint\",\"urlTemplate\":\"https:\/\/nordnesrepublikken.no\/?s={search_term_string}\"},\"query-input\":{\"@type\":\"PropertyValueSpecification\",\"valueRequired\":true,\"valueName\":\"search_term_string\"}}],\"inLanguage\":\"nb-NO\"},{\"@type\":\"Organization\",\"@id\":\"https:\/\/nordnesrepublikken.no\/#organization\",\"name\":\"Nordnesrepublikken\",\"url\":\"https:\/\/nordnesrepublikken.no\/\",\"logo\":{\"@type\":\"ImageObject\",\"inLanguage\":\"nb-NO\",\"@id\":\"https:\/\/nordnesrepublikken.no\/#\/schema\/logo\/image\/\",\"url\":\"https:\/\/nordnesrepublikken.no\/wp-content\/uploads\/2025\/02\/cropped-nordnesrepublikken-2.png\",\"contentUrl\":\"https:\/\/nordnesrepublikken.no\/wp-content\/uploads\/2025\/02\/cropped-nordnesrepublikken-2.png\",\"width\":1248,\"height\":362,\"caption\":\"Nordnesrepublikken\"},\"image\":{\"@id\":\"https:\/\/nordnesrepublikken.no\/#\/schema\/logo\/image\/\"}},{\"@type\":\"Person\",\"@id\":\"https:\/\/nordnesrepublikken.no\/#\/schema\/person\/2e7e81935bab77882fffb79296240ff1\",\"name\":\"Ole Andersen\",\"image\":{\"@type\":\"ImageObject\",\"inLanguage\":\"nb-NO\",\"@id\":\"https:\/\/nordnesrepublikken.no\/#\/schema\/person\/image\/\",\"url\":\"https:\/\/nordnesrepublikken.no\/wp-content\/uploads\/2025\/02\/nordnesrepublikken-2-2-150x150.jpg\",\"contentUrl\":\"https:\/\/nordnesrepublikken.no\/wp-content\/uploads\/2025\/02\/nordnesrepublikken-2-2-150x150.jpg\",\"caption\":\"Ole Andersen\"},\"description\":\"Ettersom jeg vokste opp i Oslo, har jeg alltid v\u00e6rt fascinert av ordenes kraft og deres evne til \u00e5 skape endringer. Etter \u00e5 ha fullf\u00f8rt min utdannelse i kommunikasjon ved Universitetet i Bergen, fikk jeg muligheten til \u00e5 jobbe innen ulike medier, der jeg har s\u00f8kt \u00e5 belyse viktige samfunnssp\u00f8rsm\u00e5l. I dag, som redakt\u00f8r for Nordnesrepublikken, pr\u00f8ver jeg \u00e5 forene min kj\u00e6rlighet for journalistikk med min lidenskap for innovasjon og eventyr.\",\"sameAs\":[\"https:\/\/nordnesrepublikken.no\/\"]}]}<\/script>\n<!-- \/ Yoast SEO plugin. -->","yoast_head_json":{"title":"Den lengste lynet som noensinne har registrert 829 km: Hva er en megaflash - Nordnesrepublikken","robots":{"index":"index","follow":"follow","max-snippet":"max-snippet:-1","max-image-preview":"max-image-preview:large","max-video-preview":"max-video-preview:-1"},"canonical":"https:\/\/nordnesrepublikken.no\/index.php\/2025\/08\/22\/den-lengste-lynet-som-noensinne-har-registrert-829-km-hva-er-en-megaflash\/","og_locale":"nb_NO","og_type":"article","og_title":"Den lengste lynet som noensinne har registrert 829 km: Hva er en megaflash - Nordnesrepublikken","og_description":"Den nyeste lynrekorden som noensinne Megaflash som har utvidet seg til skj\u00f8nnheten i 829 km","og_url":"https:\/\/nordnesrepublikken.no\/index.php\/2025\/08\/22\/den-lengste-lynet-som-noensinne-har-registrert-829-km-hva-er-en-megaflash\/","og_site_name":"Nordnesrepublikken","article_published_time":"2025-08-22T16:49:32+00:00","article_modified_time":"2025-08-22T16:49:33+00:00","og_image":[{"width":1536,"height":1024,"url":"https:\/\/nordnesrepublikken.no\/wp-content\/uploads\/2025\/08\/1755881372_Den-lengste-lynet-som-noensinne-har-registrert-829-km-Hva.jpg","type":"image\/jpeg"}],"author":"Ole Andersen","twitter_card":"summary_large_image","twitter_misc":{"Skrevet av":"Ole Andersen","Ansl. lesetid":"3 minutter"},"schema":{"@context":"https:\/\/schema.org","@graph":[{"@type":"Article","@id":"https:\/\/nordnesrepublikken.no\/index.php\/2025\/08\/22\/den-lengste-lynet-som-noensinne-har-registrert-829-km-hva-er-en-megaflash\/#article","isPartOf":{"@id":"https:\/\/nordnesrepublikken.no\/index.php\/2025\/08\/22\/den-lengste-lynet-som-noensinne-har-registrert-829-km-hva-er-en-megaflash\/"},"author":{"name":"Ole Andersen","@id":"https:\/\/nordnesrepublikken.no\/#\/schema\/person\/2e7e81935bab77882fffb79296240ff1"},"headline":"Den lengste lynet som noensinne har registrert 829 km: Hva er en megaflash","datePublished":"2025-08-22T16:49:32+00:00","dateModified":"2025-08-22T16:49:33+00:00","mainEntityOfPage":{"@id":"https:\/\/nordnesrepublikken.no\/index.php\/2025\/08\/22\/den-lengste-lynet-som-noensinne-har-registrert-829-km-hva-er-en-megaflash\/"},"wordCount":652,"publisher":{"@id":"https:\/\/nordnesrepublikken.no\/#organization"},"image":{"@id":"https:\/\/nordnesrepublikken.no\/index.php\/2025\/08\/22\/den-lengste-lynet-som-noensinne-har-registrert-829-km-hva-er-en-megaflash\/#primaryimage"},"thumbnailUrl":"https:\/\/nordnesrepublikken.no\/wp-content\/uploads\/2025\/08\/1755881372_Den-lengste-lynet-som-noensinne-har-registrert-829-km-Hva.jpg","keywords":["den","har","Hva","lengste","lynet","megaflash","noensinne","registrert","som"],"articleSection":["Milj\u00f8"],"inLanguage":"nb-NO"},{"@type":"WebPage","@id":"https:\/\/nordnesrepublikken.no\/index.php\/2025\/08\/22\/den-lengste-lynet-som-noensinne-har-registrert-829-km-hva-er-en-megaflash\/","url":"https:\/\/nordnesrepublikken.no\/index.php\/2025\/08\/22\/den-lengste-lynet-som-noensinne-har-registrert-829-km-hva-er-en-megaflash\/","name":"Den lengste lynet som noensinne har registrert 829 km: Hva er en megaflash - Nordnesrepublikken","isPartOf":{"@id":"https:\/\/nordnesrepublikken.no\/#website"},"primaryImageOfPage":{"@id":"https:\/\/nordnesrepublikken.no\/index.php\/2025\/08\/22\/den-lengste-lynet-som-noensinne-har-registrert-829-km-hva-er-en-megaflash\/#primaryimage"},"image":{"@id":"https:\/\/nordnesrepublikken.no\/index.php\/2025\/08\/22\/den-lengste-lynet-som-noensinne-har-registrert-829-km-hva-er-en-megaflash\/#primaryimage"},"thumbnailUrl":"https:\/\/nordnesrepublikken.no\/wp-content\/uploads\/2025\/08\/1755881372_Den-lengste-lynet-som-noensinne-har-registrert-829-km-Hva.jpg","datePublished":"2025-08-22T16:49:32+00:00","dateModified":"2025-08-22T16:49:33+00:00","breadcrumb":{"@id":"https:\/\/nordnesrepublikken.no\/index.php\/2025\/08\/22\/den-lengste-lynet-som-noensinne-har-registrert-829-km-hva-er-en-megaflash\/#breadcrumb"},"inLanguage":"nb-NO","potentialAction":[{"@type":"ReadAction","target":["https:\/\/nordnesrepublikken.no\/index.php\/2025\/08\/22\/den-lengste-lynet-som-noensinne-har-registrert-829-km-hva-er-en-megaflash\/"]}]},{"@type":"ImageObject","inLanguage":"nb-NO","@id":"https:\/\/nordnesrepublikken.no\/index.php\/2025\/08\/22\/den-lengste-lynet-som-noensinne-har-registrert-829-km-hva-er-en-megaflash\/#primaryimage","url":"https:\/\/nordnesrepublikken.no\/wp-content\/uploads\/2025\/08\/1755881372_Den-lengste-lynet-som-noensinne-har-registrert-829-km-Hva.jpg","contentUrl":"https:\/\/nordnesrepublikken.no\/wp-content\/uploads\/2025\/08\/1755881372_Den-lengste-lynet-som-noensinne-har-registrert-829-km-Hva.jpg","width":1536,"height":1024,"caption":"fulmini"},{"@type":"BreadcrumbList","@id":"https:\/\/nordnesrepublikken.no\/index.php\/2025\/08\/22\/den-lengste-lynet-som-noensinne-har-registrert-829-km-hva-er-en-megaflash\/#breadcrumb","itemListElement":[{"@type":"ListItem","position":1,"name":"Home","item":"https:\/\/nordnesrepublikken.no\/"},{"@type":"ListItem","position":2,"name":"Den lengste lynet som noensinne har registrert 829 km: Hva er en megaflash"}]},{"@type":"WebSite","@id":"https:\/\/nordnesrepublikken.no\/#website","url":"https:\/\/nordnesrepublikken.no\/","name":"Nordnesrepublikken","description":"Stemmer og Visjoner fra Republikkens Hjerte","publisher":{"@id":"https:\/\/nordnesrepublikken.no\/#organization"},"potentialAction":[{"@type":"SearchAction","target":{"@type":"EntryPoint","urlTemplate":"https:\/\/nordnesrepublikken.no\/?s={search_term_string}"},"query-input":{"@type":"PropertyValueSpecification","valueRequired":true,"valueName":"search_term_string"}}],"inLanguage":"nb-NO"},{"@type":"Organization","@id":"https:\/\/nordnesrepublikken.no\/#organization","name":"Nordnesrepublikken","url":"https:\/\/nordnesrepublikken.no\/","logo":{"@type":"ImageObject","inLanguage":"nb-NO","@id":"https:\/\/nordnesrepublikken.no\/#\/schema\/logo\/image\/","url":"https:\/\/nordnesrepublikken.no\/wp-content\/uploads\/2025\/02\/cropped-nordnesrepublikken-2.png","contentUrl":"https:\/\/nordnesrepublikken.no\/wp-content\/uploads\/2025\/02\/cropped-nordnesrepublikken-2.png","width":1248,"height":362,"caption":"Nordnesrepublikken"},"image":{"@id":"https:\/\/nordnesrepublikken.no\/#\/schema\/logo\/image\/"}},{"@type":"Person","@id":"https:\/\/nordnesrepublikken.no\/#\/schema\/person\/2e7e81935bab77882fffb79296240ff1","name":"Ole Andersen","image":{"@type":"ImageObject","inLanguage":"nb-NO","@id":"https:\/\/nordnesrepublikken.no\/#\/schema\/person\/image\/","url":"https:\/\/nordnesrepublikken.no\/wp-content\/uploads\/2025\/02\/nordnesrepublikken-2-2-150x150.jpg","contentUrl":"https:\/\/nordnesrepublikken.no\/wp-content\/uploads\/2025\/02\/nordnesrepublikken-2-2-150x150.jpg","caption":"Ole Andersen"},"description":"Ettersom jeg vokste opp i Oslo, har jeg alltid v\u00e6rt fascinert av ordenes kraft og deres evne til \u00e5 skape endringer. Etter \u00e5 ha fullf\u00f8rt min utdannelse i kommunikasjon ved Universitetet i Bergen, fikk jeg muligheten til \u00e5 jobbe innen ulike medier, der jeg har s\u00f8kt \u00e5 belyse viktige samfunnssp\u00f8rsm\u00e5l. I dag, som redakt\u00f8r for Nordnesrepublikken, pr\u00f8ver jeg \u00e5 forene min kj\u00e6rlighet for journalistikk med min lidenskap for innovasjon og eventyr.","sameAs":["https:\/\/nordnesrepublikken.no\/"]}]}},"_links":{"self":[{"href":"https:\/\/nordnesrepublikken.no\/index.php\/wp-json\/wp\/v2\/posts\/8622","targetHints":{"allow":["GET"]}}],"collection":[{"href":"https:\/\/nordnesrepublikken.no\/index.php\/wp-json\/wp\/v2\/posts"}],"about":[{"href":"https:\/\/nordnesrepublikken.no\/index.php\/wp-json\/wp\/v2\/types\/post"}],"author":[{"embeddable":true,"href":"https:\/\/nordnesrepublikken.no\/index.php\/wp-json\/wp\/v2\/users\/1"}],"replies":[{"embeddable":true,"href":"https:\/\/nordnesrepublikken.no\/index.php\/wp-json\/wp\/v2\/comments?post=8622"}],"version-history":[{"count":1,"href":"https:\/\/nordnesrepublikken.no\/index.php\/wp-json\/wp\/v2\/posts\/8622\/revisions"}],"predecessor-version":[{"id":8624,"href":"https:\/\/nordnesrepublikken.no\/index.php\/wp-json\/wp\/v2\/posts\/8622\/revisions\/8624"}],"wp:featuredmedia":[{"embeddable":true,"href":"https:\/\/nordnesrepublikken.no\/index.php\/wp-json\/wp\/v2\/media\/8623"}],"wp:attachment":[{"href":"https:\/\/nordnesrepublikken.no\/index.php\/wp-json\/wp\/v2\/media?parent=8622"}],"wp:term":[{"taxonomy":"category","embeddable":true,"href":"https:\/\/nordnesrepublikken.no\/index.php\/wp-json\/wp\/v2\/categories?post=8622"},{"taxonomy":"post_tag","embeddable":true,"href":"https:\/\/nordnesrepublikken.no\/index.php\/wp-json\/wp\/v2\/tags?post=8622"}],"curies":[{"name":"wp","href":"https:\/\/api.w.org\/{rel}","templated":true}]}}