{"id":8563,"date":"2025-08-21T14:49:39","date_gmt":"2025-08-21T12:49:39","guid":{"rendered":"https:\/\/nordnesrepublikken.no\/index.php\/2025\/08\/21\/darlig-vaer-i-toscana-og-veneto-flom-og-oransje-vaervarsel-for-syklonen-lukas-hva-skjer\/"},"modified":"2025-08-21T14:49:41","modified_gmt":"2025-08-21T12:49:41","slug":"darlig-vaer-i-toscana-og-veneto-flom-og-oransje-vaervarsel-for-syklonen-lukas-hva-skjer","status":"publish","type":"post","link":"https:\/\/nordnesrepublikken.no\/index.php\/2025\/08\/21\/darlig-vaer-i-toscana-og-veneto-flom-og-oransje-vaervarsel-for-syklonen-lukas-hva-skjer\/","title":{"rendered":"D\u00e5rlig v\u00e6r i Toscana og Veneto, flom og oransje v\u00e6rvarsel for syklonen Lukas: Hva skjer"},"content":{"rendered":"<div>\n<div class=\"cp_wrapper cp_wrapper--fw mb-30 mb-20@tablet\">\n<figure class=\"mm\"><picture class=\"img\" style=\"padding-top:56.25%\"><source  media=\"(min-width: 1024px)\"><source  media=\"(min-width: 768px)\"><\/source><\/source><\/picture><\/figure>\n<\/p><\/div>\n<p>Fortsetter<strong>Oransje v\u00e6rvarsel<\/strong> av sivil beskyttelse for <strong>5 italienske regioner<\/strong> (Toscana, Liguria, Lombardy, Emilia-Romagna og Veneto) p\u00e5 grunn av passering av <strong>Syklon Lukas<\/strong> p\u00e5 sentrum-nord. Spesielt p\u00e5virket Toscana og Elba Island, med intense stormer av lyn, og Veneto, hvis guvern\u00f8r Luca Zaia erkl\u00e6rte staten for regional n\u00f8dsituasjon. Virvelen med opprinnelse i det vestlige Middelhavet, som kolliderte med det nordafrikanske antikonet som fremdeles stasjonerte i s\u00f8r, for\u00e5rsaket voldelige stormer med sterke vindkast av vind, lyn stormer, nedbrudd, flom og blackout samt et viktig fall i temperaturer. Intensiteten av d\u00e5rlig v\u00e6r skyldes den store mengden termisk energi som har samlet seg i luften og Middelhavet under den siste heteb\u00f8lgen.<\/p>\n<h2>Skadene for\u00e5rsaket av syklonen Lukas i de nordlige og sentrale Italia -regionene<\/h2>\n<p>Spesielt p\u00e5virket av Lukas &#8216;passasje var <strong>Toscana<\/strong>spesielt \u00f8ya Elba og provinsene Prato og Grosseto. Regionen i g\u00e5r ble rammet av en <strong>flercellul\u00e6rt system<\/strong>det vil si at en struktur best\u00e5ende av flere stormceller slo seg sammen som losset hele mengden regn som forventes i hele august m\u00e5ned p\u00e5 noen f\u00e5 timer. Spesielt foregikk voldelige stormer med mange kuttede tr\u00e6r, haglormer og to sted mellom Alta Toscana og Liguria <strong>Lyn stormer<\/strong>med utover <strong>109.000 elektriske nedlastinger<\/strong> Observer p\u00e5 bare 12 timer. Et overraskende nummer hvis vi vurderer at rundt 170 000 lyn ble registrert mellom Nord -Italia og Toscana i g\u00e5r. Nedb\u00f8ren var veldig rikelig, med <strong>95mm<\/strong> Fallen mellom Piombino, Grosseto og Orbetello, <strong>80 millimeter<\/strong> i provinsen Lucca og til og med <strong>110mm<\/strong> I Lligurian Levant, i provinsen La Spezia.<\/p>\n<div class=\"cp_wrapper cp_wrapper--fw mb-50\">\n<figure class=\"mm\"><picture class=\"img\" style=\"padding-top:92.984542211653%\"><source  media=\"(min-width: 1024px)\"><source  media=\"(min-width: 768px)\"><img decoding=\"async\" loading=\"lazy\" src=\"https:\/\/nordnesrepublikken.no\/wp-content\/uploads\/2025\/08\/Darlig-vaer-i-Toscana-og-Veneto-flom-og-oransje-vaervarsel.jpg\" alt=\"Toscana Toscana Storm\" width=\"1682\" height=\"1564\"><\/source><\/source><\/picture><\/figure>\n<\/p><\/div>\n<p>De <strong>Veneto<\/strong> Han ble knapt truffet mellom i kveld og de tidlige timene om morgenen, spesielt venetianeren, Paduan og Treviso. I det venetianske fastlandet har en voldelig storm falt nesten <strong>150 millimeter regn<\/strong>mer enn det dobbelte av bel\u00f8pet som forventes i hele august m\u00e5ned. Mira kommune (VE), i Brenta Riviera, fikk rekordmengde p\u00e5 utover <strong>170 millimeter regn<\/strong>. P\u00e5 fastlandet i Venezia mettet akkumuleringen kloakknettet, og for\u00e5rsaket enorm flom bare delvis kontrast av de to lamineringstankene i hovedstaden. Ogs\u00e5 rapportert <strong>blackout<\/strong> I Mestre med over 1000 brukere brukere. Sirkulasjonen av tog har ogs\u00e5 blitt avbrutt mellom Venezia og Padua i flere timer. Oversv\u00f8mmer ogs\u00e5 mellom Abano Terme, Montegrotto Terme og Villafranca Pdovana, i provinsen Padua.<\/p>\n<p>I <strong>Lombardy<\/strong> D\u00e5rlig v\u00e6r rammet Milan spesielt, med en storm som lastet ned til <strong>95mm <\/strong>i noen nabolag i hovedstaden. Provinsene Bergamo og Brescia er ogs\u00e5 ber\u00f8rt.<\/p>\n<p>Selv i sentrum var det ulemper, spesielt i <strong>Lazio<\/strong> Der en storm brakte flom og blackout til Viterbo og den sterke vinden og de intense regnene ba om over 100 brannmenninngrep i Roma.<\/p>\n<h2>V\u00e6rmeldingen de neste dagene<\/h2>\n<p>Fra et meteorologisk synspunkt er landet v\u00e5rt tydelig delt inn i to, med sentrum-nord p\u00e5virket av sterk ustabilitet, d\u00e5rlig v\u00e6r og maksimer som ikke overstiger <strong>26 \u00b0 C.<\/strong> Mens det i S\u00f8r er det ogs\u00e5 rolig og maksimal tid p\u00e5 <strong>37-38 \u00b0 C.<\/strong>. Imidlertid beveger syklonen Lukas seg fra sentrum-nord til Balkan-omr\u00e5det, og den nordafrikanske antisyklonen blir pensjonist, s\u00e5 vi kan forvente minst delvis normalisering av v\u00e6rforhold gjennom halv\u00f8ya.<\/p>\n<p>Fra og med i morgen vil solen komme tilbake til nord og temperaturene vil stige igjen, med maksimal forventet <strong>mellom 25 og 30 \u00b0 C<\/strong>mens resten av landet v\u00e5rt vil se generelt varierende forhold med maksimer p\u00e5 24-28 \u00b0 C i sentrum og 31-34 \u00b0 C i s\u00f8r, bestemt til \u00e5 slippe igjen p\u00e5 l\u00f8rdag (28-33 \u00b0 C) mens i sentrum-Nord temperaturene vil fortsette \u00e5 st\u00e5 opp selv om det knapt ber\u00f8rer 30 \u00b0 C.<\/p>\n<\/p><\/div>\n","protected":false},"excerpt":{"rendered":"<p>FortsetterOransje v\u00e6rvarsel av sivil beskyttelse for 5 italienske regioner (Toscana, Liguria, Lombardy, Emilia-Romagna og Veneto)<\/p>\n","protected":false},"author":1,"featured_media":8564,"comment_status":"closed","ping_status":"open","sticky":false,"template":"","format":"standard","meta":{"footnotes":""},"categories":[26],"tags":[468,4319,144,5624,224,360,527,470,532,469,5623],"class_list":["post-8563","post","type-post","status-publish","format-standard","has-post-thumbnail","hentry","category-miljo","tag-darlig","tag-flom","tag-hva","tag-lukas","tag-oransje","tag-skjer","tag-syklonen","tag-toscana","tag-vaer","tag-vaervarsel","tag-veneto","generate-columns","tablet-grid-50","mobile-grid-100","grid-parent","grid-33","resize-featured-image"],"yoast_head":"<!-- This site is optimized with the Yoast SEO plugin v24.4 - https:\/\/yoast.com\/wordpress\/plugins\/seo\/ -->\n<title>D\u00e5rlig v\u00e6r i Toscana og Veneto, flom og oransje v\u00e6rvarsel for syklonen Lukas: Hva skjer - Nordnesrepublikken<\/title>\n<meta name=\"robots\" content=\"index, follow, max-snippet:-1, max-image-preview:large, max-video-preview:-1\" \/>\n<link rel=\"canonical\" href=\"https:\/\/nordnesrepublikken.no\/index.php\/2025\/08\/21\/darlig-vaer-i-toscana-og-veneto-flom-og-oransje-vaervarsel-for-syklonen-lukas-hva-skjer\/\" \/>\n<meta property=\"og:locale\" content=\"nb_NO\" \/>\n<meta property=\"og:type\" content=\"article\" \/>\n<meta property=\"og:title\" content=\"D\u00e5rlig v\u00e6r i Toscana og Veneto, flom og oransje v\u00e6rvarsel for syklonen Lukas: Hva skjer - Nordnesrepublikken\" \/>\n<meta property=\"og:description\" content=\"FortsetterOransje v\u00e6rvarsel av sivil beskyttelse for 5 italienske regioner (Toscana, Liguria, Lombardy, Emilia-Romagna og Veneto)\" \/>\n<meta property=\"og:url\" content=\"https:\/\/nordnesrepublikken.no\/index.php\/2025\/08\/21\/darlig-vaer-i-toscana-og-veneto-flom-og-oransje-vaervarsel-for-syklonen-lukas-hva-skjer\/\" \/>\n<meta property=\"og:site_name\" content=\"Nordnesrepublikken\" \/>\n<meta property=\"article:published_time\" content=\"2025-08-21T12:49:39+00:00\" \/>\n<meta property=\"article:modified_time\" content=\"2025-08-21T12:49:41+00:00\" \/>\n<meta property=\"og:image\" content=\"https:\/\/nordnesrepublikken.no\/wp-content\/uploads\/2025\/08\/Darlig-vaer-i-Toscana-og-Veneto-flom-og-oransje-vaervarsel.jpeg\" \/>\n\t<meta property=\"og:image:width\" content=\"1600\" \/>\n\t<meta property=\"og:image:height\" content=\"899\" \/>\n\t<meta property=\"og:image:type\" content=\"image\/jpeg\" \/>\n<meta name=\"author\" content=\"Ole Andersen\" \/>\n<meta name=\"twitter:card\" content=\"summary_large_image\" \/>\n<meta name=\"twitter:label1\" content=\"Skrevet av\" \/>\n\t<meta name=\"twitter:data1\" content=\"Ole Andersen\" \/>\n\t<meta name=\"twitter:label2\" content=\"Ansl. lesetid\" \/>\n\t<meta name=\"twitter:data2\" content=\"3 minutter\" \/>\n<script type=\"application\/ld+json\" class=\"yoast-schema-graph\">{\"@context\":\"https:\/\/schema.org\",\"@graph\":[{\"@type\":\"Article\",\"@id\":\"https:\/\/nordnesrepublikken.no\/index.php\/2025\/08\/21\/darlig-vaer-i-toscana-og-veneto-flom-og-oransje-vaervarsel-for-syklonen-lukas-hva-skjer\/#article\",\"isPartOf\":{\"@id\":\"https:\/\/nordnesrepublikken.no\/index.php\/2025\/08\/21\/darlig-vaer-i-toscana-og-veneto-flom-og-oransje-vaervarsel-for-syklonen-lukas-hva-skjer\/\"},\"author\":{\"name\":\"Ole Andersen\",\"@id\":\"https:\/\/nordnesrepublikken.no\/#\/schema\/person\/2e7e81935bab77882fffb79296240ff1\"},\"headline\":\"D\u00e5rlig v\u00e6r i Toscana og Veneto, flom og oransje v\u00e6rvarsel for syklonen Lukas: Hva skjer\",\"datePublished\":\"2025-08-21T12:49:39+00:00\",\"dateModified\":\"2025-08-21T12:49:41+00:00\",\"mainEntityOfPage\":{\"@id\":\"https:\/\/nordnesrepublikken.no\/index.php\/2025\/08\/21\/darlig-vaer-i-toscana-og-veneto-flom-og-oransje-vaervarsel-for-syklonen-lukas-hva-skjer\/\"},\"wordCount\":601,\"publisher\":{\"@id\":\"https:\/\/nordnesrepublikken.no\/#organization\"},\"image\":{\"@id\":\"https:\/\/nordnesrepublikken.no\/index.php\/2025\/08\/21\/darlig-vaer-i-toscana-og-veneto-flom-og-oransje-vaervarsel-for-syklonen-lukas-hva-skjer\/#primaryimage\"},\"thumbnailUrl\":\"https:\/\/nordnesrepublikken.no\/wp-content\/uploads\/2025\/08\/Darlig-vaer-i-Toscana-og-Veneto-flom-og-oransje-vaervarsel.jpeg\",\"keywords\":[\"D\u00e5rlig\",\"Flom\",\"Hva\",\"Lukas\",\"oransje\",\"skjer\",\"Syklonen\",\"Toscana\",\"v\u00e6r\",\"v\u00e6rvarsel\",\"Veneto\"],\"articleSection\":[\"Milj\u00f8\"],\"inLanguage\":\"nb-NO\"},{\"@type\":\"WebPage\",\"@id\":\"https:\/\/nordnesrepublikken.no\/index.php\/2025\/08\/21\/darlig-vaer-i-toscana-og-veneto-flom-og-oransje-vaervarsel-for-syklonen-lukas-hva-skjer\/\",\"url\":\"https:\/\/nordnesrepublikken.no\/index.php\/2025\/08\/21\/darlig-vaer-i-toscana-og-veneto-flom-og-oransje-vaervarsel-for-syklonen-lukas-hva-skjer\/\",\"name\":\"D\u00e5rlig v\u00e6r i Toscana og Veneto, flom og oransje v\u00e6rvarsel for syklonen Lukas: Hva skjer - Nordnesrepublikken\",\"isPartOf\":{\"@id\":\"https:\/\/nordnesrepublikken.no\/#website\"},\"primaryImageOfPage\":{\"@id\":\"https:\/\/nordnesrepublikken.no\/index.php\/2025\/08\/21\/darlig-vaer-i-toscana-og-veneto-flom-og-oransje-vaervarsel-for-syklonen-lukas-hva-skjer\/#primaryimage\"},\"image\":{\"@id\":\"https:\/\/nordnesrepublikken.no\/index.php\/2025\/08\/21\/darlig-vaer-i-toscana-og-veneto-flom-og-oransje-vaervarsel-for-syklonen-lukas-hva-skjer\/#primaryimage\"},\"thumbnailUrl\":\"https:\/\/nordnesrepublikken.no\/wp-content\/uploads\/2025\/08\/Darlig-vaer-i-Toscana-og-Veneto-flom-og-oransje-vaervarsel.jpeg\",\"datePublished\":\"2025-08-21T12:49:39+00:00\",\"dateModified\":\"2025-08-21T12:49:41+00:00\",\"breadcrumb\":{\"@id\":\"https:\/\/nordnesrepublikken.no\/index.php\/2025\/08\/21\/darlig-vaer-i-toscana-og-veneto-flom-og-oransje-vaervarsel-for-syklonen-lukas-hva-skjer\/#breadcrumb\"},\"inLanguage\":\"nb-NO\",\"potentialAction\":[{\"@type\":\"ReadAction\",\"target\":[\"https:\/\/nordnesrepublikken.no\/index.php\/2025\/08\/21\/darlig-vaer-i-toscana-og-veneto-flom-og-oransje-vaervarsel-for-syklonen-lukas-hva-skjer\/\"]}]},{\"@type\":\"ImageObject\",\"inLanguage\":\"nb-NO\",\"@id\":\"https:\/\/nordnesrepublikken.no\/index.php\/2025\/08\/21\/darlig-vaer-i-toscana-og-veneto-flom-og-oransje-vaervarsel-for-syklonen-lukas-hva-skjer\/#primaryimage\",\"url\":\"https:\/\/nordnesrepublikken.no\/wp-content\/uploads\/2025\/08\/Darlig-vaer-i-Toscana-og-Veneto-flom-og-oransje-vaervarsel.jpeg\",\"contentUrl\":\"https:\/\/nordnesrepublikken.no\/wp-content\/uploads\/2025\/08\/Darlig-vaer-i-Toscana-og-Veneto-flom-og-oransje-vaervarsel.jpeg\",\"width\":1600,\"height\":899,\"caption\":\"allagamento grosseto\"},{\"@type\":\"BreadcrumbList\",\"@id\":\"https:\/\/nordnesrepublikken.no\/index.php\/2025\/08\/21\/darlig-vaer-i-toscana-og-veneto-flom-og-oransje-vaervarsel-for-syklonen-lukas-hva-skjer\/#breadcrumb\",\"itemListElement\":[{\"@type\":\"ListItem\",\"position\":1,\"name\":\"Home\",\"item\":\"https:\/\/nordnesrepublikken.no\/\"},{\"@type\":\"ListItem\",\"position\":2,\"name\":\"D\u00e5rlig v\u00e6r i Toscana og Veneto, flom og oransje v\u00e6rvarsel for syklonen Lukas: Hva skjer\"}]},{\"@type\":\"WebSite\",\"@id\":\"https:\/\/nordnesrepublikken.no\/#website\",\"url\":\"https:\/\/nordnesrepublikken.no\/\",\"name\":\"Nordnesrepublikken\",\"description\":\"Stemmer og Visjoner fra Republikkens Hjerte\",\"publisher\":{\"@id\":\"https:\/\/nordnesrepublikken.no\/#organization\"},\"potentialAction\":[{\"@type\":\"SearchAction\",\"target\":{\"@type\":\"EntryPoint\",\"urlTemplate\":\"https:\/\/nordnesrepublikken.no\/?s={search_term_string}\"},\"query-input\":{\"@type\":\"PropertyValueSpecification\",\"valueRequired\":true,\"valueName\":\"search_term_string\"}}],\"inLanguage\":\"nb-NO\"},{\"@type\":\"Organization\",\"@id\":\"https:\/\/nordnesrepublikken.no\/#organization\",\"name\":\"Nordnesrepublikken\",\"url\":\"https:\/\/nordnesrepublikken.no\/\",\"logo\":{\"@type\":\"ImageObject\",\"inLanguage\":\"nb-NO\",\"@id\":\"https:\/\/nordnesrepublikken.no\/#\/schema\/logo\/image\/\",\"url\":\"https:\/\/nordnesrepublikken.no\/wp-content\/uploads\/2025\/02\/cropped-nordnesrepublikken-2.png\",\"contentUrl\":\"https:\/\/nordnesrepublikken.no\/wp-content\/uploads\/2025\/02\/cropped-nordnesrepublikken-2.png\",\"width\":1248,\"height\":362,\"caption\":\"Nordnesrepublikken\"},\"image\":{\"@id\":\"https:\/\/nordnesrepublikken.no\/#\/schema\/logo\/image\/\"}},{\"@type\":\"Person\",\"@id\":\"https:\/\/nordnesrepublikken.no\/#\/schema\/person\/2e7e81935bab77882fffb79296240ff1\",\"name\":\"Ole Andersen\",\"image\":{\"@type\":\"ImageObject\",\"inLanguage\":\"nb-NO\",\"@id\":\"https:\/\/nordnesrepublikken.no\/#\/schema\/person\/image\/\",\"url\":\"https:\/\/nordnesrepublikken.no\/wp-content\/uploads\/2025\/02\/nordnesrepublikken-2-2-150x150.jpg\",\"contentUrl\":\"https:\/\/nordnesrepublikken.no\/wp-content\/uploads\/2025\/02\/nordnesrepublikken-2-2-150x150.jpg\",\"caption\":\"Ole Andersen\"},\"description\":\"Ettersom jeg vokste opp i Oslo, har jeg alltid v\u00e6rt fascinert av ordenes kraft og deres evne til \u00e5 skape endringer. Etter \u00e5 ha fullf\u00f8rt min utdannelse i kommunikasjon ved Universitetet i Bergen, fikk jeg muligheten til \u00e5 jobbe innen ulike medier, der jeg har s\u00f8kt \u00e5 belyse viktige samfunnssp\u00f8rsm\u00e5l. I dag, som redakt\u00f8r for Nordnesrepublikken, pr\u00f8ver jeg \u00e5 forene min kj\u00e6rlighet for journalistikk med min lidenskap for innovasjon og eventyr.\",\"sameAs\":[\"https:\/\/nordnesrepublikken.no\/\"]}]}<\/script>\n<!-- \/ Yoast SEO plugin. -->","yoast_head_json":{"title":"D\u00e5rlig v\u00e6r i Toscana og Veneto, flom og oransje v\u00e6rvarsel for syklonen Lukas: Hva skjer - Nordnesrepublikken","robots":{"index":"index","follow":"follow","max-snippet":"max-snippet:-1","max-image-preview":"max-image-preview:large","max-video-preview":"max-video-preview:-1"},"canonical":"https:\/\/nordnesrepublikken.no\/index.php\/2025\/08\/21\/darlig-vaer-i-toscana-og-veneto-flom-og-oransje-vaervarsel-for-syklonen-lukas-hva-skjer\/","og_locale":"nb_NO","og_type":"article","og_title":"D\u00e5rlig v\u00e6r i Toscana og Veneto, flom og oransje v\u00e6rvarsel for syklonen Lukas: Hva skjer - Nordnesrepublikken","og_description":"FortsetterOransje v\u00e6rvarsel av sivil beskyttelse for 5 italienske regioner (Toscana, Liguria, Lombardy, Emilia-Romagna og Veneto)","og_url":"https:\/\/nordnesrepublikken.no\/index.php\/2025\/08\/21\/darlig-vaer-i-toscana-og-veneto-flom-og-oransje-vaervarsel-for-syklonen-lukas-hva-skjer\/","og_site_name":"Nordnesrepublikken","article_published_time":"2025-08-21T12:49:39+00:00","article_modified_time":"2025-08-21T12:49:41+00:00","og_image":[{"width":1600,"height":899,"url":"https:\/\/nordnesrepublikken.no\/wp-content\/uploads\/2025\/08\/Darlig-vaer-i-Toscana-og-Veneto-flom-og-oransje-vaervarsel.jpeg","type":"image\/jpeg"}],"author":"Ole Andersen","twitter_card":"summary_large_image","twitter_misc":{"Skrevet av":"Ole Andersen","Ansl. lesetid":"3 minutter"},"schema":{"@context":"https:\/\/schema.org","@graph":[{"@type":"Article","@id":"https:\/\/nordnesrepublikken.no\/index.php\/2025\/08\/21\/darlig-vaer-i-toscana-og-veneto-flom-og-oransje-vaervarsel-for-syklonen-lukas-hva-skjer\/#article","isPartOf":{"@id":"https:\/\/nordnesrepublikken.no\/index.php\/2025\/08\/21\/darlig-vaer-i-toscana-og-veneto-flom-og-oransje-vaervarsel-for-syklonen-lukas-hva-skjer\/"},"author":{"name":"Ole Andersen","@id":"https:\/\/nordnesrepublikken.no\/#\/schema\/person\/2e7e81935bab77882fffb79296240ff1"},"headline":"D\u00e5rlig v\u00e6r i Toscana og Veneto, flom og oransje v\u00e6rvarsel for syklonen Lukas: Hva skjer","datePublished":"2025-08-21T12:49:39+00:00","dateModified":"2025-08-21T12:49:41+00:00","mainEntityOfPage":{"@id":"https:\/\/nordnesrepublikken.no\/index.php\/2025\/08\/21\/darlig-vaer-i-toscana-og-veneto-flom-og-oransje-vaervarsel-for-syklonen-lukas-hva-skjer\/"},"wordCount":601,"publisher":{"@id":"https:\/\/nordnesrepublikken.no\/#organization"},"image":{"@id":"https:\/\/nordnesrepublikken.no\/index.php\/2025\/08\/21\/darlig-vaer-i-toscana-og-veneto-flom-og-oransje-vaervarsel-for-syklonen-lukas-hva-skjer\/#primaryimage"},"thumbnailUrl":"https:\/\/nordnesrepublikken.no\/wp-content\/uploads\/2025\/08\/Darlig-vaer-i-Toscana-og-Veneto-flom-og-oransje-vaervarsel.jpeg","keywords":["D\u00e5rlig","Flom","Hva","Lukas","oransje","skjer","Syklonen","Toscana","v\u00e6r","v\u00e6rvarsel","Veneto"],"articleSection":["Milj\u00f8"],"inLanguage":"nb-NO"},{"@type":"WebPage","@id":"https:\/\/nordnesrepublikken.no\/index.php\/2025\/08\/21\/darlig-vaer-i-toscana-og-veneto-flom-og-oransje-vaervarsel-for-syklonen-lukas-hva-skjer\/","url":"https:\/\/nordnesrepublikken.no\/index.php\/2025\/08\/21\/darlig-vaer-i-toscana-og-veneto-flom-og-oransje-vaervarsel-for-syklonen-lukas-hva-skjer\/","name":"D\u00e5rlig v\u00e6r i Toscana og Veneto, flom og oransje v\u00e6rvarsel for syklonen Lukas: Hva skjer - Nordnesrepublikken","isPartOf":{"@id":"https:\/\/nordnesrepublikken.no\/#website"},"primaryImageOfPage":{"@id":"https:\/\/nordnesrepublikken.no\/index.php\/2025\/08\/21\/darlig-vaer-i-toscana-og-veneto-flom-og-oransje-vaervarsel-for-syklonen-lukas-hva-skjer\/#primaryimage"},"image":{"@id":"https:\/\/nordnesrepublikken.no\/index.php\/2025\/08\/21\/darlig-vaer-i-toscana-og-veneto-flom-og-oransje-vaervarsel-for-syklonen-lukas-hva-skjer\/#primaryimage"},"thumbnailUrl":"https:\/\/nordnesrepublikken.no\/wp-content\/uploads\/2025\/08\/Darlig-vaer-i-Toscana-og-Veneto-flom-og-oransje-vaervarsel.jpeg","datePublished":"2025-08-21T12:49:39+00:00","dateModified":"2025-08-21T12:49:41+00:00","breadcrumb":{"@id":"https:\/\/nordnesrepublikken.no\/index.php\/2025\/08\/21\/darlig-vaer-i-toscana-og-veneto-flom-og-oransje-vaervarsel-for-syklonen-lukas-hva-skjer\/#breadcrumb"},"inLanguage":"nb-NO","potentialAction":[{"@type":"ReadAction","target":["https:\/\/nordnesrepublikken.no\/index.php\/2025\/08\/21\/darlig-vaer-i-toscana-og-veneto-flom-og-oransje-vaervarsel-for-syklonen-lukas-hva-skjer\/"]}]},{"@type":"ImageObject","inLanguage":"nb-NO","@id":"https:\/\/nordnesrepublikken.no\/index.php\/2025\/08\/21\/darlig-vaer-i-toscana-og-veneto-flom-og-oransje-vaervarsel-for-syklonen-lukas-hva-skjer\/#primaryimage","url":"https:\/\/nordnesrepublikken.no\/wp-content\/uploads\/2025\/08\/Darlig-vaer-i-Toscana-og-Veneto-flom-og-oransje-vaervarsel.jpeg","contentUrl":"https:\/\/nordnesrepublikken.no\/wp-content\/uploads\/2025\/08\/Darlig-vaer-i-Toscana-og-Veneto-flom-og-oransje-vaervarsel.jpeg","width":1600,"height":899,"caption":"allagamento grosseto"},{"@type":"BreadcrumbList","@id":"https:\/\/nordnesrepublikken.no\/index.php\/2025\/08\/21\/darlig-vaer-i-toscana-og-veneto-flom-og-oransje-vaervarsel-for-syklonen-lukas-hva-skjer\/#breadcrumb","itemListElement":[{"@type":"ListItem","position":1,"name":"Home","item":"https:\/\/nordnesrepublikken.no\/"},{"@type":"ListItem","position":2,"name":"D\u00e5rlig v\u00e6r i Toscana og Veneto, flom og oransje v\u00e6rvarsel for syklonen Lukas: Hva skjer"}]},{"@type":"WebSite","@id":"https:\/\/nordnesrepublikken.no\/#website","url":"https:\/\/nordnesrepublikken.no\/","name":"Nordnesrepublikken","description":"Stemmer og Visjoner fra Republikkens Hjerte","publisher":{"@id":"https:\/\/nordnesrepublikken.no\/#organization"},"potentialAction":[{"@type":"SearchAction","target":{"@type":"EntryPoint","urlTemplate":"https:\/\/nordnesrepublikken.no\/?s={search_term_string}"},"query-input":{"@type":"PropertyValueSpecification","valueRequired":true,"valueName":"search_term_string"}}],"inLanguage":"nb-NO"},{"@type":"Organization","@id":"https:\/\/nordnesrepublikken.no\/#organization","name":"Nordnesrepublikken","url":"https:\/\/nordnesrepublikken.no\/","logo":{"@type":"ImageObject","inLanguage":"nb-NO","@id":"https:\/\/nordnesrepublikken.no\/#\/schema\/logo\/image\/","url":"https:\/\/nordnesrepublikken.no\/wp-content\/uploads\/2025\/02\/cropped-nordnesrepublikken-2.png","contentUrl":"https:\/\/nordnesrepublikken.no\/wp-content\/uploads\/2025\/02\/cropped-nordnesrepublikken-2.png","width":1248,"height":362,"caption":"Nordnesrepublikken"},"image":{"@id":"https:\/\/nordnesrepublikken.no\/#\/schema\/logo\/image\/"}},{"@type":"Person","@id":"https:\/\/nordnesrepublikken.no\/#\/schema\/person\/2e7e81935bab77882fffb79296240ff1","name":"Ole Andersen","image":{"@type":"ImageObject","inLanguage":"nb-NO","@id":"https:\/\/nordnesrepublikken.no\/#\/schema\/person\/image\/","url":"https:\/\/nordnesrepublikken.no\/wp-content\/uploads\/2025\/02\/nordnesrepublikken-2-2-150x150.jpg","contentUrl":"https:\/\/nordnesrepublikken.no\/wp-content\/uploads\/2025\/02\/nordnesrepublikken-2-2-150x150.jpg","caption":"Ole Andersen"},"description":"Ettersom jeg vokste opp i Oslo, har jeg alltid v\u00e6rt fascinert av ordenes kraft og deres evne til \u00e5 skape endringer. Etter \u00e5 ha fullf\u00f8rt min utdannelse i kommunikasjon ved Universitetet i Bergen, fikk jeg muligheten til \u00e5 jobbe innen ulike medier, der jeg har s\u00f8kt \u00e5 belyse viktige samfunnssp\u00f8rsm\u00e5l. I dag, som redakt\u00f8r for Nordnesrepublikken, pr\u00f8ver jeg \u00e5 forene min kj\u00e6rlighet for journalistikk med min lidenskap for innovasjon og eventyr.","sameAs":["https:\/\/nordnesrepublikken.no\/"]}]}},"_links":{"self":[{"href":"https:\/\/nordnesrepublikken.no\/index.php\/wp-json\/wp\/v2\/posts\/8563","targetHints":{"allow":["GET"]}}],"collection":[{"href":"https:\/\/nordnesrepublikken.no\/index.php\/wp-json\/wp\/v2\/posts"}],"about":[{"href":"https:\/\/nordnesrepublikken.no\/index.php\/wp-json\/wp\/v2\/types\/post"}],"author":[{"embeddable":true,"href":"https:\/\/nordnesrepublikken.no\/index.php\/wp-json\/wp\/v2\/users\/1"}],"replies":[{"embeddable":true,"href":"https:\/\/nordnesrepublikken.no\/index.php\/wp-json\/wp\/v2\/comments?post=8563"}],"version-history":[{"count":1,"href":"https:\/\/nordnesrepublikken.no\/index.php\/wp-json\/wp\/v2\/posts\/8563\/revisions"}],"predecessor-version":[{"id":8565,"href":"https:\/\/nordnesrepublikken.no\/index.php\/wp-json\/wp\/v2\/posts\/8563\/revisions\/8565"}],"wp:featuredmedia":[{"embeddable":true,"href":"https:\/\/nordnesrepublikken.no\/index.php\/wp-json\/wp\/v2\/media\/8564"}],"wp:attachment":[{"href":"https:\/\/nordnesrepublikken.no\/index.php\/wp-json\/wp\/v2\/media?parent=8563"}],"wp:term":[{"taxonomy":"category","embeddable":true,"href":"https:\/\/nordnesrepublikken.no\/index.php\/wp-json\/wp\/v2\/categories?post=8563"},{"taxonomy":"post_tag","embeddable":true,"href":"https:\/\/nordnesrepublikken.no\/index.php\/wp-json\/wp\/v2\/tags?post=8563"}],"curies":[{"name":"wp","href":"https:\/\/api.w.org\/{rel}","templated":true}]}}