{"id":8542,"date":"2025-08-21T00:49:47","date_gmt":"2025-08-20T22:49:47","guid":{"rendered":"https:\/\/nordnesrepublikken.no\/index.php\/2025\/08\/21\/hva-estofex-bulletin-sier\/"},"modified":"2025-08-21T00:49:48","modified_gmt":"2025-08-20T22:49:48","slug":"hva-estofex-bulletin-sier","status":"publish","type":"post","link":"https:\/\/nordnesrepublikken.no\/index.php\/2025\/08\/21\/hva-estofex-bulletin-sier\/","title":{"rendered":"Hva Estofex Bulletin sier"},"content":{"rendered":"<div>\n<div class=\"cp_wrapper cp_wrapper--fw mb-30 mb-20@tablet\">\n<figure class=\"mm\"><picture class=\"img\" style=\"padding-top:56.25%\"><source  media=\"(min-width: 1024px)\"><source  media=\"(min-width: 768px)\"><\/source><\/source><\/picture><\/figure>\n<\/p><\/div>\n<p>Etter to uker med <strong>intens varm<\/strong> Langs hele halv\u00f8ya befinner Italia seg igjen i grepet av <strong>d\u00e5rlig v\u00e6r<\/strong>: I l\u00f8pet av natten a <strong>Milan<\/strong> De falt utover<strong> 50 mm<\/strong> av regn og varselet ble tatt for <strong>Lambro -elven<\/strong>klatret med 1,70 meter if\u00f8lge byr\u00e5dsleder Marco Granelli p\u00e5 sine sosiale kanaler. I g\u00e5r kveld 19. august i provinsen <strong>Enna<\/strong> En person mistet livet etter at bilen hans havnet i <strong>Crisa Stream<\/strong> p\u00e5 grunn av en voldelig vannbombe, mens i det meste av <strong>Liguria<\/strong> De<strong>oransje varsel<\/strong> For risikoen for sterke tordenv\u00e6r, haglormer og vindkast av vind. Yellow Alert ogs\u00e5 for Piedmont, Emilia-Romagna, Veneto, Toscana og p\u00e5 noen sektorer av Friuli-Venezia Giulia og Marche.<\/p>\n<p>S\u00e5 la oss se hva Bulletin utstedt av European Center Foresees <strong>Estofex<\/strong> (European Storm Forecast Experiment) og hva han har <strong>for\u00e5rsaket<\/strong> Denne nye b\u00f8lgen av d\u00e5rlig v\u00e6r.<\/p>\n<h2>Hva gj\u00f8r Bulletin utstedt av Estofex Center for Bad Weather Foresees<\/h2>\n<p>Det europeiske stormprognoseeksperimentet (Estofex) har gitt ut en bulletin av<strong> Niv\u00e5 2<\/strong> Gjennom hele <strong>Nord -Italia<\/strong>: betyr at fenomener som som <strong>hagl<\/strong>stor eller veldig stor, <strong>intens regn<\/strong>voldelige vindkast av <strong>vind<\/strong> og tornado (i mindre grad).<\/p>\n<p>Spesifikt indikerer Bulletin <strong>4 Temporal Series<\/strong> For dagen 20. august: Den f\u00f8rste vil p\u00e5virke hele <strong>Nord -Italia<\/strong> (Spesielt liguria, hvor rikelig regn og hagl forventes) hovedsakelig i morgentimene, og deretter flytte til Istria og Slovenia. Den andre b\u00f8lgen av tordenv\u00e6r vil derimot n\u00e5 apenninene innenfor <strong>Halv dag<\/strong>: I dette tilfellet vil Supercelle kunne n\u00e5 Adriaterhavskysten og for\u00e5rsake veldig stort hagl og sterke vindkast av vind. Supercelen er faktisk stormceller som er i stand til \u00e5 produsere til og med tornado, med mengder regn over 100 liter per kvadratmeter.<\/p>\n<p>Den tredje tidsmessige serien, derimot, vil v\u00e6re for\u00e5rsaket av noen tordenv\u00e6r som ankommer fra Frankrike eller utviklet seg p\u00e5 Alpene: I dette tilfellet vil risikoen for d\u00e5rlig v\u00e6r v\u00e6re konsentrert fremfor alt om Piedmont og p\u00e5 de mest \u00f8stlige regionene under dagens kveld.<\/p>\n<p>Den fjerde og siste fasen vil f\u00f8re til utvikling av noen tordenv\u00e6r i Liguria, som deretter mot \u00f8st og nord-\u00f8st, n\u00e5r det nord\u00f8stlige Italia, s\u00f8rvestlige Slovenia og Nord-Vest-Kroatia i de tidlige timene i morgendagen 21. august. Ogs\u00e5 i dette tilfellet vil nedb\u00f8ren v\u00e6re intenst, med voldelig vind med risiko for <strong>Nedbrudd<\/strong> (Str\u00f8mmer som g\u00e5r voldsomt fra en tidsmessig sky og som sprer seg raskt i alle retninger n\u00e5r de p\u00e5virker bakken).<\/p>\n<div class=\"cp_wrapper cp_wrapper--fw mb-50\">\n<figure class=\"mm\"><picture class=\"img\" style=\"padding-top:79.571248423707%\"><source  media=\"(min-width: 1024px)\"><source  media=\"(min-width: 768px)\"><img decoding=\"async\" loading=\"lazy\" src=\"https:\/\/nordnesrepublikken.no\/wp-content\/uploads\/2025\/08\/1755730187_331_Hva-Estofex-Bulletin-sier.jpg\" alt=\"Bulletin-estofex-Previsions-Metheus-Italy\" width=\"793\" height=\"631\"><\/source><\/source><\/picture><\/figure>\n<\/p><\/div>\n<h2>Hva for\u00e5rsaker d\u00e5rlig v\u00e6r i Italia<\/h2>\n<p>Men hva er denne nye b\u00f8lgen av d\u00e5rlig v\u00e6r? I henhold til det som ogs\u00e5 er rapportert av sivilbeskyttelsen, skal saken tilskrives en <strong>Forstyrrelse av atlantisk opprinnelse<\/strong> Kommer fra Frankrike, som vil bringe meteorologisk ustabilitet i de fleste av de nordlige og sentrale italienske regionene.<\/p>\n<p>I hovedsak er d\u00e5rlig v\u00e6r knyttet til ankomsten av en pose med <strong>Kald luft<\/strong> Har sin opprinnelse i Atlanterhavet, som har undergravet den afrikanske antisyklonen som er ansvarlig for de h\u00f8ye temperaturene i den siste uken. Bare sammenst\u00f8tet mellom den kalde luften som kommer fra havet el &#8216;<strong>Afrikansk varm luft<\/strong> Han for\u00e5rsaket de voldelige tordenv\u00e6rene og regnene som rammet landet.<\/p>\n<div class=\"cp_wrapper cp_wrapper--fw mb-50\">\n<figure class=\"mm\"><picture class=\"img\" style=\"padding-top:51.471984805318%\"><source  media=\"(min-width: 1024px)\"><source  media=\"(min-width: 768px)\"><img decoding=\"async\" loading=\"lazy\" src=\"https:\/\/nordnesrepublikken.no\/wp-content\/uploads\/2025\/08\/1755730187_512_Hva-Estofex-Bulletin-sier.jpg\" alt=\"Map-Europe-Maltempo-Italy\" width=\"1053\" height=\"542\" class=\"js-seedtag-img\"><\/source><\/source><\/picture><\/figure>\n<\/p><\/div>\n<p>Blant annet har regn og tordenv\u00e6r de siste timene vist seg \u00e5 v\u00e6re spesielt <strong>voldelig<\/strong> ogs\u00e5 p\u00e5 grunn av <strong>varme<\/strong> av de siste dagene: den varme luften beholder faktisk lettere <strong>vanndamp<\/strong>som vil ha en tendens til \u00e5 kondensere n\u00e5r lufttemperaturen er av. Ved \u00e5 kondensere raskt, vil vanndampen danne skyer som vil laste ned all fuktighet og<strong>Termisk energi<\/strong> akkumulert.<\/p>\n<p>I oppslaget som sendes ut av Estofex Center, forventes hagl av &laquo;stor st\u00f8rrelse&raquo;: Hilsb\u00f8nnene kan faktisk bli st\u00f8rre n\u00e5r de stigende str\u00f8mningene (til stede inne i Cumulonembi) er s\u00e5 sterke at de rapporterer <strong>H\u00f8ydeb\u00f8nner med h\u00f8y h\u00f8yde.<\/strong> P\u00e5 det tidspunktet vil et nytt lag med vann bli sammen med overflaten av kornet <strong>Frysing<\/strong> i stor h\u00f8yde og \u00f8ker haglens st\u00f8rrelse ytterligere.<\/p>\n<\/p><\/div>\n","protected":false},"excerpt":{"rendered":"<p>Etter to uker med intens varm Langs hele halv\u00f8ya befinner Italia seg igjen i grepet<\/p>\n","protected":false},"author":1,"featured_media":8543,"comment_status":"closed","ping_status":"open","sticky":false,"template":"","format":"standard","meta":{"footnotes":""},"categories":[26],"tags":[1221,5604,144,752],"class_list":["post-8542","post","type-post","status-publish","format-standard","has-post-thumbnail","hentry","category-miljo","tag-bulletin","tag-estofex","tag-hva","tag-sier","generate-columns","tablet-grid-50","mobile-grid-100","grid-parent","grid-33","resize-featured-image"],"yoast_head":"<!-- This site is optimized with the Yoast SEO plugin v24.4 - https:\/\/yoast.com\/wordpress\/plugins\/seo\/ -->\n<title>Hva Estofex Bulletin sier - Nordnesrepublikken<\/title>\n<meta name=\"robots\" content=\"index, follow, max-snippet:-1, max-image-preview:large, max-video-preview:-1\" \/>\n<link rel=\"canonical\" href=\"https:\/\/nordnesrepublikken.no\/index.php\/2025\/08\/21\/hva-estofex-bulletin-sier\/\" \/>\n<meta property=\"og:locale\" content=\"nb_NO\" \/>\n<meta property=\"og:type\" content=\"article\" \/>\n<meta property=\"og:title\" content=\"Hva Estofex Bulletin sier - Nordnesrepublikken\" \/>\n<meta property=\"og:description\" content=\"Etter to uker med intens varm Langs hele halv\u00f8ya befinner Italia seg igjen i grepet\" \/>\n<meta property=\"og:url\" content=\"https:\/\/nordnesrepublikken.no\/index.php\/2025\/08\/21\/hva-estofex-bulletin-sier\/\" \/>\n<meta property=\"og:site_name\" content=\"Nordnesrepublikken\" \/>\n<meta property=\"article:published_time\" content=\"2025-08-20T22:49:47+00:00\" \/>\n<meta property=\"article:modified_time\" content=\"2025-08-20T22:49:48+00:00\" \/>\n<meta property=\"og:image\" content=\"https:\/\/nordnesrepublikken.no\/wp-content\/uploads\/2025\/08\/1755730188_Hva-Estofex-Bulletin-sier.jpg\" \/>\n\t<meta property=\"og:image:width\" content=\"731\" \/>\n\t<meta property=\"og:image:height\" content=\"600\" \/>\n\t<meta property=\"og:image:type\" content=\"image\/jpeg\" \/>\n<meta name=\"author\" content=\"Ole Andersen\" \/>\n<meta name=\"twitter:card\" content=\"summary_large_image\" \/>\n<meta name=\"twitter:label1\" content=\"Skrevet av\" \/>\n\t<meta name=\"twitter:data1\" content=\"Ole Andersen\" \/>\n\t<meta name=\"twitter:label2\" content=\"Ansl. lesetid\" \/>\n\t<meta name=\"twitter:data2\" content=\"3 minutter\" \/>\n<script type=\"application\/ld+json\" class=\"yoast-schema-graph\">{\"@context\":\"https:\/\/schema.org\",\"@graph\":[{\"@type\":\"Article\",\"@id\":\"https:\/\/nordnesrepublikken.no\/index.php\/2025\/08\/21\/hva-estofex-bulletin-sier\/#article\",\"isPartOf\":{\"@id\":\"https:\/\/nordnesrepublikken.no\/index.php\/2025\/08\/21\/hva-estofex-bulletin-sier\/\"},\"author\":{\"name\":\"Ole Andersen\",\"@id\":\"https:\/\/nordnesrepublikken.no\/#\/schema\/person\/2e7e81935bab77882fffb79296240ff1\"},\"headline\":\"Hva Estofex Bulletin sier\",\"datePublished\":\"2025-08-20T22:49:47+00:00\",\"dateModified\":\"2025-08-20T22:49:48+00:00\",\"mainEntityOfPage\":{\"@id\":\"https:\/\/nordnesrepublikken.no\/index.php\/2025\/08\/21\/hva-estofex-bulletin-sier\/\"},\"wordCount\":670,\"publisher\":{\"@id\":\"https:\/\/nordnesrepublikken.no\/#organization\"},\"image\":{\"@id\":\"https:\/\/nordnesrepublikken.no\/index.php\/2025\/08\/21\/hva-estofex-bulletin-sier\/#primaryimage\"},\"thumbnailUrl\":\"https:\/\/nordnesrepublikken.no\/wp-content\/uploads\/2025\/08\/1755730188_Hva-Estofex-Bulletin-sier.jpg\",\"keywords\":[\"bulletin\",\"Estofex\",\"Hva\",\"sier\"],\"articleSection\":[\"Milj\u00f8\"],\"inLanguage\":\"nb-NO\"},{\"@type\":\"WebPage\",\"@id\":\"https:\/\/nordnesrepublikken.no\/index.php\/2025\/08\/21\/hva-estofex-bulletin-sier\/\",\"url\":\"https:\/\/nordnesrepublikken.no\/index.php\/2025\/08\/21\/hva-estofex-bulletin-sier\/\",\"name\":\"Hva Estofex Bulletin sier - Nordnesrepublikken\",\"isPartOf\":{\"@id\":\"https:\/\/nordnesrepublikken.no\/#website\"},\"primaryImageOfPage\":{\"@id\":\"https:\/\/nordnesrepublikken.no\/index.php\/2025\/08\/21\/hva-estofex-bulletin-sier\/#primaryimage\"},\"image\":{\"@id\":\"https:\/\/nordnesrepublikken.no\/index.php\/2025\/08\/21\/hva-estofex-bulletin-sier\/#primaryimage\"},\"thumbnailUrl\":\"https:\/\/nordnesrepublikken.no\/wp-content\/uploads\/2025\/08\/1755730188_Hva-Estofex-Bulletin-sier.jpg\",\"datePublished\":\"2025-08-20T22:49:47+00:00\",\"dateModified\":\"2025-08-20T22:49:48+00:00\",\"breadcrumb\":{\"@id\":\"https:\/\/nordnesrepublikken.no\/index.php\/2025\/08\/21\/hva-estofex-bulletin-sier\/#breadcrumb\"},\"inLanguage\":\"nb-NO\",\"potentialAction\":[{\"@type\":\"ReadAction\",\"target\":[\"https:\/\/nordnesrepublikken.no\/index.php\/2025\/08\/21\/hva-estofex-bulletin-sier\/\"]}]},{\"@type\":\"ImageObject\",\"inLanguage\":\"nb-NO\",\"@id\":\"https:\/\/nordnesrepublikken.no\/index.php\/2025\/08\/21\/hva-estofex-bulletin-sier\/#primaryimage\",\"url\":\"https:\/\/nordnesrepublikken.no\/wp-content\/uploads\/2025\/08\/1755730188_Hva-Estofex-Bulletin-sier.jpg\",\"contentUrl\":\"https:\/\/nordnesrepublikken.no\/wp-content\/uploads\/2025\/08\/1755730188_Hva-Estofex-Bulletin-sier.jpg\",\"width\":731,\"height\":600,\"caption\":\"mappa-meteo-maltempo-italia\"},{\"@type\":\"BreadcrumbList\",\"@id\":\"https:\/\/nordnesrepublikken.no\/index.php\/2025\/08\/21\/hva-estofex-bulletin-sier\/#breadcrumb\",\"itemListElement\":[{\"@type\":\"ListItem\",\"position\":1,\"name\":\"Home\",\"item\":\"https:\/\/nordnesrepublikken.no\/\"},{\"@type\":\"ListItem\",\"position\":2,\"name\":\"Hva Estofex Bulletin sier\"}]},{\"@type\":\"WebSite\",\"@id\":\"https:\/\/nordnesrepublikken.no\/#website\",\"url\":\"https:\/\/nordnesrepublikken.no\/\",\"name\":\"Nordnesrepublikken\",\"description\":\"Stemmer og Visjoner fra Republikkens Hjerte\",\"publisher\":{\"@id\":\"https:\/\/nordnesrepublikken.no\/#organization\"},\"potentialAction\":[{\"@type\":\"SearchAction\",\"target\":{\"@type\":\"EntryPoint\",\"urlTemplate\":\"https:\/\/nordnesrepublikken.no\/?s={search_term_string}\"},\"query-input\":{\"@type\":\"PropertyValueSpecification\",\"valueRequired\":true,\"valueName\":\"search_term_string\"}}],\"inLanguage\":\"nb-NO\"},{\"@type\":\"Organization\",\"@id\":\"https:\/\/nordnesrepublikken.no\/#organization\",\"name\":\"Nordnesrepublikken\",\"url\":\"https:\/\/nordnesrepublikken.no\/\",\"logo\":{\"@type\":\"ImageObject\",\"inLanguage\":\"nb-NO\",\"@id\":\"https:\/\/nordnesrepublikken.no\/#\/schema\/logo\/image\/\",\"url\":\"https:\/\/nordnesrepublikken.no\/wp-content\/uploads\/2025\/02\/cropped-nordnesrepublikken-2.png\",\"contentUrl\":\"https:\/\/nordnesrepublikken.no\/wp-content\/uploads\/2025\/02\/cropped-nordnesrepublikken-2.png\",\"width\":1248,\"height\":362,\"caption\":\"Nordnesrepublikken\"},\"image\":{\"@id\":\"https:\/\/nordnesrepublikken.no\/#\/schema\/logo\/image\/\"}},{\"@type\":\"Person\",\"@id\":\"https:\/\/nordnesrepublikken.no\/#\/schema\/person\/2e7e81935bab77882fffb79296240ff1\",\"name\":\"Ole Andersen\",\"image\":{\"@type\":\"ImageObject\",\"inLanguage\":\"nb-NO\",\"@id\":\"https:\/\/nordnesrepublikken.no\/#\/schema\/person\/image\/\",\"url\":\"https:\/\/nordnesrepublikken.no\/wp-content\/uploads\/2025\/02\/nordnesrepublikken-2-2-150x150.jpg\",\"contentUrl\":\"https:\/\/nordnesrepublikken.no\/wp-content\/uploads\/2025\/02\/nordnesrepublikken-2-2-150x150.jpg\",\"caption\":\"Ole Andersen\"},\"description\":\"Ettersom jeg vokste opp i Oslo, har jeg alltid v\u00e6rt fascinert av ordenes kraft og deres evne til \u00e5 skape endringer. Etter \u00e5 ha fullf\u00f8rt min utdannelse i kommunikasjon ved Universitetet i Bergen, fikk jeg muligheten til \u00e5 jobbe innen ulike medier, der jeg har s\u00f8kt \u00e5 belyse viktige samfunnssp\u00f8rsm\u00e5l. I dag, som redakt\u00f8r for Nordnesrepublikken, pr\u00f8ver jeg \u00e5 forene min kj\u00e6rlighet for journalistikk med min lidenskap for innovasjon og eventyr.\",\"sameAs\":[\"https:\/\/nordnesrepublikken.no\/\"]}]}<\/script>\n<!-- \/ Yoast SEO plugin. -->","yoast_head_json":{"title":"Hva Estofex Bulletin sier - Nordnesrepublikken","robots":{"index":"index","follow":"follow","max-snippet":"max-snippet:-1","max-image-preview":"max-image-preview:large","max-video-preview":"max-video-preview:-1"},"canonical":"https:\/\/nordnesrepublikken.no\/index.php\/2025\/08\/21\/hva-estofex-bulletin-sier\/","og_locale":"nb_NO","og_type":"article","og_title":"Hva Estofex Bulletin sier - Nordnesrepublikken","og_description":"Etter to uker med intens varm Langs hele halv\u00f8ya befinner Italia seg igjen i grepet","og_url":"https:\/\/nordnesrepublikken.no\/index.php\/2025\/08\/21\/hva-estofex-bulletin-sier\/","og_site_name":"Nordnesrepublikken","article_published_time":"2025-08-20T22:49:47+00:00","article_modified_time":"2025-08-20T22:49:48+00:00","og_image":[{"width":731,"height":600,"url":"https:\/\/nordnesrepublikken.no\/wp-content\/uploads\/2025\/08\/1755730188_Hva-Estofex-Bulletin-sier.jpg","type":"image\/jpeg"}],"author":"Ole Andersen","twitter_card":"summary_large_image","twitter_misc":{"Skrevet av":"Ole Andersen","Ansl. lesetid":"3 minutter"},"schema":{"@context":"https:\/\/schema.org","@graph":[{"@type":"Article","@id":"https:\/\/nordnesrepublikken.no\/index.php\/2025\/08\/21\/hva-estofex-bulletin-sier\/#article","isPartOf":{"@id":"https:\/\/nordnesrepublikken.no\/index.php\/2025\/08\/21\/hva-estofex-bulletin-sier\/"},"author":{"name":"Ole Andersen","@id":"https:\/\/nordnesrepublikken.no\/#\/schema\/person\/2e7e81935bab77882fffb79296240ff1"},"headline":"Hva Estofex Bulletin sier","datePublished":"2025-08-20T22:49:47+00:00","dateModified":"2025-08-20T22:49:48+00:00","mainEntityOfPage":{"@id":"https:\/\/nordnesrepublikken.no\/index.php\/2025\/08\/21\/hva-estofex-bulletin-sier\/"},"wordCount":670,"publisher":{"@id":"https:\/\/nordnesrepublikken.no\/#organization"},"image":{"@id":"https:\/\/nordnesrepublikken.no\/index.php\/2025\/08\/21\/hva-estofex-bulletin-sier\/#primaryimage"},"thumbnailUrl":"https:\/\/nordnesrepublikken.no\/wp-content\/uploads\/2025\/08\/1755730188_Hva-Estofex-Bulletin-sier.jpg","keywords":["bulletin","Estofex","Hva","sier"],"articleSection":["Milj\u00f8"],"inLanguage":"nb-NO"},{"@type":"WebPage","@id":"https:\/\/nordnesrepublikken.no\/index.php\/2025\/08\/21\/hva-estofex-bulletin-sier\/","url":"https:\/\/nordnesrepublikken.no\/index.php\/2025\/08\/21\/hva-estofex-bulletin-sier\/","name":"Hva Estofex Bulletin sier - Nordnesrepublikken","isPartOf":{"@id":"https:\/\/nordnesrepublikken.no\/#website"},"primaryImageOfPage":{"@id":"https:\/\/nordnesrepublikken.no\/index.php\/2025\/08\/21\/hva-estofex-bulletin-sier\/#primaryimage"},"image":{"@id":"https:\/\/nordnesrepublikken.no\/index.php\/2025\/08\/21\/hva-estofex-bulletin-sier\/#primaryimage"},"thumbnailUrl":"https:\/\/nordnesrepublikken.no\/wp-content\/uploads\/2025\/08\/1755730188_Hva-Estofex-Bulletin-sier.jpg","datePublished":"2025-08-20T22:49:47+00:00","dateModified":"2025-08-20T22:49:48+00:00","breadcrumb":{"@id":"https:\/\/nordnesrepublikken.no\/index.php\/2025\/08\/21\/hva-estofex-bulletin-sier\/#breadcrumb"},"inLanguage":"nb-NO","potentialAction":[{"@type":"ReadAction","target":["https:\/\/nordnesrepublikken.no\/index.php\/2025\/08\/21\/hva-estofex-bulletin-sier\/"]}]},{"@type":"ImageObject","inLanguage":"nb-NO","@id":"https:\/\/nordnesrepublikken.no\/index.php\/2025\/08\/21\/hva-estofex-bulletin-sier\/#primaryimage","url":"https:\/\/nordnesrepublikken.no\/wp-content\/uploads\/2025\/08\/1755730188_Hva-Estofex-Bulletin-sier.jpg","contentUrl":"https:\/\/nordnesrepublikken.no\/wp-content\/uploads\/2025\/08\/1755730188_Hva-Estofex-Bulletin-sier.jpg","width":731,"height":600,"caption":"mappa-meteo-maltempo-italia"},{"@type":"BreadcrumbList","@id":"https:\/\/nordnesrepublikken.no\/index.php\/2025\/08\/21\/hva-estofex-bulletin-sier\/#breadcrumb","itemListElement":[{"@type":"ListItem","position":1,"name":"Home","item":"https:\/\/nordnesrepublikken.no\/"},{"@type":"ListItem","position":2,"name":"Hva Estofex Bulletin sier"}]},{"@type":"WebSite","@id":"https:\/\/nordnesrepublikken.no\/#website","url":"https:\/\/nordnesrepublikken.no\/","name":"Nordnesrepublikken","description":"Stemmer og Visjoner fra Republikkens Hjerte","publisher":{"@id":"https:\/\/nordnesrepublikken.no\/#organization"},"potentialAction":[{"@type":"SearchAction","target":{"@type":"EntryPoint","urlTemplate":"https:\/\/nordnesrepublikken.no\/?s={search_term_string}"},"query-input":{"@type":"PropertyValueSpecification","valueRequired":true,"valueName":"search_term_string"}}],"inLanguage":"nb-NO"},{"@type":"Organization","@id":"https:\/\/nordnesrepublikken.no\/#organization","name":"Nordnesrepublikken","url":"https:\/\/nordnesrepublikken.no\/","logo":{"@type":"ImageObject","inLanguage":"nb-NO","@id":"https:\/\/nordnesrepublikken.no\/#\/schema\/logo\/image\/","url":"https:\/\/nordnesrepublikken.no\/wp-content\/uploads\/2025\/02\/cropped-nordnesrepublikken-2.png","contentUrl":"https:\/\/nordnesrepublikken.no\/wp-content\/uploads\/2025\/02\/cropped-nordnesrepublikken-2.png","width":1248,"height":362,"caption":"Nordnesrepublikken"},"image":{"@id":"https:\/\/nordnesrepublikken.no\/#\/schema\/logo\/image\/"}},{"@type":"Person","@id":"https:\/\/nordnesrepublikken.no\/#\/schema\/person\/2e7e81935bab77882fffb79296240ff1","name":"Ole Andersen","image":{"@type":"ImageObject","inLanguage":"nb-NO","@id":"https:\/\/nordnesrepublikken.no\/#\/schema\/person\/image\/","url":"https:\/\/nordnesrepublikken.no\/wp-content\/uploads\/2025\/02\/nordnesrepublikken-2-2-150x150.jpg","contentUrl":"https:\/\/nordnesrepublikken.no\/wp-content\/uploads\/2025\/02\/nordnesrepublikken-2-2-150x150.jpg","caption":"Ole Andersen"},"description":"Ettersom jeg vokste opp i Oslo, har jeg alltid v\u00e6rt fascinert av ordenes kraft og deres evne til \u00e5 skape endringer. Etter \u00e5 ha fullf\u00f8rt min utdannelse i kommunikasjon ved Universitetet i Bergen, fikk jeg muligheten til \u00e5 jobbe innen ulike medier, der jeg har s\u00f8kt \u00e5 belyse viktige samfunnssp\u00f8rsm\u00e5l. I dag, som redakt\u00f8r for Nordnesrepublikken, pr\u00f8ver jeg \u00e5 forene min kj\u00e6rlighet for journalistikk med min lidenskap for innovasjon og eventyr.","sameAs":["https:\/\/nordnesrepublikken.no\/"]}]}},"_links":{"self":[{"href":"https:\/\/nordnesrepublikken.no\/index.php\/wp-json\/wp\/v2\/posts\/8542","targetHints":{"allow":["GET"]}}],"collection":[{"href":"https:\/\/nordnesrepublikken.no\/index.php\/wp-json\/wp\/v2\/posts"}],"about":[{"href":"https:\/\/nordnesrepublikken.no\/index.php\/wp-json\/wp\/v2\/types\/post"}],"author":[{"embeddable":true,"href":"https:\/\/nordnesrepublikken.no\/index.php\/wp-json\/wp\/v2\/users\/1"}],"replies":[{"embeddable":true,"href":"https:\/\/nordnesrepublikken.no\/index.php\/wp-json\/wp\/v2\/comments?post=8542"}],"version-history":[{"count":1,"href":"https:\/\/nordnesrepublikken.no\/index.php\/wp-json\/wp\/v2\/posts\/8542\/revisions"}],"predecessor-version":[{"id":8544,"href":"https:\/\/nordnesrepublikken.no\/index.php\/wp-json\/wp\/v2\/posts\/8542\/revisions\/8544"}],"wp:featuredmedia":[{"embeddable":true,"href":"https:\/\/nordnesrepublikken.no\/index.php\/wp-json\/wp\/v2\/media\/8543"}],"wp:attachment":[{"href":"https:\/\/nordnesrepublikken.no\/index.php\/wp-json\/wp\/v2\/media?parent=8542"}],"wp:term":[{"taxonomy":"category","embeddable":true,"href":"https:\/\/nordnesrepublikken.no\/index.php\/wp-json\/wp\/v2\/categories?post=8542"},{"taxonomy":"post_tag","embeddable":true,"href":"https:\/\/nordnesrepublikken.no\/index.php\/wp-json\/wp\/v2\/tags?post=8542"}],"curies":[{"name":"wp","href":"https:\/\/api.w.org\/{rel}","templated":true}]}}